{"id":9858,"date":"2020-07-03T20:04:39","date_gmt":"2020-07-03T23:04:39","guid":{"rendered":"https:\/\/iaavim.com\/?p=9858"},"modified":"2020-07-03T20:04:45","modified_gmt":"2020-07-03T23:04:45","slug":"charla-informativa-gleyzer-2020","status":"publish","type":"post","link":"https:\/\/www.iaavim.gob.ar\/?p=9858","title":{"rendered":"Charla informativa: Concurso Federal Raymundo Gleyzer"},"content":{"rendered":"\n<p><strong>CHARLA INFORMATIVA SOBRE CONCURSO FEDERAL RAYMUNDO GLEYZER&nbsp;&nbsp;&nbsp;<\/strong><\/p>\n\n\n\n<p>El <strong>Instituto de Artes Audiovisuales de Misiones<\/strong> (IAAviM) y el <strong>Instituto Nacional de Cine y Artes Audiovisuales<\/strong> (INCAA), invitan a participar de la <strong>charla virtual informativa<\/strong> sobre el <strong>Concurso Federal de Desarrollo de Largometrajes Raymundo Gleyzer<\/strong>, que se realizar\u00e1 el pr\u00f3ximo <strong>martes 7 de julio, a las 10 hs.<\/strong><\/p>\n\n\n\n<p>La coordinadora nacional del concurso, <strong>Celina Defranco<\/strong>, encabezar\u00e1 la charla en la cual se clarificar\u00e1n aspectos relacionados con las bases y requisitos para participar. La acompa\u00f1ar\u00e1n <strong>Sergio Acosta, Carmen Ferreira y Santiago Carabante<\/strong>, guionistas y productores misioneros que han ganado el concurso en ediciones anteriores y durante la charla compartir\u00e1n su experiencia y ofrecer\u00e1n consejos sobre la presentaci\u00f3n de los proyectos.<\/p>\n\n\n\n<p><strong>La presentaci\u00f3n se podr\u00e1 seguir en vivo por la cuenta de Facebook del Instituto de Artes Audiovisuales de Misiones<\/strong> y los interesados podr\u00e1n volcar all\u00ed las consultas para ser respondidas en simult\u00e1neo. La charla ser\u00e1 moderada por Marisa Hassan, gerente de Fomento del IAAviM.<\/p>\n\n\n\n<p>Cabe destacar la importancia del concurso Raymundo Gleyzer dentro del \u00e1mbito de la producci\u00f3n audiovisual ya que est\u00e1 pensado para fortalecer el trabajo de <strong>guionistas, productores y directores<\/strong> que buscan realizar sus <strong>primeros o segundos largometrajes<\/strong>. Adem\u00e1s, destaca el car\u00e1cter federal del mismo, garantizando la participaci\u00f3n de audiovisualistas de todo el pa\u00eds a trav\u00e9s de la <strong>selecci\u00f3n de 48 proyectos, ocho por cada una de las seis regiones audiovisuales<\/strong> (NOA, NEA, Cuyo, Patagonia, Metropolitana y Centro Norte).<\/p>\n\n\n\n<p>Las <strong>cl\u00ednicas t\u00e9cnicas sobre Guion, Direcci\u00f3n y Producci\u00f3n<\/strong>, son otro elemento que distingue a este certamen y que en esta edici\u00f3n <strong>se desarrollar\u00e1n a lo largo de cinco meses de manera virtual<\/strong>, debido al aislamiento social, preventivo y obligatorio declarado por la pandemia del SARS-COV-2.<\/p>\n\n\n\n<p>Otra novedad que fue anunciada por las autoridades del INCAA respecto al concurso es la decisi\u00f3n de asegurar un <strong>cupo femenino y federal en la conformaci\u00f3n del cuerpo de tutores (que tambi\u00e9n cumplen el rol de jurado)<\/strong>. De este modo, se comienza a dar respuesta a un reclamo hist\u00f3rico del colectivo de mujeres audiovisualistas de todo el pa\u00eds.<\/p>\n\n\n\n<p>Este jurado, al finalizar la instancia de las cl\u00ednicas, elegir\u00e1 12 proyectos que ser\u00e1n apoyados en sus siguientes etapas de producci\u00f3n. Para ello, el INCAA designar\u00e1 un <strong>presupuesto total de 4.800.000 pesos<\/strong>, que se distribuir\u00e1n a raz\u00f3n de 400.000 pesos para desarrollar cada proyecto.<\/p>\n\n\n\n<p>Para la charla informativa del martes, tanto la coordinadora del Concurso como los ex-ganadores misioneros, recomendaron <strong>leer las bases del Gleyzer<\/strong> para aprovechar al m\u00e1ximo el espacio de consulta y avanzar realmente sobre aspectos que pueden ser de mayor dificultad para quienes se postulan por primera vez a un concurso del Instituto Nacional (Ver bases en <a href=\"http:\/\/www.incaa.gov.ar\/wp-content\/uploads\/2020\/06\/bases-concurso-gleyzer-2020.pdf\">http:\/\/www.incaa.gov.ar\/wp-content\/uploads\/2020\/06\/bases-concurso-gleyzer-2020.pdf<\/a> )<\/p>\n\n\n\n<p><strong>Resumen<\/strong><\/p>\n\n\n\n<p><strong>Charla informativa:<\/strong> <em>Concurso Federal de Desarrollo de Proyectos de Largometrajes Raymundo Gleyzer<\/em><br><strong>D\u00eda:<\/strong> martes 7 de julio<br><strong>Hora:<\/strong> 10 am<br><strong>Transmisi\u00f3n:<\/strong> Facebook del Instituto de Artes Audiovisuales de Misiones &#8211; IAAviM<\/p>\n","protected":false},"excerpt":{"rendered":"<p>CHARLA INFORMATIVA SOBRE CONCURSO FEDERAL RAYMUNDO GLEYZER&nbsp;&nbsp;&nbsp; El Instituto de Artes Audiovisuales de Misiones (IAAviM) y el Instituto Nacional de Cine y Artes Audiovisuales (INCAA), invitan a participar de la charla virtual informativa sobre el Concurso Federal de Desarrollo de Largometrajes Raymundo Gleyzer, que se realizar\u00e1 el pr\u00f3ximo martes 7 de julio, a las 10 &hellip;<\/p>\n","protected":false},"author":1,"featured_media":9859,"comment_status":"closed","ping_status":"open","sticky":false,"template":"","format":"standard","meta":{"_acf_changed":false,"footnotes":""},"categories":[39],"tags":[596,595,593,594,73],"class_list":["post-9858","post","type-post","status-publish","format-standard","has-post-thumbnail","hentry","category-noticias-del-iaavim","tag-carmen-ferreira","tag-celina-defranco","tag-concurso-federal-de-desarrollo-de-largometrajes-raymundo-gleyzer","tag-concursos-federales","tag-convocatoria"],"acf":[],"yoast_head":"<!-- This site is optimized with the Yoast SEO plugin v27.4 - https:\/\/yoast.com\/product\/yoast-seo-wordpress\/ -->\n<title>Charla informativa: Concurso Federal Raymundo Gleyzer - IAAviM<\/title>\n<meta name=\"description\" content=\"Te invitamos a leer las bases, participar de la charla y quitarte las dudas con Celina Defranco, coordinadora del Concurso Federal Raymundo Gleyzer 2020.\" \/>\n<meta name=\"robots\" content=\"index, follow, max-snippet:-1, max-image-preview:large, max-video-preview:-1\" \/>\n<link rel=\"canonical\" href=\"https:\/\/www.iaavim.gob.ar\/?p=9858\" \/>\n<meta property=\"og:locale\" content=\"es_ES\" \/>\n<meta property=\"og:type\" content=\"article\" \/>\n<meta property=\"og:title\" content=\"Charla informativa: Concurso Federal Raymundo Gleyzer - IAAviM\" \/>\n<meta property=\"og:description\" content=\"Te invitamos a leer las bases, participar de la charla y quitarte las dudas con Celina Defranco, coordinadora del Concurso Federal Raymundo Gleyzer 2020.\" \/>\n<meta property=\"og:url\" content=\"https:\/\/www.iaavim.gob.ar\/?p=9858\" \/>\n<meta property=\"article:published_time\" content=\"2020-07-03T23:04:39+00:00\" \/>\n<meta property=\"article:modified_time\" content=\"2020-07-03T23:04:45+00:00\" \/>\n<meta property=\"og:image\" content=\"https:\/\/www.iaavim.gob.ar\/wp-content\/uploads\/2020\/07\/Portada-web-gleyzer.png\" \/>\n\t<meta property=\"og:image:width\" content=\"1200\" \/>\n\t<meta property=\"og:image:height\" content=\"675\" \/>\n\t<meta property=\"og:image:type\" content=\"image\/png\" \/>\n<meta name=\"author\" content=\"IAAviM\" \/>\n<meta name=\"twitter:card\" content=\"summary_large_image\" \/>\n<meta name=\"twitter:label1\" content=\"Escrito por\" \/>\n\t<meta name=\"twitter:data1\" content=\"IAAviM\" \/>\n\t<meta name=\"twitter:label2\" content=\"Tiempo de lectura\" \/>\n\t<meta name=\"twitter:data2\" content=\"3 minutos\" \/>\n<script type=\"application\/ld+json\" class=\"yoast-schema-graph\">{\"@context\":\"https:\\\/\\\/schema.org\",\"@graph\":[{\"@type\":\"Article\",\"@id\":\"https:\\\/\\\/www.iaavim.gob.ar\\\/?p=9858#article\",\"isPartOf\":{\"@id\":\"https:\\\/\\\/www.iaavim.gob.ar\\\/?p=9858\"},\"author\":{\"name\":\"IAAviM\",\"@id\":\"\\\/#\\\/schema\\\/person\\\/567fbb427319d0dae3bc6b33aba48a62\"},\"headline\":\"Charla informativa: Concurso Federal Raymundo Gleyzer\",\"datePublished\":\"2020-07-03T23:04:39+00:00\",\"dateModified\":\"2020-07-03T23:04:45+00:00\",\"mainEntityOfPage\":{\"@id\":\"https:\\\/\\\/www.iaavim.gob.ar\\\/?p=9858\"},\"wordCount\":519,\"publisher\":{\"@id\":\"\\\/#organization\"},\"image\":{\"@id\":\"https:\\\/\\\/www.iaavim.gob.ar\\\/?p=9858#primaryimage\"},\"thumbnailUrl\":\"https:\\\/\\\/www.iaavim.gob.ar\\\/wp-content\\\/uploads\\\/2020\\\/07\\\/Portada-web-gleyzer.png\",\"keywords\":[\"Carmen Ferreira\",\"Celina Defranco\",\"Concurso Federal de Desarrollo de Largometrajes Raymundo Gleyzer\",\"concursos federales\",\"convocatoria\"],\"articleSection\":[\"Noticias del IAAviM\"],\"inLanguage\":\"es-AR\"},{\"@type\":\"WebPage\",\"@id\":\"https:\\\/\\\/www.iaavim.gob.ar\\\/?p=9858\",\"url\":\"https:\\\/\\\/www.iaavim.gob.ar\\\/?p=9858\",\"name\":\"Charla informativa: Concurso Federal Raymundo Gleyzer - IAAviM\",\"isPartOf\":{\"@id\":\"\\\/#website\"},\"primaryImageOfPage\":{\"@id\":\"https:\\\/\\\/www.iaavim.gob.ar\\\/?p=9858#primaryimage\"},\"image\":{\"@id\":\"https:\\\/\\\/www.iaavim.gob.ar\\\/?p=9858#primaryimage\"},\"thumbnailUrl\":\"https:\\\/\\\/www.iaavim.gob.ar\\\/wp-content\\\/uploads\\\/2020\\\/07\\\/Portada-web-gleyzer.png\",\"datePublished\":\"2020-07-03T23:04:39+00:00\",\"dateModified\":\"2020-07-03T23:04:45+00:00\",\"description\":\"Te invitamos a leer las bases, participar de la charla y quitarte las dudas con Celina Defranco, coordinadora del Concurso Federal Raymundo Gleyzer 2020.\",\"breadcrumb\":{\"@id\":\"https:\\\/\\\/www.iaavim.gob.ar\\\/?p=9858#breadcrumb\"},\"inLanguage\":\"es-AR\",\"potentialAction\":[{\"@type\":\"ReadAction\",\"target\":[\"https:\\\/\\\/www.iaavim.gob.ar\\\/?p=9858\"]}]},{\"@type\":\"ImageObject\",\"inLanguage\":\"es-AR\",\"@id\":\"https:\\\/\\\/www.iaavim.gob.ar\\\/?p=9858#primaryimage\",\"url\":\"https:\\\/\\\/www.iaavim.gob.ar\\\/wp-content\\\/uploads\\\/2020\\\/07\\\/Portada-web-gleyzer.png\",\"contentUrl\":\"https:\\\/\\\/www.iaavim.gob.ar\\\/wp-content\\\/uploads\\\/2020\\\/07\\\/Portada-web-gleyzer.png\",\"width\":1200,\"height\":675},{\"@type\":\"BreadcrumbList\",\"@id\":\"https:\\\/\\\/www.iaavim.gob.ar\\\/?p=9858#breadcrumb\",\"itemListElement\":[{\"@type\":\"ListItem\",\"position\":1,\"name\":\"Inicio\",\"item\":\"https:\\\/\\\/www.iaavim.gob.ar\\\/\"},{\"@type\":\"ListItem\",\"position\":2,\"name\":\"Charla informativa: Concurso Federal Raymundo Gleyzer\"}]},{\"@type\":\"WebSite\",\"@id\":\"\\\/#website\",\"url\":\"\\\/\",\"name\":\"\",\"description\":\"Sitio oficial del IAAviM\",\"publisher\":{\"@id\":\"\\\/#organization\"},\"potentialAction\":[{\"@type\":\"SearchAction\",\"target\":{\"@type\":\"EntryPoint\",\"urlTemplate\":\"\\\/?s={search_term_string}\"},\"query-input\":{\"@type\":\"PropertyValueSpecification\",\"valueRequired\":true,\"valueName\":\"search_term_string\"}}],\"inLanguage\":\"es-AR\"},{\"@type\":\"Organization\",\"@id\":\"\\\/#organization\",\"name\":\"Instituto de Artes Audiovisuales de Misiones\",\"url\":\"\\\/\",\"logo\":{\"@type\":\"ImageObject\",\"inLanguage\":\"es-AR\",\"@id\":\"\\\/#\\\/schema\\\/logo\\\/image\\\/\",\"url\":\"https:\\\/\\\/iaavim.misiones.gob.ar\\\/wp-content\\\/uploads\\\/2021\\\/07\\\/logo-iaavim-preview.png.jpg\",\"contentUrl\":\"https:\\\/\\\/iaavim.misiones.gob.ar\\\/wp-content\\\/uploads\\\/2021\\\/07\\\/logo-iaavim-preview.png.jpg\",\"width\":1200,\"height\":675,\"caption\":\"Instituto de Artes Audiovisuales de Misiones\"},\"image\":{\"@id\":\"\\\/#\\\/schema\\\/logo\\\/image\\\/\"}},{\"@type\":\"Person\",\"@id\":\"\\\/#\\\/schema\\\/person\\\/567fbb427319d0dae3bc6b33aba48a62\",\"name\":\"IAAviM\",\"image\":{\"@type\":\"ImageObject\",\"inLanguage\":\"es-AR\",\"@id\":\"https:\\\/\\\/secure.gravatar.com\\\/avatar\\\/9802bb83cd8afc8d9eae1a570850fcaf194494ca73cbac30d506afe269460348?s=96&d=blank&r=g\",\"url\":\"https:\\\/\\\/secure.gravatar.com\\\/avatar\\\/9802bb83cd8afc8d9eae1a570850fcaf194494ca73cbac30d506afe269460348?s=96&d=blank&r=g\",\"contentUrl\":\"https:\\\/\\\/secure.gravatar.com\\\/avatar\\\/9802bb83cd8afc8d9eae1a570850fcaf194494ca73cbac30d506afe269460348?s=96&d=blank&r=g\",\"caption\":\"IAAviM\"},\"url\":\"https:\\\/\\\/www.iaavim.gob.ar\\\/?author=1\"}]}<\/script>\n<!-- \/ Yoast SEO plugin. -->","yoast_head_json":{"title":"Charla informativa: Concurso Federal Raymundo Gleyzer - IAAviM","description":"Te invitamos a leer las bases, participar de la charla y quitarte las dudas con Celina Defranco, coordinadora del Concurso Federal Raymundo Gleyzer 2020.","robots":{"index":"index","follow":"follow","max-snippet":"max-snippet:-1","max-image-preview":"max-image-preview:large","max-video-preview":"max-video-preview:-1"},"canonical":"https:\/\/www.iaavim.gob.ar\/?p=9858","og_locale":"es_ES","og_type":"article","og_title":"Charla informativa: Concurso Federal Raymundo Gleyzer - IAAviM","og_description":"Te invitamos a leer las bases, participar de la charla y quitarte las dudas con Celina Defranco, coordinadora del Concurso Federal Raymundo Gleyzer 2020.","og_url":"https:\/\/www.iaavim.gob.ar\/?p=9858","article_published_time":"2020-07-03T23:04:39+00:00","article_modified_time":"2020-07-03T23:04:45+00:00","og_image":[{"width":1200,"height":675,"url":"https:\/\/www.iaavim.gob.ar\/wp-content\/uploads\/2020\/07\/Portada-web-gleyzer.png","type":"image\/png"}],"author":"IAAviM","twitter_card":"summary_large_image","twitter_misc":{"Escrito por":"IAAviM","Tiempo de lectura":"3 minutos"},"schema":{"@context":"https:\/\/schema.org","@graph":[{"@type":"Article","@id":"https:\/\/www.iaavim.gob.ar\/?p=9858#article","isPartOf":{"@id":"https:\/\/www.iaavim.gob.ar\/?p=9858"},"author":{"name":"IAAviM","@id":"\/#\/schema\/person\/567fbb427319d0dae3bc6b33aba48a62"},"headline":"Charla informativa: Concurso Federal Raymundo Gleyzer","datePublished":"2020-07-03T23:04:39+00:00","dateModified":"2020-07-03T23:04:45+00:00","mainEntityOfPage":{"@id":"https:\/\/www.iaavim.gob.ar\/?p=9858"},"wordCount":519,"publisher":{"@id":"\/#organization"},"image":{"@id":"https:\/\/www.iaavim.gob.ar\/?p=9858#primaryimage"},"thumbnailUrl":"https:\/\/www.iaavim.gob.ar\/wp-content\/uploads\/2020\/07\/Portada-web-gleyzer.png","keywords":["Carmen Ferreira","Celina Defranco","Concurso Federal de Desarrollo de Largometrajes Raymundo Gleyzer","concursos federales","convocatoria"],"articleSection":["Noticias del IAAviM"],"inLanguage":"es-AR"},{"@type":"WebPage","@id":"https:\/\/www.iaavim.gob.ar\/?p=9858","url":"https:\/\/www.iaavim.gob.ar\/?p=9858","name":"Charla informativa: Concurso Federal Raymundo Gleyzer - IAAviM","isPartOf":{"@id":"\/#website"},"primaryImageOfPage":{"@id":"https:\/\/www.iaavim.gob.ar\/?p=9858#primaryimage"},"image":{"@id":"https:\/\/www.iaavim.gob.ar\/?p=9858#primaryimage"},"thumbnailUrl":"https:\/\/www.iaavim.gob.ar\/wp-content\/uploads\/2020\/07\/Portada-web-gleyzer.png","datePublished":"2020-07-03T23:04:39+00:00","dateModified":"2020-07-03T23:04:45+00:00","description":"Te invitamos a leer las bases, participar de la charla y quitarte las dudas con Celina Defranco, coordinadora del Concurso Federal Raymundo Gleyzer 2020.","breadcrumb":{"@id":"https:\/\/www.iaavim.gob.ar\/?p=9858#breadcrumb"},"inLanguage":"es-AR","potentialAction":[{"@type":"ReadAction","target":["https:\/\/www.iaavim.gob.ar\/?p=9858"]}]},{"@type":"ImageObject","inLanguage":"es-AR","@id":"https:\/\/www.iaavim.gob.ar\/?p=9858#primaryimage","url":"https:\/\/www.iaavim.gob.ar\/wp-content\/uploads\/2020\/07\/Portada-web-gleyzer.png","contentUrl":"https:\/\/www.iaavim.gob.ar\/wp-content\/uploads\/2020\/07\/Portada-web-gleyzer.png","width":1200,"height":675},{"@type":"BreadcrumbList","@id":"https:\/\/www.iaavim.gob.ar\/?p=9858#breadcrumb","itemListElement":[{"@type":"ListItem","position":1,"name":"Inicio","item":"https:\/\/www.iaavim.gob.ar\/"},{"@type":"ListItem","position":2,"name":"Charla informativa: Concurso Federal Raymundo Gleyzer"}]},{"@type":"WebSite","@id":"\/#website","url":"\/","name":"","description":"Sitio oficial del IAAviM","publisher":{"@id":"\/#organization"},"potentialAction":[{"@type":"SearchAction","target":{"@type":"EntryPoint","urlTemplate":"\/?s={search_term_string}"},"query-input":{"@type":"PropertyValueSpecification","valueRequired":true,"valueName":"search_term_string"}}],"inLanguage":"es-AR"},{"@type":"Organization","@id":"\/#organization","name":"Instituto de Artes Audiovisuales de Misiones","url":"\/","logo":{"@type":"ImageObject","inLanguage":"es-AR","@id":"\/#\/schema\/logo\/image\/","url":"https:\/\/iaavim.misiones.gob.ar\/wp-content\/uploads\/2021\/07\/logo-iaavim-preview.png.jpg","contentUrl":"https:\/\/iaavim.misiones.gob.ar\/wp-content\/uploads\/2021\/07\/logo-iaavim-preview.png.jpg","width":1200,"height":675,"caption":"Instituto de Artes Audiovisuales de Misiones"},"image":{"@id":"\/#\/schema\/logo\/image\/"}},{"@type":"Person","@id":"\/#\/schema\/person\/567fbb427319d0dae3bc6b33aba48a62","name":"IAAviM","image":{"@type":"ImageObject","inLanguage":"es-AR","@id":"https:\/\/secure.gravatar.com\/avatar\/9802bb83cd8afc8d9eae1a570850fcaf194494ca73cbac30d506afe269460348?s=96&d=blank&r=g","url":"https:\/\/secure.gravatar.com\/avatar\/9802bb83cd8afc8d9eae1a570850fcaf194494ca73cbac30d506afe269460348?s=96&d=blank&r=g","contentUrl":"https:\/\/secure.gravatar.com\/avatar\/9802bb83cd8afc8d9eae1a570850fcaf194494ca73cbac30d506afe269460348?s=96&d=blank&r=g","caption":"IAAviM"},"url":"https:\/\/www.iaavim.gob.ar\/?author=1"}]}},"amp_enabled":true,"_links":{"self":[{"href":"https:\/\/www.iaavim.gob.ar\/index.php?rest_route=\/wp\/v2\/posts\/9858","targetHints":{"allow":["GET"]}}],"collection":[{"href":"https:\/\/www.iaavim.gob.ar\/index.php?rest_route=\/wp\/v2\/posts"}],"about":[{"href":"https:\/\/www.iaavim.gob.ar\/index.php?rest_route=\/wp\/v2\/types\/post"}],"author":[{"embeddable":true,"href":"https:\/\/www.iaavim.gob.ar\/index.php?rest_route=\/wp\/v2\/users\/1"}],"replies":[{"embeddable":true,"href":"https:\/\/www.iaavim.gob.ar\/index.php?rest_route=%2Fwp%2Fv2%2Fcomments&post=9858"}],"version-history":[{"count":1,"href":"https:\/\/www.iaavim.gob.ar\/index.php?rest_route=\/wp\/v2\/posts\/9858\/revisions"}],"predecessor-version":[{"id":9860,"href":"https:\/\/www.iaavim.gob.ar\/index.php?rest_route=\/wp\/v2\/posts\/9858\/revisions\/9860"}],"wp:featuredmedia":[{"embeddable":true,"href":"https:\/\/www.iaavim.gob.ar\/index.php?rest_route=\/wp\/v2\/media\/9859"}],"wp:attachment":[{"href":"https:\/\/www.iaavim.gob.ar\/index.php?rest_route=%2Fwp%2Fv2%2Fmedia&parent=9858"}],"wp:term":[{"taxonomy":"category","embeddable":true,"href":"https:\/\/www.iaavim.gob.ar\/index.php?rest_route=%2Fwp%2Fv2%2Fcategories&post=9858"},{"taxonomy":"post_tag","embeddable":true,"href":"https:\/\/www.iaavim.gob.ar\/index.php?rest_route=%2Fwp%2Fv2%2Ftags&post=9858"}],"curies":[{"name":"wp","href":"https:\/\/api.w.org\/{rel}","templated":true}]}}