{"id":9803,"date":"2020-06-12T14:39:00","date_gmt":"2020-06-12T17:39:00","guid":{"rendered":"https:\/\/iaavim.com\/?p=9803"},"modified":"2020-06-12T18:58:00","modified_gmt":"2020-06-12T21:58:00","slug":"resultados-convocatoria-becas-a-diplomatura-audiovisual","status":"publish","type":"post","link":"https:\/\/www.iaavim.gob.ar\/?p=9803","title":{"rendered":"Resultados convocatoria becas a Diplomatura Audiovisual"},"content":{"rendered":"\n<p>El Instituto de Artes Audiovisuales informa los seleccionados por el jurado conformado para <strong>otorgar 8 becas de cursado completo a la Diplomatura en Distribuci\u00f3n y Exhibici\u00f3n Audiovisual<\/strong>, organizada por la Universidad Nacional de Villa Mar\u00eda con el apoyo de la Asociaci\u00f3n de Productores Audiovisuales de C\u00f3rdoba (APAC) y la C\u00e1mara Argentina de la Industria Cinematogr\u00e1fica (CAIC).<\/p>\n\n\n\n<p>Se trata de <strong>Mat\u00edas Guitler, Juan Ferreira, Nicol\u00e1s G\u00f3mez Portillo, Benjam\u00edn Correa, Luc\u00eda Alca\u00edn, Mat\u00edas Njirjak, Luis Bernal y Mart\u00edn Servente<\/strong>, audiovisualistas misioneros inscriptos en el Registro Provincial del Audiovisual. <\/p>\n\n\n\n<p>El jurado que tuvo a su cargo la evaluaci\u00f3n y selecci\u00f3n estuvo conformado por <strong>Gabriela Lichowski<\/strong> (Universidad Gast\u00f3n Dachary), <strong>Hern\u00e1n Cazzaniga<\/strong> (Universidad Nacional de Misiones) y <strong>Demetrio Fito Marteniuk<\/strong> (consejero directivo del IAAviM por el SATSAID). En su resoluci\u00f3n destacaron la experiencia de los seleccionados -muchos de ellos con m\u00e1s de 10 a\u00f1os trabajando en el desarrollo y sostenimiento del audiovisual misionero- y su vinculaci\u00f3n con el medio, el potencial que presentaron para poder ser en un futuro transmisores de las herramientas y conocimientos que adquieran y, de ese modo, retroalimentar al sector audiovisual de la provincia. Asimismo, el jurado valor\u00f3 que muchos de ellos manifestar\u00e1n la importancia de aplicar todo lo que les brinde la Diplomatura a proyectos en desarrollo.<\/p>\n\n\n\n<p>Cabe destacar tambi\u00e9n el <strong>inter\u00e9s del sector<\/strong>, y en particular de quienes se postularon, manifestando el deseo de formarse en \u00e1reas sensibles de la producci\u00f3n audiovisual como lo son la distribuci\u00f3n y la exhibici\u00f3n.<\/p>\n\n\n\n<p>En este sentido, la productora <strong>Aula Visual<\/strong> comunic\u00f3 a la Gerencia de Capacitaci\u00f3n del Instituto que, debido al gran inter\u00e9s de los postulantes misioneros que no obtuvieron la beca que cubr\u00eda el IAAviM, la Universidad Nacional de Villa Mar\u00eda facilitar\u00e1 una <strong>media beca<\/strong> a los mismos.<\/p>\n\n\n\n<p>La Diplomatura en Distribuci\u00f3n y Exhibici\u00f3n Audiovisual iniciar\u00e1 su cursado el <strong>26 de junio pr\u00f3ximo<\/strong>. Quienes se encuentren interesados en esta oferta de formaci\u00f3n pueden consultar en <a href=\"https:\/\/aulavisual.net\/\">https:\/\/aulavisual.net\/<\/a><\/p>\n","protected":false},"excerpt":{"rendered":"<p>El Instituto de Artes Audiovisuales informa los seleccionados por el jurado conformado para otorgar 8 becas de cursado completo a la Diplomatura en Distribuci\u00f3n y Exhibici\u00f3n Audiovisual, organizada por la Universidad Nacional de Villa Mar\u00eda con el apoyo de la Asociaci\u00f3n de Productores Audiovisuales de C\u00f3rdoba (APAC) y la C\u00e1mara Argentina de la Industria Cinematogr\u00e1fica &hellip;<\/p>\n","protected":false},"author":1,"featured_media":9806,"comment_status":"closed","ping_status":"open","sticky":false,"template":"","format":"standard","meta":{"_acf_changed":false,"footnotes":""},"categories":[39],"tags":[579,578,575,577,101],"class_list":["post-9803","post","type-post","status-publish","format-standard","has-post-thumbnail","hentry","category-noticias-del-iaavim","tag-aula-visual","tag-becas","tag-diplomatura","tag-distribucion","tag-exhibicion"],"acf":[],"yoast_head":"<!-- This site is optimized with the Yoast SEO plugin v27.4 - https:\/\/yoast.com\/product\/yoast-seo-wordpress\/ -->\n<title>Resultados convocatoria becas a Diplomatura Audiovisual - IAAviM<\/title>\n<meta name=\"description\" content=\"Damos a conocer los 8 becados por el IAAviM para cursar la Diplomatura en Distribuci\u00f3n y Exhibici\u00f3n Audiovisual que dicta la UNVM.\" \/>\n<meta name=\"robots\" content=\"index, follow, max-snippet:-1, max-image-preview:large, max-video-preview:-1\" \/>\n<link rel=\"canonical\" href=\"https:\/\/www.iaavim.gob.ar\/?p=9803\" \/>\n<meta property=\"og:locale\" content=\"es_ES\" \/>\n<meta property=\"og:type\" content=\"article\" \/>\n<meta property=\"og:title\" content=\"Resultados convocatoria becas a Diplomatura Audiovisual - IAAviM\" \/>\n<meta property=\"og:description\" content=\"Damos a conocer los 8 becados por el IAAviM para cursar la Diplomatura en Distribuci\u00f3n y Exhibici\u00f3n Audiovisual que dicta la UNVM.\" \/>\n<meta property=\"og:url\" content=\"https:\/\/www.iaavim.gob.ar\/?p=9803\" \/>\n<meta property=\"article:published_time\" content=\"2020-06-12T17:39:00+00:00\" \/>\n<meta property=\"article:modified_time\" content=\"2020-06-12T21:58:00+00:00\" \/>\n<meta property=\"og:image\" content=\"https:\/\/www.iaavim.gob.ar\/wp-content\/uploads\/2020\/06\/Portadas-web-1200x675-3.png\" \/>\n\t<meta property=\"og:image:width\" content=\"1200\" \/>\n\t<meta property=\"og:image:height\" content=\"675\" \/>\n\t<meta property=\"og:image:type\" content=\"image\/png\" \/>\n<meta name=\"author\" content=\"IAAviM\" \/>\n<meta name=\"twitter:card\" content=\"summary_large_image\" \/>\n<meta name=\"twitter:label1\" content=\"Escrito por\" \/>\n\t<meta name=\"twitter:data1\" content=\"IAAviM\" \/>\n\t<meta name=\"twitter:label2\" content=\"Tiempo de lectura\" \/>\n\t<meta name=\"twitter:data2\" content=\"2 minutos\" \/>\n<script type=\"application\/ld+json\" class=\"yoast-schema-graph\">{\"@context\":\"https:\\\/\\\/schema.org\",\"@graph\":[{\"@type\":\"Article\",\"@id\":\"https:\\\/\\\/www.iaavim.gob.ar\\\/?p=9803#article\",\"isPartOf\":{\"@id\":\"https:\\\/\\\/www.iaavim.gob.ar\\\/?p=9803\"},\"author\":{\"name\":\"IAAviM\",\"@id\":\"\\\/#\\\/schema\\\/person\\\/567fbb427319d0dae3bc6b33aba48a62\"},\"headline\":\"Resultados convocatoria becas a Diplomatura Audiovisual\",\"datePublished\":\"2020-06-12T17:39:00+00:00\",\"dateModified\":\"2020-06-12T21:58:00+00:00\",\"mainEntityOfPage\":{\"@id\":\"https:\\\/\\\/www.iaavim.gob.ar\\\/?p=9803\"},\"wordCount\":357,\"publisher\":{\"@id\":\"\\\/#organization\"},\"image\":{\"@id\":\"https:\\\/\\\/www.iaavim.gob.ar\\\/?p=9803#primaryimage\"},\"thumbnailUrl\":\"https:\\\/\\\/www.iaavim.gob.ar\\\/wp-content\\\/uploads\\\/2020\\\/06\\\/Portadas-web-1200x675-3.png\",\"keywords\":[\"Aula Visual\",\"becas\",\"Diplomatura\",\"Distribuci\u00f3n\",\"Exhibici\u00f3n\"],\"articleSection\":[\"Noticias del IAAviM\"],\"inLanguage\":\"es-AR\"},{\"@type\":\"WebPage\",\"@id\":\"https:\\\/\\\/www.iaavim.gob.ar\\\/?p=9803\",\"url\":\"https:\\\/\\\/www.iaavim.gob.ar\\\/?p=9803\",\"name\":\"Resultados convocatoria becas a Diplomatura Audiovisual - IAAviM\",\"isPartOf\":{\"@id\":\"\\\/#website\"},\"primaryImageOfPage\":{\"@id\":\"https:\\\/\\\/www.iaavim.gob.ar\\\/?p=9803#primaryimage\"},\"image\":{\"@id\":\"https:\\\/\\\/www.iaavim.gob.ar\\\/?p=9803#primaryimage\"},\"thumbnailUrl\":\"https:\\\/\\\/www.iaavim.gob.ar\\\/wp-content\\\/uploads\\\/2020\\\/06\\\/Portadas-web-1200x675-3.png\",\"datePublished\":\"2020-06-12T17:39:00+00:00\",\"dateModified\":\"2020-06-12T21:58:00+00:00\",\"description\":\"Damos a conocer los 8 becados por el IAAviM para cursar la Diplomatura en Distribuci\u00f3n y Exhibici\u00f3n Audiovisual que dicta la UNVM.\",\"breadcrumb\":{\"@id\":\"https:\\\/\\\/www.iaavim.gob.ar\\\/?p=9803#breadcrumb\"},\"inLanguage\":\"es-AR\",\"potentialAction\":[{\"@type\":\"ReadAction\",\"target\":[\"https:\\\/\\\/www.iaavim.gob.ar\\\/?p=9803\"]}]},{\"@type\":\"ImageObject\",\"inLanguage\":\"es-AR\",\"@id\":\"https:\\\/\\\/www.iaavim.gob.ar\\\/?p=9803#primaryimage\",\"url\":\"https:\\\/\\\/www.iaavim.gob.ar\\\/wp-content\\\/uploads\\\/2020\\\/06\\\/Portadas-web-1200x675-3.png\",\"contentUrl\":\"https:\\\/\\\/www.iaavim.gob.ar\\\/wp-content\\\/uploads\\\/2020\\\/06\\\/Portadas-web-1200x675-3.png\",\"width\":1200,\"height\":675},{\"@type\":\"BreadcrumbList\",\"@id\":\"https:\\\/\\\/www.iaavim.gob.ar\\\/?p=9803#breadcrumb\",\"itemListElement\":[{\"@type\":\"ListItem\",\"position\":1,\"name\":\"Inicio\",\"item\":\"https:\\\/\\\/www.iaavim.gob.ar\\\/\"},{\"@type\":\"ListItem\",\"position\":2,\"name\":\"Resultados convocatoria becas a Diplomatura Audiovisual\"}]},{\"@type\":\"WebSite\",\"@id\":\"\\\/#website\",\"url\":\"\\\/\",\"name\":\"\",\"description\":\"Sitio oficial del IAAviM\",\"publisher\":{\"@id\":\"\\\/#organization\"},\"potentialAction\":[{\"@type\":\"SearchAction\",\"target\":{\"@type\":\"EntryPoint\",\"urlTemplate\":\"\\\/?s={search_term_string}\"},\"query-input\":{\"@type\":\"PropertyValueSpecification\",\"valueRequired\":true,\"valueName\":\"search_term_string\"}}],\"inLanguage\":\"es-AR\"},{\"@type\":\"Organization\",\"@id\":\"\\\/#organization\",\"name\":\"Instituto de Artes Audiovisuales de Misiones\",\"url\":\"\\\/\",\"logo\":{\"@type\":\"ImageObject\",\"inLanguage\":\"es-AR\",\"@id\":\"\\\/#\\\/schema\\\/logo\\\/image\\\/\",\"url\":\"https:\\\/\\\/iaavim.misiones.gob.ar\\\/wp-content\\\/uploads\\\/2021\\\/07\\\/logo-iaavim-preview.png.jpg\",\"contentUrl\":\"https:\\\/\\\/iaavim.misiones.gob.ar\\\/wp-content\\\/uploads\\\/2021\\\/07\\\/logo-iaavim-preview.png.jpg\",\"width\":1200,\"height\":675,\"caption\":\"Instituto de Artes Audiovisuales de Misiones\"},\"image\":{\"@id\":\"\\\/#\\\/schema\\\/logo\\\/image\\\/\"}},{\"@type\":\"Person\",\"@id\":\"\\\/#\\\/schema\\\/person\\\/567fbb427319d0dae3bc6b33aba48a62\",\"name\":\"IAAviM\",\"image\":{\"@type\":\"ImageObject\",\"inLanguage\":\"es-AR\",\"@id\":\"https:\\\/\\\/secure.gravatar.com\\\/avatar\\\/9802bb83cd8afc8d9eae1a570850fcaf194494ca73cbac30d506afe269460348?s=96&d=blank&r=g\",\"url\":\"https:\\\/\\\/secure.gravatar.com\\\/avatar\\\/9802bb83cd8afc8d9eae1a570850fcaf194494ca73cbac30d506afe269460348?s=96&d=blank&r=g\",\"contentUrl\":\"https:\\\/\\\/secure.gravatar.com\\\/avatar\\\/9802bb83cd8afc8d9eae1a570850fcaf194494ca73cbac30d506afe269460348?s=96&d=blank&r=g\",\"caption\":\"IAAviM\"},\"url\":\"https:\\\/\\\/www.iaavim.gob.ar\\\/?author=1\"}]}<\/script>\n<!-- \/ Yoast SEO plugin. -->","yoast_head_json":{"title":"Resultados convocatoria becas a Diplomatura Audiovisual - IAAviM","description":"Damos a conocer los 8 becados por el IAAviM para cursar la Diplomatura en Distribuci\u00f3n y Exhibici\u00f3n Audiovisual que dicta la UNVM.","robots":{"index":"index","follow":"follow","max-snippet":"max-snippet:-1","max-image-preview":"max-image-preview:large","max-video-preview":"max-video-preview:-1"},"canonical":"https:\/\/www.iaavim.gob.ar\/?p=9803","og_locale":"es_ES","og_type":"article","og_title":"Resultados convocatoria becas a Diplomatura Audiovisual - IAAviM","og_description":"Damos a conocer los 8 becados por el IAAviM para cursar la Diplomatura en Distribuci\u00f3n y Exhibici\u00f3n Audiovisual que dicta la UNVM.","og_url":"https:\/\/www.iaavim.gob.ar\/?p=9803","article_published_time":"2020-06-12T17:39:00+00:00","article_modified_time":"2020-06-12T21:58:00+00:00","og_image":[{"width":1200,"height":675,"url":"https:\/\/www.iaavim.gob.ar\/wp-content\/uploads\/2020\/06\/Portadas-web-1200x675-3.png","type":"image\/png"}],"author":"IAAviM","twitter_card":"summary_large_image","twitter_misc":{"Escrito por":"IAAviM","Tiempo de lectura":"2 minutos"},"schema":{"@context":"https:\/\/schema.org","@graph":[{"@type":"Article","@id":"https:\/\/www.iaavim.gob.ar\/?p=9803#article","isPartOf":{"@id":"https:\/\/www.iaavim.gob.ar\/?p=9803"},"author":{"name":"IAAviM","@id":"\/#\/schema\/person\/567fbb427319d0dae3bc6b33aba48a62"},"headline":"Resultados convocatoria becas a Diplomatura Audiovisual","datePublished":"2020-06-12T17:39:00+00:00","dateModified":"2020-06-12T21:58:00+00:00","mainEntityOfPage":{"@id":"https:\/\/www.iaavim.gob.ar\/?p=9803"},"wordCount":357,"publisher":{"@id":"\/#organization"},"image":{"@id":"https:\/\/www.iaavim.gob.ar\/?p=9803#primaryimage"},"thumbnailUrl":"https:\/\/www.iaavim.gob.ar\/wp-content\/uploads\/2020\/06\/Portadas-web-1200x675-3.png","keywords":["Aula Visual","becas","Diplomatura","Distribuci\u00f3n","Exhibici\u00f3n"],"articleSection":["Noticias del IAAviM"],"inLanguage":"es-AR"},{"@type":"WebPage","@id":"https:\/\/www.iaavim.gob.ar\/?p=9803","url":"https:\/\/www.iaavim.gob.ar\/?p=9803","name":"Resultados convocatoria becas a Diplomatura Audiovisual - IAAviM","isPartOf":{"@id":"\/#website"},"primaryImageOfPage":{"@id":"https:\/\/www.iaavim.gob.ar\/?p=9803#primaryimage"},"image":{"@id":"https:\/\/www.iaavim.gob.ar\/?p=9803#primaryimage"},"thumbnailUrl":"https:\/\/www.iaavim.gob.ar\/wp-content\/uploads\/2020\/06\/Portadas-web-1200x675-3.png","datePublished":"2020-06-12T17:39:00+00:00","dateModified":"2020-06-12T21:58:00+00:00","description":"Damos a conocer los 8 becados por el IAAviM para cursar la Diplomatura en Distribuci\u00f3n y Exhibici\u00f3n Audiovisual que dicta la UNVM.","breadcrumb":{"@id":"https:\/\/www.iaavim.gob.ar\/?p=9803#breadcrumb"},"inLanguage":"es-AR","potentialAction":[{"@type":"ReadAction","target":["https:\/\/www.iaavim.gob.ar\/?p=9803"]}]},{"@type":"ImageObject","inLanguage":"es-AR","@id":"https:\/\/www.iaavim.gob.ar\/?p=9803#primaryimage","url":"https:\/\/www.iaavim.gob.ar\/wp-content\/uploads\/2020\/06\/Portadas-web-1200x675-3.png","contentUrl":"https:\/\/www.iaavim.gob.ar\/wp-content\/uploads\/2020\/06\/Portadas-web-1200x675-3.png","width":1200,"height":675},{"@type":"BreadcrumbList","@id":"https:\/\/www.iaavim.gob.ar\/?p=9803#breadcrumb","itemListElement":[{"@type":"ListItem","position":1,"name":"Inicio","item":"https:\/\/www.iaavim.gob.ar\/"},{"@type":"ListItem","position":2,"name":"Resultados convocatoria becas a Diplomatura Audiovisual"}]},{"@type":"WebSite","@id":"\/#website","url":"\/","name":"","description":"Sitio oficial del IAAviM","publisher":{"@id":"\/#organization"},"potentialAction":[{"@type":"SearchAction","target":{"@type":"EntryPoint","urlTemplate":"\/?s={search_term_string}"},"query-input":{"@type":"PropertyValueSpecification","valueRequired":true,"valueName":"search_term_string"}}],"inLanguage":"es-AR"},{"@type":"Organization","@id":"\/#organization","name":"Instituto de Artes Audiovisuales de Misiones","url":"\/","logo":{"@type":"ImageObject","inLanguage":"es-AR","@id":"\/#\/schema\/logo\/image\/","url":"https:\/\/iaavim.misiones.gob.ar\/wp-content\/uploads\/2021\/07\/logo-iaavim-preview.png.jpg","contentUrl":"https:\/\/iaavim.misiones.gob.ar\/wp-content\/uploads\/2021\/07\/logo-iaavim-preview.png.jpg","width":1200,"height":675,"caption":"Instituto de Artes Audiovisuales de Misiones"},"image":{"@id":"\/#\/schema\/logo\/image\/"}},{"@type":"Person","@id":"\/#\/schema\/person\/567fbb427319d0dae3bc6b33aba48a62","name":"IAAviM","image":{"@type":"ImageObject","inLanguage":"es-AR","@id":"https:\/\/secure.gravatar.com\/avatar\/9802bb83cd8afc8d9eae1a570850fcaf194494ca73cbac30d506afe269460348?s=96&d=blank&r=g","url":"https:\/\/secure.gravatar.com\/avatar\/9802bb83cd8afc8d9eae1a570850fcaf194494ca73cbac30d506afe269460348?s=96&d=blank&r=g","contentUrl":"https:\/\/secure.gravatar.com\/avatar\/9802bb83cd8afc8d9eae1a570850fcaf194494ca73cbac30d506afe269460348?s=96&d=blank&r=g","caption":"IAAviM"},"url":"https:\/\/www.iaavim.gob.ar\/?author=1"}]}},"amp_enabled":true,"_links":{"self":[{"href":"https:\/\/www.iaavim.gob.ar\/index.php?rest_route=\/wp\/v2\/posts\/9803","targetHints":{"allow":["GET"]}}],"collection":[{"href":"https:\/\/www.iaavim.gob.ar\/index.php?rest_route=\/wp\/v2\/posts"}],"about":[{"href":"https:\/\/www.iaavim.gob.ar\/index.php?rest_route=\/wp\/v2\/types\/post"}],"author":[{"embeddable":true,"href":"https:\/\/www.iaavim.gob.ar\/index.php?rest_route=\/wp\/v2\/users\/1"}],"replies":[{"embeddable":true,"href":"https:\/\/www.iaavim.gob.ar\/index.php?rest_route=%2Fwp%2Fv2%2Fcomments&post=9803"}],"version-history":[{"count":1,"href":"https:\/\/www.iaavim.gob.ar\/index.php?rest_route=\/wp\/v2\/posts\/9803\/revisions"}],"predecessor-version":[{"id":9805,"href":"https:\/\/www.iaavim.gob.ar\/index.php?rest_route=\/wp\/v2\/posts\/9803\/revisions\/9805"}],"wp:featuredmedia":[{"embeddable":true,"href":"https:\/\/www.iaavim.gob.ar\/index.php?rest_route=\/wp\/v2\/media\/9806"}],"wp:attachment":[{"href":"https:\/\/www.iaavim.gob.ar\/index.php?rest_route=%2Fwp%2Fv2%2Fmedia&parent=9803"}],"wp:term":[{"taxonomy":"category","embeddable":true,"href":"https:\/\/www.iaavim.gob.ar\/index.php?rest_route=%2Fwp%2Fv2%2Fcategories&post=9803"},{"taxonomy":"post_tag","embeddable":true,"href":"https:\/\/www.iaavim.gob.ar\/index.php?rest_route=%2Fwp%2Fv2%2Ftags&post=9803"}],"curies":[{"name":"wp","href":"https:\/\/api.w.org\/{rel}","templated":true}]}}