{"id":9362,"date":"2019-11-28T09:43:45","date_gmt":"2019-11-28T12:43:45","guid":{"rendered":"https:\/\/iaavim.com\/?p=9362"},"modified":"2019-11-29T17:44:25","modified_gmt":"2019-11-29T20:44:25","slug":"historias-mujeres-cocineras-masa-madre-rescata-tradicion-de-inmigrantes","status":"publish","type":"post","link":"https:\/\/www.iaavim.gob.ar\/?p=9362","title":{"rendered":"A trav\u00e9s de historias de mujeres cocineras, \u201cMasa Madre\u201d rescata la tradici\u00f3n de los inmigrantes"},"content":{"rendered":"\n<p>Desde la feria gastron\u00f3mica Selva Adentro llevan adelante un proyecto audiovisual a trav\u00e9s de los microdocumentales &#8220;Masa Madre&#8221; que apuntan a recuperar las recetas tradicionales de la cocina que llegaron a trav\u00e9s de los inmigrantes que se instalaron en la ciudad de Ober\u00e1. En tal sentido, la directora de Selva Adentro, Cristina Stevenson cont\u00f3 que \u201cdesde el a\u00f1o pasado comenzamos con este proyecto con el fin de contar sobre la cocina inmigrante, que todav\u00eda se desenvuelve en las casas de algunas mujeres obere\u00f1as. El a\u00f1o pasado comenzamos contando la historia de tres mujeres que contin\u00faan implementando las recetas que aprendieron de sus abuelas, madres o t\u00edas, y que tienen la particularidad de seguir siendo el sost\u00e9n de sus econom\u00edas familiares. Una de ellas es Dora, una alemana que tiene una reconocida confiter\u00eda en la Capital del Monte, tambi\u00e9n est\u00e1 Palmira, una japonesa que hace escabeche de bamb\u00fa para vender desde su casa, y otra es Vilma Forni, una italiana que tiene a cargo una f\u00e1brica de pastas\u201d, relat\u00f3.<\/p>\n\n\n\n<p>Para\nla realizaci\u00f3n del documental debieron conformar un equipo de\ntrabajo con la productora 15-60 junto a Juan Pablo Ochoa y Mar\u00eda\nEsp\u00edndola, adem\u00e1s de Andy Wedekamper en la fotograf\u00eda, Pedro\nInsfr\u00e1n en la gr\u00e1fica y bajo la direcci\u00f3n general de Carlos Vedoya\nRecio, quien tambi\u00e9n lleva adelante la edici\u00f3n. El trabajo de\nproducci\u00f3n fue llevado adelante por Cristina Stevenson. El\nmicrodocumental \u201cMasa Madre\u201d que fue realizado en 2018 tiene una\nduraci\u00f3n de 15 minutos y fue presentado el 8 de marzo, D\u00eda de la\nMujer, en el Espacio INCAA de Ober\u00e1, a partir de una gesti\u00f3n con el\nInstituto de Artes Audiovisuales de Misiones (IAAviM).<\/p>\n\n\n\n<p>\u201cA\npartir de su proyecci\u00f3n se gener\u00f3 mucho inter\u00e9s por parte de la\ncomunidad de Ober\u00e1 y fue entonces que obtuvimos, a trav\u00e9s del\nConsejo Federal de Inversiones (CFI), los fondos necesarios para\npoder concretar una segunda entrega del documental y empezamos a\nhacer una segunda parte espec\u00edficamente con la Colectividad N\u00f3rdica,\nencontramos que hay muchos descendientes de suecos en Ober\u00e1 que\ntodav\u00eda siguen practicando la cocina inmigrante en sus casas\u201d,\nindic\u00f3 Stevenson.<\/p>\n\n\n\n<h2 class=\"wp-block-heading\"><strong>Segunda\nparte<\/strong><\/h2>\n\n\n\n<p>En\nesta segunda propuesta de \u201cMasa Madre: Pimienta, jengibre y canela\u201d\nlas protagonistas son Haid\u00e9e Berg, Esther Andersson y Luisa May\nKallsten, \u201ctres mujeres que nos contaron sobre las distintas\nrecetas que heredaron de sus madres, t\u00edas y abuelas, que todav\u00eda\ncocinan para sus familias en sus casas. Tambi\u00e9n contamos un poco del\nd\u00eda a d\u00eda y todo lo que ellas representan para la comunidad local\u201d,\ndescribi\u00f3 Stevenson.<\/p>\n\n\n\n<p>Esta\nsegunda parte del documental fue proyectado el pasado 4 de\nseptiembre, D\u00eda del Inmigrante y en el marco de la 40\u00b0 Fiesta\nNacional del Inmigrante, tambi\u00e9n en el Espacio INCAA de Ober\u00e1. \n<\/p>\n\n\n\n<p>En\ncuanto a la experiencia de trabajo llevada adelante a trav\u00e9s de\nestas producciones audiovisuales, la directora de Selva Adentro\nexpres\u00f3 que \u201csalimos de estos rodajes totalmente emocionados y\ncomprometidos con lo que hicimos porque pudimos darle una visibilidad\na estas mujeres que antes no ten\u00edan. Si bien eran reconocidas por\notras cuestiones de sus vidas, no por la tarea culinaria en sus casas\ny en la comunidad a la que representa cada una. Hay que tener en\ncuenta que desde j\u00f3venes eran activas participantes de la\nColectividad N\u00f3rdica\u201d, destac\u00f3.<\/p>\n\n\n\n<h2 class=\"wp-block-heading\"><strong>El\nrescate de la tradici\u00f3n<\/strong><\/h2>\n\n\n\n<p>A\ntrav\u00e9s de los microdocumentales, desde Selva Adentro buscan generar\nmaterial que consolide el acervo cultural, sobre todo culinario,\nrelacionado a los inmigrantes que llegaron a la Capital del Monte.\n\u201cSon mujeres que cuando llegaron desde Europa se encontraron con\nuna realidad totalmente distinta, un clima diferente, lo que hizo que\ntuvieran que adaptarse a los productos que se consiguen ac\u00e1, porque\nlos que ten\u00edan en sus pa\u00edses no hab\u00edan en Misiones. Tal es el caso\nde los pescados de mar que tienen en Suecia, que son variad\u00edsimos,\npero ac\u00e1 debieron utilizar los de r\u00edo. Tambi\u00e9n las papas, que en\nSuecia hay muchos tipos y ac\u00e1 tenemos una sola\u201d, precis\u00f3. \n<\/p>\n\n\n\n<p>\u201cLo\nm\u00e1s interesante, es que despu\u00e9s de la llegada de los primeros\nsuecos a Ober\u00e1, todav\u00eda se siguen cocinando esas recetas que\ntrajeron los antepasados, como tambi\u00e9n ocurre con los italianos, los\nalemanes o los japoneses, y que tienen que ver con nuestra cultura e\nidentidad. En mi caso, que soy descendiente de inmigrante, me\nemociona mucho porque es algo que nos llena mucho de orgullo, poder\ncontar y dejar este material para que las generaciones futuras puedan\nver de qu\u00e9 se trata, adem\u00e1s de aprender sobre esto que conforma\nnuestra identidad y que se relaciona con todos los misioneros\u201d,\nmanifest\u00f3.<\/p>\n\n\n\n<p>\nStevenson\nse\u00f1al\u00f3 que la idea del director Carlos Vedoya Recio es definir una\nfecha y lugar de proyecci\u00f3n de este microdocumental en Posadas, como\ntambi\u00e9n en otras ciudades de la provincia. En primera instancia se\nestar\u00e1 difundiendo por redes sociales con el fin de hacer llegar el\nmaterial a la comunidad. \u201cLa idea es poder seguir desarrollando\nnuevo contenido para este ciclo que es un homenaje a estas mujeres\nque empujan todav\u00eda estas tradiciones y seguir evolucionando, contar\ntambi\u00e9n sobre el contexto de cada una de las historias\u201d, adelant\u00f3.\n\n<\/p>\n","protected":false},"excerpt":{"rendered":"<p>Desde la feria gastron\u00f3mica Selva Adentro llevan adelante un proyecto audiovisual a trav\u00e9s de los microdocumentales &#8220;Masa Madre&#8221; que apuntan a recuperar las recetas tradicionales de la cocina que llegaron a trav\u00e9s de los inmigrantes que se instalaron en la ciudad de Ober\u00e1. En tal sentido, la directora de Selva Adentro, Cristina Stevenson cont\u00f3 que &hellip;<\/p>\n","protected":false},"author":1,"featured_media":9363,"comment_status":"closed","ping_status":"open","sticky":false,"template":"","format":"standard","meta":{"_acf_changed":false,"footnotes":""},"categories":[22],"tags":[],"class_list":["post-9362","post","type-post","status-publish","format-standard","has-post-thumbnail","hentry","category-newsletter"],"acf":[],"yoast_head":"<!-- This site is optimized with the Yoast SEO plugin v27.4 - https:\/\/yoast.com\/product\/yoast-seo-wordpress\/ -->\n<title>A trav\u00e9s de historias de mujeres cocineras, \u201cMasa Madre\u201d rescata la tradici\u00f3n de los inmigrantes -<\/title>\n<meta name=\"description\" content=\"Los microdocumentales &quot;Masa Madre&quot; apuntan a recuperar las recetas tradicionales de la cocina que llegaron a trav\u00e9s de los inmigrantes que se instalaron en la ciudad de Ober\u00e1.\" \/>\n<meta name=\"robots\" content=\"index, follow, max-snippet:-1, max-image-preview:large, max-video-preview:-1\" \/>\n<link rel=\"canonical\" href=\"https:\/\/www.iaavim.gob.ar\/?p=9362\" \/>\n<meta property=\"og:locale\" content=\"es_ES\" \/>\n<meta property=\"og:type\" content=\"article\" \/>\n<meta property=\"og:title\" content=\"A trav\u00e9s de historias de mujeres cocineras, \u201cMasa Madre\u201d rescata la tradici\u00f3n de los inmigrantes -\" \/>\n<meta property=\"og:description\" content=\"Los microdocumentales &quot;Masa Madre&quot; apuntan a recuperar las recetas tradicionales de la cocina que llegaron a trav\u00e9s de los inmigrantes que se instalaron en la ciudad de Ober\u00e1.\" \/>\n<meta property=\"og:url\" content=\"https:\/\/www.iaavim.gob.ar\/?p=9362\" \/>\n<meta property=\"article:published_time\" content=\"2019-11-28T12:43:45+00:00\" \/>\n<meta property=\"article:modified_time\" content=\"2019-11-29T20:44:25+00:00\" \/>\n<meta property=\"og:image\" content=\"https:\/\/www.iaavim.gob.ar\/wp-content\/uploads\/2019\/11\/masa-madre.jpg\" \/>\n\t<meta property=\"og:image:width\" content=\"1200\" \/>\n\t<meta property=\"og:image:height\" content=\"675\" \/>\n\t<meta property=\"og:image:type\" content=\"image\/jpeg\" \/>\n<meta name=\"author\" content=\"IAAviM\" \/>\n<meta name=\"twitter:card\" content=\"summary_large_image\" \/>\n<meta name=\"twitter:label1\" content=\"Escrito por\" \/>\n\t<meta name=\"twitter:data1\" content=\"IAAviM\" \/>\n\t<meta name=\"twitter:label2\" content=\"Tiempo de lectura\" \/>\n\t<meta name=\"twitter:data2\" content=\"5 minutos\" \/>\n<script type=\"application\/ld+json\" class=\"yoast-schema-graph\">{\"@context\":\"https:\\\/\\\/schema.org\",\"@graph\":[{\"@type\":\"Article\",\"@id\":\"https:\\\/\\\/www.iaavim.gob.ar\\\/?p=9362#article\",\"isPartOf\":{\"@id\":\"https:\\\/\\\/www.iaavim.gob.ar\\\/?p=9362\"},\"author\":{\"name\":\"IAAviM\",\"@id\":\"\\\/#\\\/schema\\\/person\\\/567fbb427319d0dae3bc6b33aba48a62\"},\"headline\":\"A trav\u00e9s de historias de mujeres cocineras, \u201cMasa Madre\u201d rescata la tradici\u00f3n de los inmigrantes\",\"datePublished\":\"2019-11-28T12:43:45+00:00\",\"dateModified\":\"2019-11-29T20:44:25+00:00\",\"mainEntityOfPage\":{\"@id\":\"https:\\\/\\\/www.iaavim.gob.ar\\\/?p=9362\"},\"wordCount\":921,\"publisher\":{\"@id\":\"\\\/#organization\"},\"image\":{\"@id\":\"https:\\\/\\\/www.iaavim.gob.ar\\\/?p=9362#primaryimage\"},\"thumbnailUrl\":\"https:\\\/\\\/www.iaavim.gob.ar\\\/wp-content\\\/uploads\\\/2019\\\/11\\\/masa-madre.jpg\",\"articleSection\":[\"Newsletter\"],\"inLanguage\":\"es-AR\"},{\"@type\":\"WebPage\",\"@id\":\"https:\\\/\\\/www.iaavim.gob.ar\\\/?p=9362\",\"url\":\"https:\\\/\\\/www.iaavim.gob.ar\\\/?p=9362\",\"name\":\"A trav\u00e9s de historias de mujeres cocineras, \u201cMasa Madre\u201d rescata la tradici\u00f3n de los inmigrantes -\",\"isPartOf\":{\"@id\":\"\\\/#website\"},\"primaryImageOfPage\":{\"@id\":\"https:\\\/\\\/www.iaavim.gob.ar\\\/?p=9362#primaryimage\"},\"image\":{\"@id\":\"https:\\\/\\\/www.iaavim.gob.ar\\\/?p=9362#primaryimage\"},\"thumbnailUrl\":\"https:\\\/\\\/www.iaavim.gob.ar\\\/wp-content\\\/uploads\\\/2019\\\/11\\\/masa-madre.jpg\",\"datePublished\":\"2019-11-28T12:43:45+00:00\",\"dateModified\":\"2019-11-29T20:44:25+00:00\",\"description\":\"Los microdocumentales \\\"Masa Madre\\\" apuntan a recuperar las recetas tradicionales de la cocina que llegaron a trav\u00e9s de los inmigrantes que se instalaron en la ciudad de Ober\u00e1.\",\"breadcrumb\":{\"@id\":\"https:\\\/\\\/www.iaavim.gob.ar\\\/?p=9362#breadcrumb\"},\"inLanguage\":\"es-AR\",\"potentialAction\":[{\"@type\":\"ReadAction\",\"target\":[\"https:\\\/\\\/www.iaavim.gob.ar\\\/?p=9362\"]}]},{\"@type\":\"ImageObject\",\"inLanguage\":\"es-AR\",\"@id\":\"https:\\\/\\\/www.iaavim.gob.ar\\\/?p=9362#primaryimage\",\"url\":\"https:\\\/\\\/www.iaavim.gob.ar\\\/wp-content\\\/uploads\\\/2019\\\/11\\\/masa-madre.jpg\",\"contentUrl\":\"https:\\\/\\\/www.iaavim.gob.ar\\\/wp-content\\\/uploads\\\/2019\\\/11\\\/masa-madre.jpg\",\"width\":1200,\"height\":675},{\"@type\":\"BreadcrumbList\",\"@id\":\"https:\\\/\\\/www.iaavim.gob.ar\\\/?p=9362#breadcrumb\",\"itemListElement\":[{\"@type\":\"ListItem\",\"position\":1,\"name\":\"Inicio\",\"item\":\"https:\\\/\\\/www.iaavim.gob.ar\\\/\"},{\"@type\":\"ListItem\",\"position\":2,\"name\":\"A trav\u00e9s de historias de mujeres cocineras, \u201cMasa Madre\u201d rescata la tradici\u00f3n de los inmigrantes\"}]},{\"@type\":\"WebSite\",\"@id\":\"\\\/#website\",\"url\":\"\\\/\",\"name\":\"\",\"description\":\"Sitio oficial del IAAviM\",\"publisher\":{\"@id\":\"\\\/#organization\"},\"potentialAction\":[{\"@type\":\"SearchAction\",\"target\":{\"@type\":\"EntryPoint\",\"urlTemplate\":\"\\\/?s={search_term_string}\"},\"query-input\":{\"@type\":\"PropertyValueSpecification\",\"valueRequired\":true,\"valueName\":\"search_term_string\"}}],\"inLanguage\":\"es-AR\"},{\"@type\":\"Organization\",\"@id\":\"\\\/#organization\",\"name\":\"Instituto de Artes Audiovisuales de Misiones\",\"url\":\"\\\/\",\"logo\":{\"@type\":\"ImageObject\",\"inLanguage\":\"es-AR\",\"@id\":\"\\\/#\\\/schema\\\/logo\\\/image\\\/\",\"url\":\"https:\\\/\\\/iaavim.misiones.gob.ar\\\/wp-content\\\/uploads\\\/2021\\\/07\\\/logo-iaavim-preview.png.jpg\",\"contentUrl\":\"https:\\\/\\\/iaavim.misiones.gob.ar\\\/wp-content\\\/uploads\\\/2021\\\/07\\\/logo-iaavim-preview.png.jpg\",\"width\":1200,\"height\":675,\"caption\":\"Instituto de Artes Audiovisuales de Misiones\"},\"image\":{\"@id\":\"\\\/#\\\/schema\\\/logo\\\/image\\\/\"}},{\"@type\":\"Person\",\"@id\":\"\\\/#\\\/schema\\\/person\\\/567fbb427319d0dae3bc6b33aba48a62\",\"name\":\"IAAviM\",\"image\":{\"@type\":\"ImageObject\",\"inLanguage\":\"es-AR\",\"@id\":\"https:\\\/\\\/secure.gravatar.com\\\/avatar\\\/9802bb83cd8afc8d9eae1a570850fcaf194494ca73cbac30d506afe269460348?s=96&d=blank&r=g\",\"url\":\"https:\\\/\\\/secure.gravatar.com\\\/avatar\\\/9802bb83cd8afc8d9eae1a570850fcaf194494ca73cbac30d506afe269460348?s=96&d=blank&r=g\",\"contentUrl\":\"https:\\\/\\\/secure.gravatar.com\\\/avatar\\\/9802bb83cd8afc8d9eae1a570850fcaf194494ca73cbac30d506afe269460348?s=96&d=blank&r=g\",\"caption\":\"IAAviM\"},\"url\":\"https:\\\/\\\/www.iaavim.gob.ar\\\/?author=1\"}]}<\/script>\n<!-- \/ Yoast SEO plugin. -->","yoast_head_json":{"title":"A trav\u00e9s de historias de mujeres cocineras, \u201cMasa Madre\u201d rescata la tradici\u00f3n de los inmigrantes -","description":"Los microdocumentales \"Masa Madre\" apuntan a recuperar las recetas tradicionales de la cocina que llegaron a trav\u00e9s de los inmigrantes que se instalaron en la ciudad de Ober\u00e1.","robots":{"index":"index","follow":"follow","max-snippet":"max-snippet:-1","max-image-preview":"max-image-preview:large","max-video-preview":"max-video-preview:-1"},"canonical":"https:\/\/www.iaavim.gob.ar\/?p=9362","og_locale":"es_ES","og_type":"article","og_title":"A trav\u00e9s de historias de mujeres cocineras, \u201cMasa Madre\u201d rescata la tradici\u00f3n de los inmigrantes -","og_description":"Los microdocumentales \"Masa Madre\" apuntan a recuperar las recetas tradicionales de la cocina que llegaron a trav\u00e9s de los inmigrantes que se instalaron en la ciudad de Ober\u00e1.","og_url":"https:\/\/www.iaavim.gob.ar\/?p=9362","article_published_time":"2019-11-28T12:43:45+00:00","article_modified_time":"2019-11-29T20:44:25+00:00","og_image":[{"width":1200,"height":675,"url":"https:\/\/www.iaavim.gob.ar\/wp-content\/uploads\/2019\/11\/masa-madre.jpg","type":"image\/jpeg"}],"author":"IAAviM","twitter_card":"summary_large_image","twitter_misc":{"Escrito por":"IAAviM","Tiempo de lectura":"5 minutos"},"schema":{"@context":"https:\/\/schema.org","@graph":[{"@type":"Article","@id":"https:\/\/www.iaavim.gob.ar\/?p=9362#article","isPartOf":{"@id":"https:\/\/www.iaavim.gob.ar\/?p=9362"},"author":{"name":"IAAviM","@id":"\/#\/schema\/person\/567fbb427319d0dae3bc6b33aba48a62"},"headline":"A trav\u00e9s de historias de mujeres cocineras, \u201cMasa Madre\u201d rescata la tradici\u00f3n de los inmigrantes","datePublished":"2019-11-28T12:43:45+00:00","dateModified":"2019-11-29T20:44:25+00:00","mainEntityOfPage":{"@id":"https:\/\/www.iaavim.gob.ar\/?p=9362"},"wordCount":921,"publisher":{"@id":"\/#organization"},"image":{"@id":"https:\/\/www.iaavim.gob.ar\/?p=9362#primaryimage"},"thumbnailUrl":"https:\/\/www.iaavim.gob.ar\/wp-content\/uploads\/2019\/11\/masa-madre.jpg","articleSection":["Newsletter"],"inLanguage":"es-AR"},{"@type":"WebPage","@id":"https:\/\/www.iaavim.gob.ar\/?p=9362","url":"https:\/\/www.iaavim.gob.ar\/?p=9362","name":"A trav\u00e9s de historias de mujeres cocineras, \u201cMasa Madre\u201d rescata la tradici\u00f3n de los inmigrantes -","isPartOf":{"@id":"\/#website"},"primaryImageOfPage":{"@id":"https:\/\/www.iaavim.gob.ar\/?p=9362#primaryimage"},"image":{"@id":"https:\/\/www.iaavim.gob.ar\/?p=9362#primaryimage"},"thumbnailUrl":"https:\/\/www.iaavim.gob.ar\/wp-content\/uploads\/2019\/11\/masa-madre.jpg","datePublished":"2019-11-28T12:43:45+00:00","dateModified":"2019-11-29T20:44:25+00:00","description":"Los microdocumentales \"Masa Madre\" apuntan a recuperar las recetas tradicionales de la cocina que llegaron a trav\u00e9s de los inmigrantes que se instalaron en la ciudad de Ober\u00e1.","breadcrumb":{"@id":"https:\/\/www.iaavim.gob.ar\/?p=9362#breadcrumb"},"inLanguage":"es-AR","potentialAction":[{"@type":"ReadAction","target":["https:\/\/www.iaavim.gob.ar\/?p=9362"]}]},{"@type":"ImageObject","inLanguage":"es-AR","@id":"https:\/\/www.iaavim.gob.ar\/?p=9362#primaryimage","url":"https:\/\/www.iaavim.gob.ar\/wp-content\/uploads\/2019\/11\/masa-madre.jpg","contentUrl":"https:\/\/www.iaavim.gob.ar\/wp-content\/uploads\/2019\/11\/masa-madre.jpg","width":1200,"height":675},{"@type":"BreadcrumbList","@id":"https:\/\/www.iaavim.gob.ar\/?p=9362#breadcrumb","itemListElement":[{"@type":"ListItem","position":1,"name":"Inicio","item":"https:\/\/www.iaavim.gob.ar\/"},{"@type":"ListItem","position":2,"name":"A trav\u00e9s de historias de mujeres cocineras, \u201cMasa Madre\u201d rescata la tradici\u00f3n de los inmigrantes"}]},{"@type":"WebSite","@id":"\/#website","url":"\/","name":"","description":"Sitio oficial del IAAviM","publisher":{"@id":"\/#organization"},"potentialAction":[{"@type":"SearchAction","target":{"@type":"EntryPoint","urlTemplate":"\/?s={search_term_string}"},"query-input":{"@type":"PropertyValueSpecification","valueRequired":true,"valueName":"search_term_string"}}],"inLanguage":"es-AR"},{"@type":"Organization","@id":"\/#organization","name":"Instituto de Artes Audiovisuales de Misiones","url":"\/","logo":{"@type":"ImageObject","inLanguage":"es-AR","@id":"\/#\/schema\/logo\/image\/","url":"https:\/\/iaavim.misiones.gob.ar\/wp-content\/uploads\/2021\/07\/logo-iaavim-preview.png.jpg","contentUrl":"https:\/\/iaavim.misiones.gob.ar\/wp-content\/uploads\/2021\/07\/logo-iaavim-preview.png.jpg","width":1200,"height":675,"caption":"Instituto de Artes Audiovisuales de Misiones"},"image":{"@id":"\/#\/schema\/logo\/image\/"}},{"@type":"Person","@id":"\/#\/schema\/person\/567fbb427319d0dae3bc6b33aba48a62","name":"IAAviM","image":{"@type":"ImageObject","inLanguage":"es-AR","@id":"https:\/\/secure.gravatar.com\/avatar\/9802bb83cd8afc8d9eae1a570850fcaf194494ca73cbac30d506afe269460348?s=96&d=blank&r=g","url":"https:\/\/secure.gravatar.com\/avatar\/9802bb83cd8afc8d9eae1a570850fcaf194494ca73cbac30d506afe269460348?s=96&d=blank&r=g","contentUrl":"https:\/\/secure.gravatar.com\/avatar\/9802bb83cd8afc8d9eae1a570850fcaf194494ca73cbac30d506afe269460348?s=96&d=blank&r=g","caption":"IAAviM"},"url":"https:\/\/www.iaavim.gob.ar\/?author=1"}]}},"amp_enabled":true,"_links":{"self":[{"href":"https:\/\/www.iaavim.gob.ar\/index.php?rest_route=\/wp\/v2\/posts\/9362","targetHints":{"allow":["GET"]}}],"collection":[{"href":"https:\/\/www.iaavim.gob.ar\/index.php?rest_route=\/wp\/v2\/posts"}],"about":[{"href":"https:\/\/www.iaavim.gob.ar\/index.php?rest_route=\/wp\/v2\/types\/post"}],"author":[{"embeddable":true,"href":"https:\/\/www.iaavim.gob.ar\/index.php?rest_route=\/wp\/v2\/users\/1"}],"replies":[{"embeddable":true,"href":"https:\/\/www.iaavim.gob.ar\/index.php?rest_route=%2Fwp%2Fv2%2Fcomments&post=9362"}],"version-history":[{"count":2,"href":"https:\/\/www.iaavim.gob.ar\/index.php?rest_route=\/wp\/v2\/posts\/9362\/revisions"}],"predecessor-version":[{"id":9365,"href":"https:\/\/www.iaavim.gob.ar\/index.php?rest_route=\/wp\/v2\/posts\/9362\/revisions\/9365"}],"wp:featuredmedia":[{"embeddable":true,"href":"https:\/\/www.iaavim.gob.ar\/index.php?rest_route=\/wp\/v2\/media\/9363"}],"wp:attachment":[{"href":"https:\/\/www.iaavim.gob.ar\/index.php?rest_route=%2Fwp%2Fv2%2Fmedia&parent=9362"}],"wp:term":[{"taxonomy":"category","embeddable":true,"href":"https:\/\/www.iaavim.gob.ar\/index.php?rest_route=%2Fwp%2Fv2%2Fcategories&post=9362"},{"taxonomy":"post_tag","embeddable":true,"href":"https:\/\/www.iaavim.gob.ar\/index.php?rest_route=%2Fwp%2Fv2%2Ftags&post=9362"}],"curies":[{"name":"wp","href":"https:\/\/api.w.org\/{rel}","templated":true}]}}