{"id":9351,"date":"2019-11-28T12:53:23","date_gmt":"2019-11-28T15:53:23","guid":{"rendered":"https:\/\/iaavim.com\/?p=9351"},"modified":"2019-11-29T17:47:04","modified_gmt":"2019-11-29T20:47:04","slug":"cerro-linea-laboratorio-proyectos-audiovisuales-genero-ficcion-iaavim-lab","status":"publish","type":"post","link":"https:\/\/www.iaavim.gob.ar\/?p=9351","title":{"rendered":"Cerr\u00f3 la l\u00ednea de Laboratorio de Proyectos Audiovisuales de G\u00e9nero Ficci\u00f3n del IAAviM Lab"},"content":{"rendered":"\n<p>En el marco del <strong><a href=\"https:\/\/iaavim.misiones.gob.ar\/iaavim-lab-capacitaciones-para-el-sector\/\">IAAviM Lab<\/a><\/strong>, el pasado viernes 22 de noviembre culmin\u00f3 la l\u00ednea de <strong>Laboratorio de Proyectos Audiovisuales de G\u00e9nero Ficci\u00f3n<\/strong>, exclusiva para aquellas personas que participaron de la instancia previa de <strong>Laboratorio de Desarrollo de Guiones y presentantes de la \u00faltima convocatoria del Instituto de Artes Audiovisuales de Misiones (IAAviM)<\/strong>, para fortalecer o desarrollar aspectos de sus proyectos. El Laboratorio tuvo como objetivo el trabajo en tutor\u00edas en guion, direcci\u00f3n y producci\u00f3n, centr\u00e1ndose en el armado de carpeta. A partir de la consolidaci\u00f3n de los proyectos, se propiciar\u00e1 la presentaci\u00f3n en convocatorias y\/o concursos, buscando financiaci\u00f3n para su posterior realizaci\u00f3n. Se trat\u00f3 de una capacitaci\u00f3n de tres meses de duraci\u00f3n en seis encuentros cada 15 d\u00edas (Master Class + Tutor\u00edas espec\u00edficas).  <\/p>\n\n\n\n<p>La gerenta de Capacitaci\u00f3n e Investigaci\u00f3n de IAAviM, Mariana Lombardini destac\u00f3 que el laboratorio cont\u00f3 con m\u00e1s de 50 horas de trabajo con 9 proyectos. \u201cSe fue desarrollando a lo largo de tres meses y estuvo a cargo de tres tutores de nuestra provincia, Mat\u00edas Guittler (Guion), Diego Bellocchio (Direcci\u00f3n) y Yamila Barnasthpol (Producci\u00f3n). De esta manera, a lo largo de estos tres meses fueron trabajando y desarrollando un proyecto que constaba de una idea original y un peque\u00f1o guion, y que hoy se convirti\u00f3 en una carpeta que les permite aplicar a otros laboratorios en algunos casos, y los que quedaron terminados, pueden ya buscar financiamiento\u201d, explic\u00f3.<\/p>\n\n\n\n<p>&#8220;Era el objetivo de que se pudiera acompa\u00f1ar tanto el desarrollo como el proceso de fortalecimiento del proyecto a trav\u00e9s de la capacitaci\u00f3n y conocimiento. En total, participaron 30 personas, de distintos puntos de la provincia como Iguaz\u00fa, Eldorado, Ober\u00e1 y Posadas. Pudimos llegar a toda la provincia\u201d, resalt\u00f3 Lombardini. Cabe remarcar que este Laboratorio de Proyectos Audiovisuales de G\u00e9nero Ficci\u00f3n se realiz\u00f3 en la Facultad de Humanidades y Ciencias Sociales de la Universidad Nacional de Misiones (UNaM), que aport\u00f3 las instalaciones del edificio; por parte del Consejo Federal de Inversiones (CFI) pudimos contar con el financiamiento de gran parte de la actividad y desde el IAAviM la estructura humana, idea y acompa\u00f1amiento del proyecto.<\/p>\n\n\n\n<h2 class=\"wp-block-heading\"><strong>Menciones\nespeciales<\/strong><\/h2>\n\n\n\n<p>Uno de proyectos del Laboratorio que recibi\u00f3 menci\u00f3n especial es el cortometraje \u201cIndocumentadas\u201d del productor Nahuel Villalba, con direcci\u00f3n de Yamil Dalinger y guion de Miqueas Ricarte. \u201cSe centra en cuatro chicas que llegan desde el interior a la ciudad de Posadas para pasar el cumplea\u00f1os de una de ellas. A trav\u00e9s de la historia que se va desarrollando, una de ellas sufre un accidente y esto va transformando la din\u00e1mica del cortometraje\u201d, cont\u00f3 Villalba.  <\/p>\n\n\n\n<figure class=\"wp-block-image\"><img loading=\"lazy\" decoding=\"async\" width=\"1024\" height=\"576\" src=\"https:\/\/iaavim.misiones.gob.ar\/wp-content\/uploads\/2019\/11\/cierre-iaavim-lab-2-1024x576.jpg\" alt=\"\" class=\"wp-image-9353\" srcset=\"https:\/\/www.iaavim.gob.ar\/wp-content\/uploads\/2019\/11\/cierre-iaavim-lab-2-1024x576.jpg 1024w, https:\/\/www.iaavim.gob.ar\/wp-content\/uploads\/2019\/11\/cierre-iaavim-lab-2-300x169.jpg 300w, https:\/\/www.iaavim.gob.ar\/wp-content\/uploads\/2019\/11\/cierre-iaavim-lab-2-768x432.jpg 768w, https:\/\/www.iaavim.gob.ar\/wp-content\/uploads\/2019\/11\/cierre-iaavim-lab-2-390x220.jpg 390w, https:\/\/www.iaavim.gob.ar\/wp-content\/uploads\/2019\/11\/cierre-iaavim-lab-2.jpg 1200w\" sizes=\"auto, (max-width: 1024px) 100vw, 1024px\" \/><\/figure>\n\n\n\n<p>Seg\u00fan coment\u00f3 Dalinger, la carpeta para del proyecto \u2018Indocumentadas\u2019 estaba estancada, y el Laboratorio lo estimul\u00f3, con mucha informaci\u00f3n que brindaron los tutores. &#8220;Me motiv\u00f3 el aporte que hicieron respecto de las experiencias previas. Darse cuenta que hay gente que vive de esto te ayuda a seguir estudiando y nos inspira a perfeccionarnos\u201d, expres\u00f3 el director del corto. Por su parte, Ricarte se\u00f1al\u00f3: \u201cNos presentamos a este laboratorio porque nos pareci\u00f3 una propuesta muy interesante del IAAviM&#8221;.<\/p>\n\n\n\n<p>Otros proyectos con menci\u00f3n especial fueron el largometraje de ficci\u00f3n \u201cR\u00edo M\u00edo\u201d de la productora Ana Osella, que cuenta la historia de Jos\u00e9, un joven pescador de la costa del Paran\u00e1, que es relocalizado junto a su familia (Jorge Lavalle es el guionista y Aron L\u00e9rtora es el director), y la serie de televisi\u00f3n \u201cMatadero\u201d del director y guionista Erik Petterson, que hace hincapi\u00e9 en las pol\u00edticas universitarias y busca mostrar lo que pasa en el contexto estudiantil de las agrupaciones y como luchan entre ellas, con las autoridades y personas de distintos claustros.  <\/p>\n\n\n\n<p>Tambi\u00e9n fue reconocido el cortometraje de ficci\u00f3n \u201cSoltar\u201d, con guion de Catalina Arruti y producci\u00f3n de Mariana D\u00e1vila, que trata sobre el derecho de toda persona a hacer uso de la ley de muerte digna. \u201cFue muy importante para nosotras haber realizado el laboratorio, por la generosidad de los capacitadores que nos proveyeron de las herramientas necesarias para que podamos afianzar lo que en un principio era una idea remota, y reforzar conocimientos\u201d, indic\u00f3 Arruti.<\/p>\n\n\n\n<h2 class=\"wp-block-heading\"><strong>Cubrir\nlas demandas de formaci\u00f3n<\/strong><\/h2>\n\n\n\n<p>Los trabajadores audiovisuales han manifestado en varias oportunidades la necesidad de perfeccionar o de actualizar conocimientos con el fin de superar, mejorar e innovar sus actividades. En tal sentido, el IAAviM Lab pretendi\u00f3 cubrir las demandas de formaci\u00f3n introductoria y de capacitaciones especializadas en las distintas \u00e1reas del audiovisual, en un plan de mediano plazo, que se decide en base al di\u00e1logo con el sector. Se busc\u00f3 adem\u00e1s, propiciar el intercambio de conocimiento e informaci\u00f3n de realizadores con m\u00e1s experiencia y formaci\u00f3n que residen en la provincia de Misiones hacia aquellos que comienzan a escribir y desarrollar sus primeros proyectos audiovisuales y necesitan de mayor formaci\u00f3n y acompa\u00f1amiento.  <\/p>\n\n\n\n<p>El papel de la capacitaci\u00f3n a trav\u00e9s del Laboratorio result\u00f3 fundamental en la estrategia de intervenci\u00f3n. Se trat\u00f3 de implementar una modalidad que pueda resolver las carencias de capacidades que se evidencian en la preparaci\u00f3n de proyectos, en sus diferentes etapas de producci\u00f3n y realizaci\u00f3n.<\/p>\n","protected":false},"excerpt":{"rendered":"<p>En el marco del IAAviM Lab, el pasado viernes 22 de noviembre culmin\u00f3 la l\u00ednea de Laboratorio de Proyectos Audiovisuales de G\u00e9nero Ficci\u00f3n, exclusiva para aquellas personas que participaron de la instancia previa de Laboratorio de Desarrollo de Guiones y presentantes de la \u00faltima convocatoria del Instituto de Artes Audiovisuales de Misiones (IAAviM), para fortalecer &hellip;<\/p>\n","protected":false},"author":1,"featured_media":9354,"comment_status":"closed","ping_status":"open","sticky":false,"template":"","format":"standard","meta":{"_acf_changed":false,"footnotes":""},"categories":[34,22],"tags":[108,311,364,397],"class_list":["post-9351","post","type-post","status-publish","format-standard","has-post-thumbnail","hentry","category-capacitacion","category-newsletter","tag-iaavim","tag-iaavim-lab","tag-laboratorio-de-proyectos","tag-portada2"],"acf":[],"yoast_head":"<!-- This site is optimized with the Yoast SEO plugin v27.4 - https:\/\/yoast.com\/product\/yoast-seo-wordpress\/ -->\n<title>Cerr\u00f3 la l\u00ednea de Laboratorio de Proyectos Audiovisuales de G\u00e9nero Ficci\u00f3n del IAAviM Lab -<\/title>\n<meta name=\"description\" content=\"El pasado viernes 22 de noviembre culmin\u00f3 la l\u00ednea de Laboratorio de Proyectos Audiovisuales de G\u00e9nero Ficci\u00f3n.\" \/>\n<meta name=\"robots\" content=\"index, follow, max-snippet:-1, max-image-preview:large, max-video-preview:-1\" \/>\n<link rel=\"canonical\" href=\"https:\/\/www.iaavim.gob.ar\/?p=9351\" \/>\n<meta property=\"og:locale\" content=\"es_ES\" \/>\n<meta property=\"og:type\" content=\"article\" \/>\n<meta property=\"og:title\" content=\"Cerr\u00f3 la l\u00ednea de Laboratorio de Proyectos Audiovisuales de G\u00e9nero Ficci\u00f3n del IAAviM Lab -\" \/>\n<meta property=\"og:description\" content=\"El pasado viernes 22 de noviembre culmin\u00f3 la l\u00ednea de Laboratorio de Proyectos Audiovisuales de G\u00e9nero Ficci\u00f3n.\" \/>\n<meta property=\"og:url\" content=\"https:\/\/www.iaavim.gob.ar\/?p=9351\" \/>\n<meta property=\"article:published_time\" content=\"2019-11-28T15:53:23+00:00\" \/>\n<meta property=\"article:modified_time\" content=\"2019-11-29T20:47:04+00:00\" \/>\n<meta property=\"og:image\" content=\"https:\/\/www.iaavim.gob.ar\/wp-content\/uploads\/2019\/11\/cierre-iaavim-lab.jpg\" \/>\n\t<meta property=\"og:image:width\" content=\"1200\" \/>\n\t<meta property=\"og:image:height\" content=\"674\" \/>\n\t<meta property=\"og:image:type\" content=\"image\/jpeg\" \/>\n<meta name=\"author\" content=\"IAAviM\" \/>\n<meta name=\"twitter:card\" content=\"summary_large_image\" \/>\n<meta name=\"twitter:label1\" content=\"Escrito por\" \/>\n\t<meta name=\"twitter:data1\" content=\"IAAviM\" \/>\n\t<meta name=\"twitter:label2\" content=\"Tiempo de lectura\" \/>\n\t<meta name=\"twitter:data2\" content=\"4 minutos\" \/>\n<script type=\"application\/ld+json\" class=\"yoast-schema-graph\">{\"@context\":\"https:\\\/\\\/schema.org\",\"@graph\":[{\"@type\":\"Article\",\"@id\":\"https:\\\/\\\/www.iaavim.gob.ar\\\/?p=9351#article\",\"isPartOf\":{\"@id\":\"https:\\\/\\\/www.iaavim.gob.ar\\\/?p=9351\"},\"author\":{\"name\":\"IAAviM\",\"@id\":\"\\\/#\\\/schema\\\/person\\\/567fbb427319d0dae3bc6b33aba48a62\"},\"headline\":\"Cerr\u00f3 la l\u00ednea de Laboratorio de Proyectos Audiovisuales de G\u00e9nero Ficci\u00f3n del IAAviM Lab\",\"datePublished\":\"2019-11-28T15:53:23+00:00\",\"dateModified\":\"2019-11-29T20:47:04+00:00\",\"mainEntityOfPage\":{\"@id\":\"https:\\\/\\\/www.iaavim.gob.ar\\\/?p=9351\"},\"wordCount\":903,\"publisher\":{\"@id\":\"\\\/#organization\"},\"image\":{\"@id\":\"https:\\\/\\\/www.iaavim.gob.ar\\\/?p=9351#primaryimage\"},\"thumbnailUrl\":\"https:\\\/\\\/www.iaavim.gob.ar\\\/wp-content\\\/uploads\\\/2019\\\/11\\\/cierre-iaavim-lab.jpg\",\"keywords\":[\"IAAviM\",\"IAAviM Lab\",\"Laboratorio de proyectos\",\"portada2\"],\"articleSection\":[\"Capacitaci\u00f3n\",\"Newsletter\"],\"inLanguage\":\"es-AR\"},{\"@type\":\"WebPage\",\"@id\":\"https:\\\/\\\/www.iaavim.gob.ar\\\/?p=9351\",\"url\":\"https:\\\/\\\/www.iaavim.gob.ar\\\/?p=9351\",\"name\":\"Cerr\u00f3 la l\u00ednea de Laboratorio de Proyectos Audiovisuales de G\u00e9nero Ficci\u00f3n del IAAviM Lab -\",\"isPartOf\":{\"@id\":\"\\\/#website\"},\"primaryImageOfPage\":{\"@id\":\"https:\\\/\\\/www.iaavim.gob.ar\\\/?p=9351#primaryimage\"},\"image\":{\"@id\":\"https:\\\/\\\/www.iaavim.gob.ar\\\/?p=9351#primaryimage\"},\"thumbnailUrl\":\"https:\\\/\\\/www.iaavim.gob.ar\\\/wp-content\\\/uploads\\\/2019\\\/11\\\/cierre-iaavim-lab.jpg\",\"datePublished\":\"2019-11-28T15:53:23+00:00\",\"dateModified\":\"2019-11-29T20:47:04+00:00\",\"description\":\"El pasado viernes 22 de noviembre culmin\u00f3 la l\u00ednea de Laboratorio de Proyectos Audiovisuales de G\u00e9nero Ficci\u00f3n.\",\"breadcrumb\":{\"@id\":\"https:\\\/\\\/www.iaavim.gob.ar\\\/?p=9351#breadcrumb\"},\"inLanguage\":\"es-AR\",\"potentialAction\":[{\"@type\":\"ReadAction\",\"target\":[\"https:\\\/\\\/www.iaavim.gob.ar\\\/?p=9351\"]}]},{\"@type\":\"ImageObject\",\"inLanguage\":\"es-AR\",\"@id\":\"https:\\\/\\\/www.iaavim.gob.ar\\\/?p=9351#primaryimage\",\"url\":\"https:\\\/\\\/www.iaavim.gob.ar\\\/wp-content\\\/uploads\\\/2019\\\/11\\\/cierre-iaavim-lab.jpg\",\"contentUrl\":\"https:\\\/\\\/www.iaavim.gob.ar\\\/wp-content\\\/uploads\\\/2019\\\/11\\\/cierre-iaavim-lab.jpg\",\"width\":1200,\"height\":674,\"caption\":\"Laboratorio de Proyectos Audiovisuales de G\u00e9nero Ficci\u00f3n\"},{\"@type\":\"BreadcrumbList\",\"@id\":\"https:\\\/\\\/www.iaavim.gob.ar\\\/?p=9351#breadcrumb\",\"itemListElement\":[{\"@type\":\"ListItem\",\"position\":1,\"name\":\"Inicio\",\"item\":\"https:\\\/\\\/www.iaavim.gob.ar\\\/\"},{\"@type\":\"ListItem\",\"position\":2,\"name\":\"Cerr\u00f3 la l\u00ednea de Laboratorio de Proyectos Audiovisuales de G\u00e9nero Ficci\u00f3n del IAAviM Lab\"}]},{\"@type\":\"WebSite\",\"@id\":\"\\\/#website\",\"url\":\"\\\/\",\"name\":\"\",\"description\":\"Sitio oficial del IAAviM\",\"publisher\":{\"@id\":\"\\\/#organization\"},\"potentialAction\":[{\"@type\":\"SearchAction\",\"target\":{\"@type\":\"EntryPoint\",\"urlTemplate\":\"\\\/?s={search_term_string}\"},\"query-input\":{\"@type\":\"PropertyValueSpecification\",\"valueRequired\":true,\"valueName\":\"search_term_string\"}}],\"inLanguage\":\"es-AR\"},{\"@type\":\"Organization\",\"@id\":\"\\\/#organization\",\"name\":\"Instituto de Artes Audiovisuales de Misiones\",\"url\":\"\\\/\",\"logo\":{\"@type\":\"ImageObject\",\"inLanguage\":\"es-AR\",\"@id\":\"\\\/#\\\/schema\\\/logo\\\/image\\\/\",\"url\":\"https:\\\/\\\/iaavim.misiones.gob.ar\\\/wp-content\\\/uploads\\\/2021\\\/07\\\/logo-iaavim-preview.png.jpg\",\"contentUrl\":\"https:\\\/\\\/iaavim.misiones.gob.ar\\\/wp-content\\\/uploads\\\/2021\\\/07\\\/logo-iaavim-preview.png.jpg\",\"width\":1200,\"height\":675,\"caption\":\"Instituto de Artes Audiovisuales de Misiones\"},\"image\":{\"@id\":\"\\\/#\\\/schema\\\/logo\\\/image\\\/\"}},{\"@type\":\"Person\",\"@id\":\"\\\/#\\\/schema\\\/person\\\/567fbb427319d0dae3bc6b33aba48a62\",\"name\":\"IAAviM\",\"image\":{\"@type\":\"ImageObject\",\"inLanguage\":\"es-AR\",\"@id\":\"https:\\\/\\\/secure.gravatar.com\\\/avatar\\\/9802bb83cd8afc8d9eae1a570850fcaf194494ca73cbac30d506afe269460348?s=96&d=blank&r=g\",\"url\":\"https:\\\/\\\/secure.gravatar.com\\\/avatar\\\/9802bb83cd8afc8d9eae1a570850fcaf194494ca73cbac30d506afe269460348?s=96&d=blank&r=g\",\"contentUrl\":\"https:\\\/\\\/secure.gravatar.com\\\/avatar\\\/9802bb83cd8afc8d9eae1a570850fcaf194494ca73cbac30d506afe269460348?s=96&d=blank&r=g\",\"caption\":\"IAAviM\"},\"url\":\"https:\\\/\\\/www.iaavim.gob.ar\\\/?author=1\"}]}<\/script>\n<!-- \/ Yoast SEO plugin. -->","yoast_head_json":{"title":"Cerr\u00f3 la l\u00ednea de Laboratorio de Proyectos Audiovisuales de G\u00e9nero Ficci\u00f3n del IAAviM Lab -","description":"El pasado viernes 22 de noviembre culmin\u00f3 la l\u00ednea de Laboratorio de Proyectos Audiovisuales de G\u00e9nero Ficci\u00f3n.","robots":{"index":"index","follow":"follow","max-snippet":"max-snippet:-1","max-image-preview":"max-image-preview:large","max-video-preview":"max-video-preview:-1"},"canonical":"https:\/\/www.iaavim.gob.ar\/?p=9351","og_locale":"es_ES","og_type":"article","og_title":"Cerr\u00f3 la l\u00ednea de Laboratorio de Proyectos Audiovisuales de G\u00e9nero Ficci\u00f3n del IAAviM Lab -","og_description":"El pasado viernes 22 de noviembre culmin\u00f3 la l\u00ednea de Laboratorio de Proyectos Audiovisuales de G\u00e9nero Ficci\u00f3n.","og_url":"https:\/\/www.iaavim.gob.ar\/?p=9351","article_published_time":"2019-11-28T15:53:23+00:00","article_modified_time":"2019-11-29T20:47:04+00:00","og_image":[{"width":1200,"height":674,"url":"https:\/\/www.iaavim.gob.ar\/wp-content\/uploads\/2019\/11\/cierre-iaavim-lab.jpg","type":"image\/jpeg"}],"author":"IAAviM","twitter_card":"summary_large_image","twitter_misc":{"Escrito por":"IAAviM","Tiempo de lectura":"4 minutos"},"schema":{"@context":"https:\/\/schema.org","@graph":[{"@type":"Article","@id":"https:\/\/www.iaavim.gob.ar\/?p=9351#article","isPartOf":{"@id":"https:\/\/www.iaavim.gob.ar\/?p=9351"},"author":{"name":"IAAviM","@id":"\/#\/schema\/person\/567fbb427319d0dae3bc6b33aba48a62"},"headline":"Cerr\u00f3 la l\u00ednea de Laboratorio de Proyectos Audiovisuales de G\u00e9nero Ficci\u00f3n del IAAviM Lab","datePublished":"2019-11-28T15:53:23+00:00","dateModified":"2019-11-29T20:47:04+00:00","mainEntityOfPage":{"@id":"https:\/\/www.iaavim.gob.ar\/?p=9351"},"wordCount":903,"publisher":{"@id":"\/#organization"},"image":{"@id":"https:\/\/www.iaavim.gob.ar\/?p=9351#primaryimage"},"thumbnailUrl":"https:\/\/www.iaavim.gob.ar\/wp-content\/uploads\/2019\/11\/cierre-iaavim-lab.jpg","keywords":["IAAviM","IAAviM Lab","Laboratorio de proyectos","portada2"],"articleSection":["Capacitaci\u00f3n","Newsletter"],"inLanguage":"es-AR"},{"@type":"WebPage","@id":"https:\/\/www.iaavim.gob.ar\/?p=9351","url":"https:\/\/www.iaavim.gob.ar\/?p=9351","name":"Cerr\u00f3 la l\u00ednea de Laboratorio de Proyectos Audiovisuales de G\u00e9nero Ficci\u00f3n del IAAviM Lab -","isPartOf":{"@id":"\/#website"},"primaryImageOfPage":{"@id":"https:\/\/www.iaavim.gob.ar\/?p=9351#primaryimage"},"image":{"@id":"https:\/\/www.iaavim.gob.ar\/?p=9351#primaryimage"},"thumbnailUrl":"https:\/\/www.iaavim.gob.ar\/wp-content\/uploads\/2019\/11\/cierre-iaavim-lab.jpg","datePublished":"2019-11-28T15:53:23+00:00","dateModified":"2019-11-29T20:47:04+00:00","description":"El pasado viernes 22 de noviembre culmin\u00f3 la l\u00ednea de Laboratorio de Proyectos Audiovisuales de G\u00e9nero Ficci\u00f3n.","breadcrumb":{"@id":"https:\/\/www.iaavim.gob.ar\/?p=9351#breadcrumb"},"inLanguage":"es-AR","potentialAction":[{"@type":"ReadAction","target":["https:\/\/www.iaavim.gob.ar\/?p=9351"]}]},{"@type":"ImageObject","inLanguage":"es-AR","@id":"https:\/\/www.iaavim.gob.ar\/?p=9351#primaryimage","url":"https:\/\/www.iaavim.gob.ar\/wp-content\/uploads\/2019\/11\/cierre-iaavim-lab.jpg","contentUrl":"https:\/\/www.iaavim.gob.ar\/wp-content\/uploads\/2019\/11\/cierre-iaavim-lab.jpg","width":1200,"height":674,"caption":"Laboratorio de Proyectos Audiovisuales de G\u00e9nero Ficci\u00f3n"},{"@type":"BreadcrumbList","@id":"https:\/\/www.iaavim.gob.ar\/?p=9351#breadcrumb","itemListElement":[{"@type":"ListItem","position":1,"name":"Inicio","item":"https:\/\/www.iaavim.gob.ar\/"},{"@type":"ListItem","position":2,"name":"Cerr\u00f3 la l\u00ednea de Laboratorio de Proyectos Audiovisuales de G\u00e9nero Ficci\u00f3n del IAAviM Lab"}]},{"@type":"WebSite","@id":"\/#website","url":"\/","name":"","description":"Sitio oficial del IAAviM","publisher":{"@id":"\/#organization"},"potentialAction":[{"@type":"SearchAction","target":{"@type":"EntryPoint","urlTemplate":"\/?s={search_term_string}"},"query-input":{"@type":"PropertyValueSpecification","valueRequired":true,"valueName":"search_term_string"}}],"inLanguage":"es-AR"},{"@type":"Organization","@id":"\/#organization","name":"Instituto de Artes Audiovisuales de Misiones","url":"\/","logo":{"@type":"ImageObject","inLanguage":"es-AR","@id":"\/#\/schema\/logo\/image\/","url":"https:\/\/iaavim.misiones.gob.ar\/wp-content\/uploads\/2021\/07\/logo-iaavim-preview.png.jpg","contentUrl":"https:\/\/iaavim.misiones.gob.ar\/wp-content\/uploads\/2021\/07\/logo-iaavim-preview.png.jpg","width":1200,"height":675,"caption":"Instituto de Artes Audiovisuales de Misiones"},"image":{"@id":"\/#\/schema\/logo\/image\/"}},{"@type":"Person","@id":"\/#\/schema\/person\/567fbb427319d0dae3bc6b33aba48a62","name":"IAAviM","image":{"@type":"ImageObject","inLanguage":"es-AR","@id":"https:\/\/secure.gravatar.com\/avatar\/9802bb83cd8afc8d9eae1a570850fcaf194494ca73cbac30d506afe269460348?s=96&d=blank&r=g","url":"https:\/\/secure.gravatar.com\/avatar\/9802bb83cd8afc8d9eae1a570850fcaf194494ca73cbac30d506afe269460348?s=96&d=blank&r=g","contentUrl":"https:\/\/secure.gravatar.com\/avatar\/9802bb83cd8afc8d9eae1a570850fcaf194494ca73cbac30d506afe269460348?s=96&d=blank&r=g","caption":"IAAviM"},"url":"https:\/\/www.iaavim.gob.ar\/?author=1"}]}},"amp_enabled":true,"_links":{"self":[{"href":"https:\/\/www.iaavim.gob.ar\/index.php?rest_route=\/wp\/v2\/posts\/9351","targetHints":{"allow":["GET"]}}],"collection":[{"href":"https:\/\/www.iaavim.gob.ar\/index.php?rest_route=\/wp\/v2\/posts"}],"about":[{"href":"https:\/\/www.iaavim.gob.ar\/index.php?rest_route=\/wp\/v2\/types\/post"}],"author":[{"embeddable":true,"href":"https:\/\/www.iaavim.gob.ar\/index.php?rest_route=\/wp\/v2\/users\/1"}],"replies":[{"embeddable":true,"href":"https:\/\/www.iaavim.gob.ar\/index.php?rest_route=%2Fwp%2Fv2%2Fcomments&post=9351"}],"version-history":[{"count":2,"href":"https:\/\/www.iaavim.gob.ar\/index.php?rest_route=\/wp\/v2\/posts\/9351\/revisions"}],"predecessor-version":[{"id":9358,"href":"https:\/\/www.iaavim.gob.ar\/index.php?rest_route=\/wp\/v2\/posts\/9351\/revisions\/9358"}],"wp:featuredmedia":[{"embeddable":true,"href":"https:\/\/www.iaavim.gob.ar\/index.php?rest_route=\/wp\/v2\/media\/9354"}],"wp:attachment":[{"href":"https:\/\/www.iaavim.gob.ar\/index.php?rest_route=%2Fwp%2Fv2%2Fmedia&parent=9351"}],"wp:term":[{"taxonomy":"category","embeddable":true,"href":"https:\/\/www.iaavim.gob.ar\/index.php?rest_route=%2Fwp%2Fv2%2Fcategories&post=9351"},{"taxonomy":"post_tag","embeddable":true,"href":"https:\/\/www.iaavim.gob.ar\/index.php?rest_route=%2Fwp%2Fv2%2Ftags&post=9351"}],"curies":[{"name":"wp","href":"https:\/\/api.w.org\/{rel}","templated":true}]}}