{"id":9338,"date":"2019-11-28T12:42:13","date_gmt":"2019-11-28T15:42:13","guid":{"rendered":"https:\/\/iaavim.com\/?p=9338"},"modified":"2019-12-18T11:07:46","modified_gmt":"2019-12-18T14:07:46","slug":"estrena-huella-rio-selva-puerto-rico-100-ara","status":"publish","type":"post","link":"https:\/\/www.iaavim.gob.ar\/?p=9338","title":{"rendered":"Se estrena &#8220;Huella, r\u00edo, selva: Puerto Rico 100 ar\u00e1&#8221;, de Roc\u00edo Kopp y Gabriela Rold\u00e1n"},"content":{"rendered":"\n<figure class=\"wp-block-image\"><img loading=\"lazy\" decoding=\"async\" width=\"1024\" height=\"492\" src=\"https:\/\/iaavim.misiones.gob.ar\/wp-content\/uploads\/2019\/11\/100-puerto-rico-dest-1024x492.jpg\" alt=\"\" class=\"wp-image-9342\" srcset=\"https:\/\/www.iaavim.gob.ar\/wp-content\/uploads\/2019\/11\/100-puerto-rico-dest-1024x492.jpg 1024w, https:\/\/www.iaavim.gob.ar\/wp-content\/uploads\/2019\/11\/100-puerto-rico-dest-300x144.jpg 300w, https:\/\/www.iaavim.gob.ar\/wp-content\/uploads\/2019\/11\/100-puerto-rico-dest-768x369.jpg 768w, https:\/\/www.iaavim.gob.ar\/wp-content\/uploads\/2019\/11\/100-puerto-rico-dest.jpg 1404w\" sizes=\"auto, (max-width: 1024px) 100vw, 1024px\" \/><\/figure>\n\n\n\n<p>Como parte de los festejos del<strong> centenario de la Capital de la Industria<\/strong>, este s\u00e1bado 30 de noviembre a las 20:30 se estrenar\u00e1 en el cine teatro San Mart\u00edn el mediometraje <strong>\u201cHuella, r\u00edo, selva, Puerto Rico 100 ar\u00e1\u201d<\/strong>, un documental ficcionado <strong>co-dirigido por Roc\u00edo Kopp y Gabriela Rold\u00e1n<\/strong>, <strong>realizado con el subsidio y apoyo de la provincia a trav\u00e9s del Instituto de Artes Audiovisuales de Misiones (IAAviM).<\/strong><\/p>\n\n\n\n<div class=\"wp-block-image\"><figure class=\"aligncenter is-resized\"><a href=\"https:\/\/iaavim.misiones.gob.ar\/wp-content\/uploads\/2019\/11\/poster.jpg\"><img loading=\"lazy\" decoding=\"async\" src=\"https:\/\/iaavim.misiones.gob.ar\/wp-content\/uploads\/2019\/11\/poster-724x1024.jpg\" alt=\"P\u00f3ster\" class=\"wp-image-9343\" width=\"362\" height=\"512\" srcset=\"https:\/\/www.iaavim.gob.ar\/wp-content\/uploads\/2019\/11\/poster-724x1024.jpg 724w, https:\/\/www.iaavim.gob.ar\/wp-content\/uploads\/2019\/11\/poster-212x300.jpg 212w, https:\/\/www.iaavim.gob.ar\/wp-content\/uploads\/2019\/11\/poster-768x1086.jpg 768w, https:\/\/www.iaavim.gob.ar\/wp-content\/uploads\/2019\/11\/poster.jpg 842w\" sizes=\"auto, (max-width: 362px) 100vw, 362px\" \/><\/a><\/figure><\/div>\n\n\n\n<p>Una de las directoras del audiovisual, Gabriela Rold\u00e1n destac\u00f3 que todo el equipo de trabajo es misionero, y cuenta con la m\u00fasica original de Danilo Santinelli. \u201cEs una escaleta interesante, escenogr\u00e1fica, en el marco del centenario de Puerto Rico. Tiene una narrativa po\u00e9tica, es la selecci\u00f3n de un grupo de gente diversa de nuestra comunidad en un mediometraje de una hora\u201d, cont\u00f3.  <\/p>\n\n\n\n<p>En referencia al estreno manifest\u00f3 que como equipo est\u00e1n muy movilizados. &#8220;Pusimos mucho, trabajamos juntos desde la selecci\u00f3n del nombre y en todas las decisiones. El trabajo fue muy democr\u00e1tico y esperamos que el resultado tambi\u00e9n guste, porque lo hicimos con mucho amor\u201d, expres\u00f3 Rold\u00e1n.<\/p>\n\n\n\n<p>La idea del proyecto surgi\u00f3 a partir de una propuesta de Roc\u00edo Kopp. \u201cMe dijo para presentarnos a la convocatoria del IAAviM y acept\u00e9 el reto. Yo soy artista pl\u00e1stica, hice algunos trabajos en cine en otras \u00e9pocas para contenidos de Canal Encuentro y me gust\u00f3 la idea de sumarme a partir de que la conozco a Roc\u00edo, es una gran persona y profesional\u201d, valor\u00f3 Gabriela. Fue entonces que decidieron armar el equipo con gente de Puerto Rico, con una idea de escaleta de Roc\u00edo, ficci\u00f3n que luego se fue modificando,  abriendo puertas y el proyecto tom\u00f3 caminos diferentes. &#8220;Fue emocionante, duro y angustiante por la crisis que atraviesa el pa\u00eds, por lo que tambi\u00e9n agradecemos a los aportes de privados, auspiciantes empresarios y familia, que invirtieron a pesar de las circunstancias\u201d, subray\u00f3 Rold\u00e1n.<\/p>\n\n\n\n<figure class=\"wp-block-image\"><img loading=\"lazy\" decoding=\"async\" width=\"1024\" height=\"576\" src=\"https:\/\/iaavim.misiones.gob.ar\/wp-content\/uploads\/2019\/11\/100-puerto-rico-1024x576.jpg\" alt=\"Huella, r\u00edo, selva, Puerto Rico 100 ar\u00e1\" class=\"wp-image-9340\" srcset=\"https:\/\/www.iaavim.gob.ar\/wp-content\/uploads\/2019\/11\/100-puerto-rico-1024x576.jpg 1024w, https:\/\/www.iaavim.gob.ar\/wp-content\/uploads\/2019\/11\/100-puerto-rico-300x169.jpg 300w, https:\/\/www.iaavim.gob.ar\/wp-content\/uploads\/2019\/11\/100-puerto-rico-768x432.jpg 768w, https:\/\/www.iaavim.gob.ar\/wp-content\/uploads\/2019\/11\/100-puerto-rico-390x220.jpg 390w, https:\/\/www.iaavim.gob.ar\/wp-content\/uploads\/2019\/11\/100-puerto-rico.jpg 1200w\" sizes=\"auto, (max-width: 1024px) 100vw, 1024px\" \/><\/figure>\n\n\n\n<p>\u201cHuella, r\u00edo, selva. Puerto Rico 100 ar\u00e1\u201d hace hincapi\u00e9 en la fundaci\u00f3n en 1919, de la localidad ubicada sobre las costas del r\u00edo Paran\u00e1 a partir de la llegada de inmigrantes. En ese entonces en un lugar inh\u00f3spito de selva, surcos colorados, de una riqueza incre\u00edble, all\u00ed donde viv\u00edan Mby\u00e1 guaran\u00edes. El audiovisual recorre a partir de los relatos de sus habitantes su m\u00edstica, su desarrollo, los inicios y los tiempos en que llevaron a levantar cimientos de una ciudad que promete crecer y ser pujante.<\/p>\n\n\n\n<ul class=\"wp-block-gallery columns-3 is-cropped wp-block-gallery-1 is-layout-flex wp-block-gallery-is-layout-flex\"><li class=\"blocks-gallery-item\"><figure><img loading=\"lazy\" decoding=\"async\" width=\"1024\" height=\"682\" src=\"https:\/\/iaavim.misiones.gob.ar\/wp-content\/uploads\/2019\/11\/100-puerto-rico-01-1024x682.jpg\" alt=\"Puerto Rico\" data-id=\"9348\" data-link=\"https:\/\/iaavim.misiones.gob.ar\/?attachment_id=9348\" class=\"wp-image-9348\" srcset=\"https:\/\/www.iaavim.gob.ar\/wp-content\/uploads\/2019\/11\/100-puerto-rico-01-1024x682.jpg 1024w, https:\/\/www.iaavim.gob.ar\/wp-content\/uploads\/2019\/11\/100-puerto-rico-01-300x200.jpg 300w, https:\/\/www.iaavim.gob.ar\/wp-content\/uploads\/2019\/11\/100-puerto-rico-01-768x512.jpg 768w, https:\/\/www.iaavim.gob.ar\/wp-content\/uploads\/2019\/11\/100-puerto-rico-01.jpg 1280w\" sizes=\"auto, (max-width: 1024px) 100vw, 1024px\" \/><\/figure><\/li><li class=\"blocks-gallery-item\"><figure><img loading=\"lazy\" decoding=\"async\" width=\"1024\" height=\"682\" src=\"https:\/\/iaavim.misiones.gob.ar\/wp-content\/uploads\/2019\/11\/100-puerto-rico-02-1024x682.jpg\" alt=\"\" data-id=\"9347\" data-link=\"https:\/\/iaavim.misiones.gob.ar\/?attachment_id=9347\" class=\"wp-image-9347\" srcset=\"https:\/\/www.iaavim.gob.ar\/wp-content\/uploads\/2019\/11\/100-puerto-rico-02-1024x682.jpg 1024w, https:\/\/www.iaavim.gob.ar\/wp-content\/uploads\/2019\/11\/100-puerto-rico-02-300x200.jpg 300w, https:\/\/www.iaavim.gob.ar\/wp-content\/uploads\/2019\/11\/100-puerto-rico-02-768x512.jpg 768w, https:\/\/www.iaavim.gob.ar\/wp-content\/uploads\/2019\/11\/100-puerto-rico-02.jpg 1280w\" sizes=\"auto, (max-width: 1024px) 100vw, 1024px\" \/><\/figure><\/li><li class=\"blocks-gallery-item\"><figure><img loading=\"lazy\" decoding=\"async\" width=\"1024\" height=\"682\" src=\"https:\/\/iaavim.misiones.gob.ar\/wp-content\/uploads\/2019\/11\/100-puerto-rico-03-1024x682.jpg\" alt=\"\" data-id=\"9346\" data-link=\"https:\/\/iaavim.misiones.gob.ar\/?attachment_id=9346\" class=\"wp-image-9346\" srcset=\"https:\/\/www.iaavim.gob.ar\/wp-content\/uploads\/2019\/11\/100-puerto-rico-03-1024x682.jpg 1024w, https:\/\/www.iaavim.gob.ar\/wp-content\/uploads\/2019\/11\/100-puerto-rico-03-300x200.jpg 300w, https:\/\/www.iaavim.gob.ar\/wp-content\/uploads\/2019\/11\/100-puerto-rico-03-768x512.jpg 768w, https:\/\/www.iaavim.gob.ar\/wp-content\/uploads\/2019\/11\/100-puerto-rico-03.jpg 1280w\" sizes=\"auto, (max-width: 1024px) 100vw, 1024px\" \/><\/figure><\/li><li class=\"blocks-gallery-item\"><figure><img loading=\"lazy\" decoding=\"async\" width=\"1024\" height=\"682\" src=\"https:\/\/iaavim.misiones.gob.ar\/wp-content\/uploads\/2019\/11\/100-puerto-rico-04-1024x682.jpg\" alt=\"\" data-id=\"9345\" data-link=\"https:\/\/iaavim.misiones.gob.ar\/?attachment_id=9345\" class=\"wp-image-9345\" srcset=\"https:\/\/www.iaavim.gob.ar\/wp-content\/uploads\/2019\/11\/100-puerto-rico-04-1024x682.jpg 1024w, https:\/\/www.iaavim.gob.ar\/wp-content\/uploads\/2019\/11\/100-puerto-rico-04-300x200.jpg 300w, https:\/\/www.iaavim.gob.ar\/wp-content\/uploads\/2019\/11\/100-puerto-rico-04-768x512.jpg 768w, https:\/\/www.iaavim.gob.ar\/wp-content\/uploads\/2019\/11\/100-puerto-rico-04.jpg 1280w\" sizes=\"auto, (max-width: 1024px) 100vw, 1024px\" \/><\/figure><\/li><li class=\"blocks-gallery-item\"><figure><img loading=\"lazy\" decoding=\"async\" width=\"1024\" height=\"682\" src=\"https:\/\/iaavim.misiones.gob.ar\/wp-content\/uploads\/2019\/11\/100-puerto-rico-05-1024x682.jpg\" alt=\"\" data-id=\"9344\" data-link=\"https:\/\/iaavim.misiones.gob.ar\/?attachment_id=9344\" class=\"wp-image-9344\" srcset=\"https:\/\/www.iaavim.gob.ar\/wp-content\/uploads\/2019\/11\/100-puerto-rico-05-1024x682.jpg 1024w, https:\/\/www.iaavim.gob.ar\/wp-content\/uploads\/2019\/11\/100-puerto-rico-05-300x200.jpg 300w, https:\/\/www.iaavim.gob.ar\/wp-content\/uploads\/2019\/11\/100-puerto-rico-05-768x512.jpg 768w, https:\/\/www.iaavim.gob.ar\/wp-content\/uploads\/2019\/11\/100-puerto-rico-05.jpg 1280w\" sizes=\"auto, (max-width: 1024px) 100vw, 1024px\" \/><\/figure><\/li><\/ul>\n\n\n\n<p>El mediometraje cuenta con la actuaci\u00f3n de Evelyn Kunrath, la direcci\u00f3n de Sonido de Fernando Alvarenga, el montaje de Roc\u00edo Kopp, la direcci\u00f3n de Fotograf\u00eda y color de Gustavo Vier, la ambientaci\u00f3n de Romina Albisser, el vestuario de Carmen Warken, la c\u00e1mara de Juan Ojeda y el dise\u00f1o gr\u00e1fico de Andrea Schuh. Tambi\u00e9n se cont\u00f3 con el estudio de grabaci\u00f3n de RP 2000.<\/p>\n\n\n\n<figure class=\"wp-block-embed-youtube wp-block-embed is-type-video is-provider-youtube wp-embed-aspect-16-9 wp-has-aspect-ratio\"><div class=\"wp-block-embed__wrapper\">\n<iframe loading=\"lazy\"  id=\"_ytid_79279\"  width=\"480\" height=\"270\"  data-origwidth=\"480\" data-origheight=\"270\" src=\"https:\/\/www.youtube.com\/embed\/pPe5Qc9R_4c?enablejsapi=1&#038;autoplay=0&#038;cc_load_policy=0&#038;cc_lang_pref=&#038;iv_load_policy=1&#038;loop=0&#038;rel=0&#038;fs=1&#038;playsinline=0&#038;autohide=2&#038;hl=es_AR&#038;theme=dark&#038;color=red&#038;controls=1&#038;disablekb=0&#038;\" class=\"__youtube_prefs__  epyt-is-override  no-lazyload\" title=\"YouTube player\"  allow=\"fullscreen; accelerometer; autoplay; clipboard-write; encrypted-media; gyroscope; picture-in-picture; web-share\" referrerpolicy=\"strict-origin-when-cross-origin\" allowfullscreen data-no-lazy=\"1\" data-skipgform_ajax_framebjll=\"\"><\/iframe>\n<\/div><\/figure>\n","protected":false},"excerpt":{"rendered":"<p>Como parte de los festejos del centenario de la Capital de la Industria, este s\u00e1bado 30 de noviembre a las 20:30 se estrenar\u00e1 en el cine teatro San Mart\u00edn el mediometraje \u201cHuella, r\u00edo, selva, Puerto Rico 100 ar\u00e1\u201d, un documental ficcionado co-dirigido por Roc\u00edo Kopp y Gabriela Rold\u00e1n, realizado con el subsidio y apoyo de &hellip;<\/p>\n","protected":false},"author":1,"featured_media":9342,"comment_status":"closed","ping_status":"open","sticky":false,"template":"","format":"standard","meta":{"_acf_changed":false,"footnotes":""},"categories":[3,22,25],"tags":[],"class_list":["post-9338","post","type-post","status-publish","format-standard","has-post-thumbnail","hentry","category-cartelera","category-newsletter","category-publico"],"acf":[],"yoast_head":"<!-- This site is optimized with the Yoast SEO plugin v27.4 - https:\/\/yoast.com\/product\/yoast-seo-wordpress\/ -->\n<title>Se estrena &quot;Huella, r\u00edo, selva: Puerto Rico 100 ar\u00e1&quot;, de Roc\u00edo Kopp y Gabriela Rold\u00e1n -<\/title>\n<meta name=\"robots\" content=\"index, follow, max-snippet:-1, max-image-preview:large, max-video-preview:-1\" \/>\n<link rel=\"canonical\" href=\"https:\/\/www.iaavim.gob.ar\/?p=9338\" \/>\n<meta property=\"og:locale\" content=\"es_ES\" \/>\n<meta property=\"og:type\" content=\"article\" \/>\n<meta property=\"og:title\" content=\"Se estrena &quot;Huella, r\u00edo, selva: Puerto Rico 100 ar\u00e1&quot;, de Roc\u00edo Kopp y Gabriela Rold\u00e1n -\" \/>\n<meta property=\"og:description\" content=\"Como parte de los festejos del centenario de la Capital de la Industria, este s\u00e1bado 30 de noviembre a las 20:30 se estrenar\u00e1 en el cine teatro San Mart\u00edn el mediometraje \u201cHuella, r\u00edo, selva, Puerto Rico 100 ar\u00e1\u201d, un documental ficcionado co-dirigido por Roc\u00edo Kopp y Gabriela Rold\u00e1n, realizado con el subsidio y apoyo de &hellip;\" \/>\n<meta property=\"og:url\" content=\"https:\/\/www.iaavim.gob.ar\/?p=9338\" \/>\n<meta property=\"article:published_time\" content=\"2019-11-28T15:42:13+00:00\" \/>\n<meta property=\"article:modified_time\" content=\"2019-12-18T14:07:46+00:00\" \/>\n<meta property=\"og:image\" content=\"https:\/\/www.iaavim.gob.ar\/wp-content\/uploads\/2019\/11\/100-puerto-rico-dest.jpg\" \/>\n\t<meta property=\"og:image:width\" content=\"1404\" \/>\n\t<meta property=\"og:image:height\" content=\"675\" \/>\n\t<meta property=\"og:image:type\" content=\"image\/jpeg\" \/>\n<meta name=\"author\" content=\"IAAviM\" \/>\n<meta name=\"twitter:card\" content=\"summary_large_image\" \/>\n<meta name=\"twitter:label1\" content=\"Escrito por\" \/>\n\t<meta name=\"twitter:data1\" content=\"IAAviM\" \/>\n\t<meta name=\"twitter:label2\" content=\"Tiempo de lectura\" \/>\n\t<meta name=\"twitter:data2\" content=\"3 minutos\" \/>\n<script type=\"application\/ld+json\" class=\"yoast-schema-graph\">{\"@context\":\"https:\\\/\\\/schema.org\",\"@graph\":[{\"@type\":\"Article\",\"@id\":\"https:\\\/\\\/www.iaavim.gob.ar\\\/?p=9338#article\",\"isPartOf\":{\"@id\":\"https:\\\/\\\/www.iaavim.gob.ar\\\/?p=9338\"},\"author\":{\"name\":\"IAAviM\",\"@id\":\"\\\/#\\\/schema\\\/person\\\/567fbb427319d0dae3bc6b33aba48a62\"},\"headline\":\"Se estrena &#8220;Huella, r\u00edo, selva: Puerto Rico 100 ar\u00e1&#8221;, de Roc\u00edo Kopp y Gabriela Rold\u00e1n\",\"datePublished\":\"2019-11-28T15:42:13+00:00\",\"dateModified\":\"2019-12-18T14:07:46+00:00\",\"mainEntityOfPage\":{\"@id\":\"https:\\\/\\\/www.iaavim.gob.ar\\\/?p=9338\"},\"wordCount\":521,\"publisher\":{\"@id\":\"\\\/#organization\"},\"image\":{\"@id\":\"https:\\\/\\\/www.iaavim.gob.ar\\\/?p=9338#primaryimage\"},\"thumbnailUrl\":\"https:\\\/\\\/www.iaavim.gob.ar\\\/wp-content\\\/uploads\\\/2019\\\/11\\\/100-puerto-rico-dest.jpg\",\"articleSection\":[\"Cartelera\",\"Newsletter\",\"P\u00fablico\"],\"inLanguage\":\"es-AR\"},{\"@type\":\"WebPage\",\"@id\":\"https:\\\/\\\/www.iaavim.gob.ar\\\/?p=9338\",\"url\":\"https:\\\/\\\/www.iaavim.gob.ar\\\/?p=9338\",\"name\":\"Se estrena \\\"Huella, r\u00edo, selva: Puerto Rico 100 ar\u00e1\\\", de Roc\u00edo Kopp y Gabriela Rold\u00e1n -\",\"isPartOf\":{\"@id\":\"\\\/#website\"},\"primaryImageOfPage\":{\"@id\":\"https:\\\/\\\/www.iaavim.gob.ar\\\/?p=9338#primaryimage\"},\"image\":{\"@id\":\"https:\\\/\\\/www.iaavim.gob.ar\\\/?p=9338#primaryimage\"},\"thumbnailUrl\":\"https:\\\/\\\/www.iaavim.gob.ar\\\/wp-content\\\/uploads\\\/2019\\\/11\\\/100-puerto-rico-dest.jpg\",\"datePublished\":\"2019-11-28T15:42:13+00:00\",\"dateModified\":\"2019-12-18T14:07:46+00:00\",\"breadcrumb\":{\"@id\":\"https:\\\/\\\/www.iaavim.gob.ar\\\/?p=9338#breadcrumb\"},\"inLanguage\":\"es-AR\",\"potentialAction\":[{\"@type\":\"ReadAction\",\"target\":[\"https:\\\/\\\/www.iaavim.gob.ar\\\/?p=9338\"]}]},{\"@type\":\"ImageObject\",\"inLanguage\":\"es-AR\",\"@id\":\"https:\\\/\\\/www.iaavim.gob.ar\\\/?p=9338#primaryimage\",\"url\":\"https:\\\/\\\/www.iaavim.gob.ar\\\/wp-content\\\/uploads\\\/2019\\\/11\\\/100-puerto-rico-dest.jpg\",\"contentUrl\":\"https:\\\/\\\/www.iaavim.gob.ar\\\/wp-content\\\/uploads\\\/2019\\\/11\\\/100-puerto-rico-dest.jpg\",\"width\":1404,\"height\":675},{\"@type\":\"BreadcrumbList\",\"@id\":\"https:\\\/\\\/www.iaavim.gob.ar\\\/?p=9338#breadcrumb\",\"itemListElement\":[{\"@type\":\"ListItem\",\"position\":1,\"name\":\"Inicio\",\"item\":\"https:\\\/\\\/www.iaavim.gob.ar\\\/\"},{\"@type\":\"ListItem\",\"position\":2,\"name\":\"Se estrena &#8220;Huella, r\u00edo, selva: Puerto Rico 100 ar\u00e1&#8221;, de Roc\u00edo Kopp y Gabriela Rold\u00e1n\"}]},{\"@type\":\"WebSite\",\"@id\":\"\\\/#website\",\"url\":\"\\\/\",\"name\":\"\",\"description\":\"Sitio oficial del IAAviM\",\"publisher\":{\"@id\":\"\\\/#organization\"},\"potentialAction\":[{\"@type\":\"SearchAction\",\"target\":{\"@type\":\"EntryPoint\",\"urlTemplate\":\"\\\/?s={search_term_string}\"},\"query-input\":{\"@type\":\"PropertyValueSpecification\",\"valueRequired\":true,\"valueName\":\"search_term_string\"}}],\"inLanguage\":\"es-AR\"},{\"@type\":\"Organization\",\"@id\":\"\\\/#organization\",\"name\":\"Instituto de Artes Audiovisuales de Misiones\",\"url\":\"\\\/\",\"logo\":{\"@type\":\"ImageObject\",\"inLanguage\":\"es-AR\",\"@id\":\"\\\/#\\\/schema\\\/logo\\\/image\\\/\",\"url\":\"https:\\\/\\\/iaavim.misiones.gob.ar\\\/wp-content\\\/uploads\\\/2021\\\/07\\\/logo-iaavim-preview.png.jpg\",\"contentUrl\":\"https:\\\/\\\/iaavim.misiones.gob.ar\\\/wp-content\\\/uploads\\\/2021\\\/07\\\/logo-iaavim-preview.png.jpg\",\"width\":1200,\"height\":675,\"caption\":\"Instituto de Artes Audiovisuales de Misiones\"},\"image\":{\"@id\":\"\\\/#\\\/schema\\\/logo\\\/image\\\/\"}},{\"@type\":\"Person\",\"@id\":\"\\\/#\\\/schema\\\/person\\\/567fbb427319d0dae3bc6b33aba48a62\",\"name\":\"IAAviM\",\"image\":{\"@type\":\"ImageObject\",\"inLanguage\":\"es-AR\",\"@id\":\"https:\\\/\\\/secure.gravatar.com\\\/avatar\\\/9802bb83cd8afc8d9eae1a570850fcaf194494ca73cbac30d506afe269460348?s=96&d=blank&r=g\",\"url\":\"https:\\\/\\\/secure.gravatar.com\\\/avatar\\\/9802bb83cd8afc8d9eae1a570850fcaf194494ca73cbac30d506afe269460348?s=96&d=blank&r=g\",\"contentUrl\":\"https:\\\/\\\/secure.gravatar.com\\\/avatar\\\/9802bb83cd8afc8d9eae1a570850fcaf194494ca73cbac30d506afe269460348?s=96&d=blank&r=g\",\"caption\":\"IAAviM\"},\"url\":\"https:\\\/\\\/www.iaavim.gob.ar\\\/?author=1\"}]}<\/script>\n<!-- \/ Yoast SEO plugin. -->","yoast_head_json":{"title":"Se estrena \"Huella, r\u00edo, selva: Puerto Rico 100 ar\u00e1\", de Roc\u00edo Kopp y Gabriela Rold\u00e1n -","robots":{"index":"index","follow":"follow","max-snippet":"max-snippet:-1","max-image-preview":"max-image-preview:large","max-video-preview":"max-video-preview:-1"},"canonical":"https:\/\/www.iaavim.gob.ar\/?p=9338","og_locale":"es_ES","og_type":"article","og_title":"Se estrena \"Huella, r\u00edo, selva: Puerto Rico 100 ar\u00e1\", de Roc\u00edo Kopp y Gabriela Rold\u00e1n -","og_description":"Como parte de los festejos del centenario de la Capital de la Industria, este s\u00e1bado 30 de noviembre a las 20:30 se estrenar\u00e1 en el cine teatro San Mart\u00edn el mediometraje \u201cHuella, r\u00edo, selva, Puerto Rico 100 ar\u00e1\u201d, un documental ficcionado co-dirigido por Roc\u00edo Kopp y Gabriela Rold\u00e1n, realizado con el subsidio y apoyo de &hellip;","og_url":"https:\/\/www.iaavim.gob.ar\/?p=9338","article_published_time":"2019-11-28T15:42:13+00:00","article_modified_time":"2019-12-18T14:07:46+00:00","og_image":[{"width":1404,"height":675,"url":"https:\/\/www.iaavim.gob.ar\/wp-content\/uploads\/2019\/11\/100-puerto-rico-dest.jpg","type":"image\/jpeg"}],"author":"IAAviM","twitter_card":"summary_large_image","twitter_misc":{"Escrito por":"IAAviM","Tiempo de lectura":"3 minutos"},"schema":{"@context":"https:\/\/schema.org","@graph":[{"@type":"Article","@id":"https:\/\/www.iaavim.gob.ar\/?p=9338#article","isPartOf":{"@id":"https:\/\/www.iaavim.gob.ar\/?p=9338"},"author":{"name":"IAAviM","@id":"\/#\/schema\/person\/567fbb427319d0dae3bc6b33aba48a62"},"headline":"Se estrena &#8220;Huella, r\u00edo, selva: Puerto Rico 100 ar\u00e1&#8221;, de Roc\u00edo Kopp y Gabriela Rold\u00e1n","datePublished":"2019-11-28T15:42:13+00:00","dateModified":"2019-12-18T14:07:46+00:00","mainEntityOfPage":{"@id":"https:\/\/www.iaavim.gob.ar\/?p=9338"},"wordCount":521,"publisher":{"@id":"\/#organization"},"image":{"@id":"https:\/\/www.iaavim.gob.ar\/?p=9338#primaryimage"},"thumbnailUrl":"https:\/\/www.iaavim.gob.ar\/wp-content\/uploads\/2019\/11\/100-puerto-rico-dest.jpg","articleSection":["Cartelera","Newsletter","P\u00fablico"],"inLanguage":"es-AR"},{"@type":"WebPage","@id":"https:\/\/www.iaavim.gob.ar\/?p=9338","url":"https:\/\/www.iaavim.gob.ar\/?p=9338","name":"Se estrena \"Huella, r\u00edo, selva: Puerto Rico 100 ar\u00e1\", de Roc\u00edo Kopp y Gabriela Rold\u00e1n -","isPartOf":{"@id":"\/#website"},"primaryImageOfPage":{"@id":"https:\/\/www.iaavim.gob.ar\/?p=9338#primaryimage"},"image":{"@id":"https:\/\/www.iaavim.gob.ar\/?p=9338#primaryimage"},"thumbnailUrl":"https:\/\/www.iaavim.gob.ar\/wp-content\/uploads\/2019\/11\/100-puerto-rico-dest.jpg","datePublished":"2019-11-28T15:42:13+00:00","dateModified":"2019-12-18T14:07:46+00:00","breadcrumb":{"@id":"https:\/\/www.iaavim.gob.ar\/?p=9338#breadcrumb"},"inLanguage":"es-AR","potentialAction":[{"@type":"ReadAction","target":["https:\/\/www.iaavim.gob.ar\/?p=9338"]}]},{"@type":"ImageObject","inLanguage":"es-AR","@id":"https:\/\/www.iaavim.gob.ar\/?p=9338#primaryimage","url":"https:\/\/www.iaavim.gob.ar\/wp-content\/uploads\/2019\/11\/100-puerto-rico-dest.jpg","contentUrl":"https:\/\/www.iaavim.gob.ar\/wp-content\/uploads\/2019\/11\/100-puerto-rico-dest.jpg","width":1404,"height":675},{"@type":"BreadcrumbList","@id":"https:\/\/www.iaavim.gob.ar\/?p=9338#breadcrumb","itemListElement":[{"@type":"ListItem","position":1,"name":"Inicio","item":"https:\/\/www.iaavim.gob.ar\/"},{"@type":"ListItem","position":2,"name":"Se estrena &#8220;Huella, r\u00edo, selva: Puerto Rico 100 ar\u00e1&#8221;, de Roc\u00edo Kopp y Gabriela Rold\u00e1n"}]},{"@type":"WebSite","@id":"\/#website","url":"\/","name":"","description":"Sitio oficial del IAAviM","publisher":{"@id":"\/#organization"},"potentialAction":[{"@type":"SearchAction","target":{"@type":"EntryPoint","urlTemplate":"\/?s={search_term_string}"},"query-input":{"@type":"PropertyValueSpecification","valueRequired":true,"valueName":"search_term_string"}}],"inLanguage":"es-AR"},{"@type":"Organization","@id":"\/#organization","name":"Instituto de Artes Audiovisuales de Misiones","url":"\/","logo":{"@type":"ImageObject","inLanguage":"es-AR","@id":"\/#\/schema\/logo\/image\/","url":"https:\/\/iaavim.misiones.gob.ar\/wp-content\/uploads\/2021\/07\/logo-iaavim-preview.png.jpg","contentUrl":"https:\/\/iaavim.misiones.gob.ar\/wp-content\/uploads\/2021\/07\/logo-iaavim-preview.png.jpg","width":1200,"height":675,"caption":"Instituto de Artes Audiovisuales de Misiones"},"image":{"@id":"\/#\/schema\/logo\/image\/"}},{"@type":"Person","@id":"\/#\/schema\/person\/567fbb427319d0dae3bc6b33aba48a62","name":"IAAviM","image":{"@type":"ImageObject","inLanguage":"es-AR","@id":"https:\/\/secure.gravatar.com\/avatar\/9802bb83cd8afc8d9eae1a570850fcaf194494ca73cbac30d506afe269460348?s=96&d=blank&r=g","url":"https:\/\/secure.gravatar.com\/avatar\/9802bb83cd8afc8d9eae1a570850fcaf194494ca73cbac30d506afe269460348?s=96&d=blank&r=g","contentUrl":"https:\/\/secure.gravatar.com\/avatar\/9802bb83cd8afc8d9eae1a570850fcaf194494ca73cbac30d506afe269460348?s=96&d=blank&r=g","caption":"IAAviM"},"url":"https:\/\/www.iaavim.gob.ar\/?author=1"}]}},"amp_enabled":true,"_links":{"self":[{"href":"https:\/\/www.iaavim.gob.ar\/index.php?rest_route=\/wp\/v2\/posts\/9338","targetHints":{"allow":["GET"]}}],"collection":[{"href":"https:\/\/www.iaavim.gob.ar\/index.php?rest_route=\/wp\/v2\/posts"}],"about":[{"href":"https:\/\/www.iaavim.gob.ar\/index.php?rest_route=\/wp\/v2\/types\/post"}],"author":[{"embeddable":true,"href":"https:\/\/www.iaavim.gob.ar\/index.php?rest_route=\/wp\/v2\/users\/1"}],"replies":[{"embeddable":true,"href":"https:\/\/www.iaavim.gob.ar\/index.php?rest_route=%2Fwp%2Fv2%2Fcomments&post=9338"}],"version-history":[{"count":4,"href":"https:\/\/www.iaavim.gob.ar\/index.php?rest_route=\/wp\/v2\/posts\/9338\/revisions"}],"predecessor-version":[{"id":9356,"href":"https:\/\/www.iaavim.gob.ar\/index.php?rest_route=\/wp\/v2\/posts\/9338\/revisions\/9356"}],"wp:featuredmedia":[{"embeddable":true,"href":"https:\/\/www.iaavim.gob.ar\/index.php?rest_route=\/wp\/v2\/media\/9342"}],"wp:attachment":[{"href":"https:\/\/www.iaavim.gob.ar\/index.php?rest_route=%2Fwp%2Fv2%2Fmedia&parent=9338"}],"wp:term":[{"taxonomy":"category","embeddable":true,"href":"https:\/\/www.iaavim.gob.ar\/index.php?rest_route=%2Fwp%2Fv2%2Fcategories&post=9338"},{"taxonomy":"post_tag","embeddable":true,"href":"https:\/\/www.iaavim.gob.ar\/index.php?rest_route=%2Fwp%2Fv2%2Ftags&post=9338"}],"curies":[{"name":"wp","href":"https:\/\/api.w.org\/{rel}","templated":true}]}}