{"id":9289,"date":"2019-11-22T15:41:53","date_gmt":"2019-11-22T18:41:53","guid":{"rendered":"https:\/\/iaavim.com\/?p=9289"},"modified":"2019-12-18T11:08:25","modified_gmt":"2019-12-18T14:08:25","slug":"primer-encuentro-de-cine-de-posadas","status":"publish","type":"post","link":"https:\/\/www.iaavim.gob.ar\/?p=9289","title":{"rendered":"El anfiteatro El Brete escenario del 1\u00ba Encuentro de Cine de Posadas"},"content":{"rendered":"\n<p>Este viernes 22 y s\u00e1bado 23 de noviembre se realizar\u00e1 el <strong>1\u00ba Encuentro de Cine Ciudad de Posadas<\/strong> organizado por la Municipalidad de Posadas, a trav\u00e9s de la Film Commission Posadas. El evento ser\u00e1 desde las 18:00 en el anfiteatro natural El Brete y no solo se exhibir\u00e1n pel\u00edculas locales y nacionales que se encuentran en cartelera, sino tambi\u00e9n est\u00e1 convocada a todos aquellos directores y productores para tratar temas relacionados a las producciones audiovisuales.<\/p>\n\n\n\n<p>El\nencuentro es abierto a todo el p\u00fablico con entrada gratuita y tendr\u00e1\nsu apertura oficial el viernes a las 19:30 con la presentaci\u00f3n a\ncargo de Federico Bal (actor), Gabriel Lahaye (productor), Constanza\nSandoval (directora de fotograf\u00eda), Yamila Barnasthpol (directora) y\nVer\u00f3nica Gentili (directora y coordinadora de la Posadas Film\nCommission) como previa a la proyecci\u00f3n del film \u201cCr\u00edmenes\nImposibles\u201d. Ese mismo d\u00eda se podr\u00e1n disfrutar de dos cortos de\norigen misionero: \u201cNo hay bestias\u201d, con Constanza Sandoval\n(Directora de Fotograf\u00eda) y \u201cRespiro\u201d, del director Diego\nBellocchio. \n<\/p>\n\n\n\n<p>Para\nel segundo d\u00eda de este Encuentro, se proyectar\u00e1 el corto \u201cMombyry\u201d,\nde la directora misionera Fremdina Bianco, el primer cap\u00edtulo serie\nmisionera LGBTQI \u201cTodo lo que me gusta\u201d, con guion de Sergio\nAcosta y direcci\u00f3n de Guillermo Rovira, y el documental \u201cEl sonido\nde los N\u00fa\u00f1ez\u201d, de Eli\u00e1n Guer\u00edn, con la presencia de su\nproductor Alejandro Guti\u00e9rrez. \n<\/p>\n\n\n\n<p>\nAdem\u00e1s,\nse concretar\u00e1 un encuentro con el director argentino N\u00e9stor\nMontalbano como antesala a la proyecci\u00f3n de su pel\u00edcula  \u201cNo\nllores por m\u00ed Inglaterra\u201d, una comedia de \u00e9poca y f\u00fatbol,\nprotagonizada por Gonzalo Heredia, Mike Amigorena, Laura Fidalgo y\nDiego Capusotto. En el cierre de la jornada, se podr\u00e1 ver en la\npantalla grande la pel\u00edcula de comedia \u201cPorno para principiantes\u201d,\nuna coproducci\u00f3n de Uruguay y Argentina estrenada en 2019 y dirigida\npor Carlos Ameglio. Durante el d\u00eda s\u00e1bado tambi\u00e9n habr\u00e1 espacio\npara el aprendizaje con \u201cJugando en el set\u201d, a cargo del taller\nde Cine para Ni\u00f1xs de Laboratorio Guayr\u00e1 y con el taller \u201cCasting\naqu\u00ed y ahora\u201d, a cargo de Ana Luz Kallsten con todo lo que se\nnecesita saber sobre el proceso de casting.<\/p>\n\n\n\n<p>\u201cEstamos\nmuy contentos porque se concreta este Primer Encuentro de Cine de\nPosadas, generando un espacio que acerca el cine a todo y todas los\nciudadanos a trav\u00e9s de la proyecci\u00f3n de pel\u00edculas, charlas y\ntalleres con actores, productores y directores\u201d, resalt\u00f3 Ver\u00f3nica\nGentili. En tanto dio cuenta que en el encuentro se hablar\u00e1 sobre\nc\u00f3mo hacer las pel\u00edculas, c\u00f3mo acercar a la gente al cine y\n\u201ctratar de entusiasmar para que las personas empiecen a conocer un\npoco m\u00e1s del cine argentino\u201d, coment\u00f3 Gentili. En el lugar\ntambi\u00e9n se contar\u00e1 con un patio gastron\u00f3mico y la venta de\ncervezas artesanales.<\/p>\n","protected":false},"excerpt":{"rendered":"<p>Este viernes 22 y s\u00e1bado 23 de noviembre se realizar\u00e1 el 1\u00ba Encuentro de Cine Ciudad de Posadas organizado por la Municipalidad de Posadas, a trav\u00e9s de la Film Commission Posadas. El evento ser\u00e1 desde las 18:00 en el anfiteatro natural El Brete y no solo se exhibir\u00e1n pel\u00edculas locales y nacionales que se encuentran &hellip;<\/p>\n","protected":false},"author":1,"featured_media":9290,"comment_status":"closed","ping_status":"open","sticky":false,"template":"","format":"standard","meta":{"_acf_changed":false,"footnotes":""},"categories":[22],"tags":[],"class_list":["post-9289","post","type-post","status-publish","format-standard","has-post-thumbnail","hentry","category-newsletter"],"acf":[],"yoast_head":"<!-- This site is optimized with the Yoast SEO plugin v27.4 - https:\/\/yoast.com\/product\/yoast-seo-wordpress\/ -->\n<title>El anfiteatro El Brete escenario del 1\u00ba Encuentro de Cine de Posadas -<\/title>\n<meta name=\"description\" content=\"Este viernes 22 y s\u00e1bado 23 de noviembre se realizar\u00e1 este Encuentro a trav\u00e9s de la Film Commission Posadas.\" \/>\n<meta name=\"robots\" content=\"index, follow, max-snippet:-1, max-image-preview:large, max-video-preview:-1\" \/>\n<link rel=\"canonical\" href=\"https:\/\/www.iaavim.gob.ar\/?p=9289\" \/>\n<meta property=\"og:locale\" content=\"es_ES\" \/>\n<meta property=\"og:type\" content=\"article\" \/>\n<meta property=\"og:title\" content=\"El anfiteatro El Brete escenario del 1\u00ba Encuentro de Cine de Posadas -\" \/>\n<meta property=\"og:description\" content=\"Este viernes 22 y s\u00e1bado 23 de noviembre se realizar\u00e1 este Encuentro a trav\u00e9s de la Film Commission Posadas.\" \/>\n<meta property=\"og:url\" content=\"https:\/\/www.iaavim.gob.ar\/?p=9289\" \/>\n<meta property=\"article:published_time\" content=\"2019-11-22T18:41:53+00:00\" \/>\n<meta property=\"article:modified_time\" content=\"2019-12-18T14:08:25+00:00\" \/>\n<meta property=\"og:image\" content=\"https:\/\/www.iaavim.gob.ar\/wp-content\/uploads\/2019\/11\/encuentro-de-cine.jpg\" \/>\n\t<meta property=\"og:image:width\" content=\"730\" \/>\n\t<meta property=\"og:image:height\" content=\"411\" \/>\n\t<meta property=\"og:image:type\" content=\"image\/jpeg\" \/>\n<meta name=\"author\" content=\"IAAviM\" \/>\n<meta name=\"twitter:card\" content=\"summary_large_image\" \/>\n<meta name=\"twitter:label1\" content=\"Escrito por\" \/>\n\t<meta name=\"twitter:data1\" content=\"IAAviM\" \/>\n\t<meta name=\"twitter:label2\" content=\"Tiempo de lectura\" \/>\n\t<meta name=\"twitter:data2\" content=\"2 minutos\" \/>\n<script type=\"application\/ld+json\" class=\"yoast-schema-graph\">{\"@context\":\"https:\\\/\\\/schema.org\",\"@graph\":[{\"@type\":\"Article\",\"@id\":\"https:\\\/\\\/www.iaavim.gob.ar\\\/?p=9289#article\",\"isPartOf\":{\"@id\":\"https:\\\/\\\/www.iaavim.gob.ar\\\/?p=9289\"},\"author\":{\"name\":\"IAAviM\",\"@id\":\"\\\/#\\\/schema\\\/person\\\/567fbb427319d0dae3bc6b33aba48a62\"},\"headline\":\"El anfiteatro El Brete escenario del 1\u00ba Encuentro de Cine de Posadas\",\"datePublished\":\"2019-11-22T18:41:53+00:00\",\"dateModified\":\"2019-12-18T14:08:25+00:00\",\"mainEntityOfPage\":{\"@id\":\"https:\\\/\\\/www.iaavim.gob.ar\\\/?p=9289\"},\"wordCount\":496,\"publisher\":{\"@id\":\"\\\/#organization\"},\"image\":{\"@id\":\"https:\\\/\\\/www.iaavim.gob.ar\\\/?p=9289#primaryimage\"},\"thumbnailUrl\":\"https:\\\/\\\/www.iaavim.gob.ar\\\/wp-content\\\/uploads\\\/2019\\\/11\\\/encuentro-de-cine.jpg\",\"articleSection\":[\"Newsletter\"],\"inLanguage\":\"es-AR\"},{\"@type\":\"WebPage\",\"@id\":\"https:\\\/\\\/www.iaavim.gob.ar\\\/?p=9289\",\"url\":\"https:\\\/\\\/www.iaavim.gob.ar\\\/?p=9289\",\"name\":\"El anfiteatro El Brete escenario del 1\u00ba Encuentro de Cine de Posadas -\",\"isPartOf\":{\"@id\":\"\\\/#website\"},\"primaryImageOfPage\":{\"@id\":\"https:\\\/\\\/www.iaavim.gob.ar\\\/?p=9289#primaryimage\"},\"image\":{\"@id\":\"https:\\\/\\\/www.iaavim.gob.ar\\\/?p=9289#primaryimage\"},\"thumbnailUrl\":\"https:\\\/\\\/www.iaavim.gob.ar\\\/wp-content\\\/uploads\\\/2019\\\/11\\\/encuentro-de-cine.jpg\",\"datePublished\":\"2019-11-22T18:41:53+00:00\",\"dateModified\":\"2019-12-18T14:08:25+00:00\",\"description\":\"Este viernes 22 y s\u00e1bado 23 de noviembre se realizar\u00e1 este Encuentro a trav\u00e9s de la Film Commission Posadas.\",\"breadcrumb\":{\"@id\":\"https:\\\/\\\/www.iaavim.gob.ar\\\/?p=9289#breadcrumb\"},\"inLanguage\":\"es-AR\",\"potentialAction\":[{\"@type\":\"ReadAction\",\"target\":[\"https:\\\/\\\/www.iaavim.gob.ar\\\/?p=9289\"]}]},{\"@type\":\"ImageObject\",\"inLanguage\":\"es-AR\",\"@id\":\"https:\\\/\\\/www.iaavim.gob.ar\\\/?p=9289#primaryimage\",\"url\":\"https:\\\/\\\/www.iaavim.gob.ar\\\/wp-content\\\/uploads\\\/2019\\\/11\\\/encuentro-de-cine.jpg\",\"contentUrl\":\"https:\\\/\\\/www.iaavim.gob.ar\\\/wp-content\\\/uploads\\\/2019\\\/11\\\/encuentro-de-cine.jpg\",\"width\":730,\"height\":411},{\"@type\":\"BreadcrumbList\",\"@id\":\"https:\\\/\\\/www.iaavim.gob.ar\\\/?p=9289#breadcrumb\",\"itemListElement\":[{\"@type\":\"ListItem\",\"position\":1,\"name\":\"Inicio\",\"item\":\"https:\\\/\\\/www.iaavim.gob.ar\\\/\"},{\"@type\":\"ListItem\",\"position\":2,\"name\":\"El anfiteatro El Brete escenario del 1\u00ba Encuentro de Cine de Posadas\"}]},{\"@type\":\"WebSite\",\"@id\":\"\\\/#website\",\"url\":\"\\\/\",\"name\":\"\",\"description\":\"Sitio oficial del IAAviM\",\"publisher\":{\"@id\":\"\\\/#organization\"},\"potentialAction\":[{\"@type\":\"SearchAction\",\"target\":{\"@type\":\"EntryPoint\",\"urlTemplate\":\"\\\/?s={search_term_string}\"},\"query-input\":{\"@type\":\"PropertyValueSpecification\",\"valueRequired\":true,\"valueName\":\"search_term_string\"}}],\"inLanguage\":\"es-AR\"},{\"@type\":\"Organization\",\"@id\":\"\\\/#organization\",\"name\":\"Instituto de Artes Audiovisuales de Misiones\",\"url\":\"\\\/\",\"logo\":{\"@type\":\"ImageObject\",\"inLanguage\":\"es-AR\",\"@id\":\"\\\/#\\\/schema\\\/logo\\\/image\\\/\",\"url\":\"https:\\\/\\\/iaavim.misiones.gob.ar\\\/wp-content\\\/uploads\\\/2021\\\/07\\\/logo-iaavim-preview.png.jpg\",\"contentUrl\":\"https:\\\/\\\/iaavim.misiones.gob.ar\\\/wp-content\\\/uploads\\\/2021\\\/07\\\/logo-iaavim-preview.png.jpg\",\"width\":1200,\"height\":675,\"caption\":\"Instituto de Artes Audiovisuales de Misiones\"},\"image\":{\"@id\":\"\\\/#\\\/schema\\\/logo\\\/image\\\/\"}},{\"@type\":\"Person\",\"@id\":\"\\\/#\\\/schema\\\/person\\\/567fbb427319d0dae3bc6b33aba48a62\",\"name\":\"IAAviM\",\"image\":{\"@type\":\"ImageObject\",\"inLanguage\":\"es-AR\",\"@id\":\"https:\\\/\\\/secure.gravatar.com\\\/avatar\\\/9802bb83cd8afc8d9eae1a570850fcaf194494ca73cbac30d506afe269460348?s=96&d=blank&r=g\",\"url\":\"https:\\\/\\\/secure.gravatar.com\\\/avatar\\\/9802bb83cd8afc8d9eae1a570850fcaf194494ca73cbac30d506afe269460348?s=96&d=blank&r=g\",\"contentUrl\":\"https:\\\/\\\/secure.gravatar.com\\\/avatar\\\/9802bb83cd8afc8d9eae1a570850fcaf194494ca73cbac30d506afe269460348?s=96&d=blank&r=g\",\"caption\":\"IAAviM\"},\"url\":\"https:\\\/\\\/www.iaavim.gob.ar\\\/?author=1\"}]}<\/script>\n<!-- \/ Yoast SEO plugin. -->","yoast_head_json":{"title":"El anfiteatro El Brete escenario del 1\u00ba Encuentro de Cine de Posadas -","description":"Este viernes 22 y s\u00e1bado 23 de noviembre se realizar\u00e1 este Encuentro a trav\u00e9s de la Film Commission Posadas.","robots":{"index":"index","follow":"follow","max-snippet":"max-snippet:-1","max-image-preview":"max-image-preview:large","max-video-preview":"max-video-preview:-1"},"canonical":"https:\/\/www.iaavim.gob.ar\/?p=9289","og_locale":"es_ES","og_type":"article","og_title":"El anfiteatro El Brete escenario del 1\u00ba Encuentro de Cine de Posadas -","og_description":"Este viernes 22 y s\u00e1bado 23 de noviembre se realizar\u00e1 este Encuentro a trav\u00e9s de la Film Commission Posadas.","og_url":"https:\/\/www.iaavim.gob.ar\/?p=9289","article_published_time":"2019-11-22T18:41:53+00:00","article_modified_time":"2019-12-18T14:08:25+00:00","og_image":[{"width":730,"height":411,"url":"https:\/\/www.iaavim.gob.ar\/wp-content\/uploads\/2019\/11\/encuentro-de-cine.jpg","type":"image\/jpeg"}],"author":"IAAviM","twitter_card":"summary_large_image","twitter_misc":{"Escrito por":"IAAviM","Tiempo de lectura":"2 minutos"},"schema":{"@context":"https:\/\/schema.org","@graph":[{"@type":"Article","@id":"https:\/\/www.iaavim.gob.ar\/?p=9289#article","isPartOf":{"@id":"https:\/\/www.iaavim.gob.ar\/?p=9289"},"author":{"name":"IAAviM","@id":"\/#\/schema\/person\/567fbb427319d0dae3bc6b33aba48a62"},"headline":"El anfiteatro El Brete escenario del 1\u00ba Encuentro de Cine de Posadas","datePublished":"2019-11-22T18:41:53+00:00","dateModified":"2019-12-18T14:08:25+00:00","mainEntityOfPage":{"@id":"https:\/\/www.iaavim.gob.ar\/?p=9289"},"wordCount":496,"publisher":{"@id":"\/#organization"},"image":{"@id":"https:\/\/www.iaavim.gob.ar\/?p=9289#primaryimage"},"thumbnailUrl":"https:\/\/www.iaavim.gob.ar\/wp-content\/uploads\/2019\/11\/encuentro-de-cine.jpg","articleSection":["Newsletter"],"inLanguage":"es-AR"},{"@type":"WebPage","@id":"https:\/\/www.iaavim.gob.ar\/?p=9289","url":"https:\/\/www.iaavim.gob.ar\/?p=9289","name":"El anfiteatro El Brete escenario del 1\u00ba Encuentro de Cine de Posadas -","isPartOf":{"@id":"\/#website"},"primaryImageOfPage":{"@id":"https:\/\/www.iaavim.gob.ar\/?p=9289#primaryimage"},"image":{"@id":"https:\/\/www.iaavim.gob.ar\/?p=9289#primaryimage"},"thumbnailUrl":"https:\/\/www.iaavim.gob.ar\/wp-content\/uploads\/2019\/11\/encuentro-de-cine.jpg","datePublished":"2019-11-22T18:41:53+00:00","dateModified":"2019-12-18T14:08:25+00:00","description":"Este viernes 22 y s\u00e1bado 23 de noviembre se realizar\u00e1 este Encuentro a trav\u00e9s de la Film Commission Posadas.","breadcrumb":{"@id":"https:\/\/www.iaavim.gob.ar\/?p=9289#breadcrumb"},"inLanguage":"es-AR","potentialAction":[{"@type":"ReadAction","target":["https:\/\/www.iaavim.gob.ar\/?p=9289"]}]},{"@type":"ImageObject","inLanguage":"es-AR","@id":"https:\/\/www.iaavim.gob.ar\/?p=9289#primaryimage","url":"https:\/\/www.iaavim.gob.ar\/wp-content\/uploads\/2019\/11\/encuentro-de-cine.jpg","contentUrl":"https:\/\/www.iaavim.gob.ar\/wp-content\/uploads\/2019\/11\/encuentro-de-cine.jpg","width":730,"height":411},{"@type":"BreadcrumbList","@id":"https:\/\/www.iaavim.gob.ar\/?p=9289#breadcrumb","itemListElement":[{"@type":"ListItem","position":1,"name":"Inicio","item":"https:\/\/www.iaavim.gob.ar\/"},{"@type":"ListItem","position":2,"name":"El anfiteatro El Brete escenario del 1\u00ba Encuentro de Cine de Posadas"}]},{"@type":"WebSite","@id":"\/#website","url":"\/","name":"","description":"Sitio oficial del IAAviM","publisher":{"@id":"\/#organization"},"potentialAction":[{"@type":"SearchAction","target":{"@type":"EntryPoint","urlTemplate":"\/?s={search_term_string}"},"query-input":{"@type":"PropertyValueSpecification","valueRequired":true,"valueName":"search_term_string"}}],"inLanguage":"es-AR"},{"@type":"Organization","@id":"\/#organization","name":"Instituto de Artes Audiovisuales de Misiones","url":"\/","logo":{"@type":"ImageObject","inLanguage":"es-AR","@id":"\/#\/schema\/logo\/image\/","url":"https:\/\/iaavim.misiones.gob.ar\/wp-content\/uploads\/2021\/07\/logo-iaavim-preview.png.jpg","contentUrl":"https:\/\/iaavim.misiones.gob.ar\/wp-content\/uploads\/2021\/07\/logo-iaavim-preview.png.jpg","width":1200,"height":675,"caption":"Instituto de Artes Audiovisuales de Misiones"},"image":{"@id":"\/#\/schema\/logo\/image\/"}},{"@type":"Person","@id":"\/#\/schema\/person\/567fbb427319d0dae3bc6b33aba48a62","name":"IAAviM","image":{"@type":"ImageObject","inLanguage":"es-AR","@id":"https:\/\/secure.gravatar.com\/avatar\/9802bb83cd8afc8d9eae1a570850fcaf194494ca73cbac30d506afe269460348?s=96&d=blank&r=g","url":"https:\/\/secure.gravatar.com\/avatar\/9802bb83cd8afc8d9eae1a570850fcaf194494ca73cbac30d506afe269460348?s=96&d=blank&r=g","contentUrl":"https:\/\/secure.gravatar.com\/avatar\/9802bb83cd8afc8d9eae1a570850fcaf194494ca73cbac30d506afe269460348?s=96&d=blank&r=g","caption":"IAAviM"},"url":"https:\/\/www.iaavim.gob.ar\/?author=1"}]}},"amp_enabled":true,"_links":{"self":[{"href":"https:\/\/www.iaavim.gob.ar\/index.php?rest_route=\/wp\/v2\/posts\/9289","targetHints":{"allow":["GET"]}}],"collection":[{"href":"https:\/\/www.iaavim.gob.ar\/index.php?rest_route=\/wp\/v2\/posts"}],"about":[{"href":"https:\/\/www.iaavim.gob.ar\/index.php?rest_route=\/wp\/v2\/types\/post"}],"author":[{"embeddable":true,"href":"https:\/\/www.iaavim.gob.ar\/index.php?rest_route=\/wp\/v2\/users\/1"}],"replies":[{"embeddable":true,"href":"https:\/\/www.iaavim.gob.ar\/index.php?rest_route=%2Fwp%2Fv2%2Fcomments&post=9289"}],"version-history":[{"count":2,"href":"https:\/\/www.iaavim.gob.ar\/index.php?rest_route=\/wp\/v2\/posts\/9289\/revisions"}],"predecessor-version":[{"id":9292,"href":"https:\/\/www.iaavim.gob.ar\/index.php?rest_route=\/wp\/v2\/posts\/9289\/revisions\/9292"}],"wp:featuredmedia":[{"embeddable":true,"href":"https:\/\/www.iaavim.gob.ar\/index.php?rest_route=\/wp\/v2\/media\/9290"}],"wp:attachment":[{"href":"https:\/\/www.iaavim.gob.ar\/index.php?rest_route=%2Fwp%2Fv2%2Fmedia&parent=9289"}],"wp:term":[{"taxonomy":"category","embeddable":true,"href":"https:\/\/www.iaavim.gob.ar\/index.php?rest_route=%2Fwp%2Fv2%2Fcategories&post=9289"},{"taxonomy":"post_tag","embeddable":true,"href":"https:\/\/www.iaavim.gob.ar\/index.php?rest_route=%2Fwp%2Fv2%2Ftags&post=9289"}],"curies":[{"name":"wp","href":"https:\/\/api.w.org\/{rel}","templated":true}]}}