{"id":9141,"date":"2019-11-02T09:53:35","date_gmt":"2019-11-02T12:53:35","guid":{"rendered":"https:\/\/iaavim.com\/?p=9141"},"modified":"2019-11-04T12:19:36","modified_gmt":"2019-11-04T15:19:36","slug":"jose-bevilacqua-ley-fomento-audiovisual-favorecio","status":"publish","type":"post","link":"https:\/\/www.iaavim.gob.ar\/?p=9141","title":{"rendered":"Jos\u00e9 Bevilacqua: &#8220;La Ley de Fomento Audiovisual favoreci\u00f3 que hayan m\u00e1s realizadores y productores que hace mucho bien al sector&#8221;"},"content":{"rendered":"\n<p>Desde los 15 a\u00f1os se inici\u00f3 el rubro del audiovisual a trav\u00e9s de las coberturas, como camar\u00f3grafo, de eventos sociales en Posadas mientras cursaba el nivel secundario, y cuando se recibi\u00f3 que decidi\u00f3 perfeccionarse ingresando a la carrera de <strong>Tecnicatura Superior de Comunicaci\u00f3n Multimedial en el Instituto Superior Antonio Ru\u00edz de Montoya<\/strong>. Hoy en d\u00eda, con 33 a\u00f1os, <strong>Jos\u00e9 Bevilacqu<\/strong>a se desempe\u00f1a ya no solamente detr\u00e1s de una c\u00e1mara sino tambi\u00e9n ha desarrollado una prol\u00edfica carrera como editor y productor de env\u00edos televisivos.   <\/p>\n\n\n\n<p>Desde\nhace diez a\u00f1os trabaja en Canal 6 donde actualmente por la ma\u00f1ana\nes productor del programa diario \u201cCadena de Noticias\u201d y tambi\u00e9n\notros env\u00edos como \u201cCotorreando\u201d, \u201cConocernos\u201d (institucional\ndel INCADE), \u201cLos Especiales de Mi Tierra Roja\u201d con la conducci\u00f3n\nde Roberto Acosta, y \u201cDejando Huellas\u201d, a cargo de Mario Barrera.\nPor otra parte, junto a su esposa Lorena Sosa, est\u00e1n al frente de la\nproductora independiente Tekoa Audiovisual.<\/p>\n\n\n\n<p>\u201cMe\nconsidero una persona pr\u00e1ctica dentro del rol que me desempe\u00f1o,\ntrato de resolver las cosas r\u00e1pido y no complicarme mucho. Creo que\ntodo se debe llevar adelante con sencillez, humildad y tratando de\nbuscar soluci\u00f3n a los conflictos, a los problemas cotidianos que van\nsurgiendo. En Canal 6 somos pocas personas a partir de que es un\nmedio independiente y el equipo que se conform\u00f3 es pro activo,\napuntamos a realizar nuestra tarea con imaginaci\u00f3n, creatividad con\nlos recursos que tenemos y buscando dar un salto de calidad\u201d,\ndestac\u00f3 Bevilacqua, quien adem\u00e1s cont\u00f3 que a la hora del llevar\nadelante el trabajo de producci\u00f3n, en algunas ocasiones le toca\nsalir a hacer c\u00e1mara o sonido, entre otros roles. \n<\/p>\n\n\n\n<p>\u201cEs\nimportante estar en los detalles que favorezcan a mejorar la calidad\ndel producto que se presenta desde el medio. La creatividad puesta al\nservicio de este trabajo te permite poder evolucionar y crecer\u201d,\na\u00f1adi\u00f3 y resalt\u00f3 que la tarea diaria cuenta con el apoyo del\ndirector del canal, Jorge Kurrle y el jefe t\u00e9cnico Wilton Kurrle.\n\u201cMe gusta el trabajo en equipo que podemos desarrollar en el canal\ncomo tambi\u00e9n la libertad que tenemos para desempe\u00f1arnos a partir de\nlas decisiones que tomamos. Nos manejamos libremente y eso es algo\nque se destaca y valoro mucho\u201d, sostuvo.<\/p>\n\n\n\n<ul class=\"wp-block-gallery aligncenter columns-2 is-cropped wp-block-gallery-1 is-layout-flex wp-block-gallery-is-layout-flex\"><li class=\"blocks-gallery-item\"><figure><a href=\"https:\/\/iaavim.misiones.gob.ar\/wp-content\/uploads\/2019\/11\/jos\u00e9-bevilacqua-2.jpg\"><img loading=\"lazy\" decoding=\"async\" width=\"540\" height=\"720\" src=\"https:\/\/iaavim.misiones.gob.ar\/wp-content\/uploads\/2019\/11\/jos\u00e9-bevilacqua-2.jpg\" alt=\"\" data-id=\"9144\" data-link=\"https:\/\/iaavim.misiones.gob.ar\/?attachment_id=9144\" class=\"wp-image-9144\" srcset=\"https:\/\/www.iaavim.gob.ar\/wp-content\/uploads\/2019\/11\/jos\u00e9-bevilacqua-2.jpg 540w, https:\/\/www.iaavim.gob.ar\/wp-content\/uploads\/2019\/11\/jos\u00e9-bevilacqua-2-225x300.jpg 225w\" sizes=\"auto, (max-width: 540px) 100vw, 540px\" \/><\/a><\/figure><\/li><li class=\"blocks-gallery-item\"><figure><a href=\"https:\/\/iaavim.misiones.gob.ar\/wp-content\/uploads\/2019\/11\/jos\u00e9-bevilacqua-1.jpg\"><img loading=\"lazy\" decoding=\"async\" width=\"486\" height=\"864\" src=\"https:\/\/iaavim.misiones.gob.ar\/wp-content\/uploads\/2019\/11\/jos\u00e9-bevilacqua-1.jpg\" alt=\"\" data-id=\"9145\" data-link=\"https:\/\/iaavim.misiones.gob.ar\/?attachment_id=9145\" class=\"wp-image-9145\" srcset=\"https:\/\/www.iaavim.gob.ar\/wp-content\/uploads\/2019\/11\/jos\u00e9-bevilacqua-1.jpg 486w, https:\/\/www.iaavim.gob.ar\/wp-content\/uploads\/2019\/11\/jos\u00e9-bevilacqua-1-169x300.jpg 169w\" sizes=\"auto, (max-width: 486px) 100vw, 486px\" \/><\/a><\/figure><\/li><\/ul>\n\n\n\n<h2 class=\"wp-block-heading\"><strong>Un\nsalto de calidad<\/strong><\/h2>\n\n\n\n<p>Bevilacqua, quien tiene avanzada la tramitaci\u00f3n para inscribirse al <a rel=\"noreferrer noopener\" aria-label=\"Registro Provincial del Audiovisual (RePA) (abre en una nueva pesta\u00f1a)\" href=\"https:\/\/iaavim.misiones.gob.ar\/repa\/\" target=\"_blank\">Registro Provincial del Audiovisual (Re.P.A.)<\/a>, manifest\u00f3 que \u201ces una herramienta sumamente importante a partir de que le da un marco de importancia a la tarea que desempe\u00f1amos cada uno desde su lugar, adem\u00e1s est\u00e1 contemplado dentro de una ley\u201d y agreg\u00f3 que la herramienta de la que dispone el Instituto de Artes Audiovisuales de Misiones (IAAviM) \u201ces algo sumamente valorable para todos los que nos desempe\u00f1amos en este rubro como para quienes est\u00e1n interesados en contactar a trabajadores del sector\u201d, recalc\u00f3.<\/p>\n\n\n\n<p>En\nlo que se refiere al medio televisivo observ\u00f3 que \u201chubo un salto\nde calidad a partir de un recambio generacional en estos \u00faltimos\na\u00f1os. Cuando empec\u00e9 mi formaci\u00f3n se reabri\u00f3 la carrera de\nTecnicatura Superior en Comunicaci\u00f3n Multimedial y se nota esa\nincorporaci\u00f3n de muchos j\u00f3venes dentro del medio, lo que da un\ncambio importante a partir de la utilizaci\u00f3n de la tecnolog\u00eda que\nha generado un impacto dentro de nuestro rubro. Ese cambio\ntecnol\u00f3gico se ve favorecido con el empuje de los j\u00f3venes que se\nest\u00e1n insertando y que est\u00e1n comprometidos a partir de que les\ngusta la actividad. Estamos empezando a ver esos frutos\u201d, expres\u00f3\nBevilacqua. No obstante, hizo hincapi\u00e9  en que para ser editor \u201chay\nque tener adem\u00e1s de capacitaci\u00f3n y conocimiento, un inter\u00e9s\nconstante en la actividad, y muchas veces en las nuevas generaciones\nno se ve mucho ese empuje y eso creo que est\u00e1 faltando en algunos\ncasos\u201d.<\/p>\n\n\n\n<p>Fue\nde la mano de Enrique R\u00edos (productor, pintor y ahora dirigente\npol\u00edtico) y su productora: Imaginarte Producciones que introdujo a\nBevilacqua al mundo audiovisual con la cobertura de los eventos\nsociales. Posteriormente, ya como estudiante del nivel superior en\n2004 comenz\u00f3 a trabajar con la productora Maral, de Alejandro\nPedrazzi, con coberturas de campeonatos de f\u00fatbol que se emit\u00edan\npor Canal 12 y en 2007 en el programa \u201cEl Mirador\u201d, que conduc\u00eda\nMarit\u00e9 Bebi\u00e9 donde cubri\u00f3 roles en edici\u00f3n y sonido. \n<\/p>\n\n\n\n<p>\u201cLuego\nestuve en Canal 2 donde se form\u00f3 un buen equipo de trabajo con Diego\nSchroeder, Jonathan Horodeski y Marcelo Terribile con quienes\nrealizamos el programa con formato documental \u2018Tekovekue, rastros\ndel pasado\u2019, sobre historia regional. Asimismo, un programa de\nturismo misionero \u2018Posta para ver\u2019, con Raquel Lukoviec como\nconductora y Romina Escobar como productora y tambi\u00e9n con Antonela\nQuintana como conductora hicimos el programa de cocina \u2018Estamos al\nHorno\u2019\u201d, record\u00f3.<\/p>\n\n\n\n<h2 class=\"wp-block-heading\"><strong>M\u00e1s\npropuestas de capacitaci\u00f3n<\/strong><\/h2>\n\n\n\n<p>Este\ntrabajador televisivo, que estuvo dos veces ternado al premio Andr\u00e9s\nGuacurar\u00ed del Sindicato de Prensa de Misiones (SIPREM) y que gan\u00f3\nuno de ellos, consider\u00f3 que la situaci\u00f3n de los editores de video\nen el sector televisivo \u201cdepende mucho de uno mismo y por eso es\nnecesario que se generen nuevos espacios de formaci\u00f3n, debido a que\nes algo muy complejo y no tenemos un mecanismo sostenido. En mi caso,\nla mayor\u00eda de las herramientas que tengo las aprend\u00ed en la tarea\ncotidiana, a partir de la relaci\u00f3n con otras personas del rubro o\naprendiendo en los diferentes lugares donde trabaj\u00e9\u201d, valor\u00f3.\nTambi\u00e9n mencion\u00f3 que apel\u00f3 a la investigaci\u00f3n a trav\u00e9s de\ntutoriales en Internet o capacitaci\u00f3n online. \u201cCreo que se\ndeber\u00edan apuntalar m\u00e1s las propuestas de capacitaci\u00f3n porque\nsiempre la edici\u00f3n no ha tenido mucho protagonismo en la formaci\u00f3n\nacad\u00e9mica. En la provincia tenemos una deuda pendiente en cuanto a\nla capacitaci\u00f3n en post producci\u00f3n\u201d, remarc\u00f3 Bevilacqua. \n<\/p>\n\n\n\n<p>A\ntrav\u00e9s de su productora Tekoa Audiovisual llev\u00f3 adelante el\nprograma \u201cTrabajando\u201d, para la Municipalidad de Posadas, o\n\u201cPioneros de Misiones\u201d, bajo la idea de la exconcejala Claudina\nDeglise, ya fallecida. \u201cEl programa sigue al aire y se emite por\ncanal 6 y canal 4 con otro formato al original y sigo trabajando en\n\u00e9l junto a Javier Markovich y Mar\u00eda In\u00e9s Palmeiro\u201d, subray\u00f3.\nOtro programa es \u201cEspacio Arquitectura\u201d, del arquitecto Pablo\nLucero, que se emite los viernes a las 22:30 por Canal 12, donde\nencara la tarea junto a su esposa Lorena Sosa, Javier Marcovich y\nV\u00edctor Pedotti. \n<\/p>\n\n\n\n<p>\u201cOportunidades\nhay muchas en la provincia teniendo en cuenta que hay carreras como\nla Tecnicatura Superior en Comunicaci\u00f3n Multimedial, pero adem\u00e1s\nhay otras instituciones que han abierto sus puertas al mundo\naudiovisual y a eso se suma que desde que existe la Ley Provincial de\nFomento Audiovisual ha favorecido que hayan m\u00e1s realizadores y\nproductores que hace mucho bien al sector\u201d, celebr\u00f3.<\/p>\n","protected":false},"excerpt":{"rendered":"<p>Desde los 15 a\u00f1os se inici\u00f3 el rubro del audiovisual a trav\u00e9s de las coberturas, como camar\u00f3grafo, de eventos sociales en Posadas mientras cursaba el nivel secundario, y cuando se recibi\u00f3 que decidi\u00f3 perfeccionarse ingresando a la carrera de Tecnicatura Superior de Comunicaci\u00f3n Multimedial en el Instituto Superior Antonio Ru\u00edz de Montoya. Hoy en d\u00eda, &hellip;<\/p>\n","protected":false},"author":1,"featured_media":9143,"comment_status":"closed","ping_status":"open","sticky":false,"template":"","format":"standard","meta":{"_acf_changed":false,"footnotes":""},"categories":[22,31],"tags":[526,525,159],"class_list":["post-9141","post","type-post","status-publish","format-standard","has-post-thumbnail","hentry","category-newsletter","category-sector-audiovisual","tag-camarografo","tag-jose-bevilacqua","tag-sector-audiovisual"],"acf":[],"yoast_head":"<!-- This site is optimized with the Yoast SEO plugin v27.4 - https:\/\/yoast.com\/product\/yoast-seo-wordpress\/ -->\n<title>Jos\u00e9 Bevilacqua: &quot;La Ley de Fomento Audiovisual favoreci\u00f3 que hayan m\u00e1s realizadores y productores que hace mucho bien al sector&quot; -<\/title>\n<meta name=\"description\" content=\"Jos\u00e9 Bevilacqua se desempe\u00f1a no solamente detr\u00e1s de una c\u00e1mara sino tambi\u00e9n ha desarrollado una prol\u00edfica carrera como editor y productor de env\u00edos televisivos en Canal 6 de Posadas.\" \/>\n<meta name=\"robots\" content=\"index, follow, max-snippet:-1, max-image-preview:large, max-video-preview:-1\" \/>\n<link rel=\"canonical\" href=\"https:\/\/www.iaavim.gob.ar\/?p=9141\" \/>\n<meta property=\"og:locale\" content=\"es_ES\" \/>\n<meta property=\"og:type\" content=\"article\" \/>\n<meta property=\"og:title\" content=\"Jos\u00e9 Bevilacqua: &quot;La Ley de Fomento Audiovisual favoreci\u00f3 que hayan m\u00e1s realizadores y productores que hace mucho bien al sector&quot; -\" \/>\n<meta property=\"og:description\" content=\"Jos\u00e9 Bevilacqua se desempe\u00f1a no solamente detr\u00e1s de una c\u00e1mara sino tambi\u00e9n ha desarrollado una prol\u00edfica carrera como editor y productor de env\u00edos televisivos en Canal 6 de Posadas.\" \/>\n<meta property=\"og:url\" content=\"https:\/\/www.iaavim.gob.ar\/?p=9141\" \/>\n<meta property=\"article:published_time\" content=\"2019-11-02T12:53:35+00:00\" \/>\n<meta property=\"article:modified_time\" content=\"2019-11-04T15:19:36+00:00\" \/>\n<meta property=\"og:image\" content=\"https:\/\/www.iaavim.gob.ar\/wp-content\/uploads\/2019\/11\/Jose-Bevilacqua.jpg\" \/>\n\t<meta property=\"og:image:width\" content=\"1200\" \/>\n\t<meta property=\"og:image:height\" content=\"675\" \/>\n\t<meta property=\"og:image:type\" content=\"image\/jpeg\" \/>\n<meta name=\"author\" content=\"IAAviM\" \/>\n<meta name=\"twitter:card\" content=\"summary_large_image\" \/>\n<meta name=\"twitter:label1\" content=\"Escrito por\" \/>\n\t<meta name=\"twitter:data1\" content=\"IAAviM\" \/>\n\t<meta name=\"twitter:label2\" content=\"Tiempo de lectura\" \/>\n\t<meta name=\"twitter:data2\" content=\"6 minutos\" \/>\n<script type=\"application\/ld+json\" class=\"yoast-schema-graph\">{\"@context\":\"https:\\\/\\\/schema.org\",\"@graph\":[{\"@type\":\"Article\",\"@id\":\"https:\\\/\\\/www.iaavim.gob.ar\\\/?p=9141#article\",\"isPartOf\":{\"@id\":\"https:\\\/\\\/www.iaavim.gob.ar\\\/?p=9141\"},\"author\":{\"name\":\"IAAviM\",\"@id\":\"\\\/#\\\/schema\\\/person\\\/567fbb427319d0dae3bc6b33aba48a62\"},\"headline\":\"Jos\u00e9 Bevilacqua: &#8220;La Ley de Fomento Audiovisual favoreci\u00f3 que hayan m\u00e1s realizadores y productores que hace mucho bien al sector&#8221;\",\"datePublished\":\"2019-11-02T12:53:35+00:00\",\"dateModified\":\"2019-11-04T15:19:36+00:00\",\"mainEntityOfPage\":{\"@id\":\"https:\\\/\\\/www.iaavim.gob.ar\\\/?p=9141\"},\"wordCount\":1188,\"publisher\":{\"@id\":\"\\\/#organization\"},\"image\":{\"@id\":\"https:\\\/\\\/www.iaavim.gob.ar\\\/?p=9141#primaryimage\"},\"thumbnailUrl\":\"https:\\\/\\\/www.iaavim.gob.ar\\\/wp-content\\\/uploads\\\/2019\\\/11\\\/Jose-Bevilacqua.jpg\",\"keywords\":[\"camar\u00f3grafo\",\"Jos\u00e9 Bevilacqua\",\"sector audiovisual\"],\"articleSection\":[\"Newsletter\",\"Sector\"],\"inLanguage\":\"es-AR\"},{\"@type\":\"WebPage\",\"@id\":\"https:\\\/\\\/www.iaavim.gob.ar\\\/?p=9141\",\"url\":\"https:\\\/\\\/www.iaavim.gob.ar\\\/?p=9141\",\"name\":\"Jos\u00e9 Bevilacqua: \\\"La Ley de Fomento Audiovisual favoreci\u00f3 que hayan m\u00e1s realizadores y productores que hace mucho bien al sector\\\" -\",\"isPartOf\":{\"@id\":\"\\\/#website\"},\"primaryImageOfPage\":{\"@id\":\"https:\\\/\\\/www.iaavim.gob.ar\\\/?p=9141#primaryimage\"},\"image\":{\"@id\":\"https:\\\/\\\/www.iaavim.gob.ar\\\/?p=9141#primaryimage\"},\"thumbnailUrl\":\"https:\\\/\\\/www.iaavim.gob.ar\\\/wp-content\\\/uploads\\\/2019\\\/11\\\/Jose-Bevilacqua.jpg\",\"datePublished\":\"2019-11-02T12:53:35+00:00\",\"dateModified\":\"2019-11-04T15:19:36+00:00\",\"description\":\"Jos\u00e9 Bevilacqua se desempe\u00f1a no solamente detr\u00e1s de una c\u00e1mara sino tambi\u00e9n ha desarrollado una prol\u00edfica carrera como editor y productor de env\u00edos televisivos en Canal 6 de Posadas.\",\"breadcrumb\":{\"@id\":\"https:\\\/\\\/www.iaavim.gob.ar\\\/?p=9141#breadcrumb\"},\"inLanguage\":\"es-AR\",\"potentialAction\":[{\"@type\":\"ReadAction\",\"target\":[\"https:\\\/\\\/www.iaavim.gob.ar\\\/?p=9141\"]}]},{\"@type\":\"ImageObject\",\"inLanguage\":\"es-AR\",\"@id\":\"https:\\\/\\\/www.iaavim.gob.ar\\\/?p=9141#primaryimage\",\"url\":\"https:\\\/\\\/www.iaavim.gob.ar\\\/wp-content\\\/uploads\\\/2019\\\/11\\\/Jose-Bevilacqua.jpg\",\"contentUrl\":\"https:\\\/\\\/www.iaavim.gob.ar\\\/wp-content\\\/uploads\\\/2019\\\/11\\\/Jose-Bevilacqua.jpg\",\"width\":1200,\"height\":675,\"caption\":\"Jos\u00e9 Bevilacqua\"},{\"@type\":\"BreadcrumbList\",\"@id\":\"https:\\\/\\\/www.iaavim.gob.ar\\\/?p=9141#breadcrumb\",\"itemListElement\":[{\"@type\":\"ListItem\",\"position\":1,\"name\":\"Inicio\",\"item\":\"https:\\\/\\\/www.iaavim.gob.ar\\\/\"},{\"@type\":\"ListItem\",\"position\":2,\"name\":\"Jos\u00e9 Bevilacqua: &#8220;La Ley de Fomento Audiovisual favoreci\u00f3 que hayan m\u00e1s realizadores y productores que hace mucho bien al sector&#8221;\"}]},{\"@type\":\"WebSite\",\"@id\":\"\\\/#website\",\"url\":\"\\\/\",\"name\":\"\",\"description\":\"Sitio oficial del IAAviM\",\"publisher\":{\"@id\":\"\\\/#organization\"},\"potentialAction\":[{\"@type\":\"SearchAction\",\"target\":{\"@type\":\"EntryPoint\",\"urlTemplate\":\"\\\/?s={search_term_string}\"},\"query-input\":{\"@type\":\"PropertyValueSpecification\",\"valueRequired\":true,\"valueName\":\"search_term_string\"}}],\"inLanguage\":\"es-AR\"},{\"@type\":\"Organization\",\"@id\":\"\\\/#organization\",\"name\":\"Instituto de Artes Audiovisuales de Misiones\",\"url\":\"\\\/\",\"logo\":{\"@type\":\"ImageObject\",\"inLanguage\":\"es-AR\",\"@id\":\"\\\/#\\\/schema\\\/logo\\\/image\\\/\",\"url\":\"https:\\\/\\\/iaavim.misiones.gob.ar\\\/wp-content\\\/uploads\\\/2021\\\/07\\\/logo-iaavim-preview.png.jpg\",\"contentUrl\":\"https:\\\/\\\/iaavim.misiones.gob.ar\\\/wp-content\\\/uploads\\\/2021\\\/07\\\/logo-iaavim-preview.png.jpg\",\"width\":1200,\"height\":675,\"caption\":\"Instituto de Artes Audiovisuales de Misiones\"},\"image\":{\"@id\":\"\\\/#\\\/schema\\\/logo\\\/image\\\/\"}},{\"@type\":\"Person\",\"@id\":\"\\\/#\\\/schema\\\/person\\\/567fbb427319d0dae3bc6b33aba48a62\",\"name\":\"IAAviM\",\"image\":{\"@type\":\"ImageObject\",\"inLanguage\":\"es-AR\",\"@id\":\"https:\\\/\\\/secure.gravatar.com\\\/avatar\\\/9802bb83cd8afc8d9eae1a570850fcaf194494ca73cbac30d506afe269460348?s=96&d=blank&r=g\",\"url\":\"https:\\\/\\\/secure.gravatar.com\\\/avatar\\\/9802bb83cd8afc8d9eae1a570850fcaf194494ca73cbac30d506afe269460348?s=96&d=blank&r=g\",\"contentUrl\":\"https:\\\/\\\/secure.gravatar.com\\\/avatar\\\/9802bb83cd8afc8d9eae1a570850fcaf194494ca73cbac30d506afe269460348?s=96&d=blank&r=g\",\"caption\":\"IAAviM\"},\"url\":\"https:\\\/\\\/www.iaavim.gob.ar\\\/?author=1\"}]}<\/script>\n<!-- \/ Yoast SEO plugin. -->","yoast_head_json":{"title":"Jos\u00e9 Bevilacqua: \"La Ley de Fomento Audiovisual favoreci\u00f3 que hayan m\u00e1s realizadores y productores que hace mucho bien al sector\" -","description":"Jos\u00e9 Bevilacqua se desempe\u00f1a no solamente detr\u00e1s de una c\u00e1mara sino tambi\u00e9n ha desarrollado una prol\u00edfica carrera como editor y productor de env\u00edos televisivos en Canal 6 de Posadas.","robots":{"index":"index","follow":"follow","max-snippet":"max-snippet:-1","max-image-preview":"max-image-preview:large","max-video-preview":"max-video-preview:-1"},"canonical":"https:\/\/www.iaavim.gob.ar\/?p=9141","og_locale":"es_ES","og_type":"article","og_title":"Jos\u00e9 Bevilacqua: \"La Ley de Fomento Audiovisual favoreci\u00f3 que hayan m\u00e1s realizadores y productores que hace mucho bien al sector\" -","og_description":"Jos\u00e9 Bevilacqua se desempe\u00f1a no solamente detr\u00e1s de una c\u00e1mara sino tambi\u00e9n ha desarrollado una prol\u00edfica carrera como editor y productor de env\u00edos televisivos en Canal 6 de Posadas.","og_url":"https:\/\/www.iaavim.gob.ar\/?p=9141","article_published_time":"2019-11-02T12:53:35+00:00","article_modified_time":"2019-11-04T15:19:36+00:00","og_image":[{"width":1200,"height":675,"url":"https:\/\/www.iaavim.gob.ar\/wp-content\/uploads\/2019\/11\/Jose-Bevilacqua.jpg","type":"image\/jpeg"}],"author":"IAAviM","twitter_card":"summary_large_image","twitter_misc":{"Escrito por":"IAAviM","Tiempo de lectura":"6 minutos"},"schema":{"@context":"https:\/\/schema.org","@graph":[{"@type":"Article","@id":"https:\/\/www.iaavim.gob.ar\/?p=9141#article","isPartOf":{"@id":"https:\/\/www.iaavim.gob.ar\/?p=9141"},"author":{"name":"IAAviM","@id":"\/#\/schema\/person\/567fbb427319d0dae3bc6b33aba48a62"},"headline":"Jos\u00e9 Bevilacqua: &#8220;La Ley de Fomento Audiovisual favoreci\u00f3 que hayan m\u00e1s realizadores y productores que hace mucho bien al sector&#8221;","datePublished":"2019-11-02T12:53:35+00:00","dateModified":"2019-11-04T15:19:36+00:00","mainEntityOfPage":{"@id":"https:\/\/www.iaavim.gob.ar\/?p=9141"},"wordCount":1188,"publisher":{"@id":"\/#organization"},"image":{"@id":"https:\/\/www.iaavim.gob.ar\/?p=9141#primaryimage"},"thumbnailUrl":"https:\/\/www.iaavim.gob.ar\/wp-content\/uploads\/2019\/11\/Jose-Bevilacqua.jpg","keywords":["camar\u00f3grafo","Jos\u00e9 Bevilacqua","sector audiovisual"],"articleSection":["Newsletter","Sector"],"inLanguage":"es-AR"},{"@type":"WebPage","@id":"https:\/\/www.iaavim.gob.ar\/?p=9141","url":"https:\/\/www.iaavim.gob.ar\/?p=9141","name":"Jos\u00e9 Bevilacqua: \"La Ley de Fomento Audiovisual favoreci\u00f3 que hayan m\u00e1s realizadores y productores que hace mucho bien al sector\" -","isPartOf":{"@id":"\/#website"},"primaryImageOfPage":{"@id":"https:\/\/www.iaavim.gob.ar\/?p=9141#primaryimage"},"image":{"@id":"https:\/\/www.iaavim.gob.ar\/?p=9141#primaryimage"},"thumbnailUrl":"https:\/\/www.iaavim.gob.ar\/wp-content\/uploads\/2019\/11\/Jose-Bevilacqua.jpg","datePublished":"2019-11-02T12:53:35+00:00","dateModified":"2019-11-04T15:19:36+00:00","description":"Jos\u00e9 Bevilacqua se desempe\u00f1a no solamente detr\u00e1s de una c\u00e1mara sino tambi\u00e9n ha desarrollado una prol\u00edfica carrera como editor y productor de env\u00edos televisivos en Canal 6 de Posadas.","breadcrumb":{"@id":"https:\/\/www.iaavim.gob.ar\/?p=9141#breadcrumb"},"inLanguage":"es-AR","potentialAction":[{"@type":"ReadAction","target":["https:\/\/www.iaavim.gob.ar\/?p=9141"]}]},{"@type":"ImageObject","inLanguage":"es-AR","@id":"https:\/\/www.iaavim.gob.ar\/?p=9141#primaryimage","url":"https:\/\/www.iaavim.gob.ar\/wp-content\/uploads\/2019\/11\/Jose-Bevilacqua.jpg","contentUrl":"https:\/\/www.iaavim.gob.ar\/wp-content\/uploads\/2019\/11\/Jose-Bevilacqua.jpg","width":1200,"height":675,"caption":"Jos\u00e9 Bevilacqua"},{"@type":"BreadcrumbList","@id":"https:\/\/www.iaavim.gob.ar\/?p=9141#breadcrumb","itemListElement":[{"@type":"ListItem","position":1,"name":"Inicio","item":"https:\/\/www.iaavim.gob.ar\/"},{"@type":"ListItem","position":2,"name":"Jos\u00e9 Bevilacqua: &#8220;La Ley de Fomento Audiovisual favoreci\u00f3 que hayan m\u00e1s realizadores y productores que hace mucho bien al sector&#8221;"}]},{"@type":"WebSite","@id":"\/#website","url":"\/","name":"","description":"Sitio oficial del IAAviM","publisher":{"@id":"\/#organization"},"potentialAction":[{"@type":"SearchAction","target":{"@type":"EntryPoint","urlTemplate":"\/?s={search_term_string}"},"query-input":{"@type":"PropertyValueSpecification","valueRequired":true,"valueName":"search_term_string"}}],"inLanguage":"es-AR"},{"@type":"Organization","@id":"\/#organization","name":"Instituto de Artes Audiovisuales de Misiones","url":"\/","logo":{"@type":"ImageObject","inLanguage":"es-AR","@id":"\/#\/schema\/logo\/image\/","url":"https:\/\/iaavim.misiones.gob.ar\/wp-content\/uploads\/2021\/07\/logo-iaavim-preview.png.jpg","contentUrl":"https:\/\/iaavim.misiones.gob.ar\/wp-content\/uploads\/2021\/07\/logo-iaavim-preview.png.jpg","width":1200,"height":675,"caption":"Instituto de Artes Audiovisuales de Misiones"},"image":{"@id":"\/#\/schema\/logo\/image\/"}},{"@type":"Person","@id":"\/#\/schema\/person\/567fbb427319d0dae3bc6b33aba48a62","name":"IAAviM","image":{"@type":"ImageObject","inLanguage":"es-AR","@id":"https:\/\/secure.gravatar.com\/avatar\/9802bb83cd8afc8d9eae1a570850fcaf194494ca73cbac30d506afe269460348?s=96&d=blank&r=g","url":"https:\/\/secure.gravatar.com\/avatar\/9802bb83cd8afc8d9eae1a570850fcaf194494ca73cbac30d506afe269460348?s=96&d=blank&r=g","contentUrl":"https:\/\/secure.gravatar.com\/avatar\/9802bb83cd8afc8d9eae1a570850fcaf194494ca73cbac30d506afe269460348?s=96&d=blank&r=g","caption":"IAAviM"},"url":"https:\/\/www.iaavim.gob.ar\/?author=1"}]}},"amp_enabled":true,"_links":{"self":[{"href":"https:\/\/www.iaavim.gob.ar\/index.php?rest_route=\/wp\/v2\/posts\/9141","targetHints":{"allow":["GET"]}}],"collection":[{"href":"https:\/\/www.iaavim.gob.ar\/index.php?rest_route=\/wp\/v2\/posts"}],"about":[{"href":"https:\/\/www.iaavim.gob.ar\/index.php?rest_route=\/wp\/v2\/types\/post"}],"author":[{"embeddable":true,"href":"https:\/\/www.iaavim.gob.ar\/index.php?rest_route=\/wp\/v2\/users\/1"}],"replies":[{"embeddable":true,"href":"https:\/\/www.iaavim.gob.ar\/index.php?rest_route=%2Fwp%2Fv2%2Fcomments&post=9141"}],"version-history":[{"count":2,"href":"https:\/\/www.iaavim.gob.ar\/index.php?rest_route=\/wp\/v2\/posts\/9141\/revisions"}],"predecessor-version":[{"id":9146,"href":"https:\/\/www.iaavim.gob.ar\/index.php?rest_route=\/wp\/v2\/posts\/9141\/revisions\/9146"}],"wp:featuredmedia":[{"embeddable":true,"href":"https:\/\/www.iaavim.gob.ar\/index.php?rest_route=\/wp\/v2\/media\/9143"}],"wp:attachment":[{"href":"https:\/\/www.iaavim.gob.ar\/index.php?rest_route=%2Fwp%2Fv2%2Fmedia&parent=9141"}],"wp:term":[{"taxonomy":"category","embeddable":true,"href":"https:\/\/www.iaavim.gob.ar\/index.php?rest_route=%2Fwp%2Fv2%2Fcategories&post=9141"},{"taxonomy":"post_tag","embeddable":true,"href":"https:\/\/www.iaavim.gob.ar\/index.php?rest_route=%2Fwp%2Fv2%2Ftags&post=9141"}],"curies":[{"name":"wp","href":"https:\/\/api.w.org\/{rel}","templated":true}]}}