{"id":8965,"date":"2019-10-17T13:08:55","date_gmt":"2019-10-17T16:08:55","guid":{"rendered":"https:\/\/iaavim.com\/?p=8965"},"modified":"2019-10-21T09:43:16","modified_gmt":"2019-10-21T12:43:16","slug":"vi-foro-de-politicas-publicas-audiovisuales-de-misiones-con-miras-hacia-2020-2021","status":"publish","type":"post","link":"https:\/\/www.iaavim.gob.ar\/?p=8965","title":{"rendered":"VI Foro de Pol\u00edticas P\u00fablicas Audiovisuales de Misiones con miras hacia 2020-2021"},"content":{"rendered":"\n<p>Los d\u00edas 22 y 23 de noviembre en Posadas se realizar\u00e1 el<strong> VI Foro Consultivo de Pol\u00edticas P\u00fablicas Audiovisuales de Misiones<\/strong> que contar\u00e1 con paneles, mesas de trabajo y proyecci\u00f3n de acciones para los pr\u00f3ximos dos a\u00f1os. Se trata de dos jornadas con el objetivo de dise\u00f1ar y planificar pol\u00edticas p\u00fablicas audiovisuales de manera participativa en vistas a los a\u00f1os de gesti\u00f3n 2020 y 2021 del Instituto de Artes Audiovisuales de Misiones (IAAviM). De modo tal que, en este \u00e1mbito de participaci\u00f3n, los trabajadores registrados en el Registro Provincial del Audiovisual (RePA) e instituciones afines a la actividad, en todas sus \u00e1reas y dimensiones contempladas en la ley, se re\u00fanen para definir los ejes de trabajo sobre los que se orientar\u00e1n los programas que las \u00e1reas operativas del Instituto deber\u00e1n ejecutar. <\/p>\n\n\n\n<p>El presidente del IAAviM, Axel Mons\u00fa se\u00f1al\u00f3 que este ser\u00e1\n\u201cun espacio productivo, luego de los Pre Foros en todos los distritos donde se\nestuvieron discutiendo los ejes de trabajo que ahora se pondr\u00e1n en com\u00fan en las\nmesas. El Foro es una actividad que est\u00e1 determinada en el art\u00edculo 2 de la Ley\nVI 171 de Promoci\u00f3n Audiovisual para lo cual el Instituto tiene que convocar\ncada dos a\u00f1os para evaluar un poco la gesti\u00f3n realizada y para definir los ejes\nvectores de los pr\u00f3ximos dos a\u00f1os. En este Foro participan los inscriptos en el\nRegistro Provincial del Audiovisual (RePA), que pr\u00e1cticamente son las personas\npara quienes existe y trabaja el Instituto como tambi\u00e9n representantes de\ninstituciones afines a la actividad audiovisual (entidades gubernamentales, no\ngubernamentales, sindicales, regionales e internacionales)\u201d, explic\u00f3.<\/p>\n\n\n\n<p>De esta manera, el Foro es el espacio formal de\nparticipaci\u00f3n de m\u00e1s importancia para el dise\u00f1o de pol\u00edticas p\u00fablicas, donde\nlos consensos del sector se transforman en l\u00edneas de trabajo del organismo. En\nese contexto, Mons\u00fa precis\u00f3 que \u201cvamos a tener primero una media jornada\nexpositiva, el viernes 22, de balance de gesti\u00f3n y tambi\u00e9n de puesta en com\u00fan\nde algunas discusiones que tienen que ver con acuerdos sobre modos de\nproducci\u00f3n en el \u00e1rea audiovisual (cooperativas, cl\u00faster, producci\u00f3n\ncomunitaria independiente) como tambi\u00e9n con escalas salariales y derechos\nlaborales. Esto tambi\u00e9n se podr\u00e1 seguir v\u00eda streaming\u201d, cont\u00f3. <\/p>\n\n\n\n<p>Esta media jornada se dar\u00e1 por la tarde, en el Anexo de la\nFacultad de Humanidades y Ciencias Sociales (UNaM) de Posadas y con la\nrealizaci\u00f3n de tres paneles expositivos, con espacios para preguntas\nespec\u00edficas. El objetivo es brindar informaci\u00f3n, para enriquecer los debates y\nconclusiones de las mesas de trabajo.<\/p>\n\n\n\n<p>Al d\u00eda siguiente, el s\u00e1bado 23, ser\u00e1 una jornada completa donde\nse desarrollar\u00e1n 5 mesas de trabajo. En estos espacios se culminar\u00e1 el proceso\nde puesta en com\u00fan y discusi\u00f3n que se inici\u00f3 en los Pre-Foros distritales,\nrealizados en el mes de agosto, cont\u00f3 el titular del IAAviM. <\/p>\n\n\n\n<p>Las mesas estar\u00e1n conformadas por los delegados de cada\ndistrito audiovisual, por lo que cabe aclarar que para poder ser delegado de\nuna de las mesas de trabajo es requisito haber participado en el Pre-Foro de su\ndistrito. En \u00e9stas se realizar\u00e1 el cruce de informaci\u00f3n y miradas de cada tema\nentre los integrantes de los cuatro distritos, y se elaborar\u00e1n las conclusiones\ny propuestas, las cuales ser\u00e1n compartidas y le\u00eddas en el plenario final de la\njornada. \u201cEn el marco del Foro es posible que contemos con algunos invitados de\nBrasil y de Paraguay para que nos brinden un panorama de c\u00f3mo est\u00e1 la actividad\nen esos pa\u00edses y que posibilidad hay de vinculaci\u00f3n\u201d, destac\u00f3 el presidente del\nIAAviM. <\/p>\n\n\n\n<h2 class=\"wp-block-heading\"><strong>Paneles y mesas\nde trabajo<\/strong><\/h2>\n\n\n\n<p>En cuanto al contenido de los <strong>paneles<\/strong> del VI Foro Consultivo de Pol\u00edticas P\u00fablicas Audiovisuales\nde Misiones, se tiene programado encarar los siguientes puntos: <strong>IAAviM<\/strong> (balance de gesti\u00f3n, estructuras\ny programas vigentes); <strong>Derechos\nLaborales &#8211; convenios colectivos de trabajo<\/strong>: \u00bfCu\u00e1les son los derechos que\ndeben ser garantizados cuando trabajamos en una producci\u00f3n audiovisual,\ncualquiera sea su naturaleza? y como tercer tema: <strong>Sindicatos<\/strong>, \u00bfCu\u00e1les son las&nbsp;\nescalas salariales vigentes seg\u00fan el tipo de producci\u00f3n? \u00bfQu\u00e9 acuerdos\nse est\u00e1n estableciendo en las provincias contemplando las asimetr\u00edas econ\u00f3micas\ny los tipos de producci\u00f3n? Tambi\u00e9n se hablar\u00e1 sobre <strong>acuerdos laborales entre partes<\/strong>, seg\u00fan los modos de producci\u00f3n\n(experiencias de cooperativas, de producciones documental por V\u00eda Digital; cl\u00faster\ndocumental del INCAA, etc.)<\/p>\n\n\n\n<p>En lo que se refiere a las <strong>mesas de trabajo<\/strong>, se abordar\u00e1 una sobre <strong>Protocolos Institucionales<\/strong> con el objetivo de generar recomendaciones\nsobre la normativa existentes y por crearse, (seg\u00fan demanda identificada en los\nPre Foros) que rigen al IAAviM. a) Ley Provincial; b) Decretos de\nFuncionamiento; c) Reglamento de Consejo Directivo y Reuniones de Distrito; d)\nProcedimiento de Despacho; e) Resoluciones de presentaci\u00f3n de Proyectos; f)\nInstructivo de Rendiciones del Tribunal de cuentas; Instructivo de\nInstrumentaci\u00f3n de aportes del IAAviM; g) Reglamento REPA. Protocolos a\ncrearse: a) \u00c9tica Profesional para trabajadores, directivos y usuarios REPA del\nIAAviM; b) Balances y Diagn\u00f3sticos -en funci\u00f3n a la presentaci\u00f3n de presupuesto\na la C\u00e1mara de Reresetantes de Misiones; y c) Tr\u00e1mites a distancia. <\/p>\n\n\n\n<p>Otra mesa de trabajo ser\u00e1 sobre <strong>Fomento a la producci\u00f3n<\/strong>, que se realiza teniendo en cuenta los\ncriterios de fomento comprendidos en la Ley, pero que adem\u00e1s se pronpondr\u00e1\ntrabajar en: 1- definici\u00f3n de formatos productivos surgidos en el desarrollo de\nla actividad, relevados en los Pre-Foros: producci\u00f3n independiente, no\nindustrial, art\u00edstica \/ experimental, amateur). 2- Dise\u00f1ar estrategias para\nfomentar la inversi\u00f3n privada; 3- Actualizar criterios de valoraci\u00f3n para\ndistribuci\u00f3n en porcentaje del presupuesto anual en la aprobaci\u00f3n de proyectos\npresentados por usuarios, equipo operativo y directivos del IAAviM al Consejo\nDirectivo:&nbsp; a- Industria, primeras obras,\ninfancia, comunitario, medios (cine, TV, web, realidad virtual, otros). b- Interdisciplinariedades\nproductivas (integraci\u00f3n de disciplinas cient\u00edficas y culturales), vinculaci\u00f3n\nde realidades productivas (due\u00f1os de medios, trabajadores asalariados e\nindependientes.). c- Nuevos formatos. d- Cupo laboral femenino. e- Perspectiva\nde g\u00e9nero, f- Pueblos originarios, rurales, etc. 4- Finalmente, se buscar\u00e1 determinar\nestrategias de internacionalizaci\u00f3n y captaci\u00f3n de inversiones.<\/p>\n\n\n\n<p>A estas mesas de trabajo se suman las de <strong>Exhibici\u00f3n y nuevos p\u00fablicos<\/strong> que apunta a revisar el programa Mir\u00e1 IAAviM (Salas, Tv, Cine a Bordo, Web) y elaborar recomendaciones; y la del <strong>Registro Provincial del Audiovisual (RePA<\/strong>), a partir del an\u00e1lisis del art\u00edculo 18 de la Ley (reglamento RePA) con el objetivo de actualizar los criterios y requisitos de inscripci\u00f3n (residencia, los antecedentes profesiones, categor\u00eda de \u201cactividad principal\u201d), y finalmente la de <strong>Capacitaci\u00f3n e Investigaci\u00f3n<\/strong> para analizar los programas ejecutados, sus logros y observaciones, as\u00ed tambi\u00e9n como nuevas sugerencias que puedan surgir del sector. <\/p>\n\n\n\n<ul class=\"wp-block-gallery columns-2 is-cropped wp-block-gallery-1 is-layout-flex wp-block-gallery-is-layout-flex\"><li class=\"blocks-gallery-item\"><figure><img loading=\"lazy\" decoding=\"async\" width=\"1024\" height=\"682\" src=\"https:\/\/iaavim.misiones.gob.ar\/wp-content\/uploads\/2019\/10\/Pre-Foro-Sur-para-nota-1024x682.jpeg\" alt=\"\" data-id=\"8969\" data-link=\"https:\/\/iaavim.misiones.gob.ar\/?attachment_id=8969\" class=\"wp-image-8969\" srcset=\"https:\/\/www.iaavim.gob.ar\/wp-content\/uploads\/2019\/10\/Pre-Foro-Sur-para-nota-1024x682.jpeg 1024w, https:\/\/www.iaavim.gob.ar\/wp-content\/uploads\/2019\/10\/Pre-Foro-Sur-para-nota-300x200.jpeg 300w, https:\/\/www.iaavim.gob.ar\/wp-content\/uploads\/2019\/10\/Pre-Foro-Sur-para-nota-768x512.jpeg 768w, https:\/\/www.iaavim.gob.ar\/wp-content\/uploads\/2019\/10\/Pre-Foro-Sur-para-nota.jpeg 1280w\" sizes=\"auto, (max-width: 1024px) 100vw, 1024px\" \/><\/figure><\/li><li class=\"blocks-gallery-item\"><figure><img loading=\"lazy\" decoding=\"async\" width=\"1024\" height=\"682\" src=\"https:\/\/iaavim.misiones.gob.ar\/wp-content\/uploads\/2019\/10\/pre-foro-Parana\u0301-para-nota-1024x682.jpeg\" alt=\"\" data-id=\"8970\" data-link=\"https:\/\/iaavim.misiones.gob.ar\/?attachment_id=8970\" class=\"wp-image-8970\" srcset=\"https:\/\/www.iaavim.gob.ar\/wp-content\/uploads\/2019\/10\/pre-foro-Parana\u0301-para-nota-1024x682.jpeg 1024w, https:\/\/www.iaavim.gob.ar\/wp-content\/uploads\/2019\/10\/pre-foro-Parana\u0301-para-nota-300x200.jpeg 300w, https:\/\/www.iaavim.gob.ar\/wp-content\/uploads\/2019\/10\/pre-foro-Parana\u0301-para-nota-768x512.jpeg 768w, https:\/\/www.iaavim.gob.ar\/wp-content\/uploads\/2019\/10\/pre-foro-Parana\u0301-para-nota.jpeg 1280w\" sizes=\"auto, (max-width: 1024px) 100vw, 1024px\" \/><\/figure><\/li><li class=\"blocks-gallery-item\"><figure><img loading=\"lazy\" decoding=\"async\" width=\"1024\" height=\"682\" src=\"https:\/\/iaavim.misiones.gob.ar\/wp-content\/uploads\/2019\/10\/pre-foro-Norte-para-nota-1024x682.jpeg\" alt=\"\" data-id=\"8972\" data-link=\"https:\/\/iaavim.misiones.gob.ar\/?attachment_id=8972\" class=\"wp-image-8972\" srcset=\"https:\/\/www.iaavim.gob.ar\/wp-content\/uploads\/2019\/10\/pre-foro-Norte-para-nota-1024x682.jpeg 1024w, https:\/\/www.iaavim.gob.ar\/wp-content\/uploads\/2019\/10\/pre-foro-Norte-para-nota-300x200.jpeg 300w, https:\/\/www.iaavim.gob.ar\/wp-content\/uploads\/2019\/10\/pre-foro-Norte-para-nota-768x512.jpeg 768w, https:\/\/www.iaavim.gob.ar\/wp-content\/uploads\/2019\/10\/pre-foro-Norte-para-nota.jpeg 1280w\" sizes=\"auto, (max-width: 1024px) 100vw, 1024px\" \/><\/figure><\/li><li class=\"blocks-gallery-item\"><figure><img loading=\"lazy\" decoding=\"async\" width=\"1024\" height=\"575\" src=\"https:\/\/iaavim.misiones.gob.ar\/wp-content\/uploads\/2019\/10\/pre-foro-Uruguay-para-nota-1024x575.jpg\" alt=\"\" data-id=\"8971\" data-link=\"https:\/\/iaavim.misiones.gob.ar\/?attachment_id=8971\" class=\"wp-image-8971\" srcset=\"https:\/\/www.iaavim.gob.ar\/wp-content\/uploads\/2019\/10\/pre-foro-Uruguay-para-nota-1024x575.jpg 1024w, https:\/\/www.iaavim.gob.ar\/wp-content\/uploads\/2019\/10\/pre-foro-Uruguay-para-nota-300x169.jpg 300w, https:\/\/www.iaavim.gob.ar\/wp-content\/uploads\/2019\/10\/pre-foro-Uruguay-para-nota-768x431.jpg 768w, https:\/\/www.iaavim.gob.ar\/wp-content\/uploads\/2019\/10\/pre-foro-Uruguay-para-nota-390x220.jpg 390w, https:\/\/www.iaavim.gob.ar\/wp-content\/uploads\/2019\/10\/pre-foro-Uruguay-para-nota.jpg 1700w\" sizes=\"auto, (max-width: 1024px) 100vw, 1024px\" \/><\/figure><\/li><\/ul>\n","protected":false},"excerpt":{"rendered":"<p>Los d\u00edas 22 y 23 de noviembre en Posadas se realizar\u00e1 el VI Foro Consultivo de Pol\u00edticas P\u00fablicas Audiovisuales de Misiones que contar\u00e1 con paneles, mesas de trabajo y proyecci\u00f3n de acciones para los pr\u00f3ximos dos a\u00f1os. Se trata de dos jornadas con el objetivo de dise\u00f1ar y planificar pol\u00edticas p\u00fablicas audiovisuales de manera participativa &hellip;<\/p>\n","protected":false},"author":1,"featured_media":8968,"comment_status":"closed","ping_status":"open","sticky":false,"template":"","format":"standard","meta":{"_acf_changed":false,"footnotes":""},"categories":[22],"tags":[218,495,496,397],"class_list":["post-8965","post","type-post","status-publish","format-standard","has-post-thumbnail","hentry","category-newsletter","tag-foro-de-politicas-publicas-audiovisuales-de-misiones","tag-mesas-de-trabajo","tag-metas-2020-2021","tag-portada2"],"acf":[],"yoast_head":"<!-- This site is optimized with the Yoast SEO plugin v27.4 - https:\/\/yoast.com\/product\/yoast-seo-wordpress\/ -->\n<title>VI Foro de Pol\u00edticas P\u00fablicas Audiovisuales de Misiones con miras hacia 2020-2021 - IAAviM<\/title>\n<meta name=\"description\" content=\"Los d\u00edas 22 y 23 de noviembre en Posadas se realizar\u00e1 el VI Foro Consultivo de Pol\u00edticas P\u00fablicas Audiovisuales de Misiones.\" \/>\n<meta name=\"robots\" content=\"index, follow, max-snippet:-1, max-image-preview:large, max-video-preview:-1\" \/>\n<link rel=\"canonical\" href=\"https:\/\/www.iaavim.gob.ar\/?p=8965\" \/>\n<meta property=\"og:locale\" content=\"es_ES\" \/>\n<meta property=\"og:type\" content=\"article\" \/>\n<meta property=\"og:title\" content=\"VI Foro de Pol\u00edticas P\u00fablicas Audiovisuales de Misiones con miras hacia 2020-2021 - IAAviM\" \/>\n<meta property=\"og:description\" content=\"Los d\u00edas 22 y 23 de noviembre en Posadas se realizar\u00e1 el VI Foro Consultivo de Pol\u00edticas P\u00fablicas Audiovisuales de Misiones.\" \/>\n<meta property=\"og:url\" content=\"https:\/\/www.iaavim.gob.ar\/?p=8965\" \/>\n<meta property=\"article:published_time\" content=\"2019-10-17T16:08:55+00:00\" \/>\n<meta property=\"article:modified_time\" content=\"2019-10-21T12:43:16+00:00\" \/>\n<meta property=\"og:image\" content=\"https:\/\/www.iaavim.gob.ar\/wp-content\/uploads\/2019\/10\/Pre-foro-Posadas-Maca.jpeg\" \/>\n\t<meta property=\"og:image:width\" content=\"1280\" \/>\n\t<meta property=\"og:image:height\" content=\"853\" \/>\n\t<meta property=\"og:image:type\" content=\"image\/jpeg\" \/>\n<meta name=\"author\" content=\"IAAviM\" \/>\n<meta name=\"twitter:card\" content=\"summary_large_image\" \/>\n<meta name=\"twitter:label1\" content=\"Escrito por\" \/>\n\t<meta name=\"twitter:data1\" content=\"IAAviM\" \/>\n\t<meta name=\"twitter:label2\" content=\"Tiempo de lectura\" \/>\n\t<meta name=\"twitter:data2\" content=\"6 minutos\" \/>\n<script type=\"application\/ld+json\" class=\"yoast-schema-graph\">{\"@context\":\"https:\\\/\\\/schema.org\",\"@graph\":[{\"@type\":\"Article\",\"@id\":\"https:\\\/\\\/www.iaavim.gob.ar\\\/?p=8965#article\",\"isPartOf\":{\"@id\":\"https:\\\/\\\/www.iaavim.gob.ar\\\/?p=8965\"},\"author\":{\"name\":\"IAAviM\",\"@id\":\"\\\/#\\\/schema\\\/person\\\/567fbb427319d0dae3bc6b33aba48a62\"},\"headline\":\"VI Foro de Pol\u00edticas P\u00fablicas Audiovisuales de Misiones con miras hacia 2020-2021\",\"datePublished\":\"2019-10-17T16:08:55+00:00\",\"dateModified\":\"2019-10-21T12:43:16+00:00\",\"mainEntityOfPage\":{\"@id\":\"https:\\\/\\\/www.iaavim.gob.ar\\\/?p=8965\"},\"wordCount\":1184,\"publisher\":{\"@id\":\"\\\/#organization\"},\"image\":{\"@id\":\"https:\\\/\\\/www.iaavim.gob.ar\\\/?p=8965#primaryimage\"},\"thumbnailUrl\":\"https:\\\/\\\/www.iaavim.gob.ar\\\/wp-content\\\/uploads\\\/2019\\\/10\\\/Pre-foro-Posadas-Maca.jpeg\",\"keywords\":[\"Foro de Pol\u00edticas P\u00fablicas Audiovisuales de Misiones\",\"mesas de trabajo\",\"metas 2020-2021\",\"portada2\"],\"articleSection\":[\"Newsletter\"],\"inLanguage\":\"es-AR\"},{\"@type\":\"WebPage\",\"@id\":\"https:\\\/\\\/www.iaavim.gob.ar\\\/?p=8965\",\"url\":\"https:\\\/\\\/www.iaavim.gob.ar\\\/?p=8965\",\"name\":\"VI Foro de Pol\u00edticas P\u00fablicas Audiovisuales de Misiones con miras hacia 2020-2021 - IAAviM\",\"isPartOf\":{\"@id\":\"\\\/#website\"},\"primaryImageOfPage\":{\"@id\":\"https:\\\/\\\/www.iaavim.gob.ar\\\/?p=8965#primaryimage\"},\"image\":{\"@id\":\"https:\\\/\\\/www.iaavim.gob.ar\\\/?p=8965#primaryimage\"},\"thumbnailUrl\":\"https:\\\/\\\/www.iaavim.gob.ar\\\/wp-content\\\/uploads\\\/2019\\\/10\\\/Pre-foro-Posadas-Maca.jpeg\",\"datePublished\":\"2019-10-17T16:08:55+00:00\",\"dateModified\":\"2019-10-21T12:43:16+00:00\",\"description\":\"Los d\u00edas 22 y 23 de noviembre en Posadas se realizar\u00e1 el VI Foro Consultivo de Pol\u00edticas P\u00fablicas Audiovisuales de Misiones.\",\"breadcrumb\":{\"@id\":\"https:\\\/\\\/www.iaavim.gob.ar\\\/?p=8965#breadcrumb\"},\"inLanguage\":\"es-AR\",\"potentialAction\":[{\"@type\":\"ReadAction\",\"target\":[\"https:\\\/\\\/www.iaavim.gob.ar\\\/?p=8965\"]}]},{\"@type\":\"ImageObject\",\"inLanguage\":\"es-AR\",\"@id\":\"https:\\\/\\\/www.iaavim.gob.ar\\\/?p=8965#primaryimage\",\"url\":\"https:\\\/\\\/www.iaavim.gob.ar\\\/wp-content\\\/uploads\\\/2019\\\/10\\\/Pre-foro-Posadas-Maca.jpeg\",\"contentUrl\":\"https:\\\/\\\/www.iaavim.gob.ar\\\/wp-content\\\/uploads\\\/2019\\\/10\\\/Pre-foro-Posadas-Maca.jpeg\",\"width\":1280,\"height\":853},{\"@type\":\"BreadcrumbList\",\"@id\":\"https:\\\/\\\/www.iaavim.gob.ar\\\/?p=8965#breadcrumb\",\"itemListElement\":[{\"@type\":\"ListItem\",\"position\":1,\"name\":\"Inicio\",\"item\":\"https:\\\/\\\/www.iaavim.gob.ar\\\/\"},{\"@type\":\"ListItem\",\"position\":2,\"name\":\"VI Foro de Pol\u00edticas P\u00fablicas Audiovisuales de Misiones con miras hacia 2020-2021\"}]},{\"@type\":\"WebSite\",\"@id\":\"\\\/#website\",\"url\":\"\\\/\",\"name\":\"\",\"description\":\"Sitio oficial del IAAviM\",\"publisher\":{\"@id\":\"\\\/#organization\"},\"potentialAction\":[{\"@type\":\"SearchAction\",\"target\":{\"@type\":\"EntryPoint\",\"urlTemplate\":\"\\\/?s={search_term_string}\"},\"query-input\":{\"@type\":\"PropertyValueSpecification\",\"valueRequired\":true,\"valueName\":\"search_term_string\"}}],\"inLanguage\":\"es-AR\"},{\"@type\":\"Organization\",\"@id\":\"\\\/#organization\",\"name\":\"Instituto de Artes Audiovisuales de Misiones\",\"url\":\"\\\/\",\"logo\":{\"@type\":\"ImageObject\",\"inLanguage\":\"es-AR\",\"@id\":\"\\\/#\\\/schema\\\/logo\\\/image\\\/\",\"url\":\"https:\\\/\\\/iaavim.misiones.gob.ar\\\/wp-content\\\/uploads\\\/2021\\\/07\\\/logo-iaavim-preview.png.jpg\",\"contentUrl\":\"https:\\\/\\\/iaavim.misiones.gob.ar\\\/wp-content\\\/uploads\\\/2021\\\/07\\\/logo-iaavim-preview.png.jpg\",\"width\":1200,\"height\":675,\"caption\":\"Instituto de Artes Audiovisuales de Misiones\"},\"image\":{\"@id\":\"\\\/#\\\/schema\\\/logo\\\/image\\\/\"}},{\"@type\":\"Person\",\"@id\":\"\\\/#\\\/schema\\\/person\\\/567fbb427319d0dae3bc6b33aba48a62\",\"name\":\"IAAviM\",\"image\":{\"@type\":\"ImageObject\",\"inLanguage\":\"es-AR\",\"@id\":\"https:\\\/\\\/secure.gravatar.com\\\/avatar\\\/9802bb83cd8afc8d9eae1a570850fcaf194494ca73cbac30d506afe269460348?s=96&d=blank&r=g\",\"url\":\"https:\\\/\\\/secure.gravatar.com\\\/avatar\\\/9802bb83cd8afc8d9eae1a570850fcaf194494ca73cbac30d506afe269460348?s=96&d=blank&r=g\",\"contentUrl\":\"https:\\\/\\\/secure.gravatar.com\\\/avatar\\\/9802bb83cd8afc8d9eae1a570850fcaf194494ca73cbac30d506afe269460348?s=96&d=blank&r=g\",\"caption\":\"IAAviM\"},\"url\":\"https:\\\/\\\/www.iaavim.gob.ar\\\/?author=1\"}]}<\/script>\n<!-- \/ Yoast SEO plugin. -->","yoast_head_json":{"title":"VI Foro de Pol\u00edticas P\u00fablicas Audiovisuales de Misiones con miras hacia 2020-2021 - IAAviM","description":"Los d\u00edas 22 y 23 de noviembre en Posadas se realizar\u00e1 el VI Foro Consultivo de Pol\u00edticas P\u00fablicas Audiovisuales de Misiones.","robots":{"index":"index","follow":"follow","max-snippet":"max-snippet:-1","max-image-preview":"max-image-preview:large","max-video-preview":"max-video-preview:-1"},"canonical":"https:\/\/www.iaavim.gob.ar\/?p=8965","og_locale":"es_ES","og_type":"article","og_title":"VI Foro de Pol\u00edticas P\u00fablicas Audiovisuales de Misiones con miras hacia 2020-2021 - IAAviM","og_description":"Los d\u00edas 22 y 23 de noviembre en Posadas se realizar\u00e1 el VI Foro Consultivo de Pol\u00edticas P\u00fablicas Audiovisuales de Misiones.","og_url":"https:\/\/www.iaavim.gob.ar\/?p=8965","article_published_time":"2019-10-17T16:08:55+00:00","article_modified_time":"2019-10-21T12:43:16+00:00","og_image":[{"width":1280,"height":853,"url":"https:\/\/www.iaavim.gob.ar\/wp-content\/uploads\/2019\/10\/Pre-foro-Posadas-Maca.jpeg","type":"image\/jpeg"}],"author":"IAAviM","twitter_card":"summary_large_image","twitter_misc":{"Escrito por":"IAAviM","Tiempo de lectura":"6 minutos"},"schema":{"@context":"https:\/\/schema.org","@graph":[{"@type":"Article","@id":"https:\/\/www.iaavim.gob.ar\/?p=8965#article","isPartOf":{"@id":"https:\/\/www.iaavim.gob.ar\/?p=8965"},"author":{"name":"IAAviM","@id":"\/#\/schema\/person\/567fbb427319d0dae3bc6b33aba48a62"},"headline":"VI Foro de Pol\u00edticas P\u00fablicas Audiovisuales de Misiones con miras hacia 2020-2021","datePublished":"2019-10-17T16:08:55+00:00","dateModified":"2019-10-21T12:43:16+00:00","mainEntityOfPage":{"@id":"https:\/\/www.iaavim.gob.ar\/?p=8965"},"wordCount":1184,"publisher":{"@id":"\/#organization"},"image":{"@id":"https:\/\/www.iaavim.gob.ar\/?p=8965#primaryimage"},"thumbnailUrl":"https:\/\/www.iaavim.gob.ar\/wp-content\/uploads\/2019\/10\/Pre-foro-Posadas-Maca.jpeg","keywords":["Foro de Pol\u00edticas P\u00fablicas Audiovisuales de Misiones","mesas de trabajo","metas 2020-2021","portada2"],"articleSection":["Newsletter"],"inLanguage":"es-AR"},{"@type":"WebPage","@id":"https:\/\/www.iaavim.gob.ar\/?p=8965","url":"https:\/\/www.iaavim.gob.ar\/?p=8965","name":"VI Foro de Pol\u00edticas P\u00fablicas Audiovisuales de Misiones con miras hacia 2020-2021 - IAAviM","isPartOf":{"@id":"\/#website"},"primaryImageOfPage":{"@id":"https:\/\/www.iaavim.gob.ar\/?p=8965#primaryimage"},"image":{"@id":"https:\/\/www.iaavim.gob.ar\/?p=8965#primaryimage"},"thumbnailUrl":"https:\/\/www.iaavim.gob.ar\/wp-content\/uploads\/2019\/10\/Pre-foro-Posadas-Maca.jpeg","datePublished":"2019-10-17T16:08:55+00:00","dateModified":"2019-10-21T12:43:16+00:00","description":"Los d\u00edas 22 y 23 de noviembre en Posadas se realizar\u00e1 el VI Foro Consultivo de Pol\u00edticas P\u00fablicas Audiovisuales de Misiones.","breadcrumb":{"@id":"https:\/\/www.iaavim.gob.ar\/?p=8965#breadcrumb"},"inLanguage":"es-AR","potentialAction":[{"@type":"ReadAction","target":["https:\/\/www.iaavim.gob.ar\/?p=8965"]}]},{"@type":"ImageObject","inLanguage":"es-AR","@id":"https:\/\/www.iaavim.gob.ar\/?p=8965#primaryimage","url":"https:\/\/www.iaavim.gob.ar\/wp-content\/uploads\/2019\/10\/Pre-foro-Posadas-Maca.jpeg","contentUrl":"https:\/\/www.iaavim.gob.ar\/wp-content\/uploads\/2019\/10\/Pre-foro-Posadas-Maca.jpeg","width":1280,"height":853},{"@type":"BreadcrumbList","@id":"https:\/\/www.iaavim.gob.ar\/?p=8965#breadcrumb","itemListElement":[{"@type":"ListItem","position":1,"name":"Inicio","item":"https:\/\/www.iaavim.gob.ar\/"},{"@type":"ListItem","position":2,"name":"VI Foro de Pol\u00edticas P\u00fablicas Audiovisuales de Misiones con miras hacia 2020-2021"}]},{"@type":"WebSite","@id":"\/#website","url":"\/","name":"","description":"Sitio oficial del IAAviM","publisher":{"@id":"\/#organization"},"potentialAction":[{"@type":"SearchAction","target":{"@type":"EntryPoint","urlTemplate":"\/?s={search_term_string}"},"query-input":{"@type":"PropertyValueSpecification","valueRequired":true,"valueName":"search_term_string"}}],"inLanguage":"es-AR"},{"@type":"Organization","@id":"\/#organization","name":"Instituto de Artes Audiovisuales de Misiones","url":"\/","logo":{"@type":"ImageObject","inLanguage":"es-AR","@id":"\/#\/schema\/logo\/image\/","url":"https:\/\/iaavim.misiones.gob.ar\/wp-content\/uploads\/2021\/07\/logo-iaavim-preview.png.jpg","contentUrl":"https:\/\/iaavim.misiones.gob.ar\/wp-content\/uploads\/2021\/07\/logo-iaavim-preview.png.jpg","width":1200,"height":675,"caption":"Instituto de Artes Audiovisuales de Misiones"},"image":{"@id":"\/#\/schema\/logo\/image\/"}},{"@type":"Person","@id":"\/#\/schema\/person\/567fbb427319d0dae3bc6b33aba48a62","name":"IAAviM","image":{"@type":"ImageObject","inLanguage":"es-AR","@id":"https:\/\/secure.gravatar.com\/avatar\/9802bb83cd8afc8d9eae1a570850fcaf194494ca73cbac30d506afe269460348?s=96&d=blank&r=g","url":"https:\/\/secure.gravatar.com\/avatar\/9802bb83cd8afc8d9eae1a570850fcaf194494ca73cbac30d506afe269460348?s=96&d=blank&r=g","contentUrl":"https:\/\/secure.gravatar.com\/avatar\/9802bb83cd8afc8d9eae1a570850fcaf194494ca73cbac30d506afe269460348?s=96&d=blank&r=g","caption":"IAAviM"},"url":"https:\/\/www.iaavim.gob.ar\/?author=1"}]}},"amp_enabled":true,"_links":{"self":[{"href":"https:\/\/www.iaavim.gob.ar\/index.php?rest_route=\/wp\/v2\/posts\/8965","targetHints":{"allow":["GET"]}}],"collection":[{"href":"https:\/\/www.iaavim.gob.ar\/index.php?rest_route=\/wp\/v2\/posts"}],"about":[{"href":"https:\/\/www.iaavim.gob.ar\/index.php?rest_route=\/wp\/v2\/types\/post"}],"author":[{"embeddable":true,"href":"https:\/\/www.iaavim.gob.ar\/index.php?rest_route=\/wp\/v2\/users\/1"}],"replies":[{"embeddable":true,"href":"https:\/\/www.iaavim.gob.ar\/index.php?rest_route=%2Fwp%2Fv2%2Fcomments&post=8965"}],"version-history":[{"count":0,"href":"https:\/\/www.iaavim.gob.ar\/index.php?rest_route=\/wp\/v2\/posts\/8965\/revisions"}],"wp:featuredmedia":[{"embeddable":true,"href":"https:\/\/www.iaavim.gob.ar\/index.php?rest_route=\/wp\/v2\/media\/8968"}],"wp:attachment":[{"href":"https:\/\/www.iaavim.gob.ar\/index.php?rest_route=%2Fwp%2Fv2%2Fmedia&parent=8965"}],"wp:term":[{"taxonomy":"category","embeddable":true,"href":"https:\/\/www.iaavim.gob.ar\/index.php?rest_route=%2Fwp%2Fv2%2Fcategories&post=8965"},{"taxonomy":"post_tag","embeddable":true,"href":"https:\/\/www.iaavim.gob.ar\/index.php?rest_route=%2Fwp%2Fv2%2Ftags&post=8965"}],"curies":[{"name":"wp","href":"https:\/\/api.w.org\/{rel}","templated":true}]}}