{"id":6968,"date":"2019-06-11T11:10:51","date_gmt":"2019-06-11T14:10:51","guid":{"rendered":"https:\/\/iaavim.com\/?p=6968"},"modified":"2019-06-12T11:33:11","modified_gmt":"2019-06-12T14:33:11","slug":"mhd-productos-audiovisuales","status":"publish","type":"post","link":"https:\/\/www.iaavim.gob.ar\/?p=6968","title":{"rendered":"Productoras misioneras: MHD Productos Audiovisuales"},"content":{"rendered":"\n<p>Con casi 20 a\u00f1os en desarrollo de contenidos culturales educativos en la televisi\u00f3n misionera, la productora <strong>MHD Productos Audiovisuales<\/strong> es un emprendimiento que naci\u00f3 en el a\u00f1o 2000 en la ciudad de Alem, a instancias de <strong>Marcelo Horacio Dacher<\/strong>, quien es contador p\u00fablico de profesi\u00f3n y se ha transformado en referente del sector.  En el a\u00f1o 1999 fue convocado para conducir un programa de televisi\u00f3n por la pantalla del cable local.  Esta experiencia lo marc\u00f3 de tal manera, que al a\u00f1o siguiente, decidi\u00f3 fundar su propia productora y con ella encar\u00f3 su primer gran proyecto para la pantalla chica, que es el ciclo \u201cLa Otra Mirada\u201d. Es un programa de car\u00e1cter cultural educativo que se emite desde abril de 2000 y con el que el a\u00f1o que viene, estar\u00e1n cumpliendo 20 a\u00f1os. \u201cCon este programa abordamos diferentes tem\u00e1ticas, se emite por Cable Norte Televisi\u00f3n para la zona Sur de la Provincia, siempre con una mirada que tiende a potenciar aquello que tenga que ver con valores culturales y educativos, entendiendo que la televisi\u00f3n es una valiosa herramienta para la transmisi\u00f3n de valores\u201d, indic\u00f3 Dacher.<\/p>\n\n\n\n<div class=\"wp-block-image\"><figure class=\"alignright is-resized\"><img loading=\"lazy\" decoding=\"async\" src=\"https:\/\/iaavim.misiones.gob.ar\/wp-content\/uploads\/2019\/06\/MHD-producciones-1.jpg\" alt=\"\" class=\"wp-image-6969\" width=\"180\" height=\"271\"\/><\/figure><\/div>\n\n\n\n<p>Con\nsu productora, adem\u00e1s ha realizado junto a su equipo de trabajo,\ndiferentes propuestas audiovisuales entre las que se destacan ciclos\ndocumentales con variadas tem\u00e1ticas que comprenden miradas sociales,\nculturales e hist\u00f3ricas. Tambi\u00e9n ha incursionado en proyectos\ninfantojuveniles y en el desarrollo de campa\u00f1as de bien p\u00fablico.\nEsta productora ha recibido numerosos premios internacionales,\nnacionales y provinciales, acumulando m\u00e1s de 300 galardones de los\nm\u00e1s prestigiosos jurados.<\/p>\n\n\n\n<h2 class=\"wp-block-heading\">\u201c<strong>Cr\u00f3nica\nde los viajeros\u201d<\/strong><\/h2>\n\n\n\n<p>Actualmente, MHD Productos Audiovisuales lleva adelante el ciclo <strong>\u201cCr\u00f3nica de los viajeros\u201d<\/strong>, de cortos documentales que narra las aventuras que durante cuatro siglos viajeros de diferentes latitudes hicieron a los territorios que actualmente hoy ocupa la provincia de Misiones. \u201cEsta serie inici\u00f3 su proceso de elaboraci\u00f3n con un documental referido a Aim\u00e9 Bonpland, naturalista franc\u00e9s que se asent\u00f3 en los territorios que actualmente ocupa Corrientes, que antes pertenec\u00edan a los territorios de las Misiones y que tuvo como descubrimiento, entre otras cosas, el m\u00e9todo de reproducci\u00f3n de la yerba mate, que se hab\u00eda perdido con la expulsi\u00f3n de los jesuitas\u201d, cont\u00f3 Dacher.  <\/p>\n\n\n\n<p>El\nsegundo cap\u00edtulo sobre el cual est\u00e1n trabajando durante todo este\na\u00f1o est\u00e1 referido a Juan Bautista Ambrosetti, arque\u00f3logo,\netn\u00f3grafo, folclorista, quien realiz\u00f3 tres viajes a lo que entonces\nera el territorio nacional de Misiones, en 1891, 1892 y 1894. \u201cSe\ntrata de un corto documental que podr\u00eda ser de larga duraci\u00f3n\nporque va a tener una extensi\u00f3n de entre una hora y hora y cuarto.\nEstamos filmando en locaciones de varios puntos de la provincia como\nIguaz\u00fa, Alem, Santa Ana, San Ignacio y en Posadas tambi\u00e9n. Adem\u00e1s\neste documental se ha filmado en otras provincias como Buenos Aires,\nm\u00e1s precisamente en La Plata, y nos queda recrear escenas en Jujuy\u201d,\nresalt\u00f3. \n<\/p>\n\n\n\n<h2 class=\"wp-block-heading\"><strong>Suman\ncontenidos<\/strong><\/h2>\n\n\n\n<p>Desde el \u00e1mbito de la producci\u00f3n televisiva, Dacher se\u00f1al\u00f3 que \u201cdurante este a\u00f1o trabajamos de manera muy esforzada en virtud de que todos los proyectos que generamos desde la productora no tuvieron financiamiento oficial, sino que lo sustentamos en base al aporte particular y autogenerado. Este es un a\u00f1o dif\u00edcil y complicado desde el punto de vista econ\u00f3mico, por lo tanto los recursos que se obtienen desde el \u00e1mbito privado son muchos m\u00e1s limitados por cuanto la financiaci\u00f3n a trav\u00e9s de publicidades es lo primero que tiende a recortarse en \u00e9poca de crisis\u201d, afirm\u00f3.  <\/p>\n\n\n\n<p>No obstante, manifest\u00f3 que desde la productora entienden que en estos proyectos, que son de arduo trabajo y lleva mucho tiempo, \u201cvale la pena apostar y trabajar porque son \u00fanicos en su tipo, de car\u00e1cter educativo, que luego se distribuyen de forma gratuita, a trav\u00e9s de nuestro canal de You Tube a las escuelas y dem\u00e1s instituciones educativas. A pesar de la crisis sigue siendo interesante apostar a este tipo de realizaciones que nos permiten a nosotros llegar con un material de primer nivel a un p\u00fablico que est\u00e1 \u00e1vido de este tipo de productos audiovisuales\u201d, consider\u00f3.<\/p>\n\n\n\n<p>En\nreferencia a los desaf\u00edos de MHD Productos Audiovisuales para este\na\u00f1o, Dacher dijo que buscar\u00e1n culminar el rodaje del documental\nsobre Ambrosetti, \u201cadem\u00e1s seguimos con el ciclo La Otra Mirada que\nes de car\u00e1cter semanal. Tambi\u00e9n estamos trabajando desde hace dos\na\u00f1os en una serie de cortos documentales \u2018Mitos y Leyendas de la\nRegi\u00f3n Guaran\u00ed\u2019. Tenemos varios cap\u00edtulos elaborados con una\nmirada absolutamente diferente y descontracturada, a partir de que\nson narrados por artistas de nuestra provincia en primera persona\ndesde su propio arte. Esto est\u00e1 enriquecido por el testimonio de\nescritores, historiadores, antrop\u00f3logos que nos ayudan a entender la\ndimensi\u00f3n de los mitos y cu\u00e1l es la forma en que se han transmitido\nde generaci\u00f3n en generaci\u00f3n desde la \u00e9poca de las ra\u00edces\nguaran\u00edticas\u201d, cerr\u00f3.<\/p>\n\n\n\n<p>Otros\ntrabajos que han desarrollado desde la productora se destacan\n\u201cHoracio Quiroga, el desterrado\u201d; \u201cParaje Tamand\u00faa\u201d;\n\u201cMisioneros, cuando la fe atraviesa fronteras\u201d; \u201cEducaci\u00f3n\npara la primavera\u201d; \u201cC\u00f3digo verde\u201d; \u201cEl mate y sus\nsecretos\u201d; \u201cLeandro N. Alem, 90 a\u00f1os de historia\u201d; \u201cTiempo\npara dar\u201d; \u201c25 Hect\u00e1reas, historia de la chacra\u201d, y\n\u201cCasamiento en la colonia\u201d.<\/p>\n","protected":false},"excerpt":{"rendered":"<p>Con casi 20 a\u00f1os en desarrollo de contenidos culturales educativos en la televisi\u00f3n misionera, la productora MHD Productos Audiovisuales es un emprendimiento que naci\u00f3 en el a\u00f1o 2000 en la ciudad de Alem, a instancias de Marcelo Horacio Dacher, quien es contador p\u00fablico de profesi\u00f3n y se ha transformado en referente del sector. En el &hellip;<\/p>\n","protected":false},"author":1,"featured_media":6972,"comment_status":"closed","ping_status":"open","sticky":false,"template":"","format":"standard","meta":{"_acf_changed":false,"footnotes":""},"categories":[32,22],"tags":[],"class_list":["post-6968","post","type-post","status-publish","format-standard","has-post-thumbnail","hentry","category-actualidad-del-sector","category-newsletter"],"acf":[],"yoast_head":"<!-- This site is optimized with the Yoast SEO plugin v27.4 - https:\/\/yoast.com\/product\/yoast-seo-wordpress\/ -->\n<title>Productoras misioneras: MHD Productos Audiovisuales -<\/title>\n<meta name=\"description\" content=\"La productora MHD Productos Audiovisuales es un emprendimiento que naci\u00f3 en el a\u00f1o 2000 en la ciudad de Alem.\" \/>\n<meta name=\"robots\" content=\"index, follow, max-snippet:-1, max-image-preview:large, max-video-preview:-1\" \/>\n<link rel=\"canonical\" href=\"https:\/\/www.iaavim.gob.ar\/?p=6968\" \/>\n<meta property=\"og:locale\" content=\"es_ES\" \/>\n<meta property=\"og:type\" content=\"article\" \/>\n<meta property=\"og:title\" content=\"Productoras misioneras: MHD Productos Audiovisuales -\" \/>\n<meta property=\"og:description\" content=\"La productora MHD Productos Audiovisuales es un emprendimiento que naci\u00f3 en el a\u00f1o 2000 en la ciudad de Alem.\" \/>\n<meta property=\"og:url\" content=\"https:\/\/www.iaavim.gob.ar\/?p=6968\" \/>\n<meta property=\"article:published_time\" content=\"2019-06-11T14:10:51+00:00\" \/>\n<meta property=\"article:modified_time\" content=\"2019-06-12T14:33:11+00:00\" \/>\n<meta property=\"og:image\" content=\"https:\/\/www.iaavim.gob.ar\/wp-content\/uploads\/2019\/06\/MHD-producciones-destacada.png\" \/>\n\t<meta property=\"og:image:width\" content=\"590\" \/>\n\t<meta property=\"og:image:height\" content=\"399\" \/>\n\t<meta property=\"og:image:type\" content=\"image\/png\" \/>\n<meta name=\"author\" content=\"IAAviM\" \/>\n<meta name=\"twitter:card\" content=\"summary_large_image\" \/>\n<meta name=\"twitter:label1\" content=\"Escrito por\" \/>\n\t<meta name=\"twitter:data1\" content=\"IAAviM\" \/>\n\t<meta name=\"twitter:label2\" content=\"Tiempo de lectura\" \/>\n\t<meta name=\"twitter:data2\" content=\"5 minutos\" \/>\n<script type=\"application\/ld+json\" class=\"yoast-schema-graph\">{\"@context\":\"https:\\\/\\\/schema.org\",\"@graph\":[{\"@type\":\"Article\",\"@id\":\"https:\\\/\\\/www.iaavim.gob.ar\\\/?p=6968#article\",\"isPartOf\":{\"@id\":\"https:\\\/\\\/www.iaavim.gob.ar\\\/?p=6968\"},\"author\":{\"name\":\"IAAviM\",\"@id\":\"\\\/#\\\/schema\\\/person\\\/567fbb427319d0dae3bc6b33aba48a62\"},\"headline\":\"Productoras misioneras: MHD Productos Audiovisuales\",\"datePublished\":\"2019-06-11T14:10:51+00:00\",\"dateModified\":\"2019-06-12T14:33:11+00:00\",\"mainEntityOfPage\":{\"@id\":\"https:\\\/\\\/www.iaavim.gob.ar\\\/?p=6968\"},\"wordCount\":915,\"publisher\":{\"@id\":\"\\\/#organization\"},\"image\":{\"@id\":\"https:\\\/\\\/www.iaavim.gob.ar\\\/?p=6968#primaryimage\"},\"thumbnailUrl\":\"https:\\\/\\\/www.iaavim.gob.ar\\\/wp-content\\\/uploads\\\/2019\\\/06\\\/MHD-producciones-destacada.png\",\"articleSection\":[\"Actualidad del sector\",\"Newsletter\"],\"inLanguage\":\"es-AR\"},{\"@type\":\"WebPage\",\"@id\":\"https:\\\/\\\/www.iaavim.gob.ar\\\/?p=6968\",\"url\":\"https:\\\/\\\/www.iaavim.gob.ar\\\/?p=6968\",\"name\":\"Productoras misioneras: MHD Productos Audiovisuales -\",\"isPartOf\":{\"@id\":\"\\\/#website\"},\"primaryImageOfPage\":{\"@id\":\"https:\\\/\\\/www.iaavim.gob.ar\\\/?p=6968#primaryimage\"},\"image\":{\"@id\":\"https:\\\/\\\/www.iaavim.gob.ar\\\/?p=6968#primaryimage\"},\"thumbnailUrl\":\"https:\\\/\\\/www.iaavim.gob.ar\\\/wp-content\\\/uploads\\\/2019\\\/06\\\/MHD-producciones-destacada.png\",\"datePublished\":\"2019-06-11T14:10:51+00:00\",\"dateModified\":\"2019-06-12T14:33:11+00:00\",\"description\":\"La productora MHD Productos Audiovisuales es un emprendimiento que naci\u00f3 en el a\u00f1o 2000 en la ciudad de Alem.\",\"breadcrumb\":{\"@id\":\"https:\\\/\\\/www.iaavim.gob.ar\\\/?p=6968#breadcrumb\"},\"inLanguage\":\"es-AR\",\"potentialAction\":[{\"@type\":\"ReadAction\",\"target\":[\"https:\\\/\\\/www.iaavim.gob.ar\\\/?p=6968\"]}]},{\"@type\":\"ImageObject\",\"inLanguage\":\"es-AR\",\"@id\":\"https:\\\/\\\/www.iaavim.gob.ar\\\/?p=6968#primaryimage\",\"url\":\"https:\\\/\\\/www.iaavim.gob.ar\\\/wp-content\\\/uploads\\\/2019\\\/06\\\/MHD-producciones-destacada.png\",\"contentUrl\":\"https:\\\/\\\/www.iaavim.gob.ar\\\/wp-content\\\/uploads\\\/2019\\\/06\\\/MHD-producciones-destacada.png\",\"width\":590,\"height\":399,\"caption\":\"MHD producciones\"},{\"@type\":\"BreadcrumbList\",\"@id\":\"https:\\\/\\\/www.iaavim.gob.ar\\\/?p=6968#breadcrumb\",\"itemListElement\":[{\"@type\":\"ListItem\",\"position\":1,\"name\":\"Inicio\",\"item\":\"https:\\\/\\\/www.iaavim.gob.ar\\\/\"},{\"@type\":\"ListItem\",\"position\":2,\"name\":\"Productoras misioneras: MHD Productos Audiovisuales\"}]},{\"@type\":\"WebSite\",\"@id\":\"\\\/#website\",\"url\":\"\\\/\",\"name\":\"\",\"description\":\"Sitio oficial del IAAviM\",\"publisher\":{\"@id\":\"\\\/#organization\"},\"potentialAction\":[{\"@type\":\"SearchAction\",\"target\":{\"@type\":\"EntryPoint\",\"urlTemplate\":\"\\\/?s={search_term_string}\"},\"query-input\":{\"@type\":\"PropertyValueSpecification\",\"valueRequired\":true,\"valueName\":\"search_term_string\"}}],\"inLanguage\":\"es-AR\"},{\"@type\":\"Organization\",\"@id\":\"\\\/#organization\",\"name\":\"Instituto de Artes Audiovisuales de Misiones\",\"url\":\"\\\/\",\"logo\":{\"@type\":\"ImageObject\",\"inLanguage\":\"es-AR\",\"@id\":\"\\\/#\\\/schema\\\/logo\\\/image\\\/\",\"url\":\"https:\\\/\\\/iaavim.misiones.gob.ar\\\/wp-content\\\/uploads\\\/2021\\\/07\\\/logo-iaavim-preview.png.jpg\",\"contentUrl\":\"https:\\\/\\\/iaavim.misiones.gob.ar\\\/wp-content\\\/uploads\\\/2021\\\/07\\\/logo-iaavim-preview.png.jpg\",\"width\":1200,\"height\":675,\"caption\":\"Instituto de Artes Audiovisuales de Misiones\"},\"image\":{\"@id\":\"\\\/#\\\/schema\\\/logo\\\/image\\\/\"}},{\"@type\":\"Person\",\"@id\":\"\\\/#\\\/schema\\\/person\\\/567fbb427319d0dae3bc6b33aba48a62\",\"name\":\"IAAviM\",\"image\":{\"@type\":\"ImageObject\",\"inLanguage\":\"es-AR\",\"@id\":\"https:\\\/\\\/secure.gravatar.com\\\/avatar\\\/9802bb83cd8afc8d9eae1a570850fcaf194494ca73cbac30d506afe269460348?s=96&d=blank&r=g\",\"url\":\"https:\\\/\\\/secure.gravatar.com\\\/avatar\\\/9802bb83cd8afc8d9eae1a570850fcaf194494ca73cbac30d506afe269460348?s=96&d=blank&r=g\",\"contentUrl\":\"https:\\\/\\\/secure.gravatar.com\\\/avatar\\\/9802bb83cd8afc8d9eae1a570850fcaf194494ca73cbac30d506afe269460348?s=96&d=blank&r=g\",\"caption\":\"IAAviM\"},\"url\":\"https:\\\/\\\/www.iaavim.gob.ar\\\/?author=1\"}]}<\/script>\n<!-- \/ Yoast SEO plugin. -->","yoast_head_json":{"title":"Productoras misioneras: MHD Productos Audiovisuales -","description":"La productora MHD Productos Audiovisuales es un emprendimiento que naci\u00f3 en el a\u00f1o 2000 en la ciudad de Alem.","robots":{"index":"index","follow":"follow","max-snippet":"max-snippet:-1","max-image-preview":"max-image-preview:large","max-video-preview":"max-video-preview:-1"},"canonical":"https:\/\/www.iaavim.gob.ar\/?p=6968","og_locale":"es_ES","og_type":"article","og_title":"Productoras misioneras: MHD Productos Audiovisuales -","og_description":"La productora MHD Productos Audiovisuales es un emprendimiento que naci\u00f3 en el a\u00f1o 2000 en la ciudad de Alem.","og_url":"https:\/\/www.iaavim.gob.ar\/?p=6968","article_published_time":"2019-06-11T14:10:51+00:00","article_modified_time":"2019-06-12T14:33:11+00:00","og_image":[{"width":590,"height":399,"url":"https:\/\/www.iaavim.gob.ar\/wp-content\/uploads\/2019\/06\/MHD-producciones-destacada.png","type":"image\/png"}],"author":"IAAviM","twitter_card":"summary_large_image","twitter_misc":{"Escrito por":"IAAviM","Tiempo de lectura":"5 minutos"},"schema":{"@context":"https:\/\/schema.org","@graph":[{"@type":"Article","@id":"https:\/\/www.iaavim.gob.ar\/?p=6968#article","isPartOf":{"@id":"https:\/\/www.iaavim.gob.ar\/?p=6968"},"author":{"name":"IAAviM","@id":"\/#\/schema\/person\/567fbb427319d0dae3bc6b33aba48a62"},"headline":"Productoras misioneras: MHD Productos Audiovisuales","datePublished":"2019-06-11T14:10:51+00:00","dateModified":"2019-06-12T14:33:11+00:00","mainEntityOfPage":{"@id":"https:\/\/www.iaavim.gob.ar\/?p=6968"},"wordCount":915,"publisher":{"@id":"\/#organization"},"image":{"@id":"https:\/\/www.iaavim.gob.ar\/?p=6968#primaryimage"},"thumbnailUrl":"https:\/\/www.iaavim.gob.ar\/wp-content\/uploads\/2019\/06\/MHD-producciones-destacada.png","articleSection":["Actualidad del sector","Newsletter"],"inLanguage":"es-AR"},{"@type":"WebPage","@id":"https:\/\/www.iaavim.gob.ar\/?p=6968","url":"https:\/\/www.iaavim.gob.ar\/?p=6968","name":"Productoras misioneras: MHD Productos Audiovisuales -","isPartOf":{"@id":"\/#website"},"primaryImageOfPage":{"@id":"https:\/\/www.iaavim.gob.ar\/?p=6968#primaryimage"},"image":{"@id":"https:\/\/www.iaavim.gob.ar\/?p=6968#primaryimage"},"thumbnailUrl":"https:\/\/www.iaavim.gob.ar\/wp-content\/uploads\/2019\/06\/MHD-producciones-destacada.png","datePublished":"2019-06-11T14:10:51+00:00","dateModified":"2019-06-12T14:33:11+00:00","description":"La productora MHD Productos Audiovisuales es un emprendimiento que naci\u00f3 en el a\u00f1o 2000 en la ciudad de Alem.","breadcrumb":{"@id":"https:\/\/www.iaavim.gob.ar\/?p=6968#breadcrumb"},"inLanguage":"es-AR","potentialAction":[{"@type":"ReadAction","target":["https:\/\/www.iaavim.gob.ar\/?p=6968"]}]},{"@type":"ImageObject","inLanguage":"es-AR","@id":"https:\/\/www.iaavim.gob.ar\/?p=6968#primaryimage","url":"https:\/\/www.iaavim.gob.ar\/wp-content\/uploads\/2019\/06\/MHD-producciones-destacada.png","contentUrl":"https:\/\/www.iaavim.gob.ar\/wp-content\/uploads\/2019\/06\/MHD-producciones-destacada.png","width":590,"height":399,"caption":"MHD producciones"},{"@type":"BreadcrumbList","@id":"https:\/\/www.iaavim.gob.ar\/?p=6968#breadcrumb","itemListElement":[{"@type":"ListItem","position":1,"name":"Inicio","item":"https:\/\/www.iaavim.gob.ar\/"},{"@type":"ListItem","position":2,"name":"Productoras misioneras: MHD Productos Audiovisuales"}]},{"@type":"WebSite","@id":"\/#website","url":"\/","name":"","description":"Sitio oficial del IAAviM","publisher":{"@id":"\/#organization"},"potentialAction":[{"@type":"SearchAction","target":{"@type":"EntryPoint","urlTemplate":"\/?s={search_term_string}"},"query-input":{"@type":"PropertyValueSpecification","valueRequired":true,"valueName":"search_term_string"}}],"inLanguage":"es-AR"},{"@type":"Organization","@id":"\/#organization","name":"Instituto de Artes Audiovisuales de Misiones","url":"\/","logo":{"@type":"ImageObject","inLanguage":"es-AR","@id":"\/#\/schema\/logo\/image\/","url":"https:\/\/iaavim.misiones.gob.ar\/wp-content\/uploads\/2021\/07\/logo-iaavim-preview.png.jpg","contentUrl":"https:\/\/iaavim.misiones.gob.ar\/wp-content\/uploads\/2021\/07\/logo-iaavim-preview.png.jpg","width":1200,"height":675,"caption":"Instituto de Artes Audiovisuales de Misiones"},"image":{"@id":"\/#\/schema\/logo\/image\/"}},{"@type":"Person","@id":"\/#\/schema\/person\/567fbb427319d0dae3bc6b33aba48a62","name":"IAAviM","image":{"@type":"ImageObject","inLanguage":"es-AR","@id":"https:\/\/secure.gravatar.com\/avatar\/9802bb83cd8afc8d9eae1a570850fcaf194494ca73cbac30d506afe269460348?s=96&d=blank&r=g","url":"https:\/\/secure.gravatar.com\/avatar\/9802bb83cd8afc8d9eae1a570850fcaf194494ca73cbac30d506afe269460348?s=96&d=blank&r=g","contentUrl":"https:\/\/secure.gravatar.com\/avatar\/9802bb83cd8afc8d9eae1a570850fcaf194494ca73cbac30d506afe269460348?s=96&d=blank&r=g","caption":"IAAviM"},"url":"https:\/\/www.iaavim.gob.ar\/?author=1"}]}},"amp_enabled":true,"_links":{"self":[{"href":"https:\/\/www.iaavim.gob.ar\/index.php?rest_route=\/wp\/v2\/posts\/6968","targetHints":{"allow":["GET"]}}],"collection":[{"href":"https:\/\/www.iaavim.gob.ar\/index.php?rest_route=\/wp\/v2\/posts"}],"about":[{"href":"https:\/\/www.iaavim.gob.ar\/index.php?rest_route=\/wp\/v2\/types\/post"}],"author":[{"embeddable":true,"href":"https:\/\/www.iaavim.gob.ar\/index.php?rest_route=\/wp\/v2\/users\/1"}],"replies":[{"embeddable":true,"href":"https:\/\/www.iaavim.gob.ar\/index.php?rest_route=%2Fwp%2Fv2%2Fcomments&post=6968"}],"version-history":[{"count":0,"href":"https:\/\/www.iaavim.gob.ar\/index.php?rest_route=\/wp\/v2\/posts\/6968\/revisions"}],"wp:featuredmedia":[{"embeddable":true,"href":"https:\/\/www.iaavim.gob.ar\/index.php?rest_route=\/wp\/v2\/media\/6972"}],"wp:attachment":[{"href":"https:\/\/www.iaavim.gob.ar\/index.php?rest_route=%2Fwp%2Fv2%2Fmedia&parent=6968"}],"wp:term":[{"taxonomy":"category","embeddable":true,"href":"https:\/\/www.iaavim.gob.ar\/index.php?rest_route=%2Fwp%2Fv2%2Fcategories&post=6968"},{"taxonomy":"post_tag","embeddable":true,"href":"https:\/\/www.iaavim.gob.ar\/index.php?rest_route=%2Fwp%2Fv2%2Ftags&post=6968"}],"curies":[{"name":"wp","href":"https:\/\/api.w.org\/{rel}","templated":true}]}}