{"id":545,"date":"2016-06-06T10:35:09","date_gmt":"2016-06-06T13:35:09","guid":{"rendered":"http:\/\/www.iaavim.misiones.gov.ar\/?p=545"},"modified":"2016-06-06T10:35:09","modified_gmt":"2016-06-06T13:35:09","slug":"mas-de-300-personas-ya-participaron-del-relevamiento-del-sector-audiovisual","status":"publish","type":"post","link":"https:\/\/www.iaavim.gob.ar\/?p=545","title":{"rendered":"MAS DE 300 PERSONAS YA PARTICIPARON DEL RELEVAMIENTO DEL SECTOR AUDIOVISUAL"},"content":{"rendered":"<p>\t\t\t\tM\u00e1s de 300 personas ya completaron la encuesta on line en el marco del Relevamiento del Sector Audiovisual que lleva adelante el Instituto de Artes Audiovisual de Misiones \u2013IAAviM-.<\/p>\n<p>Hasta el 16 de junio se encuentra disponible la encuesta que tiene como objetivo recopilar datos significativos que permitan identificar a todas las personas que se desempe\u00f1an en cualquier eslab\u00f3n de la cadena de producci\u00f3n audiovisual.<\/p>\n<p>La informaci\u00f3n recogida ser\u00e1 de uso exclusivo del IAAviM y, posteriormente, previa autorizaci\u00f3n de los interesados, se conformar\u00e1 el Registro Provincial del Audiovisual -Re.P.A.-, una base de datos que estar\u00e1 disponible para los productores locales, nacionales e internacionales que deseen filmar en territorio misionero, a los cuales se les exigir\u00e1 contratar un porcentaje del personal que figure en el registro.<\/p>\n<p>Hasta el momento, de los que participaron, un 56% son de Posadas, 14% de Ober\u00e1, 7% de Iguaz\u00fa, 5% de Eldorado, 3% de Garup\u00e1, 2% de Ap\u00f3stoles, Leandro N. Alem, Puerto Rico, Montecarlo y Puerto Esperanza.<\/p>\n<p>El resto de los municipios de la provincia tiene una participaci\u00f3n muy baja o nula por lo cual se insiste en la importancia de que todas aquellas personas que de una u otra manera cumplen un rol dentro de la actividad audiovisual, ya sea en cine, televisi\u00f3n o web, participen de la encuesta ingresando a <a href=\"https:\/\/iaavim.misiones.gob.ar\">www.iaavim.misiones.gov.ar<\/a><\/p>\n<p>Cabe recordar que pueden participar de este relevamiento: directores, realizadores integrales, productores, comunicadores especializados, guionistas, actores, locutores, m\u00fasicos con experiencia en realizaciones audiovisuales, investigadores y capacitadores, distribuidores, comercializadores, proveedores de equipamiento, software o hardware, desarrolladores de v\u00eddeo juegos. En cuanto a los t\u00e9cnicos, se incluye en este rubro a camar\u00f3grafos, sonidistas, montajistas, editores, iluminadores, maquilladores, peluquero\/as, apuntadores, escen\u00f3grafos, vestuaristas, asistentes, foquistas, videoasist, etc. De igual modo, el rubro exhibidor comprenden a las salas de cine, cineclub, espacios culturales, videoclub, etc.<\/p>\n<p><strong>Recorrida por otras ciudades<\/strong><\/p>\n<p>En el af\u00e1n de difundir el relevamiento al sector audiovisual, la responsable del \u00e1rea de Registro Provincial Audiovisual, Silvana Gonz\u00e1lez, y el representante del Sindicato de Televisi\u00f3n (SATSAID) e integrante del Consejo Directivo del IAAviM, Eduardo Silva, recorrieron varios canales de televisi\u00f3n de la provincia.<\/p>\n<p>Visitaron los canales de cable de Puerto Rico (canal 3), Montecarlo (canal 5), Eldorado (canal 4) y Puerto Iguaz\u00fa (CVI). En cada oportunidad se explic\u00f3 los objetivos del relevamiento y la importancia de la participaron de los trabajadores para conformar un mapa actualizado de la actividad.<\/p>\n<p>En San Vicente, fueron recibidos por el director de Canal 7. La recorrida tambi\u00e9n incluy\u00f3 la ciudad de Ober\u00e1 donde Gonz\u00e1lez y Silva pudieron comentar los alcances de esta acci\u00f3n en una conferencia de prensa. La recorrida finaliz\u00f3 en Ap\u00f3stoles con una reuni\u00f3n mantenida con trabajadores audiovisuales independientes.<\/p>\n<p><img loading=\"lazy\" decoding=\"async\" class=\"size-medium wp-image-546 aligncenter\" src=\"https:\/\/iaavim.misiones.gob.arwp-content\/uploads\/2016\/06\/Recorrida-por-medios-300x169.jpg\" alt=\"Recorrida por medios\" width=\"300\" height=\"169\" \/>\t\t<\/p>\n","protected":false},"excerpt":{"rendered":"<p>M\u00e1s de 300 personas ya completaron la encuesta on line en el marco del Relevamiento del Sector Audiovisual que lleva adelante el Instituto de Artes Audiovisual de Misiones \u2013IAAviM-. Hasta el 16 de junio se encuentra disponible la encuesta que tiene como objetivo recopilar datos significativos que permitan identificar a todas las personas que se &hellip;<\/p>\n","protected":false},"author":2,"featured_media":546,"comment_status":"closed","ping_status":"open","sticky":false,"template":"","format":"standard","meta":{"_acf_changed":false,"footnotes":""},"categories":[39],"tags":[152],"class_list":["post-545","post","type-post","status-publish","format-standard","has-post-thumbnail","hentry","category-noticias-del-iaavim","tag-relevamiento"],"acf":[],"yoast_head":"<!-- This site is optimized with the Yoast SEO plugin v27.4 - https:\/\/yoast.com\/product\/yoast-seo-wordpress\/ -->\n<title>MAS DE 300 PERSONAS YA PARTICIPARON DEL RELEVAMIENTO DEL SECTOR AUDIOVISUAL -<\/title>\n<meta name=\"robots\" content=\"index, follow, max-snippet:-1, max-image-preview:large, max-video-preview:-1\" \/>\n<link rel=\"canonical\" href=\"https:\/\/www.iaavim.gob.ar\/?p=545\" \/>\n<meta property=\"og:locale\" content=\"es_ES\" \/>\n<meta property=\"og:type\" content=\"article\" \/>\n<meta property=\"og:title\" content=\"MAS DE 300 PERSONAS YA PARTICIPARON DEL RELEVAMIENTO DEL SECTOR AUDIOVISUAL -\" \/>\n<meta property=\"og:description\" content=\"M\u00e1s de 300 personas ya completaron la encuesta on line en el marco del Relevamiento del Sector Audiovisual que lleva adelante el Instituto de Artes Audiovisual de Misiones \u2013IAAviM-. Hasta el 16 de junio se encuentra disponible la encuesta que tiene como objetivo recopilar datos significativos que permitan identificar a todas las personas que se &hellip;\" \/>\n<meta property=\"og:url\" content=\"https:\/\/www.iaavim.gob.ar\/?p=545\" \/>\n<meta property=\"article:published_time\" content=\"2016-06-06T13:35:09+00:00\" \/>\n<meta property=\"og:image\" content=\"https:\/\/www.iaavim.gob.ar\/wp-content\/uploads\/2016\/06\/Recorrida-por-medios-1.jpg\" \/>\n\t<meta property=\"og:image:width\" content=\"1280\" \/>\n\t<meta property=\"og:image:height\" content=\"720\" \/>\n\t<meta property=\"og:image:type\" content=\"image\/jpeg\" \/>\n<meta name=\"author\" content=\"IAAviM\" \/>\n<meta name=\"twitter:card\" content=\"summary_large_image\" \/>\n<meta name=\"twitter:label1\" content=\"Escrito por\" \/>\n\t<meta name=\"twitter:data1\" content=\"IAAviM\" \/>\n\t<meta name=\"twitter:label2\" content=\"Tiempo de lectura\" \/>\n\t<meta name=\"twitter:data2\" content=\"2 minutos\" \/>\n<script type=\"application\/ld+json\" class=\"yoast-schema-graph\">{\"@context\":\"https:\\\/\\\/schema.org\",\"@graph\":[{\"@type\":\"Article\",\"@id\":\"https:\\\/\\\/www.iaavim.gob.ar\\\/?p=545#article\",\"isPartOf\":{\"@id\":\"https:\\\/\\\/www.iaavim.gob.ar\\\/?p=545\"},\"author\":{\"name\":\"IAAviM\",\"@id\":\"\\\/#\\\/schema\\\/person\\\/affb351a86bbbb5cdff3011db06ccf85\"},\"headline\":\"MAS DE 300 PERSONAS YA PARTICIPARON DEL RELEVAMIENTO DEL SECTOR AUDIOVISUAL\",\"datePublished\":\"2016-06-06T13:35:09+00:00\",\"mainEntityOfPage\":{\"@id\":\"https:\\\/\\\/www.iaavim.gob.ar\\\/?p=545\"},\"wordCount\":469,\"publisher\":{\"@id\":\"\\\/#organization\"},\"image\":{\"@id\":\"https:\\\/\\\/www.iaavim.gob.ar\\\/?p=545#primaryimage\"},\"thumbnailUrl\":\"https:\\\/\\\/www.iaavim.gob.ar\\\/wp-content\\\/uploads\\\/2016\\\/06\\\/Recorrida-por-medios-1.jpg\",\"keywords\":[\"RELEVAMIENTO\"],\"articleSection\":[\"Noticias del IAAviM\"],\"inLanguage\":\"es-AR\"},{\"@type\":\"WebPage\",\"@id\":\"https:\\\/\\\/www.iaavim.gob.ar\\\/?p=545\",\"url\":\"https:\\\/\\\/www.iaavim.gob.ar\\\/?p=545\",\"name\":\"MAS DE 300 PERSONAS YA PARTICIPARON DEL RELEVAMIENTO DEL SECTOR AUDIOVISUAL -\",\"isPartOf\":{\"@id\":\"\\\/#website\"},\"primaryImageOfPage\":{\"@id\":\"https:\\\/\\\/www.iaavim.gob.ar\\\/?p=545#primaryimage\"},\"image\":{\"@id\":\"https:\\\/\\\/www.iaavim.gob.ar\\\/?p=545#primaryimage\"},\"thumbnailUrl\":\"https:\\\/\\\/www.iaavim.gob.ar\\\/wp-content\\\/uploads\\\/2016\\\/06\\\/Recorrida-por-medios-1.jpg\",\"datePublished\":\"2016-06-06T13:35:09+00:00\",\"breadcrumb\":{\"@id\":\"https:\\\/\\\/www.iaavim.gob.ar\\\/?p=545#breadcrumb\"},\"inLanguage\":\"es-AR\",\"potentialAction\":[{\"@type\":\"ReadAction\",\"target\":[\"https:\\\/\\\/www.iaavim.gob.ar\\\/?p=545\"]}]},{\"@type\":\"ImageObject\",\"inLanguage\":\"es-AR\",\"@id\":\"https:\\\/\\\/www.iaavim.gob.ar\\\/?p=545#primaryimage\",\"url\":\"https:\\\/\\\/www.iaavim.gob.ar\\\/wp-content\\\/uploads\\\/2016\\\/06\\\/Recorrida-por-medios-1.jpg\",\"contentUrl\":\"https:\\\/\\\/www.iaavim.gob.ar\\\/wp-content\\\/uploads\\\/2016\\\/06\\\/Recorrida-por-medios-1.jpg\",\"width\":1280,\"height\":720},{\"@type\":\"BreadcrumbList\",\"@id\":\"https:\\\/\\\/www.iaavim.gob.ar\\\/?p=545#breadcrumb\",\"itemListElement\":[{\"@type\":\"ListItem\",\"position\":1,\"name\":\"Inicio\",\"item\":\"https:\\\/\\\/www.iaavim.gob.ar\\\/\"},{\"@type\":\"ListItem\",\"position\":2,\"name\":\"MAS DE 300 PERSONAS YA PARTICIPARON DEL RELEVAMIENTO DEL SECTOR AUDIOVISUAL\"}]},{\"@type\":\"WebSite\",\"@id\":\"\\\/#website\",\"url\":\"\\\/\",\"name\":\"\",\"description\":\"Sitio oficial del IAAviM\",\"publisher\":{\"@id\":\"\\\/#organization\"},\"potentialAction\":[{\"@type\":\"SearchAction\",\"target\":{\"@type\":\"EntryPoint\",\"urlTemplate\":\"\\\/?s={search_term_string}\"},\"query-input\":{\"@type\":\"PropertyValueSpecification\",\"valueRequired\":true,\"valueName\":\"search_term_string\"}}],\"inLanguage\":\"es-AR\"},{\"@type\":\"Organization\",\"@id\":\"\\\/#organization\",\"name\":\"Instituto de Artes Audiovisuales de Misiones\",\"url\":\"\\\/\",\"logo\":{\"@type\":\"ImageObject\",\"inLanguage\":\"es-AR\",\"@id\":\"\\\/#\\\/schema\\\/logo\\\/image\\\/\",\"url\":\"https:\\\/\\\/iaavim.misiones.gob.ar\\\/wp-content\\\/uploads\\\/2021\\\/07\\\/logo-iaavim-preview.png.jpg\",\"contentUrl\":\"https:\\\/\\\/iaavim.misiones.gob.ar\\\/wp-content\\\/uploads\\\/2021\\\/07\\\/logo-iaavim-preview.png.jpg\",\"width\":1200,\"height\":675,\"caption\":\"Instituto de Artes Audiovisuales de Misiones\"},\"image\":{\"@id\":\"\\\/#\\\/schema\\\/logo\\\/image\\\/\"}},{\"@type\":\"Person\",\"@id\":\"\\\/#\\\/schema\\\/person\\\/affb351a86bbbb5cdff3011db06ccf85\",\"name\":\"IAAviM\",\"image\":{\"@type\":\"ImageObject\",\"inLanguage\":\"es-AR\",\"@id\":\"https:\\\/\\\/secure.gravatar.com\\\/avatar\\\/6a023e5ff426a571199af5d6ff7996bd89e8be946af83dc1c2624ad66151ed39?s=96&d=blank&r=g\",\"url\":\"https:\\\/\\\/secure.gravatar.com\\\/avatar\\\/6a023e5ff426a571199af5d6ff7996bd89e8be946af83dc1c2624ad66151ed39?s=96&d=blank&r=g\",\"contentUrl\":\"https:\\\/\\\/secure.gravatar.com\\\/avatar\\\/6a023e5ff426a571199af5d6ff7996bd89e8be946af83dc1c2624ad66151ed39?s=96&d=blank&r=g\",\"caption\":\"IAAviM\"},\"url\":\"https:\\\/\\\/www.iaavim.gob.ar\\\/?author=2\"}]}<\/script>\n<!-- \/ Yoast SEO plugin. -->","yoast_head_json":{"title":"MAS DE 300 PERSONAS YA PARTICIPARON DEL RELEVAMIENTO DEL SECTOR AUDIOVISUAL -","robots":{"index":"index","follow":"follow","max-snippet":"max-snippet:-1","max-image-preview":"max-image-preview:large","max-video-preview":"max-video-preview:-1"},"canonical":"https:\/\/www.iaavim.gob.ar\/?p=545","og_locale":"es_ES","og_type":"article","og_title":"MAS DE 300 PERSONAS YA PARTICIPARON DEL RELEVAMIENTO DEL SECTOR AUDIOVISUAL -","og_description":"M\u00e1s de 300 personas ya completaron la encuesta on line en el marco del Relevamiento del Sector Audiovisual que lleva adelante el Instituto de Artes Audiovisual de Misiones \u2013IAAviM-. Hasta el 16 de junio se encuentra disponible la encuesta que tiene como objetivo recopilar datos significativos que permitan identificar a todas las personas que se &hellip;","og_url":"https:\/\/www.iaavim.gob.ar\/?p=545","article_published_time":"2016-06-06T13:35:09+00:00","og_image":[{"width":1280,"height":720,"url":"https:\/\/www.iaavim.gob.ar\/wp-content\/uploads\/2016\/06\/Recorrida-por-medios-1.jpg","type":"image\/jpeg"}],"author":"IAAviM","twitter_card":"summary_large_image","twitter_misc":{"Escrito por":"IAAviM","Tiempo de lectura":"2 minutos"},"schema":{"@context":"https:\/\/schema.org","@graph":[{"@type":"Article","@id":"https:\/\/www.iaavim.gob.ar\/?p=545#article","isPartOf":{"@id":"https:\/\/www.iaavim.gob.ar\/?p=545"},"author":{"name":"IAAviM","@id":"\/#\/schema\/person\/affb351a86bbbb5cdff3011db06ccf85"},"headline":"MAS DE 300 PERSONAS YA PARTICIPARON DEL RELEVAMIENTO DEL SECTOR AUDIOVISUAL","datePublished":"2016-06-06T13:35:09+00:00","mainEntityOfPage":{"@id":"https:\/\/www.iaavim.gob.ar\/?p=545"},"wordCount":469,"publisher":{"@id":"\/#organization"},"image":{"@id":"https:\/\/www.iaavim.gob.ar\/?p=545#primaryimage"},"thumbnailUrl":"https:\/\/www.iaavim.gob.ar\/wp-content\/uploads\/2016\/06\/Recorrida-por-medios-1.jpg","keywords":["RELEVAMIENTO"],"articleSection":["Noticias del IAAviM"],"inLanguage":"es-AR"},{"@type":"WebPage","@id":"https:\/\/www.iaavim.gob.ar\/?p=545","url":"https:\/\/www.iaavim.gob.ar\/?p=545","name":"MAS DE 300 PERSONAS YA PARTICIPARON DEL RELEVAMIENTO DEL SECTOR AUDIOVISUAL -","isPartOf":{"@id":"\/#website"},"primaryImageOfPage":{"@id":"https:\/\/www.iaavim.gob.ar\/?p=545#primaryimage"},"image":{"@id":"https:\/\/www.iaavim.gob.ar\/?p=545#primaryimage"},"thumbnailUrl":"https:\/\/www.iaavim.gob.ar\/wp-content\/uploads\/2016\/06\/Recorrida-por-medios-1.jpg","datePublished":"2016-06-06T13:35:09+00:00","breadcrumb":{"@id":"https:\/\/www.iaavim.gob.ar\/?p=545#breadcrumb"},"inLanguage":"es-AR","potentialAction":[{"@type":"ReadAction","target":["https:\/\/www.iaavim.gob.ar\/?p=545"]}]},{"@type":"ImageObject","inLanguage":"es-AR","@id":"https:\/\/www.iaavim.gob.ar\/?p=545#primaryimage","url":"https:\/\/www.iaavim.gob.ar\/wp-content\/uploads\/2016\/06\/Recorrida-por-medios-1.jpg","contentUrl":"https:\/\/www.iaavim.gob.ar\/wp-content\/uploads\/2016\/06\/Recorrida-por-medios-1.jpg","width":1280,"height":720},{"@type":"BreadcrumbList","@id":"https:\/\/www.iaavim.gob.ar\/?p=545#breadcrumb","itemListElement":[{"@type":"ListItem","position":1,"name":"Inicio","item":"https:\/\/www.iaavim.gob.ar\/"},{"@type":"ListItem","position":2,"name":"MAS DE 300 PERSONAS YA PARTICIPARON DEL RELEVAMIENTO DEL SECTOR AUDIOVISUAL"}]},{"@type":"WebSite","@id":"\/#website","url":"\/","name":"","description":"Sitio oficial del IAAviM","publisher":{"@id":"\/#organization"},"potentialAction":[{"@type":"SearchAction","target":{"@type":"EntryPoint","urlTemplate":"\/?s={search_term_string}"},"query-input":{"@type":"PropertyValueSpecification","valueRequired":true,"valueName":"search_term_string"}}],"inLanguage":"es-AR"},{"@type":"Organization","@id":"\/#organization","name":"Instituto de Artes Audiovisuales de Misiones","url":"\/","logo":{"@type":"ImageObject","inLanguage":"es-AR","@id":"\/#\/schema\/logo\/image\/","url":"https:\/\/iaavim.misiones.gob.ar\/wp-content\/uploads\/2021\/07\/logo-iaavim-preview.png.jpg","contentUrl":"https:\/\/iaavim.misiones.gob.ar\/wp-content\/uploads\/2021\/07\/logo-iaavim-preview.png.jpg","width":1200,"height":675,"caption":"Instituto de Artes Audiovisuales de Misiones"},"image":{"@id":"\/#\/schema\/logo\/image\/"}},{"@type":"Person","@id":"\/#\/schema\/person\/affb351a86bbbb5cdff3011db06ccf85","name":"IAAviM","image":{"@type":"ImageObject","inLanguage":"es-AR","@id":"https:\/\/secure.gravatar.com\/avatar\/6a023e5ff426a571199af5d6ff7996bd89e8be946af83dc1c2624ad66151ed39?s=96&d=blank&r=g","url":"https:\/\/secure.gravatar.com\/avatar\/6a023e5ff426a571199af5d6ff7996bd89e8be946af83dc1c2624ad66151ed39?s=96&d=blank&r=g","contentUrl":"https:\/\/secure.gravatar.com\/avatar\/6a023e5ff426a571199af5d6ff7996bd89e8be946af83dc1c2624ad66151ed39?s=96&d=blank&r=g","caption":"IAAviM"},"url":"https:\/\/www.iaavim.gob.ar\/?author=2"}]}},"amp_enabled":true,"_links":{"self":[{"href":"https:\/\/www.iaavim.gob.ar\/index.php?rest_route=\/wp\/v2\/posts\/545","targetHints":{"allow":["GET"]}}],"collection":[{"href":"https:\/\/www.iaavim.gob.ar\/index.php?rest_route=\/wp\/v2\/posts"}],"about":[{"href":"https:\/\/www.iaavim.gob.ar\/index.php?rest_route=\/wp\/v2\/types\/post"}],"author":[{"embeddable":true,"href":"https:\/\/www.iaavim.gob.ar\/index.php?rest_route=\/wp\/v2\/users\/2"}],"replies":[{"embeddable":true,"href":"https:\/\/www.iaavim.gob.ar\/index.php?rest_route=%2Fwp%2Fv2%2Fcomments&post=545"}],"version-history":[{"count":0,"href":"https:\/\/www.iaavim.gob.ar\/index.php?rest_route=\/wp\/v2\/posts\/545\/revisions"}],"wp:featuredmedia":[{"embeddable":true,"href":"https:\/\/www.iaavim.gob.ar\/index.php?rest_route=\/wp\/v2\/media\/546"}],"wp:attachment":[{"href":"https:\/\/www.iaavim.gob.ar\/index.php?rest_route=%2Fwp%2Fv2%2Fmedia&parent=545"}],"wp:term":[{"taxonomy":"category","embeddable":true,"href":"https:\/\/www.iaavim.gob.ar\/index.php?rest_route=%2Fwp%2Fv2%2Fcategories&post=545"},{"taxonomy":"post_tag","embeddable":true,"href":"https:\/\/www.iaavim.gob.ar\/index.php?rest_route=%2Fwp%2Fv2%2Ftags&post=545"}],"curies":[{"name":"wp","href":"https:\/\/api.w.org\/{rel}","templated":true}]}}