{"id":410,"date":"2016-05-15T08:38:49","date_gmt":"2016-05-15T11:38:49","guid":{"rendered":"http:\/\/www.iaavim.misiones.gov.ar\/?p=410"},"modified":"2016-05-15T08:38:49","modified_gmt":"2016-05-15T11:38:49","slug":"lanzamiento-relevamiento-al-sector-audiovisual","status":"publish","type":"post","link":"https:\/\/www.iaavim.gob.ar\/?p=410","title":{"rendered":"LANZAMIENTO: RELEVAMIENTO AL SECTOR AUDIOVISUAL"},"content":{"rendered":"<p>\t\t\t\tEl Instituto de Artes Audiovisuales de Misiones -I.A.Avi.M.- lanzar\u00e1 este lunes, a las 10 horas, el \u201cRelevamiento provincial del sector audiovisual\u201d. La presentaci\u00f3n tendr\u00e1 lugar en Sala de Prensa de Casa de Gobierno, y contar\u00e1 con la presencia de autoridades y miembros de asociaciones, organismos e instituciones vinculados a la actividad audiovisual.<\/p>\n<p>El I.A.Avi.M., creado en el marco de la Ley VI N\u00b0 171 de Promoci\u00f3n Audiovisual, pondr\u00e1 en marcha un relevamiento on-line que estar\u00e1 dirigido a todos los trabajadores que forman parte de la actividad (productores, t\u00e9cnicos, artistas, exhibidores, docentes, investigadores y comunicadores).<\/p>\n<p>En la oportunidad, el coordinador del Instituto, Axel Mons\u00fa, presentar\u00e1 los objetivos del relevamiento y destacar\u00e1 el valor de esta estrategia que permitir\u00e1 construir un mapa provincial del sector para orientar las pol\u00edticas p\u00fablicas audiovisuales y constituir el Registro Provincial del Audiovisual (Re.P.A.).\t\t<\/p>\n","protected":false},"excerpt":{"rendered":"<p>El Instituto de Artes Audiovisuales de Misiones -I.A.Avi.M.- lanzar\u00e1 este lunes, a las 10 horas, el \u201cRelevamiento provincial del sector audiovisual\u201d. La presentaci\u00f3n tendr\u00e1 lugar en Sala de Prensa de Casa de Gobierno, y contar\u00e1 con la presencia de autoridades y miembros de asociaciones, organismos e instituciones vinculados a la actividad audiovisual. El I.A.Avi.M., creado &hellip;<\/p>\n","protected":false},"author":2,"featured_media":399,"comment_status":"closed","ping_status":"closed","sticky":false,"template":"","format":"standard","meta":{"_acf_changed":false,"footnotes":""},"categories":[39],"tags":[152],"class_list":["post-410","post","type-post","status-publish","format-standard","has-post-thumbnail","hentry","category-noticias-del-iaavim","tag-relevamiento"],"acf":[],"yoast_head":"<!-- This site is optimized with the Yoast SEO plugin v27.4 - https:\/\/yoast.com\/product\/yoast-seo-wordpress\/ -->\n<title>LANZAMIENTO: RELEVAMIENTO AL SECTOR AUDIOVISUAL -<\/title>\n<meta name=\"robots\" content=\"index, follow, max-snippet:-1, max-image-preview:large, max-video-preview:-1\" \/>\n<link rel=\"canonical\" href=\"https:\/\/www.iaavim.gob.ar\/?p=410\" \/>\n<meta property=\"og:locale\" content=\"es_ES\" \/>\n<meta property=\"og:type\" content=\"article\" \/>\n<meta property=\"og:title\" content=\"LANZAMIENTO: RELEVAMIENTO AL SECTOR AUDIOVISUAL -\" \/>\n<meta property=\"og:description\" content=\"El Instituto de Artes Audiovisuales de Misiones -I.A.Avi.M.- lanzar\u00e1 este lunes, a las 10 horas, el \u201cRelevamiento provincial del sector audiovisual\u201d. La presentaci\u00f3n tendr\u00e1 lugar en Sala de Prensa de Casa de Gobierno, y contar\u00e1 con la presencia de autoridades y miembros de asociaciones, organismos e instituciones vinculados a la actividad audiovisual. El I.A.Avi.M., creado &hellip;\" \/>\n<meta property=\"og:url\" content=\"https:\/\/www.iaavim.gob.ar\/?p=410\" \/>\n<meta property=\"article:published_time\" content=\"2016-05-15T11:38:49+00:00\" \/>\n<meta property=\"og:image\" content=\"https:\/\/www.iaavim.gob.ar\/wp-content\/uploads\/2016\/05\/banner-relevamiento-1.png\" \/>\n\t<meta property=\"og:image:width\" content=\"336\" \/>\n\t<meta property=\"og:image:height\" content=\"280\" \/>\n\t<meta property=\"og:image:type\" content=\"image\/png\" \/>\n<meta name=\"author\" content=\"IAAviM\" \/>\n<meta name=\"twitter:card\" content=\"summary_large_image\" \/>\n<meta name=\"twitter:label1\" content=\"Escrito por\" \/>\n\t<meta name=\"twitter:data1\" content=\"IAAviM\" \/>\n\t<meta name=\"twitter:label2\" content=\"Tiempo de lectura\" \/>\n\t<meta name=\"twitter:data2\" content=\"1 minuto\" \/>\n<script type=\"application\/ld+json\" class=\"yoast-schema-graph\">{\"@context\":\"https:\\\/\\\/schema.org\",\"@graph\":[{\"@type\":\"Article\",\"@id\":\"https:\\\/\\\/www.iaavim.gob.ar\\\/?p=410#article\",\"isPartOf\":{\"@id\":\"https:\\\/\\\/www.iaavim.gob.ar\\\/?p=410\"},\"author\":{\"name\":\"IAAviM\",\"@id\":\"\\\/#\\\/schema\\\/person\\\/affb351a86bbbb5cdff3011db06ccf85\"},\"headline\":\"LANZAMIENTO: RELEVAMIENTO AL SECTOR AUDIOVISUAL\",\"datePublished\":\"2016-05-15T11:38:49+00:00\",\"mainEntityOfPage\":{\"@id\":\"https:\\\/\\\/www.iaavim.gob.ar\\\/?p=410\"},\"wordCount\":154,\"publisher\":{\"@id\":\"\\\/#organization\"},\"image\":{\"@id\":\"https:\\\/\\\/www.iaavim.gob.ar\\\/?p=410#primaryimage\"},\"thumbnailUrl\":\"https:\\\/\\\/www.iaavim.gob.ar\\\/wp-content\\\/uploads\\\/2016\\\/05\\\/banner-relevamiento-1.png\",\"keywords\":[\"RELEVAMIENTO\"],\"articleSection\":[\"Noticias del IAAviM\"],\"inLanguage\":\"es-AR\"},{\"@type\":\"WebPage\",\"@id\":\"https:\\\/\\\/www.iaavim.gob.ar\\\/?p=410\",\"url\":\"https:\\\/\\\/www.iaavim.gob.ar\\\/?p=410\",\"name\":\"LANZAMIENTO: RELEVAMIENTO AL SECTOR AUDIOVISUAL -\",\"isPartOf\":{\"@id\":\"\\\/#website\"},\"primaryImageOfPage\":{\"@id\":\"https:\\\/\\\/www.iaavim.gob.ar\\\/?p=410#primaryimage\"},\"image\":{\"@id\":\"https:\\\/\\\/www.iaavim.gob.ar\\\/?p=410#primaryimage\"},\"thumbnailUrl\":\"https:\\\/\\\/www.iaavim.gob.ar\\\/wp-content\\\/uploads\\\/2016\\\/05\\\/banner-relevamiento-1.png\",\"datePublished\":\"2016-05-15T11:38:49+00:00\",\"breadcrumb\":{\"@id\":\"https:\\\/\\\/www.iaavim.gob.ar\\\/?p=410#breadcrumb\"},\"inLanguage\":\"es-AR\",\"potentialAction\":[{\"@type\":\"ReadAction\",\"target\":[\"https:\\\/\\\/www.iaavim.gob.ar\\\/?p=410\"]}]},{\"@type\":\"ImageObject\",\"inLanguage\":\"es-AR\",\"@id\":\"https:\\\/\\\/www.iaavim.gob.ar\\\/?p=410#primaryimage\",\"url\":\"https:\\\/\\\/www.iaavim.gob.ar\\\/wp-content\\\/uploads\\\/2016\\\/05\\\/banner-relevamiento-1.png\",\"contentUrl\":\"https:\\\/\\\/www.iaavim.gob.ar\\\/wp-content\\\/uploads\\\/2016\\\/05\\\/banner-relevamiento-1.png\",\"width\":336,\"height\":280},{\"@type\":\"BreadcrumbList\",\"@id\":\"https:\\\/\\\/www.iaavim.gob.ar\\\/?p=410#breadcrumb\",\"itemListElement\":[{\"@type\":\"ListItem\",\"position\":1,\"name\":\"Inicio\",\"item\":\"https:\\\/\\\/www.iaavim.gob.ar\\\/\"},{\"@type\":\"ListItem\",\"position\":2,\"name\":\"LANZAMIENTO: RELEVAMIENTO AL SECTOR AUDIOVISUAL\"}]},{\"@type\":\"WebSite\",\"@id\":\"\\\/#website\",\"url\":\"\\\/\",\"name\":\"\",\"description\":\"Sitio oficial del IAAviM\",\"publisher\":{\"@id\":\"\\\/#organization\"},\"potentialAction\":[{\"@type\":\"SearchAction\",\"target\":{\"@type\":\"EntryPoint\",\"urlTemplate\":\"\\\/?s={search_term_string}\"},\"query-input\":{\"@type\":\"PropertyValueSpecification\",\"valueRequired\":true,\"valueName\":\"search_term_string\"}}],\"inLanguage\":\"es-AR\"},{\"@type\":\"Organization\",\"@id\":\"\\\/#organization\",\"name\":\"Instituto de Artes Audiovisuales de Misiones\",\"url\":\"\\\/\",\"logo\":{\"@type\":\"ImageObject\",\"inLanguage\":\"es-AR\",\"@id\":\"\\\/#\\\/schema\\\/logo\\\/image\\\/\",\"url\":\"https:\\\/\\\/iaavim.misiones.gob.ar\\\/wp-content\\\/uploads\\\/2021\\\/07\\\/logo-iaavim-preview.png.jpg\",\"contentUrl\":\"https:\\\/\\\/iaavim.misiones.gob.ar\\\/wp-content\\\/uploads\\\/2021\\\/07\\\/logo-iaavim-preview.png.jpg\",\"width\":1200,\"height\":675,\"caption\":\"Instituto de Artes Audiovisuales de Misiones\"},\"image\":{\"@id\":\"\\\/#\\\/schema\\\/logo\\\/image\\\/\"}},{\"@type\":\"Person\",\"@id\":\"\\\/#\\\/schema\\\/person\\\/affb351a86bbbb5cdff3011db06ccf85\",\"name\":\"IAAviM\",\"image\":{\"@type\":\"ImageObject\",\"inLanguage\":\"es-AR\",\"@id\":\"https:\\\/\\\/secure.gravatar.com\\\/avatar\\\/6a023e5ff426a571199af5d6ff7996bd89e8be946af83dc1c2624ad66151ed39?s=96&d=blank&r=g\",\"url\":\"https:\\\/\\\/secure.gravatar.com\\\/avatar\\\/6a023e5ff426a571199af5d6ff7996bd89e8be946af83dc1c2624ad66151ed39?s=96&d=blank&r=g\",\"contentUrl\":\"https:\\\/\\\/secure.gravatar.com\\\/avatar\\\/6a023e5ff426a571199af5d6ff7996bd89e8be946af83dc1c2624ad66151ed39?s=96&d=blank&r=g\",\"caption\":\"IAAviM\"},\"url\":\"https:\\\/\\\/www.iaavim.gob.ar\\\/?author=2\"}]}<\/script>\n<!-- \/ Yoast SEO plugin. -->","yoast_head_json":{"title":"LANZAMIENTO: RELEVAMIENTO AL SECTOR AUDIOVISUAL -","robots":{"index":"index","follow":"follow","max-snippet":"max-snippet:-1","max-image-preview":"max-image-preview:large","max-video-preview":"max-video-preview:-1"},"canonical":"https:\/\/www.iaavim.gob.ar\/?p=410","og_locale":"es_ES","og_type":"article","og_title":"LANZAMIENTO: RELEVAMIENTO AL SECTOR AUDIOVISUAL -","og_description":"El Instituto de Artes Audiovisuales de Misiones -I.A.Avi.M.- lanzar\u00e1 este lunes, a las 10 horas, el \u201cRelevamiento provincial del sector audiovisual\u201d. La presentaci\u00f3n tendr\u00e1 lugar en Sala de Prensa de Casa de Gobierno, y contar\u00e1 con la presencia de autoridades y miembros de asociaciones, organismos e instituciones vinculados a la actividad audiovisual. El I.A.Avi.M., creado &hellip;","og_url":"https:\/\/www.iaavim.gob.ar\/?p=410","article_published_time":"2016-05-15T11:38:49+00:00","og_image":[{"width":336,"height":280,"url":"https:\/\/www.iaavim.gob.ar\/wp-content\/uploads\/2016\/05\/banner-relevamiento-1.png","type":"image\/png"}],"author":"IAAviM","twitter_card":"summary_large_image","twitter_misc":{"Escrito por":"IAAviM","Tiempo de lectura":"1 minuto"},"schema":{"@context":"https:\/\/schema.org","@graph":[{"@type":"Article","@id":"https:\/\/www.iaavim.gob.ar\/?p=410#article","isPartOf":{"@id":"https:\/\/www.iaavim.gob.ar\/?p=410"},"author":{"name":"IAAviM","@id":"\/#\/schema\/person\/affb351a86bbbb5cdff3011db06ccf85"},"headline":"LANZAMIENTO: RELEVAMIENTO AL SECTOR AUDIOVISUAL","datePublished":"2016-05-15T11:38:49+00:00","mainEntityOfPage":{"@id":"https:\/\/www.iaavim.gob.ar\/?p=410"},"wordCount":154,"publisher":{"@id":"\/#organization"},"image":{"@id":"https:\/\/www.iaavim.gob.ar\/?p=410#primaryimage"},"thumbnailUrl":"https:\/\/www.iaavim.gob.ar\/wp-content\/uploads\/2016\/05\/banner-relevamiento-1.png","keywords":["RELEVAMIENTO"],"articleSection":["Noticias del IAAviM"],"inLanguage":"es-AR"},{"@type":"WebPage","@id":"https:\/\/www.iaavim.gob.ar\/?p=410","url":"https:\/\/www.iaavim.gob.ar\/?p=410","name":"LANZAMIENTO: RELEVAMIENTO AL SECTOR AUDIOVISUAL -","isPartOf":{"@id":"\/#website"},"primaryImageOfPage":{"@id":"https:\/\/www.iaavim.gob.ar\/?p=410#primaryimage"},"image":{"@id":"https:\/\/www.iaavim.gob.ar\/?p=410#primaryimage"},"thumbnailUrl":"https:\/\/www.iaavim.gob.ar\/wp-content\/uploads\/2016\/05\/banner-relevamiento-1.png","datePublished":"2016-05-15T11:38:49+00:00","breadcrumb":{"@id":"https:\/\/www.iaavim.gob.ar\/?p=410#breadcrumb"},"inLanguage":"es-AR","potentialAction":[{"@type":"ReadAction","target":["https:\/\/www.iaavim.gob.ar\/?p=410"]}]},{"@type":"ImageObject","inLanguage":"es-AR","@id":"https:\/\/www.iaavim.gob.ar\/?p=410#primaryimage","url":"https:\/\/www.iaavim.gob.ar\/wp-content\/uploads\/2016\/05\/banner-relevamiento-1.png","contentUrl":"https:\/\/www.iaavim.gob.ar\/wp-content\/uploads\/2016\/05\/banner-relevamiento-1.png","width":336,"height":280},{"@type":"BreadcrumbList","@id":"https:\/\/www.iaavim.gob.ar\/?p=410#breadcrumb","itemListElement":[{"@type":"ListItem","position":1,"name":"Inicio","item":"https:\/\/www.iaavim.gob.ar\/"},{"@type":"ListItem","position":2,"name":"LANZAMIENTO: RELEVAMIENTO AL SECTOR AUDIOVISUAL"}]},{"@type":"WebSite","@id":"\/#website","url":"\/","name":"","description":"Sitio oficial del IAAviM","publisher":{"@id":"\/#organization"},"potentialAction":[{"@type":"SearchAction","target":{"@type":"EntryPoint","urlTemplate":"\/?s={search_term_string}"},"query-input":{"@type":"PropertyValueSpecification","valueRequired":true,"valueName":"search_term_string"}}],"inLanguage":"es-AR"},{"@type":"Organization","@id":"\/#organization","name":"Instituto de Artes Audiovisuales de Misiones","url":"\/","logo":{"@type":"ImageObject","inLanguage":"es-AR","@id":"\/#\/schema\/logo\/image\/","url":"https:\/\/iaavim.misiones.gob.ar\/wp-content\/uploads\/2021\/07\/logo-iaavim-preview.png.jpg","contentUrl":"https:\/\/iaavim.misiones.gob.ar\/wp-content\/uploads\/2021\/07\/logo-iaavim-preview.png.jpg","width":1200,"height":675,"caption":"Instituto de Artes Audiovisuales de Misiones"},"image":{"@id":"\/#\/schema\/logo\/image\/"}},{"@type":"Person","@id":"\/#\/schema\/person\/affb351a86bbbb5cdff3011db06ccf85","name":"IAAviM","image":{"@type":"ImageObject","inLanguage":"es-AR","@id":"https:\/\/secure.gravatar.com\/avatar\/6a023e5ff426a571199af5d6ff7996bd89e8be946af83dc1c2624ad66151ed39?s=96&d=blank&r=g","url":"https:\/\/secure.gravatar.com\/avatar\/6a023e5ff426a571199af5d6ff7996bd89e8be946af83dc1c2624ad66151ed39?s=96&d=blank&r=g","contentUrl":"https:\/\/secure.gravatar.com\/avatar\/6a023e5ff426a571199af5d6ff7996bd89e8be946af83dc1c2624ad66151ed39?s=96&d=blank&r=g","caption":"IAAviM"},"url":"https:\/\/www.iaavim.gob.ar\/?author=2"}]}},"amp_enabled":true,"_links":{"self":[{"href":"https:\/\/www.iaavim.gob.ar\/index.php?rest_route=\/wp\/v2\/posts\/410","targetHints":{"allow":["GET"]}}],"collection":[{"href":"https:\/\/www.iaavim.gob.ar\/index.php?rest_route=\/wp\/v2\/posts"}],"about":[{"href":"https:\/\/www.iaavim.gob.ar\/index.php?rest_route=\/wp\/v2\/types\/post"}],"author":[{"embeddable":true,"href":"https:\/\/www.iaavim.gob.ar\/index.php?rest_route=\/wp\/v2\/users\/2"}],"replies":[{"embeddable":true,"href":"https:\/\/www.iaavim.gob.ar\/index.php?rest_route=%2Fwp%2Fv2%2Fcomments&post=410"}],"version-history":[{"count":0,"href":"https:\/\/www.iaavim.gob.ar\/index.php?rest_route=\/wp\/v2\/posts\/410\/revisions"}],"wp:featuredmedia":[{"embeddable":true,"href":"https:\/\/www.iaavim.gob.ar\/index.php?rest_route=\/wp\/v2\/media\/399"}],"wp:attachment":[{"href":"https:\/\/www.iaavim.gob.ar\/index.php?rest_route=%2Fwp%2Fv2%2Fmedia&parent=410"}],"wp:term":[{"taxonomy":"category","embeddable":true,"href":"https:\/\/www.iaavim.gob.ar\/index.php?rest_route=%2Fwp%2Fv2%2Fcategories&post=410"},{"taxonomy":"post_tag","embeddable":true,"href":"https:\/\/www.iaavim.gob.ar\/index.php?rest_route=%2Fwp%2Fv2%2Ftags&post=410"}],"curies":[{"name":"wp","href":"https:\/\/api.w.org\/{rel}","templated":true}]}}