{"id":16231,"date":"2026-04-29T12:46:35","date_gmt":"2026-04-29T15:46:35","guid":{"rendered":"https:\/\/www.iaavim.gob.ar\/?p=16231"},"modified":"2026-04-29T12:47:09","modified_gmt":"2026-04-29T15:47:09","slug":"misiones-consolida-su-lugar-en-la-industria-audiovisual-en-el-bafici","status":"publish","type":"post","link":"https:\/\/www.iaavim.gob.ar\/?p=16231","title":{"rendered":"Misiones consolida su lugar en la industria audiovisual en el BAFICI"},"content":{"rendered":"<p style=\"text-align: left;\"><span style=\"font-weight: 400;\">La provincia de <\/span><b>Misiones<\/b><span style=\"font-weight: 400;\"> tuvo una <\/span><b>destacada participaci\u00f3n <\/b><span style=\"font-weight: 400;\">en la<\/span><b> 27\u00aa edici\u00f3n del Buenos Aires Festival Internacional de Cine Independiente (BAFICI)<\/b><span style=\"font-weight: 400;\">, consolidando su posicionamiento en los principales espacios de la industria audiovisual nacional. A trav\u00e9s del <\/span><b>Instituto de Artes Audiovisuales de Misiones<\/b><span style=\"font-weight: 400;\"> (<\/span><b>IAAviM<\/b><span style=\"font-weight: 400;\">), la delegaci\u00f3n misionera fue protagonista en instancias clave como Industria en Foco, encuentros federales y actividades orientadas a la coproducci\u00f3n interprovincial.<\/span><\/p>\n<p><span style=\"font-weight: 400;\">En ese marco, el <\/span><b>Encuentro Federal de Producci\u00f3n Audiovisual Industria en Foco<\/b><span style=\"font-weight: 400;\">, organizado por Netflix, CAIC y el Gobierno de la Ciudad de Buenos Aires, volvi\u00f3 a reunir a referentes del sector productivo de todo el pa\u00eds. All\u00ed, el gerente de Fomento del IAAviM, <\/span><b>Santiago Carabante<\/b><span style=\"font-weight: 400;\">, subray\u00f3 la relevancia de la presencia misionera: \u201cLo importante es que Industria en Foco nos vuelva a invitar, eso quiere decir que tienen presente a Misiones en el radar del encuentro, uno de los eventos de industria m\u00e1s importantes del pa\u00eds\u201d. Adem\u00e1s, destac\u00f3 que estos espacios permiten \u201cla circulaci\u00f3n de la informaci\u00f3n acerca del aspecto m\u00e1s duro de la producci\u00f3n, que es el econ\u00f3mico y financiero\u201d, y que la participaci\u00f3n sostenida \u201cposiciona a la provincia, le da visibilidad y favorece la llegada de nuevos proyectos\u201d.<\/span><\/p>\n<p><span style=\"font-weight: 400;\">La presencia misionera se vio reforzada por la participaci\u00f3n de tres casas productoras locales \u2014<\/span><b>Vecinas Cine SRL <\/b>(Luciano Pensa)<b>, Inimaginaria SAS <\/b>(M\u00f3nica Amarilla)<b> y Ojolote Cine <\/b>(Camila Acosta)<span style=\"font-weight: 400;\">\u2014 que fueron seleccionadas por <\/span><i><span style=\"font-weight: 400;\">Industria en Foco<\/span><\/i><span style=\"font-weight: 400;\"> para integrar esta edici\u00f3n del encuentro, tras una convocatoria que reuni\u00f3 cerca de 300 postulaciones de todo el pa\u00eds, de las cuales solo 30 fueron elegidas. En ese marco, las productoras accedieron a una agenda de actividades, reuniones y rondas de intercambio que promueven la articulaci\u00f3n entre empresas y generan oportunidades concretas para el desarrollo y financiamiento de proyectos en distintas regiones del pa\u00eds.<\/span><\/p>\n<p><span style=\"font-weight: 400;\">En las actividades especiales en el marco del BAFICI, el presidente del IAAviM, <\/span><b>Sergio Acosta<\/b><span style=\"font-weight: 400;\">, integr\u00f3 el <strong>panel \u201cFederalismo de Acci\u00f3n: herramientas para la coproducci\u00f3n interprovincial\u201d<\/strong>, donde comparti\u00f3 la experiencia de Misiones en pol\u00edticas de fomento. \u201cEl encuentro sirvi\u00f3 para realizar un diagn\u00f3stico de la situaci\u00f3n del financiamiento del INCAA y del crecimiento de organismos audiovisuales de las provincias que orbitan a su alrededor\u201d, expres\u00f3. Asimismo, destac\u00f3 el inter\u00e9s de productores en vincularse con otras regiones: \u201cEstuvieron presentes productores interesados en tomar contacto con las provincias con proyectos que pueden ser filmados en nuestras regiones, descentralizando la producci\u00f3n fuertemente concentrada en Ciudad de Buenos Aires\u201d.<\/span><\/p>\n<p><span style=\"font-weight: 400;\">En paralelo, las Comisiones de Filmaciones del pa\u00eds desarrollaron una agenda de trabajo en formato h\u00edbrido \u2014con instancias presenciales y virtuales\u2014 orientada a profundizar la articulaci\u00f3n federal. En ese marco, <\/span><b>Natalia Bonetti<\/b><span style=\"font-weight: 400;\">, responsable de la <\/span><b>Comisi\u00f3n de Filmaciones del IAAviM<\/b><span style=\"font-weight: 400;\">, particip\u00f3 de manera virtual en las actividades impulsadas por Puente Audiovisual, la iniciativa que nuclea a diez provincias argentinas con el objetivo de potenciar la coproducci\u00f3n interprovincial y fortalecer la industria con proyecci\u00f3n internacional. Este espacio promueve un modelo basado en la colaboraci\u00f3n, el financiamiento mixto, la econom\u00eda compartida y la distribuci\u00f3n estrat\u00e9gica de contenidos, a trav\u00e9s de herramientas concretas como fondos espec\u00edficos, protocolos y gu\u00edas, instancias de formaci\u00f3n y acciones de internacionalizaci\u00f3n, que buscan consolidar una producci\u00f3n m\u00e1s eficiente, escalable y sostenible por fuera del eje central.<\/span><\/p>\n<div class=\"su-image-carousel  su-image-carousel-columns-3 su-image-carousel-has-spacing su-image-carousel-has-lightbox su-image-carousel-has-outline su-image-carousel-adaptive su-image-carousel-slides-style-photo su-image-carousel-controls-style-light su-image-carousel-align-none\" style=\"\" data-flickity-options='{\"groupCells\":true,\"cellSelector\":\".su-image-carousel-item\",\"adaptiveHeight\":true,\"cellAlign\":\"left\",\"prevNextButtons\":true,\"pageDots\":false,\"autoPlay\":3000,\"imagesLoaded\":true,\"contain\":false,\"selectedAttraction\":0.025,\"friction\":0.28}' id=\"su_image_carousel_69f286b302abd\"><div class=\"su-image-carousel-item\"><div class=\"su-image-carousel-item-content\"><a href=\"https:\/\/www.iaavim.gob.ar\/wp-content\/uploads\/2026\/04\/INDUSTRIA-EN-FOCO-2026-1.jpg\" data-caption=\"\"><img loading=\"lazy\" decoding=\"async\" width=\"768\" height=\"512\" src=\"https:\/\/www.iaavim.gob.ar\/wp-content\/uploads\/2026\/04\/INDUSTRIA-EN-FOCO-2026-1-768x512.jpg\" class=\"\" alt=\"\" srcset=\"https:\/\/www.iaavim.gob.ar\/wp-content\/uploads\/2026\/04\/INDUSTRIA-EN-FOCO-2026-1-768x512.jpg 768w, https:\/\/www.iaavim.gob.ar\/wp-content\/uploads\/2026\/04\/INDUSTRIA-EN-FOCO-2026-1-300x200.jpg 300w, https:\/\/www.iaavim.gob.ar\/wp-content\/uploads\/2026\/04\/INDUSTRIA-EN-FOCO-2026-1-1024x682.jpg 1024w, https:\/\/www.iaavim.gob.ar\/wp-content\/uploads\/2026\/04\/INDUSTRIA-EN-FOCO-2026-1-1536x1024.jpg 1536w, https:\/\/www.iaavim.gob.ar\/wp-content\/uploads\/2026\/04\/INDUSTRIA-EN-FOCO-2026-1.jpg 2000w\" sizes=\"auto, (max-width: 768px) 100vw, 768px\" \/><\/a><\/div><\/div><div class=\"su-image-carousel-item\"><div class=\"su-image-carousel-item-content\"><a href=\"https:\/\/www.iaavim.gob.ar\/wp-content\/uploads\/2026\/04\/INDUSTRIA-EN-FOCO-2026-2.jpg\" data-caption=\"\"><img loading=\"lazy\" decoding=\"async\" width=\"768\" height=\"512\" src=\"https:\/\/www.iaavim.gob.ar\/wp-content\/uploads\/2026\/04\/INDUSTRIA-EN-FOCO-2026-2-768x512.jpg\" class=\"\" alt=\"\" srcset=\"https:\/\/www.iaavim.gob.ar\/wp-content\/uploads\/2026\/04\/INDUSTRIA-EN-FOCO-2026-2-768x512.jpg 768w, https:\/\/www.iaavim.gob.ar\/wp-content\/uploads\/2026\/04\/INDUSTRIA-EN-FOCO-2026-2-300x200.jpg 300w, https:\/\/www.iaavim.gob.ar\/wp-content\/uploads\/2026\/04\/INDUSTRIA-EN-FOCO-2026-2-1024x682.jpg 1024w, https:\/\/www.iaavim.gob.ar\/wp-content\/uploads\/2026\/04\/INDUSTRIA-EN-FOCO-2026-2-1536x1024.jpg 1536w, https:\/\/www.iaavim.gob.ar\/wp-content\/uploads\/2026\/04\/INDUSTRIA-EN-FOCO-2026-2.jpg 2000w\" sizes=\"auto, (max-width: 768px) 100vw, 768px\" \/><\/a><\/div><\/div><div class=\"su-image-carousel-item\"><div class=\"su-image-carousel-item-content\"><a href=\"https:\/\/www.iaavim.gob.ar\/wp-content\/uploads\/2026\/04\/BAFICI-PUENTE-AUDIOVISUAL-2.jpg\" data-caption=\"\"><img loading=\"lazy\" decoding=\"async\" width=\"768\" height=\"718\" src=\"https:\/\/www.iaavim.gob.ar\/wp-content\/uploads\/2026\/04\/BAFICI-PUENTE-AUDIOVISUAL-2-768x718.jpg\" class=\"\" alt=\"\" srcset=\"https:\/\/www.iaavim.gob.ar\/wp-content\/uploads\/2026\/04\/BAFICI-PUENTE-AUDIOVISUAL-2-768x718.jpg 768w, https:\/\/www.iaavim.gob.ar\/wp-content\/uploads\/2026\/04\/BAFICI-PUENTE-AUDIOVISUAL-2-300x281.jpg 300w, https:\/\/www.iaavim.gob.ar\/wp-content\/uploads\/2026\/04\/BAFICI-PUENTE-AUDIOVISUAL-2-1024x958.jpg 1024w, https:\/\/www.iaavim.gob.ar\/wp-content\/uploads\/2026\/04\/BAFICI-PUENTE-AUDIOVISUAL-2-1536x1437.jpg 1536w, https:\/\/www.iaavim.gob.ar\/wp-content\/uploads\/2026\/04\/BAFICI-PUENTE-AUDIOVISUAL-2.jpg 1639w\" sizes=\"auto, (max-width: 768px) 100vw, 768px\" \/><\/a><\/div><\/div><div class=\"su-image-carousel-item\"><div class=\"su-image-carousel-item-content\"><a href=\"https:\/\/www.iaavim.gob.ar\/wp-content\/uploads\/2026\/04\/charla.jpg\" data-caption=\"\"><img loading=\"lazy\" decoding=\"async\" width=\"768\" height=\"512\" src=\"https:\/\/www.iaavim.gob.ar\/wp-content\/uploads\/2026\/04\/charla-768x512.jpg\" class=\"\" alt=\"\" srcset=\"https:\/\/www.iaavim.gob.ar\/wp-content\/uploads\/2026\/04\/charla-768x512.jpg 768w, https:\/\/www.iaavim.gob.ar\/wp-content\/uploads\/2026\/04\/charla-300x200.jpg 300w, https:\/\/www.iaavim.gob.ar\/wp-content\/uploads\/2026\/04\/charla-1024x682.jpg 1024w, https:\/\/www.iaavim.gob.ar\/wp-content\/uploads\/2026\/04\/charla-1536x1024.jpg 1536w, https:\/\/www.iaavim.gob.ar\/wp-content\/uploads\/2026\/04\/charla.jpg 2000w\" sizes=\"auto, (max-width: 768px) 100vw, 768px\" \/><\/a><\/div><\/div><div class=\"su-image-carousel-item\"><div class=\"su-image-carousel-item-content\"><a href=\"https:\/\/www.iaavim.gob.ar\/wp-content\/uploads\/2026\/04\/BAFICI-PUENTE-AUDIOVISUAL-1.jpg\" data-caption=\"\"><img loading=\"lazy\" decoding=\"async\" width=\"768\" height=\"528\" src=\"https:\/\/www.iaavim.gob.ar\/wp-content\/uploads\/2026\/04\/BAFICI-PUENTE-AUDIOVISUAL-1-768x528.jpg\" class=\"\" alt=\"\" srcset=\"https:\/\/www.iaavim.gob.ar\/wp-content\/uploads\/2026\/04\/BAFICI-PUENTE-AUDIOVISUAL-1-768x528.jpg 768w, https:\/\/www.iaavim.gob.ar\/wp-content\/uploads\/2026\/04\/BAFICI-PUENTE-AUDIOVISUAL-1-300x206.jpg 300w, https:\/\/www.iaavim.gob.ar\/wp-content\/uploads\/2026\/04\/BAFICI-PUENTE-AUDIOVISUAL-1-1024x705.jpg 1024w, https:\/\/www.iaavim.gob.ar\/wp-content\/uploads\/2026\/04\/BAFICI-PUENTE-AUDIOVISUAL-1-220x150.jpg 220w, https:\/\/www.iaavim.gob.ar\/wp-content\/uploads\/2026\/04\/BAFICI-PUENTE-AUDIOVISUAL-1.jpg 1500w\" sizes=\"auto, (max-width: 768px) 100vw, 768px\" \/><\/a><\/div><\/div><div class=\"su-image-carousel-item\"><div class=\"su-image-carousel-item-content\"><a href=\"https:\/\/www.iaavim.gob.ar\/wp-content\/uploads\/2026\/04\/RDL-DAC-12.jpeg\" data-caption=\"\"><img loading=\"lazy\" decoding=\"async\" width=\"768\" height=\"512\" src=\"https:\/\/www.iaavim.gob.ar\/wp-content\/uploads\/2026\/04\/RDL-DAC-12-768x512.jpeg\" class=\"\" alt=\"\" srcset=\"https:\/\/www.iaavim.gob.ar\/wp-content\/uploads\/2026\/04\/RDL-DAC-12-768x512.jpeg 768w, https:\/\/www.iaavim.gob.ar\/wp-content\/uploads\/2026\/04\/RDL-DAC-12-300x200.jpeg 300w, https:\/\/www.iaavim.gob.ar\/wp-content\/uploads\/2026\/04\/RDL-DAC-12-1024x683.jpeg 1024w, https:\/\/www.iaavim.gob.ar\/wp-content\/uploads\/2026\/04\/RDL-DAC-12.jpeg 1280w\" sizes=\"auto, (max-width: 768px) 100vw, 768px\" \/><\/a><\/div><\/div><div class=\"su-image-carousel-item\"><div class=\"su-image-carousel-item-content\"><a href=\"https:\/\/www.iaavim.gob.ar\/wp-content\/uploads\/2026\/04\/RDL-DAC-6.jpeg\" data-caption=\"\"><img loading=\"lazy\" decoding=\"async\" width=\"768\" height=\"512\" src=\"https:\/\/www.iaavim.gob.ar\/wp-content\/uploads\/2026\/04\/RDL-DAC-6-768x512.jpeg\" class=\"\" alt=\"\" srcset=\"https:\/\/www.iaavim.gob.ar\/wp-content\/uploads\/2026\/04\/RDL-DAC-6-768x512.jpeg 768w, https:\/\/www.iaavim.gob.ar\/wp-content\/uploads\/2026\/04\/RDL-DAC-6-300x200.jpeg 300w, https:\/\/www.iaavim.gob.ar\/wp-content\/uploads\/2026\/04\/RDL-DAC-6-1024x683.jpeg 1024w, https:\/\/www.iaavim.gob.ar\/wp-content\/uploads\/2026\/04\/RDL-DAC-6.jpeg 1280w\" sizes=\"auto, (max-width: 768px) 100vw, 768px\" \/><\/a><\/div><\/div><div class=\"su-image-carousel-item\"><div class=\"su-image-carousel-item-content\"><a href=\"https:\/\/www.iaavim.gob.ar\/wp-content\/uploads\/2026\/04\/RDL-DAC-9.jpeg\" data-caption=\"\"><img loading=\"lazy\" decoding=\"async\" width=\"768\" height=\"512\" src=\"https:\/\/www.iaavim.gob.ar\/wp-content\/uploads\/2026\/04\/RDL-DAC-9-768x512.jpeg\" class=\"\" alt=\"\" srcset=\"https:\/\/www.iaavim.gob.ar\/wp-content\/uploads\/2026\/04\/RDL-DAC-9-768x512.jpeg 768w, https:\/\/www.iaavim.gob.ar\/wp-content\/uploads\/2026\/04\/RDL-DAC-9-300x200.jpeg 300w, https:\/\/www.iaavim.gob.ar\/wp-content\/uploads\/2026\/04\/RDL-DAC-9-1024x683.jpeg 1024w, https:\/\/www.iaavim.gob.ar\/wp-content\/uploads\/2026\/04\/RDL-DAC-9.jpeg 1280w\" sizes=\"auto, (max-width: 768px) 100vw, 768px\" \/><\/a><\/div><\/div><\/div><script id=\"su_image_carousel_69f286b302abd_script\">if(window.SUImageCarousel){setTimeout(function() {window.SUImageCarousel.initGallery(document.getElementById(\"su_image_carousel_69f286b302abd\"))}, 0);}var su_image_carousel_69f286b302abd_script=document.getElementById(\"su_image_carousel_69f286b302abd_script\");if(su_image_carousel_69f286b302abd_script){su_image_carousel_69f286b302abd_script.parentNode.removeChild(su_image_carousel_69f286b302abd_script);}<\/script>\n<p><span style=\"font-weight: 400;\">En el plano art\u00edstico, la presencia de Misiones tuvo un momento destacado con el estreno de \u201cGente de la ruta\u201d, de <\/span><b>Lucas Koziarski<\/b><span style=\"font-weight: 400;\">, producci\u00f3n que cont\u00f3 con el acompa\u00f1amiento del IAAviM y en la que Sergio Acosta particip\u00f3 como productor. La pel\u00edcula fue reconocida con una <\/span><b>Menci\u00f3n Especial en la Competencia Oficial Argentina del BAFICI<\/b><span style=\"font-weight: 400;\">, adem\u00e1s de premios otorgados por la Federaci\u00f3n de Escuelas de Imagen y Sonido de Latinoam\u00e9rica (FEISAL) a la <\/span><b>mejor direcci\u00f3n joven y a la mejor direcci\u00f3n de fotograf\u00eda para Melanie Castellini<\/b><span style=\"font-weight: 400;\">. A estos logros se sum\u00f3 el <\/span><b>estreno mundial de \u201cLu y Pau\u201d<\/b><span style=\"font-weight: 400;\">, otra producci\u00f3n que recibi\u00f3 apoyo del Instituto y que fue filmada en la provincia.<\/span><\/p>\n<p><span style=\"font-weight: 400;\">La agenda incluy\u00f3 adem\u00e1s el lanzamiento de la cuarta edici\u00f3n de la <\/span><b>Residencia del Lago \u2013 Laboratorio Cinematogr\u00e1fico<\/b><span style=\"font-weight: 400;\">, una iniciativa que contin\u00faa consolid\u00e1ndose como espacio de formaci\u00f3n y desarrollo de proyectos audiovisuales y que desde este a\u00f1o suma el apoyo del Programa Ibermedia Formaci\u00f3n. La nueva edici\u00f3n contempla instancias virtuales y presenciales, con eje en el acompa\u00f1amiento a primeras y segundas obras. Para mayor informaci\u00f3n sobre la convocatoria, visitar el sitio <\/span><a href=\"https:\/\/residenciadellagocine.org.ar\/\"><span style=\"font-weight: 400;\">https:\/\/residenciadellagocine.org.ar\/<\/span><\/a><\/p>\n<p><span style=\"font-weight: 400;\">Por \u00faltimo, Sergio Acosta particip\u00f3 de la<\/span><b> Asamblea Federal del INCAA<\/b><span style=\"font-weight: 400;\"> realizada en la sede de la ENERC, donde se abordaron temas estrat\u00e9gicos como el financiamiento de las sedes regionales y nuevas l\u00edneas de fomento para largometrajes, reafirmando el compromiso de las provincias en la construcci\u00f3n de una pol\u00edtica audiovisual m\u00e1s equitativa.<\/span><\/p>\n<p><span style=\"font-weight: 400;\">La participaci\u00f3n de Misiones en el BAFICI 2026 evidencia una <\/span><b>estrategia sostenida de inserci\u00f3n en circuitos clave de la industria<\/b><span style=\"font-weight: 400;\">, que combina promoci\u00f3n, articulaci\u00f3n institucional y acompa\u00f1amiento a la producci\u00f3n. Estos espacios no solo fortalecen la visibilidad de la provincia, sino que generan condiciones concretas para <\/span><b>atraer inversiones, fomentar coproducciones<\/b><span style=\"font-weight: 400;\"> y consolidar un <\/span><b>modelo audiovisual con identidad propia y proyecci\u00f3n<\/b><span style=\"font-weight: 400;\"> nacional e internacional.<\/span><\/p>\n<p>&nbsp;<\/p>\n<div class=\"su-spacer\" style=\"height:130px\"><\/div>\n","protected":false},"excerpt":{"rendered":"<p>La provincia de Misiones tuvo una destacada participaci\u00f3n en la 27\u00aa edici\u00f3n del Buenos Aires Festival Internacional de Cine Independiente (BAFICI), consolidando su posicionamiento en los principales espacios de la industria audiovisual nacional. A trav\u00e9s del Instituto de Artes Audiovisuales de Misiones (IAAviM), la delegaci\u00f3n misionera fue protagonista en instancias clave como Industria en Foco, &hellip;<\/p>\n","protected":false},"author":2,"featured_media":16243,"comment_status":"closed","ping_status":"open","sticky":false,"template":"","format":"standard","meta":{"_acf_changed":false,"footnotes":""},"categories":[39],"tags":[469,733,1586,1452,862,1423,1518,366,200],"class_list":["post-16231","post","type-post","status-publish","format-standard","has-post-thumbnail","hentry","category-noticias-del-iaavim","tag-asamblea-federal-del-incaa","tag-bafici","tag-comision-de-filmaciones-de-misiones","tag-industria-en-foco","tag-lucas-koziarski","tag-natalia-bonetti","tag-rdl-lab","tag-santiago-carabante","tag-sergio-acosta"],"acf":[],"yoast_head":"<!-- This site is optimized with the Yoast SEO plugin v27.4 - https:\/\/yoast.com\/product\/yoast-seo-wordpress\/ -->\n<title>Misiones consolida su lugar en la industria audiovisual en el BAFICI<\/title>\n<meta name=\"description\" content=\"Misiones particip\u00f3 del 27 BAFICI y en Industria en Foco, adem\u00e1s de otras actividades de inter\u00e9s para el sector\" \/>\n<meta name=\"robots\" content=\"index, follow, max-snippet:-1, max-image-preview:large, max-video-preview:-1\" \/>\n<link rel=\"canonical\" href=\"https:\/\/www.iaavim.gob.ar\/?p=16231\" \/>\n<meta property=\"og:locale\" content=\"es_ES\" \/>\n<meta property=\"og:type\" content=\"article\" \/>\n<meta property=\"og:title\" content=\"Misiones consolida su lugar en la industria audiovisual en el BAFICI\" \/>\n<meta property=\"og:description\" content=\"Misiones particip\u00f3 del 27 BAFICI y en Industria en Foco, adem\u00e1s de otras actividades de inter\u00e9s para el sector\" \/>\n<meta property=\"og:url\" content=\"https:\/\/www.iaavim.gob.ar\/?p=16231\" \/>\n<meta property=\"article:published_time\" content=\"2026-04-29T15:46:35+00:00\" \/>\n<meta property=\"article:modified_time\" content=\"2026-04-29T15:47:09+00:00\" \/>\n<meta property=\"og:image\" content=\"https:\/\/www.iaavim.gob.ar\/wp-content\/uploads\/2026\/04\/\u00a1Mira-mi-diseno-creado-en-Canva-1-1.png\" \/>\n\t<meta property=\"og:image:width\" content=\"1200\" \/>\n\t<meta property=\"og:image:height\" content=\"480\" \/>\n\t<meta property=\"og:image:type\" content=\"image\/png\" \/>\n<meta name=\"author\" content=\"IAAviM\" \/>\n<meta name=\"twitter:card\" content=\"summary_large_image\" \/>\n<meta name=\"twitter:label1\" content=\"Escrito por\" \/>\n\t<meta name=\"twitter:data1\" content=\"IAAviM\" \/>\n\t<meta name=\"twitter:label2\" content=\"Tiempo de lectura\" \/>\n\t<meta name=\"twitter:data2\" content=\"5 minutos\" \/>\n<script type=\"application\/ld+json\" class=\"yoast-schema-graph\">{\"@context\":\"https:\\\/\\\/schema.org\",\"@graph\":[{\"@type\":\"Article\",\"@id\":\"https:\\\/\\\/www.iaavim.gob.ar\\\/?p=16231#article\",\"isPartOf\":{\"@id\":\"https:\\\/\\\/www.iaavim.gob.ar\\\/?p=16231\"},\"author\":{\"name\":\"IAAviM\",\"@id\":\"\\\/#\\\/schema\\\/person\\\/affb351a86bbbb5cdff3011db06ccf85\"},\"headline\":\"Misiones consolida su lugar en la industria audiovisual en el BAFICI\",\"datePublished\":\"2026-04-29T15:46:35+00:00\",\"dateModified\":\"2026-04-29T15:47:09+00:00\",\"mainEntityOfPage\":{\"@id\":\"https:\\\/\\\/www.iaavim.gob.ar\\\/?p=16231\"},\"wordCount\":946,\"publisher\":{\"@id\":\"\\\/#organization\"},\"image\":{\"@id\":\"https:\\\/\\\/www.iaavim.gob.ar\\\/?p=16231#primaryimage\"},\"thumbnailUrl\":\"https:\\\/\\\/www.iaavim.gob.ar\\\/wp-content\\\/uploads\\\/2026\\\/04\\\/\u00a1Mira-mi-diseno-creado-en-Canva-1-1.png\",\"keywords\":[\"Asamblea Federal del INCAA\",\"BAFICI\",\"Comisi\u00f3n de Filmaciones de Misiones\",\"Industria en Foco\",\"Lucas Koziarski\",\"Natalia Bonetti\",\"RDL LAB\",\"Santiago Carabante\",\"Sergio Acosta\"],\"articleSection\":[\"Noticias del IAAviM\"],\"inLanguage\":\"es-AR\"},{\"@type\":\"WebPage\",\"@id\":\"https:\\\/\\\/www.iaavim.gob.ar\\\/?p=16231\",\"url\":\"https:\\\/\\\/www.iaavim.gob.ar\\\/?p=16231\",\"name\":\"Misiones consolida su lugar en la industria audiovisual en el BAFICI\",\"isPartOf\":{\"@id\":\"\\\/#website\"},\"primaryImageOfPage\":{\"@id\":\"https:\\\/\\\/www.iaavim.gob.ar\\\/?p=16231#primaryimage\"},\"image\":{\"@id\":\"https:\\\/\\\/www.iaavim.gob.ar\\\/?p=16231#primaryimage\"},\"thumbnailUrl\":\"https:\\\/\\\/www.iaavim.gob.ar\\\/wp-content\\\/uploads\\\/2026\\\/04\\\/\u00a1Mira-mi-diseno-creado-en-Canva-1-1.png\",\"datePublished\":\"2026-04-29T15:46:35+00:00\",\"dateModified\":\"2026-04-29T15:47:09+00:00\",\"description\":\"Misiones particip\u00f3 del 27 BAFICI y en Industria en Foco, adem\u00e1s de otras actividades de inter\u00e9s para el sector\",\"breadcrumb\":{\"@id\":\"https:\\\/\\\/www.iaavim.gob.ar\\\/?p=16231#breadcrumb\"},\"inLanguage\":\"es-AR\",\"potentialAction\":[{\"@type\":\"ReadAction\",\"target\":[\"https:\\\/\\\/www.iaavim.gob.ar\\\/?p=16231\"]}]},{\"@type\":\"ImageObject\",\"inLanguage\":\"es-AR\",\"@id\":\"https:\\\/\\\/www.iaavim.gob.ar\\\/?p=16231#primaryimage\",\"url\":\"https:\\\/\\\/www.iaavim.gob.ar\\\/wp-content\\\/uploads\\\/2026\\\/04\\\/\u00a1Mira-mi-diseno-creado-en-Canva-1-1.png\",\"contentUrl\":\"https:\\\/\\\/www.iaavim.gob.ar\\\/wp-content\\\/uploads\\\/2026\\\/04\\\/\u00a1Mira-mi-diseno-creado-en-Canva-1-1.png\",\"width\":1200,\"height\":480},{\"@type\":\"BreadcrumbList\",\"@id\":\"https:\\\/\\\/www.iaavim.gob.ar\\\/?p=16231#breadcrumb\",\"itemListElement\":[{\"@type\":\"ListItem\",\"position\":1,\"name\":\"Inicio\",\"item\":\"https:\\\/\\\/www.iaavim.gob.ar\\\/\"},{\"@type\":\"ListItem\",\"position\":2,\"name\":\"Misiones consolida su lugar en la industria audiovisual en el BAFICI\"}]},{\"@type\":\"WebSite\",\"@id\":\"\\\/#website\",\"url\":\"\\\/\",\"name\":\"\",\"description\":\"Sitio oficial del IAAviM\",\"publisher\":{\"@id\":\"\\\/#organization\"},\"potentialAction\":[{\"@type\":\"SearchAction\",\"target\":{\"@type\":\"EntryPoint\",\"urlTemplate\":\"\\\/?s={search_term_string}\"},\"query-input\":{\"@type\":\"PropertyValueSpecification\",\"valueRequired\":true,\"valueName\":\"search_term_string\"}}],\"inLanguage\":\"es-AR\"},{\"@type\":\"Organization\",\"@id\":\"\\\/#organization\",\"name\":\"Instituto de Artes Audiovisuales de Misiones\",\"url\":\"\\\/\",\"logo\":{\"@type\":\"ImageObject\",\"inLanguage\":\"es-AR\",\"@id\":\"\\\/#\\\/schema\\\/logo\\\/image\\\/\",\"url\":\"https:\\\/\\\/iaavim.misiones.gob.ar\\\/wp-content\\\/uploads\\\/2021\\\/07\\\/logo-iaavim-preview.png.jpg\",\"contentUrl\":\"https:\\\/\\\/iaavim.misiones.gob.ar\\\/wp-content\\\/uploads\\\/2021\\\/07\\\/logo-iaavim-preview.png.jpg\",\"width\":1200,\"height\":675,\"caption\":\"Instituto de Artes Audiovisuales de Misiones\"},\"image\":{\"@id\":\"\\\/#\\\/schema\\\/logo\\\/image\\\/\"}},{\"@type\":\"Person\",\"@id\":\"\\\/#\\\/schema\\\/person\\\/affb351a86bbbb5cdff3011db06ccf85\",\"name\":\"IAAviM\",\"image\":{\"@type\":\"ImageObject\",\"inLanguage\":\"es-AR\",\"@id\":\"https:\\\/\\\/secure.gravatar.com\\\/avatar\\\/6a023e5ff426a571199af5d6ff7996bd89e8be946af83dc1c2624ad66151ed39?s=96&d=blank&r=g\",\"url\":\"https:\\\/\\\/secure.gravatar.com\\\/avatar\\\/6a023e5ff426a571199af5d6ff7996bd89e8be946af83dc1c2624ad66151ed39?s=96&d=blank&r=g\",\"contentUrl\":\"https:\\\/\\\/secure.gravatar.com\\\/avatar\\\/6a023e5ff426a571199af5d6ff7996bd89e8be946af83dc1c2624ad66151ed39?s=96&d=blank&r=g\",\"caption\":\"IAAviM\"},\"url\":\"https:\\\/\\\/www.iaavim.gob.ar\\\/?author=2\"}]}<\/script>\n<!-- \/ Yoast SEO plugin. -->","yoast_head_json":{"title":"Misiones consolida su lugar en la industria audiovisual en el BAFICI","description":"Misiones particip\u00f3 del 27 BAFICI y en Industria en Foco, adem\u00e1s de otras actividades de inter\u00e9s para el sector","robots":{"index":"index","follow":"follow","max-snippet":"max-snippet:-1","max-image-preview":"max-image-preview:large","max-video-preview":"max-video-preview:-1"},"canonical":"https:\/\/www.iaavim.gob.ar\/?p=16231","og_locale":"es_ES","og_type":"article","og_title":"Misiones consolida su lugar en la industria audiovisual en el BAFICI","og_description":"Misiones particip\u00f3 del 27 BAFICI y en Industria en Foco, adem\u00e1s de otras actividades de inter\u00e9s para el sector","og_url":"https:\/\/www.iaavim.gob.ar\/?p=16231","article_published_time":"2026-04-29T15:46:35+00:00","article_modified_time":"2026-04-29T15:47:09+00:00","og_image":[{"width":1200,"height":480,"url":"https:\/\/www.iaavim.gob.ar\/wp-content\/uploads\/2026\/04\/\u00a1Mira-mi-diseno-creado-en-Canva-1-1.png","type":"image\/png"}],"author":"IAAviM","twitter_card":"summary_large_image","twitter_misc":{"Escrito por":"IAAviM","Tiempo de lectura":"5 minutos"},"schema":{"@context":"https:\/\/schema.org","@graph":[{"@type":"Article","@id":"https:\/\/www.iaavim.gob.ar\/?p=16231#article","isPartOf":{"@id":"https:\/\/www.iaavim.gob.ar\/?p=16231"},"author":{"name":"IAAviM","@id":"\/#\/schema\/person\/affb351a86bbbb5cdff3011db06ccf85"},"headline":"Misiones consolida su lugar en la industria audiovisual en el BAFICI","datePublished":"2026-04-29T15:46:35+00:00","dateModified":"2026-04-29T15:47:09+00:00","mainEntityOfPage":{"@id":"https:\/\/www.iaavim.gob.ar\/?p=16231"},"wordCount":946,"publisher":{"@id":"\/#organization"},"image":{"@id":"https:\/\/www.iaavim.gob.ar\/?p=16231#primaryimage"},"thumbnailUrl":"https:\/\/www.iaavim.gob.ar\/wp-content\/uploads\/2026\/04\/\u00a1Mira-mi-diseno-creado-en-Canva-1-1.png","keywords":["Asamblea Federal del INCAA","BAFICI","Comisi\u00f3n de Filmaciones de Misiones","Industria en Foco","Lucas Koziarski","Natalia Bonetti","RDL LAB","Santiago Carabante","Sergio Acosta"],"articleSection":["Noticias del IAAviM"],"inLanguage":"es-AR"},{"@type":"WebPage","@id":"https:\/\/www.iaavim.gob.ar\/?p=16231","url":"https:\/\/www.iaavim.gob.ar\/?p=16231","name":"Misiones consolida su lugar en la industria audiovisual en el BAFICI","isPartOf":{"@id":"\/#website"},"primaryImageOfPage":{"@id":"https:\/\/www.iaavim.gob.ar\/?p=16231#primaryimage"},"image":{"@id":"https:\/\/www.iaavim.gob.ar\/?p=16231#primaryimage"},"thumbnailUrl":"https:\/\/www.iaavim.gob.ar\/wp-content\/uploads\/2026\/04\/\u00a1Mira-mi-diseno-creado-en-Canva-1-1.png","datePublished":"2026-04-29T15:46:35+00:00","dateModified":"2026-04-29T15:47:09+00:00","description":"Misiones particip\u00f3 del 27 BAFICI y en Industria en Foco, adem\u00e1s de otras actividades de inter\u00e9s para el sector","breadcrumb":{"@id":"https:\/\/www.iaavim.gob.ar\/?p=16231#breadcrumb"},"inLanguage":"es-AR","potentialAction":[{"@type":"ReadAction","target":["https:\/\/www.iaavim.gob.ar\/?p=16231"]}]},{"@type":"ImageObject","inLanguage":"es-AR","@id":"https:\/\/www.iaavim.gob.ar\/?p=16231#primaryimage","url":"https:\/\/www.iaavim.gob.ar\/wp-content\/uploads\/2026\/04\/\u00a1Mira-mi-diseno-creado-en-Canva-1-1.png","contentUrl":"https:\/\/www.iaavim.gob.ar\/wp-content\/uploads\/2026\/04\/\u00a1Mira-mi-diseno-creado-en-Canva-1-1.png","width":1200,"height":480},{"@type":"BreadcrumbList","@id":"https:\/\/www.iaavim.gob.ar\/?p=16231#breadcrumb","itemListElement":[{"@type":"ListItem","position":1,"name":"Inicio","item":"https:\/\/www.iaavim.gob.ar\/"},{"@type":"ListItem","position":2,"name":"Misiones consolida su lugar en la industria audiovisual en el BAFICI"}]},{"@type":"WebSite","@id":"\/#website","url":"\/","name":"","description":"Sitio oficial del IAAviM","publisher":{"@id":"\/#organization"},"potentialAction":[{"@type":"SearchAction","target":{"@type":"EntryPoint","urlTemplate":"\/?s={search_term_string}"},"query-input":{"@type":"PropertyValueSpecification","valueRequired":true,"valueName":"search_term_string"}}],"inLanguage":"es-AR"},{"@type":"Organization","@id":"\/#organization","name":"Instituto de Artes Audiovisuales de Misiones","url":"\/","logo":{"@type":"ImageObject","inLanguage":"es-AR","@id":"\/#\/schema\/logo\/image\/","url":"https:\/\/iaavim.misiones.gob.ar\/wp-content\/uploads\/2021\/07\/logo-iaavim-preview.png.jpg","contentUrl":"https:\/\/iaavim.misiones.gob.ar\/wp-content\/uploads\/2021\/07\/logo-iaavim-preview.png.jpg","width":1200,"height":675,"caption":"Instituto de Artes Audiovisuales de Misiones"},"image":{"@id":"\/#\/schema\/logo\/image\/"}},{"@type":"Person","@id":"\/#\/schema\/person\/affb351a86bbbb5cdff3011db06ccf85","name":"IAAviM","image":{"@type":"ImageObject","inLanguage":"es-AR","@id":"https:\/\/secure.gravatar.com\/avatar\/6a023e5ff426a571199af5d6ff7996bd89e8be946af83dc1c2624ad66151ed39?s=96&d=blank&r=g","url":"https:\/\/secure.gravatar.com\/avatar\/6a023e5ff426a571199af5d6ff7996bd89e8be946af83dc1c2624ad66151ed39?s=96&d=blank&r=g","contentUrl":"https:\/\/secure.gravatar.com\/avatar\/6a023e5ff426a571199af5d6ff7996bd89e8be946af83dc1c2624ad66151ed39?s=96&d=blank&r=g","caption":"IAAviM"},"url":"https:\/\/www.iaavim.gob.ar\/?author=2"}]}},"amp_enabled":true,"_links":{"self":[{"href":"https:\/\/www.iaavim.gob.ar\/index.php?rest_route=\/wp\/v2\/posts\/16231","targetHints":{"allow":["GET"]}}],"collection":[{"href":"https:\/\/www.iaavim.gob.ar\/index.php?rest_route=\/wp\/v2\/posts"}],"about":[{"href":"https:\/\/www.iaavim.gob.ar\/index.php?rest_route=\/wp\/v2\/types\/post"}],"author":[{"embeddable":true,"href":"https:\/\/www.iaavim.gob.ar\/index.php?rest_route=\/wp\/v2\/users\/2"}],"replies":[{"embeddable":true,"href":"https:\/\/www.iaavim.gob.ar\/index.php?rest_route=%2Fwp%2Fv2%2Fcomments&post=16231"}],"version-history":[{"count":4,"href":"https:\/\/www.iaavim.gob.ar\/index.php?rest_route=\/wp\/v2\/posts\/16231\/revisions"}],"predecessor-version":[{"id":16248,"href":"https:\/\/www.iaavim.gob.ar\/index.php?rest_route=\/wp\/v2\/posts\/16231\/revisions\/16248"}],"wp:featuredmedia":[{"embeddable":true,"href":"https:\/\/www.iaavim.gob.ar\/index.php?rest_route=\/wp\/v2\/media\/16243"}],"wp:attachment":[{"href":"https:\/\/www.iaavim.gob.ar\/index.php?rest_route=%2Fwp%2Fv2%2Fmedia&parent=16231"}],"wp:term":[{"taxonomy":"category","embeddable":true,"href":"https:\/\/www.iaavim.gob.ar\/index.php?rest_route=%2Fwp%2Fv2%2Fcategories&post=16231"},{"taxonomy":"post_tag","embeddable":true,"href":"https:\/\/www.iaavim.gob.ar\/index.php?rest_route=%2Fwp%2Fv2%2Ftags&post=16231"}],"curies":[{"name":"wp","href":"https:\/\/api.w.org\/{rel}","templated":true}]}}