{"id":16219,"date":"2026-04-27T12:02:39","date_gmt":"2026-04-27T15:02:39","guid":{"rendered":"https:\/\/www.iaavim.gob.ar\/?p=16219"},"modified":"2026-04-27T12:02:39","modified_gmt":"2026-04-27T15:02:39","slug":"lanzamiento-de-la-4ta-residencia-del-lago","status":"publish","type":"post","link":"https:\/\/www.iaavim.gob.ar\/?p=16219","title":{"rendered":"Lanzamiento de la 4ta Residencia del Lago"},"content":{"rendered":"<p dir=\"ltr\">BUENOS AIRES, ARGENTINA. El lanzamiento estuvo a cargo de <strong>Sergio Acosta<\/strong>, presidente del IAAviM y director de la iniciativa; y <strong>Carolina \u00c1lvarez<\/strong>, productora ejecutiva y directora de estudios, quienes fueron presentados por la directora <strong>Tamae Garateguy<\/strong>, en representaci\u00f3n de las autoridades de la DAC.<\/p>\n<p dir=\"ltr\"><strong>Residencia del Lago, Laboratorio Cinematogr\u00e1fico (RDL LAB)<\/strong> fue creada por el guionista y productor Sergio Acosta en 2023 como un laboratorio regional para guionistas. Desde entonces, ha superado sus propias fronteras y sumado socios, aliados y financiamiento internacional, consolid\u00e1ndose como un laboratorio de referencia para el fortalecimiento de proyectos audiovisuales en etapa de desarrollo.<\/p>\n<p dir=\"ltr\">Durante la conferencia, Sergio Acosta explic\u00f3 que \u201cRDL LAB es un <strong><em>espacio de escritura, desarrollo y reflexi\u00f3n cinematogr\u00e1fica en contacto con la naturaleza<\/em><\/strong>, donde importa mucho el viaje y la experiencia de convivencia de los residentes y sus tutores\u201d. A trav\u00e9s de tutor\u00edas personalizadas y devoluciones grupales, el laboratorio impulsa el crecimiento integral de los proyectos, fortaleciendo su dimensi\u00f3n narrativa, su dise\u00f1o de producci\u00f3n, la sustentabilidad y sus estrategias de financiamiento.<\/p>\n<p dir=\"ltr\">Por su parte, Carolina \u00c1lvarez dio la noticia de que \u201ceste a\u00f1o, con el <strong>apoyo del Programa Ibermedia Formaci\u00f3n<\/strong>, la cuarta edici\u00f3n de la RDL LAB ampl\u00eda su convocatoria a toda Iberoam\u00e9rica\u201d. Por tal motivo, podr\u00e1n postular proyectos provenientes de Argentina, Paraguay, Uruguay, Brasil, Bolivia, Chile, Colombia, Costa Rica, Cuba, Ecuador, El Salvador, Espa\u00f1a, Guatemala, Honduras, M\u00e9xico, Panam\u00e1, Per\u00fa, Portugal, Puerto Rico, Rep\u00fablica Dominicana, y Venezuela, adem\u00e1s de Nicaragua, fortaleciendo la integraci\u00f3n regional y las posibilidades de coproducci\u00f3n en el \u00e1mbito iberoamericano.<\/p>\n<p dir=\"ltr\">Tambi\u00e9n estuvo presente<strong> Jael Montevilla<\/strong>, de la consultora Filmar Verde, quien elabor\u00f3 un informe sobre las buenas pr\u00e1cticas de sustentabilidad que se llevaron adelante en la edici\u00f3n 2025 de RDL. Los resultados fueron compartidos por Carolina \u00c1lvarez destacando los 4 ejes centrales: el desarrollo de la econom\u00eda local, la preservaci\u00f3n de los recursos naturales, el reciclaje y la equidad de g\u00e9nero. \u00c1lvarez afirm\u00f3 que \u201cdesde su creaci\u00f3n, la Residencia prioriza naturalmente estas acciones, solo que ahora comenzamos a medirlas\u201d.<\/p>\n<p dir=\"ltr\"><strong>RDL LAB<\/strong> se desarrollar\u00e1 en tres etapas: una <strong>instancia virtual del 12 al 30 de octubre<\/strong>, una <strong>etapa presencial del 10 al 15 de noviembre en la provincia de Misiones<\/strong>, y una <strong>fase final de seguimiento de proyectos<\/strong> hasta marzo de 2027.<\/p>\n<p dir=\"ltr\">La convocatoria est\u00e1 dirigida a <strong>duplas o tr\u00edadas creativas<\/strong> \u2014productor\/a y guionista, o productor\/a, director\/a y guionista\u2014 que desarrollen su <strong>primera o segunda obra audiovisual<\/strong> (ficci\u00f3n, documental, animaci\u00f3n o formatos h\u00edbridos)\u00a0 y estar\u00e1 abierta hasta las<strong> 23:59h del 15 de junio de 2026<\/strong>, completando la aplicaci\u00f3n del formulario, en la p\u00e1gina web oficial: <strong><a href=\"https:\/\/residenciadellagocine.org.ar\/\" target=\"_blank\" rel=\"noopener\" data-saferedirecturl=\"https:\/\/www.google.com\/url?q=https:\/\/residenciadellagocine.org.ar\/&amp;source=gmail&amp;ust=1777385520211000&amp;usg=AOvVaw3RbT8jP3a7tv41jaazcbFe\">https:\/\/residenciadellagocine.<wbr \/>org.ar\/<\/a>\u00a0<\/strong><\/p>\n<p dir=\"ltr\">En total, se seleccionar\u00e1n <strong>ocho proyectos<\/strong>: cinco a trav\u00e9s de la convocatoria abierta y tres mediante convenios con otros espacios de formaci\u00f3n. Un representante de cada proyecto elegido acceder\u00e1 a una beca completa de residencia que incluye matr\u00edcula, alojamiento, alimentaci\u00f3n, tutor\u00edas, traslados internos y participaci\u00f3n en actividades formativas y de vinculaci\u00f3n profesional, quedando a cargo de cada participante los gastos de traslado internacional o nacional hasta la provincia de Misiones.<\/p>\n<p dir=\"ltr\">Para Acosta, con la cuarta edici\u00f3n, \u201cse logra la <strong>internacionalizaci\u00f3n<\/strong> de la iniciativa nacida en la provincia de Misiones y es un hito importante en la historia de RDL LAB, que se propone desde este a\u00f1o la trazabilidad de los proyectos, la creaci\u00f3n de una comunidad de residentes y nuevas iniciativas de especializaci\u00f3n formativa\u201d.<\/p>\n<p dir=\"ltr\"><strong>RDL LAB<\/strong> es organizada por el <strong>Instituto de Artes Audiovisuales de Misiones (IAAviM), la Fundaci\u00f3n Julio Salinas, en asociaci\u00f3n con AH! CINE y SA CINE<\/strong>; con el apoyo del <strong>Consejo Federal de Inversiones<\/strong> (CFI) y el <strong>Programa Ibermedia Formaci\u00f3n<\/strong>.<\/p>\n<p dir=\"ltr\">\n<h3 dir=\"ltr\">Cronograma:<\/h3>\n<ul>\n<li dir=\"ltr\">\n<p dir=\"ltr\" role=\"presentation\">Apertura de convocatoria: 24 de abril de 2026<\/p>\n<\/li>\n<li dir=\"ltr\">\n<p dir=\"ltr\" role=\"presentation\">Cierre de convocatoria: 15 de junio de 2026 (23:59 hora argentina)<\/p>\n<\/li>\n<li dir=\"ltr\">\n<p dir=\"ltr\" role=\"presentation\">Anuncio de selecci\u00f3n: 14 de agosto de 2026<\/p>\n<\/li>\n<li dir=\"ltr\">\n<p dir=\"ltr\" role=\"presentation\">Etapa virtual: 12 al 30 de octubre de 2026<\/p>\n<\/li>\n<li dir=\"ltr\">\n<p dir=\"ltr\" role=\"presentation\">Residencia presencial: 10 al 15 de noviembre de 2026<\/p>\n<\/li>\n<li dir=\"ltr\">\n<p dir=\"ltr\" role=\"presentation\">Entrega de avances de proyecto: 20 de febrero de 2027<\/p>\n<\/li>\n<li dir=\"ltr\">\n<p dir=\"ltr\" role=\"presentation\">Anuncio de becas por convenios (FRAPA, Bolivia Lab, PAS y CIDAP) : 20 de marzo de 2027<\/p>\n<\/li>\n<\/ul>\n<p>&nbsp;<\/p>\n<div class=\"su-image-carousel  su-image-carousel-columns-3 su-image-carousel-has-spacing su-image-carousel-has-lightbox su-image-carousel-has-outline su-image-carousel-adaptive su-image-carousel-slides-style-photo su-image-carousel-controls-style-light su-image-carousel-align-none\" style=\"\" data-flickity-options='{\"groupCells\":true,\"cellSelector\":\".su-image-carousel-item\",\"adaptiveHeight\":true,\"cellAlign\":\"left\",\"prevNextButtons\":true,\"pageDots\":false,\"autoPlay\":3000,\"imagesLoaded\":true,\"contain\":false,\"selectedAttraction\":0.025,\"friction\":0.28}' id=\"su_image_carousel_69efb7dd2bbf2\"><div class=\"su-image-carousel-item\"><div class=\"su-image-carousel-item-content\"><a href=\"https:\/\/www.iaavim.gob.ar\/wp-content\/uploads\/2026\/04\/Lanzamiento-IV-Residencia-del-Lago-7.jpeg\" data-caption=\"\"><img loading=\"lazy\" decoding=\"async\" width=\"768\" height=\"512\" src=\"https:\/\/www.iaavim.gob.ar\/wp-content\/uploads\/2026\/04\/Lanzamiento-IV-Residencia-del-Lago-7-768x512.jpeg\" class=\"\" alt=\"\" srcset=\"https:\/\/www.iaavim.gob.ar\/wp-content\/uploads\/2026\/04\/Lanzamiento-IV-Residencia-del-Lago-7-768x512.jpeg 768w, https:\/\/www.iaavim.gob.ar\/wp-content\/uploads\/2026\/04\/Lanzamiento-IV-Residencia-del-Lago-7-300x200.jpeg 300w, https:\/\/www.iaavim.gob.ar\/wp-content\/uploads\/2026\/04\/Lanzamiento-IV-Residencia-del-Lago-7-1024x683.jpeg 1024w, https:\/\/www.iaavim.gob.ar\/wp-content\/uploads\/2026\/04\/Lanzamiento-IV-Residencia-del-Lago-7.jpeg 1280w\" sizes=\"auto, (max-width: 768px) 100vw, 768px\" \/><\/a><\/div><\/div><div class=\"su-image-carousel-item\"><div class=\"su-image-carousel-item-content\"><a href=\"https:\/\/www.iaavim.gob.ar\/wp-content\/uploads\/2026\/04\/Lanzamiento-IV-Residencia-del-Lago-3.jpeg\" data-caption=\"\"><img loading=\"lazy\" decoding=\"async\" width=\"768\" height=\"512\" src=\"https:\/\/www.iaavim.gob.ar\/wp-content\/uploads\/2026\/04\/Lanzamiento-IV-Residencia-del-Lago-3-768x512.jpeg\" class=\"\" alt=\"\" srcset=\"https:\/\/www.iaavim.gob.ar\/wp-content\/uploads\/2026\/04\/Lanzamiento-IV-Residencia-del-Lago-3-768x512.jpeg 768w, https:\/\/www.iaavim.gob.ar\/wp-content\/uploads\/2026\/04\/Lanzamiento-IV-Residencia-del-Lago-3-300x200.jpeg 300w, https:\/\/www.iaavim.gob.ar\/wp-content\/uploads\/2026\/04\/Lanzamiento-IV-Residencia-del-Lago-3-1024x683.jpeg 1024w, https:\/\/www.iaavim.gob.ar\/wp-content\/uploads\/2026\/04\/Lanzamiento-IV-Residencia-del-Lago-3.jpeg 1280w\" sizes=\"auto, (max-width: 768px) 100vw, 768px\" \/><\/a><\/div><\/div><div class=\"su-image-carousel-item\"><div class=\"su-image-carousel-item-content\"><a href=\"https:\/\/www.iaavim.gob.ar\/wp-content\/uploads\/2026\/04\/Lanzamiento-IV-Residencia-del-Lago-5.jpeg\" data-caption=\"\"><img loading=\"lazy\" decoding=\"async\" width=\"768\" height=\"512\" src=\"https:\/\/www.iaavim.gob.ar\/wp-content\/uploads\/2026\/04\/Lanzamiento-IV-Residencia-del-Lago-5-768x512.jpeg\" class=\"\" alt=\"\" srcset=\"https:\/\/www.iaavim.gob.ar\/wp-content\/uploads\/2026\/04\/Lanzamiento-IV-Residencia-del-Lago-5-768x512.jpeg 768w, https:\/\/www.iaavim.gob.ar\/wp-content\/uploads\/2026\/04\/Lanzamiento-IV-Residencia-del-Lago-5-300x200.jpeg 300w, https:\/\/www.iaavim.gob.ar\/wp-content\/uploads\/2026\/04\/Lanzamiento-IV-Residencia-del-Lago-5-1024x683.jpeg 1024w, https:\/\/www.iaavim.gob.ar\/wp-content\/uploads\/2026\/04\/Lanzamiento-IV-Residencia-del-Lago-5.jpeg 1280w\" sizes=\"auto, (max-width: 768px) 100vw, 768px\" \/><\/a><\/div><\/div><div class=\"su-image-carousel-item\"><div class=\"su-image-carousel-item-content\"><a href=\"https:\/\/www.iaavim.gob.ar\/wp-content\/uploads\/2026\/04\/Lanzamiento-IV-Residencia-del-Lago-4.jpeg\" data-caption=\"\"><img loading=\"lazy\" decoding=\"async\" width=\"768\" height=\"512\" src=\"https:\/\/www.iaavim.gob.ar\/wp-content\/uploads\/2026\/04\/Lanzamiento-IV-Residencia-del-Lago-4-768x512.jpeg\" class=\"\" alt=\"\" srcset=\"https:\/\/www.iaavim.gob.ar\/wp-content\/uploads\/2026\/04\/Lanzamiento-IV-Residencia-del-Lago-4-768x512.jpeg 768w, https:\/\/www.iaavim.gob.ar\/wp-content\/uploads\/2026\/04\/Lanzamiento-IV-Residencia-del-Lago-4-300x200.jpeg 300w, https:\/\/www.iaavim.gob.ar\/wp-content\/uploads\/2026\/04\/Lanzamiento-IV-Residencia-del-Lago-4-1024x683.jpeg 1024w, https:\/\/www.iaavim.gob.ar\/wp-content\/uploads\/2026\/04\/Lanzamiento-IV-Residencia-del-Lago-4.jpeg 1280w\" sizes=\"auto, (max-width: 768px) 100vw, 768px\" \/><\/a><\/div><\/div><div class=\"su-image-carousel-item\"><div class=\"su-image-carousel-item-content\"><a href=\"https:\/\/www.iaavim.gob.ar\/wp-content\/uploads\/2026\/04\/Lanzamiento-IV-Residencia-del-Lago-6.jpeg\" data-caption=\"\"><img loading=\"lazy\" decoding=\"async\" width=\"768\" height=\"512\" src=\"https:\/\/www.iaavim.gob.ar\/wp-content\/uploads\/2026\/04\/Lanzamiento-IV-Residencia-del-Lago-6-768x512.jpeg\" class=\"\" alt=\"\" srcset=\"https:\/\/www.iaavim.gob.ar\/wp-content\/uploads\/2026\/04\/Lanzamiento-IV-Residencia-del-Lago-6-768x512.jpeg 768w, https:\/\/www.iaavim.gob.ar\/wp-content\/uploads\/2026\/04\/Lanzamiento-IV-Residencia-del-Lago-6-300x200.jpeg 300w, https:\/\/www.iaavim.gob.ar\/wp-content\/uploads\/2026\/04\/Lanzamiento-IV-Residencia-del-Lago-6-1024x683.jpeg 1024w, https:\/\/www.iaavim.gob.ar\/wp-content\/uploads\/2026\/04\/Lanzamiento-IV-Residencia-del-Lago-6.jpeg 1280w\" sizes=\"auto, (max-width: 768px) 100vw, 768px\" \/><\/a><\/div><\/div><div class=\"su-image-carousel-item\"><div class=\"su-image-carousel-item-content\"><a href=\"https:\/\/www.iaavim.gob.ar\/wp-content\/uploads\/2026\/04\/Lanzamiento-IV-Residencia-del-Lago-8.jpeg\" data-caption=\"\"><img loading=\"lazy\" decoding=\"async\" width=\"768\" height=\"512\" src=\"https:\/\/www.iaavim.gob.ar\/wp-content\/uploads\/2026\/04\/Lanzamiento-IV-Residencia-del-Lago-8-768x512.jpeg\" class=\"\" alt=\"\" srcset=\"https:\/\/www.iaavim.gob.ar\/wp-content\/uploads\/2026\/04\/Lanzamiento-IV-Residencia-del-Lago-8-768x512.jpeg 768w, https:\/\/www.iaavim.gob.ar\/wp-content\/uploads\/2026\/04\/Lanzamiento-IV-Residencia-del-Lago-8-300x200.jpeg 300w, https:\/\/www.iaavim.gob.ar\/wp-content\/uploads\/2026\/04\/Lanzamiento-IV-Residencia-del-Lago-8-1024x683.jpeg 1024w, https:\/\/www.iaavim.gob.ar\/wp-content\/uploads\/2026\/04\/Lanzamiento-IV-Residencia-del-Lago-8.jpeg 1280w\" sizes=\"auto, (max-width: 768px) 100vw, 768px\" \/><\/a><\/div><\/div><div class=\"su-image-carousel-item\"><div class=\"su-image-carousel-item-content\"><a href=\"https:\/\/www.iaavim.gob.ar\/wp-content\/uploads\/2026\/04\/Lanzamiento-IV-Residencia-del-Lago-11.jpeg\" data-caption=\"\"><img loading=\"lazy\" decoding=\"async\" width=\"768\" height=\"512\" src=\"https:\/\/www.iaavim.gob.ar\/wp-content\/uploads\/2026\/04\/Lanzamiento-IV-Residencia-del-Lago-11-768x512.jpeg\" class=\"\" alt=\"\" srcset=\"https:\/\/www.iaavim.gob.ar\/wp-content\/uploads\/2026\/04\/Lanzamiento-IV-Residencia-del-Lago-11-768x512.jpeg 768w, https:\/\/www.iaavim.gob.ar\/wp-content\/uploads\/2026\/04\/Lanzamiento-IV-Residencia-del-Lago-11-300x200.jpeg 300w, https:\/\/www.iaavim.gob.ar\/wp-content\/uploads\/2026\/04\/Lanzamiento-IV-Residencia-del-Lago-11-1024x683.jpeg 1024w, https:\/\/www.iaavim.gob.ar\/wp-content\/uploads\/2026\/04\/Lanzamiento-IV-Residencia-del-Lago-11.jpeg 1280w\" sizes=\"auto, (max-width: 768px) 100vw, 768px\" \/><\/a><\/div><\/div><div class=\"su-image-carousel-item\"><div class=\"su-image-carousel-item-content\"><a href=\"https:\/\/www.iaavim.gob.ar\/wp-content\/uploads\/2026\/04\/Lanzamiento-IV-Residencia-del-Lago-12.jpeg\" data-caption=\"\"><img loading=\"lazy\" decoding=\"async\" width=\"768\" height=\"512\" src=\"https:\/\/www.iaavim.gob.ar\/wp-content\/uploads\/2026\/04\/Lanzamiento-IV-Residencia-del-Lago-12-768x512.jpeg\" class=\"\" alt=\"\" srcset=\"https:\/\/www.iaavim.gob.ar\/wp-content\/uploads\/2026\/04\/Lanzamiento-IV-Residencia-del-Lago-12-768x512.jpeg 768w, https:\/\/www.iaavim.gob.ar\/wp-content\/uploads\/2026\/04\/Lanzamiento-IV-Residencia-del-Lago-12-300x200.jpeg 300w, https:\/\/www.iaavim.gob.ar\/wp-content\/uploads\/2026\/04\/Lanzamiento-IV-Residencia-del-Lago-12-1024x683.jpeg 1024w, https:\/\/www.iaavim.gob.ar\/wp-content\/uploads\/2026\/04\/Lanzamiento-IV-Residencia-del-Lago-12.jpeg 1280w\" sizes=\"auto, (max-width: 768px) 100vw, 768px\" \/><\/a><\/div><\/div><div class=\"su-image-carousel-item\"><div class=\"su-image-carousel-item-content\"><a href=\"https:\/\/www.iaavim.gob.ar\/wp-content\/uploads\/2026\/04\/Lanzamiento-IV-Residencia-del-Lago-9.jpeg\" data-caption=\"\"><img loading=\"lazy\" decoding=\"async\" width=\"768\" height=\"512\" src=\"https:\/\/www.iaavim.gob.ar\/wp-content\/uploads\/2026\/04\/Lanzamiento-IV-Residencia-del-Lago-9-768x512.jpeg\" class=\"\" alt=\"\" srcset=\"https:\/\/www.iaavim.gob.ar\/wp-content\/uploads\/2026\/04\/Lanzamiento-IV-Residencia-del-Lago-9-768x512.jpeg 768w, https:\/\/www.iaavim.gob.ar\/wp-content\/uploads\/2026\/04\/Lanzamiento-IV-Residencia-del-Lago-9-300x200.jpeg 300w, https:\/\/www.iaavim.gob.ar\/wp-content\/uploads\/2026\/04\/Lanzamiento-IV-Residencia-del-Lago-9-1024x683.jpeg 1024w, https:\/\/www.iaavim.gob.ar\/wp-content\/uploads\/2026\/04\/Lanzamiento-IV-Residencia-del-Lago-9.jpeg 1280w\" sizes=\"auto, (max-width: 768px) 100vw, 768px\" \/><\/a><\/div><\/div><\/div><script id=\"su_image_carousel_69efb7dd2bbf2_script\">if(window.SUImageCarousel){setTimeout(function() {window.SUImageCarousel.initGallery(document.getElementById(\"su_image_carousel_69efb7dd2bbf2\"))}, 0);}var su_image_carousel_69efb7dd2bbf2_script=document.getElementById(\"su_image_carousel_69efb7dd2bbf2_script\");if(su_image_carousel_69efb7dd2bbf2_script){su_image_carousel_69efb7dd2bbf2_script.parentNode.removeChild(su_image_carousel_69efb7dd2bbf2_script);}<\/script>\n<p>&nbsp;<\/p>\n<p dir=\"ltr\">Im\u00e1genes (Cr\u00e9ditos: Marcos Brindicci)<\/p>\n<p dir=\"ltr\">\n<p dir=\"ltr\"><div class=\"su-spacer\" style=\"height:130px\"><\/div>\n","protected":false},"excerpt":{"rendered":"<p>BUENOS AIRES, ARGENTINA. El lanzamiento estuvo a cargo de Sergio Acosta, presidente del IAAviM y director de la iniciativa; y Carolina \u00c1lvarez, productora ejecutiva y directora de estudios, quienes fueron presentados por la directora Tamae Garateguy, en representaci\u00f3n de las autoridades de la DAC. Residencia del Lago, Laboratorio Cinematogr\u00e1fico (RDL LAB) fue creada por el &hellip;<\/p>\n","protected":false},"author":2,"featured_media":16229,"comment_status":"closed","ping_status":"open","sticky":false,"template":"","format":"standard","meta":{"_acf_changed":false,"footnotes":""},"categories":[39],"tags":[1629,336,1356,1515,1518,1297,200],"class_list":["post-16219","post","type-post","status-publish","format-standard","has-post-thumbnail","hentry","category-noticias-del-iaavim","tag-carolina-alvarez","tag-cfi","tag-ibermedia","tag-laboratorio-cinematografico","tag-rdl-lab","tag-residencia-del-lago","tag-sergio-acosta"],"acf":[],"yoast_head":"<!-- This site is optimized with the Yoast SEO plugin v27.4 - https:\/\/yoast.com\/product\/yoast-seo-wordpress\/ -->\n<title>Lanzamiento de la 4ta Residencia del Lago - IAAviM<\/title>\n<meta name=\"description\" content=\"En la sede de la DAC se lanz\u00f3 la 4ta edici\u00f3n del Laboratorio Cinematogr\u00e1fico Residencia del Lago con la presencia de su creador Sergio Acosta\" \/>\n<meta name=\"robots\" content=\"index, follow, max-snippet:-1, max-image-preview:large, max-video-preview:-1\" \/>\n<link rel=\"canonical\" href=\"https:\/\/www.iaavim.gob.ar\/?p=16219\" \/>\n<meta property=\"og:locale\" content=\"es_ES\" \/>\n<meta property=\"og:type\" content=\"article\" \/>\n<meta property=\"og:title\" content=\"Lanzamiento de la 4ta Residencia del Lago - IAAviM\" \/>\n<meta property=\"og:description\" content=\"En la sede de la DAC se lanz\u00f3 la 4ta edici\u00f3n del Laboratorio Cinematogr\u00e1fico Residencia del Lago con la presencia de su creador Sergio Acosta\" \/>\n<meta property=\"og:url\" content=\"https:\/\/www.iaavim.gob.ar\/?p=16219\" \/>\n<meta property=\"article:published_time\" content=\"2026-04-27T15:02:39+00:00\" \/>\n<meta property=\"og:image\" content=\"https:\/\/www.iaavim.gob.ar\/wp-content\/uploads\/2026\/04\/NEW-portada-sitio-1200x480-1.png\" \/>\n\t<meta property=\"og:image:width\" content=\"1200\" \/>\n\t<meta property=\"og:image:height\" content=\"480\" \/>\n\t<meta property=\"og:image:type\" content=\"image\/png\" \/>\n<meta name=\"author\" content=\"IAAviM\" \/>\n<meta name=\"twitter:card\" content=\"summary_large_image\" \/>\n<meta name=\"twitter:label1\" content=\"Escrito por\" \/>\n\t<meta name=\"twitter:data1\" content=\"IAAviM\" \/>\n\t<meta name=\"twitter:label2\" content=\"Tiempo de lectura\" \/>\n\t<meta name=\"twitter:data2\" content=\"4 minutos\" \/>\n<script type=\"application\/ld+json\" class=\"yoast-schema-graph\">{\"@context\":\"https:\\\/\\\/schema.org\",\"@graph\":[{\"@type\":\"Article\",\"@id\":\"https:\\\/\\\/www.iaavim.gob.ar\\\/?p=16219#article\",\"isPartOf\":{\"@id\":\"https:\\\/\\\/www.iaavim.gob.ar\\\/?p=16219\"},\"author\":{\"name\":\"IAAviM\",\"@id\":\"\\\/#\\\/schema\\\/person\\\/affb351a86bbbb5cdff3011db06ccf85\"},\"headline\":\"Lanzamiento de la 4ta Residencia del Lago\",\"datePublished\":\"2026-04-27T15:02:39+00:00\",\"mainEntityOfPage\":{\"@id\":\"https:\\\/\\\/www.iaavim.gob.ar\\\/?p=16219\"},\"wordCount\":736,\"publisher\":{\"@id\":\"\\\/#organization\"},\"image\":{\"@id\":\"https:\\\/\\\/www.iaavim.gob.ar\\\/?p=16219#primaryimage\"},\"thumbnailUrl\":\"https:\\\/\\\/www.iaavim.gob.ar\\\/wp-content\\\/uploads\\\/2026\\\/04\\\/NEW-portada-sitio-1200x480-1.png\",\"keywords\":[\"Carolina Alvarez\",\"CFI\",\"Ibermedia\",\"Laboratorio Cinematogr\u00e1fico\",\"RDL LAB\",\"Residencia del Lago\",\"Sergio Acosta\"],\"articleSection\":[\"Noticias del IAAviM\"],\"inLanguage\":\"es-AR\"},{\"@type\":\"WebPage\",\"@id\":\"https:\\\/\\\/www.iaavim.gob.ar\\\/?p=16219\",\"url\":\"https:\\\/\\\/www.iaavim.gob.ar\\\/?p=16219\",\"name\":\"Lanzamiento de la 4ta Residencia del Lago - IAAviM\",\"isPartOf\":{\"@id\":\"\\\/#website\"},\"primaryImageOfPage\":{\"@id\":\"https:\\\/\\\/www.iaavim.gob.ar\\\/?p=16219#primaryimage\"},\"image\":{\"@id\":\"https:\\\/\\\/www.iaavim.gob.ar\\\/?p=16219#primaryimage\"},\"thumbnailUrl\":\"https:\\\/\\\/www.iaavim.gob.ar\\\/wp-content\\\/uploads\\\/2026\\\/04\\\/NEW-portada-sitio-1200x480-1.png\",\"datePublished\":\"2026-04-27T15:02:39+00:00\",\"description\":\"En la sede de la DAC se lanz\u00f3 la 4ta edici\u00f3n del Laboratorio Cinematogr\u00e1fico Residencia del Lago con la presencia de su creador Sergio Acosta\",\"breadcrumb\":{\"@id\":\"https:\\\/\\\/www.iaavim.gob.ar\\\/?p=16219#breadcrumb\"},\"inLanguage\":\"es-AR\",\"potentialAction\":[{\"@type\":\"ReadAction\",\"target\":[\"https:\\\/\\\/www.iaavim.gob.ar\\\/?p=16219\"]}]},{\"@type\":\"ImageObject\",\"inLanguage\":\"es-AR\",\"@id\":\"https:\\\/\\\/www.iaavim.gob.ar\\\/?p=16219#primaryimage\",\"url\":\"https:\\\/\\\/www.iaavim.gob.ar\\\/wp-content\\\/uploads\\\/2026\\\/04\\\/NEW-portada-sitio-1200x480-1.png\",\"contentUrl\":\"https:\\\/\\\/www.iaavim.gob.ar\\\/wp-content\\\/uploads\\\/2026\\\/04\\\/NEW-portada-sitio-1200x480-1.png\",\"width\":1200,\"height\":480},{\"@type\":\"BreadcrumbList\",\"@id\":\"https:\\\/\\\/www.iaavim.gob.ar\\\/?p=16219#breadcrumb\",\"itemListElement\":[{\"@type\":\"ListItem\",\"position\":1,\"name\":\"Inicio\",\"item\":\"https:\\\/\\\/www.iaavim.gob.ar\\\/\"},{\"@type\":\"ListItem\",\"position\":2,\"name\":\"Lanzamiento de la 4ta Residencia del Lago\"}]},{\"@type\":\"WebSite\",\"@id\":\"\\\/#website\",\"url\":\"\\\/\",\"name\":\"\",\"description\":\"Sitio oficial del IAAviM\",\"publisher\":{\"@id\":\"\\\/#organization\"},\"potentialAction\":[{\"@type\":\"SearchAction\",\"target\":{\"@type\":\"EntryPoint\",\"urlTemplate\":\"\\\/?s={search_term_string}\"},\"query-input\":{\"@type\":\"PropertyValueSpecification\",\"valueRequired\":true,\"valueName\":\"search_term_string\"}}],\"inLanguage\":\"es-AR\"},{\"@type\":\"Organization\",\"@id\":\"\\\/#organization\",\"name\":\"Instituto de Artes Audiovisuales de Misiones\",\"url\":\"\\\/\",\"logo\":{\"@type\":\"ImageObject\",\"inLanguage\":\"es-AR\",\"@id\":\"\\\/#\\\/schema\\\/logo\\\/image\\\/\",\"url\":\"https:\\\/\\\/iaavim.misiones.gob.ar\\\/wp-content\\\/uploads\\\/2021\\\/07\\\/logo-iaavim-preview.png.jpg\",\"contentUrl\":\"https:\\\/\\\/iaavim.misiones.gob.ar\\\/wp-content\\\/uploads\\\/2021\\\/07\\\/logo-iaavim-preview.png.jpg\",\"width\":1200,\"height\":675,\"caption\":\"Instituto de Artes Audiovisuales de Misiones\"},\"image\":{\"@id\":\"\\\/#\\\/schema\\\/logo\\\/image\\\/\"}},{\"@type\":\"Person\",\"@id\":\"\\\/#\\\/schema\\\/person\\\/affb351a86bbbb5cdff3011db06ccf85\",\"name\":\"IAAviM\",\"image\":{\"@type\":\"ImageObject\",\"inLanguage\":\"es-AR\",\"@id\":\"https:\\\/\\\/secure.gravatar.com\\\/avatar\\\/6a023e5ff426a571199af5d6ff7996bd89e8be946af83dc1c2624ad66151ed39?s=96&d=blank&r=g\",\"url\":\"https:\\\/\\\/secure.gravatar.com\\\/avatar\\\/6a023e5ff426a571199af5d6ff7996bd89e8be946af83dc1c2624ad66151ed39?s=96&d=blank&r=g\",\"contentUrl\":\"https:\\\/\\\/secure.gravatar.com\\\/avatar\\\/6a023e5ff426a571199af5d6ff7996bd89e8be946af83dc1c2624ad66151ed39?s=96&d=blank&r=g\",\"caption\":\"IAAviM\"},\"url\":\"https:\\\/\\\/www.iaavim.gob.ar\\\/?author=2\"}]}<\/script>\n<!-- \/ Yoast SEO plugin. -->","yoast_head_json":{"title":"Lanzamiento de la 4ta Residencia del Lago - IAAviM","description":"En la sede de la DAC se lanz\u00f3 la 4ta edici\u00f3n del Laboratorio Cinematogr\u00e1fico Residencia del Lago con la presencia de su creador Sergio Acosta","robots":{"index":"index","follow":"follow","max-snippet":"max-snippet:-1","max-image-preview":"max-image-preview:large","max-video-preview":"max-video-preview:-1"},"canonical":"https:\/\/www.iaavim.gob.ar\/?p=16219","og_locale":"es_ES","og_type":"article","og_title":"Lanzamiento de la 4ta Residencia del Lago - IAAviM","og_description":"En la sede de la DAC se lanz\u00f3 la 4ta edici\u00f3n del Laboratorio Cinematogr\u00e1fico Residencia del Lago con la presencia de su creador Sergio Acosta","og_url":"https:\/\/www.iaavim.gob.ar\/?p=16219","article_published_time":"2026-04-27T15:02:39+00:00","og_image":[{"width":1200,"height":480,"url":"https:\/\/www.iaavim.gob.ar\/wp-content\/uploads\/2026\/04\/NEW-portada-sitio-1200x480-1.png","type":"image\/png"}],"author":"IAAviM","twitter_card":"summary_large_image","twitter_misc":{"Escrito por":"IAAviM","Tiempo de lectura":"4 minutos"},"schema":{"@context":"https:\/\/schema.org","@graph":[{"@type":"Article","@id":"https:\/\/www.iaavim.gob.ar\/?p=16219#article","isPartOf":{"@id":"https:\/\/www.iaavim.gob.ar\/?p=16219"},"author":{"name":"IAAviM","@id":"\/#\/schema\/person\/affb351a86bbbb5cdff3011db06ccf85"},"headline":"Lanzamiento de la 4ta Residencia del Lago","datePublished":"2026-04-27T15:02:39+00:00","mainEntityOfPage":{"@id":"https:\/\/www.iaavim.gob.ar\/?p=16219"},"wordCount":736,"publisher":{"@id":"\/#organization"},"image":{"@id":"https:\/\/www.iaavim.gob.ar\/?p=16219#primaryimage"},"thumbnailUrl":"https:\/\/www.iaavim.gob.ar\/wp-content\/uploads\/2026\/04\/NEW-portada-sitio-1200x480-1.png","keywords":["Carolina Alvarez","CFI","Ibermedia","Laboratorio Cinematogr\u00e1fico","RDL LAB","Residencia del Lago","Sergio Acosta"],"articleSection":["Noticias del IAAviM"],"inLanguage":"es-AR"},{"@type":"WebPage","@id":"https:\/\/www.iaavim.gob.ar\/?p=16219","url":"https:\/\/www.iaavim.gob.ar\/?p=16219","name":"Lanzamiento de la 4ta Residencia del Lago - IAAviM","isPartOf":{"@id":"\/#website"},"primaryImageOfPage":{"@id":"https:\/\/www.iaavim.gob.ar\/?p=16219#primaryimage"},"image":{"@id":"https:\/\/www.iaavim.gob.ar\/?p=16219#primaryimage"},"thumbnailUrl":"https:\/\/www.iaavim.gob.ar\/wp-content\/uploads\/2026\/04\/NEW-portada-sitio-1200x480-1.png","datePublished":"2026-04-27T15:02:39+00:00","description":"En la sede de la DAC se lanz\u00f3 la 4ta edici\u00f3n del Laboratorio Cinematogr\u00e1fico Residencia del Lago con la presencia de su creador Sergio Acosta","breadcrumb":{"@id":"https:\/\/www.iaavim.gob.ar\/?p=16219#breadcrumb"},"inLanguage":"es-AR","potentialAction":[{"@type":"ReadAction","target":["https:\/\/www.iaavim.gob.ar\/?p=16219"]}]},{"@type":"ImageObject","inLanguage":"es-AR","@id":"https:\/\/www.iaavim.gob.ar\/?p=16219#primaryimage","url":"https:\/\/www.iaavim.gob.ar\/wp-content\/uploads\/2026\/04\/NEW-portada-sitio-1200x480-1.png","contentUrl":"https:\/\/www.iaavim.gob.ar\/wp-content\/uploads\/2026\/04\/NEW-portada-sitio-1200x480-1.png","width":1200,"height":480},{"@type":"BreadcrumbList","@id":"https:\/\/www.iaavim.gob.ar\/?p=16219#breadcrumb","itemListElement":[{"@type":"ListItem","position":1,"name":"Inicio","item":"https:\/\/www.iaavim.gob.ar\/"},{"@type":"ListItem","position":2,"name":"Lanzamiento de la 4ta Residencia del Lago"}]},{"@type":"WebSite","@id":"\/#website","url":"\/","name":"","description":"Sitio oficial del IAAviM","publisher":{"@id":"\/#organization"},"potentialAction":[{"@type":"SearchAction","target":{"@type":"EntryPoint","urlTemplate":"\/?s={search_term_string}"},"query-input":{"@type":"PropertyValueSpecification","valueRequired":true,"valueName":"search_term_string"}}],"inLanguage":"es-AR"},{"@type":"Organization","@id":"\/#organization","name":"Instituto de Artes Audiovisuales de Misiones","url":"\/","logo":{"@type":"ImageObject","inLanguage":"es-AR","@id":"\/#\/schema\/logo\/image\/","url":"https:\/\/iaavim.misiones.gob.ar\/wp-content\/uploads\/2021\/07\/logo-iaavim-preview.png.jpg","contentUrl":"https:\/\/iaavim.misiones.gob.ar\/wp-content\/uploads\/2021\/07\/logo-iaavim-preview.png.jpg","width":1200,"height":675,"caption":"Instituto de Artes Audiovisuales de Misiones"},"image":{"@id":"\/#\/schema\/logo\/image\/"}},{"@type":"Person","@id":"\/#\/schema\/person\/affb351a86bbbb5cdff3011db06ccf85","name":"IAAviM","image":{"@type":"ImageObject","inLanguage":"es-AR","@id":"https:\/\/secure.gravatar.com\/avatar\/6a023e5ff426a571199af5d6ff7996bd89e8be946af83dc1c2624ad66151ed39?s=96&d=blank&r=g","url":"https:\/\/secure.gravatar.com\/avatar\/6a023e5ff426a571199af5d6ff7996bd89e8be946af83dc1c2624ad66151ed39?s=96&d=blank&r=g","contentUrl":"https:\/\/secure.gravatar.com\/avatar\/6a023e5ff426a571199af5d6ff7996bd89e8be946af83dc1c2624ad66151ed39?s=96&d=blank&r=g","caption":"IAAviM"},"url":"https:\/\/www.iaavim.gob.ar\/?author=2"}]}},"amp_enabled":true,"_links":{"self":[{"href":"https:\/\/www.iaavim.gob.ar\/index.php?rest_route=\/wp\/v2\/posts\/16219","targetHints":{"allow":["GET"]}}],"collection":[{"href":"https:\/\/www.iaavim.gob.ar\/index.php?rest_route=\/wp\/v2\/posts"}],"about":[{"href":"https:\/\/www.iaavim.gob.ar\/index.php?rest_route=\/wp\/v2\/types\/post"}],"author":[{"embeddable":true,"href":"https:\/\/www.iaavim.gob.ar\/index.php?rest_route=\/wp\/v2\/users\/2"}],"replies":[{"embeddable":true,"href":"https:\/\/www.iaavim.gob.ar\/index.php?rest_route=%2Fwp%2Fv2%2Fcomments&post=16219"}],"version-history":[{"count":1,"href":"https:\/\/www.iaavim.gob.ar\/index.php?rest_route=\/wp\/v2\/posts\/16219\/revisions"}],"predecessor-version":[{"id":16230,"href":"https:\/\/www.iaavim.gob.ar\/index.php?rest_route=\/wp\/v2\/posts\/16219\/revisions\/16230"}],"wp:featuredmedia":[{"embeddable":true,"href":"https:\/\/www.iaavim.gob.ar\/index.php?rest_route=\/wp\/v2\/media\/16229"}],"wp:attachment":[{"href":"https:\/\/www.iaavim.gob.ar\/index.php?rest_route=%2Fwp%2Fv2%2Fmedia&parent=16219"}],"wp:term":[{"taxonomy":"category","embeddable":true,"href":"https:\/\/www.iaavim.gob.ar\/index.php?rest_route=%2Fwp%2Fv2%2Fcategories&post=16219"},{"taxonomy":"post_tag","embeddable":true,"href":"https:\/\/www.iaavim.gob.ar\/index.php?rest_route=%2Fwp%2Fv2%2Ftags&post=16219"}],"curies":[{"name":"wp","href":"https:\/\/api.w.org\/{rel}","templated":true}]}}