{"id":16197,"date":"2026-04-30T09:42:31","date_gmt":"2026-04-30T12:42:31","guid":{"rendered":"https:\/\/www.iaavim.gob.ar\/?p=16197"},"modified":"2026-04-30T10:47:48","modified_gmt":"2026-04-30T13:47:48","slug":"propuestas-y-perfiles","status":"publish","type":"post","link":"https:\/\/www.iaavim.gob.ar\/?p=16197","title":{"rendered":"El IAAviM da a conocer las propuestas de cada lista"},"content":{"rendered":"<p>En el marco de las elecciones distritales a desarrollarse entre el 18 y 22 de mayo, el Instituto de Artes Audiovisuales de Misiones invita a la comunidad audiovisual a conocer las propuestas de cada una de las listas oficiales, as\u00ed como las trayectorias y motivaci\u00f3n de las y los candidatos para postularse como representantes de sus distritos.<\/p>\n<p>A continuaci\u00f3n se presentan las y los candidatos en orden de postulaci\u00f3n en el formulario oficial, por Distrito Audiovisual, de igual manera como se detalla en el acta de oficializaci\u00f3n de listas.<\/p>\n<p>Para acceder a sus propuestas hacer clic sobre la imagen.<\/p>\n<p>&nbsp;<\/p>\n<h1>DISTRITO AUDIOVISUAL NORTE<\/h1>\n<p><a href=\"https:\/\/www.iaavim.gob.ar\/wp-content\/uploads\/2026\/04\/DISTRITO-AUDIOVISUAL-NORTE.pdf\"><img loading=\"lazy\" decoding=\"async\" class=\"alignnone wp-image-16249 size-full\" src=\"https:\/\/www.iaavim.gob.ar\/wp-content\/uploads\/2026\/04\/1.png\" alt=\"\" width=\"1600\" height=\"400\" srcset=\"https:\/\/www.iaavim.gob.ar\/wp-content\/uploads\/2026\/04\/1.png 1600w, https:\/\/www.iaavim.gob.ar\/wp-content\/uploads\/2026\/04\/1-300x75.png 300w, https:\/\/www.iaavim.gob.ar\/wp-content\/uploads\/2026\/04\/1-1024x256.png 1024w, https:\/\/www.iaavim.gob.ar\/wp-content\/uploads\/2026\/04\/1-768x192.png 768w, https:\/\/www.iaavim.gob.ar\/wp-content\/uploads\/2026\/04\/1-1536x384.png 1536w\" sizes=\"auto, (max-width: 1600px) 100vw, 1600px\" \/><\/a><\/p>\n<p><a href=\"https:\/\/www.iaavim.gob.ar\/wp-content\/uploads\/2026\/04\/DISTRITO-AUDIOVISUAL-NORTE.pdf\"><img loading=\"lazy\" decoding=\"async\" class=\"alignnone wp-image-16250 size-full\" src=\"https:\/\/www.iaavim.gob.ar\/wp-content\/uploads\/2026\/04\/2.png\" alt=\"\" width=\"1600\" height=\"400\" srcset=\"https:\/\/www.iaavim.gob.ar\/wp-content\/uploads\/2026\/04\/2.png 1600w, https:\/\/www.iaavim.gob.ar\/wp-content\/uploads\/2026\/04\/2-300x75.png 300w, https:\/\/www.iaavim.gob.ar\/wp-content\/uploads\/2026\/04\/2-1024x256.png 1024w, https:\/\/www.iaavim.gob.ar\/wp-content\/uploads\/2026\/04\/2-768x192.png 768w, https:\/\/www.iaavim.gob.ar\/wp-content\/uploads\/2026\/04\/2-1536x384.png 1536w\" sizes=\"auto, (max-width: 1600px) 100vw, 1600px\" \/><\/a><\/p>\n<p>&nbsp;<\/p>\n<h1>DISTRITO AUDIOVISUAL PARAN\u00c1<\/h1>\n<p><a href=\"https:\/\/www.iaavim.gob.ar\/wp-content\/uploads\/2026\/04\/DISTRITO-AUDIOVISUAL-PARANA.pdf\"><img loading=\"lazy\" decoding=\"async\" class=\"alignnone wp-image-16251 size-full\" src=\"https:\/\/www.iaavim.gob.ar\/wp-content\/uploads\/2026\/04\/6.png\" alt=\"\" width=\"1600\" height=\"400\" srcset=\"https:\/\/www.iaavim.gob.ar\/wp-content\/uploads\/2026\/04\/6.png 1600w, https:\/\/www.iaavim.gob.ar\/wp-content\/uploads\/2026\/04\/6-300x75.png 300w, https:\/\/www.iaavim.gob.ar\/wp-content\/uploads\/2026\/04\/6-1024x256.png 1024w, https:\/\/www.iaavim.gob.ar\/wp-content\/uploads\/2026\/04\/6-768x192.png 768w, https:\/\/www.iaavim.gob.ar\/wp-content\/uploads\/2026\/04\/6-1536x384.png 1536w\" sizes=\"auto, (max-width: 1600px) 100vw, 1600px\" \/><\/a><\/p>\n<p><a href=\"https:\/\/www.iaavim.gob.ar\/wp-content\/uploads\/2026\/04\/DISTRITO-AUDIOVISUAL-PARANA.pdf\"><img loading=\"lazy\" decoding=\"async\" class=\"alignnone wp-image-16252 size-full\" src=\"https:\/\/www.iaavim.gob.ar\/wp-content\/uploads\/2026\/04\/7.png\" alt=\"\" width=\"1600\" height=\"400\" srcset=\"https:\/\/www.iaavim.gob.ar\/wp-content\/uploads\/2026\/04\/7.png 1600w, https:\/\/www.iaavim.gob.ar\/wp-content\/uploads\/2026\/04\/7-300x75.png 300w, https:\/\/www.iaavim.gob.ar\/wp-content\/uploads\/2026\/04\/7-1024x256.png 1024w, https:\/\/www.iaavim.gob.ar\/wp-content\/uploads\/2026\/04\/7-768x192.png 768w, https:\/\/www.iaavim.gob.ar\/wp-content\/uploads\/2026\/04\/7-1536x384.png 1536w\" sizes=\"auto, (max-width: 1600px) 100vw, 1600px\" \/><\/a><\/p>\n<p>&nbsp;<\/p>\n<h1>DISTRITO AUDIOVISUAL SUR<\/h1>\n<p><a href=\"https:\/\/www.iaavim.gob.ar\/wp-content\/uploads\/2026\/04\/DISTRITO-AUDIOVISUAL-SUR.pdf\"><img loading=\"lazy\" decoding=\"async\" class=\"alignnone wp-image-16253 size-full\" src=\"https:\/\/www.iaavim.gob.ar\/wp-content\/uploads\/2026\/04\/3.png\" alt=\"\" width=\"1600\" height=\"400\" srcset=\"https:\/\/www.iaavim.gob.ar\/wp-content\/uploads\/2026\/04\/3.png 1600w, https:\/\/www.iaavim.gob.ar\/wp-content\/uploads\/2026\/04\/3-300x75.png 300w, https:\/\/www.iaavim.gob.ar\/wp-content\/uploads\/2026\/04\/3-1024x256.png 1024w, https:\/\/www.iaavim.gob.ar\/wp-content\/uploads\/2026\/04\/3-768x192.png 768w, https:\/\/www.iaavim.gob.ar\/wp-content\/uploads\/2026\/04\/3-1536x384.png 1536w\" sizes=\"auto, (max-width: 1600px) 100vw, 1600px\" \/><\/a><\/p>\n<p><a href=\"https:\/\/www.iaavim.gob.ar\/wp-content\/uploads\/2026\/04\/DISTRITO-AUDIOVISUAL-SUR.pdf\"><img loading=\"lazy\" decoding=\"async\" class=\"alignnone wp-image-16254 size-full\" src=\"https:\/\/www.iaavim.gob.ar\/wp-content\/uploads\/2026\/04\/4.png\" alt=\"\" width=\"1600\" height=\"400\" srcset=\"https:\/\/www.iaavim.gob.ar\/wp-content\/uploads\/2026\/04\/4.png 1600w, https:\/\/www.iaavim.gob.ar\/wp-content\/uploads\/2026\/04\/4-300x75.png 300w, https:\/\/www.iaavim.gob.ar\/wp-content\/uploads\/2026\/04\/4-1024x256.png 1024w, https:\/\/www.iaavim.gob.ar\/wp-content\/uploads\/2026\/04\/4-768x192.png 768w, https:\/\/www.iaavim.gob.ar\/wp-content\/uploads\/2026\/04\/4-1536x384.png 1536w\" sizes=\"auto, (max-width: 1600px) 100vw, 1600px\" \/><\/a><\/p>\n<p><a href=\"https:\/\/www.iaavim.gob.ar\/wp-content\/uploads\/2026\/04\/DISTRITO-AUDIOVISUAL-SUR.pdf\"><img loading=\"lazy\" decoding=\"async\" class=\"alignnone wp-image-16255 size-full\" src=\"https:\/\/www.iaavim.gob.ar\/wp-content\/uploads\/2026\/04\/5.png\" alt=\"\" width=\"1600\" height=\"400\" srcset=\"https:\/\/www.iaavim.gob.ar\/wp-content\/uploads\/2026\/04\/5.png 1600w, https:\/\/www.iaavim.gob.ar\/wp-content\/uploads\/2026\/04\/5-300x75.png 300w, https:\/\/www.iaavim.gob.ar\/wp-content\/uploads\/2026\/04\/5-1024x256.png 1024w, https:\/\/www.iaavim.gob.ar\/wp-content\/uploads\/2026\/04\/5-768x192.png 768w, https:\/\/www.iaavim.gob.ar\/wp-content\/uploads\/2026\/04\/5-1536x384.png 1536w\" sizes=\"auto, (max-width: 1600px) 100vw, 1600px\" \/><\/a><\/p>\n<p>&nbsp;<\/p>\n<h1>DISTRITO AUDIOVISUAL URUGUAY<\/h1>\n<p><a href=\"https:\/\/www.iaavim.gob.ar\/wp-content\/uploads\/2026\/04\/DISTRITO-AUDIOVISUAL-URUGUAY.pdf\"><img loading=\"lazy\" decoding=\"async\" class=\"alignnone wp-image-16256 size-full\" src=\"https:\/\/www.iaavim.gob.ar\/wp-content\/uploads\/2026\/04\/8.png\" alt=\"\" width=\"1600\" height=\"400\" srcset=\"https:\/\/www.iaavim.gob.ar\/wp-content\/uploads\/2026\/04\/8.png 1600w, https:\/\/www.iaavim.gob.ar\/wp-content\/uploads\/2026\/04\/8-300x75.png 300w, https:\/\/www.iaavim.gob.ar\/wp-content\/uploads\/2026\/04\/8-1024x256.png 1024w, https:\/\/www.iaavim.gob.ar\/wp-content\/uploads\/2026\/04\/8-768x192.png 768w, https:\/\/www.iaavim.gob.ar\/wp-content\/uploads\/2026\/04\/8-1536x384.png 1536w\" sizes=\"auto, (max-width: 1600px) 100vw, 1600px\" \/><\/a><\/p>\n<p><a href=\"https:\/\/www.iaavim.gob.ar\/wp-content\/uploads\/2026\/04\/DISTRITO-AUDIOVISUAL-URUGUAY.pdf\"><img loading=\"lazy\" decoding=\"async\" class=\"alignnone wp-image-16257 size-full\" src=\"https:\/\/www.iaavim.gob.ar\/wp-content\/uploads\/2026\/04\/9.png\" alt=\"\" width=\"1600\" height=\"400\" srcset=\"https:\/\/www.iaavim.gob.ar\/wp-content\/uploads\/2026\/04\/9.png 1600w, https:\/\/www.iaavim.gob.ar\/wp-content\/uploads\/2026\/04\/9-300x75.png 300w, https:\/\/www.iaavim.gob.ar\/wp-content\/uploads\/2026\/04\/9-1024x256.png 1024w, https:\/\/www.iaavim.gob.ar\/wp-content\/uploads\/2026\/04\/9-768x192.png 768w, https:\/\/www.iaavim.gob.ar\/wp-content\/uploads\/2026\/04\/9-1536x384.png 1536w\" sizes=\"auto, (max-width: 1600px) 100vw, 1600px\" \/><\/a><\/p>\n<div class=\"su-spacer\" style=\"height:150px\"><\/div>\n<h3>Tambi\u00e9n podr\u00e1s acceder por aqu\u00ed a las propuestas y perfiles:<\/h3>\n<h4><a href=\"https:\/\/www.iaavim.gob.ar\/wp-content\/uploads\/2026\/04\/DISTRITO-AUDIOVISUAL-NORTE.pdf\">Distrito Norte<\/a>\u00a0 \/\/\u00a0 <a href=\"https:\/\/www.iaavim.gob.ar\/wp-content\/uploads\/2026\/04\/DISTRITO-AUDIOVISUAL-PARANA.pdf\">Distrito Paran\u00e1<\/a>\u00a0 \/\/ <a href=\"https:\/\/www.iaavim.gob.ar\/wp-content\/uploads\/2026\/04\/DISTRITO-AUDIOVISUAL-SUR.pdf\">Distrito Sur<\/a>\u00a0 \/\/ <a href=\"https:\/\/www.iaavim.gob.ar\/wp-content\/uploads\/2026\/04\/DISTRITO-AUDIOVISUAL-URUGUAY.pdf\">Distrito Uruguay<\/a><\/h4>\n<p>&nbsp;<\/p>\n<div class=\"su-spacer\" style=\"height:150px\"><\/div>\n","protected":false},"excerpt":{"rendered":"<p>En el marco de las elecciones distritales a desarrollarse entre el 18 y 22 de mayo, el Instituto de Artes Audiovisuales de Misiones invita a la comunidad audiovisual a conocer las propuestas de cada una de las listas oficiales, as\u00ed como las trayectorias y motivaci\u00f3n de las y los candidatos para postularse como representantes de &hellip;<\/p>\n","protected":false},"author":2,"featured_media":16264,"comment_status":"closed","ping_status":"open","sticky":false,"template":"","format":"standard","meta":{"_acf_changed":false,"footnotes":""},"categories":[39],"tags":[1680,70,1650,1681],"class_list":["post-16197","post","type-post","status-publish","format-standard","has-post-thumbnail","hentry","category-noticias-del-iaavim","tag-candidatos","tag-consejo-directivo-iaavim","tag-elecciones-2026","tag-propuestas"],"acf":[],"yoast_head":"<!-- This site is optimized with the Yoast SEO plugin v27.4 - https:\/\/yoast.com\/product\/yoast-seo-wordpress\/ -->\n<title>El IAAviM da a conocer las propuestas de cada lista -<\/title>\n<meta name=\"robots\" content=\"index, follow, max-snippet:-1, max-image-preview:large, max-video-preview:-1\" \/>\n<link rel=\"canonical\" href=\"https:\/\/www.iaavim.gob.ar\/?p=16197\" \/>\n<meta property=\"og:locale\" content=\"es_ES\" \/>\n<meta property=\"og:type\" content=\"article\" \/>\n<meta property=\"og:title\" content=\"El IAAviM da a conocer las propuestas de cada lista -\" \/>\n<meta property=\"og:description\" content=\"En el marco de las elecciones distritales a desarrollarse entre el 18 y 22 de mayo, el Instituto de Artes Audiovisuales de Misiones invita a la comunidad audiovisual a conocer las propuestas de cada una de las listas oficiales, as\u00ed como las trayectorias y motivaci\u00f3n de las y los candidatos para postularse como representantes de &hellip;\" \/>\n<meta property=\"og:url\" content=\"https:\/\/www.iaavim.gob.ar\/?p=16197\" \/>\n<meta property=\"article:published_time\" content=\"2026-04-30T12:42:31+00:00\" \/>\n<meta property=\"article:modified_time\" content=\"2026-04-30T13:47:48+00:00\" \/>\n<meta property=\"og:image\" content=\"https:\/\/www.iaavim.gob.ar\/wp-content\/uploads\/2026\/04\/banner-candidatos-1.png\" \/>\n\t<meta property=\"og:image:width\" content=\"1201\" \/>\n\t<meta property=\"og:image:height\" content=\"481\" \/>\n\t<meta property=\"og:image:type\" content=\"image\/png\" \/>\n<meta name=\"author\" content=\"IAAviM\" \/>\n<meta name=\"twitter:card\" content=\"summary_large_image\" \/>\n<meta name=\"twitter:label1\" content=\"Escrito por\" \/>\n\t<meta name=\"twitter:data1\" content=\"IAAviM\" \/>\n\t<meta name=\"twitter:label2\" content=\"Tiempo de lectura\" \/>\n\t<meta name=\"twitter:data2\" content=\"3 minutos\" \/>\n<script type=\"application\/ld+json\" class=\"yoast-schema-graph\">{\"@context\":\"https:\\\/\\\/schema.org\",\"@graph\":[{\"@type\":\"Article\",\"@id\":\"https:\\\/\\\/www.iaavim.gob.ar\\\/?p=16197#article\",\"isPartOf\":{\"@id\":\"https:\\\/\\\/www.iaavim.gob.ar\\\/?p=16197\"},\"author\":{\"name\":\"IAAviM\",\"@id\":\"\\\/#\\\/schema\\\/person\\\/affb351a86bbbb5cdff3011db06ccf85\"},\"headline\":\"El IAAviM da a conocer las propuestas de cada lista\",\"datePublished\":\"2026-04-30T12:42:31+00:00\",\"dateModified\":\"2026-04-30T13:47:48+00:00\",\"mainEntityOfPage\":{\"@id\":\"https:\\\/\\\/www.iaavim.gob.ar\\\/?p=16197\"},\"wordCount\":154,\"publisher\":{\"@id\":\"\\\/#organization\"},\"image\":{\"@id\":\"https:\\\/\\\/www.iaavim.gob.ar\\\/?p=16197#primaryimage\"},\"thumbnailUrl\":\"https:\\\/\\\/www.iaavim.gob.ar\\\/wp-content\\\/uploads\\\/2026\\\/04\\\/banner-candidatos-1.png\",\"keywords\":[\"candidatos\",\"Consejo Directivo IAAviM\",\"Elecciones 2026\",\"propuestas\"],\"articleSection\":[\"Noticias del IAAviM\"],\"inLanguage\":\"es-AR\"},{\"@type\":\"WebPage\",\"@id\":\"https:\\\/\\\/www.iaavim.gob.ar\\\/?p=16197\",\"url\":\"https:\\\/\\\/www.iaavim.gob.ar\\\/?p=16197\",\"name\":\"El IAAviM da a conocer las propuestas de cada lista -\",\"isPartOf\":{\"@id\":\"\\\/#website\"},\"primaryImageOfPage\":{\"@id\":\"https:\\\/\\\/www.iaavim.gob.ar\\\/?p=16197#primaryimage\"},\"image\":{\"@id\":\"https:\\\/\\\/www.iaavim.gob.ar\\\/?p=16197#primaryimage\"},\"thumbnailUrl\":\"https:\\\/\\\/www.iaavim.gob.ar\\\/wp-content\\\/uploads\\\/2026\\\/04\\\/banner-candidatos-1.png\",\"datePublished\":\"2026-04-30T12:42:31+00:00\",\"dateModified\":\"2026-04-30T13:47:48+00:00\",\"breadcrumb\":{\"@id\":\"https:\\\/\\\/www.iaavim.gob.ar\\\/?p=16197#breadcrumb\"},\"inLanguage\":\"es-AR\",\"potentialAction\":[{\"@type\":\"ReadAction\",\"target\":[\"https:\\\/\\\/www.iaavim.gob.ar\\\/?p=16197\"]}]},{\"@type\":\"ImageObject\",\"inLanguage\":\"es-AR\",\"@id\":\"https:\\\/\\\/www.iaavim.gob.ar\\\/?p=16197#primaryimage\",\"url\":\"https:\\\/\\\/www.iaavim.gob.ar\\\/wp-content\\\/uploads\\\/2026\\\/04\\\/banner-candidatos-1.png\",\"contentUrl\":\"https:\\\/\\\/www.iaavim.gob.ar\\\/wp-content\\\/uploads\\\/2026\\\/04\\\/banner-candidatos-1.png\",\"width\":1201,\"height\":481},{\"@type\":\"BreadcrumbList\",\"@id\":\"https:\\\/\\\/www.iaavim.gob.ar\\\/?p=16197#breadcrumb\",\"itemListElement\":[{\"@type\":\"ListItem\",\"position\":1,\"name\":\"Inicio\",\"item\":\"https:\\\/\\\/www.iaavim.gob.ar\\\/\"},{\"@type\":\"ListItem\",\"position\":2,\"name\":\"El IAAviM da a conocer las propuestas de cada lista\"}]},{\"@type\":\"WebSite\",\"@id\":\"\\\/#website\",\"url\":\"\\\/\",\"name\":\"\",\"description\":\"Sitio oficial del IAAviM\",\"publisher\":{\"@id\":\"\\\/#organization\"},\"potentialAction\":[{\"@type\":\"SearchAction\",\"target\":{\"@type\":\"EntryPoint\",\"urlTemplate\":\"\\\/?s={search_term_string}\"},\"query-input\":{\"@type\":\"PropertyValueSpecification\",\"valueRequired\":true,\"valueName\":\"search_term_string\"}}],\"inLanguage\":\"es-AR\"},{\"@type\":\"Organization\",\"@id\":\"\\\/#organization\",\"name\":\"Instituto de Artes Audiovisuales de Misiones\",\"url\":\"\\\/\",\"logo\":{\"@type\":\"ImageObject\",\"inLanguage\":\"es-AR\",\"@id\":\"\\\/#\\\/schema\\\/logo\\\/image\\\/\",\"url\":\"https:\\\/\\\/iaavim.misiones.gob.ar\\\/wp-content\\\/uploads\\\/2021\\\/07\\\/logo-iaavim-preview.png.jpg\",\"contentUrl\":\"https:\\\/\\\/iaavim.misiones.gob.ar\\\/wp-content\\\/uploads\\\/2021\\\/07\\\/logo-iaavim-preview.png.jpg\",\"width\":1200,\"height\":675,\"caption\":\"Instituto de Artes Audiovisuales de Misiones\"},\"image\":{\"@id\":\"\\\/#\\\/schema\\\/logo\\\/image\\\/\"}},{\"@type\":\"Person\",\"@id\":\"\\\/#\\\/schema\\\/person\\\/affb351a86bbbb5cdff3011db06ccf85\",\"name\":\"IAAviM\",\"image\":{\"@type\":\"ImageObject\",\"inLanguage\":\"es-AR\",\"@id\":\"https:\\\/\\\/secure.gravatar.com\\\/avatar\\\/6a023e5ff426a571199af5d6ff7996bd89e8be946af83dc1c2624ad66151ed39?s=96&d=blank&r=g\",\"url\":\"https:\\\/\\\/secure.gravatar.com\\\/avatar\\\/6a023e5ff426a571199af5d6ff7996bd89e8be946af83dc1c2624ad66151ed39?s=96&d=blank&r=g\",\"contentUrl\":\"https:\\\/\\\/secure.gravatar.com\\\/avatar\\\/6a023e5ff426a571199af5d6ff7996bd89e8be946af83dc1c2624ad66151ed39?s=96&d=blank&r=g\",\"caption\":\"IAAviM\"},\"url\":\"https:\\\/\\\/www.iaavim.gob.ar\\\/?author=2\"}]}<\/script>\n<!-- \/ Yoast SEO plugin. -->","yoast_head_json":{"title":"El IAAviM da a conocer las propuestas de cada lista -","robots":{"index":"index","follow":"follow","max-snippet":"max-snippet:-1","max-image-preview":"max-image-preview:large","max-video-preview":"max-video-preview:-1"},"canonical":"https:\/\/www.iaavim.gob.ar\/?p=16197","og_locale":"es_ES","og_type":"article","og_title":"El IAAviM da a conocer las propuestas de cada lista -","og_description":"En el marco de las elecciones distritales a desarrollarse entre el 18 y 22 de mayo, el Instituto de Artes Audiovisuales de Misiones invita a la comunidad audiovisual a conocer las propuestas de cada una de las listas oficiales, as\u00ed como las trayectorias y motivaci\u00f3n de las y los candidatos para postularse como representantes de &hellip;","og_url":"https:\/\/www.iaavim.gob.ar\/?p=16197","article_published_time":"2026-04-30T12:42:31+00:00","article_modified_time":"2026-04-30T13:47:48+00:00","og_image":[{"width":1201,"height":481,"url":"https:\/\/www.iaavim.gob.ar\/wp-content\/uploads\/2026\/04\/banner-candidatos-1.png","type":"image\/png"}],"author":"IAAviM","twitter_card":"summary_large_image","twitter_misc":{"Escrito por":"IAAviM","Tiempo de lectura":"3 minutos"},"schema":{"@context":"https:\/\/schema.org","@graph":[{"@type":"Article","@id":"https:\/\/www.iaavim.gob.ar\/?p=16197#article","isPartOf":{"@id":"https:\/\/www.iaavim.gob.ar\/?p=16197"},"author":{"name":"IAAviM","@id":"\/#\/schema\/person\/affb351a86bbbb5cdff3011db06ccf85"},"headline":"El IAAviM da a conocer las propuestas de cada lista","datePublished":"2026-04-30T12:42:31+00:00","dateModified":"2026-04-30T13:47:48+00:00","mainEntityOfPage":{"@id":"https:\/\/www.iaavim.gob.ar\/?p=16197"},"wordCount":154,"publisher":{"@id":"\/#organization"},"image":{"@id":"https:\/\/www.iaavim.gob.ar\/?p=16197#primaryimage"},"thumbnailUrl":"https:\/\/www.iaavim.gob.ar\/wp-content\/uploads\/2026\/04\/banner-candidatos-1.png","keywords":["candidatos","Consejo Directivo IAAviM","Elecciones 2026","propuestas"],"articleSection":["Noticias del IAAviM"],"inLanguage":"es-AR"},{"@type":"WebPage","@id":"https:\/\/www.iaavim.gob.ar\/?p=16197","url":"https:\/\/www.iaavim.gob.ar\/?p=16197","name":"El IAAviM da a conocer las propuestas de cada lista -","isPartOf":{"@id":"\/#website"},"primaryImageOfPage":{"@id":"https:\/\/www.iaavim.gob.ar\/?p=16197#primaryimage"},"image":{"@id":"https:\/\/www.iaavim.gob.ar\/?p=16197#primaryimage"},"thumbnailUrl":"https:\/\/www.iaavim.gob.ar\/wp-content\/uploads\/2026\/04\/banner-candidatos-1.png","datePublished":"2026-04-30T12:42:31+00:00","dateModified":"2026-04-30T13:47:48+00:00","breadcrumb":{"@id":"https:\/\/www.iaavim.gob.ar\/?p=16197#breadcrumb"},"inLanguage":"es-AR","potentialAction":[{"@type":"ReadAction","target":["https:\/\/www.iaavim.gob.ar\/?p=16197"]}]},{"@type":"ImageObject","inLanguage":"es-AR","@id":"https:\/\/www.iaavim.gob.ar\/?p=16197#primaryimage","url":"https:\/\/www.iaavim.gob.ar\/wp-content\/uploads\/2026\/04\/banner-candidatos-1.png","contentUrl":"https:\/\/www.iaavim.gob.ar\/wp-content\/uploads\/2026\/04\/banner-candidatos-1.png","width":1201,"height":481},{"@type":"BreadcrumbList","@id":"https:\/\/www.iaavim.gob.ar\/?p=16197#breadcrumb","itemListElement":[{"@type":"ListItem","position":1,"name":"Inicio","item":"https:\/\/www.iaavim.gob.ar\/"},{"@type":"ListItem","position":2,"name":"El IAAviM da a conocer las propuestas de cada lista"}]},{"@type":"WebSite","@id":"\/#website","url":"\/","name":"","description":"Sitio oficial del IAAviM","publisher":{"@id":"\/#organization"},"potentialAction":[{"@type":"SearchAction","target":{"@type":"EntryPoint","urlTemplate":"\/?s={search_term_string}"},"query-input":{"@type":"PropertyValueSpecification","valueRequired":true,"valueName":"search_term_string"}}],"inLanguage":"es-AR"},{"@type":"Organization","@id":"\/#organization","name":"Instituto de Artes Audiovisuales de Misiones","url":"\/","logo":{"@type":"ImageObject","inLanguage":"es-AR","@id":"\/#\/schema\/logo\/image\/","url":"https:\/\/iaavim.misiones.gob.ar\/wp-content\/uploads\/2021\/07\/logo-iaavim-preview.png.jpg","contentUrl":"https:\/\/iaavim.misiones.gob.ar\/wp-content\/uploads\/2021\/07\/logo-iaavim-preview.png.jpg","width":1200,"height":675,"caption":"Instituto de Artes Audiovisuales de Misiones"},"image":{"@id":"\/#\/schema\/logo\/image\/"}},{"@type":"Person","@id":"\/#\/schema\/person\/affb351a86bbbb5cdff3011db06ccf85","name":"IAAviM","image":{"@type":"ImageObject","inLanguage":"es-AR","@id":"https:\/\/secure.gravatar.com\/avatar\/6a023e5ff426a571199af5d6ff7996bd89e8be946af83dc1c2624ad66151ed39?s=96&d=blank&r=g","url":"https:\/\/secure.gravatar.com\/avatar\/6a023e5ff426a571199af5d6ff7996bd89e8be946af83dc1c2624ad66151ed39?s=96&d=blank&r=g","contentUrl":"https:\/\/secure.gravatar.com\/avatar\/6a023e5ff426a571199af5d6ff7996bd89e8be946af83dc1c2624ad66151ed39?s=96&d=blank&r=g","caption":"IAAviM"},"url":"https:\/\/www.iaavim.gob.ar\/?author=2"}]}},"amp_enabled":true,"_links":{"self":[{"href":"https:\/\/www.iaavim.gob.ar\/index.php?rest_route=\/wp\/v2\/posts\/16197","targetHints":{"allow":["GET"]}}],"collection":[{"href":"https:\/\/www.iaavim.gob.ar\/index.php?rest_route=\/wp\/v2\/posts"}],"about":[{"href":"https:\/\/www.iaavim.gob.ar\/index.php?rest_route=\/wp\/v2\/types\/post"}],"author":[{"embeddable":true,"href":"https:\/\/www.iaavim.gob.ar\/index.php?rest_route=\/wp\/v2\/users\/2"}],"replies":[{"embeddable":true,"href":"https:\/\/www.iaavim.gob.ar\/index.php?rest_route=%2Fwp%2Fv2%2Fcomments&post=16197"}],"version-history":[{"count":6,"href":"https:\/\/www.iaavim.gob.ar\/index.php?rest_route=\/wp\/v2\/posts\/16197\/revisions"}],"predecessor-version":[{"id":16217,"href":"https:\/\/www.iaavim.gob.ar\/index.php?rest_route=\/wp\/v2\/posts\/16197\/revisions\/16217"}],"wp:featuredmedia":[{"embeddable":true,"href":"https:\/\/www.iaavim.gob.ar\/index.php?rest_route=\/wp\/v2\/media\/16264"}],"wp:attachment":[{"href":"https:\/\/www.iaavim.gob.ar\/index.php?rest_route=%2Fwp%2Fv2%2Fmedia&parent=16197"}],"wp:term":[{"taxonomy":"category","embeddable":true,"href":"https:\/\/www.iaavim.gob.ar\/index.php?rest_route=%2Fwp%2Fv2%2Fcategories&post=16197"},{"taxonomy":"post_tag","embeddable":true,"href":"https:\/\/www.iaavim.gob.ar\/index.php?rest_route=%2Fwp%2Fv2%2Ftags&post=16197"}],"curies":[{"name":"wp","href":"https:\/\/api.w.org\/{rel}","templated":true}]}}