{"id":15988,"date":"2026-03-13T11:33:06","date_gmt":"2026-03-13T14:33:06","guid":{"rendered":"https:\/\/www.iaavim.gob.ar\/?p=15988"},"modified":"2026-03-16T12:39:09","modified_gmt":"2026-03-16T15:39:09","slug":"convocatoria-abierta","status":"publish","type":"post","link":"https:\/\/www.iaavim.gob.ar\/?p=15988","title":{"rendered":"Convocatoria abierta"},"content":{"rendered":"\n<p>El Instituto de Artes Audiovisuales de Misiones (IAAviM) convoca a organizadores de <strong>festivales, muestras y ciclos audiovisuales<\/strong> de la provincia a inscribirse en el <strong>Registro 2026<\/strong>, una herramienta que permite acceder a apoyo econ\u00f3mico e institucional para la realizaci\u00f3n, promoci\u00f3n y difusi\u00f3n de estos espacios de exhibici\u00f3n y encuentro con el p\u00fablico.<\/p>\n\n\n\n<p>La convocatoria est\u00e1 dirigida a entidades, colectivos, asociaciones o personas responsables de iniciativas que promuevan la circulaci\u00f3n de obras audiovisuales y el desarrollo de actividades culturales vinculadas al cine en el territorio misionero. A continuaci\u00f3n, se detallan los <strong>requisitos, condiciones y alcances de la convocatoria<\/strong> establecidos en el Anexo de la Resoluci\u00f3n N\u00b0 8\/26.<\/p>\n\n\n\n<div style=\"height:25px\" aria-hidden=\"true\" class=\"wp-block-spacer\"><\/div>\n\n\n\n<h3 class=\"wp-block-heading has-text-align-center\">CONVOCATORIA PARA INSCRIPCI\u00d3N AL REGISTRO <br>DE FESTIVALES, MUESTRAS Y CICLOS AUDIOVISUALES 2026<\/h3>\n\n\n\n<p><\/p>\n\n\n\n<p><strong>1. Llamado<\/strong><br>En el marco de la Resoluci\u00f3n N\u00b0 25\/2021, el Instituto de Artes Audiovisuales de Misiones (IAAVIM) realiza la convocatoria a inscripci\u00f3n 2026 para festivales, muestras y ciclos audiovisuales que deseen obtener un apoyo econ\u00f3mico-institucional destinado a la realizaci\u00f3n, promoci\u00f3n y difusi\u00f3n de sus actividades en la provincia de Misiones.<\/p>\n\n\n\n<p><\/p>\n\n\n\n<p><strong>2. Plazo de Presentaci\u00f3n<\/strong><br>La convocatoria estar\u00e1 abierta <strong>desde el lunes 16 de marzo hasta el viernes 15 de mayo<\/strong> del corriente, inclusive.<br>Las postulaciones deber\u00e1n realizarse exclusivamente mediante el formulario oficial dispuesto por el IAAVIM, disponible en sus canales institucionales.<\/p>\n\n\n\n<p><\/p>\n\n\n\n<p><strong>3. Definiciones<\/strong><br>A los efectos de la presente convocatoria, se entiende por:<\/p>\n\n\n\n<p>a) <strong><em>Festival Audiovisual:<\/em><\/strong> evento de exhibici\u00f3n audiovisual de car\u00e1cter peri\u00f3dico, actividades de formaci\u00f3n, industria o mediaci\u00f3n cultural con una estructura organizativa formal orientada a la proyecci\u00f3n p\u00fablica, circulaci\u00f3n de obras y vinculaci\u00f3n con p\u00fablicos y profesionales.<\/p>\n\n\n\n<p>b) <strong><em>Muestra Audiovisual:<\/em><\/strong> evento de exhibici\u00f3n audiovisual no competitivo, organizado de manera program\u00e1tica, con un eje tem\u00e1tico, autoral, territorial o hist\u00f3rico, que puede incluir actividades complementarias (presentaciones, debates, clases magistrales etc.).<\/p>\n\n\n\n<p>c) <em><strong>Ciclo Audiovisual:<\/strong> <\/em>programaci\u00f3n seriada y peri\u00f3dica de exhibiciones audiovisuales, articulada en funciones sucesivas bajo un concepto curatorial com\u00fan, que puede desarrollarse en sedes fijas o itinerantes, sin requerir necesariamente un formato de evento concentrado en fechas continuas.<\/p>\n\n\n\n<p><\/p>\n\n\n\n<p><strong>4. Requisitos de Postulaci\u00f3n<\/strong><br>Las entidades, colectivos, asociaciones o personas responsables de la organizaci\u00f3n deber\u00e1n completar el formulario con la informaci\u00f3n solicitada, incluyendo como m\u00ednimo:<\/p>\n\n\n\n<ul class=\"wp-block-list\">\n<li>Descripci\u00f3n del proyecto.<\/li>\n\n\n\n<li>Presupuesto detallado.<\/li>\n\n\n\n<li>Cronograma de actividades.<\/li>\n\n\n\n<li>Equipo organizador y antecedentes.<\/li>\n<\/ul>\n\n\n\n<p><\/p>\n\n\n\n<p><strong>5. Persona Presentante y Responsabilidades<\/strong><br>Cada postulaci\u00f3n deber\u00e1 designar una persona presentante, quien ser\u00e1 la \u00fanica responsable administrativa, legal y financiera del proyecto ante el IAAVIM.<br>La persona presentante deber\u00e1:<\/p>\n\n\n\n<ul class=\"wp-block-list\">\n<li>No registrar deudas ni incumplimientos en convocatorias previas del IAAVIM u otros programas vinculados al Instituto.<\/li>\n\n\n\n<li>No mantener relaci\u00f3n laboral, contractual o de prestaci\u00f3n de servicios vigente con el IAAVIM.<\/li>\n\n\n\n<li>No poseer v\u00ednculos de parentesco hasta segundo grado de consanguinidad o afinidad con autoridades del Consejo Directivo, funcionarios o personal jer\u00e1rquico del IAAVIM, conforme a la normativa vigente.<\/li>\n\n\n\n<li>Estar inscripto en el RePA, ARCA \u2013ex AFIP- y Agencia Tributaria Misiones ATM \u2013ex DGR- con c\u00f3digo de actividad af\u00edn al desarrollo del evento.&nbsp;<\/li>\n\n\n\n<li>Tener domicilio en la provincia y cuenta bancaria vigente, no siendo admitidas billeteras virtuales para percibir los dep\u00f3sitos.<\/li>\n<\/ul>\n\n\n\n<p><\/p>\n\n\n\n<p><strong>6. Monto del Aporte<\/strong><br>El IAAVIM podr\u00e1 asignar un aporte econ\u00f3mico de hasta el cuarenta por ciento (40%) del presupuesto total del proyecto, sujeto a disponibilidad presupuestaria y a la evaluaci\u00f3n t\u00e9cnica de las propuestas presentadas.<\/p>\n\n\n\n<p><\/p>\n\n\n\n<p><strong>7. Rubros Financiables<\/strong><br>Los fondos asignados podr\u00e1n destinarse exclusivamente a los siguientes rubros:&nbsp;<\/p>\n\n\n\n<ul class=\"wp-block-list\">\n<li>Movilidad: traslados terrestres en \u00f3mnibus de media y larga distancia, combustible, taxis y servicios de transporte por plataformas (por ejemplo, Uber). Se except\u00faan pasajes a\u00e9reos.<\/li>\n\n\n\n<li>Hoteler\u00eda y alojamiento.<\/li>\n\n\n\n<li>Honorarios profesionales vinculados directamente a la realizaci\u00f3n del evento.<br>Alquiler de equipamiento t\u00e9cnico (proyecci\u00f3n, sonido, iluminaci\u00f3n u otros).<\/li>\n\n\n\n<li>Servicio de catering y alimentaci\u00f3n, vinculados directamente a las actividades del evento, exceptu\u00e1ndose compras en supermercados o comercios minoristas sin prestaci\u00f3n de servicio.<\/li>\n<\/ul>\n\n\n\n<p>Del monto total otorgado por el IAAVIM, el gasto en honorarios a terceros no podr\u00e1 superar el treinta por ciento (30%) del aporte concedido y en ning\u00fan caso se podr\u00e1n facturar honorarios propios.<\/p>\n\n\n\n<p><\/p>\n\n\n\n<p><strong>8. Evaluaci\u00f3n y Selecci\u00f3n<\/strong><br>Las propuestas ser\u00e1n evaluadas por un comit\u00e9 designado por el IAAVIM, que considerar\u00e1 criterios de pertinencia cultural, impacto territorial, viabilidad t\u00e9cnica y coherencia presupuestaria. La decisi\u00f3n del IAAVIM ser\u00e1 inapelable.<\/p>\n\n\n\n<p><\/p>\n\n\n\n<p><strong>9. Registro de Espectadores<\/strong><br>Las muestras, festivales o ciclos seleccionados deber\u00e1n llevar un registro de espectadores, conforme a los lineamientos que establezca el IAAVIM, con el fin de relevar datos de asistencia, impacto territorial y formaci\u00f3n de p\u00fablicos.<\/p>\n\n\n\n<p><\/p>\n\n\n\n<p><strong>10. Boleto Oficial Cinematogr\u00e1fico (BOC)<\/strong><br>El Boleto Oficial Cinematogr\u00e1fico (BOC) ser\u00e1 de aplicaci\u00f3n cuando el evento se encuadre en la normativa vigente del INCAA, la CAEC o la reglamentaci\u00f3n nacional aplicable.<br>Cuando no corresponda la emisi\u00f3n de BOC conforme a normativa nacional, el evento deber\u00e1 aplicar el sistema de registro de exhibici\u00f3n ambulante del IAAVIM, sin perjuicio de que el Instituto requiera, cuando corresponda, la implementaci\u00f3n del BOC del INCAA u otro mecanismo de control equivalente.<\/p>\n\n\n\n<p><\/p>\n\n\n\n<p><strong>11. Obligaciones de los Beneficiarios:<\/strong><\/p>\n\n\n\n<ul class=\"wp-block-list\">\n<li>Mencionar el apoyo del IAAVIM en todo material de difusi\u00f3n.<\/li>\n\n\n\n<li>Presentar rendici\u00f3n de cuentas de los gastos realizados de conformidad a lo dispuesto en la Resoluci\u00f3n IV-6 del Honorable Tribunal de Cuentas de la Provincia de Misiones; sin perjuicio de ello, deber\u00e1 ingresar dentro de los 15 d\u00edas previos a dicha presentaci\u00f3n copia de la rendici\u00f3n en formato pdf a <strong>administracion@iaavim.gob.ar<\/strong> a fin de proceder a un control administrativo previo a la rendici\u00f3n al HTC, debiendo acompa\u00f1ar toda otra documentaci\u00f3n que le sea requerida por el instituto a los fines de corroborar el correcto uso de los aportes recibidos.<\/li>\n\n\n\n<li>Entregar un informe final de actividades.<\/li>\n<\/ul>\n\n\n\n<p><\/p>\n\n\n\n<p><strong>12. Sanciones por Incumplimiento<\/strong><br>El incumplimiento de las obligaciones establecidas en las presentes Bases, la falta de rendici\u00f3n, la falsedad de la informaci\u00f3n presentada o el uso indebido de los fondos otorgados podr\u00e1 dar lugar a la suspensi\u00f3n de todo apoyo financiero e institucional hasta tanto se proceda a la regularizaci\u00f3n del incumplimiento u otras sanciones previstas en la legislaci\u00f3n vigente.<\/p>\n\n\n\n<p><\/p>\n\n\n\n<p><strong>13. Disposiciones Generales<\/strong><br>La participaci\u00f3n en la convocatoria implica la aceptaci\u00f3n plena de las presentes Bases y Condiciones. El IAAVIM se reserva el derecho de modificar, suspender o cancelar la convocatoria por razones fundadas.<\/p>\n\n\n\n<div style=\"height:50px\" aria-hidden=\"true\" class=\"wp-block-spacer\"><\/div>\n\n\n\n<div class=\"wp-block-buttons alignwide is-content-justification-center is-layout-flex wp-container-core-buttons-is-layout-16018d1d wp-block-buttons-is-layout-flex\">\n<div class=\"wp-block-button is-style-outline is-style-outline--1\"><a class=\"wp-block-button__link has-black-color has-white-background-color has-text-color has-background has-link-color wp-element-button\" href=\"https:\/\/docs.google.com\/forms\/d\/e\/1FAIpQLSeyIDxoaiSr3exgW84N7E5HgoKVHe2cMO01Amo_Rgq1I78Xmg\/viewform\" style=\"border-radius:16px\">FORMULARIO DE INSCRIPCI\u00d3N<\/a><\/div>\n<\/div>\n\n\n\n<div style=\"height:163px\" aria-hidden=\"true\" class=\"wp-block-spacer\"><\/div>\n","protected":false},"excerpt":{"rendered":"<p>El Instituto de Artes Audiovisuales de Misiones (IAAviM) convoca a organizadores de festivales, muestras y ciclos audiovisuales de la provincia a inscribirse en el Registro 2026, una herramienta que permite acceder a apoyo econ\u00f3mico e institucional para la realizaci\u00f3n, promoci\u00f3n y difusi\u00f3n de estos espacios de exhibici\u00f3n y encuentro con el p\u00fablico. La convocatoria est\u00e1 &hellip;<\/p>\n","protected":false},"author":2,"featured_media":15989,"comment_status":"closed","ping_status":"open","sticky":false,"template":"","format":"standard","meta":{"_acf_changed":false,"footnotes":""},"categories":[9],"tags":[1651,73,384,108,877,565],"class_list":["post-15988","post","type-post","status-publish","format-standard","has-post-thumbnail","hentry","category-convocatorias","tag-ciclos","tag-convocatoria","tag-festivales","tag-iaavim","tag-muestras","tag-portada"],"acf":[],"yoast_head":"<!-- This site is optimized with the Yoast SEO plugin v27.4 - https:\/\/yoast.com\/product\/yoast-seo-wordpress\/ -->\n<title>Convocatoria abierta -<\/title>\n<meta name=\"robots\" content=\"index, follow, max-snippet:-1, max-image-preview:large, max-video-preview:-1\" \/>\n<link rel=\"canonical\" href=\"https:\/\/www.iaavim.gob.ar\/?p=15988\" \/>\n<meta property=\"og:locale\" content=\"es_ES\" \/>\n<meta property=\"og:type\" content=\"article\" \/>\n<meta property=\"og:title\" content=\"Convocatoria abierta -\" \/>\n<meta property=\"og:description\" content=\"El Instituto de Artes Audiovisuales de Misiones (IAAviM) convoca a organizadores de festivales, muestras y ciclos audiovisuales de la provincia a inscribirse en el Registro 2026, una herramienta que permite acceder a apoyo econ\u00f3mico e institucional para la realizaci\u00f3n, promoci\u00f3n y difusi\u00f3n de estos espacios de exhibici\u00f3n y encuentro con el p\u00fablico. La convocatoria est\u00e1 &hellip;\" \/>\n<meta property=\"og:url\" content=\"https:\/\/www.iaavim.gob.ar\/?p=15988\" \/>\n<meta property=\"article:published_time\" content=\"2026-03-13T14:33:06+00:00\" \/>\n<meta property=\"article:modified_time\" content=\"2026-03-16T15:39:09+00:00\" \/>\n<meta property=\"og:image\" content=\"https:\/\/www.iaavim.gob.ar\/wp-content\/uploads\/2026\/03\/banner-convocatoria-muestras2-100.jpg\" \/>\n\t<meta property=\"og:image:width\" content=\"1201\" \/>\n\t<meta property=\"og:image:height\" content=\"675\" \/>\n\t<meta property=\"og:image:type\" content=\"image\/jpeg\" \/>\n<meta name=\"author\" content=\"IAAviM\" \/>\n<meta name=\"twitter:card\" content=\"summary_large_image\" \/>\n<meta name=\"twitter:label1\" content=\"Escrito por\" \/>\n\t<meta name=\"twitter:data1\" content=\"IAAviM\" \/>\n\t<meta name=\"twitter:label2\" content=\"Tiempo de lectura\" \/>\n\t<meta name=\"twitter:data2\" content=\"5 minutos\" \/>\n<script type=\"application\/ld+json\" class=\"yoast-schema-graph\">{\"@context\":\"https:\\\/\\\/schema.org\",\"@graph\":[{\"@type\":\"Article\",\"@id\":\"https:\\\/\\\/www.iaavim.gob.ar\\\/?p=15988#article\",\"isPartOf\":{\"@id\":\"https:\\\/\\\/www.iaavim.gob.ar\\\/?p=15988\"},\"author\":{\"name\":\"IAAviM\",\"@id\":\"\\\/#\\\/schema\\\/person\\\/affb351a86bbbb5cdff3011db06ccf85\"},\"headline\":\"Convocatoria abierta\",\"datePublished\":\"2026-03-13T14:33:06+00:00\",\"dateModified\":\"2026-03-16T15:39:09+00:00\",\"mainEntityOfPage\":{\"@id\":\"https:\\\/\\\/www.iaavim.gob.ar\\\/?p=15988\"},\"wordCount\":1082,\"publisher\":{\"@id\":\"\\\/#organization\"},\"image\":{\"@id\":\"https:\\\/\\\/www.iaavim.gob.ar\\\/?p=15988#primaryimage\"},\"thumbnailUrl\":\"https:\\\/\\\/www.iaavim.gob.ar\\\/wp-content\\\/uploads\\\/2026\\\/03\\\/banner-convocatoria-muestras2-100.jpg\",\"keywords\":[\"ciclos\",\"convocatoria\",\"festivales\",\"IAAviM\",\"muestras\",\"portada\"],\"articleSection\":[\"Convocatorias\"],\"inLanguage\":\"es-AR\"},{\"@type\":\"WebPage\",\"@id\":\"https:\\\/\\\/www.iaavim.gob.ar\\\/?p=15988\",\"url\":\"https:\\\/\\\/www.iaavim.gob.ar\\\/?p=15988\",\"name\":\"Convocatoria abierta -\",\"isPartOf\":{\"@id\":\"\\\/#website\"},\"primaryImageOfPage\":{\"@id\":\"https:\\\/\\\/www.iaavim.gob.ar\\\/?p=15988#primaryimage\"},\"image\":{\"@id\":\"https:\\\/\\\/www.iaavim.gob.ar\\\/?p=15988#primaryimage\"},\"thumbnailUrl\":\"https:\\\/\\\/www.iaavim.gob.ar\\\/wp-content\\\/uploads\\\/2026\\\/03\\\/banner-convocatoria-muestras2-100.jpg\",\"datePublished\":\"2026-03-13T14:33:06+00:00\",\"dateModified\":\"2026-03-16T15:39:09+00:00\",\"breadcrumb\":{\"@id\":\"https:\\\/\\\/www.iaavim.gob.ar\\\/?p=15988#breadcrumb\"},\"inLanguage\":\"es-AR\",\"potentialAction\":[{\"@type\":\"ReadAction\",\"target\":[\"https:\\\/\\\/www.iaavim.gob.ar\\\/?p=15988\"]}]},{\"@type\":\"ImageObject\",\"inLanguage\":\"es-AR\",\"@id\":\"https:\\\/\\\/www.iaavim.gob.ar\\\/?p=15988#primaryimage\",\"url\":\"https:\\\/\\\/www.iaavim.gob.ar\\\/wp-content\\\/uploads\\\/2026\\\/03\\\/banner-convocatoria-muestras2-100.jpg\",\"contentUrl\":\"https:\\\/\\\/www.iaavim.gob.ar\\\/wp-content\\\/uploads\\\/2026\\\/03\\\/banner-convocatoria-muestras2-100.jpg\",\"width\":1201,\"height\":675},{\"@type\":\"BreadcrumbList\",\"@id\":\"https:\\\/\\\/www.iaavim.gob.ar\\\/?p=15988#breadcrumb\",\"itemListElement\":[{\"@type\":\"ListItem\",\"position\":1,\"name\":\"Inicio\",\"item\":\"https:\\\/\\\/www.iaavim.gob.ar\\\/\"},{\"@type\":\"ListItem\",\"position\":2,\"name\":\"Convocatoria abierta\"}]},{\"@type\":\"WebSite\",\"@id\":\"\\\/#website\",\"url\":\"\\\/\",\"name\":\"\",\"description\":\"Sitio oficial del IAAviM\",\"publisher\":{\"@id\":\"\\\/#organization\"},\"potentialAction\":[{\"@type\":\"SearchAction\",\"target\":{\"@type\":\"EntryPoint\",\"urlTemplate\":\"\\\/?s={search_term_string}\"},\"query-input\":{\"@type\":\"PropertyValueSpecification\",\"valueRequired\":true,\"valueName\":\"search_term_string\"}}],\"inLanguage\":\"es-AR\"},{\"@type\":\"Organization\",\"@id\":\"\\\/#organization\",\"name\":\"Instituto de Artes Audiovisuales de Misiones\",\"url\":\"\\\/\",\"logo\":{\"@type\":\"ImageObject\",\"inLanguage\":\"es-AR\",\"@id\":\"\\\/#\\\/schema\\\/logo\\\/image\\\/\",\"url\":\"https:\\\/\\\/iaavim.misiones.gob.ar\\\/wp-content\\\/uploads\\\/2021\\\/07\\\/logo-iaavim-preview.png.jpg\",\"contentUrl\":\"https:\\\/\\\/iaavim.misiones.gob.ar\\\/wp-content\\\/uploads\\\/2021\\\/07\\\/logo-iaavim-preview.png.jpg\",\"width\":1200,\"height\":675,\"caption\":\"Instituto de Artes Audiovisuales de Misiones\"},\"image\":{\"@id\":\"\\\/#\\\/schema\\\/logo\\\/image\\\/\"}},{\"@type\":\"Person\",\"@id\":\"\\\/#\\\/schema\\\/person\\\/affb351a86bbbb5cdff3011db06ccf85\",\"name\":\"IAAviM\",\"image\":{\"@type\":\"ImageObject\",\"inLanguage\":\"es-AR\",\"@id\":\"https:\\\/\\\/secure.gravatar.com\\\/avatar\\\/6a023e5ff426a571199af5d6ff7996bd89e8be946af83dc1c2624ad66151ed39?s=96&d=blank&r=g\",\"url\":\"https:\\\/\\\/secure.gravatar.com\\\/avatar\\\/6a023e5ff426a571199af5d6ff7996bd89e8be946af83dc1c2624ad66151ed39?s=96&d=blank&r=g\",\"contentUrl\":\"https:\\\/\\\/secure.gravatar.com\\\/avatar\\\/6a023e5ff426a571199af5d6ff7996bd89e8be946af83dc1c2624ad66151ed39?s=96&d=blank&r=g\",\"caption\":\"IAAviM\"},\"url\":\"https:\\\/\\\/www.iaavim.gob.ar\\\/?author=2\"}]}<\/script>\n<!-- \/ Yoast SEO plugin. -->","yoast_head_json":{"title":"Convocatoria abierta -","robots":{"index":"index","follow":"follow","max-snippet":"max-snippet:-1","max-image-preview":"max-image-preview:large","max-video-preview":"max-video-preview:-1"},"canonical":"https:\/\/www.iaavim.gob.ar\/?p=15988","og_locale":"es_ES","og_type":"article","og_title":"Convocatoria abierta -","og_description":"El Instituto de Artes Audiovisuales de Misiones (IAAviM) convoca a organizadores de festivales, muestras y ciclos audiovisuales de la provincia a inscribirse en el Registro 2026, una herramienta que permite acceder a apoyo econ\u00f3mico e institucional para la realizaci\u00f3n, promoci\u00f3n y difusi\u00f3n de estos espacios de exhibici\u00f3n y encuentro con el p\u00fablico. La convocatoria est\u00e1 &hellip;","og_url":"https:\/\/www.iaavim.gob.ar\/?p=15988","article_published_time":"2026-03-13T14:33:06+00:00","article_modified_time":"2026-03-16T15:39:09+00:00","og_image":[{"width":1201,"height":675,"url":"https:\/\/www.iaavim.gob.ar\/wp-content\/uploads\/2026\/03\/banner-convocatoria-muestras2-100.jpg","type":"image\/jpeg"}],"author":"IAAviM","twitter_card":"summary_large_image","twitter_misc":{"Escrito por":"IAAviM","Tiempo de lectura":"5 minutos"},"schema":{"@context":"https:\/\/schema.org","@graph":[{"@type":"Article","@id":"https:\/\/www.iaavim.gob.ar\/?p=15988#article","isPartOf":{"@id":"https:\/\/www.iaavim.gob.ar\/?p=15988"},"author":{"name":"IAAviM","@id":"\/#\/schema\/person\/affb351a86bbbb5cdff3011db06ccf85"},"headline":"Convocatoria abierta","datePublished":"2026-03-13T14:33:06+00:00","dateModified":"2026-03-16T15:39:09+00:00","mainEntityOfPage":{"@id":"https:\/\/www.iaavim.gob.ar\/?p=15988"},"wordCount":1082,"publisher":{"@id":"\/#organization"},"image":{"@id":"https:\/\/www.iaavim.gob.ar\/?p=15988#primaryimage"},"thumbnailUrl":"https:\/\/www.iaavim.gob.ar\/wp-content\/uploads\/2026\/03\/banner-convocatoria-muestras2-100.jpg","keywords":["ciclos","convocatoria","festivales","IAAviM","muestras","portada"],"articleSection":["Convocatorias"],"inLanguage":"es-AR"},{"@type":"WebPage","@id":"https:\/\/www.iaavim.gob.ar\/?p=15988","url":"https:\/\/www.iaavim.gob.ar\/?p=15988","name":"Convocatoria abierta -","isPartOf":{"@id":"\/#website"},"primaryImageOfPage":{"@id":"https:\/\/www.iaavim.gob.ar\/?p=15988#primaryimage"},"image":{"@id":"https:\/\/www.iaavim.gob.ar\/?p=15988#primaryimage"},"thumbnailUrl":"https:\/\/www.iaavim.gob.ar\/wp-content\/uploads\/2026\/03\/banner-convocatoria-muestras2-100.jpg","datePublished":"2026-03-13T14:33:06+00:00","dateModified":"2026-03-16T15:39:09+00:00","breadcrumb":{"@id":"https:\/\/www.iaavim.gob.ar\/?p=15988#breadcrumb"},"inLanguage":"es-AR","potentialAction":[{"@type":"ReadAction","target":["https:\/\/www.iaavim.gob.ar\/?p=15988"]}]},{"@type":"ImageObject","inLanguage":"es-AR","@id":"https:\/\/www.iaavim.gob.ar\/?p=15988#primaryimage","url":"https:\/\/www.iaavim.gob.ar\/wp-content\/uploads\/2026\/03\/banner-convocatoria-muestras2-100.jpg","contentUrl":"https:\/\/www.iaavim.gob.ar\/wp-content\/uploads\/2026\/03\/banner-convocatoria-muestras2-100.jpg","width":1201,"height":675},{"@type":"BreadcrumbList","@id":"https:\/\/www.iaavim.gob.ar\/?p=15988#breadcrumb","itemListElement":[{"@type":"ListItem","position":1,"name":"Inicio","item":"https:\/\/www.iaavim.gob.ar\/"},{"@type":"ListItem","position":2,"name":"Convocatoria abierta"}]},{"@type":"WebSite","@id":"\/#website","url":"\/","name":"","description":"Sitio oficial del IAAviM","publisher":{"@id":"\/#organization"},"potentialAction":[{"@type":"SearchAction","target":{"@type":"EntryPoint","urlTemplate":"\/?s={search_term_string}"},"query-input":{"@type":"PropertyValueSpecification","valueRequired":true,"valueName":"search_term_string"}}],"inLanguage":"es-AR"},{"@type":"Organization","@id":"\/#organization","name":"Instituto de Artes Audiovisuales de Misiones","url":"\/","logo":{"@type":"ImageObject","inLanguage":"es-AR","@id":"\/#\/schema\/logo\/image\/","url":"https:\/\/iaavim.misiones.gob.ar\/wp-content\/uploads\/2021\/07\/logo-iaavim-preview.png.jpg","contentUrl":"https:\/\/iaavim.misiones.gob.ar\/wp-content\/uploads\/2021\/07\/logo-iaavim-preview.png.jpg","width":1200,"height":675,"caption":"Instituto de Artes Audiovisuales de Misiones"},"image":{"@id":"\/#\/schema\/logo\/image\/"}},{"@type":"Person","@id":"\/#\/schema\/person\/affb351a86bbbb5cdff3011db06ccf85","name":"IAAviM","image":{"@type":"ImageObject","inLanguage":"es-AR","@id":"https:\/\/secure.gravatar.com\/avatar\/6a023e5ff426a571199af5d6ff7996bd89e8be946af83dc1c2624ad66151ed39?s=96&d=blank&r=g","url":"https:\/\/secure.gravatar.com\/avatar\/6a023e5ff426a571199af5d6ff7996bd89e8be946af83dc1c2624ad66151ed39?s=96&d=blank&r=g","contentUrl":"https:\/\/secure.gravatar.com\/avatar\/6a023e5ff426a571199af5d6ff7996bd89e8be946af83dc1c2624ad66151ed39?s=96&d=blank&r=g","caption":"IAAviM"},"url":"https:\/\/www.iaavim.gob.ar\/?author=2"}]}},"amp_enabled":true,"_links":{"self":[{"href":"https:\/\/www.iaavim.gob.ar\/index.php?rest_route=\/wp\/v2\/posts\/15988","targetHints":{"allow":["GET"]}}],"collection":[{"href":"https:\/\/www.iaavim.gob.ar\/index.php?rest_route=\/wp\/v2\/posts"}],"about":[{"href":"https:\/\/www.iaavim.gob.ar\/index.php?rest_route=\/wp\/v2\/types\/post"}],"author":[{"embeddable":true,"href":"https:\/\/www.iaavim.gob.ar\/index.php?rest_route=\/wp\/v2\/users\/2"}],"replies":[{"embeddable":true,"href":"https:\/\/www.iaavim.gob.ar\/index.php?rest_route=%2Fwp%2Fv2%2Fcomments&post=15988"}],"version-history":[{"count":5,"href":"https:\/\/www.iaavim.gob.ar\/index.php?rest_route=\/wp\/v2\/posts\/15988\/revisions"}],"predecessor-version":[{"id":15999,"href":"https:\/\/www.iaavim.gob.ar\/index.php?rest_route=\/wp\/v2\/posts\/15988\/revisions\/15999"}],"wp:featuredmedia":[{"embeddable":true,"href":"https:\/\/www.iaavim.gob.ar\/index.php?rest_route=\/wp\/v2\/media\/15989"}],"wp:attachment":[{"href":"https:\/\/www.iaavim.gob.ar\/index.php?rest_route=%2Fwp%2Fv2%2Fmedia&parent=15988"}],"wp:term":[{"taxonomy":"category","embeddable":true,"href":"https:\/\/www.iaavim.gob.ar\/index.php?rest_route=%2Fwp%2Fv2%2Fcategories&post=15988"},{"taxonomy":"post_tag","embeddable":true,"href":"https:\/\/www.iaavim.gob.ar\/index.php?rest_route=%2Fwp%2Fv2%2Ftags&post=15988"}],"curies":[{"name":"wp","href":"https:\/\/api.w.org\/{rel}","templated":true}]}}