{"id":15813,"date":"2025-12-11T09:51:28","date_gmt":"2025-12-11T12:51:28","guid":{"rendered":"https:\/\/www.iaavim.gob.ar\/?p=15813"},"modified":"2025-12-11T09:53:24","modified_gmt":"2025-12-11T12:53:24","slug":"gleyzer-2025-perros-salvajes-se-queda-con-la-region-nea","status":"publish","type":"post","link":"https:\/\/www.iaavim.gob.ar\/?p=15813","title":{"rendered":"Gleyzer 2025: \u201cPerros Salvajes\u201d se queda con la Regi\u00f3n NEA"},"content":{"rendered":"\n<p><strong>\u201cPerros Salvajes\u201d<\/strong>, proyecto de largometraje de la productora misionera&nbsp;<strong>Punio Cine<\/strong>, fue seleccionado como&nbsp;<strong>ganador por la Regi\u00f3n NEA en el 14\u00b0 Concurso Federal de Desarrollo de Proyectos de Largometraje Raymundo Gleyzer<\/strong>, organizado por el INCAA. El proyecto se convirti\u00f3 en el \u00fanico representante de&nbsp;<strong>Misiones<\/strong>&nbsp;distinguido en esta edici\u00f3n del certamen, uno de los m\u00e1s relevantes del pa\u00eds en materia de desarrollo cinematogr\u00e1fico.<\/p>\n\n\n\n<p>El largometraje, dirigido y escrito por<strong>&nbsp;Mart\u00edn Servente<\/strong>, con producci\u00f3n de&nbsp;<strong>Lorena Wik<\/strong>&nbsp;y coguion de&nbsp;<strong>Carolina Gularte<\/strong>, atraves\u00f3 un proceso extenso que incluy\u00f3 una preselecci\u00f3n nacional, tutor\u00edas en las \u00e1reas de producci\u00f3n, direcci\u00f3n y guion, distintas instancias de evaluaci\u00f3n desarrolladas entre marzo y agosto de 2025 y un pitch final presencial realizado en la sede de la ENERC (Ciudad de Buenos Aires).<\/p>\n\n\n\n<p>\u201cPerros Salvajes\u201d combina&nbsp;<strong>drama y elementos del thriller social<\/strong>, con una mirada cercana a las din\u00e1micas de los trabajadores de la yerba mate y las tensiones que atraviesan sus vidas. La historia sigue a Juli\u00e1n, un joven cosechero atrapado en luchas clandestinas organizadas por su patr\u00f3n, hasta la llegada de su hermano mayor, Bruno, decidido a sacarlo de ese circuito violento.<\/p>\n\n\n\n<p>La selecci\u00f3n en el Gleyzer no solo aporta visibilidad a una historia que nace desde Misiones, sino que tambi\u00e9n respalda un trabajo de investigaci\u00f3n y desarrollo que lleva tiempo gest\u00e1ndose. El proyecto cuenta, adem\u00e1s, con apoyo del&nbsp;<strong>Instituto de Artes Audiovisuales de Misiones<\/strong>&nbsp;(IAAviM) a trav\u00e9s de la l\u00ednea de Ventanilla Continua, destinada a fortalecer producciones con equipos mayoritariamente misioneros.<\/p>\n\n\n\n<div class=\"wp-block-media-text is-stacked-on-mobile\" style=\"grid-template-columns:25% auto\"><figure class=\"wp-block-media-text__media\"><img loading=\"lazy\" decoding=\"async\" width=\"212\" height=\"300\" src=\"https:\/\/www.iaavim.gob.ar\/wp-content\/uploads\/2025\/12\/WhatsApp-Image-2025-12-09-at-19.42.12-212x300.jpeg\" alt=\"\" class=\"wp-image-15814 size-full\" srcset=\"https:\/\/www.iaavim.gob.ar\/wp-content\/uploads\/2025\/12\/WhatsApp-Image-2025-12-09-at-19.42.12-212x300.jpeg 212w, https:\/\/www.iaavim.gob.ar\/wp-content\/uploads\/2025\/12\/WhatsApp-Image-2025-12-09-at-19.42.12-724x1024.jpeg 724w, https:\/\/www.iaavim.gob.ar\/wp-content\/uploads\/2025\/12\/WhatsApp-Image-2025-12-09-at-19.42.12-768x1086.jpeg 768w, https:\/\/www.iaavim.gob.ar\/wp-content\/uploads\/2025\/12\/WhatsApp-Image-2025-12-09-at-19.42.12.jpeg 993w\" sizes=\"auto, (max-width: 212px) 100vw, 212px\" \/><\/figure><div class=\"wp-block-media-text__content\">\n<p>Esta distinci\u00f3n se suma a un a\u00f1o de fuerte actividad para&nbsp;<strong>Punio Cine<\/strong>, que contin\u00faa consolidando su presencia en la regi\u00f3n y en \u00e1mbitos profesionales nacionales e internacionales. En 2025, la productora recibi\u00f3 el&nbsp;<strong>Premio Arand\u00fa<\/strong>&nbsp;por la obra \u201cBatallas Freestyle\u201d; particip\u00f3 en&nbsp;<strong>Ventana Sur&nbsp;<\/strong>con el proyecto \u201cAguas del Paran\u00e1\u201d, seleccionado por el&nbsp;<strong>programa de fortalecimiento de coproducciones Mercosur-RECAM<\/strong>; y obtuvo un nuevo reconocimiento con \u201cLa extranjera\u201d, ganador de la&nbsp;<strong>Convocatoria Internacional Entre Fronteras<\/strong>&nbsp;(IAAviM &#8211; INAP &#8211; Fondec).<\/p>\n<\/div><\/div>\n\n\n\n<p><\/p>\n\n\n\n<p>La selecci\u00f3n de \u201cPerros Salvajes\u201d en el Concurso Raymundo Gleyzer reafirma la vocaci\u00f3n de la productora de desarrollar cine desde Misiones con proyecci\u00f3n federal, consolidando un trabajo sostenido en el \u00e1mbito audiovisual.&nbsp;<\/p>\n\n\n\n<div style=\"height:100px\" aria-hidden=\"true\" class=\"wp-block-spacer\"><\/div>\n\n\n\n<p><\/p>\n","protected":false},"excerpt":{"rendered":"<p>\u201cPerros Salvajes\u201d, proyecto de largometraje de la productora misionera&nbsp;Punio Cine, fue seleccionado como&nbsp;ganador por la Regi\u00f3n NEA en el 14\u00b0 Concurso Federal de Desarrollo de Proyectos de Largometraje Raymundo Gleyzer, organizado por el INCAA. El proyecto se convirti\u00f3 en el \u00fanico representante de&nbsp;Misiones&nbsp;distinguido en esta edici\u00f3n del certamen, uno de los m\u00e1s relevantes del pa\u00eds &hellip;<\/p>\n","protected":false},"author":1,"featured_media":15815,"comment_status":"closed","ping_status":"open","sticky":false,"template":"","format":"standard","meta":{"_acf_changed":false,"footnotes":""},"categories":[39],"tags":[593,1133,1556,324,1641,1642,1446],"class_list":["post-15813","post","type-post","status-publish","format-standard","has-post-thumbnail","hentry","category-noticias-del-iaavim","tag-concurso-federal-de-desarrollo-de-largometrajes-raymundo-gleyzer","tag-gleyzer","tag-lorena-wik","tag-martin-servente","tag-perros-salvajes","tag-premio-arandu","tag-punio-cine"],"acf":[],"yoast_head":"<!-- This site is optimized with the Yoast SEO plugin v27.4 - https:\/\/yoast.com\/product\/yoast-seo-wordpress\/ -->\n<title>Gleyzer 2025: \u201cPerros Salvajes\u201d se queda con la Regi\u00f3n NEA - IAAviM<\/title>\n<meta name=\"description\" content=\"&quot;Perros salvajes&quot; de Punio Cine se convirti\u00f3 en el \u00fanico proyecto representante de Misiones distinguido en esta edici\u00f3n del Gleyzer.\" \/>\n<meta name=\"robots\" content=\"index, follow, max-snippet:-1, max-image-preview:large, max-video-preview:-1\" \/>\n<link rel=\"canonical\" href=\"https:\/\/www.iaavim.gob.ar\/?p=15813\" \/>\n<meta property=\"og:locale\" content=\"es_ES\" \/>\n<meta property=\"og:type\" content=\"article\" \/>\n<meta property=\"og:title\" content=\"Gleyzer 2025: \u201cPerros Salvajes\u201d se queda con la Regi\u00f3n NEA - IAAviM\" \/>\n<meta property=\"og:description\" content=\"&quot;Perros salvajes&quot; de Punio Cine se convirti\u00f3 en el \u00fanico proyecto representante de Misiones distinguido en esta edici\u00f3n del Gleyzer.\" \/>\n<meta property=\"og:url\" content=\"https:\/\/www.iaavim.gob.ar\/?p=15813\" \/>\n<meta property=\"article:published_time\" content=\"2025-12-11T12:51:28+00:00\" \/>\n<meta property=\"article:modified_time\" content=\"2025-12-11T12:53:24+00:00\" \/>\n<meta property=\"og:image\" content=\"https:\/\/www.iaavim.gob.ar\/wp-content\/uploads\/2025\/12\/NEW-portada-sitio-1200x480-55.png\" \/>\n\t<meta property=\"og:image:width\" content=\"1200\" \/>\n\t<meta property=\"og:image:height\" content=\"480\" \/>\n\t<meta property=\"og:image:type\" content=\"image\/png\" \/>\n<meta name=\"author\" content=\"IAAviM\" \/>\n<meta name=\"twitter:card\" content=\"summary_large_image\" \/>\n<meta name=\"twitter:label1\" content=\"Escrito por\" \/>\n\t<meta name=\"twitter:data1\" content=\"IAAviM\" \/>\n\t<meta name=\"twitter:label2\" content=\"Tiempo de lectura\" \/>\n\t<meta name=\"twitter:data2\" content=\"3 minutos\" \/>\n<script type=\"application\/ld+json\" class=\"yoast-schema-graph\">{\"@context\":\"https:\\\/\\\/schema.org\",\"@graph\":[{\"@type\":\"Article\",\"@id\":\"https:\\\/\\\/www.iaavim.gob.ar\\\/?p=15813#article\",\"isPartOf\":{\"@id\":\"https:\\\/\\\/www.iaavim.gob.ar\\\/?p=15813\"},\"author\":{\"name\":\"IAAviM\",\"@id\":\"\\\/#\\\/schema\\\/person\\\/567fbb427319d0dae3bc6b33aba48a62\"},\"headline\":\"Gleyzer 2025: \u201cPerros Salvajes\u201d se queda con la Regi\u00f3n NEA\",\"datePublished\":\"2025-12-11T12:51:28+00:00\",\"dateModified\":\"2025-12-11T12:53:24+00:00\",\"mainEntityOfPage\":{\"@id\":\"https:\\\/\\\/www.iaavim.gob.ar\\\/?p=15813\"},\"wordCount\":416,\"publisher\":{\"@id\":\"\\\/#organization\"},\"image\":{\"@id\":\"https:\\\/\\\/www.iaavim.gob.ar\\\/?p=15813#primaryimage\"},\"thumbnailUrl\":\"https:\\\/\\\/www.iaavim.gob.ar\\\/wp-content\\\/uploads\\\/2025\\\/12\\\/NEW-portada-sitio-1200x480-55.png\",\"keywords\":[\"Concurso Federal de Desarrollo de Largometrajes Raymundo Gleyzer\",\"Gleyzer\",\"Lorena Wik\",\"Mart\u00edn Servente\",\"Perros Salvajes\",\"Premio Arand\u00fa\",\"Punio Cine\"],\"articleSection\":[\"Noticias del IAAviM\"],\"inLanguage\":\"es-AR\"},{\"@type\":\"WebPage\",\"@id\":\"https:\\\/\\\/www.iaavim.gob.ar\\\/?p=15813\",\"url\":\"https:\\\/\\\/www.iaavim.gob.ar\\\/?p=15813\",\"name\":\"Gleyzer 2025: \u201cPerros Salvajes\u201d se queda con la Regi\u00f3n NEA - IAAviM\",\"isPartOf\":{\"@id\":\"\\\/#website\"},\"primaryImageOfPage\":{\"@id\":\"https:\\\/\\\/www.iaavim.gob.ar\\\/?p=15813#primaryimage\"},\"image\":{\"@id\":\"https:\\\/\\\/www.iaavim.gob.ar\\\/?p=15813#primaryimage\"},\"thumbnailUrl\":\"https:\\\/\\\/www.iaavim.gob.ar\\\/wp-content\\\/uploads\\\/2025\\\/12\\\/NEW-portada-sitio-1200x480-55.png\",\"datePublished\":\"2025-12-11T12:51:28+00:00\",\"dateModified\":\"2025-12-11T12:53:24+00:00\",\"description\":\"\\\"Perros salvajes\\\" de Punio Cine se convirti\u00f3 en el \u00fanico proyecto representante de Misiones distinguido en esta edici\u00f3n del Gleyzer.\",\"breadcrumb\":{\"@id\":\"https:\\\/\\\/www.iaavim.gob.ar\\\/?p=15813#breadcrumb\"},\"inLanguage\":\"es-AR\",\"potentialAction\":[{\"@type\":\"ReadAction\",\"target\":[\"https:\\\/\\\/www.iaavim.gob.ar\\\/?p=15813\"]}]},{\"@type\":\"ImageObject\",\"inLanguage\":\"es-AR\",\"@id\":\"https:\\\/\\\/www.iaavim.gob.ar\\\/?p=15813#primaryimage\",\"url\":\"https:\\\/\\\/www.iaavim.gob.ar\\\/wp-content\\\/uploads\\\/2025\\\/12\\\/NEW-portada-sitio-1200x480-55.png\",\"contentUrl\":\"https:\\\/\\\/www.iaavim.gob.ar\\\/wp-content\\\/uploads\\\/2025\\\/12\\\/NEW-portada-sitio-1200x480-55.png\",\"width\":1200,\"height\":480},{\"@type\":\"BreadcrumbList\",\"@id\":\"https:\\\/\\\/www.iaavim.gob.ar\\\/?p=15813#breadcrumb\",\"itemListElement\":[{\"@type\":\"ListItem\",\"position\":1,\"name\":\"Inicio\",\"item\":\"https:\\\/\\\/www.iaavim.gob.ar\\\/\"},{\"@type\":\"ListItem\",\"position\":2,\"name\":\"Gleyzer 2025: \u201cPerros Salvajes\u201d se queda con la Regi\u00f3n NEA\"}]},{\"@type\":\"WebSite\",\"@id\":\"\\\/#website\",\"url\":\"\\\/\",\"name\":\"\",\"description\":\"Sitio oficial del IAAviM\",\"publisher\":{\"@id\":\"\\\/#organization\"},\"potentialAction\":[{\"@type\":\"SearchAction\",\"target\":{\"@type\":\"EntryPoint\",\"urlTemplate\":\"\\\/?s={search_term_string}\"},\"query-input\":{\"@type\":\"PropertyValueSpecification\",\"valueRequired\":true,\"valueName\":\"search_term_string\"}}],\"inLanguage\":\"es-AR\"},{\"@type\":\"Organization\",\"@id\":\"\\\/#organization\",\"name\":\"Instituto de Artes Audiovisuales de Misiones\",\"url\":\"\\\/\",\"logo\":{\"@type\":\"ImageObject\",\"inLanguage\":\"es-AR\",\"@id\":\"\\\/#\\\/schema\\\/logo\\\/image\\\/\",\"url\":\"https:\\\/\\\/iaavim.misiones.gob.ar\\\/wp-content\\\/uploads\\\/2021\\\/07\\\/logo-iaavim-preview.png.jpg\",\"contentUrl\":\"https:\\\/\\\/iaavim.misiones.gob.ar\\\/wp-content\\\/uploads\\\/2021\\\/07\\\/logo-iaavim-preview.png.jpg\",\"width\":1200,\"height\":675,\"caption\":\"Instituto de Artes Audiovisuales de Misiones\"},\"image\":{\"@id\":\"\\\/#\\\/schema\\\/logo\\\/image\\\/\"}},{\"@type\":\"Person\",\"@id\":\"\\\/#\\\/schema\\\/person\\\/567fbb427319d0dae3bc6b33aba48a62\",\"name\":\"IAAviM\",\"image\":{\"@type\":\"ImageObject\",\"inLanguage\":\"es-AR\",\"@id\":\"https:\\\/\\\/secure.gravatar.com\\\/avatar\\\/9802bb83cd8afc8d9eae1a570850fcaf194494ca73cbac30d506afe269460348?s=96&d=blank&r=g\",\"url\":\"https:\\\/\\\/secure.gravatar.com\\\/avatar\\\/9802bb83cd8afc8d9eae1a570850fcaf194494ca73cbac30d506afe269460348?s=96&d=blank&r=g\",\"contentUrl\":\"https:\\\/\\\/secure.gravatar.com\\\/avatar\\\/9802bb83cd8afc8d9eae1a570850fcaf194494ca73cbac30d506afe269460348?s=96&d=blank&r=g\",\"caption\":\"IAAviM\"},\"url\":\"https:\\\/\\\/www.iaavim.gob.ar\\\/?author=1\"}]}<\/script>\n<!-- \/ Yoast SEO plugin. -->","yoast_head_json":{"title":"Gleyzer 2025: \u201cPerros Salvajes\u201d se queda con la Regi\u00f3n NEA - IAAviM","description":"\"Perros salvajes\" de Punio Cine se convirti\u00f3 en el \u00fanico proyecto representante de Misiones distinguido en esta edici\u00f3n del Gleyzer.","robots":{"index":"index","follow":"follow","max-snippet":"max-snippet:-1","max-image-preview":"max-image-preview:large","max-video-preview":"max-video-preview:-1"},"canonical":"https:\/\/www.iaavim.gob.ar\/?p=15813","og_locale":"es_ES","og_type":"article","og_title":"Gleyzer 2025: \u201cPerros Salvajes\u201d se queda con la Regi\u00f3n NEA - IAAviM","og_description":"\"Perros salvajes\" de Punio Cine se convirti\u00f3 en el \u00fanico proyecto representante de Misiones distinguido en esta edici\u00f3n del Gleyzer.","og_url":"https:\/\/www.iaavim.gob.ar\/?p=15813","article_published_time":"2025-12-11T12:51:28+00:00","article_modified_time":"2025-12-11T12:53:24+00:00","og_image":[{"width":1200,"height":480,"url":"https:\/\/www.iaavim.gob.ar\/wp-content\/uploads\/2025\/12\/NEW-portada-sitio-1200x480-55.png","type":"image\/png"}],"author":"IAAviM","twitter_card":"summary_large_image","twitter_misc":{"Escrito por":"IAAviM","Tiempo de lectura":"3 minutos"},"schema":{"@context":"https:\/\/schema.org","@graph":[{"@type":"Article","@id":"https:\/\/www.iaavim.gob.ar\/?p=15813#article","isPartOf":{"@id":"https:\/\/www.iaavim.gob.ar\/?p=15813"},"author":{"name":"IAAviM","@id":"\/#\/schema\/person\/567fbb427319d0dae3bc6b33aba48a62"},"headline":"Gleyzer 2025: \u201cPerros Salvajes\u201d se queda con la Regi\u00f3n NEA","datePublished":"2025-12-11T12:51:28+00:00","dateModified":"2025-12-11T12:53:24+00:00","mainEntityOfPage":{"@id":"https:\/\/www.iaavim.gob.ar\/?p=15813"},"wordCount":416,"publisher":{"@id":"\/#organization"},"image":{"@id":"https:\/\/www.iaavim.gob.ar\/?p=15813#primaryimage"},"thumbnailUrl":"https:\/\/www.iaavim.gob.ar\/wp-content\/uploads\/2025\/12\/NEW-portada-sitio-1200x480-55.png","keywords":["Concurso Federal de Desarrollo de Largometrajes Raymundo Gleyzer","Gleyzer","Lorena Wik","Mart\u00edn Servente","Perros Salvajes","Premio Arand\u00fa","Punio Cine"],"articleSection":["Noticias del IAAviM"],"inLanguage":"es-AR"},{"@type":"WebPage","@id":"https:\/\/www.iaavim.gob.ar\/?p=15813","url":"https:\/\/www.iaavim.gob.ar\/?p=15813","name":"Gleyzer 2025: \u201cPerros Salvajes\u201d se queda con la Regi\u00f3n NEA - IAAviM","isPartOf":{"@id":"\/#website"},"primaryImageOfPage":{"@id":"https:\/\/www.iaavim.gob.ar\/?p=15813#primaryimage"},"image":{"@id":"https:\/\/www.iaavim.gob.ar\/?p=15813#primaryimage"},"thumbnailUrl":"https:\/\/www.iaavim.gob.ar\/wp-content\/uploads\/2025\/12\/NEW-portada-sitio-1200x480-55.png","datePublished":"2025-12-11T12:51:28+00:00","dateModified":"2025-12-11T12:53:24+00:00","description":"\"Perros salvajes\" de Punio Cine se convirti\u00f3 en el \u00fanico proyecto representante de Misiones distinguido en esta edici\u00f3n del Gleyzer.","breadcrumb":{"@id":"https:\/\/www.iaavim.gob.ar\/?p=15813#breadcrumb"},"inLanguage":"es-AR","potentialAction":[{"@type":"ReadAction","target":["https:\/\/www.iaavim.gob.ar\/?p=15813"]}]},{"@type":"ImageObject","inLanguage":"es-AR","@id":"https:\/\/www.iaavim.gob.ar\/?p=15813#primaryimage","url":"https:\/\/www.iaavim.gob.ar\/wp-content\/uploads\/2025\/12\/NEW-portada-sitio-1200x480-55.png","contentUrl":"https:\/\/www.iaavim.gob.ar\/wp-content\/uploads\/2025\/12\/NEW-portada-sitio-1200x480-55.png","width":1200,"height":480},{"@type":"BreadcrumbList","@id":"https:\/\/www.iaavim.gob.ar\/?p=15813#breadcrumb","itemListElement":[{"@type":"ListItem","position":1,"name":"Inicio","item":"https:\/\/www.iaavim.gob.ar\/"},{"@type":"ListItem","position":2,"name":"Gleyzer 2025: \u201cPerros Salvajes\u201d se queda con la Regi\u00f3n NEA"}]},{"@type":"WebSite","@id":"\/#website","url":"\/","name":"","description":"Sitio oficial del IAAviM","publisher":{"@id":"\/#organization"},"potentialAction":[{"@type":"SearchAction","target":{"@type":"EntryPoint","urlTemplate":"\/?s={search_term_string}"},"query-input":{"@type":"PropertyValueSpecification","valueRequired":true,"valueName":"search_term_string"}}],"inLanguage":"es-AR"},{"@type":"Organization","@id":"\/#organization","name":"Instituto de Artes Audiovisuales de Misiones","url":"\/","logo":{"@type":"ImageObject","inLanguage":"es-AR","@id":"\/#\/schema\/logo\/image\/","url":"https:\/\/iaavim.misiones.gob.ar\/wp-content\/uploads\/2021\/07\/logo-iaavim-preview.png.jpg","contentUrl":"https:\/\/iaavim.misiones.gob.ar\/wp-content\/uploads\/2021\/07\/logo-iaavim-preview.png.jpg","width":1200,"height":675,"caption":"Instituto de Artes Audiovisuales de Misiones"},"image":{"@id":"\/#\/schema\/logo\/image\/"}},{"@type":"Person","@id":"\/#\/schema\/person\/567fbb427319d0dae3bc6b33aba48a62","name":"IAAviM","image":{"@type":"ImageObject","inLanguage":"es-AR","@id":"https:\/\/secure.gravatar.com\/avatar\/9802bb83cd8afc8d9eae1a570850fcaf194494ca73cbac30d506afe269460348?s=96&d=blank&r=g","url":"https:\/\/secure.gravatar.com\/avatar\/9802bb83cd8afc8d9eae1a570850fcaf194494ca73cbac30d506afe269460348?s=96&d=blank&r=g","contentUrl":"https:\/\/secure.gravatar.com\/avatar\/9802bb83cd8afc8d9eae1a570850fcaf194494ca73cbac30d506afe269460348?s=96&d=blank&r=g","caption":"IAAviM"},"url":"https:\/\/www.iaavim.gob.ar\/?author=1"}]}},"amp_enabled":true,"_links":{"self":[{"href":"https:\/\/www.iaavim.gob.ar\/index.php?rest_route=\/wp\/v2\/posts\/15813","targetHints":{"allow":["GET"]}}],"collection":[{"href":"https:\/\/www.iaavim.gob.ar\/index.php?rest_route=\/wp\/v2\/posts"}],"about":[{"href":"https:\/\/www.iaavim.gob.ar\/index.php?rest_route=\/wp\/v2\/types\/post"}],"author":[{"embeddable":true,"href":"https:\/\/www.iaavim.gob.ar\/index.php?rest_route=\/wp\/v2\/users\/1"}],"replies":[{"embeddable":true,"href":"https:\/\/www.iaavim.gob.ar\/index.php?rest_route=%2Fwp%2Fv2%2Fcomments&post=15813"}],"version-history":[{"count":3,"href":"https:\/\/www.iaavim.gob.ar\/index.php?rest_route=\/wp\/v2\/posts\/15813\/revisions"}],"predecessor-version":[{"id":15820,"href":"https:\/\/www.iaavim.gob.ar\/index.php?rest_route=\/wp\/v2\/posts\/15813\/revisions\/15820"}],"wp:featuredmedia":[{"embeddable":true,"href":"https:\/\/www.iaavim.gob.ar\/index.php?rest_route=\/wp\/v2\/media\/15815"}],"wp:attachment":[{"href":"https:\/\/www.iaavim.gob.ar\/index.php?rest_route=%2Fwp%2Fv2%2Fmedia&parent=15813"}],"wp:term":[{"taxonomy":"category","embeddable":true,"href":"https:\/\/www.iaavim.gob.ar\/index.php?rest_route=%2Fwp%2Fv2%2Fcategories&post=15813"},{"taxonomy":"post_tag","embeddable":true,"href":"https:\/\/www.iaavim.gob.ar\/index.php?rest_route=%2Fwp%2Fv2%2Ftags&post=15813"}],"curies":[{"name":"wp","href":"https:\/\/api.w.org\/{rel}","templated":true}]}}