{"id":15787,"date":"2025-12-09T19:26:32","date_gmt":"2025-12-09T22:26:32","guid":{"rendered":"https:\/\/www.iaavim.gob.ar\/?p=15787"},"modified":"2025-12-09T19:48:46","modified_gmt":"2025-12-09T22:48:46","slug":"misiones-consolido-su-modelo-participativo-en-el-ix-foro","status":"publish","type":"post","link":"https:\/\/www.iaavim.gob.ar\/?p=15787","title":{"rendered":"Misiones consolid\u00f3 su modelo participativo en el IX Foro"},"content":{"rendered":"\n<p>El<strong> IX Foro Consultivo de Pol\u00edticas P\u00fablicas Audiovisuales de Misiones<\/strong> reuni\u00f3 este s\u00e1bado a un centenar de representantes de los cuatro distritos audiovisuales, trabajadores y trabajadoras del sector, cineclubistas, estudiantes, docentes, gestores culturales e integrantes del equipo operativo del <strong>Instituto de Artes Audiovisuales de Misiones<\/strong> (<strong>IAAviM<\/strong>). Realizado en la sede de Silicon, el encuentro se consolid\u00f3 una vez m\u00e1s como el principal espacio de diagn\u00f3stico y planificaci\u00f3n participativa del audiovisual misionero, una pr\u00e1ctica sostenida por m\u00e1s de una d\u00e9cada que permite que las pol\u00edticas p\u00fablicas se elaboren en di\u00e1logo directo con quienes producen, exhiben, ense\u00f1an y gestionan cine y contenidos en toda la provincia.<\/p>\n\n\n\n<p>La apertura estuvo marcada por las palabras del presidente del IAAviM, <strong>Sergio Acosta<\/strong>, quien celebr\u00f3 la convocatoria al destacar que <em>\u201ces una alegr\u00eda muy grande que el sector se pueda juntar a discutir la pol\u00edtica p\u00fablica que est\u00e1 llevando adelante la Provincia, que pueda opinar, que pueda dar sugerencias, que haga un diagn\u00f3stico de lo que est\u00e1 pasando y hacia d\u00f3nde queremos ir los pr\u00f3ximos dos a\u00f1os. De esa forma el Foro garantiza la participaci\u00f3n de los productores, de los creadores, que son el objetivo de la creaci\u00f3n del Instituto\u201d<\/em>.<\/p>\n\n\n\n<p>A su vez, el secretario de Estado de Cultura de Misiones, <strong>Joselo Schuap<\/strong>, subray\u00f3 el valor del proceso colectivo que se sostiene desde hace m\u00e1s de una d\u00e9cada, afirmando que <em>\u201ca modo de contenci\u00f3n somos el faro de muchas otras provincias\u2026 No todos los sectores de la industria de la cultura de Misiones tienen esto que ustedes tienen; siempre lo dije: es el sector que m\u00e1s debate, el sector que m\u00e1s se planta, pero tambi\u00e9n es el que m\u00e1s crece por eso, as\u00ed que vengo a felicitar y agradecerles por este Foro, que no solamente por cumplir la ley lo siguen haciendo\u201d<\/em>.<\/p>\n\n\n\n<p>Desde el inicio, el ambiente estuvo marcado por la escucha activa y el intercambio. <strong>Benjam\u00edn Correa<\/strong>, consejero por el Distrito Audiovisual Uruguay, destac\u00f3 que el Foro <em>\u201ces una de las instancias m\u00e1s importantes para todo el sector audiovisual de la provincia\u201d<\/em>, ya que all\u00ed se definen y debaten los temas centrales de cada per\u00edodo. Valor\u00f3 especialmente que el espacio <em>\u201cgarantiza el sistema democr\u00e1tico de participaci\u00f3n colectiva del sector\u201d<\/em> y subray\u00f3 el crecimiento del encuentro a lo largo de los a\u00f1os, celebrando la presencia de<em> \u201cnuevos rostros, un sector emergente, estudiantes y gente reci\u00e9n recibida que est\u00e1n comprometi\u00e9ndose con la creaci\u00f3n de pol\u00edticas p\u00fablicas\u201d.<\/em><\/p>\n\n\n\n<p>En esta edici\u00f3n, los debates se organizaron en torno a cuatro mesas de trabajo: gesti\u00f3n territorial y reglamento del Consejo Directivo; crisis de participaci\u00f3n en convocatorias y fomento; circuitos de exhibici\u00f3n -incluyendo cineclubes, salas y festivales-; y formaci\u00f3n e investigaci\u00f3n. Los participantes intercambiaron diagn\u00f3sticos, experiencias y propuestas para fortalecer cada \u00e1rea, con el objetivo de aportar insumos concretos para la planificaci\u00f3n institucional.<\/p>\n\n\n\n<p><\/p>\n\n\n\n<figure class=\"wp-block-gallery has-nested-images columns-default is-cropped wp-block-gallery-1 is-layout-flex wp-block-gallery-is-layout-flex\">\n<figure class=\"wp-block-image size-large\"><img loading=\"lazy\" decoding=\"async\" width=\"1024\" height=\"577\" data-id=\"15793\" src=\"https:\/\/www.iaavim.gob.ar\/wp-content\/uploads\/2025\/12\/20251206_115432-1024x577.jpg\" alt=\"\" class=\"wp-image-15793\" srcset=\"https:\/\/www.iaavim.gob.ar\/wp-content\/uploads\/2025\/12\/20251206_115432-1024x577.jpg 1024w, https:\/\/www.iaavim.gob.ar\/wp-content\/uploads\/2025\/12\/20251206_115432-300x169.jpg 300w, https:\/\/www.iaavim.gob.ar\/wp-content\/uploads\/2025\/12\/20251206_115432-768x433.jpg 768w, https:\/\/www.iaavim.gob.ar\/wp-content\/uploads\/2025\/12\/20251206_115432-390x220.jpg 390w, https:\/\/www.iaavim.gob.ar\/wp-content\/uploads\/2025\/12\/20251206_115432.jpg 1243w\" sizes=\"auto, (max-width: 1024px) 100vw, 1024px\" \/><\/figure>\n\n\n\n<figure class=\"wp-block-image size-large\"><img loading=\"lazy\" decoding=\"async\" width=\"1024\" height=\"577\" data-id=\"15795\" src=\"https:\/\/www.iaavim.gob.ar\/wp-content\/uploads\/2025\/12\/20251206_163648-1024x577.jpg\" alt=\"\" class=\"wp-image-15795\" srcset=\"https:\/\/www.iaavim.gob.ar\/wp-content\/uploads\/2025\/12\/20251206_163648-1024x577.jpg 1024w, https:\/\/www.iaavim.gob.ar\/wp-content\/uploads\/2025\/12\/20251206_163648-300x169.jpg 300w, https:\/\/www.iaavim.gob.ar\/wp-content\/uploads\/2025\/12\/20251206_163648-768x433.jpg 768w, https:\/\/www.iaavim.gob.ar\/wp-content\/uploads\/2025\/12\/20251206_163648-390x220.jpg 390w, https:\/\/www.iaavim.gob.ar\/wp-content\/uploads\/2025\/12\/20251206_163648.jpg 1243w\" sizes=\"auto, (max-width: 1024px) 100vw, 1024px\" \/><\/figure>\n\n\n\n<figure class=\"wp-block-image size-large\"><img loading=\"lazy\" decoding=\"async\" width=\"1024\" height=\"577\" data-id=\"15794\" src=\"https:\/\/www.iaavim.gob.ar\/wp-content\/uploads\/2025\/12\/20251206_164440-1024x577.jpg\" alt=\"\" class=\"wp-image-15794\" srcset=\"https:\/\/www.iaavim.gob.ar\/wp-content\/uploads\/2025\/12\/20251206_164440-1024x577.jpg 1024w, https:\/\/www.iaavim.gob.ar\/wp-content\/uploads\/2025\/12\/20251206_164440-300x169.jpg 300w, https:\/\/www.iaavim.gob.ar\/wp-content\/uploads\/2025\/12\/20251206_164440-768x433.jpg 768w, https:\/\/www.iaavim.gob.ar\/wp-content\/uploads\/2025\/12\/20251206_164440-390x220.jpg 390w, https:\/\/www.iaavim.gob.ar\/wp-content\/uploads\/2025\/12\/20251206_164440.jpg 1243w\" sizes=\"auto, (max-width: 1024px) 100vw, 1024px\" \/><\/figure>\n<\/figure>\n\n\n\n<p><\/p>\n\n\n\n<p>La dimensi\u00f3n territorial apareci\u00f3 con fuerza en m\u00faltiples intervenciones. Correa remarc\u00f3 la necesidad de <em>\u201cafianzar el trabajo entre Consejo y territorio\u201d<\/em>, promover mayor participaci\u00f3n en las reuniones de distritos y reforzar la articulaci\u00f3n de las acciones en toda la provincia. La din\u00e1mica de la jornada -seg\u00fan evalu\u00f3- muestra una evoluci\u00f3n constante: <em>\u201cCada edici\u00f3n del foro va mejorando\u2026 lo recorrido genera un c\u00famulo de conocimiento que siempre hace que sea un poco mejor\u201d<\/em>.<\/p>\n\n\n\n<p>Por su parte, <strong>Silvana Gonz\u00e1lez Gregori<\/strong>, responsable del Registro Provincial del Audiovisual (RePA), se\u00f1al\u00f3 la importancia de abordar de manera integral el diagn\u00f3stico colectivo. Explic\u00f3 que el Foro permite <em>\u201creunirnos desde toda la provincia con todos quienes intervenimos en la cadena audiovisual para diagnosticar lo que hemos hecho en estos dos \u00faltimos a\u00f1os y, a partir de ah\u00ed, hacer propuestas de mejoras\u201d.<\/em> Subray\u00f3 tambi\u00e9n que el IAAviM<em> \u201ces uno de los organismos pioneros en esta construcci\u00f3n participativa\u201d<\/em> gracias a su Consejo Directivo plural, integrado por representantes las y los trabajadores de cada regi\u00f3n, sindicatos, universidad y del poder ejecutivo provincial.<\/p>\n\n\n\n<p>Entre los aportes sectoriales, la discusi\u00f3n sobre exhibici\u00f3n y la red de cineclubes tuvo un rol destacado. <strong>Sebasti\u00e1n Caballero<\/strong>, integrante del Distrito Uruguay y miembro fundador del Cineclub Invasi\u00f3n (Ober\u00e1), comparti\u00f3 que la mesa trabaj\u00f3 <em>\u201csobre la asistencia a salas y cineclubes, c\u00f3mo facilitar el acceso a nuestras pel\u00edculas y c\u00f3mo mantener estos espacios, c\u00f3mo publicitarlos y c\u00f3mo incentivar a la gente a asistir\u201d<\/em>. Valor\u00f3 especialmente la posibilidad de dialogar entre realizadores, estudiantes y gestores de distintos puntos de Misiones para pensar estrategias comunes.<\/p>\n\n\n\n<p>En la mesa de convocatorias y fomento, la participaci\u00f3n de nuevas voces tambi\u00e9n marc\u00f3 la jornada.<strong> Evayan Behr<\/strong>, del Distrito Norte, vivi\u00f3 su primer Foro y expres\u00f3 que se va <em>\u201csorprendida por la predisposici\u00f3n del Instituto para asesorarnos, brindarnos informaci\u00f3n y herramientas\u201d<\/em>. La instancia, dijo, result\u00f3<em> \u201cmuy productiva\u201d<\/em>, ya que permiti\u00f3 revisar las bases de las convocatorias, intercambiar ideas y avanzar en propuestas para acompa\u00f1ar mejor a los proyectos locales.<\/p>\n\n\n\n<p>Estos espacios de encuentro tambi\u00e9n permiten reflexionar sobre el rol del IAAviM en relaci\u00f3n con las necesidades del sector.<strong> Ingrid Carlson<\/strong>, del Distrito Uruguay, remarc\u00f3 que el Foro es clave para <em>\u201cdelinear las pol\u00edticas p\u00fablicas del IAAviM\u201d<\/em>, ya que posibilita un di\u00e1logo directo con las \u00e1reas del Instituto.<em> \u201cNos sirve como sector para conocernos entre nosotros, ver en qu\u00e9 andamos y para que los nuevos conozcan a quienes est\u00e1n desde antes\u201d<\/em>, explic\u00f3, valorando adem\u00e1s la continuidad de este proceso cada dos a\u00f1os.<\/p>\n\n\n\n<p>La presencia de la Universidad Nacional de Misiones tambi\u00e9n aport\u00f3 su perspectiva. El docente <strong>ern\u00e1n Cazzaniga<\/strong> destac\u00f3 la importancia de que las universidades formen parte del directorio y de las actividades del IAAviM, ya que esta interacci\u00f3n <em>\u201cfortalece el v\u00ednculo, la capacidad de generar propuestas hacia el Instituto y de pensar el rol de la universidad en la formaci\u00f3n de estudiantes vinculados a la producci\u00f3n audiovisual\u201d<\/em>. Resalt\u00f3, adem\u00e1s, c\u00f3mo el Foro habilita discusiones clave sobre investigaci\u00f3n, capacitaci\u00f3n y oportunidades para nuevas generaciones.<\/p>\n\n\n\n<p>El cierre de la jornada, con la devoluci\u00f3n colectiva y la firma de actas, reafirm\u00f3 la vigencia del Foro como herramienta participativa y su aporte fundamental a la transparencia y al fortalecimiento del sector audiovisual. Con m\u00faltiples miradas integradas, y con un compromiso renovado de quienes conforman el ecosistema audiovisual misionero, esta edici\u00f3n volvi\u00f3 a demostrar que<strong> las pol\u00edticas p\u00fablicas se construyen mejor cuando nacen del territorio, del intercambio y de la experiencia compartida<\/strong>.<\/p>\n\n\n\n<p><\/p>\n\n\n\n<figure class=\"wp-block-embed is-type-video is-provider-youtube wp-block-embed-youtube wp-embed-aspect-9-16 wp-has-aspect-ratio\"><div class=\"wp-block-embed__wrapper\">\n <iframe loading=\"lazy\" title=\"IX Foro Consultivo de Pol\u00edticas P\u00fablicas Audiovisuales de Misiones\" width=\"422\" height=\"750\" src=\"https:\/\/www.youtube.com\/embed\/xbZGrI3_Lp8?feature=oembed\" frameborder=\"0\" allow=\"accelerometer; autoplay; clipboard-write; encrypted-media; gyroscope; picture-in-picture; web-share\" referrerpolicy=\"strict-origin-when-cross-origin\" allowfullscreen><\/iframe>\n<\/div><\/figure>\n\n\n\n<div style=\"height:30px\" aria-hidden=\"true\" class=\"wp-block-spacer\"><\/div>\n\n\n\n<figure class=\"wp-block-gallery has-nested-images columns-default is-cropped wp-block-gallery-2 is-layout-flex wp-block-gallery-is-layout-flex\">\n<figure class=\"wp-block-image size-large\"><img loading=\"lazy\" decoding=\"async\" width=\"1024\" height=\"458\" data-id=\"15809\" src=\"https:\/\/www.iaavim.gob.ar\/wp-content\/uploads\/2025\/12\/IMG_20251206_114529-1024x458.jpg\" alt=\"\" class=\"wp-image-15809\" srcset=\"https:\/\/www.iaavim.gob.ar\/wp-content\/uploads\/2025\/12\/IMG_20251206_114529-1024x458.jpg 1024w, https:\/\/www.iaavim.gob.ar\/wp-content\/uploads\/2025\/12\/IMG_20251206_114529-300x134.jpg 300w, https:\/\/www.iaavim.gob.ar\/wp-content\/uploads\/2025\/12\/IMG_20251206_114529-768x344.jpg 768w, https:\/\/www.iaavim.gob.ar\/wp-content\/uploads\/2025\/12\/IMG_20251206_114529.jpg 1500w\" sizes=\"auto, (max-width: 1024px) 100vw, 1024px\" \/><\/figure>\n\n\n\n<figure class=\"wp-block-image size-large\"><img loading=\"lazy\" decoding=\"async\" width=\"1024\" height=\"458\" data-id=\"15810\" src=\"https:\/\/www.iaavim.gob.ar\/wp-content\/uploads\/2025\/12\/IMG_20251206_114130-1024x458.jpg\" alt=\"\" class=\"wp-image-15810\" srcset=\"https:\/\/www.iaavim.gob.ar\/wp-content\/uploads\/2025\/12\/IMG_20251206_114130-1024x458.jpg 1024w, https:\/\/www.iaavim.gob.ar\/wp-content\/uploads\/2025\/12\/IMG_20251206_114130-300x134.jpg 300w, https:\/\/www.iaavim.gob.ar\/wp-content\/uploads\/2025\/12\/IMG_20251206_114130-768x344.jpg 768w, https:\/\/www.iaavim.gob.ar\/wp-content\/uploads\/2025\/12\/IMG_20251206_114130.jpg 1500w\" sizes=\"auto, (max-width: 1024px) 100vw, 1024px\" \/><\/figure>\n\n\n\n<figure class=\"wp-block-image size-large\"><img loading=\"lazy\" decoding=\"async\" width=\"1024\" height=\"577\" data-id=\"15811\" src=\"https:\/\/www.iaavim.gob.ar\/wp-content\/uploads\/2025\/12\/20251206_163648-1-1024x577.jpg\" alt=\"\" class=\"wp-image-15811\" srcset=\"https:\/\/www.iaavim.gob.ar\/wp-content\/uploads\/2025\/12\/20251206_163648-1-1024x577.jpg 1024w, https:\/\/www.iaavim.gob.ar\/wp-content\/uploads\/2025\/12\/20251206_163648-1-300x169.jpg 300w, https:\/\/www.iaavim.gob.ar\/wp-content\/uploads\/2025\/12\/20251206_163648-1-768x433.jpg 768w, https:\/\/www.iaavim.gob.ar\/wp-content\/uploads\/2025\/12\/20251206_163648-1-390x220.jpg 390w, https:\/\/www.iaavim.gob.ar\/wp-content\/uploads\/2025\/12\/20251206_163648-1.jpg 1243w\" sizes=\"auto, (max-width: 1024px) 100vw, 1024px\" \/><\/figure>\n\n\n\n<figure class=\"wp-block-image size-large\"><img loading=\"lazy\" decoding=\"async\" width=\"1024\" height=\"577\" data-id=\"15808\" src=\"https:\/\/www.iaavim.gob.ar\/wp-content\/uploads\/2025\/12\/20251206_152612-1024x577.jpg\" alt=\"\" class=\"wp-image-15808\" srcset=\"https:\/\/www.iaavim.gob.ar\/wp-content\/uploads\/2025\/12\/20251206_152612-1024x577.jpg 1024w, https:\/\/www.iaavim.gob.ar\/wp-content\/uploads\/2025\/12\/20251206_152612-300x169.jpg 300w, https:\/\/www.iaavim.gob.ar\/wp-content\/uploads\/2025\/12\/20251206_152612-768x433.jpg 768w, https:\/\/www.iaavim.gob.ar\/wp-content\/uploads\/2025\/12\/20251206_152612-390x220.jpg 390w, https:\/\/www.iaavim.gob.ar\/wp-content\/uploads\/2025\/12\/20251206_152612.jpg 1243w\" sizes=\"auto, (max-width: 1024px) 100vw, 1024px\" \/><\/figure>\n\n\n\n<figure class=\"wp-block-image size-large\"><img loading=\"lazy\" decoding=\"async\" width=\"1024\" height=\"577\" data-id=\"15807\" src=\"https:\/\/www.iaavim.gob.ar\/wp-content\/uploads\/2025\/12\/20251206_151923-1024x577.jpg\" alt=\"\" class=\"wp-image-15807\" srcset=\"https:\/\/www.iaavim.gob.ar\/wp-content\/uploads\/2025\/12\/20251206_151923-1024x577.jpg 1024w, https:\/\/www.iaavim.gob.ar\/wp-content\/uploads\/2025\/12\/20251206_151923-300x169.jpg 300w, https:\/\/www.iaavim.gob.ar\/wp-content\/uploads\/2025\/12\/20251206_151923-768x433.jpg 768w, https:\/\/www.iaavim.gob.ar\/wp-content\/uploads\/2025\/12\/20251206_151923-390x220.jpg 390w, https:\/\/www.iaavim.gob.ar\/wp-content\/uploads\/2025\/12\/20251206_151923.jpg 1243w\" sizes=\"auto, (max-width: 1024px) 100vw, 1024px\" \/><\/figure>\n\n\n\n<figure class=\"wp-block-image size-large\"><img loading=\"lazy\" decoding=\"async\" width=\"1024\" height=\"577\" data-id=\"15805\" src=\"https:\/\/www.iaavim.gob.ar\/wp-content\/uploads\/2025\/12\/20251206_143225-1024x577.jpg\" alt=\"\" class=\"wp-image-15805\" srcset=\"https:\/\/www.iaavim.gob.ar\/wp-content\/uploads\/2025\/12\/20251206_143225-1024x577.jpg 1024w, https:\/\/www.iaavim.gob.ar\/wp-content\/uploads\/2025\/12\/20251206_143225-300x169.jpg 300w, https:\/\/www.iaavim.gob.ar\/wp-content\/uploads\/2025\/12\/20251206_143225-768x433.jpg 768w, https:\/\/www.iaavim.gob.ar\/wp-content\/uploads\/2025\/12\/20251206_143225-390x220.jpg 390w, https:\/\/www.iaavim.gob.ar\/wp-content\/uploads\/2025\/12\/20251206_143225.jpg 1243w\" sizes=\"auto, (max-width: 1024px) 100vw, 1024px\" \/><\/figure>\n\n\n\n<figure class=\"wp-block-image size-large\"><img loading=\"lazy\" decoding=\"async\" width=\"1024\" height=\"577\" data-id=\"15806\" src=\"https:\/\/www.iaavim.gob.ar\/wp-content\/uploads\/2025\/12\/20251206_150029-1024x577.jpg\" alt=\"\" class=\"wp-image-15806\" srcset=\"https:\/\/www.iaavim.gob.ar\/wp-content\/uploads\/2025\/12\/20251206_150029-1024x577.jpg 1024w, https:\/\/www.iaavim.gob.ar\/wp-content\/uploads\/2025\/12\/20251206_150029-300x169.jpg 300w, https:\/\/www.iaavim.gob.ar\/wp-content\/uploads\/2025\/12\/20251206_150029-768x433.jpg 768w, https:\/\/www.iaavim.gob.ar\/wp-content\/uploads\/2025\/12\/20251206_150029-390x220.jpg 390w, https:\/\/www.iaavim.gob.ar\/wp-content\/uploads\/2025\/12\/20251206_150029.jpg 1243w\" sizes=\"auto, (max-width: 1024px) 100vw, 1024px\" \/><\/figure>\n\n\n\n<figure class=\"wp-block-image size-large\"><img loading=\"lazy\" decoding=\"async\" width=\"1024\" height=\"577\" data-id=\"15804\" src=\"https:\/\/www.iaavim.gob.ar\/wp-content\/uploads\/2025\/12\/20251206_102823-1024x577.jpg\" alt=\"\" class=\"wp-image-15804\" srcset=\"https:\/\/www.iaavim.gob.ar\/wp-content\/uploads\/2025\/12\/20251206_102823-1024x577.jpg 1024w, https:\/\/www.iaavim.gob.ar\/wp-content\/uploads\/2025\/12\/20251206_102823-300x169.jpg 300w, https:\/\/www.iaavim.gob.ar\/wp-content\/uploads\/2025\/12\/20251206_102823-768x433.jpg 768w, https:\/\/www.iaavim.gob.ar\/wp-content\/uploads\/2025\/12\/20251206_102823-390x220.jpg 390w, https:\/\/www.iaavim.gob.ar\/wp-content\/uploads\/2025\/12\/20251206_102823.jpg 1243w\" sizes=\"auto, (max-width: 1024px) 100vw, 1024px\" \/><\/figure>\n\n\n\n<figure class=\"wp-block-image size-large\"><img loading=\"lazy\" decoding=\"async\" width=\"1024\" height=\"577\" data-id=\"15803\" src=\"https:\/\/www.iaavim.gob.ar\/wp-content\/uploads\/2025\/12\/20251206_102423-1024x577.jpg\" alt=\"\" class=\"wp-image-15803\" srcset=\"https:\/\/www.iaavim.gob.ar\/wp-content\/uploads\/2025\/12\/20251206_102423-1024x577.jpg 1024w, https:\/\/www.iaavim.gob.ar\/wp-content\/uploads\/2025\/12\/20251206_102423-300x169.jpg 300w, https:\/\/www.iaavim.gob.ar\/wp-content\/uploads\/2025\/12\/20251206_102423-768x433.jpg 768w, https:\/\/www.iaavim.gob.ar\/wp-content\/uploads\/2025\/12\/20251206_102423-390x220.jpg 390w, https:\/\/www.iaavim.gob.ar\/wp-content\/uploads\/2025\/12\/20251206_102423.jpg 1243w\" sizes=\"auto, (max-width: 1024px) 100vw, 1024px\" \/><\/figure>\n\n\n\n<figure class=\"wp-block-image size-large\"><img loading=\"lazy\" decoding=\"async\" width=\"1024\" height=\"577\" data-id=\"15802\" src=\"https:\/\/www.iaavim.gob.ar\/wp-content\/uploads\/2025\/12\/20251206_100515-1024x577.jpg\" alt=\"\" class=\"wp-image-15802\" srcset=\"https:\/\/www.iaavim.gob.ar\/wp-content\/uploads\/2025\/12\/20251206_100515-1024x577.jpg 1024w, https:\/\/www.iaavim.gob.ar\/wp-content\/uploads\/2025\/12\/20251206_100515-300x169.jpg 300w, https:\/\/www.iaavim.gob.ar\/wp-content\/uploads\/2025\/12\/20251206_100515-768x433.jpg 768w, https:\/\/www.iaavim.gob.ar\/wp-content\/uploads\/2025\/12\/20251206_100515-390x220.jpg 390w, https:\/\/www.iaavim.gob.ar\/wp-content\/uploads\/2025\/12\/20251206_100515.jpg 1243w\" sizes=\"auto, (max-width: 1024px) 100vw, 1024px\" \/><\/figure>\n\n\n\n<figure class=\"wp-block-image size-large\"><img loading=\"lazy\" decoding=\"async\" width=\"1024\" height=\"577\" data-id=\"15801\" src=\"https:\/\/www.iaavim.gob.ar\/wp-content\/uploads\/2025\/12\/20251206_095924-1024x577.jpg\" alt=\"\" class=\"wp-image-15801\" srcset=\"https:\/\/www.iaavim.gob.ar\/wp-content\/uploads\/2025\/12\/20251206_095924-1024x577.jpg 1024w, https:\/\/www.iaavim.gob.ar\/wp-content\/uploads\/2025\/12\/20251206_095924-300x169.jpg 300w, https:\/\/www.iaavim.gob.ar\/wp-content\/uploads\/2025\/12\/20251206_095924-768x433.jpg 768w, https:\/\/www.iaavim.gob.ar\/wp-content\/uploads\/2025\/12\/20251206_095924-390x220.jpg 390w, https:\/\/www.iaavim.gob.ar\/wp-content\/uploads\/2025\/12\/20251206_095924.jpg 1243w\" sizes=\"auto, (max-width: 1024px) 100vw, 1024px\" \/><\/figure>\n\n\n\n<figure class=\"wp-block-image size-large\"><img loading=\"lazy\" decoding=\"async\" width=\"1024\" height=\"577\" data-id=\"15800\" src=\"https:\/\/www.iaavim.gob.ar\/wp-content\/uploads\/2025\/12\/20251206_094409-1024x577.jpg\" alt=\"\" class=\"wp-image-15800\" srcset=\"https:\/\/www.iaavim.gob.ar\/wp-content\/uploads\/2025\/12\/20251206_094409-1024x577.jpg 1024w, https:\/\/www.iaavim.gob.ar\/wp-content\/uploads\/2025\/12\/20251206_094409-300x169.jpg 300w, https:\/\/www.iaavim.gob.ar\/wp-content\/uploads\/2025\/12\/20251206_094409-768x433.jpg 768w, https:\/\/www.iaavim.gob.ar\/wp-content\/uploads\/2025\/12\/20251206_094409-390x220.jpg 390w, https:\/\/www.iaavim.gob.ar\/wp-content\/uploads\/2025\/12\/20251206_094409.jpg 1243w\" sizes=\"auto, (max-width: 1024px) 100vw, 1024px\" \/><\/figure>\n\n\n\n<figure class=\"wp-block-image size-large\"><img loading=\"lazy\" decoding=\"async\" width=\"1024\" height=\"577\" data-id=\"15799\" src=\"https:\/\/www.iaavim.gob.ar\/wp-content\/uploads\/2025\/12\/20251206_183333-1024x577.jpg\" alt=\"\" class=\"wp-image-15799\" srcset=\"https:\/\/www.iaavim.gob.ar\/wp-content\/uploads\/2025\/12\/20251206_183333-1024x577.jpg 1024w, https:\/\/www.iaavim.gob.ar\/wp-content\/uploads\/2025\/12\/20251206_183333-300x169.jpg 300w, https:\/\/www.iaavim.gob.ar\/wp-content\/uploads\/2025\/12\/20251206_183333-768x433.jpg 768w, https:\/\/www.iaavim.gob.ar\/wp-content\/uploads\/2025\/12\/20251206_183333-390x220.jpg 390w, https:\/\/www.iaavim.gob.ar\/wp-content\/uploads\/2025\/12\/20251206_183333.jpg 1243w\" sizes=\"auto, (max-width: 1024px) 100vw, 1024px\" \/><\/figure>\n\n\n\n<figure class=\"wp-block-image size-large\"><img loading=\"lazy\" decoding=\"async\" width=\"1024\" height=\"577\" data-id=\"15798\" src=\"https:\/\/www.iaavim.gob.ar\/wp-content\/uploads\/2025\/12\/20251206_183847-1024x577.jpg\" alt=\"\" class=\"wp-image-15798\" srcset=\"https:\/\/www.iaavim.gob.ar\/wp-content\/uploads\/2025\/12\/20251206_183847-1024x577.jpg 1024w, https:\/\/www.iaavim.gob.ar\/wp-content\/uploads\/2025\/12\/20251206_183847-300x169.jpg 300w, https:\/\/www.iaavim.gob.ar\/wp-content\/uploads\/2025\/12\/20251206_183847-768x433.jpg 768w, https:\/\/www.iaavim.gob.ar\/wp-content\/uploads\/2025\/12\/20251206_183847-390x220.jpg 390w, https:\/\/www.iaavim.gob.ar\/wp-content\/uploads\/2025\/12\/20251206_183847.jpg 1243w\" sizes=\"auto, (max-width: 1024px) 100vw, 1024px\" \/><\/figure>\n\n\n\n<figure class=\"wp-block-image size-large\"><img loading=\"lazy\" decoding=\"async\" width=\"1024\" height=\"577\" data-id=\"15796\" src=\"https:\/\/www.iaavim.gob.ar\/wp-content\/uploads\/2025\/12\/20251206_183904-1024x577.jpg\" alt=\"\" class=\"wp-image-15796\" srcset=\"https:\/\/www.iaavim.gob.ar\/wp-content\/uploads\/2025\/12\/20251206_183904-1024x577.jpg 1024w, https:\/\/www.iaavim.gob.ar\/wp-content\/uploads\/2025\/12\/20251206_183904-300x169.jpg 300w, https:\/\/www.iaavim.gob.ar\/wp-content\/uploads\/2025\/12\/20251206_183904-768x433.jpg 768w, https:\/\/www.iaavim.gob.ar\/wp-content\/uploads\/2025\/12\/20251206_183904-390x220.jpg 390w, https:\/\/www.iaavim.gob.ar\/wp-content\/uploads\/2025\/12\/20251206_183904.jpg 1243w\" sizes=\"auto, (max-width: 1024px) 100vw, 1024px\" \/><\/figure>\n\n\n\n<figure class=\"wp-block-image size-large\"><img loading=\"lazy\" decoding=\"async\" width=\"1024\" height=\"577\" data-id=\"15797\" src=\"https:\/\/www.iaavim.gob.ar\/wp-content\/uploads\/2025\/12\/20251206_184437-1024x577.jpg\" alt=\"\" class=\"wp-image-15797\" srcset=\"https:\/\/www.iaavim.gob.ar\/wp-content\/uploads\/2025\/12\/20251206_184437-1024x577.jpg 1024w, https:\/\/www.iaavim.gob.ar\/wp-content\/uploads\/2025\/12\/20251206_184437-300x169.jpg 300w, https:\/\/www.iaavim.gob.ar\/wp-content\/uploads\/2025\/12\/20251206_184437-768x433.jpg 768w, https:\/\/www.iaavim.gob.ar\/wp-content\/uploads\/2025\/12\/20251206_184437-390x220.jpg 390w, https:\/\/www.iaavim.gob.ar\/wp-content\/uploads\/2025\/12\/20251206_184437.jpg 1243w\" sizes=\"auto, (max-width: 1024px) 100vw, 1024px\" \/><\/figure>\n<\/figure>\n","protected":false},"excerpt":{"rendered":"<p>El IX Foro Consultivo de Pol\u00edticas P\u00fablicas Audiovisuales de Misiones reuni\u00f3 este s\u00e1bado a un centenar de representantes de los cuatro distritos audiovisuales, trabajadores y trabajadoras del sector, cineclubistas, estudiantes, docentes, gestores culturales e integrantes del equipo operativo del Instituto de Artes Audiovisuales de Misiones (IAAviM). Realizado en la sede de Silicon, el encuentro se &hellip;<\/p>\n","protected":false},"author":1,"featured_media":15788,"comment_status":"closed","ping_status":"open","sticky":false,"template":"","format":"standard","meta":{"_acf_changed":false,"footnotes":""},"categories":[39],"tags":[1260,1635,88,1223,108,1622,574,495,348,895,1209,159,200],"class_list":["post-15787","post","type-post","status-publish","format-standard","has-post-thumbnail","hentry","category-noticias-del-iaavim","tag-audiovisual-misionero","tag-dialogo","tag-distritos-audiovisuales","tag-foro-consultivo-de-politicas-publicas-audiovisuales","tag-iaavim","tag-ix-foro","tag-joselo-schuap","tag-mesas-de-trabajo","tag-misiones","tag-participacion","tag-politicas-publicas","tag-sector-audiovisual","tag-sergio-acosta"],"acf":[],"yoast_head":"<!-- This site is optimized with the Yoast SEO plugin v27.4 - https:\/\/yoast.com\/product\/yoast-seo-wordpress\/ -->\n<title>Misiones consolid\u00f3 su modelo participativo en el IX Foro - IAAviM<\/title>\n<meta name=\"description\" content=\"El IX Foro se consolid\u00f3 una vez m\u00e1s como el principal espacio de diagn\u00f3stico y planificaci\u00f3n participativa del audiovisual misionero.\" \/>\n<meta name=\"robots\" content=\"index, follow, max-snippet:-1, max-image-preview:large, max-video-preview:-1\" \/>\n<link rel=\"canonical\" href=\"https:\/\/www.iaavim.gob.ar\/?p=15787\" \/>\n<meta property=\"og:locale\" content=\"es_ES\" \/>\n<meta property=\"og:type\" content=\"article\" \/>\n<meta property=\"og:title\" content=\"Misiones consolid\u00f3 su modelo participativo en el IX Foro - IAAviM\" \/>\n<meta property=\"og:description\" content=\"El IX Foro se consolid\u00f3 una vez m\u00e1s como el principal espacio de diagn\u00f3stico y planificaci\u00f3n participativa del audiovisual misionero.\" \/>\n<meta property=\"og:url\" content=\"https:\/\/www.iaavim.gob.ar\/?p=15787\" \/>\n<meta property=\"article:published_time\" content=\"2025-12-09T22:26:32+00:00\" \/>\n<meta property=\"article:modified_time\" content=\"2025-12-09T22:48:46+00:00\" \/>\n<meta property=\"og:image\" content=\"https:\/\/www.iaavim.gob.ar\/wp-content\/uploads\/2025\/12\/NEW-portada-sitio-1200x480-9.png\" \/>\n\t<meta property=\"og:image:width\" content=\"1200\" \/>\n\t<meta property=\"og:image:height\" content=\"480\" \/>\n\t<meta property=\"og:image:type\" content=\"image\/png\" \/>\n<meta name=\"author\" content=\"IAAviM\" \/>\n<meta name=\"twitter:card\" content=\"summary_large_image\" \/>\n<meta name=\"twitter:label1\" content=\"Escrito por\" \/>\n\t<meta name=\"twitter:data1\" content=\"IAAviM\" \/>\n\t<meta name=\"twitter:label2\" content=\"Tiempo de lectura\" \/>\n\t<meta name=\"twitter:data2\" content=\"9 minutos\" \/>\n<script type=\"application\/ld+json\" class=\"yoast-schema-graph\">{\"@context\":\"https:\\\/\\\/schema.org\",\"@graph\":[{\"@type\":\"Article\",\"@id\":\"https:\\\/\\\/www.iaavim.gob.ar\\\/?p=15787#article\",\"isPartOf\":{\"@id\":\"https:\\\/\\\/www.iaavim.gob.ar\\\/?p=15787\"},\"author\":{\"name\":\"IAAviM\",\"@id\":\"\\\/#\\\/schema\\\/person\\\/567fbb427319d0dae3bc6b33aba48a62\"},\"headline\":\"Misiones consolid\u00f3 su modelo participativo en el IX Foro\",\"datePublished\":\"2025-12-09T22:26:32+00:00\",\"dateModified\":\"2025-12-09T22:48:46+00:00\",\"mainEntityOfPage\":{\"@id\":\"https:\\\/\\\/www.iaavim.gob.ar\\\/?p=15787\"},\"wordCount\":1148,\"publisher\":{\"@id\":\"\\\/#organization\"},\"image\":{\"@id\":\"https:\\\/\\\/www.iaavim.gob.ar\\\/?p=15787#primaryimage\"},\"thumbnailUrl\":\"https:\\\/\\\/www.iaavim.gob.ar\\\/wp-content\\\/uploads\\\/2025\\\/12\\\/NEW-portada-sitio-1200x480-9.png\",\"keywords\":[\"audiovisual misionero\",\"di\u00e1logo\",\"distritos audiovisuales\",\"Foro Consultivo de Pol\u00edticas P\u00fablicas Audiovisuales\",\"IAAviM\",\"IX Foro\",\"Joselo Schuap\",\"mesas de trabajo\",\"Misiones\",\"participaci\u00f3n\",\"pol\u00edticas p\u00fablicas\",\"sector audiovisual\",\"Sergio Acosta\"],\"articleSection\":[\"Noticias del IAAviM\"],\"inLanguage\":\"es-AR\"},{\"@type\":\"WebPage\",\"@id\":\"https:\\\/\\\/www.iaavim.gob.ar\\\/?p=15787\",\"url\":\"https:\\\/\\\/www.iaavim.gob.ar\\\/?p=15787\",\"name\":\"Misiones consolid\u00f3 su modelo participativo en el IX Foro - IAAviM\",\"isPartOf\":{\"@id\":\"\\\/#website\"},\"primaryImageOfPage\":{\"@id\":\"https:\\\/\\\/www.iaavim.gob.ar\\\/?p=15787#primaryimage\"},\"image\":{\"@id\":\"https:\\\/\\\/www.iaavim.gob.ar\\\/?p=15787#primaryimage\"},\"thumbnailUrl\":\"https:\\\/\\\/www.iaavim.gob.ar\\\/wp-content\\\/uploads\\\/2025\\\/12\\\/NEW-portada-sitio-1200x480-9.png\",\"datePublished\":\"2025-12-09T22:26:32+00:00\",\"dateModified\":\"2025-12-09T22:48:46+00:00\",\"description\":\"El IX Foro se consolid\u00f3 una vez m\u00e1s como el principal espacio de diagn\u00f3stico y planificaci\u00f3n participativa del audiovisual misionero.\",\"breadcrumb\":{\"@id\":\"https:\\\/\\\/www.iaavim.gob.ar\\\/?p=15787#breadcrumb\"},\"inLanguage\":\"es-AR\",\"potentialAction\":[{\"@type\":\"ReadAction\",\"target\":[\"https:\\\/\\\/www.iaavim.gob.ar\\\/?p=15787\"]}]},{\"@type\":\"ImageObject\",\"inLanguage\":\"es-AR\",\"@id\":\"https:\\\/\\\/www.iaavim.gob.ar\\\/?p=15787#primaryimage\",\"url\":\"https:\\\/\\\/www.iaavim.gob.ar\\\/wp-content\\\/uploads\\\/2025\\\/12\\\/NEW-portada-sitio-1200x480-9.png\",\"contentUrl\":\"https:\\\/\\\/www.iaavim.gob.ar\\\/wp-content\\\/uploads\\\/2025\\\/12\\\/NEW-portada-sitio-1200x480-9.png\",\"width\":1200,\"height\":480},{\"@type\":\"BreadcrumbList\",\"@id\":\"https:\\\/\\\/www.iaavim.gob.ar\\\/?p=15787#breadcrumb\",\"itemListElement\":[{\"@type\":\"ListItem\",\"position\":1,\"name\":\"Inicio\",\"item\":\"https:\\\/\\\/www.iaavim.gob.ar\\\/\"},{\"@type\":\"ListItem\",\"position\":2,\"name\":\"Misiones consolid\u00f3 su modelo participativo en el IX Foro\"}]},{\"@type\":\"WebSite\",\"@id\":\"\\\/#website\",\"url\":\"\\\/\",\"name\":\"\",\"description\":\"Sitio oficial del IAAviM\",\"publisher\":{\"@id\":\"\\\/#organization\"},\"potentialAction\":[{\"@type\":\"SearchAction\",\"target\":{\"@type\":\"EntryPoint\",\"urlTemplate\":\"\\\/?s={search_term_string}\"},\"query-input\":{\"@type\":\"PropertyValueSpecification\",\"valueRequired\":true,\"valueName\":\"search_term_string\"}}],\"inLanguage\":\"es-AR\"},{\"@type\":\"Organization\",\"@id\":\"\\\/#organization\",\"name\":\"Instituto de Artes Audiovisuales de Misiones\",\"url\":\"\\\/\",\"logo\":{\"@type\":\"ImageObject\",\"inLanguage\":\"es-AR\",\"@id\":\"\\\/#\\\/schema\\\/logo\\\/image\\\/\",\"url\":\"https:\\\/\\\/iaavim.misiones.gob.ar\\\/wp-content\\\/uploads\\\/2021\\\/07\\\/logo-iaavim-preview.png.jpg\",\"contentUrl\":\"https:\\\/\\\/iaavim.misiones.gob.ar\\\/wp-content\\\/uploads\\\/2021\\\/07\\\/logo-iaavim-preview.png.jpg\",\"width\":1200,\"height\":675,\"caption\":\"Instituto de Artes Audiovisuales de Misiones\"},\"image\":{\"@id\":\"\\\/#\\\/schema\\\/logo\\\/image\\\/\"}},{\"@type\":\"Person\",\"@id\":\"\\\/#\\\/schema\\\/person\\\/567fbb427319d0dae3bc6b33aba48a62\",\"name\":\"IAAviM\",\"image\":{\"@type\":\"ImageObject\",\"inLanguage\":\"es-AR\",\"@id\":\"https:\\\/\\\/secure.gravatar.com\\\/avatar\\\/9802bb83cd8afc8d9eae1a570850fcaf194494ca73cbac30d506afe269460348?s=96&d=blank&r=g\",\"url\":\"https:\\\/\\\/secure.gravatar.com\\\/avatar\\\/9802bb83cd8afc8d9eae1a570850fcaf194494ca73cbac30d506afe269460348?s=96&d=blank&r=g\",\"contentUrl\":\"https:\\\/\\\/secure.gravatar.com\\\/avatar\\\/9802bb83cd8afc8d9eae1a570850fcaf194494ca73cbac30d506afe269460348?s=96&d=blank&r=g\",\"caption\":\"IAAviM\"},\"url\":\"https:\\\/\\\/www.iaavim.gob.ar\\\/?author=1\"}]}<\/script>\n<!-- \/ Yoast SEO plugin. -->","yoast_head_json":{"title":"Misiones consolid\u00f3 su modelo participativo en el IX Foro - IAAviM","description":"El IX Foro se consolid\u00f3 una vez m\u00e1s como el principal espacio de diagn\u00f3stico y planificaci\u00f3n participativa del audiovisual misionero.","robots":{"index":"index","follow":"follow","max-snippet":"max-snippet:-1","max-image-preview":"max-image-preview:large","max-video-preview":"max-video-preview:-1"},"canonical":"https:\/\/www.iaavim.gob.ar\/?p=15787","og_locale":"es_ES","og_type":"article","og_title":"Misiones consolid\u00f3 su modelo participativo en el IX Foro - IAAviM","og_description":"El IX Foro se consolid\u00f3 una vez m\u00e1s como el principal espacio de diagn\u00f3stico y planificaci\u00f3n participativa del audiovisual misionero.","og_url":"https:\/\/www.iaavim.gob.ar\/?p=15787","article_published_time":"2025-12-09T22:26:32+00:00","article_modified_time":"2025-12-09T22:48:46+00:00","og_image":[{"width":1200,"height":480,"url":"https:\/\/www.iaavim.gob.ar\/wp-content\/uploads\/2025\/12\/NEW-portada-sitio-1200x480-9.png","type":"image\/png"}],"author":"IAAviM","twitter_card":"summary_large_image","twitter_misc":{"Escrito por":"IAAviM","Tiempo de lectura":"9 minutos"},"schema":{"@context":"https:\/\/schema.org","@graph":[{"@type":"Article","@id":"https:\/\/www.iaavim.gob.ar\/?p=15787#article","isPartOf":{"@id":"https:\/\/www.iaavim.gob.ar\/?p=15787"},"author":{"name":"IAAviM","@id":"\/#\/schema\/person\/567fbb427319d0dae3bc6b33aba48a62"},"headline":"Misiones consolid\u00f3 su modelo participativo en el IX Foro","datePublished":"2025-12-09T22:26:32+00:00","dateModified":"2025-12-09T22:48:46+00:00","mainEntityOfPage":{"@id":"https:\/\/www.iaavim.gob.ar\/?p=15787"},"wordCount":1148,"publisher":{"@id":"\/#organization"},"image":{"@id":"https:\/\/www.iaavim.gob.ar\/?p=15787#primaryimage"},"thumbnailUrl":"https:\/\/www.iaavim.gob.ar\/wp-content\/uploads\/2025\/12\/NEW-portada-sitio-1200x480-9.png","keywords":["audiovisual misionero","di\u00e1logo","distritos audiovisuales","Foro Consultivo de Pol\u00edticas P\u00fablicas Audiovisuales","IAAviM","IX Foro","Joselo Schuap","mesas de trabajo","Misiones","participaci\u00f3n","pol\u00edticas p\u00fablicas","sector audiovisual","Sergio Acosta"],"articleSection":["Noticias del IAAviM"],"inLanguage":"es-AR"},{"@type":"WebPage","@id":"https:\/\/www.iaavim.gob.ar\/?p=15787","url":"https:\/\/www.iaavim.gob.ar\/?p=15787","name":"Misiones consolid\u00f3 su modelo participativo en el IX Foro - IAAviM","isPartOf":{"@id":"\/#website"},"primaryImageOfPage":{"@id":"https:\/\/www.iaavim.gob.ar\/?p=15787#primaryimage"},"image":{"@id":"https:\/\/www.iaavim.gob.ar\/?p=15787#primaryimage"},"thumbnailUrl":"https:\/\/www.iaavim.gob.ar\/wp-content\/uploads\/2025\/12\/NEW-portada-sitio-1200x480-9.png","datePublished":"2025-12-09T22:26:32+00:00","dateModified":"2025-12-09T22:48:46+00:00","description":"El IX Foro se consolid\u00f3 una vez m\u00e1s como el principal espacio de diagn\u00f3stico y planificaci\u00f3n participativa del audiovisual misionero.","breadcrumb":{"@id":"https:\/\/www.iaavim.gob.ar\/?p=15787#breadcrumb"},"inLanguage":"es-AR","potentialAction":[{"@type":"ReadAction","target":["https:\/\/www.iaavim.gob.ar\/?p=15787"]}]},{"@type":"ImageObject","inLanguage":"es-AR","@id":"https:\/\/www.iaavim.gob.ar\/?p=15787#primaryimage","url":"https:\/\/www.iaavim.gob.ar\/wp-content\/uploads\/2025\/12\/NEW-portada-sitio-1200x480-9.png","contentUrl":"https:\/\/www.iaavim.gob.ar\/wp-content\/uploads\/2025\/12\/NEW-portada-sitio-1200x480-9.png","width":1200,"height":480},{"@type":"BreadcrumbList","@id":"https:\/\/www.iaavim.gob.ar\/?p=15787#breadcrumb","itemListElement":[{"@type":"ListItem","position":1,"name":"Inicio","item":"https:\/\/www.iaavim.gob.ar\/"},{"@type":"ListItem","position":2,"name":"Misiones consolid\u00f3 su modelo participativo en el IX Foro"}]},{"@type":"WebSite","@id":"\/#website","url":"\/","name":"","description":"Sitio oficial del IAAviM","publisher":{"@id":"\/#organization"},"potentialAction":[{"@type":"SearchAction","target":{"@type":"EntryPoint","urlTemplate":"\/?s={search_term_string}"},"query-input":{"@type":"PropertyValueSpecification","valueRequired":true,"valueName":"search_term_string"}}],"inLanguage":"es-AR"},{"@type":"Organization","@id":"\/#organization","name":"Instituto de Artes Audiovisuales de Misiones","url":"\/","logo":{"@type":"ImageObject","inLanguage":"es-AR","@id":"\/#\/schema\/logo\/image\/","url":"https:\/\/iaavim.misiones.gob.ar\/wp-content\/uploads\/2021\/07\/logo-iaavim-preview.png.jpg","contentUrl":"https:\/\/iaavim.misiones.gob.ar\/wp-content\/uploads\/2021\/07\/logo-iaavim-preview.png.jpg","width":1200,"height":675,"caption":"Instituto de Artes Audiovisuales de Misiones"},"image":{"@id":"\/#\/schema\/logo\/image\/"}},{"@type":"Person","@id":"\/#\/schema\/person\/567fbb427319d0dae3bc6b33aba48a62","name":"IAAviM","image":{"@type":"ImageObject","inLanguage":"es-AR","@id":"https:\/\/secure.gravatar.com\/avatar\/9802bb83cd8afc8d9eae1a570850fcaf194494ca73cbac30d506afe269460348?s=96&d=blank&r=g","url":"https:\/\/secure.gravatar.com\/avatar\/9802bb83cd8afc8d9eae1a570850fcaf194494ca73cbac30d506afe269460348?s=96&d=blank&r=g","contentUrl":"https:\/\/secure.gravatar.com\/avatar\/9802bb83cd8afc8d9eae1a570850fcaf194494ca73cbac30d506afe269460348?s=96&d=blank&r=g","caption":"IAAviM"},"url":"https:\/\/www.iaavim.gob.ar\/?author=1"}]}},"amp_enabled":true,"_links":{"self":[{"href":"https:\/\/www.iaavim.gob.ar\/index.php?rest_route=\/wp\/v2\/posts\/15787","targetHints":{"allow":["GET"]}}],"collection":[{"href":"https:\/\/www.iaavim.gob.ar\/index.php?rest_route=\/wp\/v2\/posts"}],"about":[{"href":"https:\/\/www.iaavim.gob.ar\/index.php?rest_route=\/wp\/v2\/types\/post"}],"author":[{"embeddable":true,"href":"https:\/\/www.iaavim.gob.ar\/index.php?rest_route=\/wp\/v2\/users\/1"}],"replies":[{"embeddable":true,"href":"https:\/\/www.iaavim.gob.ar\/index.php?rest_route=%2Fwp%2Fv2%2Fcomments&post=15787"}],"version-history":[{"count":2,"href":"https:\/\/www.iaavim.gob.ar\/index.php?rest_route=\/wp\/v2\/posts\/15787\/revisions"}],"predecessor-version":[{"id":15812,"href":"https:\/\/www.iaavim.gob.ar\/index.php?rest_route=\/wp\/v2\/posts\/15787\/revisions\/15812"}],"wp:featuredmedia":[{"embeddable":true,"href":"https:\/\/www.iaavim.gob.ar\/index.php?rest_route=\/wp\/v2\/media\/15788"}],"wp:attachment":[{"href":"https:\/\/www.iaavim.gob.ar\/index.php?rest_route=%2Fwp%2Fv2%2Fmedia&parent=15787"}],"wp:term":[{"taxonomy":"category","embeddable":true,"href":"https:\/\/www.iaavim.gob.ar\/index.php?rest_route=%2Fwp%2Fv2%2Fcategories&post=15787"},{"taxonomy":"post_tag","embeddable":true,"href":"https:\/\/www.iaavim.gob.ar\/index.php?rest_route=%2Fwp%2Fv2%2Ftags&post=15787"}],"curies":[{"name":"wp","href":"https:\/\/api.w.org\/{rel}","templated":true}]}}