{"id":15746,"date":"2025-12-03T12:25:43","date_gmt":"2025-12-03T15:25:43","guid":{"rendered":"https:\/\/www.iaavim.gob.ar\/?p=15746"},"modified":"2025-12-03T12:25:44","modified_gmt":"2025-12-03T15:25:44","slug":"misiones-convoca-al-ix-foro-audiovisual-para-proyectar-su-crecimiento","status":"publish","type":"post","link":"https:\/\/www.iaavim.gob.ar\/?p=15746","title":{"rendered":"Misiones convoca al IX Foro Audiovisual para proyectar su crecimiento"},"content":{"rendered":"\n<p>Este <strong>s\u00e1bado 6 de diciembre<\/strong>, el sector audiovisual de Misiones se reunir\u00e1 en el <strong>IX Foro Consultivo de Pol\u00edticas P\u00fablicas Audiovisuales<\/strong>, una instancia participativa que desde hace m\u00e1s de una d\u00e9cada distingue al <strong>Instituto de Artes Audiovisuales de Misiones (IAAviM) <\/strong>como organismo p\u00fablico que dise\u00f1a pol\u00edticas basadas en la <strong>participaci\u00f3n activa del sector y de sus trabajadores<\/strong>. El Foro, establecido como espacio bianual por la<strong> Ley VI N\u00ba 171<\/strong>, este a\u00f1o abordar\u00e1 temas clave como gesti\u00f3n territorial, participaci\u00f3n, exhibici\u00f3n, capacitaci\u00f3n e investigaci\u00f3n.<\/p>\n\n\n\n<p>La edici\u00f3n 2025 del Foro se desarrollar\u00e1 en<strong> Silicon Misiones<\/strong> (Av. Ulises L\u00f3pez s\/n, Posadas) de <strong>8:30 a 18 hs<\/strong>, y reunir\u00e1 a <em>realizadores, productores, t\u00e9cnicos, estudiantes, cineclubistas, responsables de salas, festivales, y representantes institucionales de toda la provincia<\/em>. La jornada iniciar\u00e1 con la acreditaci\u00f3n para luego continuar con el panel a cargo del presidente del IAAviM, <strong>Sergio Acosta<\/strong>, donde se presentar\u00e1 el informe de gesti\u00f3n del Instituto correspondiente al per\u00edodo 2024\u20132025. Esta instancia permitir\u00e1 socializar las acciones realizadas y los recursos invertidos.<\/p>\n\n\n\n<p>El Foro se consolida como una herramienta estrat\u00e9gica para la planificaci\u00f3n de las pol\u00edticas p\u00fablicas audiovisuales en Misiones, especialmente en un escenario nacional marcado por la crisis del fomento, las transformaciones tecnol\u00f3gicas, la multiplicaci\u00f3n de plataformas y la necesidad de repensar modelos de sostenimiento y producci\u00f3n cultural. En este sentido, el encuentro busca fortalecer un enfoque territorial que reconozca la diversidad geogr\u00e1fica, cultural y productiva de la provincia, promoviendo una agenda equitativa y representativa.<\/p>\n\n\n\n<p>Durante la jornada, los participantes trabajar\u00e1n en <strong>cuatro mesas sectoriales simult\u00e1neas<\/strong>, donde se abordar\u00e1n temas clave para la vida institucional y productiva del sector audiovisual: \u201cGesti\u00f3n territorial y reglamento de funcionamiento del Consejo Directivo\u201d, \u201cCrisis de la participaci\u00f3n en convocatorias y programas del IAAviM\u201d, \u201cExhibici\u00f3n, Red de Cineclubes, Cinem\u00f3vil y Festivales; y \u201cCapacitaci\u00f3n e investigaci\u00f3n, con criterios de territorialidad y diversidad de perfiles\u201d.<\/p>\n\n\n\n<p>Cada mesa funcionar\u00e1 como un espacio de intercambio horizontal donde se compartir\u00e1n diagn\u00f3sticos, se analizar\u00e1n desaf\u00edos y se elaborar\u00e1n propuestas que ser\u00e1n sistematizadas para orientar la planificaci\u00f3n institucional 2026\u20132027. El d\u00eda concluir\u00e1 con un plenario colectivo en el que se presentar\u00e1n las conclusiones y se firmar\u00e1n las actas de acuerdos, reafirmando el car\u00e1cter democr\u00e1tico y participativo del proceso.<\/p>\n\n\n\n<p>El Foro Consultivo reafirma, una vez m\u00e1s, el compromiso del IAAviM con un modelo de gesti\u00f3n que se nutre de la mirada del sector, promoviendo la construcci\u00f3n colectiva de pol\u00edticas p\u00fablicas sostenibles, transparentes y ajustadas a las realidades y necesidades de quienes sostienen el quehacer audiovisual en Misiones.<\/p>\n\n\n\n<p><\/p>\n\n\n\n<h3 class=\"wp-block-heading\"><strong>Cronograma de actividades<\/strong><\/h3>\n\n\n\n<p><strong>Lugar:<\/strong> Silicon Misiones (Av. Ulises L\u00f3pez s\/n, Acceso Oeste, Posadas)<br><strong>Fecha:<\/strong> S\u00e1bado 6 de diciembre de 2025<br><strong>Horario:<\/strong> 8:30 a 18:00 hs<strong>8:30 \u2013 09:15<\/strong> | Acreditaci\u00f3n y caf\u00e9 de bienvenida<br><strong>9:15 \u2013 10:30<\/strong> | Panel 1: <em>Informe de gesti\u00f3n IAAviM 2024\/25<\/em> (Exposici\u00f3n + espacio para preguntas)<br><strong>10:45 \u2013 13:00<\/strong> | Mesas de trabajo simult\u00e1neas (bloque 1)<br><strong>13:00 \u2013 14:00<\/strong> | Almuerzo<br><strong>14:00 \u2013 16:00<\/strong> | Mesas de trabajo simult\u00e1neas (bloque 2) \u2013 Continuaci\u00f3n y profundizaci\u00f3n<br><strong>16:00 \u2013 16:15<\/strong> | Pausa<br><strong>16:15 \u2013 17:15<\/strong> | Mesas de trabajo simult\u00e1neas (bloque 3) \u2013 Cierre y s\u00edntesis final<br><strong>17:15 \u2013 18:00<\/strong> | Plenario colectivo: presentaci\u00f3n de conclusiones y firma de actas \/ Cierre institucional y despedida<\/p>\n","protected":false},"excerpt":{"rendered":"<p>Este s\u00e1bado 6 de diciembre, el sector audiovisual de Misiones se reunir\u00e1 en el IX Foro Consultivo de Pol\u00edticas P\u00fablicas Audiovisuales, una instancia participativa que desde hace m\u00e1s de una d\u00e9cada distingue al Instituto de Artes Audiovisuales de Misiones (IAAviM) como organismo p\u00fablico que dise\u00f1a pol\u00edticas basadas en la participaci\u00f3n activa del sector y de &hellip;<\/p>\n","protected":false},"author":1,"featured_media":15747,"comment_status":"closed","ping_status":"open","sticky":false,"template":"","format":"standard","meta":{"_acf_changed":false,"footnotes":""},"categories":[39],"tags":[219,1223,159],"class_list":["post-15746","post","type-post","status-publish","format-standard","has-post-thumbnail","hentry","category-noticias-del-iaavim","tag-foro","tag-foro-consultivo-de-politicas-publicas-audiovisuales","tag-sector-audiovisual"],"acf":[],"yoast_head":"<!-- This site is optimized with the Yoast SEO plugin v27.4 - https:\/\/yoast.com\/product\/yoast-seo-wordpress\/ -->\n<title>Misiones convoca al IX Foro Audiovisual para proyectar su crecimiento - IAAviM<\/title>\n<meta name=\"description\" content=\"El s\u00e1bado 6 en Posadas, el sector audiovisual misionero se vuelve a reunir en el IX Foro Consultivo de Pol\u00edticas P\u00fablicas Audiovisuales\" \/>\n<meta name=\"robots\" content=\"index, follow, max-snippet:-1, max-image-preview:large, max-video-preview:-1\" \/>\n<link rel=\"canonical\" href=\"https:\/\/www.iaavim.gob.ar\/?p=15746\" \/>\n<meta property=\"og:locale\" content=\"es_ES\" \/>\n<meta property=\"og:type\" content=\"article\" \/>\n<meta property=\"og:title\" content=\"Misiones convoca al IX Foro Audiovisual para proyectar su crecimiento - IAAviM\" \/>\n<meta property=\"og:description\" content=\"El s\u00e1bado 6 en Posadas, el sector audiovisual misionero se vuelve a reunir en el IX Foro Consultivo de Pol\u00edticas P\u00fablicas Audiovisuales\" \/>\n<meta property=\"og:url\" content=\"https:\/\/www.iaavim.gob.ar\/?p=15746\" \/>\n<meta property=\"article:published_time\" content=\"2025-12-03T15:25:43+00:00\" \/>\n<meta property=\"article:modified_time\" content=\"2025-12-03T15:25:44+00:00\" \/>\n<meta property=\"og:image\" content=\"https:\/\/www.iaavim.gob.ar\/wp-content\/uploads\/2025\/12\/cabecera-1.png\" \/>\n\t<meta property=\"og:image:width\" content=\"1201\" \/>\n\t<meta property=\"og:image:height\" content=\"481\" \/>\n\t<meta property=\"og:image:type\" content=\"image\/png\" \/>\n<meta name=\"author\" content=\"IAAviM\" \/>\n<meta name=\"twitter:card\" content=\"summary_large_image\" \/>\n<meta name=\"twitter:label1\" content=\"Escrito por\" \/>\n\t<meta name=\"twitter:data1\" content=\"IAAviM\" \/>\n\t<meta name=\"twitter:label2\" content=\"Tiempo de lectura\" \/>\n\t<meta name=\"twitter:data2\" content=\"3 minutos\" \/>\n<script type=\"application\/ld+json\" class=\"yoast-schema-graph\">{\"@context\":\"https:\\\/\\\/schema.org\",\"@graph\":[{\"@type\":\"Article\",\"@id\":\"https:\\\/\\\/www.iaavim.gob.ar\\\/?p=15746#article\",\"isPartOf\":{\"@id\":\"https:\\\/\\\/www.iaavim.gob.ar\\\/?p=15746\"},\"author\":{\"name\":\"IAAviM\",\"@id\":\"\\\/#\\\/schema\\\/person\\\/567fbb427319d0dae3bc6b33aba48a62\"},\"headline\":\"Misiones convoca al IX Foro Audiovisual para proyectar su crecimiento\",\"datePublished\":\"2025-12-03T15:25:43+00:00\",\"dateModified\":\"2025-12-03T15:25:44+00:00\",\"mainEntityOfPage\":{\"@id\":\"https:\\\/\\\/www.iaavim.gob.ar\\\/?p=15746\"},\"wordCount\":552,\"publisher\":{\"@id\":\"\\\/#organization\"},\"image\":{\"@id\":\"https:\\\/\\\/www.iaavim.gob.ar\\\/?p=15746#primaryimage\"},\"thumbnailUrl\":\"https:\\\/\\\/www.iaavim.gob.ar\\\/wp-content\\\/uploads\\\/2025\\\/12\\\/cabecera-1.png\",\"keywords\":[\"Foro\",\"Foro Consultivo de Pol\u00edticas P\u00fablicas Audiovisuales\",\"sector audiovisual\"],\"articleSection\":[\"Noticias del IAAviM\"],\"inLanguage\":\"es-AR\"},{\"@type\":\"WebPage\",\"@id\":\"https:\\\/\\\/www.iaavim.gob.ar\\\/?p=15746\",\"url\":\"https:\\\/\\\/www.iaavim.gob.ar\\\/?p=15746\",\"name\":\"Misiones convoca al IX Foro Audiovisual para proyectar su crecimiento - IAAviM\",\"isPartOf\":{\"@id\":\"\\\/#website\"},\"primaryImageOfPage\":{\"@id\":\"https:\\\/\\\/www.iaavim.gob.ar\\\/?p=15746#primaryimage\"},\"image\":{\"@id\":\"https:\\\/\\\/www.iaavim.gob.ar\\\/?p=15746#primaryimage\"},\"thumbnailUrl\":\"https:\\\/\\\/www.iaavim.gob.ar\\\/wp-content\\\/uploads\\\/2025\\\/12\\\/cabecera-1.png\",\"datePublished\":\"2025-12-03T15:25:43+00:00\",\"dateModified\":\"2025-12-03T15:25:44+00:00\",\"description\":\"El s\u00e1bado 6 en Posadas, el sector audiovisual misionero se vuelve a reunir en el IX Foro Consultivo de Pol\u00edticas P\u00fablicas Audiovisuales\",\"breadcrumb\":{\"@id\":\"https:\\\/\\\/www.iaavim.gob.ar\\\/?p=15746#breadcrumb\"},\"inLanguage\":\"es-AR\",\"potentialAction\":[{\"@type\":\"ReadAction\",\"target\":[\"https:\\\/\\\/www.iaavim.gob.ar\\\/?p=15746\"]}]},{\"@type\":\"ImageObject\",\"inLanguage\":\"es-AR\",\"@id\":\"https:\\\/\\\/www.iaavim.gob.ar\\\/?p=15746#primaryimage\",\"url\":\"https:\\\/\\\/www.iaavim.gob.ar\\\/wp-content\\\/uploads\\\/2025\\\/12\\\/cabecera-1.png\",\"contentUrl\":\"https:\\\/\\\/www.iaavim.gob.ar\\\/wp-content\\\/uploads\\\/2025\\\/12\\\/cabecera-1.png\",\"width\":1201,\"height\":481},{\"@type\":\"BreadcrumbList\",\"@id\":\"https:\\\/\\\/www.iaavim.gob.ar\\\/?p=15746#breadcrumb\",\"itemListElement\":[{\"@type\":\"ListItem\",\"position\":1,\"name\":\"Inicio\",\"item\":\"https:\\\/\\\/www.iaavim.gob.ar\\\/\"},{\"@type\":\"ListItem\",\"position\":2,\"name\":\"Misiones convoca al IX Foro Audiovisual para proyectar su crecimiento\"}]},{\"@type\":\"WebSite\",\"@id\":\"\\\/#website\",\"url\":\"\\\/\",\"name\":\"\",\"description\":\"Sitio oficial del IAAviM\",\"publisher\":{\"@id\":\"\\\/#organization\"},\"potentialAction\":[{\"@type\":\"SearchAction\",\"target\":{\"@type\":\"EntryPoint\",\"urlTemplate\":\"\\\/?s={search_term_string}\"},\"query-input\":{\"@type\":\"PropertyValueSpecification\",\"valueRequired\":true,\"valueName\":\"search_term_string\"}}],\"inLanguage\":\"es-AR\"},{\"@type\":\"Organization\",\"@id\":\"\\\/#organization\",\"name\":\"Instituto de Artes Audiovisuales de Misiones\",\"url\":\"\\\/\",\"logo\":{\"@type\":\"ImageObject\",\"inLanguage\":\"es-AR\",\"@id\":\"\\\/#\\\/schema\\\/logo\\\/image\\\/\",\"url\":\"https:\\\/\\\/iaavim.misiones.gob.ar\\\/wp-content\\\/uploads\\\/2021\\\/07\\\/logo-iaavim-preview.png.jpg\",\"contentUrl\":\"https:\\\/\\\/iaavim.misiones.gob.ar\\\/wp-content\\\/uploads\\\/2021\\\/07\\\/logo-iaavim-preview.png.jpg\",\"width\":1200,\"height\":675,\"caption\":\"Instituto de Artes Audiovisuales de Misiones\"},\"image\":{\"@id\":\"\\\/#\\\/schema\\\/logo\\\/image\\\/\"}},{\"@type\":\"Person\",\"@id\":\"\\\/#\\\/schema\\\/person\\\/567fbb427319d0dae3bc6b33aba48a62\",\"name\":\"IAAviM\",\"image\":{\"@type\":\"ImageObject\",\"inLanguage\":\"es-AR\",\"@id\":\"https:\\\/\\\/secure.gravatar.com\\\/avatar\\\/9802bb83cd8afc8d9eae1a570850fcaf194494ca73cbac30d506afe269460348?s=96&d=blank&r=g\",\"url\":\"https:\\\/\\\/secure.gravatar.com\\\/avatar\\\/9802bb83cd8afc8d9eae1a570850fcaf194494ca73cbac30d506afe269460348?s=96&d=blank&r=g\",\"contentUrl\":\"https:\\\/\\\/secure.gravatar.com\\\/avatar\\\/9802bb83cd8afc8d9eae1a570850fcaf194494ca73cbac30d506afe269460348?s=96&d=blank&r=g\",\"caption\":\"IAAviM\"},\"url\":\"https:\\\/\\\/www.iaavim.gob.ar\\\/?author=1\"}]}<\/script>\n<!-- \/ Yoast SEO plugin. -->","yoast_head_json":{"title":"Misiones convoca al IX Foro Audiovisual para proyectar su crecimiento - IAAviM","description":"El s\u00e1bado 6 en Posadas, el sector audiovisual misionero se vuelve a reunir en el IX Foro Consultivo de Pol\u00edticas P\u00fablicas Audiovisuales","robots":{"index":"index","follow":"follow","max-snippet":"max-snippet:-1","max-image-preview":"max-image-preview:large","max-video-preview":"max-video-preview:-1"},"canonical":"https:\/\/www.iaavim.gob.ar\/?p=15746","og_locale":"es_ES","og_type":"article","og_title":"Misiones convoca al IX Foro Audiovisual para proyectar su crecimiento - IAAviM","og_description":"El s\u00e1bado 6 en Posadas, el sector audiovisual misionero se vuelve a reunir en el IX Foro Consultivo de Pol\u00edticas P\u00fablicas Audiovisuales","og_url":"https:\/\/www.iaavim.gob.ar\/?p=15746","article_published_time":"2025-12-03T15:25:43+00:00","article_modified_time":"2025-12-03T15:25:44+00:00","og_image":[{"width":1201,"height":481,"url":"https:\/\/www.iaavim.gob.ar\/wp-content\/uploads\/2025\/12\/cabecera-1.png","type":"image\/png"}],"author":"IAAviM","twitter_card":"summary_large_image","twitter_misc":{"Escrito por":"IAAviM","Tiempo de lectura":"3 minutos"},"schema":{"@context":"https:\/\/schema.org","@graph":[{"@type":"Article","@id":"https:\/\/www.iaavim.gob.ar\/?p=15746#article","isPartOf":{"@id":"https:\/\/www.iaavim.gob.ar\/?p=15746"},"author":{"name":"IAAviM","@id":"\/#\/schema\/person\/567fbb427319d0dae3bc6b33aba48a62"},"headline":"Misiones convoca al IX Foro Audiovisual para proyectar su crecimiento","datePublished":"2025-12-03T15:25:43+00:00","dateModified":"2025-12-03T15:25:44+00:00","mainEntityOfPage":{"@id":"https:\/\/www.iaavim.gob.ar\/?p=15746"},"wordCount":552,"publisher":{"@id":"\/#organization"},"image":{"@id":"https:\/\/www.iaavim.gob.ar\/?p=15746#primaryimage"},"thumbnailUrl":"https:\/\/www.iaavim.gob.ar\/wp-content\/uploads\/2025\/12\/cabecera-1.png","keywords":["Foro","Foro Consultivo de Pol\u00edticas P\u00fablicas Audiovisuales","sector audiovisual"],"articleSection":["Noticias del IAAviM"],"inLanguage":"es-AR"},{"@type":"WebPage","@id":"https:\/\/www.iaavim.gob.ar\/?p=15746","url":"https:\/\/www.iaavim.gob.ar\/?p=15746","name":"Misiones convoca al IX Foro Audiovisual para proyectar su crecimiento - IAAviM","isPartOf":{"@id":"\/#website"},"primaryImageOfPage":{"@id":"https:\/\/www.iaavim.gob.ar\/?p=15746#primaryimage"},"image":{"@id":"https:\/\/www.iaavim.gob.ar\/?p=15746#primaryimage"},"thumbnailUrl":"https:\/\/www.iaavim.gob.ar\/wp-content\/uploads\/2025\/12\/cabecera-1.png","datePublished":"2025-12-03T15:25:43+00:00","dateModified":"2025-12-03T15:25:44+00:00","description":"El s\u00e1bado 6 en Posadas, el sector audiovisual misionero se vuelve a reunir en el IX Foro Consultivo de Pol\u00edticas P\u00fablicas Audiovisuales","breadcrumb":{"@id":"https:\/\/www.iaavim.gob.ar\/?p=15746#breadcrumb"},"inLanguage":"es-AR","potentialAction":[{"@type":"ReadAction","target":["https:\/\/www.iaavim.gob.ar\/?p=15746"]}]},{"@type":"ImageObject","inLanguage":"es-AR","@id":"https:\/\/www.iaavim.gob.ar\/?p=15746#primaryimage","url":"https:\/\/www.iaavim.gob.ar\/wp-content\/uploads\/2025\/12\/cabecera-1.png","contentUrl":"https:\/\/www.iaavim.gob.ar\/wp-content\/uploads\/2025\/12\/cabecera-1.png","width":1201,"height":481},{"@type":"BreadcrumbList","@id":"https:\/\/www.iaavim.gob.ar\/?p=15746#breadcrumb","itemListElement":[{"@type":"ListItem","position":1,"name":"Inicio","item":"https:\/\/www.iaavim.gob.ar\/"},{"@type":"ListItem","position":2,"name":"Misiones convoca al IX Foro Audiovisual para proyectar su crecimiento"}]},{"@type":"WebSite","@id":"\/#website","url":"\/","name":"","description":"Sitio oficial del IAAviM","publisher":{"@id":"\/#organization"},"potentialAction":[{"@type":"SearchAction","target":{"@type":"EntryPoint","urlTemplate":"\/?s={search_term_string}"},"query-input":{"@type":"PropertyValueSpecification","valueRequired":true,"valueName":"search_term_string"}}],"inLanguage":"es-AR"},{"@type":"Organization","@id":"\/#organization","name":"Instituto de Artes Audiovisuales de Misiones","url":"\/","logo":{"@type":"ImageObject","inLanguage":"es-AR","@id":"\/#\/schema\/logo\/image\/","url":"https:\/\/iaavim.misiones.gob.ar\/wp-content\/uploads\/2021\/07\/logo-iaavim-preview.png.jpg","contentUrl":"https:\/\/iaavim.misiones.gob.ar\/wp-content\/uploads\/2021\/07\/logo-iaavim-preview.png.jpg","width":1200,"height":675,"caption":"Instituto de Artes Audiovisuales de Misiones"},"image":{"@id":"\/#\/schema\/logo\/image\/"}},{"@type":"Person","@id":"\/#\/schema\/person\/567fbb427319d0dae3bc6b33aba48a62","name":"IAAviM","image":{"@type":"ImageObject","inLanguage":"es-AR","@id":"https:\/\/secure.gravatar.com\/avatar\/9802bb83cd8afc8d9eae1a570850fcaf194494ca73cbac30d506afe269460348?s=96&d=blank&r=g","url":"https:\/\/secure.gravatar.com\/avatar\/9802bb83cd8afc8d9eae1a570850fcaf194494ca73cbac30d506afe269460348?s=96&d=blank&r=g","contentUrl":"https:\/\/secure.gravatar.com\/avatar\/9802bb83cd8afc8d9eae1a570850fcaf194494ca73cbac30d506afe269460348?s=96&d=blank&r=g","caption":"IAAviM"},"url":"https:\/\/www.iaavim.gob.ar\/?author=1"}]}},"amp_enabled":true,"_links":{"self":[{"href":"https:\/\/www.iaavim.gob.ar\/index.php?rest_route=\/wp\/v2\/posts\/15746","targetHints":{"allow":["GET"]}}],"collection":[{"href":"https:\/\/www.iaavim.gob.ar\/index.php?rest_route=\/wp\/v2\/posts"}],"about":[{"href":"https:\/\/www.iaavim.gob.ar\/index.php?rest_route=\/wp\/v2\/types\/post"}],"author":[{"embeddable":true,"href":"https:\/\/www.iaavim.gob.ar\/index.php?rest_route=\/wp\/v2\/users\/1"}],"replies":[{"embeddable":true,"href":"https:\/\/www.iaavim.gob.ar\/index.php?rest_route=%2Fwp%2Fv2%2Fcomments&post=15746"}],"version-history":[{"count":1,"href":"https:\/\/www.iaavim.gob.ar\/index.php?rest_route=\/wp\/v2\/posts\/15746\/revisions"}],"predecessor-version":[{"id":15748,"href":"https:\/\/www.iaavim.gob.ar\/index.php?rest_route=\/wp\/v2\/posts\/15746\/revisions\/15748"}],"wp:featuredmedia":[{"embeddable":true,"href":"https:\/\/www.iaavim.gob.ar\/index.php?rest_route=\/wp\/v2\/media\/15747"}],"wp:attachment":[{"href":"https:\/\/www.iaavim.gob.ar\/index.php?rest_route=%2Fwp%2Fv2%2Fmedia&parent=15746"}],"wp:term":[{"taxonomy":"category","embeddable":true,"href":"https:\/\/www.iaavim.gob.ar\/index.php?rest_route=%2Fwp%2Fv2%2Fcategories&post=15746"},{"taxonomy":"post_tag","embeddable":true,"href":"https:\/\/www.iaavim.gob.ar\/index.php?rest_route=%2Fwp%2Fv2%2Ftags&post=15746"}],"curies":[{"name":"wp","href":"https:\/\/api.w.org\/{rel}","templated":true}]}}