{"id":15724,"date":"2025-11-27T12:51:04","date_gmt":"2025-11-27T15:51:04","guid":{"rendered":"https:\/\/www.iaavim.gob.ar\/?p=15724"},"modified":"2025-11-27T12:54:32","modified_gmt":"2025-11-27T15:54:32","slug":"foro-audiovisual-2025-un-encuentro-clave-en-tiempos-de-incertidumbre","status":"publish","type":"post","link":"https:\/\/www.iaavim.gob.ar\/?p=15724","title":{"rendered":"Foro Audiovisual 2025: un encuentro clave en tiempos de incertidumbre"},"content":{"rendered":"\n<p>El pr\u00f3ximo <strong>s\u00e1bado 6 de diciembre<\/strong>, la comunidad audiovisual de Misiones volver\u00e1 a encontrarse en una nueva edici\u00f3n del <strong>Foro Consultivo de Pol\u00edticas P\u00fablicas Audiovisuales<\/strong>, un \u00e1mbito que -aunque qued\u00f3 establecido como instancia bianual en la Ley VI N\u00b0 171 de Promoci\u00f3n Audiovisual- naci\u00f3 mucho antes como una pr\u00e1ctica colectiva del propio sector, que impuls\u00f3 la sanci\u00f3n de la Ley y la creaci\u00f3n del <strong>Instituto de Artes Audiovisuales de Misiones<\/strong> (IAAviM). Ese origen profundamente participativo es el que, edici\u00f3n tras edici\u00f3n, sostiene el esp\u00edritu del Foro: un espacio donde las decisiones sobre el presente y el futuro del audiovisual misionero se construyen desde la escucha, el di\u00e1logo y la planificaci\u00f3n com\u00fan.<\/p>\n\n\n\n<p>La jornada se desarrollar\u00e1 en <strong>Silicon Misiones<\/strong> y reunir\u00e1 a realizadores, productores, t\u00e9cnicos, estudiantes, gestores culturales y representantes institucionales de toda la provincia. All\u00ed se compartir\u00e1n diagn\u00f3sticos, se presentar\u00e1 un informe de la gesti\u00f3n 2024\/2025 del IAAviM y se trabajar\u00e1 en mesas simult\u00e1neas para debatir sobre los desaf\u00edos actuales del sector. Para <strong>Benjam\u00edn Correa<\/strong>, consejero del Distrito Audiovisual Uruguay, esta din\u00e1mica participativa no solo es necesaria, sino constitutiva del sentido mismo de la pol\u00edtica p\u00fablica: <em>\u201cCuando se habla de pol\u00edticas p\u00fablicas audiovisuales, se habla de algo que solo tiene sentido o raz\u00f3n de ser si se construye entre varios o entre todos, porque no hay ninguna l\u00ednea de trabajo, ning\u00fan programa, ninguna medida que se sostenga si eso no nace del di\u00e1logo, de un di\u00e1logo real\u201d.<\/em><\/p>\n\n\n\n<p>Ese di\u00e1logo real requiere reconocer la <strong>pluralidad de miradas<\/strong> que conforman el ecosistema audiovisual. Correa remarca que consensuar no significa homogeneidad ni renuncia a los matices: <em>\u201cConstruir por consenso no significa solamente acordar, sino poner en valor la diversidad de verdades que tiene cada uno\u2026 reconocer que existen diferencias, pero que esas diferencias no son un obst\u00e1culo, sino algo muy rico que permite ampliar la realidad del sector audiovisual de la provincia\u201d.<\/em> En ese sentido, recuerda que el Foro no es un espacio donde \u201ctodos piensan igual\u201d, sino un dispositivo que permite que esas ideas diversas se encuentren, se tensen y se transformen en propuestas concretas para aplicar en los pr\u00f3ximos a\u00f1os. Como \u00e9l mismo se\u00f1ala, <em>\u201cel foro es ese espacio de encuentro [\u2026] donde las ideas y las verdades de cada uno se empiezan a cruzar y se transforman en propuestas que luego van a ser llevadas a la pr\u00e1ctica\u201d.<\/em><\/p>\n\n\n\n<p>La edici\u00f3n 2025 adquiere una relevancia particular en el <strong>contexto nacional<\/strong>, marcado por la incertidumbre para el fomento, la producci\u00f3n y la exhibici\u00f3n de contenidos audiovisuales. En este escenario, el sector misionero se re\u00fane para pensar estrategias propias, fortalecidas por una identidad construida durante m\u00e1s de una d\u00e9cada de trabajo sostenido. Correa advierte sobre la importancia de no perder de vista este horizonte compartido: <em>\u201cSabemos que el contexto pol\u00edtico, social, econ\u00f3mico est\u00e1 complicado\u2026 entonces tenemos que discutir en serio qu\u00e9 es lo que podemos hacer nosotros desde nuestro lugar, defender nuestra actividad, cuidarla y proponer discusiones a la altura de la situaci\u00f3n\u201d.<\/em><\/p>\n\n\n\n<p>El <strong>Foro<\/strong> invita a <strong>reflexionar colectivamente sobre la cultura audiovisual como un derecho, una industria y una herramienta de expresi\u00f3n que no puede ser reducida a un gasto<\/strong>. Por eso, el consejero sostiene que es fundamental reafirmar la potencia del sector frente a discursos que pretenden desacreditarlo: <em>\u201cNo podemos dejar que desde arriba nos digan \u2018lo que ustedes hacen no sirve\u2019. No vamos a dejar que nos digan eso. Tenemos un camino recorrido en el audiovisual, una identidad, tenemos energ\u00eda, tenemos fuerza; somos una provincia joven que se fue validando a s\u00ed misma\u201d.<\/em><\/p>\n\n\n\n<p>La participaci\u00f3n activa ser\u00e1 nuevamente el motor del encuentro, que este a\u00f1o propone <strong>cuatro mesas de trabajo<\/strong>: gesti\u00f3n territorial y reglamento del Consejo Directivo; crisis de participaci\u00f3n en convocatorias; exhibici\u00f3n y redes de cineclubes, cinem\u00f3vil y festivales; y capacitaci\u00f3n e investigaci\u00f3n. Cada una de estas instancias fue definida colectivamente en los distritos audiovisuales, a partir de un proceso previo de diagn\u00f3stico, intercambio y priorizaci\u00f3n. Para Correa, asumir un rol activo en estos espacios es parte esencial de la vida del sector: <em>\u201cHay que calzarse los botines, subirse las medias y salir a la cancha. Si nosotros no participamos y dejamos que nos sigan definiendo, ah\u00ed s\u00ed va a estar complicada. El audiovisual misionero no se caracteriza por eso: hay que ser parte, participar e ir con ideas, sin miedo\u201d.<\/em><\/p>\n\n\n\n<p>El <strong>IX Foro Consultivo<\/strong> reafirma as\u00ed su esencia: un espacio de construcci\u00f3n plural donde el Estado y la comunidad audiovisual trazan juntos las pol\u00edticas que orientar\u00e1n el sector en los pr\u00f3ximos dos a\u00f1os. Como cada edici\u00f3n, el trabajo colectivo culminar\u00e1 en un documento de propuestas y acuerdos que se convertir\u00e1 en hoja de ruta para seguir fortaleciendo a Misiones como un territorio creativo, con identidad propia y proyecci\u00f3n regional.<\/p>\n\n\n\n<p>Con motivo a la organizaci\u00f3n del Foro, las personas interesadas en participar deber\u00e1n inscribirse <strong>hasta el jueves 4 de diciembre<\/strong>, a trav\u00e9s del siguiente formulario:<\/p>\n\n\n\n<p><a href=\"https:\/\/docs.google.com\/forms\/d\/e\/1FAIpQLSdwOmAikX2_4kdnJqeSM3ukBXIClyeVcIJbpgDvF2wCcM4A-Q\/viewform\">https:\/\/docs.google.com\/forms\/d\/e\/1FAIpQLSdwOmAikX2_4kdnJqeSM3ukBXIClyeVcIJbpgDvF2wCcM4A-Q\/viewform<\/a><\/p>\n\n\n\n<p><\/p>\n\n\n\n<figure class=\"wp-block-image size-large\"><img loading=\"lazy\" decoding=\"async\" width=\"1024\" height=\"193\" src=\"https:\/\/www.iaavim.gob.ar\/wp-content\/uploads\/2025\/11\/banner-1-1024x193.png\" alt=\"\" class=\"wp-image-15725\" srcset=\"https:\/\/www.iaavim.gob.ar\/wp-content\/uploads\/2025\/11\/banner-1-1024x193.png 1024w, https:\/\/www.iaavim.gob.ar\/wp-content\/uploads\/2025\/11\/banner-1-300x56.png 300w, https:\/\/www.iaavim.gob.ar\/wp-content\/uploads\/2025\/11\/banner-1-768x144.png 768w, https:\/\/www.iaavim.gob.ar\/wp-content\/uploads\/2025\/11\/banner-1-1536x289.png 1536w, https:\/\/www.iaavim.gob.ar\/wp-content\/uploads\/2025\/11\/banner-1.png 1601w\" sizes=\"auto, (max-width: 1024px) 100vw, 1024px\" \/><\/figure>\n\n\n\n<p><\/p>\n\n\n\n<h3 class=\"wp-block-heading\"><strong>Cronograma de actividades<br>IX Foro Consultivo de Pol\u00edticas P\u00fablicas Audiovisuales de Misiones<\/strong><\/h3>\n\n\n\n<p><strong>Lugar:<\/strong> Silicon Misiones (Av. Ulises L\u00f3pez s\/n, Acceso Oeste, Posadas)<br><strong>Fecha:<\/strong> S\u00e1bado 6 de diciembre de 2025<br><strong>Horario:<\/strong> 8:30 a 18:00 hs<\/p>\n\n\n\n<p><strong>8:30 \u2013 09:15<\/strong> | Acreditaci\u00f3n y caf\u00e9 de bienvenida<br><strong>9:15 \u2013 10:30<\/strong> | Panel 1: <em>Informe de gesti\u00f3n IAAviM 2024\/25<\/em> (Exposici\u00f3n + espacio para preguntas)<br><strong>10:45 \u2013 13:00<\/strong> | Mesas de trabajo simult\u00e1neas (bloque 1)<br><strong>13:00 \u2013 14:00<\/strong> | Almuerzo<br><strong>14:00 \u2013 16:00<\/strong> | Mesas de trabajo simult\u00e1neas (bloque 2) \u2013 Continuaci\u00f3n y profundizaci\u00f3n<br><strong>16:00 \u2013 16:15<\/strong> | Pausa<br><strong>16:15 \u2013 17:15<\/strong> | Mesas de trabajo simult\u00e1neas (bloque 3) \u2013 Cierre y s\u00edntesis final<br><strong>17:15 \u2013 18:00<\/strong> | Plenario colectivo: presentaci\u00f3n de conclusiones y firma de actas \/ Cierre institucional y despedida<br><\/p>\n\n\n\n<div style=\"height:120px\" aria-hidden=\"true\" class=\"wp-block-spacer\"><\/div>\n\n\n\n<p><br><\/p>\n","protected":false},"excerpt":{"rendered":"<p>El pr\u00f3ximo s\u00e1bado 6 de diciembre, la comunidad audiovisual de Misiones volver\u00e1 a encontrarse en una nueva edici\u00f3n del Foro Consultivo de Pol\u00edticas P\u00fablicas Audiovisuales, un \u00e1mbito que -aunque qued\u00f3 establecido como instancia bianual en la Ley VI N\u00b0 171 de Promoci\u00f3n Audiovisual- naci\u00f3 mucho antes como una pr\u00e1ctica colectiva del propio sector, que impuls\u00f3 &hellip;<\/p>\n","protected":false},"author":1,"featured_media":15726,"comment_status":"closed","ping_status":"open","sticky":false,"template":"","format":"standard","meta":{"_acf_changed":false,"footnotes":""},"categories":[39],"tags":[1639,1638,1636,1635,88,1223,1637,1622,348,1633,159],"class_list":["post-15724","post","type-post","status-publish","format-standard","has-post-thumbnail","hentry","category-noticias-del-iaavim","tag-benja","tag-consenso","tag-construccion-colectiva","tag-dialogo","tag-distritos-audiovisuales","tag-foro-consultivo-de-politicas-publicas-audiovisuales","tag-ideas","tag-ix-foro","tag-misiones","tag-sector","tag-sector-audiovisual"],"acf":[],"yoast_head":"<!-- This site is optimized with the Yoast SEO plugin v27.4 - https:\/\/yoast.com\/product\/yoast-seo-wordpress\/ -->\n<title>Foro Audiovisual 2025: un encuentro clave en tiempos de incertidumbre - IAAviM<\/title>\n<meta name=\"description\" content=\"La comunidad audiovisual de Misiones volver\u00e1 a encontrarse en una nueva edici\u00f3n del Foro Consultivo de Pol\u00edticas P\u00fablicas Audiovisuales\" \/>\n<meta name=\"robots\" content=\"index, follow, max-snippet:-1, max-image-preview:large, max-video-preview:-1\" \/>\n<link rel=\"canonical\" href=\"https:\/\/www.iaavim.gob.ar\/?p=15724\" \/>\n<meta property=\"og:locale\" content=\"es_ES\" \/>\n<meta property=\"og:type\" content=\"article\" \/>\n<meta property=\"og:title\" content=\"Foro Audiovisual 2025: un encuentro clave en tiempos de incertidumbre - IAAviM\" \/>\n<meta property=\"og:description\" content=\"La comunidad audiovisual de Misiones volver\u00e1 a encontrarse en una nueva edici\u00f3n del Foro Consultivo de Pol\u00edticas P\u00fablicas Audiovisuales\" \/>\n<meta property=\"og:url\" content=\"https:\/\/www.iaavim.gob.ar\/?p=15724\" \/>\n<meta property=\"article:published_time\" content=\"2025-11-27T15:51:04+00:00\" \/>\n<meta property=\"article:modified_time\" content=\"2025-11-27T15:54:32+00:00\" \/>\n<meta property=\"og:image\" content=\"https:\/\/www.iaavim.gob.ar\/wp-content\/uploads\/2025\/11\/Foro-2021-Benjamin-Correa.jpg\" \/>\n\t<meta property=\"og:image:width\" content=\"1500\" \/>\n\t<meta property=\"og:image:height\" content=\"971\" \/>\n\t<meta property=\"og:image:type\" content=\"image\/jpeg\" \/>\n<meta name=\"author\" content=\"IAAviM\" \/>\n<meta name=\"twitter:card\" content=\"summary_large_image\" \/>\n<meta name=\"twitter:label1\" content=\"Escrito por\" \/>\n\t<meta name=\"twitter:data1\" content=\"IAAviM\" \/>\n\t<meta name=\"twitter:label2\" content=\"Tiempo de lectura\" \/>\n\t<meta name=\"twitter:data2\" content=\"5 minutos\" \/>\n<script type=\"application\/ld+json\" class=\"yoast-schema-graph\">{\"@context\":\"https:\\\/\\\/schema.org\",\"@graph\":[{\"@type\":\"Article\",\"@id\":\"https:\\\/\\\/www.iaavim.gob.ar\\\/?p=15724#article\",\"isPartOf\":{\"@id\":\"https:\\\/\\\/www.iaavim.gob.ar\\\/?p=15724\"},\"author\":{\"name\":\"IAAviM\",\"@id\":\"\\\/#\\\/schema\\\/person\\\/567fbb427319d0dae3bc6b33aba48a62\"},\"headline\":\"Foro Audiovisual 2025: un encuentro clave en tiempos de incertidumbre\",\"datePublished\":\"2025-11-27T15:51:04+00:00\",\"dateModified\":\"2025-11-27T15:54:32+00:00\",\"mainEntityOfPage\":{\"@id\":\"https:\\\/\\\/www.iaavim.gob.ar\\\/?p=15724\"},\"wordCount\":986,\"publisher\":{\"@id\":\"\\\/#organization\"},\"image\":{\"@id\":\"https:\\\/\\\/www.iaavim.gob.ar\\\/?p=15724#primaryimage\"},\"thumbnailUrl\":\"https:\\\/\\\/www.iaavim.gob.ar\\\/wp-content\\\/uploads\\\/2025\\\/11\\\/Foro-2021-Benjamin-Correa.jpg\",\"keywords\":[\"Benja\",\"consenso\",\"construcci\u00f3n colectiva\",\"di\u00e1logo\",\"distritos audiovisuales\",\"Foro Consultivo de Pol\u00edticas P\u00fablicas Audiovisuales\",\"ideas\",\"IX Foro\",\"Misiones\",\"sector\",\"sector audiovisual\"],\"articleSection\":[\"Noticias del IAAviM\"],\"inLanguage\":\"es-AR\"},{\"@type\":\"WebPage\",\"@id\":\"https:\\\/\\\/www.iaavim.gob.ar\\\/?p=15724\",\"url\":\"https:\\\/\\\/www.iaavim.gob.ar\\\/?p=15724\",\"name\":\"Foro Audiovisual 2025: un encuentro clave en tiempos de incertidumbre - IAAviM\",\"isPartOf\":{\"@id\":\"\\\/#website\"},\"primaryImageOfPage\":{\"@id\":\"https:\\\/\\\/www.iaavim.gob.ar\\\/?p=15724#primaryimage\"},\"image\":{\"@id\":\"https:\\\/\\\/www.iaavim.gob.ar\\\/?p=15724#primaryimage\"},\"thumbnailUrl\":\"https:\\\/\\\/www.iaavim.gob.ar\\\/wp-content\\\/uploads\\\/2025\\\/11\\\/Foro-2021-Benjamin-Correa.jpg\",\"datePublished\":\"2025-11-27T15:51:04+00:00\",\"dateModified\":\"2025-11-27T15:54:32+00:00\",\"description\":\"La comunidad audiovisual de Misiones volver\u00e1 a encontrarse en una nueva edici\u00f3n del Foro Consultivo de Pol\u00edticas P\u00fablicas Audiovisuales\",\"breadcrumb\":{\"@id\":\"https:\\\/\\\/www.iaavim.gob.ar\\\/?p=15724#breadcrumb\"},\"inLanguage\":\"es-AR\",\"potentialAction\":[{\"@type\":\"ReadAction\",\"target\":[\"https:\\\/\\\/www.iaavim.gob.ar\\\/?p=15724\"]}]},{\"@type\":\"ImageObject\",\"inLanguage\":\"es-AR\",\"@id\":\"https:\\\/\\\/www.iaavim.gob.ar\\\/?p=15724#primaryimage\",\"url\":\"https:\\\/\\\/www.iaavim.gob.ar\\\/wp-content\\\/uploads\\\/2025\\\/11\\\/Foro-2021-Benjamin-Correa.jpg\",\"contentUrl\":\"https:\\\/\\\/www.iaavim.gob.ar\\\/wp-content\\\/uploads\\\/2025\\\/11\\\/Foro-2021-Benjamin-Correa.jpg\",\"width\":1500,\"height\":971},{\"@type\":\"BreadcrumbList\",\"@id\":\"https:\\\/\\\/www.iaavim.gob.ar\\\/?p=15724#breadcrumb\",\"itemListElement\":[{\"@type\":\"ListItem\",\"position\":1,\"name\":\"Inicio\",\"item\":\"https:\\\/\\\/www.iaavim.gob.ar\\\/\"},{\"@type\":\"ListItem\",\"position\":2,\"name\":\"Foro Audiovisual 2025: un encuentro clave en tiempos de incertidumbre\"}]},{\"@type\":\"WebSite\",\"@id\":\"\\\/#website\",\"url\":\"\\\/\",\"name\":\"\",\"description\":\"Sitio oficial del IAAviM\",\"publisher\":{\"@id\":\"\\\/#organization\"},\"potentialAction\":[{\"@type\":\"SearchAction\",\"target\":{\"@type\":\"EntryPoint\",\"urlTemplate\":\"\\\/?s={search_term_string}\"},\"query-input\":{\"@type\":\"PropertyValueSpecification\",\"valueRequired\":true,\"valueName\":\"search_term_string\"}}],\"inLanguage\":\"es-AR\"},{\"@type\":\"Organization\",\"@id\":\"\\\/#organization\",\"name\":\"Instituto de Artes Audiovisuales de Misiones\",\"url\":\"\\\/\",\"logo\":{\"@type\":\"ImageObject\",\"inLanguage\":\"es-AR\",\"@id\":\"\\\/#\\\/schema\\\/logo\\\/image\\\/\",\"url\":\"https:\\\/\\\/iaavim.misiones.gob.ar\\\/wp-content\\\/uploads\\\/2021\\\/07\\\/logo-iaavim-preview.png.jpg\",\"contentUrl\":\"https:\\\/\\\/iaavim.misiones.gob.ar\\\/wp-content\\\/uploads\\\/2021\\\/07\\\/logo-iaavim-preview.png.jpg\",\"width\":1200,\"height\":675,\"caption\":\"Instituto de Artes Audiovisuales de Misiones\"},\"image\":{\"@id\":\"\\\/#\\\/schema\\\/logo\\\/image\\\/\"}},{\"@type\":\"Person\",\"@id\":\"\\\/#\\\/schema\\\/person\\\/567fbb427319d0dae3bc6b33aba48a62\",\"name\":\"IAAviM\",\"image\":{\"@type\":\"ImageObject\",\"inLanguage\":\"es-AR\",\"@id\":\"https:\\\/\\\/secure.gravatar.com\\\/avatar\\\/9802bb83cd8afc8d9eae1a570850fcaf194494ca73cbac30d506afe269460348?s=96&d=blank&r=g\",\"url\":\"https:\\\/\\\/secure.gravatar.com\\\/avatar\\\/9802bb83cd8afc8d9eae1a570850fcaf194494ca73cbac30d506afe269460348?s=96&d=blank&r=g\",\"contentUrl\":\"https:\\\/\\\/secure.gravatar.com\\\/avatar\\\/9802bb83cd8afc8d9eae1a570850fcaf194494ca73cbac30d506afe269460348?s=96&d=blank&r=g\",\"caption\":\"IAAviM\"},\"url\":\"https:\\\/\\\/www.iaavim.gob.ar\\\/?author=1\"}]}<\/script>\n<!-- \/ Yoast SEO plugin. -->","yoast_head_json":{"title":"Foro Audiovisual 2025: un encuentro clave en tiempos de incertidumbre - IAAviM","description":"La comunidad audiovisual de Misiones volver\u00e1 a encontrarse en una nueva edici\u00f3n del Foro Consultivo de Pol\u00edticas P\u00fablicas Audiovisuales","robots":{"index":"index","follow":"follow","max-snippet":"max-snippet:-1","max-image-preview":"max-image-preview:large","max-video-preview":"max-video-preview:-1"},"canonical":"https:\/\/www.iaavim.gob.ar\/?p=15724","og_locale":"es_ES","og_type":"article","og_title":"Foro Audiovisual 2025: un encuentro clave en tiempos de incertidumbre - IAAviM","og_description":"La comunidad audiovisual de Misiones volver\u00e1 a encontrarse en una nueva edici\u00f3n del Foro Consultivo de Pol\u00edticas P\u00fablicas Audiovisuales","og_url":"https:\/\/www.iaavim.gob.ar\/?p=15724","article_published_time":"2025-11-27T15:51:04+00:00","article_modified_time":"2025-11-27T15:54:32+00:00","og_image":[{"width":1500,"height":971,"url":"https:\/\/www.iaavim.gob.ar\/wp-content\/uploads\/2025\/11\/Foro-2021-Benjamin-Correa.jpg","type":"image\/jpeg"}],"author":"IAAviM","twitter_card":"summary_large_image","twitter_misc":{"Escrito por":"IAAviM","Tiempo de lectura":"5 minutos"},"schema":{"@context":"https:\/\/schema.org","@graph":[{"@type":"Article","@id":"https:\/\/www.iaavim.gob.ar\/?p=15724#article","isPartOf":{"@id":"https:\/\/www.iaavim.gob.ar\/?p=15724"},"author":{"name":"IAAviM","@id":"\/#\/schema\/person\/567fbb427319d0dae3bc6b33aba48a62"},"headline":"Foro Audiovisual 2025: un encuentro clave en tiempos de incertidumbre","datePublished":"2025-11-27T15:51:04+00:00","dateModified":"2025-11-27T15:54:32+00:00","mainEntityOfPage":{"@id":"https:\/\/www.iaavim.gob.ar\/?p=15724"},"wordCount":986,"publisher":{"@id":"\/#organization"},"image":{"@id":"https:\/\/www.iaavim.gob.ar\/?p=15724#primaryimage"},"thumbnailUrl":"https:\/\/www.iaavim.gob.ar\/wp-content\/uploads\/2025\/11\/Foro-2021-Benjamin-Correa.jpg","keywords":["Benja","consenso","construcci\u00f3n colectiva","di\u00e1logo","distritos audiovisuales","Foro Consultivo de Pol\u00edticas P\u00fablicas Audiovisuales","ideas","IX Foro","Misiones","sector","sector audiovisual"],"articleSection":["Noticias del IAAviM"],"inLanguage":"es-AR"},{"@type":"WebPage","@id":"https:\/\/www.iaavim.gob.ar\/?p=15724","url":"https:\/\/www.iaavim.gob.ar\/?p=15724","name":"Foro Audiovisual 2025: un encuentro clave en tiempos de incertidumbre - IAAviM","isPartOf":{"@id":"\/#website"},"primaryImageOfPage":{"@id":"https:\/\/www.iaavim.gob.ar\/?p=15724#primaryimage"},"image":{"@id":"https:\/\/www.iaavim.gob.ar\/?p=15724#primaryimage"},"thumbnailUrl":"https:\/\/www.iaavim.gob.ar\/wp-content\/uploads\/2025\/11\/Foro-2021-Benjamin-Correa.jpg","datePublished":"2025-11-27T15:51:04+00:00","dateModified":"2025-11-27T15:54:32+00:00","description":"La comunidad audiovisual de Misiones volver\u00e1 a encontrarse en una nueva edici\u00f3n del Foro Consultivo de Pol\u00edticas P\u00fablicas Audiovisuales","breadcrumb":{"@id":"https:\/\/www.iaavim.gob.ar\/?p=15724#breadcrumb"},"inLanguage":"es-AR","potentialAction":[{"@type":"ReadAction","target":["https:\/\/www.iaavim.gob.ar\/?p=15724"]}]},{"@type":"ImageObject","inLanguage":"es-AR","@id":"https:\/\/www.iaavim.gob.ar\/?p=15724#primaryimage","url":"https:\/\/www.iaavim.gob.ar\/wp-content\/uploads\/2025\/11\/Foro-2021-Benjamin-Correa.jpg","contentUrl":"https:\/\/www.iaavim.gob.ar\/wp-content\/uploads\/2025\/11\/Foro-2021-Benjamin-Correa.jpg","width":1500,"height":971},{"@type":"BreadcrumbList","@id":"https:\/\/www.iaavim.gob.ar\/?p=15724#breadcrumb","itemListElement":[{"@type":"ListItem","position":1,"name":"Inicio","item":"https:\/\/www.iaavim.gob.ar\/"},{"@type":"ListItem","position":2,"name":"Foro Audiovisual 2025: un encuentro clave en tiempos de incertidumbre"}]},{"@type":"WebSite","@id":"\/#website","url":"\/","name":"","description":"Sitio oficial del IAAviM","publisher":{"@id":"\/#organization"},"potentialAction":[{"@type":"SearchAction","target":{"@type":"EntryPoint","urlTemplate":"\/?s={search_term_string}"},"query-input":{"@type":"PropertyValueSpecification","valueRequired":true,"valueName":"search_term_string"}}],"inLanguage":"es-AR"},{"@type":"Organization","@id":"\/#organization","name":"Instituto de Artes Audiovisuales de Misiones","url":"\/","logo":{"@type":"ImageObject","inLanguage":"es-AR","@id":"\/#\/schema\/logo\/image\/","url":"https:\/\/iaavim.misiones.gob.ar\/wp-content\/uploads\/2021\/07\/logo-iaavim-preview.png.jpg","contentUrl":"https:\/\/iaavim.misiones.gob.ar\/wp-content\/uploads\/2021\/07\/logo-iaavim-preview.png.jpg","width":1200,"height":675,"caption":"Instituto de Artes Audiovisuales de Misiones"},"image":{"@id":"\/#\/schema\/logo\/image\/"}},{"@type":"Person","@id":"\/#\/schema\/person\/567fbb427319d0dae3bc6b33aba48a62","name":"IAAviM","image":{"@type":"ImageObject","inLanguage":"es-AR","@id":"https:\/\/secure.gravatar.com\/avatar\/9802bb83cd8afc8d9eae1a570850fcaf194494ca73cbac30d506afe269460348?s=96&d=blank&r=g","url":"https:\/\/secure.gravatar.com\/avatar\/9802bb83cd8afc8d9eae1a570850fcaf194494ca73cbac30d506afe269460348?s=96&d=blank&r=g","contentUrl":"https:\/\/secure.gravatar.com\/avatar\/9802bb83cd8afc8d9eae1a570850fcaf194494ca73cbac30d506afe269460348?s=96&d=blank&r=g","caption":"IAAviM"},"url":"https:\/\/www.iaavim.gob.ar\/?author=1"}]}},"amp_enabled":true,"_links":{"self":[{"href":"https:\/\/www.iaavim.gob.ar\/index.php?rest_route=\/wp\/v2\/posts\/15724","targetHints":{"allow":["GET"]}}],"collection":[{"href":"https:\/\/www.iaavim.gob.ar\/index.php?rest_route=\/wp\/v2\/posts"}],"about":[{"href":"https:\/\/www.iaavim.gob.ar\/index.php?rest_route=\/wp\/v2\/types\/post"}],"author":[{"embeddable":true,"href":"https:\/\/www.iaavim.gob.ar\/index.php?rest_route=\/wp\/v2\/users\/1"}],"replies":[{"embeddable":true,"href":"https:\/\/www.iaavim.gob.ar\/index.php?rest_route=%2Fwp%2Fv2%2Fcomments&post=15724"}],"version-history":[{"count":3,"href":"https:\/\/www.iaavim.gob.ar\/index.php?rest_route=\/wp\/v2\/posts\/15724\/revisions"}],"predecessor-version":[{"id":15730,"href":"https:\/\/www.iaavim.gob.ar\/index.php?rest_route=\/wp\/v2\/posts\/15724\/revisions\/15730"}],"wp:featuredmedia":[{"embeddable":true,"href":"https:\/\/www.iaavim.gob.ar\/index.php?rest_route=\/wp\/v2\/media\/15726"}],"wp:attachment":[{"href":"https:\/\/www.iaavim.gob.ar\/index.php?rest_route=%2Fwp%2Fv2%2Fmedia&parent=15724"}],"wp:term":[{"taxonomy":"category","embeddable":true,"href":"https:\/\/www.iaavim.gob.ar\/index.php?rest_route=%2Fwp%2Fv2%2Fcategories&post=15724"},{"taxonomy":"post_tag","embeddable":true,"href":"https:\/\/www.iaavim.gob.ar\/index.php?rest_route=%2Fwp%2Fv2%2Ftags&post=15724"}],"curies":[{"name":"wp","href":"https:\/\/api.w.org\/{rel}","templated":true}]}}