{"id":15679,"date":"2025-11-20T16:32:12","date_gmt":"2025-11-20T19:32:12","guid":{"rendered":"https:\/\/www.iaavim.gob.ar\/?p=15679"},"modified":"2025-11-20T16:32:14","modified_gmt":"2025-11-20T19:32:14","slug":"v-maef-premios-alianzas-y-expansion-regional","status":"publish","type":"post","link":"https:\/\/www.iaavim.gob.ar\/?p=15679","title":{"rendered":"Premios, alianzas y expansi\u00f3n regional: as\u00ed cerr\u00f3 el V Mercado Audiovisual Entre Fronteras"},"content":{"rendered":"\n<p>El <strong>V Mercado Audiovisual Entre Fronteras (MAEF)<\/strong>, celebrado del 17 al 19 de noviembre en S\u00e3o Miguel das Miss\u00f5es, Brasil, concluy\u00f3 una nueva edici\u00f3n reafirmando su papel como espacio estrat\u00e9gico para el desarrollo de proyectos y la articulaci\u00f3n de la industria audiovisual en la regi\u00f3n. Con la participaci\u00f3n de <strong>24 proyectos<\/strong> de Argentina, Brasil, Paraguay y Uruguay, el Mercado organizado por el Instituto de Artes Audiovisuales de Misiones (IAAviM), el Instituto Nacional del Audiovisual Paraguayo (INAP), y el Instituto Estadual de Cinema de Rio Grande do Sul (IECINE &#8211; RS, BR), volvi\u00f3 a posicionarse como un punto de encuentro clave para promover la coproducci\u00f3n en los territorios de frontera as\u00ed como su proyecci\u00f3n internacional.\u00a0<\/p>\n\n\n\n<p>En ese marco, uno de los reconocimientos m\u00e1s celebrados fue para <strong>\u201cLa carne de los dioses\u201d<\/strong>, del realizador misionero <strong>Elian Guerin<\/strong> (Estudio 25.27), que obtuvo el <strong>premio \u201cEva Piwowarski\u201d<\/strong> dada la excelencia en la presentaci\u00f3n del proyecto. El jurado destac\u00f3 \u201csu propuesta innovadora de lenguaje y el uso creativo de las t\u00e9cnicas de animaci\u00f3n en una narrativa diferente y de gran profundidad psicol\u00f3gica\u201d.<\/p>\n\n\n\n<p>Al recibir el premio, <strong>Elian Guerin<\/strong> expres\u00f3 la importancia del reconocimiento para el equipo y para la proyecci\u00f3n internacional del proyecto. \u201cEl premio del MAEF, ser destacado entre tantos buenos proyectos, significa mucho porque es el resultado del trabajo de desarrollo que se viene haciendo, muestra la solidez de la pel\u00edcula. <em>La carne de los dioses<\/em> tiene un guion muy personal y tiene una propuesta particular e innovadora a nivel cinematogr\u00e1fico y tem\u00e1tica\u201d. Acerca de su participaci\u00f3n en el mercado, destac\u00f3: \u201cfue super productivo y necesario para generar los lazos de coproducciones. Mi agradecimiento al IAAviM por apoyar al proyecto desde un inicio y ser aliado en el crecimiento del mismo.\u201d El director y productor confirm\u00f3 que hay interesados en la pel\u00edcula de Paraguay y Brasil que podr\u00edan convertirse en futuras alianzas.<\/p>\n\n\n\n<p>La ceremonia de premiaci\u00f3n dej\u00f3 un panorama alentador para la industria regional. Adem\u00e1s del reconocimiento mayor recibido por <em>La carne de los dioses<\/em>, otro de los proyectos destacados del 5to MAEF fue para el proyecto brasile\u00f1o <strong>\u201cRugido Jaguar\u201d; <\/strong>mientras que <strong>\u201cLa campana y el perro\u201d<\/strong>, producido por Gabriela Sabat\u00e9, obtuvo una <strong>Menci\u00f3n de Honor<\/strong> del jurado, al igual que el proyecto argentino <strong>\u201cTeke Uneka\u201d<\/strong>, de Marcelo Dematei -ingresado por pase directo desde el Festival Audiovisual Bariloche-, \u201cporque combina excelencia est\u00e9tica, innovaci\u00f3n art\u00edstica y fuerza narrativa, ofreciendo un relato potente y necesario para el rescate de la memoria de nuestros territorios\u201d. La participaci\u00f3n misionera tambi\u00e9n se destac\u00f3 con el premio otorgado por la RECAM a <strong>\u201cLas tormentas tropicales\u201d<\/strong>, de la realizadora <strong>Cinthia Konopacki<\/strong>.<\/p>\n\n\n\n<p>Entre las secciones principales del mercado, fueron centrales las <strong>rondas de pitch<\/strong> y las <strong>reuniones one to one<\/strong>, junto a los players de los cuatro pa\u00edses miembros del MAEF: productoras, distribuidores, agentes de ventas, responsables de film commissions y referentes de pol\u00edticas de fomento. El intercambio permiti\u00f3 avanzar en nuevas vinculaciones profesionales y abri\u00f3 posibilidades concretas de alianzas de coproducci\u00f3n.&nbsp;<\/p>\n\n\n\n<p>Las actividades se complementaron con una agenda cultural compartida con la Mostra de Cinema das Miss\u00f5es, que incluy\u00f3 la visita al <strong>Sitio Arqueol\u00f3gico S\u00e3o Miguel Arcanjo<\/strong>, Patrimonio Mundial de la Unesco, y una funci\u00f3n especial de \u201cLas Herederas\u201d, de Marcelo Martinessi, fortaleciendo el di\u00e1logo entre el territorio y la circulaci\u00f3n de obras.<\/p>\n\n\n\n<p>En el plano formativo, el <strong>Laboratorio Cinematogr\u00e1fico Residencia del Lago (RDL)<\/strong> particip\u00f3 de la charla \u201c<em>Eventos audiovisuales: desaf\u00edos y conexiones\u201d<\/em>, donde la productora y coordinadora pedag\u00f3gica <strong>Carolina \u00c1lvarez<\/strong> present\u00f3 el crecimiento del laboratorio y su rol estrat\u00e9gico en el desarrollo de nuevos cineastas en Misiones y la regi\u00f3n. Por su parte, el presidente del IAAviM, <strong>Sergio Acosta<\/strong>, form\u00f3 parte de la mesa <strong>Pol\u00edticas p\u00fablicas de impulso al sector audiovisual<\/strong>, exponiendo los avances del <strong>plan de fomento<\/strong> y la implementaci\u00f3n del <strong>Cash Rebate<\/strong> en la provincia, en di\u00e1logo con autoridades de Paraguay, R\u00edo Grande do Sul y la consultora jur\u00eddica Anabel Jessenne.<\/p>\n\n\n\n<p>La <strong>Comisi\u00f3n de Filmaciones de Misiones<\/strong> tambi\u00e9n tuvo un rol destacado en la presentaci\u00f3n oficial de la <strong>Miss\u00f5es Film Commission<\/strong>, donde <strong>Natalia Bonetti<\/strong>, representante del IAAviM, comparti\u00f3 la experiencia provincial en la atracci\u00f3n de rodajes, gestiones y en la articulaci\u00f3n de servicios t\u00e9cnicos, junto a sus pares de Miss\u00f5es y Pelotas (Brasil).<\/p>\n\n\n\n<p>El cierre del MAEF lleg\u00f3 acompa\u00f1ado de dos anuncios clave: la firma del acta de intenci\u00f3n para la <strong>incorporaci\u00f3n de Uruguay, a trav\u00e9s de la Agencia del Cine y del Audiovisual de Uruguay (ACAU), como miembro pleno y coorganizador<\/strong> del Mercado, y la confirmaci\u00f3n de <strong>Paraguay como sede de la edici\u00f3n 2026<\/strong>, ampliando el alcance territorial del encuentro y fortaleciendo su car\u00e1cter cooperativo. Con estos acuerdos, el Mercado reafirma su objetivo de impulsar el crecimiento de las cinematograf\u00edas regionales y consolidarse como un espacio de integraci\u00f3n donde proyectos, pol\u00edticas y profesionales encuentran un terreno f\u00e9rtil para expandirse m\u00e1s all\u00e1 de las fronteras.<\/p>\n\n\n\n<div style=\"height:30px\" aria-hidden=\"true\" class=\"wp-block-spacer\"><\/div>\n\n\n\n<figure class=\"wp-block-gallery has-nested-images columns-default is-cropped wp-block-gallery-1 is-layout-flex wp-block-gallery-is-layout-flex\">\n<figure class=\"wp-block-image size-large\"><img loading=\"lazy\" decoding=\"async\" width=\"1024\" height=\"606\" data-id=\"15691\" src=\"https:\/\/www.iaavim.gob.ar\/wp-content\/uploads\/2025\/11\/cierre-1024x606.jpg\" alt=\"\" class=\"wp-image-15691\" srcset=\"https:\/\/www.iaavim.gob.ar\/wp-content\/uploads\/2025\/11\/cierre-1024x606.jpg 1024w, https:\/\/www.iaavim.gob.ar\/wp-content\/uploads\/2025\/11\/cierre-300x178.jpg 300w, https:\/\/www.iaavim.gob.ar\/wp-content\/uploads\/2025\/11\/cierre-768x455.jpg 768w, https:\/\/www.iaavim.gob.ar\/wp-content\/uploads\/2025\/11\/cierre.jpg 1500w\" sizes=\"auto, (max-width: 1024px) 100vw, 1024px\" \/><\/figure>\n\n\n\n<figure class=\"wp-block-image size-large\"><img loading=\"lazy\" decoding=\"async\" width=\"1024\" height=\"683\" data-id=\"15697\" src=\"https:\/\/www.iaavim.gob.ar\/wp-content\/uploads\/2025\/11\/Elian-MAEF-1024x683.jpg\" alt=\"\" class=\"wp-image-15697\" srcset=\"https:\/\/www.iaavim.gob.ar\/wp-content\/uploads\/2025\/11\/Elian-MAEF-1024x683.jpg 1024w, https:\/\/www.iaavim.gob.ar\/wp-content\/uploads\/2025\/11\/Elian-MAEF-300x200.jpg 300w, https:\/\/www.iaavim.gob.ar\/wp-content\/uploads\/2025\/11\/Elian-MAEF-768x512.jpg 768w, https:\/\/www.iaavim.gob.ar\/wp-content\/uploads\/2025\/11\/Elian-MAEF.jpg 1500w\" sizes=\"auto, (max-width: 1024px) 100vw, 1024px\" \/><\/figure>\n\n\n\n<figure class=\"wp-block-image size-large\"><img loading=\"lazy\" decoding=\"async\" width=\"1024\" height=\"729\" data-id=\"15701\" src=\"https:\/\/www.iaavim.gob.ar\/wp-content\/uploads\/2025\/11\/Elian-Guerin-Premio-Eva-Piwowarski-1024x729.jpg\" alt=\"\" class=\"wp-image-15701\" srcset=\"https:\/\/www.iaavim.gob.ar\/wp-content\/uploads\/2025\/11\/Elian-Guerin-Premio-Eva-Piwowarski-1024x729.jpg 1024w, https:\/\/www.iaavim.gob.ar\/wp-content\/uploads\/2025\/11\/Elian-Guerin-Premio-Eva-Piwowarski-300x214.jpg 300w, https:\/\/www.iaavim.gob.ar\/wp-content\/uploads\/2025\/11\/Elian-Guerin-Premio-Eva-Piwowarski-768x547.jpg 768w, https:\/\/www.iaavim.gob.ar\/wp-content\/uploads\/2025\/11\/Elian-Guerin-Premio-Eva-Piwowarski-1536x1093.jpg 1536w, https:\/\/www.iaavim.gob.ar\/wp-content\/uploads\/2025\/11\/Elian-Guerin-Premio-Eva-Piwowarski-2048x1457.jpg 2048w\" sizes=\"auto, (max-width: 1024px) 100vw, 1024px\" \/><\/figure>\n\n\n\n<figure class=\"wp-block-image size-large\"><img loading=\"lazy\" decoding=\"async\" width=\"1024\" height=\"960\" data-id=\"15695\" src=\"https:\/\/www.iaavim.gob.ar\/wp-content\/uploads\/2025\/11\/Camila-Acosta-Premio-RECAM-x-Las-tormentas-tropicales-1024x960.jpg\" alt=\"\" class=\"wp-image-15695\" srcset=\"https:\/\/www.iaavim.gob.ar\/wp-content\/uploads\/2025\/11\/Camila-Acosta-Premio-RECAM-x-Las-tormentas-tropicales-1024x960.jpg 1024w, https:\/\/www.iaavim.gob.ar\/wp-content\/uploads\/2025\/11\/Camila-Acosta-Premio-RECAM-x-Las-tormentas-tropicales-300x281.jpg 300w, https:\/\/www.iaavim.gob.ar\/wp-content\/uploads\/2025\/11\/Camila-Acosta-Premio-RECAM-x-Las-tormentas-tropicales-768x720.jpg 768w, https:\/\/www.iaavim.gob.ar\/wp-content\/uploads\/2025\/11\/Camila-Acosta-Premio-RECAM-x-Las-tormentas-tropicales.jpg 1500w\" sizes=\"auto, (max-width: 1024px) 100vw, 1024px\" \/><\/figure>\n\n\n\n<figure class=\"wp-block-image size-large\"><img loading=\"lazy\" decoding=\"async\" width=\"1024\" height=\"741\" data-id=\"15693\" src=\"https:\/\/www.iaavim.gob.ar\/wp-content\/uploads\/2025\/11\/firma-1024x741.jpg\" alt=\"\" class=\"wp-image-15693\" srcset=\"https:\/\/www.iaavim.gob.ar\/wp-content\/uploads\/2025\/11\/firma-1024x741.jpg 1024w, https:\/\/www.iaavim.gob.ar\/wp-content\/uploads\/2025\/11\/firma-300x217.jpg 300w, https:\/\/www.iaavim.gob.ar\/wp-content\/uploads\/2025\/11\/firma-768x556.jpg 768w, https:\/\/www.iaavim.gob.ar\/wp-content\/uploads\/2025\/11\/firma.jpg 1500w\" sizes=\"auto, (max-width: 1024px) 100vw, 1024px\" \/><\/figure>\n\n\n\n<figure class=\"wp-block-image size-large\"><img loading=\"lazy\" decoding=\"async\" width=\"1024\" height=\"742\" data-id=\"15699\" src=\"https:\/\/www.iaavim.gob.ar\/wp-content\/uploads\/2025\/11\/organizadores-maef-1024x742.jpg\" alt=\"\" class=\"wp-image-15699\" srcset=\"https:\/\/www.iaavim.gob.ar\/wp-content\/uploads\/2025\/11\/organizadores-maef-1024x742.jpg 1024w, https:\/\/www.iaavim.gob.ar\/wp-content\/uploads\/2025\/11\/organizadores-maef-300x217.jpg 300w, https:\/\/www.iaavim.gob.ar\/wp-content\/uploads\/2025\/11\/organizadores-maef-768x557.jpg 768w, https:\/\/www.iaavim.gob.ar\/wp-content\/uploads\/2025\/11\/organizadores-maef.jpg 1500w\" sizes=\"auto, (max-width: 1024px) 100vw, 1024px\" \/><\/figure>\n\n\n\n<figure class=\"wp-block-image size-large\"><img loading=\"lazy\" decoding=\"async\" width=\"1024\" height=\"741\" data-id=\"15694\" src=\"https:\/\/www.iaavim.gob.ar\/wp-content\/uploads\/2025\/11\/Figuerira-Pizzaro-Acosta-Terashima-1024x741.jpg\" alt=\"\" class=\"wp-image-15694\" srcset=\"https:\/\/www.iaavim.gob.ar\/wp-content\/uploads\/2025\/11\/Figuerira-Pizzaro-Acosta-Terashima-1024x741.jpg 1024w, https:\/\/www.iaavim.gob.ar\/wp-content\/uploads\/2025\/11\/Figuerira-Pizzaro-Acosta-Terashima-300x217.jpg 300w, https:\/\/www.iaavim.gob.ar\/wp-content\/uploads\/2025\/11\/Figuerira-Pizzaro-Acosta-Terashima-768x556.jpg 768w, https:\/\/www.iaavim.gob.ar\/wp-content\/uploads\/2025\/11\/Figuerira-Pizzaro-Acosta-Terashima.jpg 1500w\" sizes=\"auto, (max-width: 1024px) 100vw, 1024px\" \/><\/figure>\n\n\n\n<figure class=\"wp-block-image size-large\"><img loading=\"lazy\" decoding=\"async\" width=\"1024\" height=\"747\" data-id=\"15685\" src=\"https:\/\/www.iaavim.gob.ar\/wp-content\/uploads\/2025\/11\/ariel-maef-1024x747.jpg\" alt=\"\" class=\"wp-image-15685\" srcset=\"https:\/\/www.iaavim.gob.ar\/wp-content\/uploads\/2025\/11\/ariel-maef-1024x747.jpg 1024w, https:\/\/www.iaavim.gob.ar\/wp-content\/uploads\/2025\/11\/ariel-maef-300x219.jpg 300w, https:\/\/www.iaavim.gob.ar\/wp-content\/uploads\/2025\/11\/ariel-maef-768x560.jpg 768w, https:\/\/www.iaavim.gob.ar\/wp-content\/uploads\/2025\/11\/ariel-maef.jpg 1500w\" sizes=\"auto, (max-width: 1024px) 100vw, 1024px\" \/><\/figure>\n\n\n\n<figure class=\"wp-block-image size-large\"><img loading=\"lazy\" decoding=\"async\" width=\"1024\" height=\"733\" data-id=\"15687\" src=\"https:\/\/www.iaavim.gob.ar\/wp-content\/uploads\/2025\/11\/carolina-1024x733.jpg\" alt=\"\" class=\"wp-image-15687\" srcset=\"https:\/\/www.iaavim.gob.ar\/wp-content\/uploads\/2025\/11\/carolina-1024x733.jpg 1024w, https:\/\/www.iaavim.gob.ar\/wp-content\/uploads\/2025\/11\/carolina-300x215.jpg 300w, https:\/\/www.iaavim.gob.ar\/wp-content\/uploads\/2025\/11\/carolina-768x549.jpg 768w, https:\/\/www.iaavim.gob.ar\/wp-content\/uploads\/2025\/11\/carolina.jpg 1500w\" sizes=\"auto, (max-width: 1024px) 100vw, 1024px\" \/><\/figure>\n\n\n\n<figure class=\"wp-block-image size-large\"><img loading=\"lazy\" decoding=\"async\" width=\"1024\" height=\"683\" data-id=\"15684\" src=\"https:\/\/www.iaavim.gob.ar\/wp-content\/uploads\/2025\/11\/1to1-brasil-1024x683.jpg\" alt=\"\" class=\"wp-image-15684\" srcset=\"https:\/\/www.iaavim.gob.ar\/wp-content\/uploads\/2025\/11\/1to1-brasil-1024x683.jpg 1024w, https:\/\/www.iaavim.gob.ar\/wp-content\/uploads\/2025\/11\/1to1-brasil-300x200.jpg 300w, https:\/\/www.iaavim.gob.ar\/wp-content\/uploads\/2025\/11\/1to1-brasil-768x512.jpg 768w, https:\/\/www.iaavim.gob.ar\/wp-content\/uploads\/2025\/11\/1to1-brasil.jpg 1500w\" sizes=\"auto, (max-width: 1024px) 100vw, 1024px\" \/><\/figure>\n\n\n\n<figure class=\"wp-block-image size-large\"><img loading=\"lazy\" decoding=\"async\" width=\"1024\" height=\"683\" data-id=\"15686\" src=\"https:\/\/www.iaavim.gob.ar\/wp-content\/uploads\/2025\/11\/Agustin-Big-Empanada-1024x683.jpg\" alt=\"\" class=\"wp-image-15686\" srcset=\"https:\/\/www.iaavim.gob.ar\/wp-content\/uploads\/2025\/11\/Agustin-Big-Empanada-1024x683.jpg 1024w, https:\/\/www.iaavim.gob.ar\/wp-content\/uploads\/2025\/11\/Agustin-Big-Empanada-300x200.jpg 300w, https:\/\/www.iaavim.gob.ar\/wp-content\/uploads\/2025\/11\/Agustin-Big-Empanada-768x512.jpg 768w, https:\/\/www.iaavim.gob.ar\/wp-content\/uploads\/2025\/11\/Agustin-Big-Empanada.jpg 1500w\" sizes=\"auto, (max-width: 1024px) 100vw, 1024px\" \/><\/figure>\n\n\n\n<figure class=\"wp-block-image size-large\"><img loading=\"lazy\" decoding=\"async\" width=\"1024\" height=\"683\" data-id=\"15690\" src=\"https:\/\/www.iaavim.gob.ar\/wp-content\/uploads\/2025\/11\/Camila-Acosta-en-1to1-1024x683.jpg\" alt=\"\" class=\"wp-image-15690\" srcset=\"https:\/\/www.iaavim.gob.ar\/wp-content\/uploads\/2025\/11\/Camila-Acosta-en-1to1-1024x683.jpg 1024w, https:\/\/www.iaavim.gob.ar\/wp-content\/uploads\/2025\/11\/Camila-Acosta-en-1to1-300x200.jpg 300w, https:\/\/www.iaavim.gob.ar\/wp-content\/uploads\/2025\/11\/Camila-Acosta-en-1to1-768x512.jpg 768w, https:\/\/www.iaavim.gob.ar\/wp-content\/uploads\/2025\/11\/Camila-Acosta-en-1to1.jpg 1500w\" sizes=\"auto, (max-width: 1024px) 100vw, 1024px\" \/><\/figure>\n\n\n\n<figure class=\"wp-block-image size-large\"><img loading=\"lazy\" decoding=\"async\" width=\"1024\" height=\"683\" data-id=\"15698\" src=\"https:\/\/www.iaavim.gob.ar\/wp-content\/uploads\/2025\/11\/Gabriela-Sabate-en-1to1-1024x683.jpg\" alt=\"\" class=\"wp-image-15698\" srcset=\"https:\/\/www.iaavim.gob.ar\/wp-content\/uploads\/2025\/11\/Gabriela-Sabate-en-1to1-1024x683.jpg 1024w, https:\/\/www.iaavim.gob.ar\/wp-content\/uploads\/2025\/11\/Gabriela-Sabate-en-1to1-300x200.jpg 300w, https:\/\/www.iaavim.gob.ar\/wp-content\/uploads\/2025\/11\/Gabriela-Sabate-en-1to1-768x512.jpg 768w, https:\/\/www.iaavim.gob.ar\/wp-content\/uploads\/2025\/11\/Gabriela-Sabate-en-1to1.jpg 1500w\" sizes=\"auto, (max-width: 1024px) 100vw, 1024px\" \/><\/figure>\n\n\n\n<figure class=\"wp-block-image size-large\"><img loading=\"lazy\" decoding=\"async\" width=\"1024\" height=\"683\" data-id=\"15696\" src=\"https:\/\/www.iaavim.gob.ar\/wp-content\/uploads\/2025\/11\/representantes-ACAU-IECINE-IAAviM-INAP-1024x683.jpg\" alt=\"\" class=\"wp-image-15696\" srcset=\"https:\/\/www.iaavim.gob.ar\/wp-content\/uploads\/2025\/11\/representantes-ACAU-IECINE-IAAviM-INAP-1024x683.jpg 1024w, https:\/\/www.iaavim.gob.ar\/wp-content\/uploads\/2025\/11\/representantes-ACAU-IECINE-IAAviM-INAP-300x200.jpg 300w, https:\/\/www.iaavim.gob.ar\/wp-content\/uploads\/2025\/11\/representantes-ACAU-IECINE-IAAviM-INAP-768x512.jpg 768w, https:\/\/www.iaavim.gob.ar\/wp-content\/uploads\/2025\/11\/representantes-ACAU-IECINE-IAAviM-INAP.jpg 1500w\" sizes=\"auto, (max-width: 1024px) 100vw, 1024px\" \/><\/figure>\n\n\n\n<figure class=\"wp-block-image size-large\"><img loading=\"lazy\" decoding=\"async\" width=\"1024\" height=\"707\" data-id=\"15700\" src=\"https:\/\/www.iaavim.gob.ar\/wp-content\/uploads\/2025\/11\/Premiados-V-MAEF-1024x707.jpg\" alt=\"\" class=\"wp-image-15700\" srcset=\"https:\/\/www.iaavim.gob.ar\/wp-content\/uploads\/2025\/11\/Premiados-V-MAEF-1024x707.jpg 1024w, https:\/\/www.iaavim.gob.ar\/wp-content\/uploads\/2025\/11\/Premiados-V-MAEF-300x207.jpg 300w, https:\/\/www.iaavim.gob.ar\/wp-content\/uploads\/2025\/11\/Premiados-V-MAEF-768x530.jpg 768w, https:\/\/www.iaavim.gob.ar\/wp-content\/uploads\/2025\/11\/Premiados-V-MAEF.jpg 1500w\" sizes=\"auto, (max-width: 1024px) 100vw, 1024px\" \/><\/figure>\n\n\n\n<figure class=\"wp-block-image size-large\"><img loading=\"lazy\" decoding=\"async\" width=\"1024\" height=\"683\" data-id=\"15702\" src=\"https:\/\/www.iaavim.gob.ar\/wp-content\/uploads\/2025\/11\/MAEF-SITIO-ARQUEOLOGICO-1024x683.jpg\" alt=\"\" class=\"wp-image-15702\" srcset=\"https:\/\/www.iaavim.gob.ar\/wp-content\/uploads\/2025\/11\/MAEF-SITIO-ARQUEOLOGICO-1024x683.jpg 1024w, https:\/\/www.iaavim.gob.ar\/wp-content\/uploads\/2025\/11\/MAEF-SITIO-ARQUEOLOGICO-300x200.jpg 300w, https:\/\/www.iaavim.gob.ar\/wp-content\/uploads\/2025\/11\/MAEF-SITIO-ARQUEOLOGICO-768x512.jpg 768w, https:\/\/www.iaavim.gob.ar\/wp-content\/uploads\/2025\/11\/MAEF-SITIO-ARQUEOLOGICO.jpg 1500w\" sizes=\"auto, (max-width: 1024px) 100vw, 1024px\" \/><\/figure>\n<\/figure>\n\n\n\n<div style=\"height:186px\" aria-hidden=\"true\" class=\"wp-block-spacer\"><\/div>\n\n\n\n<p><\/p>\n","protected":false},"excerpt":{"rendered":"<p>El V Mercado Audiovisual Entre Fronteras (MAEF), celebrado del 17 al 19 de noviembre en S\u00e3o Miguel das Miss\u00f5es, Brasil, concluy\u00f3 una nueva edici\u00f3n reafirmando su papel como espacio estrat\u00e9gico para el desarrollo de proyectos y la articulaci\u00f3n de la industria audiovisual en la regi\u00f3n. Con la participaci\u00f3n de 24 proyectos de Argentina, Brasil, Paraguay &hellip;<\/p>\n","protected":false},"author":2,"featured_media":15680,"comment_status":"closed","ping_status":"open","sticky":false,"template":"","format":"standard","meta":{"_acf_changed":false,"footnotes":""},"categories":[39],"tags":[1124,621,1629,1280,1268,1586,74,212,627,867,1627,1628,993,396,383,1423,1347,1297,200,1555],"class_list":["post-15679","post","type-post","status-publish","format-standard","has-post-thumbnail","hentry","category-noticias-del-iaavim","tag-acau","tag-camila-acosta","tag-carolina-alvarez","tag-cash-rebate","tag-cinthia-konopacki","tag-comision-de-filmaciones-de-misiones","tag-coproduccion","tag-elian-guerin","tag-iecine-rs","tag-inap","tag-la-carne-de-los-dioses","tag-las-tormentas-tropicales","tag-maef","tag-mercado-audiovisual-entre-fronteras","tag-mercados-audiovisuales","tag-natalia-bonetti","tag-proyectos-seleccionados","tag-residencia-del-lago","tag-sergio-acosta","tag-v-maef"],"acf":[],"yoast_head":"<!-- This site is optimized with the Yoast SEO plugin v27.4 - https:\/\/yoast.com\/product\/yoast-seo-wordpress\/ -->\n<title>Premios, alianzas y expansi\u00f3n regional: as\u00ed cerr\u00f3 el V Mercado Audiovisual Entre Fronteras - IAAviM<\/title>\n<meta name=\"description\" content=\"Concluy\u00f3 exitosamente la 5ta edici\u00f3n del Mercado Audiovisual Entre Fronteras que reuni\u00f3 24 proyectos de Argentina, Brasil, Paraguay y Uruguay\" \/>\n<meta name=\"robots\" content=\"index, follow, max-snippet:-1, max-image-preview:large, max-video-preview:-1\" \/>\n<link rel=\"canonical\" href=\"https:\/\/www.iaavim.gob.ar\/?p=15679\" \/>\n<meta property=\"og:locale\" content=\"es_ES\" \/>\n<meta property=\"og:type\" content=\"article\" \/>\n<meta property=\"og:title\" content=\"Premios, alianzas y expansi\u00f3n regional: as\u00ed cerr\u00f3 el V Mercado Audiovisual Entre Fronteras - IAAviM\" \/>\n<meta property=\"og:description\" content=\"Concluy\u00f3 exitosamente la 5ta edici\u00f3n del Mercado Audiovisual Entre Fronteras que reuni\u00f3 24 proyectos de Argentina, Brasil, Paraguay y Uruguay\" \/>\n<meta property=\"og:url\" content=\"https:\/\/www.iaavim.gob.ar\/?p=15679\" \/>\n<meta property=\"article:published_time\" content=\"2025-11-20T19:32:12+00:00\" \/>\n<meta property=\"article:modified_time\" content=\"2025-11-20T19:32:14+00:00\" \/>\n<meta property=\"og:image\" content=\"https:\/\/www.iaavim.gob.ar\/wp-content\/uploads\/2025\/11\/20251120_144345_0000.png\" \/>\n\t<meta property=\"og:image:width\" content=\"1200\" \/>\n\t<meta property=\"og:image:height\" content=\"480\" \/>\n\t<meta property=\"og:image:type\" content=\"image\/png\" \/>\n<meta name=\"author\" content=\"IAAviM\" \/>\n<meta name=\"twitter:card\" content=\"summary_large_image\" \/>\n<meta name=\"twitter:label1\" content=\"Escrito por\" \/>\n\t<meta name=\"twitter:data1\" content=\"IAAviM\" \/>\n\t<meta name=\"twitter:label2\" content=\"Tiempo de lectura\" \/>\n\t<meta name=\"twitter:data2\" content=\"8 minutos\" \/>\n<script type=\"application\/ld+json\" class=\"yoast-schema-graph\">{\"@context\":\"https:\\\/\\\/schema.org\",\"@graph\":[{\"@type\":\"Article\",\"@id\":\"https:\\\/\\\/www.iaavim.gob.ar\\\/?p=15679#article\",\"isPartOf\":{\"@id\":\"https:\\\/\\\/www.iaavim.gob.ar\\\/?p=15679\"},\"author\":{\"name\":\"IAAviM\",\"@id\":\"\\\/#\\\/schema\\\/person\\\/affb351a86bbbb5cdff3011db06ccf85\"},\"headline\":\"Premios, alianzas y expansi\u00f3n regional: as\u00ed cerr\u00f3 el V Mercado Audiovisual Entre Fronteras\",\"datePublished\":\"2025-11-20T19:32:12+00:00\",\"dateModified\":\"2025-11-20T19:32:14+00:00\",\"mainEntityOfPage\":{\"@id\":\"https:\\\/\\\/www.iaavim.gob.ar\\\/?p=15679\"},\"wordCount\":878,\"publisher\":{\"@id\":\"\\\/#organization\"},\"image\":{\"@id\":\"https:\\\/\\\/www.iaavim.gob.ar\\\/?p=15679#primaryimage\"},\"thumbnailUrl\":\"https:\\\/\\\/www.iaavim.gob.ar\\\/wp-content\\\/uploads\\\/2025\\\/11\\\/20251120_144345_0000.png\",\"keywords\":[\"ACAU\",\"Camila Acosta\",\"Carolina Alvarez\",\"Cash Rebate\",\"Cinthia Konopacki\",\"Comisi\u00f3n de Filmaciones de Misiones\",\"coproducci\u00f3n\",\"Elian Guerin\",\"IECINE RS\",\"INAP\",\"La carne de los dioses\",\"Las tormentas tropicales\",\"MAEF\",\"Mercado Audiovisual Entre Fronteras\",\"mercados audiovisuales\",\"Natalia Bonetti\",\"proyectos seleccionados\",\"Residencia del Lago\",\"Sergio Acosta\",\"V MAEF\"],\"articleSection\":[\"Noticias del IAAviM\"],\"inLanguage\":\"es-AR\"},{\"@type\":\"WebPage\",\"@id\":\"https:\\\/\\\/www.iaavim.gob.ar\\\/?p=15679\",\"url\":\"https:\\\/\\\/www.iaavim.gob.ar\\\/?p=15679\",\"name\":\"Premios, alianzas y expansi\u00f3n regional: as\u00ed cerr\u00f3 el V Mercado Audiovisual Entre Fronteras - IAAviM\",\"isPartOf\":{\"@id\":\"\\\/#website\"},\"primaryImageOfPage\":{\"@id\":\"https:\\\/\\\/www.iaavim.gob.ar\\\/?p=15679#primaryimage\"},\"image\":{\"@id\":\"https:\\\/\\\/www.iaavim.gob.ar\\\/?p=15679#primaryimage\"},\"thumbnailUrl\":\"https:\\\/\\\/www.iaavim.gob.ar\\\/wp-content\\\/uploads\\\/2025\\\/11\\\/20251120_144345_0000.png\",\"datePublished\":\"2025-11-20T19:32:12+00:00\",\"dateModified\":\"2025-11-20T19:32:14+00:00\",\"description\":\"Concluy\u00f3 exitosamente la 5ta edici\u00f3n del Mercado Audiovisual Entre Fronteras que reuni\u00f3 24 proyectos de Argentina, Brasil, Paraguay y Uruguay\",\"breadcrumb\":{\"@id\":\"https:\\\/\\\/www.iaavim.gob.ar\\\/?p=15679#breadcrumb\"},\"inLanguage\":\"es-AR\",\"potentialAction\":[{\"@type\":\"ReadAction\",\"target\":[\"https:\\\/\\\/www.iaavim.gob.ar\\\/?p=15679\"]}]},{\"@type\":\"ImageObject\",\"inLanguage\":\"es-AR\",\"@id\":\"https:\\\/\\\/www.iaavim.gob.ar\\\/?p=15679#primaryimage\",\"url\":\"https:\\\/\\\/www.iaavim.gob.ar\\\/wp-content\\\/uploads\\\/2025\\\/11\\\/20251120_144345_0000.png\",\"contentUrl\":\"https:\\\/\\\/www.iaavim.gob.ar\\\/wp-content\\\/uploads\\\/2025\\\/11\\\/20251120_144345_0000.png\",\"width\":1200,\"height\":480},{\"@type\":\"BreadcrumbList\",\"@id\":\"https:\\\/\\\/www.iaavim.gob.ar\\\/?p=15679#breadcrumb\",\"itemListElement\":[{\"@type\":\"ListItem\",\"position\":1,\"name\":\"Inicio\",\"item\":\"https:\\\/\\\/www.iaavim.gob.ar\\\/\"},{\"@type\":\"ListItem\",\"position\":2,\"name\":\"Premios, alianzas y expansi\u00f3n regional: as\u00ed cerr\u00f3 el V Mercado Audiovisual Entre Fronteras\"}]},{\"@type\":\"WebSite\",\"@id\":\"\\\/#website\",\"url\":\"\\\/\",\"name\":\"\",\"description\":\"Sitio oficial del IAAviM\",\"publisher\":{\"@id\":\"\\\/#organization\"},\"potentialAction\":[{\"@type\":\"SearchAction\",\"target\":{\"@type\":\"EntryPoint\",\"urlTemplate\":\"\\\/?s={search_term_string}\"},\"query-input\":{\"@type\":\"PropertyValueSpecification\",\"valueRequired\":true,\"valueName\":\"search_term_string\"}}],\"inLanguage\":\"es-AR\"},{\"@type\":\"Organization\",\"@id\":\"\\\/#organization\",\"name\":\"Instituto de Artes Audiovisuales de Misiones\",\"url\":\"\\\/\",\"logo\":{\"@type\":\"ImageObject\",\"inLanguage\":\"es-AR\",\"@id\":\"\\\/#\\\/schema\\\/logo\\\/image\\\/\",\"url\":\"https:\\\/\\\/iaavim.misiones.gob.ar\\\/wp-content\\\/uploads\\\/2021\\\/07\\\/logo-iaavim-preview.png.jpg\",\"contentUrl\":\"https:\\\/\\\/iaavim.misiones.gob.ar\\\/wp-content\\\/uploads\\\/2021\\\/07\\\/logo-iaavim-preview.png.jpg\",\"width\":1200,\"height\":675,\"caption\":\"Instituto de Artes Audiovisuales de Misiones\"},\"image\":{\"@id\":\"\\\/#\\\/schema\\\/logo\\\/image\\\/\"}},{\"@type\":\"Person\",\"@id\":\"\\\/#\\\/schema\\\/person\\\/affb351a86bbbb5cdff3011db06ccf85\",\"name\":\"IAAviM\",\"image\":{\"@type\":\"ImageObject\",\"inLanguage\":\"es-AR\",\"@id\":\"https:\\\/\\\/secure.gravatar.com\\\/avatar\\\/6a023e5ff426a571199af5d6ff7996bd89e8be946af83dc1c2624ad66151ed39?s=96&d=blank&r=g\",\"url\":\"https:\\\/\\\/secure.gravatar.com\\\/avatar\\\/6a023e5ff426a571199af5d6ff7996bd89e8be946af83dc1c2624ad66151ed39?s=96&d=blank&r=g\",\"contentUrl\":\"https:\\\/\\\/secure.gravatar.com\\\/avatar\\\/6a023e5ff426a571199af5d6ff7996bd89e8be946af83dc1c2624ad66151ed39?s=96&d=blank&r=g\",\"caption\":\"IAAviM\"},\"url\":\"https:\\\/\\\/www.iaavim.gob.ar\\\/?author=2\"}]}<\/script>\n<!-- \/ Yoast SEO plugin. -->","yoast_head_json":{"title":"Premios, alianzas y expansi\u00f3n regional: as\u00ed cerr\u00f3 el V Mercado Audiovisual Entre Fronteras - IAAviM","description":"Concluy\u00f3 exitosamente la 5ta edici\u00f3n del Mercado Audiovisual Entre Fronteras que reuni\u00f3 24 proyectos de Argentina, Brasil, Paraguay y Uruguay","robots":{"index":"index","follow":"follow","max-snippet":"max-snippet:-1","max-image-preview":"max-image-preview:large","max-video-preview":"max-video-preview:-1"},"canonical":"https:\/\/www.iaavim.gob.ar\/?p=15679","og_locale":"es_ES","og_type":"article","og_title":"Premios, alianzas y expansi\u00f3n regional: as\u00ed cerr\u00f3 el V Mercado Audiovisual Entre Fronteras - IAAviM","og_description":"Concluy\u00f3 exitosamente la 5ta edici\u00f3n del Mercado Audiovisual Entre Fronteras que reuni\u00f3 24 proyectos de Argentina, Brasil, Paraguay y Uruguay","og_url":"https:\/\/www.iaavim.gob.ar\/?p=15679","article_published_time":"2025-11-20T19:32:12+00:00","article_modified_time":"2025-11-20T19:32:14+00:00","og_image":[{"width":1200,"height":480,"url":"https:\/\/www.iaavim.gob.ar\/wp-content\/uploads\/2025\/11\/20251120_144345_0000.png","type":"image\/png"}],"author":"IAAviM","twitter_card":"summary_large_image","twitter_misc":{"Escrito por":"IAAviM","Tiempo de lectura":"8 minutos"},"schema":{"@context":"https:\/\/schema.org","@graph":[{"@type":"Article","@id":"https:\/\/www.iaavim.gob.ar\/?p=15679#article","isPartOf":{"@id":"https:\/\/www.iaavim.gob.ar\/?p=15679"},"author":{"name":"IAAviM","@id":"\/#\/schema\/person\/affb351a86bbbb5cdff3011db06ccf85"},"headline":"Premios, alianzas y expansi\u00f3n regional: as\u00ed cerr\u00f3 el V Mercado Audiovisual Entre Fronteras","datePublished":"2025-11-20T19:32:12+00:00","dateModified":"2025-11-20T19:32:14+00:00","mainEntityOfPage":{"@id":"https:\/\/www.iaavim.gob.ar\/?p=15679"},"wordCount":878,"publisher":{"@id":"\/#organization"},"image":{"@id":"https:\/\/www.iaavim.gob.ar\/?p=15679#primaryimage"},"thumbnailUrl":"https:\/\/www.iaavim.gob.ar\/wp-content\/uploads\/2025\/11\/20251120_144345_0000.png","keywords":["ACAU","Camila Acosta","Carolina Alvarez","Cash Rebate","Cinthia Konopacki","Comisi\u00f3n de Filmaciones de Misiones","coproducci\u00f3n","Elian Guerin","IECINE RS","INAP","La carne de los dioses","Las tormentas tropicales","MAEF","Mercado Audiovisual Entre Fronteras","mercados audiovisuales","Natalia Bonetti","proyectos seleccionados","Residencia del Lago","Sergio Acosta","V MAEF"],"articleSection":["Noticias del IAAviM"],"inLanguage":"es-AR"},{"@type":"WebPage","@id":"https:\/\/www.iaavim.gob.ar\/?p=15679","url":"https:\/\/www.iaavim.gob.ar\/?p=15679","name":"Premios, alianzas y expansi\u00f3n regional: as\u00ed cerr\u00f3 el V Mercado Audiovisual Entre Fronteras - IAAviM","isPartOf":{"@id":"\/#website"},"primaryImageOfPage":{"@id":"https:\/\/www.iaavim.gob.ar\/?p=15679#primaryimage"},"image":{"@id":"https:\/\/www.iaavim.gob.ar\/?p=15679#primaryimage"},"thumbnailUrl":"https:\/\/www.iaavim.gob.ar\/wp-content\/uploads\/2025\/11\/20251120_144345_0000.png","datePublished":"2025-11-20T19:32:12+00:00","dateModified":"2025-11-20T19:32:14+00:00","description":"Concluy\u00f3 exitosamente la 5ta edici\u00f3n del Mercado Audiovisual Entre Fronteras que reuni\u00f3 24 proyectos de Argentina, Brasil, Paraguay y Uruguay","breadcrumb":{"@id":"https:\/\/www.iaavim.gob.ar\/?p=15679#breadcrumb"},"inLanguage":"es-AR","potentialAction":[{"@type":"ReadAction","target":["https:\/\/www.iaavim.gob.ar\/?p=15679"]}]},{"@type":"ImageObject","inLanguage":"es-AR","@id":"https:\/\/www.iaavim.gob.ar\/?p=15679#primaryimage","url":"https:\/\/www.iaavim.gob.ar\/wp-content\/uploads\/2025\/11\/20251120_144345_0000.png","contentUrl":"https:\/\/www.iaavim.gob.ar\/wp-content\/uploads\/2025\/11\/20251120_144345_0000.png","width":1200,"height":480},{"@type":"BreadcrumbList","@id":"https:\/\/www.iaavim.gob.ar\/?p=15679#breadcrumb","itemListElement":[{"@type":"ListItem","position":1,"name":"Inicio","item":"https:\/\/www.iaavim.gob.ar\/"},{"@type":"ListItem","position":2,"name":"Premios, alianzas y expansi\u00f3n regional: as\u00ed cerr\u00f3 el V Mercado Audiovisual Entre Fronteras"}]},{"@type":"WebSite","@id":"\/#website","url":"\/","name":"","description":"Sitio oficial del IAAviM","publisher":{"@id":"\/#organization"},"potentialAction":[{"@type":"SearchAction","target":{"@type":"EntryPoint","urlTemplate":"\/?s={search_term_string}"},"query-input":{"@type":"PropertyValueSpecification","valueRequired":true,"valueName":"search_term_string"}}],"inLanguage":"es-AR"},{"@type":"Organization","@id":"\/#organization","name":"Instituto de Artes Audiovisuales de Misiones","url":"\/","logo":{"@type":"ImageObject","inLanguage":"es-AR","@id":"\/#\/schema\/logo\/image\/","url":"https:\/\/iaavim.misiones.gob.ar\/wp-content\/uploads\/2021\/07\/logo-iaavim-preview.png.jpg","contentUrl":"https:\/\/iaavim.misiones.gob.ar\/wp-content\/uploads\/2021\/07\/logo-iaavim-preview.png.jpg","width":1200,"height":675,"caption":"Instituto de Artes Audiovisuales de Misiones"},"image":{"@id":"\/#\/schema\/logo\/image\/"}},{"@type":"Person","@id":"\/#\/schema\/person\/affb351a86bbbb5cdff3011db06ccf85","name":"IAAviM","image":{"@type":"ImageObject","inLanguage":"es-AR","@id":"https:\/\/secure.gravatar.com\/avatar\/6a023e5ff426a571199af5d6ff7996bd89e8be946af83dc1c2624ad66151ed39?s=96&d=blank&r=g","url":"https:\/\/secure.gravatar.com\/avatar\/6a023e5ff426a571199af5d6ff7996bd89e8be946af83dc1c2624ad66151ed39?s=96&d=blank&r=g","contentUrl":"https:\/\/secure.gravatar.com\/avatar\/6a023e5ff426a571199af5d6ff7996bd89e8be946af83dc1c2624ad66151ed39?s=96&d=blank&r=g","caption":"IAAviM"},"url":"https:\/\/www.iaavim.gob.ar\/?author=2"}]}},"amp_enabled":true,"_links":{"self":[{"href":"https:\/\/www.iaavim.gob.ar\/index.php?rest_route=\/wp\/v2\/posts\/15679","targetHints":{"allow":["GET"]}}],"collection":[{"href":"https:\/\/www.iaavim.gob.ar\/index.php?rest_route=\/wp\/v2\/posts"}],"about":[{"href":"https:\/\/www.iaavim.gob.ar\/index.php?rest_route=\/wp\/v2\/types\/post"}],"author":[{"embeddable":true,"href":"https:\/\/www.iaavim.gob.ar\/index.php?rest_route=\/wp\/v2\/users\/2"}],"replies":[{"embeddable":true,"href":"https:\/\/www.iaavim.gob.ar\/index.php?rest_route=%2Fwp%2Fv2%2Fcomments&post=15679"}],"version-history":[{"count":2,"href":"https:\/\/www.iaavim.gob.ar\/index.php?rest_route=\/wp\/v2\/posts\/15679\/revisions"}],"predecessor-version":[{"id":15704,"href":"https:\/\/www.iaavim.gob.ar\/index.php?rest_route=\/wp\/v2\/posts\/15679\/revisions\/15704"}],"wp:featuredmedia":[{"embeddable":true,"href":"https:\/\/www.iaavim.gob.ar\/index.php?rest_route=\/wp\/v2\/media\/15680"}],"wp:attachment":[{"href":"https:\/\/www.iaavim.gob.ar\/index.php?rest_route=%2Fwp%2Fv2%2Fmedia&parent=15679"}],"wp:term":[{"taxonomy":"category","embeddable":true,"href":"https:\/\/www.iaavim.gob.ar\/index.php?rest_route=%2Fwp%2Fv2%2Fcategories&post=15679"},{"taxonomy":"post_tag","embeddable":true,"href":"https:\/\/www.iaavim.gob.ar\/index.php?rest_route=%2Fwp%2Fv2%2Ftags&post=15679"}],"curies":[{"name":"wp","href":"https:\/\/api.w.org\/{rel}","templated":true}]}}