{"id":15664,"date":"2025-11-18T11:06:56","date_gmt":"2025-11-18T14:06:56","guid":{"rendered":"https:\/\/www.iaavim.gob.ar\/?p=15664"},"modified":"2026-01-07T09:34:31","modified_gmt":"2026-01-07T12:34:31","slug":"inscripcion-ix-foro","status":"publish","type":"post","link":"https:\/\/www.iaavim.gob.ar\/?p=15664","title":{"rendered":"Actas IX Foro"},"content":{"rendered":"\n<div class=\"wp-block-buttons is-layout-flex wp-block-buttons-is-layout-flex\">\n<div class=\"wp-block-button\"><a class=\"wp-block-button__link wp-element-button\" href=\"https:\/\/drive.google.com\/drive\/folders\/1mmxfE3AIR_JAfgh6S1x_lrN_dpPcsb45?usp=sharing\" style=\"border-radius:16px\">ACTAS MESAS IX FORO CONSULTIVO<\/a><\/div>\n<\/div>\n\n\n\n<p><\/p>\n\n\n\n<p>El Instituto de Artes Audiovisuales de Misiones (IAAviM) invita a participar del <strong>IX Foro Consultivo de Pol\u00edticas P\u00fablicas Audiovisuales de Misiones<\/strong>, a realizarse el <strong>s\u00e1bado 6 de diciembre de 2025<\/strong>, de <strong>8:30 a 18 hs<\/strong>, en <strong>Silicon Misiones.<\/strong><\/p>\n\n\n\n<p>El Foro es una instancia institucional establecida en la <strong>Ley VI N\u00ba 171 de Promoci\u00f3n Audiovisual de Misiones<\/strong>, orientada a fortalecer la participaci\u00f3n democr\u00e1tica en la formulaci\u00f3n, evaluaci\u00f3n y planificaci\u00f3n de las pol\u00edticas audiovisuales de la provincia.<\/p>\n\n\n\n<h3 class=\"wp-block-heading\"><strong>\u00bfPor qu\u00e9 es importante participar?<\/strong><\/h3>\n\n\n\n<p>La edici\u00f3n 2025 se desarrolla en un contexto de profundos cambios para el sector: crisis del fomento nacional, transformaciones digitales y nuevas din\u00e1micas de producci\u00f3n y financiamiento. En este marco, el Foro buscar\u00e1:<\/p>\n\n\n\n<ul class=\"wp-block-list\">\n<li>Revisar las pol\u00edticas implementadas entre 2024 y 2025.<\/li>\n\n\n\n<li>Analizar los circuitos de participaci\u00f3n en convocatorias y programas.<\/li>\n\n\n\n<li>Fortalecer la red de exhibici\u00f3n audiovisual.<\/li>\n\n\n\n<li>Acordar prioridades de capacitaci\u00f3n e investigaci\u00f3n.<\/li>\n\n\n\n<li>Consolidar la mirada territorial en la planificaci\u00f3n 2026\u20132027.<\/li>\n<\/ul>\n\n\n\n<h3 class=\"wp-block-heading\"><strong>Panel y mesas de trabajo<\/strong><\/h3>\n\n\n\n<p><strong>Panel \u2013 Informe de gesti\u00f3n IAAviM 2024\/25<\/strong><strong><br><\/strong>Sergio Acosta, Santiago Carabante, Mariana Lombardini y Guillermo Rovira.<\/p>\n\n\n\n<p><strong>Mesas de trabajo:<\/strong><\/p>\n\n\n\n<ol class=\"wp-block-list\">\n<li>Gesti\u00f3n territorial y reglamento del Consejo Directivo<\/li>\n\n\n\n<li>Participaci\u00f3n en convocatorias y l\u00edneas de fomento<\/li>\n\n\n\n<li>Exhibici\u00f3n: cineclubes, Cinem\u00f3vil y festivales<\/li>\n\n\n\n<li>Capacitaci\u00f3n e Investigaci\u00f3n<\/li>\n<\/ol>\n\n\n\n<p><strong>Plenario final:<\/strong> presentaci\u00f3n de conclusiones, firma de actas y cierre institucional.<\/p>\n\n\n\n<h3 class=\"wp-block-heading\"><strong>Inscripci\u00f3n obligatoria<\/strong><\/h3>\n\n\n\n<p>Para garantizar una correcta organizaci\u00f3n log\u00edstica, asignaci\u00f3n de espacios y distribuci\u00f3n de materiales de trabajo, <strong>solicitamos completar el formulario de inscripci\u00f3n<\/strong>:<\/p>\n\n\n\n<p>\ud83d\udd17 <a href=\"https:\/\/forms.gle\/uMxuMS9Z3BzDrrNw6\">https:\/\/forms.gle\/uMxuMS9Z3BzDrrNw6<\/a>&nbsp;<\/p>\n\n\n\n<h3 class=\"wp-block-heading\"><strong>Destinatarios\/as<\/strong><\/h3>\n\n\n\n<p>Personas y organizaciones inscriptas en el RePA, estudiantes y docentes, cineclubes, festivales, salas, productores\/as, t\u00e9cnicos\/as y todas las personas vinculadas al audiovisual en Misiones.<\/p>\n\n\n\n<p><\/p>\n\n\n\n<h3 class=\"wp-block-heading\"><strong>Cronograma de actividades<br>IX Foro Consultivo de Pol\u00edticas P\u00fablicas Audiovisuales de Misiones<\/strong><\/h3>\n\n\n\n<p><strong>Lugar:<\/strong> Silicon Misiones (Av. Ulises L\u00f3pez s\/n, Acceso Oeste, Posadas)<br><strong>Fecha:<\/strong> S\u00e1bado 6 de diciembre de 2025<br><strong>Horario:<\/strong> 8:30 a 18:00 hs<\/p>\n\n\n\n<p><strong>8:30 \u2013 09:15<\/strong> | Acreditaci\u00f3n y caf\u00e9 de bienvenida<br><strong>9:15 \u2013 10:30<\/strong> | Panel 1: <em>Informe de gesti\u00f3n IAAviM 2024\/25<\/em> (Exposici\u00f3n + espacio para preguntas)<br><strong>10:45 \u2013 13:00<\/strong> | Mesas de trabajo simult\u00e1neas (bloque 1)<br><strong>13:00 \u2013 14:00<\/strong> | Almuerzo<br><strong>14:00 \u2013 16:00<\/strong> | Mesas de trabajo simult\u00e1neas (bloque 2) \u2013 Continuaci\u00f3n y profundizaci\u00f3n<br><strong>16:00 \u2013 16:15<\/strong> | Pausa<br><strong>16:15 \u2013 17:15<\/strong> | Mesas de trabajo simult\u00e1neas (bloque 3) \u2013 Cierre y s\u00edntesis final<br><strong>17:15 \u2013 18:00<\/strong> | Plenario colectivo: presentaci\u00f3n de conclusiones y firma de actas \/ Cierre institucional y         despedida<br><\/p>\n\n\n\n<p><\/p>\n\n\n\n<p><\/p>\n","protected":false},"excerpt":{"rendered":"<p>ACTAS MESAS IX FORO CONSULTIVO El Instituto de Artes Audiovisuales de Misiones (IAAviM) invita a participar del IX Foro Consultivo de Pol\u00edticas P\u00fablicas Audiovisuales de Misiones, a realizarse el s\u00e1bado 6 de diciembre de 2025, de 8:30 a 18 hs, en Silicon Misiones. El Foro es una instancia institucional establecida en la Ley VI N\u00ba &hellip;<\/p>\n","protected":false},"author":1,"featured_media":15665,"comment_status":"closed","ping_status":"open","sticky":false,"template":"","format":"standard","meta":{"_acf_changed":false,"footnotes":""},"categories":[32],"tags":[218,113,1622,495,565],"class_list":["post-15664","post","type-post","status-publish","format-standard","has-post-thumbnail","hentry","category-actualidad-del-sector","tag-foro-de-politicas-publicas-audiovisuales-de-misiones","tag-inscripcion","tag-ix-foro","tag-mesas-de-trabajo","tag-portada"],"acf":[],"yoast_head":"<!-- This site is optimized with the Yoast SEO plugin v27.4 - https:\/\/yoast.com\/product\/yoast-seo-wordpress\/ -->\n<title>Actas IX Foro -<\/title>\n<meta name=\"robots\" content=\"index, follow, max-snippet:-1, max-image-preview:large, max-video-preview:-1\" \/>\n<link rel=\"canonical\" href=\"https:\/\/www.iaavim.gob.ar\/?p=15664\" \/>\n<meta property=\"og:locale\" content=\"es_ES\" \/>\n<meta property=\"og:type\" content=\"article\" \/>\n<meta property=\"og:title\" content=\"Actas IX Foro -\" \/>\n<meta property=\"og:description\" content=\"ACTAS MESAS IX FORO CONSULTIVO El Instituto de Artes Audiovisuales de Misiones (IAAviM) invita a participar del IX Foro Consultivo de Pol\u00edticas P\u00fablicas Audiovisuales de Misiones, a realizarse el s\u00e1bado 6 de diciembre de 2025, de 8:30 a 18 hs, en Silicon Misiones. El Foro es una instancia institucional establecida en la Ley VI N\u00ba &hellip;\" \/>\n<meta property=\"og:url\" content=\"https:\/\/www.iaavim.gob.ar\/?p=15664\" \/>\n<meta property=\"article:published_time\" content=\"2025-11-18T14:06:56+00:00\" \/>\n<meta property=\"article:modified_time\" content=\"2026-01-07T12:34:31+00:00\" \/>\n<meta property=\"og:image\" content=\"https:\/\/www.iaavim.gob.ar\/wp-content\/uploads\/2025\/11\/grafica-de-acceso.png\" \/>\n\t<meta property=\"og:image:width\" content=\"1200\" \/>\n\t<meta property=\"og:image:height\" content=\"675\" \/>\n\t<meta property=\"og:image:type\" content=\"image\/png\" \/>\n<meta name=\"author\" content=\"IAAviM\" \/>\n<meta name=\"twitter:card\" content=\"summary_large_image\" \/>\n<meta name=\"twitter:label1\" content=\"Escrito por\" \/>\n\t<meta name=\"twitter:data1\" content=\"IAAviM\" \/>\n\t<meta name=\"twitter:label2\" content=\"Tiempo de lectura\" \/>\n\t<meta name=\"twitter:data2\" content=\"2 minutos\" \/>\n<script type=\"application\/ld+json\" class=\"yoast-schema-graph\">{\"@context\":\"https:\\\/\\\/schema.org\",\"@graph\":[{\"@type\":\"Article\",\"@id\":\"https:\\\/\\\/www.iaavim.gob.ar\\\/?p=15664#article\",\"isPartOf\":{\"@id\":\"https:\\\/\\\/www.iaavim.gob.ar\\\/?p=15664\"},\"author\":{\"name\":\"IAAviM\",\"@id\":\"\\\/#\\\/schema\\\/person\\\/567fbb427319d0dae3bc6b33aba48a62\"},\"headline\":\"Actas IX Foro\",\"datePublished\":\"2025-11-18T14:06:56+00:00\",\"dateModified\":\"2026-01-07T12:34:31+00:00\",\"mainEntityOfPage\":{\"@id\":\"https:\\\/\\\/www.iaavim.gob.ar\\\/?p=15664\"},\"wordCount\":392,\"publisher\":{\"@id\":\"\\\/#organization\"},\"image\":{\"@id\":\"https:\\\/\\\/www.iaavim.gob.ar\\\/?p=15664#primaryimage\"},\"thumbnailUrl\":\"https:\\\/\\\/www.iaavim.gob.ar\\\/wp-content\\\/uploads\\\/2025\\\/11\\\/grafica-de-acceso.png\",\"keywords\":[\"Foro de Pol\u00edticas P\u00fablicas Audiovisuales de Misiones\",\"inscripci\u00f3n\",\"IX Foro\",\"mesas de trabajo\",\"portada\"],\"articleSection\":[\"Actualidad del sector\"],\"inLanguage\":\"es-AR\"},{\"@type\":\"WebPage\",\"@id\":\"https:\\\/\\\/www.iaavim.gob.ar\\\/?p=15664\",\"url\":\"https:\\\/\\\/www.iaavim.gob.ar\\\/?p=15664\",\"name\":\"Actas IX Foro -\",\"isPartOf\":{\"@id\":\"\\\/#website\"},\"primaryImageOfPage\":{\"@id\":\"https:\\\/\\\/www.iaavim.gob.ar\\\/?p=15664#primaryimage\"},\"image\":{\"@id\":\"https:\\\/\\\/www.iaavim.gob.ar\\\/?p=15664#primaryimage\"},\"thumbnailUrl\":\"https:\\\/\\\/www.iaavim.gob.ar\\\/wp-content\\\/uploads\\\/2025\\\/11\\\/grafica-de-acceso.png\",\"datePublished\":\"2025-11-18T14:06:56+00:00\",\"dateModified\":\"2026-01-07T12:34:31+00:00\",\"breadcrumb\":{\"@id\":\"https:\\\/\\\/www.iaavim.gob.ar\\\/?p=15664#breadcrumb\"},\"inLanguage\":\"es-AR\",\"potentialAction\":[{\"@type\":\"ReadAction\",\"target\":[\"https:\\\/\\\/www.iaavim.gob.ar\\\/?p=15664\"]}]},{\"@type\":\"ImageObject\",\"inLanguage\":\"es-AR\",\"@id\":\"https:\\\/\\\/www.iaavim.gob.ar\\\/?p=15664#primaryimage\",\"url\":\"https:\\\/\\\/www.iaavim.gob.ar\\\/wp-content\\\/uploads\\\/2025\\\/11\\\/grafica-de-acceso.png\",\"contentUrl\":\"https:\\\/\\\/www.iaavim.gob.ar\\\/wp-content\\\/uploads\\\/2025\\\/11\\\/grafica-de-acceso.png\",\"width\":1200,\"height\":675},{\"@type\":\"BreadcrumbList\",\"@id\":\"https:\\\/\\\/www.iaavim.gob.ar\\\/?p=15664#breadcrumb\",\"itemListElement\":[{\"@type\":\"ListItem\",\"position\":1,\"name\":\"Inicio\",\"item\":\"https:\\\/\\\/www.iaavim.gob.ar\\\/\"},{\"@type\":\"ListItem\",\"position\":2,\"name\":\"Actas IX Foro\"}]},{\"@type\":\"WebSite\",\"@id\":\"\\\/#website\",\"url\":\"\\\/\",\"name\":\"\",\"description\":\"Sitio oficial del IAAviM\",\"publisher\":{\"@id\":\"\\\/#organization\"},\"potentialAction\":[{\"@type\":\"SearchAction\",\"target\":{\"@type\":\"EntryPoint\",\"urlTemplate\":\"\\\/?s={search_term_string}\"},\"query-input\":{\"@type\":\"PropertyValueSpecification\",\"valueRequired\":true,\"valueName\":\"search_term_string\"}}],\"inLanguage\":\"es-AR\"},{\"@type\":\"Organization\",\"@id\":\"\\\/#organization\",\"name\":\"Instituto de Artes Audiovisuales de Misiones\",\"url\":\"\\\/\",\"logo\":{\"@type\":\"ImageObject\",\"inLanguage\":\"es-AR\",\"@id\":\"\\\/#\\\/schema\\\/logo\\\/image\\\/\",\"url\":\"https:\\\/\\\/iaavim.misiones.gob.ar\\\/wp-content\\\/uploads\\\/2021\\\/07\\\/logo-iaavim-preview.png.jpg\",\"contentUrl\":\"https:\\\/\\\/iaavim.misiones.gob.ar\\\/wp-content\\\/uploads\\\/2021\\\/07\\\/logo-iaavim-preview.png.jpg\",\"width\":1200,\"height\":675,\"caption\":\"Instituto de Artes Audiovisuales de Misiones\"},\"image\":{\"@id\":\"\\\/#\\\/schema\\\/logo\\\/image\\\/\"}},{\"@type\":\"Person\",\"@id\":\"\\\/#\\\/schema\\\/person\\\/567fbb427319d0dae3bc6b33aba48a62\",\"name\":\"IAAviM\",\"image\":{\"@type\":\"ImageObject\",\"inLanguage\":\"es-AR\",\"@id\":\"https:\\\/\\\/secure.gravatar.com\\\/avatar\\\/9802bb83cd8afc8d9eae1a570850fcaf194494ca73cbac30d506afe269460348?s=96&d=blank&r=g\",\"url\":\"https:\\\/\\\/secure.gravatar.com\\\/avatar\\\/9802bb83cd8afc8d9eae1a570850fcaf194494ca73cbac30d506afe269460348?s=96&d=blank&r=g\",\"contentUrl\":\"https:\\\/\\\/secure.gravatar.com\\\/avatar\\\/9802bb83cd8afc8d9eae1a570850fcaf194494ca73cbac30d506afe269460348?s=96&d=blank&r=g\",\"caption\":\"IAAviM\"},\"url\":\"https:\\\/\\\/www.iaavim.gob.ar\\\/?author=1\"}]}<\/script>\n<!-- \/ Yoast SEO plugin. -->","yoast_head_json":{"title":"Actas IX Foro -","robots":{"index":"index","follow":"follow","max-snippet":"max-snippet:-1","max-image-preview":"max-image-preview:large","max-video-preview":"max-video-preview:-1"},"canonical":"https:\/\/www.iaavim.gob.ar\/?p=15664","og_locale":"es_ES","og_type":"article","og_title":"Actas IX Foro -","og_description":"ACTAS MESAS IX FORO CONSULTIVO El Instituto de Artes Audiovisuales de Misiones (IAAviM) invita a participar del IX Foro Consultivo de Pol\u00edticas P\u00fablicas Audiovisuales de Misiones, a realizarse el s\u00e1bado 6 de diciembre de 2025, de 8:30 a 18 hs, en Silicon Misiones. El Foro es una instancia institucional establecida en la Ley VI N\u00ba &hellip;","og_url":"https:\/\/www.iaavim.gob.ar\/?p=15664","article_published_time":"2025-11-18T14:06:56+00:00","article_modified_time":"2026-01-07T12:34:31+00:00","og_image":[{"width":1200,"height":675,"url":"https:\/\/www.iaavim.gob.ar\/wp-content\/uploads\/2025\/11\/grafica-de-acceso.png","type":"image\/png"}],"author":"IAAviM","twitter_card":"summary_large_image","twitter_misc":{"Escrito por":"IAAviM","Tiempo de lectura":"2 minutos"},"schema":{"@context":"https:\/\/schema.org","@graph":[{"@type":"Article","@id":"https:\/\/www.iaavim.gob.ar\/?p=15664#article","isPartOf":{"@id":"https:\/\/www.iaavim.gob.ar\/?p=15664"},"author":{"name":"IAAviM","@id":"\/#\/schema\/person\/567fbb427319d0dae3bc6b33aba48a62"},"headline":"Actas IX Foro","datePublished":"2025-11-18T14:06:56+00:00","dateModified":"2026-01-07T12:34:31+00:00","mainEntityOfPage":{"@id":"https:\/\/www.iaavim.gob.ar\/?p=15664"},"wordCount":392,"publisher":{"@id":"\/#organization"},"image":{"@id":"https:\/\/www.iaavim.gob.ar\/?p=15664#primaryimage"},"thumbnailUrl":"https:\/\/www.iaavim.gob.ar\/wp-content\/uploads\/2025\/11\/grafica-de-acceso.png","keywords":["Foro de Pol\u00edticas P\u00fablicas Audiovisuales de Misiones","inscripci\u00f3n","IX Foro","mesas de trabajo","portada"],"articleSection":["Actualidad del sector"],"inLanguage":"es-AR"},{"@type":"WebPage","@id":"https:\/\/www.iaavim.gob.ar\/?p=15664","url":"https:\/\/www.iaavim.gob.ar\/?p=15664","name":"Actas IX Foro -","isPartOf":{"@id":"\/#website"},"primaryImageOfPage":{"@id":"https:\/\/www.iaavim.gob.ar\/?p=15664#primaryimage"},"image":{"@id":"https:\/\/www.iaavim.gob.ar\/?p=15664#primaryimage"},"thumbnailUrl":"https:\/\/www.iaavim.gob.ar\/wp-content\/uploads\/2025\/11\/grafica-de-acceso.png","datePublished":"2025-11-18T14:06:56+00:00","dateModified":"2026-01-07T12:34:31+00:00","breadcrumb":{"@id":"https:\/\/www.iaavim.gob.ar\/?p=15664#breadcrumb"},"inLanguage":"es-AR","potentialAction":[{"@type":"ReadAction","target":["https:\/\/www.iaavim.gob.ar\/?p=15664"]}]},{"@type":"ImageObject","inLanguage":"es-AR","@id":"https:\/\/www.iaavim.gob.ar\/?p=15664#primaryimage","url":"https:\/\/www.iaavim.gob.ar\/wp-content\/uploads\/2025\/11\/grafica-de-acceso.png","contentUrl":"https:\/\/www.iaavim.gob.ar\/wp-content\/uploads\/2025\/11\/grafica-de-acceso.png","width":1200,"height":675},{"@type":"BreadcrumbList","@id":"https:\/\/www.iaavim.gob.ar\/?p=15664#breadcrumb","itemListElement":[{"@type":"ListItem","position":1,"name":"Inicio","item":"https:\/\/www.iaavim.gob.ar\/"},{"@type":"ListItem","position":2,"name":"Actas IX Foro"}]},{"@type":"WebSite","@id":"\/#website","url":"\/","name":"","description":"Sitio oficial del IAAviM","publisher":{"@id":"\/#organization"},"potentialAction":[{"@type":"SearchAction","target":{"@type":"EntryPoint","urlTemplate":"\/?s={search_term_string}"},"query-input":{"@type":"PropertyValueSpecification","valueRequired":true,"valueName":"search_term_string"}}],"inLanguage":"es-AR"},{"@type":"Organization","@id":"\/#organization","name":"Instituto de Artes Audiovisuales de Misiones","url":"\/","logo":{"@type":"ImageObject","inLanguage":"es-AR","@id":"\/#\/schema\/logo\/image\/","url":"https:\/\/iaavim.misiones.gob.ar\/wp-content\/uploads\/2021\/07\/logo-iaavim-preview.png.jpg","contentUrl":"https:\/\/iaavim.misiones.gob.ar\/wp-content\/uploads\/2021\/07\/logo-iaavim-preview.png.jpg","width":1200,"height":675,"caption":"Instituto de Artes Audiovisuales de Misiones"},"image":{"@id":"\/#\/schema\/logo\/image\/"}},{"@type":"Person","@id":"\/#\/schema\/person\/567fbb427319d0dae3bc6b33aba48a62","name":"IAAviM","image":{"@type":"ImageObject","inLanguage":"es-AR","@id":"https:\/\/secure.gravatar.com\/avatar\/9802bb83cd8afc8d9eae1a570850fcaf194494ca73cbac30d506afe269460348?s=96&d=blank&r=g","url":"https:\/\/secure.gravatar.com\/avatar\/9802bb83cd8afc8d9eae1a570850fcaf194494ca73cbac30d506afe269460348?s=96&d=blank&r=g","contentUrl":"https:\/\/secure.gravatar.com\/avatar\/9802bb83cd8afc8d9eae1a570850fcaf194494ca73cbac30d506afe269460348?s=96&d=blank&r=g","caption":"IAAviM"},"url":"https:\/\/www.iaavim.gob.ar\/?author=1"}]}},"amp_enabled":true,"_links":{"self":[{"href":"https:\/\/www.iaavim.gob.ar\/index.php?rest_route=\/wp\/v2\/posts\/15664","targetHints":{"allow":["GET"]}}],"collection":[{"href":"https:\/\/www.iaavim.gob.ar\/index.php?rest_route=\/wp\/v2\/posts"}],"about":[{"href":"https:\/\/www.iaavim.gob.ar\/index.php?rest_route=\/wp\/v2\/types\/post"}],"author":[{"embeddable":true,"href":"https:\/\/www.iaavim.gob.ar\/index.php?rest_route=\/wp\/v2\/users\/1"}],"replies":[{"embeddable":true,"href":"https:\/\/www.iaavim.gob.ar\/index.php?rest_route=%2Fwp%2Fv2%2Fcomments&post=15664"}],"version-history":[{"count":3,"href":"https:\/\/www.iaavim.gob.ar\/index.php?rest_route=\/wp\/v2\/posts\/15664\/revisions"}],"predecessor-version":[{"id":15869,"href":"https:\/\/www.iaavim.gob.ar\/index.php?rest_route=\/wp\/v2\/posts\/15664\/revisions\/15869"}],"wp:featuredmedia":[{"embeddable":true,"href":"https:\/\/www.iaavim.gob.ar\/index.php?rest_route=\/wp\/v2\/media\/15665"}],"wp:attachment":[{"href":"https:\/\/www.iaavim.gob.ar\/index.php?rest_route=%2Fwp%2Fv2%2Fmedia&parent=15664"}],"wp:term":[{"taxonomy":"category","embeddable":true,"href":"https:\/\/www.iaavim.gob.ar\/index.php?rest_route=%2Fwp%2Fv2%2Fcategories&post=15664"},{"taxonomy":"post_tag","embeddable":true,"href":"https:\/\/www.iaavim.gob.ar\/index.php?rest_route=%2Fwp%2Fv2%2Ftags&post=15664"}],"curies":[{"name":"wp","href":"https:\/\/api.w.org\/{rel}","templated":true}]}}