{"id":14828,"date":"2025-04-24T16:34:13","date_gmt":"2025-04-24T19:34:13","guid":{"rendered":"https:\/\/www.iaavim.gob.ar\/?p=14828"},"modified":"2025-04-25T12:43:02","modified_gmt":"2025-04-25T15:43:02","slug":"basilicia-de-estreno-en-el-imax-y-continua-su-gira-por-salas-de-la-provincia","status":"publish","type":"post","link":"https:\/\/www.iaavim.gob.ar\/?p=14828","title":{"rendered":"&#8220;Basilicia&#8221; se estren\u00f3 en el IMAX y contin\u00faa su gira por salas de la provincia"},"content":{"rendered":"\n<p>Con una funci\u00f3n profundamente emotiva en el IMAX del Conocimiento, se estren\u00f3 ayer <strong>Basilicia: cuando la historia la escriben los que luchan<\/strong>, una docuficci\u00f3n que recupera la figura de Basilicia Sawicki, joven campesina asesinada durante la Masacre de Ober\u00e1 en 1936, y que se ha convertido en s\u00edmbolo de la lucha agraria en Misiones. La pel\u00edcula inicia ahora su recorrido por las localidades de <strong>Ober\u00e1, Montecarlo, Puerto Rico y Eldorado<\/strong>, con el acompa\u00f1amiento del <strong>Instituto de Artes Audiovisuales de Misiones<\/strong> (IAAviM).<\/p>\n\n\n\n<p>Dirigida por <strong>Gustavo Carbonell <\/strong>y <strong>Gast\u00f3n Gularte<\/strong>, con producci\u00f3n de Marisa Hassan y Carlos Pedroso, Basilicia se propone rescatar del olvido una historia que sigue resonando por su vigencia y su potencia simb\u00f3lica. El film, que combina recursos del documental, la ficci\u00f3n y el periodismo de investigaci\u00f3n, cont\u00f3 con el guion de los propios directores y el aporte investigativo de Ar\u00f3n L\u00e9rtora.<\/p>\n\n\n\n<p>\u201cFue producto de una investigaci\u00f3n muy intensiva, porque solo hab\u00eda libros y el resto estaba un poco desperdigado, pero logramos reunir todas las informaciones para poder darle a la gente un pedacito de memoria de nuestra tierra colorada\u201d, explic\u00f3 Carbonell. La pel\u00edcula no solo busca reconstruir una historia personal, sino visibilizar un proceso social silenciado: \u201cEs necesario rescatar la memoria y aprender la historia misionera que est\u00e1 escondida&#8230; el tractorazo, el movimiento agrario misionero, todos invisibilizados\u201d, afirm\u00f3 Gularte, quien tambi\u00e9n remarc\u00f3 el papel de las mujeres rurales como protagonistas fundamentales del relato.<\/p>\n\n\n\n<p>Producida por Detr\u00e1s del Sol Producciones, la pel\u00edcula cuenta con un elenco encabezado por Natalia Borges (Basilicia), Karin Scholler, Cecilia Rodr\u00edguez y Marcos Ota\u00f1o, y con la participaci\u00f3n del grupo Murga del Monte, lo que refuerza su identidad art\u00edstica y territorial. El rodaje se realiz\u00f3 en locaciones de Ober\u00e1 y Los Helechos, con el acompa\u00f1amiento del IAAviM y del INCAA.<\/p>\n\n\n\n<p>Respecto al estreno misionero, Gularte afirm\u00f3: \u201cLa verdad es que siempre que se ve una pel\u00edcula en la gran pantalla es emocionante\u2026 Y que la vea el p\u00fablico, y recibir las devoluciones, el intercambio; es una maravilla\u201d. De igual manera, el productor Carlos Pedroso destac\u00f3 que \u201ces un gran orgullo poder presentar Basilicia en el IMAX y hacer esta gira por la provincia de Misiones. Es un trabajo con mucho esfuerzo, con apoyo de la provincia y del INCAA, atravesando dos gestiones del IAAviM. Eso demuestra que cuando las cosas tienen continuidad, funcionan\u201d.<\/p>\n\n\n\n<p>El impacto de la pel\u00edcula tambi\u00e9n se sinti\u00f3 en el p\u00fablico. Daniel Ventu\u00f1uk, espectador oriundo de Ober\u00e1, expres\u00f3: \u201cEst\u00e1 muy bueno contar nuestras historias con gente de ac\u00e1, porque es una producci\u00f3n misionera. Mucho tiempo esta historia estuvo como en el olvido, y hoy hay un rescate importante. Esta pel\u00edcula es un gran aporte a nuestra historia, para saber de d\u00f3nde venimos y todas las luchas que hemos tenido ac\u00e1 para llegar a donde estamos\u201d.<\/p>\n\n\n\n<p>El recorrido de Basilicia por salas misioneras contin\u00faa esta semana. El jueves 24 y viernes 25 de abril, se proyectar\u00e1 a las 21 hs en el Cine Teatro Ober\u00e1, con entradas generales a $2000 y 50% de descuento para jubilados, estudiantes universitarios y personas con discapacidad. El s\u00e1bado 26 de abril, la funci\u00f3n ser\u00e1 a las 20 hs en el Cine Teatro Municipal Dalpr\u00e1 Wanderer de Montecarlo, con entrada gratuita, que podr\u00e1 retirarse en boleter\u00eda hasta ese mismo d\u00eda, de 8:30 a 11:30 hs. El domingo 27 se presentar\u00e1 en el Cine Teatro Municipal San Mart\u00edn de Puerto Rico, con entradas a $2000 y un valor promocional de $1000 para estudiantes y menores de 18 a\u00f1os. Finalmente, el martes 29 de abril a las 19:30 hs, se proyectar\u00e1 en el Cineclub Inquieto, en Casa Artigas (Lowe 312, Eldorado), con entrada libre y a la gorra.<\/p>\n\n\n\n<p>En un contexto de profundos desaf\u00edos sociales y culturales, Basilicia se posiciona como una pel\u00edcula que ilumina la historia desde la mirada de quienes lucharon y a\u00fan luchan por justicia. \u201cYo siempre digo que hay una tendencia al oscurantismo y que nosotros como artistas, en el caso del audiovisual, tenemos que poner mucha luz. Trabajamos con luz, proyectamos con luz, plasmamos en la pantalla con luz un pedazo de la memoria\u201d, concluy\u00f3 Carbonell.<\/p>\n\n\n\n<p><\/p>\n\n\n\n<figure class=\"wp-block-gallery has-nested-images columns-default is-cropped wp-block-gallery-1 is-layout-flex wp-block-gallery-is-layout-flex\">\n<figure class=\"wp-block-image size-large\"><img loading=\"lazy\" decoding=\"async\" width=\"1024\" height=\"683\" data-id=\"14830\" src=\"https:\/\/www.iaavim.gob.ar\/wp-content\/uploads\/2025\/04\/1000410167-1024x683.jpg\" alt=\"\" class=\"wp-image-14830\" srcset=\"https:\/\/www.iaavim.gob.ar\/wp-content\/uploads\/2025\/04\/1000410167-1024x683.jpg 1024w, https:\/\/www.iaavim.gob.ar\/wp-content\/uploads\/2025\/04\/1000410167-300x200.jpg 300w, https:\/\/www.iaavim.gob.ar\/wp-content\/uploads\/2025\/04\/1000410167-768x512.jpg 768w, https:\/\/www.iaavim.gob.ar\/wp-content\/uploads\/2025\/04\/1000410167-1536x1024.jpg 1536w, https:\/\/www.iaavim.gob.ar\/wp-content\/uploads\/2025\/04\/1000410167-2048x1366.jpg 2048w\" sizes=\"auto, (max-width: 1024px) 100vw, 1024px\" \/><\/figure>\n\n\n\n<figure class=\"wp-block-image size-large\"><img loading=\"lazy\" decoding=\"async\" width=\"1024\" height=\"683\" data-id=\"14831\" src=\"https:\/\/www.iaavim.gob.ar\/wp-content\/uploads\/2025\/04\/1000410169-1024x683.jpg\" alt=\"\" class=\"wp-image-14831\" srcset=\"https:\/\/www.iaavim.gob.ar\/wp-content\/uploads\/2025\/04\/1000410169-1024x683.jpg 1024w, https:\/\/www.iaavim.gob.ar\/wp-content\/uploads\/2025\/04\/1000410169-300x200.jpg 300w, https:\/\/www.iaavim.gob.ar\/wp-content\/uploads\/2025\/04\/1000410169-768x512.jpg 768w, https:\/\/www.iaavim.gob.ar\/wp-content\/uploads\/2025\/04\/1000410169-1536x1024.jpg 1536w, https:\/\/www.iaavim.gob.ar\/wp-content\/uploads\/2025\/04\/1000410169-2048x1365.jpg 2048w\" sizes=\"auto, (max-width: 1024px) 100vw, 1024px\" \/><\/figure>\n\n\n\n<figure class=\"wp-block-image size-large\"><img loading=\"lazy\" decoding=\"async\" width=\"1024\" height=\"683\" data-id=\"14829\" src=\"https:\/\/www.iaavim.gob.ar\/wp-content\/uploads\/2025\/04\/1000410168-1024x683.jpg\" alt=\"\" class=\"wp-image-14829\" srcset=\"https:\/\/www.iaavim.gob.ar\/wp-content\/uploads\/2025\/04\/1000410168-1024x683.jpg 1024w, https:\/\/www.iaavim.gob.ar\/wp-content\/uploads\/2025\/04\/1000410168-300x200.jpg 300w, https:\/\/www.iaavim.gob.ar\/wp-content\/uploads\/2025\/04\/1000410168-768x512.jpg 768w, https:\/\/www.iaavim.gob.ar\/wp-content\/uploads\/2025\/04\/1000410168-1536x1024.jpg 1536w, https:\/\/www.iaavim.gob.ar\/wp-content\/uploads\/2025\/04\/1000410168-2048x1365.jpg 2048w\" sizes=\"auto, (max-width: 1024px) 100vw, 1024px\" \/><\/figure>\n<\/figure>\n\n\n\n<div style=\"height:49px\" aria-hidden=\"true\" class=\"wp-block-spacer\"><\/div>\n\n\n\n<p>\ud83d\ude4c La gira contin\u00faa por toda la provincia y vos tambi\u00e9n pod\u00e9s ser parte.<br>\ud83d\udccdAgend\u00e1 las pr\u00f3ximas funciones:<\/p>\n\n\n\n<p>\ud83c\udf9e\ufe0f <strong>24 y 25 de abril \u2013 21 hs<br><\/strong> Cine Teatro Ober\u00e1 | Entrada $2000<br>\ud83c\udf9f\ufe0f 50% de descuento: jubilados, estudiantes universitarios y personas con discapacidad<\/p>\n\n\n\n<p>\ud83c\udf9e\ufe0f <strong>26 de abril \u2013 20 hs<\/strong><strong><br><\/strong> Cine Teatro Municipal Dalpr\u00e1 Wanderer, Montecarlo<br>\ud83c\udf9f\ufe0f Entrada gratuita | Se retira en boleter\u00eda (8:30 a 11:30 hs)<\/p>\n\n\n\n<p>\ud83c\udf9e\ufe0f <strong>27 de abril<\/strong><strong><br><\/strong> Cine Teatro Municipal San Mart\u00edn, Puerto Rico<br>\ud83c\udf9f\ufe0f Entrada general $2000 | Estudiantes y menores de 18: $1000<\/p>\n\n\n\n<p>\ud83c\udf9e\ufe0f <strong>29 de abril \u2013 19:30 hs<\/strong><strong><br><\/strong> Cineclub Inquieto, Casa Artigas (Lowe 312, Eldorado)<br>\ud83c\udf9f\ufe0f Entrada libre y a la gorra<\/p>\n\n\n\n<p>\ud83c\udf9e\ufe0f <strong>1 de mayo<\/strong><strong><br><\/strong> La Caba\u00f1a de los Mu\u00f1ecos, Av. Tres Fronteras 434, Puerto Iguaz\u00fa<\/p>\n\n\n\n<p>\ud83c\udf9e\ufe0f <strong>2 de mayo<\/strong><strong><br><\/strong> El Soberbio<\/p>\n\n\n\n<p>\ud83c\udf9e\ufe0f <strong>3 de mayo<\/strong><strong><br><\/strong> Arist\u00f3bulo del Valle<\/p>\n\n\n\n<p>\ud83c\udf9e\ufe0f <strong>4 de mayo<\/strong><strong><br><\/strong> Alba Posse<\/p>\n\n\n\n<p>\ud83c\udf9e\ufe0f <strong>6 de mayo<\/strong><strong><br><\/strong> Biblioteca Popular Posadas<\/p>\n\n\n\n<p><br>\u2728\ud83c\udfac \u00a1Nos vemos en el cine para seguir contando nuestra historia!<\/p>\n\n\n\n<p><\/p>\n\n\n\n<figure class=\"wp-block-embed is-type-video is-provider-youtube wp-block-embed-youtube wp-embed-aspect-16-9 wp-has-aspect-ratio\"><div class=\"wp-block-embed__wrapper\">\n<iframe loading=\"lazy\"  id=\"_ytid_94394\"  width=\"480\" height=\"270\"  data-origwidth=\"480\" data-origheight=\"270\" src=\"https:\/\/www.youtube.com\/embed\/a1yyn-LrYzk?enablejsapi=1&#038;autoplay=0&#038;cc_load_policy=0&#038;cc_lang_pref=&#038;iv_load_policy=1&#038;loop=0&#038;rel=0&#038;fs=1&#038;playsinline=0&#038;autohide=2&#038;hl=es_AR&#038;theme=dark&#038;color=red&#038;controls=1&#038;disablekb=0&#038;\" class=\"__youtube_prefs__  epyt-is-override  no-lazyload\" title=\"YouTube player\"  allow=\"fullscreen; accelerometer; autoplay; clipboard-write; encrypted-media; gyroscope; picture-in-picture; web-share\" referrerpolicy=\"strict-origin-when-cross-origin\" allowfullscreen data-no-lazy=\"1\" data-skipgform_ajax_framebjll=\"\"><\/iframe>\n<\/div><\/figure>\n\n\n\n<div style=\"height:131px\" aria-hidden=\"true\" class=\"wp-block-spacer\"><\/div>\n","protected":false},"excerpt":{"rendered":"<p>Con una funci\u00f3n profundamente emotiva en el IMAX del Conocimiento, se estren\u00f3 ayer Basilicia: cuando la historia la escriben los que luchan, una docuficci\u00f3n que recupera la figura de Basilicia Sawicki, joven campesina asesinada durante la Masacre de Ober\u00e1 en 1936, y que se ha convertido en s\u00edmbolo de la lucha agraria en Misiones. La &hellip;<\/p>\n","protected":false},"author":2,"featured_media":14834,"comment_status":"closed","ping_status":"open","sticky":false,"template":"","format":"standard","meta":{"_acf_changed":false,"footnotes":""},"categories":[39],"tags":[982,1459,700,79,333,984,985,338,870],"class_list":["post-14828","post","type-post","status-publish","format-standard","has-post-thumbnail","hentry","category-noticias-del-iaavim","tag-basilicia","tag-carlos-pedroso","tag-cine-misionero","tag-detras-del-sol-producciones","tag-estreno","tag-gaston-gularte","tag-gustavo-carbonell","tag-imax-del-conocimiento","tag-marisa-hassan"],"acf":[],"yoast_head":"<!-- This site is optimized with the Yoast SEO plugin v27.4 - https:\/\/yoast.com\/product\/yoast-seo-wordpress\/ -->\n<title>El docuficci\u00f3n Basilicia de gira por cines de Misiones- IAAviM<\/title>\n<meta name=\"description\" content=\"Luego de su estreno misionero en el IMAX del Conocimiento, el docu-ficci\u00f3n Basilicia se presenta en salas del interior de la provincia\" \/>\n<meta name=\"robots\" content=\"index, follow, max-snippet:-1, max-image-preview:large, max-video-preview:-1\" \/>\n<link rel=\"canonical\" href=\"https:\/\/www.iaavim.gob.ar\/?p=14828\" \/>\n<meta property=\"og:locale\" content=\"es_ES\" \/>\n<meta property=\"og:type\" content=\"article\" \/>\n<meta property=\"og:title\" content=\"El docuficci\u00f3n Basilicia de gira por cines de Misiones- IAAviM\" \/>\n<meta property=\"og:description\" content=\"Luego de su estreno misionero en el IMAX del Conocimiento, el docu-ficci\u00f3n Basilicia se presenta en salas del interior de la provincia\" \/>\n<meta property=\"og:url\" content=\"https:\/\/www.iaavim.gob.ar\/?p=14828\" \/>\n<meta property=\"article:published_time\" content=\"2025-04-24T19:34:13+00:00\" \/>\n<meta property=\"article:modified_time\" content=\"2025-04-25T15:43:02+00:00\" \/>\n<meta property=\"og:image\" content=\"https:\/\/www.iaavim.gob.ar\/wp-content\/uploads\/2025\/04\/Portada-web-1200x480_20250424_160731_0001-1.png\" \/>\n\t<meta property=\"og:image:width\" content=\"1200\" \/>\n\t<meta property=\"og:image:height\" content=\"480\" \/>\n\t<meta property=\"og:image:type\" content=\"image\/png\" \/>\n<meta name=\"author\" content=\"IAAviM\" \/>\n<meta name=\"twitter:card\" content=\"summary_large_image\" \/>\n<meta name=\"twitter:label1\" content=\"Escrito por\" \/>\n\t<meta name=\"twitter:data1\" content=\"IAAviM\" \/>\n\t<meta name=\"twitter:label2\" content=\"Tiempo de lectura\" \/>\n\t<meta name=\"twitter:data2\" content=\"5 minutos\" \/>\n<script type=\"application\/ld+json\" class=\"yoast-schema-graph\">{\"@context\":\"https:\\\/\\\/schema.org\",\"@graph\":[{\"@type\":\"Article\",\"@id\":\"https:\\\/\\\/www.iaavim.gob.ar\\\/?p=14828#article\",\"isPartOf\":{\"@id\":\"https:\\\/\\\/www.iaavim.gob.ar\\\/?p=14828\"},\"author\":{\"name\":\"IAAviM\",\"@id\":\"\\\/#\\\/schema\\\/person\\\/affb351a86bbbb5cdff3011db06ccf85\"},\"headline\":\"&#8220;Basilicia&#8221; se estren\u00f3 en el IMAX y contin\u00faa su gira por salas de la provincia\",\"datePublished\":\"2025-04-24T19:34:13+00:00\",\"dateModified\":\"2025-04-25T15:43:02+00:00\",\"mainEntityOfPage\":{\"@id\":\"https:\\\/\\\/www.iaavim.gob.ar\\\/?p=14828\"},\"wordCount\":860,\"publisher\":{\"@id\":\"\\\/#organization\"},\"image\":{\"@id\":\"https:\\\/\\\/www.iaavim.gob.ar\\\/?p=14828#primaryimage\"},\"thumbnailUrl\":\"https:\\\/\\\/www.iaavim.gob.ar\\\/wp-content\\\/uploads\\\/2025\\\/04\\\/Portada-web-1200x480_20250424_160731_0001-1.png\",\"keywords\":[\"Basilicia\",\"Carlos Pedroso\",\"cine misionero\",\"Detr\u00e1s del Sol Producciones\",\"estreno\",\"Gast\u00f3n Gularte\",\"Gustavo Carbonell\",\"Imax Del Conocimiento\",\"Marisa Hassan\"],\"articleSection\":[\"Noticias del IAAviM\"],\"inLanguage\":\"es-AR\"},{\"@type\":\"WebPage\",\"@id\":\"https:\\\/\\\/www.iaavim.gob.ar\\\/?p=14828\",\"url\":\"https:\\\/\\\/www.iaavim.gob.ar\\\/?p=14828\",\"name\":\"El docuficci\u00f3n Basilicia de gira por cines de Misiones- IAAviM\",\"isPartOf\":{\"@id\":\"\\\/#website\"},\"primaryImageOfPage\":{\"@id\":\"https:\\\/\\\/www.iaavim.gob.ar\\\/?p=14828#primaryimage\"},\"image\":{\"@id\":\"https:\\\/\\\/www.iaavim.gob.ar\\\/?p=14828#primaryimage\"},\"thumbnailUrl\":\"https:\\\/\\\/www.iaavim.gob.ar\\\/wp-content\\\/uploads\\\/2025\\\/04\\\/Portada-web-1200x480_20250424_160731_0001-1.png\",\"datePublished\":\"2025-04-24T19:34:13+00:00\",\"dateModified\":\"2025-04-25T15:43:02+00:00\",\"description\":\"Luego de su estreno misionero en el IMAX del Conocimiento, el docu-ficci\u00f3n Basilicia se presenta en salas del interior de la provincia\",\"breadcrumb\":{\"@id\":\"https:\\\/\\\/www.iaavim.gob.ar\\\/?p=14828#breadcrumb\"},\"inLanguage\":\"es-AR\",\"potentialAction\":[{\"@type\":\"ReadAction\",\"target\":[\"https:\\\/\\\/www.iaavim.gob.ar\\\/?p=14828\"]}]},{\"@type\":\"ImageObject\",\"inLanguage\":\"es-AR\",\"@id\":\"https:\\\/\\\/www.iaavim.gob.ar\\\/?p=14828#primaryimage\",\"url\":\"https:\\\/\\\/www.iaavim.gob.ar\\\/wp-content\\\/uploads\\\/2025\\\/04\\\/Portada-web-1200x480_20250424_160731_0001-1.png\",\"contentUrl\":\"https:\\\/\\\/www.iaavim.gob.ar\\\/wp-content\\\/uploads\\\/2025\\\/04\\\/Portada-web-1200x480_20250424_160731_0001-1.png\",\"width\":1200,\"height\":480},{\"@type\":\"BreadcrumbList\",\"@id\":\"https:\\\/\\\/www.iaavim.gob.ar\\\/?p=14828#breadcrumb\",\"itemListElement\":[{\"@type\":\"ListItem\",\"position\":1,\"name\":\"Inicio\",\"item\":\"https:\\\/\\\/www.iaavim.gob.ar\\\/\"},{\"@type\":\"ListItem\",\"position\":2,\"name\":\"&#8220;Basilicia&#8221; se estren\u00f3 en el IMAX y contin\u00faa su gira por salas de la provincia\"}]},{\"@type\":\"WebSite\",\"@id\":\"\\\/#website\",\"url\":\"\\\/\",\"name\":\"\",\"description\":\"Sitio oficial del IAAviM\",\"publisher\":{\"@id\":\"\\\/#organization\"},\"potentialAction\":[{\"@type\":\"SearchAction\",\"target\":{\"@type\":\"EntryPoint\",\"urlTemplate\":\"\\\/?s={search_term_string}\"},\"query-input\":{\"@type\":\"PropertyValueSpecification\",\"valueRequired\":true,\"valueName\":\"search_term_string\"}}],\"inLanguage\":\"es-AR\"},{\"@type\":\"Organization\",\"@id\":\"\\\/#organization\",\"name\":\"Instituto de Artes Audiovisuales de Misiones\",\"url\":\"\\\/\",\"logo\":{\"@type\":\"ImageObject\",\"inLanguage\":\"es-AR\",\"@id\":\"\\\/#\\\/schema\\\/logo\\\/image\\\/\",\"url\":\"https:\\\/\\\/iaavim.misiones.gob.ar\\\/wp-content\\\/uploads\\\/2021\\\/07\\\/logo-iaavim-preview.png.jpg\",\"contentUrl\":\"https:\\\/\\\/iaavim.misiones.gob.ar\\\/wp-content\\\/uploads\\\/2021\\\/07\\\/logo-iaavim-preview.png.jpg\",\"width\":1200,\"height\":675,\"caption\":\"Instituto de Artes Audiovisuales de Misiones\"},\"image\":{\"@id\":\"\\\/#\\\/schema\\\/logo\\\/image\\\/\"}},{\"@type\":\"Person\",\"@id\":\"\\\/#\\\/schema\\\/person\\\/affb351a86bbbb5cdff3011db06ccf85\",\"name\":\"IAAviM\",\"image\":{\"@type\":\"ImageObject\",\"inLanguage\":\"es-AR\",\"@id\":\"https:\\\/\\\/secure.gravatar.com\\\/avatar\\\/6a023e5ff426a571199af5d6ff7996bd89e8be946af83dc1c2624ad66151ed39?s=96&d=blank&r=g\",\"url\":\"https:\\\/\\\/secure.gravatar.com\\\/avatar\\\/6a023e5ff426a571199af5d6ff7996bd89e8be946af83dc1c2624ad66151ed39?s=96&d=blank&r=g\",\"contentUrl\":\"https:\\\/\\\/secure.gravatar.com\\\/avatar\\\/6a023e5ff426a571199af5d6ff7996bd89e8be946af83dc1c2624ad66151ed39?s=96&d=blank&r=g\",\"caption\":\"IAAviM\"},\"url\":\"https:\\\/\\\/www.iaavim.gob.ar\\\/?author=2\"}]}<\/script>\n<!-- \/ Yoast SEO plugin. -->","yoast_head_json":{"title":"El docuficci\u00f3n Basilicia de gira por cines de Misiones- IAAviM","description":"Luego de su estreno misionero en el IMAX del Conocimiento, el docu-ficci\u00f3n Basilicia se presenta en salas del interior de la provincia","robots":{"index":"index","follow":"follow","max-snippet":"max-snippet:-1","max-image-preview":"max-image-preview:large","max-video-preview":"max-video-preview:-1"},"canonical":"https:\/\/www.iaavim.gob.ar\/?p=14828","og_locale":"es_ES","og_type":"article","og_title":"El docuficci\u00f3n Basilicia de gira por cines de Misiones- IAAviM","og_description":"Luego de su estreno misionero en el IMAX del Conocimiento, el docu-ficci\u00f3n Basilicia se presenta en salas del interior de la provincia","og_url":"https:\/\/www.iaavim.gob.ar\/?p=14828","article_published_time":"2025-04-24T19:34:13+00:00","article_modified_time":"2025-04-25T15:43:02+00:00","og_image":[{"width":1200,"height":480,"url":"https:\/\/www.iaavim.gob.ar\/wp-content\/uploads\/2025\/04\/Portada-web-1200x480_20250424_160731_0001-1.png","type":"image\/png"}],"author":"IAAviM","twitter_card":"summary_large_image","twitter_misc":{"Escrito por":"IAAviM","Tiempo de lectura":"5 minutos"},"schema":{"@context":"https:\/\/schema.org","@graph":[{"@type":"Article","@id":"https:\/\/www.iaavim.gob.ar\/?p=14828#article","isPartOf":{"@id":"https:\/\/www.iaavim.gob.ar\/?p=14828"},"author":{"name":"IAAviM","@id":"\/#\/schema\/person\/affb351a86bbbb5cdff3011db06ccf85"},"headline":"&#8220;Basilicia&#8221; se estren\u00f3 en el IMAX y contin\u00faa su gira por salas de la provincia","datePublished":"2025-04-24T19:34:13+00:00","dateModified":"2025-04-25T15:43:02+00:00","mainEntityOfPage":{"@id":"https:\/\/www.iaavim.gob.ar\/?p=14828"},"wordCount":860,"publisher":{"@id":"\/#organization"},"image":{"@id":"https:\/\/www.iaavim.gob.ar\/?p=14828#primaryimage"},"thumbnailUrl":"https:\/\/www.iaavim.gob.ar\/wp-content\/uploads\/2025\/04\/Portada-web-1200x480_20250424_160731_0001-1.png","keywords":["Basilicia","Carlos Pedroso","cine misionero","Detr\u00e1s del Sol Producciones","estreno","Gast\u00f3n Gularte","Gustavo Carbonell","Imax Del Conocimiento","Marisa Hassan"],"articleSection":["Noticias del IAAviM"],"inLanguage":"es-AR"},{"@type":"WebPage","@id":"https:\/\/www.iaavim.gob.ar\/?p=14828","url":"https:\/\/www.iaavim.gob.ar\/?p=14828","name":"El docuficci\u00f3n Basilicia de gira por cines de Misiones- IAAviM","isPartOf":{"@id":"\/#website"},"primaryImageOfPage":{"@id":"https:\/\/www.iaavim.gob.ar\/?p=14828#primaryimage"},"image":{"@id":"https:\/\/www.iaavim.gob.ar\/?p=14828#primaryimage"},"thumbnailUrl":"https:\/\/www.iaavim.gob.ar\/wp-content\/uploads\/2025\/04\/Portada-web-1200x480_20250424_160731_0001-1.png","datePublished":"2025-04-24T19:34:13+00:00","dateModified":"2025-04-25T15:43:02+00:00","description":"Luego de su estreno misionero en el IMAX del Conocimiento, el docu-ficci\u00f3n Basilicia se presenta en salas del interior de la provincia","breadcrumb":{"@id":"https:\/\/www.iaavim.gob.ar\/?p=14828#breadcrumb"},"inLanguage":"es-AR","potentialAction":[{"@type":"ReadAction","target":["https:\/\/www.iaavim.gob.ar\/?p=14828"]}]},{"@type":"ImageObject","inLanguage":"es-AR","@id":"https:\/\/www.iaavim.gob.ar\/?p=14828#primaryimage","url":"https:\/\/www.iaavim.gob.ar\/wp-content\/uploads\/2025\/04\/Portada-web-1200x480_20250424_160731_0001-1.png","contentUrl":"https:\/\/www.iaavim.gob.ar\/wp-content\/uploads\/2025\/04\/Portada-web-1200x480_20250424_160731_0001-1.png","width":1200,"height":480},{"@type":"BreadcrumbList","@id":"https:\/\/www.iaavim.gob.ar\/?p=14828#breadcrumb","itemListElement":[{"@type":"ListItem","position":1,"name":"Inicio","item":"https:\/\/www.iaavim.gob.ar\/"},{"@type":"ListItem","position":2,"name":"&#8220;Basilicia&#8221; se estren\u00f3 en el IMAX y contin\u00faa su gira por salas de la provincia"}]},{"@type":"WebSite","@id":"\/#website","url":"\/","name":"","description":"Sitio oficial del IAAviM","publisher":{"@id":"\/#organization"},"potentialAction":[{"@type":"SearchAction","target":{"@type":"EntryPoint","urlTemplate":"\/?s={search_term_string}"},"query-input":{"@type":"PropertyValueSpecification","valueRequired":true,"valueName":"search_term_string"}}],"inLanguage":"es-AR"},{"@type":"Organization","@id":"\/#organization","name":"Instituto de Artes Audiovisuales de Misiones","url":"\/","logo":{"@type":"ImageObject","inLanguage":"es-AR","@id":"\/#\/schema\/logo\/image\/","url":"https:\/\/iaavim.misiones.gob.ar\/wp-content\/uploads\/2021\/07\/logo-iaavim-preview.png.jpg","contentUrl":"https:\/\/iaavim.misiones.gob.ar\/wp-content\/uploads\/2021\/07\/logo-iaavim-preview.png.jpg","width":1200,"height":675,"caption":"Instituto de Artes Audiovisuales de Misiones"},"image":{"@id":"\/#\/schema\/logo\/image\/"}},{"@type":"Person","@id":"\/#\/schema\/person\/affb351a86bbbb5cdff3011db06ccf85","name":"IAAviM","image":{"@type":"ImageObject","inLanguage":"es-AR","@id":"https:\/\/secure.gravatar.com\/avatar\/6a023e5ff426a571199af5d6ff7996bd89e8be946af83dc1c2624ad66151ed39?s=96&d=blank&r=g","url":"https:\/\/secure.gravatar.com\/avatar\/6a023e5ff426a571199af5d6ff7996bd89e8be946af83dc1c2624ad66151ed39?s=96&d=blank&r=g","contentUrl":"https:\/\/secure.gravatar.com\/avatar\/6a023e5ff426a571199af5d6ff7996bd89e8be946af83dc1c2624ad66151ed39?s=96&d=blank&r=g","caption":"IAAviM"},"url":"https:\/\/www.iaavim.gob.ar\/?author=2"}]}},"amp_enabled":true,"_links":{"self":[{"href":"https:\/\/www.iaavim.gob.ar\/index.php?rest_route=\/wp\/v2\/posts\/14828","targetHints":{"allow":["GET"]}}],"collection":[{"href":"https:\/\/www.iaavim.gob.ar\/index.php?rest_route=\/wp\/v2\/posts"}],"about":[{"href":"https:\/\/www.iaavim.gob.ar\/index.php?rest_route=\/wp\/v2\/types\/post"}],"author":[{"embeddable":true,"href":"https:\/\/www.iaavim.gob.ar\/index.php?rest_route=\/wp\/v2\/users\/2"}],"replies":[{"embeddable":true,"href":"https:\/\/www.iaavim.gob.ar\/index.php?rest_route=%2Fwp%2Fv2%2Fcomments&post=14828"}],"version-history":[{"count":3,"href":"https:\/\/www.iaavim.gob.ar\/index.php?rest_route=\/wp\/v2\/posts\/14828\/revisions"}],"predecessor-version":[{"id":14842,"href":"https:\/\/www.iaavim.gob.ar\/index.php?rest_route=\/wp\/v2\/posts\/14828\/revisions\/14842"}],"wp:featuredmedia":[{"embeddable":true,"href":"https:\/\/www.iaavim.gob.ar\/index.php?rest_route=\/wp\/v2\/media\/14834"}],"wp:attachment":[{"href":"https:\/\/www.iaavim.gob.ar\/index.php?rest_route=%2Fwp%2Fv2%2Fmedia&parent=14828"}],"wp:term":[{"taxonomy":"category","embeddable":true,"href":"https:\/\/www.iaavim.gob.ar\/index.php?rest_route=%2Fwp%2Fv2%2Fcategories&post=14828"},{"taxonomy":"post_tag","embeddable":true,"href":"https:\/\/www.iaavim.gob.ar\/index.php?rest_route=%2Fwp%2Fv2%2Ftags&post=14828"}],"curies":[{"name":"wp","href":"https:\/\/api.w.org\/{rel}","templated":true}]}}