{"id":14815,"date":"2025-04-16T19:38:16","date_gmt":"2025-04-16T22:38:16","guid":{"rendered":"https:\/\/www.iaavim.gob.ar\/?p=14815"},"modified":"2025-05-29T20:33:52","modified_gmt":"2025-05-29T23:33:52","slug":"inscripcion-3","status":"publish","type":"post","link":"https:\/\/www.iaavim.gob.ar\/?p=14815","title":{"rendered":"Inscripci\u00f3n"},"content":{"rendered":"\n<p>El <strong>\u201cCiclo de Lectura de Guiones de Cine\u201d<\/strong> es una propuesta educativa y recreativa de modalidad presencial y gratuita que se desarrollar\u00e1 en el SUM del IAAviM (Col\u00f3n 1628, 7\u00b0 piso), los d\u00edas viernes 9, 16, 23 y 30 de mayo, de 17 a 20 hs, con un cupo limitado a 15 participantes por encuentro. La actividad busca generar un espacio de encuentro, reflexi\u00f3n y formaci\u00f3n en torno al arte de escribir guiones cinematogr\u00e1ficos, con foco en el trabajo de mujeres guionistas de Argentina y la regi\u00f3n NEA.<\/p>\n\n\n\n<p>La iniciativa nace como un gesto de devoluci\u00f3n y reciprocidad con la comunidad audiovisual misionera, por parte de Eva Macarena Rodr\u00edguez, quien particip\u00f3 recientemente en la III Residencia de Guion en la Escuela Internacional de Cine y TV de Cuba, gracias a una Beca de Movilidad otorgada por el IAAviM. En este contexto, el ciclo propone compartir aprendizajes y herramientas adquiridas, fomentando la formaci\u00f3n colectiva y el fortalecimiento del sector.<\/p>\n\n\n\n<p>El objetivo principal es visibilizar el rol y el trabajo de guionistas, fomentar la apreciaci\u00f3n por el lenguaje del guion cinematogr\u00e1fico y ofrecer una introducci\u00f3n te\u00f3rica accesible para quienes se inician en la escritura audiovisual. Est\u00e1 dirigido a guionistas en formaci\u00f3n, estudiantes de cine, letras o carreras afines, docentes, realizadores, escritores y p\u00fablico interesado en la narrativa audiovisual.<\/p>\n\n\n\n<p>La din\u00e1mica de los encuentros consistir\u00e1 en la <strong>lectura en vivo de guiones de largometrajes de ficci\u00f3n<\/strong>, seguida de un espacio de an\u00e1lisis colectivo en el que las y los participantes podr\u00e1n compartir sus interpretaciones y reflexiones. A lo largo del ciclo se abordar\u00e1n contenidos clave como el <strong>lenguaje del guion, la estructura narrativa cl\u00e1sica, la dramaturgia audiovisual, los tipos de conflicto dram\u00e1tico, tramas y subtramas, as\u00ed como la construcci\u00f3n de personajes<\/strong>, sus motivaciones, objetivos, arcos de transformaci\u00f3n y paleta emocional.<\/p>\n\n\n\n<p>Esta primera edici\u00f3n incluir\u00e1 <strong>cuatro encuentros<\/strong>, en los que se trabajar\u00e1 sobre <strong>tres guiones escritos por mujeres<\/strong>: <em>\u201cLa afinadora de \u00e1rboles\u201d<\/em> de Natalia Smirnoff (nacional), <em>\u201cLas mil y una\u201d<\/em> de Clarisa Navas (regional) y <em>\u201cLas fronteras del tiempo\u201d<\/em> de Nuni Ferreira (local). El \u00faltimo encuentro estar\u00e1 dedicado al repaso de los conceptos trabajados y a la revisi\u00f3n de bibliograf\u00eda sugerida.<\/p>\n\n\n\n<p>Adem\u00e1s de contribuir al fortalecimiento del conocimiento t\u00e9cnico, el ciclo busca consolidar un espacio de intercambio entre guionistas emergentes, y propiciar la difusi\u00f3n de autoras guionistas del pa\u00eds y la regi\u00f3n. Para su implementaci\u00f3n, se requiere un espacio adecuado, material de lectura impreso o digital, proyector, pantalla, sistema de sonido y micr\u00f3fono.<\/p>\n\n\n\n<div class=\"wp-block-media-text is-stacked-on-mobile\" style=\"grid-template-columns:26% auto\"><figure class=\"wp-block-media-text__media\"><img loading=\"lazy\" decoding=\"async\" width=\"768\" height=\"1024\" src=\"https:\/\/www.iaavim.gob.ar\/wp-content\/uploads\/2025\/04\/Macarena-Rodriguez-foto-1-768x1024.jpg\" alt=\"\" class=\"wp-image-14820 size-full\" srcset=\"https:\/\/www.iaavim.gob.ar\/wp-content\/uploads\/2025\/04\/Macarena-Rodriguez-foto-1-768x1024.jpg 768w, https:\/\/www.iaavim.gob.ar\/wp-content\/uploads\/2025\/04\/Macarena-Rodriguez-foto-1-225x300.jpg 225w, https:\/\/www.iaavim.gob.ar\/wp-content\/uploads\/2025\/04\/Macarena-Rodriguez-foto-1-1152x1536.jpg 1152w, https:\/\/www.iaavim.gob.ar\/wp-content\/uploads\/2025\/04\/Macarena-Rodriguez-foto-1.jpg 1200w\" sizes=\"auto, (max-width: 768px) 100vw, 768px\" \/><\/figure><div class=\"wp-block-media-text__content\">\n<p>La coordinaci\u00f3n estar\u00e1 a cargo de Eva Macarena Rodr\u00edguez, profesional con una amplia trayectoria en la actividad audiovisual en Misiones, con experiencia como gestora, docente y t\u00e9cnica en rodajes de largometrajes. Actualmente desarrolla dos proyectos de \u00f3pera prima y forma parte activa de MUTAR (Mujeres y Trabajadoras del Audiovisual en Red), colectivo que impulsa la equidad de g\u00e9nero y la valorizaci\u00f3n del trabajo de mujeres y diversidades en el sector audiovisual regional.<\/p>\n<\/div><\/div>\n\n\n\n<div style=\"height:30px\" aria-hidden=\"true\" class=\"wp-block-spacer\"><\/div>\n\n\n\n<p><\/p>\n\n\n\n<div class=\"wp-block-buttons is-content-justification-center is-layout-flex wp-container-core-buttons-is-layout-16018d1d wp-block-buttons-is-layout-flex\">\n<div class=\"wp-block-button is-style-outline is-style-outline--1\"><a class=\"wp-block-button__link has-black-color has-white-background-color has-text-color has-background has-link-color wp-element-button\" href=\"https:\/\/docs.google.com\/forms\/d\/e\/1FAIpQLSexYI0-7ag1oHqrHbJjvzCCIOAayFmbCgSWJCyfQvjx7a_ttw\/viewform\" style=\"border-radius:16px\">FORMULARIO DE INSCRIPCI\u00d3N<\/a><\/div>\n<\/div>\n\n\n\n<div style=\"height:134px\" aria-hidden=\"true\" class=\"wp-block-spacer\"><\/div>\n","protected":false},"excerpt":{"rendered":"<p>El \u201cCiclo de Lectura de Guiones de Cine\u201d es una propuesta educativa y recreativa de modalidad presencial y gratuita que se desarrollar\u00e1 en el SUM del IAAviM (Col\u00f3n 1628, 7\u00b0 piso), los d\u00edas viernes 9, 16, 23 y 30 de mayo, de 17 a 20 hs, con un cupo limitado a 15 participantes por encuentro. &hellip;<\/p>\n","protected":false},"author":2,"featured_media":14822,"comment_status":"closed","ping_status":"open","sticky":false,"template":"","format":"standard","meta":{"_acf_changed":false,"footnotes":""},"categories":[32,34],"tags":[1458,922],"class_list":["post-14815","post","type-post","status-publish","format-standard","has-post-thumbnail","hentry","category-actualidad-del-sector","category-capacitacion","tag-ciclo-lectura-de-guiones-de-ficcion","tag-macarena-rodriguez"],"acf":[],"yoast_head":"<!-- This site is optimized with the Yoast SEO plugin v27.4 - https:\/\/yoast.com\/product\/yoast-seo-wordpress\/ -->\n<title>Inscripci\u00f3n -<\/title>\n<meta name=\"robots\" content=\"index, follow, max-snippet:-1, max-image-preview:large, max-video-preview:-1\" \/>\n<link rel=\"canonical\" href=\"https:\/\/www.iaavim.gob.ar\/?p=14815\" \/>\n<meta property=\"og:locale\" content=\"es_ES\" \/>\n<meta property=\"og:type\" content=\"article\" \/>\n<meta property=\"og:title\" content=\"Inscripci\u00f3n -\" \/>\n<meta property=\"og:description\" content=\"El \u201cCiclo de Lectura de Guiones de Cine\u201d es una propuesta educativa y recreativa de modalidad presencial y gratuita que se desarrollar\u00e1 en el SUM del IAAviM (Col\u00f3n 1628, 7\u00b0 piso), los d\u00edas viernes 9, 16, 23 y 30 de mayo, de 17 a 20 hs, con un cupo limitado a 15 participantes por encuentro. &hellip;\" \/>\n<meta property=\"og:url\" content=\"https:\/\/www.iaavim.gob.ar\/?p=14815\" \/>\n<meta property=\"article:published_time\" content=\"2025-04-16T22:38:16+00:00\" \/>\n<meta property=\"article:modified_time\" content=\"2025-05-29T23:33:52+00:00\" \/>\n<meta property=\"og:image\" content=\"https:\/\/www.iaavim.gob.ar\/wp-content\/uploads\/2025\/04\/ciclo-de-lectura-web.png\" \/>\n\t<meta property=\"og:image:width\" content=\"1200\" \/>\n\t<meta property=\"og:image:height\" content=\"675\" \/>\n\t<meta property=\"og:image:type\" content=\"image\/png\" \/>\n<meta name=\"author\" content=\"IAAviM\" \/>\n<meta name=\"twitter:card\" content=\"summary_large_image\" \/>\n<meta name=\"twitter:label1\" content=\"Escrito por\" \/>\n\t<meta name=\"twitter:data1\" content=\"IAAviM\" \/>\n\t<meta name=\"twitter:label2\" content=\"Tiempo de lectura\" \/>\n\t<meta name=\"twitter:data2\" content=\"3 minutos\" \/>\n<script type=\"application\/ld+json\" class=\"yoast-schema-graph\">{\"@context\":\"https:\\\/\\\/schema.org\",\"@graph\":[{\"@type\":\"Article\",\"@id\":\"https:\\\/\\\/www.iaavim.gob.ar\\\/?p=14815#article\",\"isPartOf\":{\"@id\":\"https:\\\/\\\/www.iaavim.gob.ar\\\/?p=14815\"},\"author\":{\"name\":\"IAAviM\",\"@id\":\"\\\/#\\\/schema\\\/person\\\/affb351a86bbbb5cdff3011db06ccf85\"},\"headline\":\"Inscripci\u00f3n\",\"datePublished\":\"2025-04-16T22:38:16+00:00\",\"dateModified\":\"2025-05-29T23:33:52+00:00\",\"mainEntityOfPage\":{\"@id\":\"https:\\\/\\\/www.iaavim.gob.ar\\\/?p=14815\"},\"wordCount\":517,\"publisher\":{\"@id\":\"\\\/#organization\"},\"image\":{\"@id\":\"https:\\\/\\\/www.iaavim.gob.ar\\\/?p=14815#primaryimage\"},\"thumbnailUrl\":\"https:\\\/\\\/www.iaavim.gob.ar\\\/wp-content\\\/uploads\\\/2025\\\/04\\\/ciclo-de-lectura-web.png\",\"keywords\":[\"Ciclo Lectura de Guiones de Ficci\u00f3n\",\"Macarena Rodr\u00edguez\"],\"articleSection\":[\"Actualidad del sector\",\"Capacitaci\u00f3n\"],\"inLanguage\":\"es-AR\"},{\"@type\":\"WebPage\",\"@id\":\"https:\\\/\\\/www.iaavim.gob.ar\\\/?p=14815\",\"url\":\"https:\\\/\\\/www.iaavim.gob.ar\\\/?p=14815\",\"name\":\"Inscripci\u00f3n -\",\"isPartOf\":{\"@id\":\"\\\/#website\"},\"primaryImageOfPage\":{\"@id\":\"https:\\\/\\\/www.iaavim.gob.ar\\\/?p=14815#primaryimage\"},\"image\":{\"@id\":\"https:\\\/\\\/www.iaavim.gob.ar\\\/?p=14815#primaryimage\"},\"thumbnailUrl\":\"https:\\\/\\\/www.iaavim.gob.ar\\\/wp-content\\\/uploads\\\/2025\\\/04\\\/ciclo-de-lectura-web.png\",\"datePublished\":\"2025-04-16T22:38:16+00:00\",\"dateModified\":\"2025-05-29T23:33:52+00:00\",\"breadcrumb\":{\"@id\":\"https:\\\/\\\/www.iaavim.gob.ar\\\/?p=14815#breadcrumb\"},\"inLanguage\":\"es-AR\",\"potentialAction\":[{\"@type\":\"ReadAction\",\"target\":[\"https:\\\/\\\/www.iaavim.gob.ar\\\/?p=14815\"]}]},{\"@type\":\"ImageObject\",\"inLanguage\":\"es-AR\",\"@id\":\"https:\\\/\\\/www.iaavim.gob.ar\\\/?p=14815#primaryimage\",\"url\":\"https:\\\/\\\/www.iaavim.gob.ar\\\/wp-content\\\/uploads\\\/2025\\\/04\\\/ciclo-de-lectura-web.png\",\"contentUrl\":\"https:\\\/\\\/www.iaavim.gob.ar\\\/wp-content\\\/uploads\\\/2025\\\/04\\\/ciclo-de-lectura-web.png\",\"width\":1200,\"height\":675},{\"@type\":\"BreadcrumbList\",\"@id\":\"https:\\\/\\\/www.iaavim.gob.ar\\\/?p=14815#breadcrumb\",\"itemListElement\":[{\"@type\":\"ListItem\",\"position\":1,\"name\":\"Inicio\",\"item\":\"https:\\\/\\\/www.iaavim.gob.ar\\\/\"},{\"@type\":\"ListItem\",\"position\":2,\"name\":\"Inscripci\u00f3n\"}]},{\"@type\":\"WebSite\",\"@id\":\"\\\/#website\",\"url\":\"\\\/\",\"name\":\"\",\"description\":\"Sitio oficial del IAAviM\",\"publisher\":{\"@id\":\"\\\/#organization\"},\"potentialAction\":[{\"@type\":\"SearchAction\",\"target\":{\"@type\":\"EntryPoint\",\"urlTemplate\":\"\\\/?s={search_term_string}\"},\"query-input\":{\"@type\":\"PropertyValueSpecification\",\"valueRequired\":true,\"valueName\":\"search_term_string\"}}],\"inLanguage\":\"es-AR\"},{\"@type\":\"Organization\",\"@id\":\"\\\/#organization\",\"name\":\"Instituto de Artes Audiovisuales de Misiones\",\"url\":\"\\\/\",\"logo\":{\"@type\":\"ImageObject\",\"inLanguage\":\"es-AR\",\"@id\":\"\\\/#\\\/schema\\\/logo\\\/image\\\/\",\"url\":\"https:\\\/\\\/iaavim.misiones.gob.ar\\\/wp-content\\\/uploads\\\/2021\\\/07\\\/logo-iaavim-preview.png.jpg\",\"contentUrl\":\"https:\\\/\\\/iaavim.misiones.gob.ar\\\/wp-content\\\/uploads\\\/2021\\\/07\\\/logo-iaavim-preview.png.jpg\",\"width\":1200,\"height\":675,\"caption\":\"Instituto de Artes Audiovisuales de Misiones\"},\"image\":{\"@id\":\"\\\/#\\\/schema\\\/logo\\\/image\\\/\"}},{\"@type\":\"Person\",\"@id\":\"\\\/#\\\/schema\\\/person\\\/affb351a86bbbb5cdff3011db06ccf85\",\"name\":\"IAAviM\",\"image\":{\"@type\":\"ImageObject\",\"inLanguage\":\"es-AR\",\"@id\":\"https:\\\/\\\/secure.gravatar.com\\\/avatar\\\/6a023e5ff426a571199af5d6ff7996bd89e8be946af83dc1c2624ad66151ed39?s=96&d=blank&r=g\",\"url\":\"https:\\\/\\\/secure.gravatar.com\\\/avatar\\\/6a023e5ff426a571199af5d6ff7996bd89e8be946af83dc1c2624ad66151ed39?s=96&d=blank&r=g\",\"contentUrl\":\"https:\\\/\\\/secure.gravatar.com\\\/avatar\\\/6a023e5ff426a571199af5d6ff7996bd89e8be946af83dc1c2624ad66151ed39?s=96&d=blank&r=g\",\"caption\":\"IAAviM\"},\"url\":\"https:\\\/\\\/www.iaavim.gob.ar\\\/?author=2\"}]}<\/script>\n<!-- \/ Yoast SEO plugin. -->","yoast_head_json":{"title":"Inscripci\u00f3n -","robots":{"index":"index","follow":"follow","max-snippet":"max-snippet:-1","max-image-preview":"max-image-preview:large","max-video-preview":"max-video-preview:-1"},"canonical":"https:\/\/www.iaavim.gob.ar\/?p=14815","og_locale":"es_ES","og_type":"article","og_title":"Inscripci\u00f3n -","og_description":"El \u201cCiclo de Lectura de Guiones de Cine\u201d es una propuesta educativa y recreativa de modalidad presencial y gratuita que se desarrollar\u00e1 en el SUM del IAAviM (Col\u00f3n 1628, 7\u00b0 piso), los d\u00edas viernes 9, 16, 23 y 30 de mayo, de 17 a 20 hs, con un cupo limitado a 15 participantes por encuentro. &hellip;","og_url":"https:\/\/www.iaavim.gob.ar\/?p=14815","article_published_time":"2025-04-16T22:38:16+00:00","article_modified_time":"2025-05-29T23:33:52+00:00","og_image":[{"width":1200,"height":675,"url":"https:\/\/www.iaavim.gob.ar\/wp-content\/uploads\/2025\/04\/ciclo-de-lectura-web.png","type":"image\/png"}],"author":"IAAviM","twitter_card":"summary_large_image","twitter_misc":{"Escrito por":"IAAviM","Tiempo de lectura":"3 minutos"},"schema":{"@context":"https:\/\/schema.org","@graph":[{"@type":"Article","@id":"https:\/\/www.iaavim.gob.ar\/?p=14815#article","isPartOf":{"@id":"https:\/\/www.iaavim.gob.ar\/?p=14815"},"author":{"name":"IAAviM","@id":"\/#\/schema\/person\/affb351a86bbbb5cdff3011db06ccf85"},"headline":"Inscripci\u00f3n","datePublished":"2025-04-16T22:38:16+00:00","dateModified":"2025-05-29T23:33:52+00:00","mainEntityOfPage":{"@id":"https:\/\/www.iaavim.gob.ar\/?p=14815"},"wordCount":517,"publisher":{"@id":"\/#organization"},"image":{"@id":"https:\/\/www.iaavim.gob.ar\/?p=14815#primaryimage"},"thumbnailUrl":"https:\/\/www.iaavim.gob.ar\/wp-content\/uploads\/2025\/04\/ciclo-de-lectura-web.png","keywords":["Ciclo Lectura de Guiones de Ficci\u00f3n","Macarena Rodr\u00edguez"],"articleSection":["Actualidad del sector","Capacitaci\u00f3n"],"inLanguage":"es-AR"},{"@type":"WebPage","@id":"https:\/\/www.iaavim.gob.ar\/?p=14815","url":"https:\/\/www.iaavim.gob.ar\/?p=14815","name":"Inscripci\u00f3n -","isPartOf":{"@id":"\/#website"},"primaryImageOfPage":{"@id":"https:\/\/www.iaavim.gob.ar\/?p=14815#primaryimage"},"image":{"@id":"https:\/\/www.iaavim.gob.ar\/?p=14815#primaryimage"},"thumbnailUrl":"https:\/\/www.iaavim.gob.ar\/wp-content\/uploads\/2025\/04\/ciclo-de-lectura-web.png","datePublished":"2025-04-16T22:38:16+00:00","dateModified":"2025-05-29T23:33:52+00:00","breadcrumb":{"@id":"https:\/\/www.iaavim.gob.ar\/?p=14815#breadcrumb"},"inLanguage":"es-AR","potentialAction":[{"@type":"ReadAction","target":["https:\/\/www.iaavim.gob.ar\/?p=14815"]}]},{"@type":"ImageObject","inLanguage":"es-AR","@id":"https:\/\/www.iaavim.gob.ar\/?p=14815#primaryimage","url":"https:\/\/www.iaavim.gob.ar\/wp-content\/uploads\/2025\/04\/ciclo-de-lectura-web.png","contentUrl":"https:\/\/www.iaavim.gob.ar\/wp-content\/uploads\/2025\/04\/ciclo-de-lectura-web.png","width":1200,"height":675},{"@type":"BreadcrumbList","@id":"https:\/\/www.iaavim.gob.ar\/?p=14815#breadcrumb","itemListElement":[{"@type":"ListItem","position":1,"name":"Inicio","item":"https:\/\/www.iaavim.gob.ar\/"},{"@type":"ListItem","position":2,"name":"Inscripci\u00f3n"}]},{"@type":"WebSite","@id":"\/#website","url":"\/","name":"","description":"Sitio oficial del IAAviM","publisher":{"@id":"\/#organization"},"potentialAction":[{"@type":"SearchAction","target":{"@type":"EntryPoint","urlTemplate":"\/?s={search_term_string}"},"query-input":{"@type":"PropertyValueSpecification","valueRequired":true,"valueName":"search_term_string"}}],"inLanguage":"es-AR"},{"@type":"Organization","@id":"\/#organization","name":"Instituto de Artes Audiovisuales de Misiones","url":"\/","logo":{"@type":"ImageObject","inLanguage":"es-AR","@id":"\/#\/schema\/logo\/image\/","url":"https:\/\/iaavim.misiones.gob.ar\/wp-content\/uploads\/2021\/07\/logo-iaavim-preview.png.jpg","contentUrl":"https:\/\/iaavim.misiones.gob.ar\/wp-content\/uploads\/2021\/07\/logo-iaavim-preview.png.jpg","width":1200,"height":675,"caption":"Instituto de Artes Audiovisuales de Misiones"},"image":{"@id":"\/#\/schema\/logo\/image\/"}},{"@type":"Person","@id":"\/#\/schema\/person\/affb351a86bbbb5cdff3011db06ccf85","name":"IAAviM","image":{"@type":"ImageObject","inLanguage":"es-AR","@id":"https:\/\/secure.gravatar.com\/avatar\/6a023e5ff426a571199af5d6ff7996bd89e8be946af83dc1c2624ad66151ed39?s=96&d=blank&r=g","url":"https:\/\/secure.gravatar.com\/avatar\/6a023e5ff426a571199af5d6ff7996bd89e8be946af83dc1c2624ad66151ed39?s=96&d=blank&r=g","contentUrl":"https:\/\/secure.gravatar.com\/avatar\/6a023e5ff426a571199af5d6ff7996bd89e8be946af83dc1c2624ad66151ed39?s=96&d=blank&r=g","caption":"IAAviM"},"url":"https:\/\/www.iaavim.gob.ar\/?author=2"}]}},"amp_enabled":true,"_links":{"self":[{"href":"https:\/\/www.iaavim.gob.ar\/index.php?rest_route=\/wp\/v2\/posts\/14815","targetHints":{"allow":["GET"]}}],"collection":[{"href":"https:\/\/www.iaavim.gob.ar\/index.php?rest_route=\/wp\/v2\/posts"}],"about":[{"href":"https:\/\/www.iaavim.gob.ar\/index.php?rest_route=\/wp\/v2\/types\/post"}],"author":[{"embeddable":true,"href":"https:\/\/www.iaavim.gob.ar\/index.php?rest_route=\/wp\/v2\/users\/2"}],"replies":[{"embeddable":true,"href":"https:\/\/www.iaavim.gob.ar\/index.php?rest_route=%2Fwp%2Fv2%2Fcomments&post=14815"}],"version-history":[{"count":1,"href":"https:\/\/www.iaavim.gob.ar\/index.php?rest_route=\/wp\/v2\/posts\/14815\/revisions"}],"predecessor-version":[{"id":14821,"href":"https:\/\/www.iaavim.gob.ar\/index.php?rest_route=\/wp\/v2\/posts\/14815\/revisions\/14821"}],"wp:featuredmedia":[{"embeddable":true,"href":"https:\/\/www.iaavim.gob.ar\/index.php?rest_route=\/wp\/v2\/media\/14822"}],"wp:attachment":[{"href":"https:\/\/www.iaavim.gob.ar\/index.php?rest_route=%2Fwp%2Fv2%2Fmedia&parent=14815"}],"wp:term":[{"taxonomy":"category","embeddable":true,"href":"https:\/\/www.iaavim.gob.ar\/index.php?rest_route=%2Fwp%2Fv2%2Fcategories&post=14815"},{"taxonomy":"post_tag","embeddable":true,"href":"https:\/\/www.iaavim.gob.ar\/index.php?rest_route=%2Fwp%2Fv2%2Ftags&post=14815"}],"curies":[{"name":"wp","href":"https:\/\/api.w.org\/{rel}","templated":true}]}}