{"id":14796,"date":"2025-04-14T19:14:00","date_gmt":"2025-04-14T22:14:00","guid":{"rendered":"https:\/\/www.iaavim.gob.ar\/?p=14796"},"modified":"2025-04-14T20:56:41","modified_gmt":"2025-04-14T23:56:41","slug":"misiones-dijo-presente-en-el-26-bafici","status":"publish","type":"post","link":"https:\/\/www.iaavim.gob.ar\/?p=14796","title":{"rendered":"Misiones dijo presente en el 26\u00b0 BAFICI"},"content":{"rendered":"\n<h3 class=\"wp-block-heading\"><strong>Misiones dijo presente en el 26\u00b0 BAFICI con participaci\u00f3n institucional, productoras locales y estrenos en pantalla<\/strong><\/h3>\n\n\n\n<p>En el marco de la 26\u00b0 edici\u00f3n del Buenos Aires Festival Internacional de Cine Independiente (BAFICI), la provincia de Misiones tuvo una destacada participaci\u00f3n a trav\u00e9s de representantes del Instituto de Artes Audiovisuales de Misiones (IAAviM) y productoras locales, consolidando su presencia en espacios clave para el desarrollo del sector audiovisual nacional e internacional.<\/p>\n\n\n\n<p>El pasado martes 8 de abril, el presidente del IAAviM, Sergio Acosta, fue uno de los expositores en la charla&nbsp;<strong>\u201cMercados regionales de cine: oportunidades y desaf\u00edos\u201d<\/strong>, espacio de reflexi\u00f3n que cont\u00f3 tambi\u00e9n con la participaci\u00f3n de referentes de distintos mercados como Silvina Nano (Focus C\u00f3rdoba), Agust\u00edn del Carpio (Pulsar Santa Fe), Paula de Luque (MIA BA, provincia de Buenos Aires), Cote Romero (MALA LGBT+, Uruguay), y el propio Acosta como representante del&nbsp;<strong>Mercado Audiovisual Entre Fronteras<\/strong>.<\/p>\n\n\n\n<p>\u201cComo balance se puede decir que los mercados regionales son necesarios: fortalecen los proyectos audiovisuales, generan redes de contactos y favorecen las coproducciones\u201d, afirm\u00f3 Acosta y manifest\u00f3 que se acord\u00f3 avanzar en la creaci\u00f3n de un&nbsp;<strong>corredor de mercados<\/strong>&nbsp;que permita la circulaci\u00f3n de proyectos mediante cupos de participaci\u00f3n para que los mismos puedan escalar. Adem\u00e1s, expres\u00f3 que todos los expositores coincidieron en la necesidad urgente de revisar los actuales modelos de producci\u00f3n \u2014hoy en crisis\u2014 y las pol\u00edticas de fomento del INCAA para garantizar el desarrollo audiovisual en las provincias.<\/p>\n\n\n\n<p>Asimismo, en el marco del BAFICI y bajo la organizaci\u00f3n conjunta de&nbsp;<strong>Netflix, CAIC y el Gobierno de la Ciudad de Buenos Aires<\/strong>, se desarroll\u00f3 el&nbsp;<strong>Encuentro Federal de Producci\u00f3n Audiovisual \u201cIndustria en Foco\u201d<\/strong>, una propuesta que reuni\u00f3 a empresas productoras de todo el pa\u00eds con el objetivo de fortalecer la colaboraci\u00f3n interjurisdiccional.<br>Misiones estuvo representada por las casas productoras&nbsp;<strong>25.27 Estudio Audiovisual, Productora de la Tierra y Fundaci\u00f3n Laurel<\/strong>, tres empresas locales con s\u00f3lida trayectoria. En este contexto, el gerente de Fomento del IAAviM, Santiago Carabante, particip\u00f3 de la charla \u201cIndustria en foco: Cash Rebate con representantes gubernamentales\u201d, donde present\u00f3 los detalles de la&nbsp;<strong>primera pol\u00edtica de reintegro de gastos audiovisuales de la provincia de Misiones<\/strong>, cuya convocatoria se encuentra abierta hasta el pr\u00f3ximo&nbsp;<strong>24 de abril<\/strong>. All\u00ed, expuso las ventajas competitivas que ofrece el territorio: diversidad de locaciones, buena conectividad, capacidad t\u00e9cnica instalada, reintegros de hasta el&nbsp;<strong>40%&nbsp;<\/strong>en la l\u00ednea nacional, y un plantel de t\u00e9cnicos y actores locales preparados para afrontar producciones de distintas escalas.<\/p>\n\n\n\n<p>Por su parte, la productora misionera&nbsp;<strong>M\u00f3nica Amarilla<\/strong>&nbsp;particip\u00f3 del Festival con la presentaci\u00f3n de la pel\u00edcula&nbsp;<strong>\u201cCa\u00edan del cielo\u201d<\/strong>, del director Rub\u00e9n Plataneo. La obra, una coproducci\u00f3n entre Santa Fe y Misiones con apoyo del IAAviM, tuvo su&nbsp;<strong>premier mundial en esta edici\u00f3n del BAFICI<\/strong>, siendo una nueva muestra del crecimiento de las alianzas regionales en el cine argentino.<\/p>\n\n\n\n<p><\/p>\n\n\n\n<figure class=\"wp-block-gallery has-nested-images columns-default is-cropped wp-block-gallery-1 is-layout-flex wp-block-gallery-is-layout-flex\">\n<figure class=\"wp-block-image size-large\"><a href=\"https:\/\/www.iaavim.gob.ar\/wp-content\/uploads\/2025\/04\/2-Santiago-Carabante-en-Industria-en-Foco-scaled.jpg\"><img loading=\"lazy\" decoding=\"async\" width=\"1024\" height=\"683\" data-id=\"14801\" src=\"https:\/\/www.iaavim.gob.ar\/wp-content\/uploads\/2025\/04\/2-Santiago-Carabante-en-Industria-en-Foco-1024x683.jpg\" alt=\"\" class=\"wp-image-14801\" srcset=\"https:\/\/www.iaavim.gob.ar\/wp-content\/uploads\/2025\/04\/2-Santiago-Carabante-en-Industria-en-Foco-1024x683.jpg 1024w, https:\/\/www.iaavim.gob.ar\/wp-content\/uploads\/2025\/04\/2-Santiago-Carabante-en-Industria-en-Foco-300x200.jpg 300w, https:\/\/www.iaavim.gob.ar\/wp-content\/uploads\/2025\/04\/2-Santiago-Carabante-en-Industria-en-Foco-768x512.jpg 768w, https:\/\/www.iaavim.gob.ar\/wp-content\/uploads\/2025\/04\/2-Santiago-Carabante-en-Industria-en-Foco-1536x1024.jpg 1536w, https:\/\/www.iaavim.gob.ar\/wp-content\/uploads\/2025\/04\/2-Santiago-Carabante-en-Industria-en-Foco-2048x1365.jpg 2048w\" sizes=\"auto, (max-width: 1024px) 100vw, 1024px\" \/><\/a><figcaption class=\"wp-element-caption\">Carabante presenta el Cash Rebate de Misiones<\/figcaption><\/figure>\n\n\n\n<figure class=\"wp-block-image size-large\"><a href=\"https:\/\/www.iaavim.gob.ar\/wp-content\/uploads\/2025\/04\/4-productores-misioneros-en-Industria-en-Foco.jpg\"><img loading=\"lazy\" decoding=\"async\" width=\"1024\" height=\"672\" data-id=\"14800\" src=\"https:\/\/www.iaavim.gob.ar\/wp-content\/uploads\/2025\/04\/4-productores-misioneros-en-Industria-en-Foco-1024x672.jpg\" alt=\"\" class=\"wp-image-14800\" srcset=\"https:\/\/www.iaavim.gob.ar\/wp-content\/uploads\/2025\/04\/4-productores-misioneros-en-Industria-en-Foco-1024x672.jpg 1024w, https:\/\/www.iaavim.gob.ar\/wp-content\/uploads\/2025\/04\/4-productores-misioneros-en-Industria-en-Foco-300x197.jpg 300w, https:\/\/www.iaavim.gob.ar\/wp-content\/uploads\/2025\/04\/4-productores-misioneros-en-Industria-en-Foco-768x504.jpg 768w, https:\/\/www.iaavim.gob.ar\/wp-content\/uploads\/2025\/04\/4-productores-misioneros-en-Industria-en-Foco.jpg 1439w\" sizes=\"auto, (max-width: 1024px) 100vw, 1024px\" \/><\/a><figcaption class=\"wp-element-caption\">Industria en Foco<\/figcaption><\/figure>\n\n\n\n<figure class=\"wp-block-image size-large\"><a href=\"https:\/\/www.iaavim.gob.ar\/wp-content\/uploads\/2025\/04\/Acosta-con-autoridades-SAGAI.jpg\"><img loading=\"lazy\" decoding=\"async\" width=\"1024\" height=\"768\" data-id=\"14799\" src=\"https:\/\/www.iaavim.gob.ar\/wp-content\/uploads\/2025\/04\/Acosta-con-autoridades-SAGAI-1024x768.jpg\" alt=\"\" class=\"wp-image-14799\" srcset=\"https:\/\/www.iaavim.gob.ar\/wp-content\/uploads\/2025\/04\/Acosta-con-autoridades-SAGAI-1024x768.jpg 1024w, https:\/\/www.iaavim.gob.ar\/wp-content\/uploads\/2025\/04\/Acosta-con-autoridades-SAGAI-300x225.jpg 300w, https:\/\/www.iaavim.gob.ar\/wp-content\/uploads\/2025\/04\/Acosta-con-autoridades-SAGAI-768x576.jpg 768w, https:\/\/www.iaavim.gob.ar\/wp-content\/uploads\/2025\/04\/Acosta-con-autoridades-SAGAI.jpg 1280w\" sizes=\"auto, (max-width: 1024px) 100vw, 1024px\" \/><\/a><figcaption class=\"wp-element-caption\">Acosta con autoridades de SAGAI y Fundaci\u00f3n SAGAI<\/figcaption><\/figure>\n<\/figure>\n\n\n\n<p><\/p>\n\n\n\n<h3 class=\"wp-block-heading\"><strong>Gesti\u00f3n institucional: reuniones clave en Buenos Aires<\/strong><\/h3>\n\n\n\n<p>Aprovechando su presencia en la Ciudad Aut\u00f3noma de Buenos Aires, el presidente del IAAviM llev\u00f3 adelante una intensa agenda institucional, con reuniones estrat\u00e9gicas junto a autoridades nacionales, representantes del sector y sociedades de gesti\u00f3n.<\/p>\n\n\n\n<p>Entre los encuentros m\u00e1s relevantes, se destaca la reuni\u00f3n con autoridades del&nbsp;<strong>INCAA<\/strong>, en la cual se reiter\u00f3 el pedido de&nbsp;<strong>efectivizaci\u00f3n de los aportes comprometidos a festivales y programas de fomento en provincias<\/strong>&nbsp;que ya presentaron sus presupuestos y planes de acci\u00f3n. Tambi\u00e9n se solicit\u00f3 la reactivaci\u00f3n de los apoyos a productores seleccionados en mercados y festivales nacionales e internacionales, fundamentales para la b\u00fasqueda de socios, inversiones, ventas y distribuci\u00f3n de sus proyectos. Adem\u00e1s, se solicit\u00f3 al organismo nacional que&nbsp;<strong>defienda los proyectos de formaci\u00f3n presentados por Argentina en el programa Ibermedia<\/strong>, ante la&nbsp;<strong>Reuni\u00f3n de Autoridades de la Conferencia de Autoridades Audiovisuales y Cinematogr\u00e1ficas de Iberoam\u00e9rica (CAACI)<\/strong>.<\/p>\n\n\n\n<p>Oportunamente, el titular del IAAviM firm\u00f3 el&nbsp;<strong>convenio de traspaso a la provincia de los veh\u00edculos y equipamiento del programa Cine M\u00f3vil<\/strong>, que se encontraban en comodato desde 1998.<br>Acosta tambi\u00e9n mantuvo una reuni\u00f3n con&nbsp;<strong>Gabriel Rojze, rector de la ENERC<\/strong>, con quien convers\u00f3 sobre la posibilidad de ofrecer capacitaciones en la regi\u00f3n con instructores de la escuela, delineando propuestas conjuntas para fortalecer la formaci\u00f3n audiovisual en el NEA.<\/p>\n\n\n\n<p>De igual manera, mantuvo encuentros de trabajo con destacadas sociedades de gesti\u00f3n colectiva de derechos como\u00a0<strong>SAGAI, SADAIC y ARGENTORES<\/strong>. En dichos encuentros se logr\u00f3 el\u00a0<strong>acompa\u00f1amiento al Festival Internacional Ober\u00e1 en Cortos<\/strong>\u00a0y se iniciaron conversaciones para desarrollar\u00a0<strong>actividades formativas en derechos de autor, actuaci\u00f3n frente a c\u00e1mara<\/strong>, y la posibilidad de establecer\u00a0<strong>escalas diferenciadas para m\u00fasica original en cortometrajes independientes<\/strong>\u00a0producidos a trav\u00e9s de concursos del Plan de Fomento del IAAviM.<br>Entre los interlocutores se encontraron\u00a0la prosecretaria de SAGAI, <strong>Silvina Acosta<\/strong>\u00a0y el presidente de Fundaci\u00f3n SAGAI <strong>Diego Salamone<\/strong>; por ARGENTORES, el presidente\u00a0<strong>Miguel \u00c1ngel Diani<\/strong>\u00a0y el secretario\u00a0<strong>Guillermo Hardwick<\/strong>; y\u00a0<strong>V\u00edctor Yunes<\/strong>, presidente de SADAIC.<\/p>\n\n\n\n<p>En paralelo, el gerente de Fomento del IAAviM,&nbsp;<strong>Santiago Carabante<\/strong>, particip\u00f3 de la&nbsp;<strong>Reuni\u00f3n Federal de Comisiones F\u00edlmicas de Argentina<\/strong>, realizada en las oficinas del Ministerio de Cultura de la Ciudad de Buenos Aires, con la presencia de representantes de distintas provincias. El encuentro, que combin\u00f3 modalidad presencial y virtual, permiti\u00f3 seguir afianzando el trabajo colaborativo entre regiones, compartir experiencias y proyectar estrategias comunes para el crecimiento de la industria audiovisual en todo el pa\u00eds. En ese marco, tambi\u00e9n se llev\u00f3 a cabo una reuni\u00f3n con&nbsp;<strong>Carolina Cordero<\/strong>, Directora General de Desarrollo Cultural y Creativo del Ministerio de Cultura porte\u00f1o, donde se abordaron posibilidades de articulaci\u00f3n a trav\u00e9s de la&nbsp;<strong>Ley de Mecenazgo<\/strong>&nbsp;para proyectos de Misiones, con la participaci\u00f3n de productores misioneros interesados en esta l\u00ednea de gesti\u00f3n.<\/p>\n\n\n\n<p>Finalmente, el presidente del IAAviM tambi\u00e9n se reuni\u00f3 con&nbsp;<strong>players y productores interesados en desarrollar proyectos en Misiones<\/strong>, con especial inter\u00e9s en acciones vinculadas a&nbsp;<strong>formaci\u00f3n en distribuci\u00f3n, exhibici\u00f3n de obras y realizaci\u00f3n de actividades virtuales y presenciales<\/strong>&nbsp;en territorio misionero.<\/p>\n\n\n\n<p><\/p>\n\n\n\n<figure class=\"wp-block-gallery has-nested-images columns-default is-cropped wp-block-gallery-2 is-layout-flex wp-block-gallery-is-layout-flex\">\n<figure class=\"wp-block-image size-large\"><img loading=\"lazy\" decoding=\"async\" width=\"1024\" height=\"774\" data-id=\"14802\" src=\"https:\/\/www.iaavim.gob.ar\/wp-content\/uploads\/2025\/04\/3-Monica-Amarilla-estreno-en-BAFICI-1024x774.jpg\" alt=\"\" class=\"wp-image-14802\" srcset=\"https:\/\/www.iaavim.gob.ar\/wp-content\/uploads\/2025\/04\/3-Monica-Amarilla-estreno-en-BAFICI-1024x774.jpg 1024w, https:\/\/www.iaavim.gob.ar\/wp-content\/uploads\/2025\/04\/3-Monica-Amarilla-estreno-en-BAFICI-300x227.jpg 300w, https:\/\/www.iaavim.gob.ar\/wp-content\/uploads\/2025\/04\/3-Monica-Amarilla-estreno-en-BAFICI-768x581.jpg 768w, https:\/\/www.iaavim.gob.ar\/wp-content\/uploads\/2025\/04\/3-Monica-Amarilla-estreno-en-BAFICI.jpg 1439w\" sizes=\"auto, (max-width: 1024px) 100vw, 1024px\" \/><\/figure>\n\n\n\n<figure class=\"wp-block-image size-large\"><img loading=\"lazy\" decoding=\"async\" width=\"1024\" height=\"576\" data-id=\"14803\" src=\"https:\/\/www.iaavim.gob.ar\/wp-content\/uploads\/2025\/04\/5-Reunion-Comisiones-Filmicas-de-Argentina-1024x576.jpg\" alt=\"\" class=\"wp-image-14803\" srcset=\"https:\/\/www.iaavim.gob.ar\/wp-content\/uploads\/2025\/04\/5-Reunion-Comisiones-Filmicas-de-Argentina-1024x576.jpg 1024w, https:\/\/www.iaavim.gob.ar\/wp-content\/uploads\/2025\/04\/5-Reunion-Comisiones-Filmicas-de-Argentina-300x169.jpg 300w, https:\/\/www.iaavim.gob.ar\/wp-content\/uploads\/2025\/04\/5-Reunion-Comisiones-Filmicas-de-Argentina-768x432.jpg 768w, https:\/\/www.iaavim.gob.ar\/wp-content\/uploads\/2025\/04\/5-Reunion-Comisiones-Filmicas-de-Argentina-1536x864.jpg 1536w, https:\/\/www.iaavim.gob.ar\/wp-content\/uploads\/2025\/04\/5-Reunion-Comisiones-Filmicas-de-Argentina-2048x1152.jpg 2048w, https:\/\/www.iaavim.gob.ar\/wp-content\/uploads\/2025\/04\/5-Reunion-Comisiones-Filmicas-de-Argentina-390x220.jpg 390w\" sizes=\"auto, (max-width: 1024px) 100vw, 1024px\" \/><\/figure>\n\n\n\n<figure class=\"wp-block-image size-large\"><img loading=\"lazy\" decoding=\"async\" width=\"1024\" height=\"645\" data-id=\"14804\" src=\"https:\/\/www.iaavim.gob.ar\/wp-content\/uploads\/2025\/04\/6-Alcain-Guerin-Gentili-cierre-Industria-en-Foco-1024x645.png\" alt=\"\" class=\"wp-image-14804\" srcset=\"https:\/\/www.iaavim.gob.ar\/wp-content\/uploads\/2025\/04\/6-Alcain-Guerin-Gentili-cierre-Industria-en-Foco-1024x645.png 1024w, https:\/\/www.iaavim.gob.ar\/wp-content\/uploads\/2025\/04\/6-Alcain-Guerin-Gentili-cierre-Industria-en-Foco-300x189.png 300w, https:\/\/www.iaavim.gob.ar\/wp-content\/uploads\/2025\/04\/6-Alcain-Guerin-Gentili-cierre-Industria-en-Foco-768x484.png 768w, https:\/\/www.iaavim.gob.ar\/wp-content\/uploads\/2025\/04\/6-Alcain-Guerin-Gentili-cierre-Industria-en-Foco-1536x968.png 1536w, https:\/\/www.iaavim.gob.ar\/wp-content\/uploads\/2025\/04\/6-Alcain-Guerin-Gentili-cierre-Industria-en-Foco-2048x1290.png 2048w\" sizes=\"auto, (max-width: 1024px) 100vw, 1024px\" \/><\/figure>\n<\/figure>\n\n\n\n<div style=\"height:155px\" aria-hidden=\"true\" class=\"wp-block-spacer\"><\/div>\n","protected":false},"excerpt":{"rendered":"<p>Misiones dijo presente en el 26\u00b0 BAFICI con participaci\u00f3n institucional, productoras locales y estrenos en pantalla En el marco de la 26\u00b0 edici\u00f3n del Buenos Aires Festival Internacional de Cine Independiente (BAFICI), la provincia de Misiones tuvo una destacada participaci\u00f3n a trav\u00e9s de representantes del Instituto de Artes Audiovisuales de Misiones (IAAviM) y productoras locales, &hellip;<\/p>\n","protected":false},"author":2,"featured_media":14797,"comment_status":"closed","ping_status":"open","sticky":false,"template":"","format":"standard","meta":{"_acf_changed":false,"footnotes":""},"categories":[39],"tags":[733,1280,333,110,1452,468,1443,366,200],"class_list":["post-14796","post","type-post","status-publish","format-standard","has-post-thumbnail","hentry","category-noticias-del-iaavim","tag-bafici","tag-cash-rebate","tag-estreno","tag-incaa","tag-industria-en-foco","tag-monica-amarilla","tag-programa-misiones-audiovisual","tag-santiago-carabante","tag-sergio-acosta"],"acf":[],"yoast_head":"<!-- This site is optimized with the Yoast SEO plugin v27.4 - https:\/\/yoast.com\/product\/yoast-seo-wordpress\/ -->\n<title>Misiones dijo presente en el 26\u00b0 BAFICI -<\/title>\n<meta name=\"robots\" content=\"index, follow, max-snippet:-1, max-image-preview:large, max-video-preview:-1\" \/>\n<link rel=\"canonical\" href=\"https:\/\/www.iaavim.gob.ar\/?p=14796\" \/>\n<meta property=\"og:locale\" content=\"es_ES\" \/>\n<meta property=\"og:type\" content=\"article\" \/>\n<meta property=\"og:title\" content=\"Misiones dijo presente en el 26\u00b0 BAFICI -\" \/>\n<meta property=\"og:description\" content=\"Misiones dijo presente en el 26\u00b0 BAFICI con participaci\u00f3n institucional, productoras locales y estrenos en pantalla En el marco de la 26\u00b0 edici\u00f3n del Buenos Aires Festival Internacional de Cine Independiente (BAFICI), la provincia de Misiones tuvo una destacada participaci\u00f3n a trav\u00e9s de representantes del Instituto de Artes Audiovisuales de Misiones (IAAviM) y productoras locales, &hellip;\" \/>\n<meta property=\"og:url\" content=\"https:\/\/www.iaavim.gob.ar\/?p=14796\" \/>\n<meta property=\"article:published_time\" content=\"2025-04-14T22:14:00+00:00\" \/>\n<meta property=\"article:modified_time\" content=\"2025-04-14T23:56:41+00:00\" \/>\n<meta property=\"og:image\" content=\"https:\/\/www.iaavim.gob.ar\/wp-content\/uploads\/2025\/04\/NEW-portada-sitio-1200x480-4.png\" \/>\n\t<meta property=\"og:image:width\" content=\"1200\" \/>\n\t<meta property=\"og:image:height\" content=\"480\" \/>\n\t<meta property=\"og:image:type\" content=\"image\/png\" \/>\n<meta name=\"author\" content=\"IAAviM\" \/>\n<meta name=\"twitter:card\" content=\"summary_large_image\" \/>\n<meta name=\"twitter:label1\" content=\"Escrito por\" \/>\n\t<meta name=\"twitter:data1\" content=\"IAAviM\" \/>\n\t<meta name=\"twitter:label2\" content=\"Tiempo de lectura\" \/>\n\t<meta name=\"twitter:data2\" content=\"6 minutos\" \/>\n<script type=\"application\/ld+json\" class=\"yoast-schema-graph\">{\"@context\":\"https:\\\/\\\/schema.org\",\"@graph\":[{\"@type\":\"Article\",\"@id\":\"https:\\\/\\\/www.iaavim.gob.ar\\\/?p=14796#article\",\"isPartOf\":{\"@id\":\"https:\\\/\\\/www.iaavim.gob.ar\\\/?p=14796\"},\"author\":{\"name\":\"IAAviM\",\"@id\":\"\\\/#\\\/schema\\\/person\\\/affb351a86bbbb5cdff3011db06ccf85\"},\"headline\":\"Misiones dijo presente en el 26\u00b0 BAFICI\",\"datePublished\":\"2025-04-14T22:14:00+00:00\",\"dateModified\":\"2025-04-14T23:56:41+00:00\",\"mainEntityOfPage\":{\"@id\":\"https:\\\/\\\/www.iaavim.gob.ar\\\/?p=14796\"},\"wordCount\":1096,\"publisher\":{\"@id\":\"\\\/#organization\"},\"image\":{\"@id\":\"https:\\\/\\\/www.iaavim.gob.ar\\\/?p=14796#primaryimage\"},\"thumbnailUrl\":\"https:\\\/\\\/www.iaavim.gob.ar\\\/wp-content\\\/uploads\\\/2025\\\/04\\\/NEW-portada-sitio-1200x480-4.png\",\"keywords\":[\"BAFICI\",\"Cash Rebate\",\"estreno\",\"incaa\",\"Industria en Foco\",\"M\u00f3nica Amarilla\",\"Programa Misiones Audiovisual\",\"Santiago Carabante\",\"Sergio Acosta\"],\"articleSection\":[\"Noticias del IAAviM\"],\"inLanguage\":\"es-AR\"},{\"@type\":\"WebPage\",\"@id\":\"https:\\\/\\\/www.iaavim.gob.ar\\\/?p=14796\",\"url\":\"https:\\\/\\\/www.iaavim.gob.ar\\\/?p=14796\",\"name\":\"Misiones dijo presente en el 26\u00b0 BAFICI -\",\"isPartOf\":{\"@id\":\"\\\/#website\"},\"primaryImageOfPage\":{\"@id\":\"https:\\\/\\\/www.iaavim.gob.ar\\\/?p=14796#primaryimage\"},\"image\":{\"@id\":\"https:\\\/\\\/www.iaavim.gob.ar\\\/?p=14796#primaryimage\"},\"thumbnailUrl\":\"https:\\\/\\\/www.iaavim.gob.ar\\\/wp-content\\\/uploads\\\/2025\\\/04\\\/NEW-portada-sitio-1200x480-4.png\",\"datePublished\":\"2025-04-14T22:14:00+00:00\",\"dateModified\":\"2025-04-14T23:56:41+00:00\",\"breadcrumb\":{\"@id\":\"https:\\\/\\\/www.iaavim.gob.ar\\\/?p=14796#breadcrumb\"},\"inLanguage\":\"es-AR\",\"potentialAction\":[{\"@type\":\"ReadAction\",\"target\":[\"https:\\\/\\\/www.iaavim.gob.ar\\\/?p=14796\"]}]},{\"@type\":\"ImageObject\",\"inLanguage\":\"es-AR\",\"@id\":\"https:\\\/\\\/www.iaavim.gob.ar\\\/?p=14796#primaryimage\",\"url\":\"https:\\\/\\\/www.iaavim.gob.ar\\\/wp-content\\\/uploads\\\/2025\\\/04\\\/NEW-portada-sitio-1200x480-4.png\",\"contentUrl\":\"https:\\\/\\\/www.iaavim.gob.ar\\\/wp-content\\\/uploads\\\/2025\\\/04\\\/NEW-portada-sitio-1200x480-4.png\",\"width\":1200,\"height\":480},{\"@type\":\"BreadcrumbList\",\"@id\":\"https:\\\/\\\/www.iaavim.gob.ar\\\/?p=14796#breadcrumb\",\"itemListElement\":[{\"@type\":\"ListItem\",\"position\":1,\"name\":\"Inicio\",\"item\":\"https:\\\/\\\/www.iaavim.gob.ar\\\/\"},{\"@type\":\"ListItem\",\"position\":2,\"name\":\"Misiones dijo presente en el 26\u00b0 BAFICI\"}]},{\"@type\":\"WebSite\",\"@id\":\"\\\/#website\",\"url\":\"\\\/\",\"name\":\"\",\"description\":\"Sitio oficial del IAAviM\",\"publisher\":{\"@id\":\"\\\/#organization\"},\"potentialAction\":[{\"@type\":\"SearchAction\",\"target\":{\"@type\":\"EntryPoint\",\"urlTemplate\":\"\\\/?s={search_term_string}\"},\"query-input\":{\"@type\":\"PropertyValueSpecification\",\"valueRequired\":true,\"valueName\":\"search_term_string\"}}],\"inLanguage\":\"es-AR\"},{\"@type\":\"Organization\",\"@id\":\"\\\/#organization\",\"name\":\"Instituto de Artes Audiovisuales de Misiones\",\"url\":\"\\\/\",\"logo\":{\"@type\":\"ImageObject\",\"inLanguage\":\"es-AR\",\"@id\":\"\\\/#\\\/schema\\\/logo\\\/image\\\/\",\"url\":\"https:\\\/\\\/iaavim.misiones.gob.ar\\\/wp-content\\\/uploads\\\/2021\\\/07\\\/logo-iaavim-preview.png.jpg\",\"contentUrl\":\"https:\\\/\\\/iaavim.misiones.gob.ar\\\/wp-content\\\/uploads\\\/2021\\\/07\\\/logo-iaavim-preview.png.jpg\",\"width\":1200,\"height\":675,\"caption\":\"Instituto de Artes Audiovisuales de Misiones\"},\"image\":{\"@id\":\"\\\/#\\\/schema\\\/logo\\\/image\\\/\"}},{\"@type\":\"Person\",\"@id\":\"\\\/#\\\/schema\\\/person\\\/affb351a86bbbb5cdff3011db06ccf85\",\"name\":\"IAAviM\",\"image\":{\"@type\":\"ImageObject\",\"inLanguage\":\"es-AR\",\"@id\":\"https:\\\/\\\/secure.gravatar.com\\\/avatar\\\/6a023e5ff426a571199af5d6ff7996bd89e8be946af83dc1c2624ad66151ed39?s=96&d=blank&r=g\",\"url\":\"https:\\\/\\\/secure.gravatar.com\\\/avatar\\\/6a023e5ff426a571199af5d6ff7996bd89e8be946af83dc1c2624ad66151ed39?s=96&d=blank&r=g\",\"contentUrl\":\"https:\\\/\\\/secure.gravatar.com\\\/avatar\\\/6a023e5ff426a571199af5d6ff7996bd89e8be946af83dc1c2624ad66151ed39?s=96&d=blank&r=g\",\"caption\":\"IAAviM\"},\"url\":\"https:\\\/\\\/www.iaavim.gob.ar\\\/?author=2\"}]}<\/script>\n<!-- \/ Yoast SEO plugin. -->","yoast_head_json":{"title":"Misiones dijo presente en el 26\u00b0 BAFICI -","robots":{"index":"index","follow":"follow","max-snippet":"max-snippet:-1","max-image-preview":"max-image-preview:large","max-video-preview":"max-video-preview:-1"},"canonical":"https:\/\/www.iaavim.gob.ar\/?p=14796","og_locale":"es_ES","og_type":"article","og_title":"Misiones dijo presente en el 26\u00b0 BAFICI -","og_description":"Misiones dijo presente en el 26\u00b0 BAFICI con participaci\u00f3n institucional, productoras locales y estrenos en pantalla En el marco de la 26\u00b0 edici\u00f3n del Buenos Aires Festival Internacional de Cine Independiente (BAFICI), la provincia de Misiones tuvo una destacada participaci\u00f3n a trav\u00e9s de representantes del Instituto de Artes Audiovisuales de Misiones (IAAviM) y productoras locales, &hellip;","og_url":"https:\/\/www.iaavim.gob.ar\/?p=14796","article_published_time":"2025-04-14T22:14:00+00:00","article_modified_time":"2025-04-14T23:56:41+00:00","og_image":[{"width":1200,"height":480,"url":"https:\/\/www.iaavim.gob.ar\/wp-content\/uploads\/2025\/04\/NEW-portada-sitio-1200x480-4.png","type":"image\/png"}],"author":"IAAviM","twitter_card":"summary_large_image","twitter_misc":{"Escrito por":"IAAviM","Tiempo de lectura":"6 minutos"},"schema":{"@context":"https:\/\/schema.org","@graph":[{"@type":"Article","@id":"https:\/\/www.iaavim.gob.ar\/?p=14796#article","isPartOf":{"@id":"https:\/\/www.iaavim.gob.ar\/?p=14796"},"author":{"name":"IAAviM","@id":"\/#\/schema\/person\/affb351a86bbbb5cdff3011db06ccf85"},"headline":"Misiones dijo presente en el 26\u00b0 BAFICI","datePublished":"2025-04-14T22:14:00+00:00","dateModified":"2025-04-14T23:56:41+00:00","mainEntityOfPage":{"@id":"https:\/\/www.iaavim.gob.ar\/?p=14796"},"wordCount":1096,"publisher":{"@id":"\/#organization"},"image":{"@id":"https:\/\/www.iaavim.gob.ar\/?p=14796#primaryimage"},"thumbnailUrl":"https:\/\/www.iaavim.gob.ar\/wp-content\/uploads\/2025\/04\/NEW-portada-sitio-1200x480-4.png","keywords":["BAFICI","Cash Rebate","estreno","incaa","Industria en Foco","M\u00f3nica Amarilla","Programa Misiones Audiovisual","Santiago Carabante","Sergio Acosta"],"articleSection":["Noticias del IAAviM"],"inLanguage":"es-AR"},{"@type":"WebPage","@id":"https:\/\/www.iaavim.gob.ar\/?p=14796","url":"https:\/\/www.iaavim.gob.ar\/?p=14796","name":"Misiones dijo presente en el 26\u00b0 BAFICI -","isPartOf":{"@id":"\/#website"},"primaryImageOfPage":{"@id":"https:\/\/www.iaavim.gob.ar\/?p=14796#primaryimage"},"image":{"@id":"https:\/\/www.iaavim.gob.ar\/?p=14796#primaryimage"},"thumbnailUrl":"https:\/\/www.iaavim.gob.ar\/wp-content\/uploads\/2025\/04\/NEW-portada-sitio-1200x480-4.png","datePublished":"2025-04-14T22:14:00+00:00","dateModified":"2025-04-14T23:56:41+00:00","breadcrumb":{"@id":"https:\/\/www.iaavim.gob.ar\/?p=14796#breadcrumb"},"inLanguage":"es-AR","potentialAction":[{"@type":"ReadAction","target":["https:\/\/www.iaavim.gob.ar\/?p=14796"]}]},{"@type":"ImageObject","inLanguage":"es-AR","@id":"https:\/\/www.iaavim.gob.ar\/?p=14796#primaryimage","url":"https:\/\/www.iaavim.gob.ar\/wp-content\/uploads\/2025\/04\/NEW-portada-sitio-1200x480-4.png","contentUrl":"https:\/\/www.iaavim.gob.ar\/wp-content\/uploads\/2025\/04\/NEW-portada-sitio-1200x480-4.png","width":1200,"height":480},{"@type":"BreadcrumbList","@id":"https:\/\/www.iaavim.gob.ar\/?p=14796#breadcrumb","itemListElement":[{"@type":"ListItem","position":1,"name":"Inicio","item":"https:\/\/www.iaavim.gob.ar\/"},{"@type":"ListItem","position":2,"name":"Misiones dijo presente en el 26\u00b0 BAFICI"}]},{"@type":"WebSite","@id":"\/#website","url":"\/","name":"","description":"Sitio oficial del IAAviM","publisher":{"@id":"\/#organization"},"potentialAction":[{"@type":"SearchAction","target":{"@type":"EntryPoint","urlTemplate":"\/?s={search_term_string}"},"query-input":{"@type":"PropertyValueSpecification","valueRequired":true,"valueName":"search_term_string"}}],"inLanguage":"es-AR"},{"@type":"Organization","@id":"\/#organization","name":"Instituto de Artes Audiovisuales de Misiones","url":"\/","logo":{"@type":"ImageObject","inLanguage":"es-AR","@id":"\/#\/schema\/logo\/image\/","url":"https:\/\/iaavim.misiones.gob.ar\/wp-content\/uploads\/2021\/07\/logo-iaavim-preview.png.jpg","contentUrl":"https:\/\/iaavim.misiones.gob.ar\/wp-content\/uploads\/2021\/07\/logo-iaavim-preview.png.jpg","width":1200,"height":675,"caption":"Instituto de Artes Audiovisuales de Misiones"},"image":{"@id":"\/#\/schema\/logo\/image\/"}},{"@type":"Person","@id":"\/#\/schema\/person\/affb351a86bbbb5cdff3011db06ccf85","name":"IAAviM","image":{"@type":"ImageObject","inLanguage":"es-AR","@id":"https:\/\/secure.gravatar.com\/avatar\/6a023e5ff426a571199af5d6ff7996bd89e8be946af83dc1c2624ad66151ed39?s=96&d=blank&r=g","url":"https:\/\/secure.gravatar.com\/avatar\/6a023e5ff426a571199af5d6ff7996bd89e8be946af83dc1c2624ad66151ed39?s=96&d=blank&r=g","contentUrl":"https:\/\/secure.gravatar.com\/avatar\/6a023e5ff426a571199af5d6ff7996bd89e8be946af83dc1c2624ad66151ed39?s=96&d=blank&r=g","caption":"IAAviM"},"url":"https:\/\/www.iaavim.gob.ar\/?author=2"}]}},"amp_enabled":true,"_links":{"self":[{"href":"https:\/\/www.iaavim.gob.ar\/index.php?rest_route=\/wp\/v2\/posts\/14796","targetHints":{"allow":["GET"]}}],"collection":[{"href":"https:\/\/www.iaavim.gob.ar\/index.php?rest_route=\/wp\/v2\/posts"}],"about":[{"href":"https:\/\/www.iaavim.gob.ar\/index.php?rest_route=\/wp\/v2\/types\/post"}],"author":[{"embeddable":true,"href":"https:\/\/www.iaavim.gob.ar\/index.php?rest_route=\/wp\/v2\/users\/2"}],"replies":[{"embeddable":true,"href":"https:\/\/www.iaavim.gob.ar\/index.php?rest_route=%2Fwp%2Fv2%2Fcomments&post=14796"}],"version-history":[{"count":2,"href":"https:\/\/www.iaavim.gob.ar\/index.php?rest_route=\/wp\/v2\/posts\/14796\/revisions"}],"predecessor-version":[{"id":14807,"href":"https:\/\/www.iaavim.gob.ar\/index.php?rest_route=\/wp\/v2\/posts\/14796\/revisions\/14807"}],"wp:featuredmedia":[{"embeddable":true,"href":"https:\/\/www.iaavim.gob.ar\/index.php?rest_route=\/wp\/v2\/media\/14797"}],"wp:attachment":[{"href":"https:\/\/www.iaavim.gob.ar\/index.php?rest_route=%2Fwp%2Fv2%2Fmedia&parent=14796"}],"wp:term":[{"taxonomy":"category","embeddable":true,"href":"https:\/\/www.iaavim.gob.ar\/index.php?rest_route=%2Fwp%2Fv2%2Fcategories&post=14796"},{"taxonomy":"post_tag","embeddable":true,"href":"https:\/\/www.iaavim.gob.ar\/index.php?rest_route=%2Fwp%2Fv2%2Ftags&post=14796"}],"curies":[{"name":"wp","href":"https:\/\/api.w.org\/{rel}","templated":true}]}}