{"id":14762,"date":"2025-04-08T12:14:24","date_gmt":"2025-04-08T15:14:24","guid":{"rendered":"https:\/\/www.iaavim.gob.ar\/?p=14762"},"modified":"2025-05-14T12:37:05","modified_gmt":"2025-05-14T15:37:05","slug":"inscripcion-abierta-2","status":"publish","type":"post","link":"https:\/\/www.iaavim.gob.ar\/?p=14762","title":{"rendered":"Inscripci\u00f3n abierta"},"content":{"rendered":"\n<h2 class=\"wp-block-heading\">Taller &#8220;Incubadora de Proyectos&#8221;: acompa\u00f1amiento creativo para nuevos cortometrajes<\/h2>\n\n\n\n<p>El Instituto de Artes Audiovisuales de Misiones (IAAviM), en conjunto con la productora PUNIO CINE, invita a estudiantes de carreras afines al audiovisual a participar del taller <strong>&#8220;Incubadora de Proyectos&#8221;<\/strong>, una propuesta formativa integral que busca impulsar el desarrollo de cortometrajes locales.<\/p>\n\n\n\n<p>Este taller ser\u00e1 dictado por el reconocido productor y director <strong>Mart\u00edn Servente<\/strong>, quien ofrecer\u00e1 esta actividad como <strong>contraprestaci\u00f3n por la beca otorgada por el IAAviM<\/strong> durante el primer trimestre de 2025. La beca permiti\u00f3 su capacitaci\u00f3n especializada en el software DaVinci Resolve, herramienta clave en procesos de colorimetr\u00eda y efectos visuales.<\/p>\n\n\n\n<p>\ud83d\udccc <strong>\u00bfA qui\u00e9n est\u00e1 dirigido?<\/strong><br>A <strong>estudiantes de nivel terciario o universitario<\/strong> de la provincia de Misiones y personas <strong>reci\u00e9n recibidas<\/strong> de carreras afines al audiovisual, <strong><em>con proyectos de cortometraje en etapa de desarrollo<\/em><\/strong>.<\/p>\n\n\n\n<p>\ud83d\udccc <strong>Modalidad y fechas<\/strong><\/p>\n\n\n\n<ul class=\"wp-block-list\">\n<li>La capacitaci\u00f3n constar\u00e1 de <strong>dos masterclass presenciales<\/strong>:\n<ul class=\"wp-block-list\">\n<li>Mi\u00e9rcoles 21 de mayo de 2025<\/li>\n\n\n\n<li>Mi\u00e9rcoles 28 de mayo de 2025<br><em>De 9 a 12 hs \u2013 Sede IAAviM: Col\u00f3n 1628, 7\u00b0 piso, Posadas<\/em><\/li>\n<\/ul>\n<\/li>\n<\/ul>\n\n\n\n<p>\ud83d\udccc <strong>Convocatoria<\/strong><\/p>\n\n\n\n<ul class=\"wp-block-list\">\n<li><strong>Apertura<\/strong>: 7 de abril de 2025<\/li>\n\n\n\n<li><strong>Cierre<\/strong>: 28 de abril de 2025 (hasta las 23:59 hs)<\/li>\n\n\n\n<li><strong>Anuncio de seleccionados<\/strong>: 9 de mayo de 2025<\/li>\n<\/ul>\n\n\n\n<p>\ud83d\udccc <strong>Requisitos<\/strong><\/p>\n\n\n\n<ul class=\"wp-block-list\">\n<li>Postulaci\u00f3n en <strong>equipos de dos personas<\/strong><\/li>\n\n\n\n<li>Presentaci\u00f3n de un proyecto en desarrollo con carpeta digital en formato PDF<\/li>\n<\/ul>\n\n\n\n<p>\ud83d\udccc <strong>Documentaci\u00f3n a presentar<\/strong><\/p>\n\n\n\n<ol class=\"wp-block-list\">\n<li>Portada con t\u00edtulo del proyecto y nombres de participantes<\/li>\n\n\n\n<li>Ficha t\u00e9cnica<\/li>\n\n\n\n<li>Sinopsis (m\u00e1x. 1500 caracteres sin espacios)<\/li>\n\n\n\n<li>Motivaci\u00f3n y rol de los\/as participantes<\/li>\n\n\n\n<li>CV o biofilmograf\u00eda<\/li>\n\n\n\n<li>Opcional: guion literario (m\u00e1x. 12 carillas)<\/li>\n<\/ol>\n\n\n\n<p>\ud83d\udcce <strong>Formulario de inscripci\u00f3n<\/strong><br>\ud83d\udc49 <a class=\"\" href=\"https:\/\/docs.google.com\/forms\/d\/e\/1FAIpQLSemry5N3UanCbVZdSj1RynV1rqda2n6RRO0c9cEbBQskpiuHg\/viewform?usp=preview\">Acced\u00e9 aqu\u00ed para postular tu proyecto<\/a><\/p>\n\n\n\n<p>Este espacio busca fortalecer la motivaci\u00f3n de j\u00f3venes realizadores y ofrecer herramientas para consolidar sus ideas audiovisuales. La participaci\u00f3n en el taller no implica financiamiento para la producci\u00f3n del cortometraje.<\/p>\n\n\n\n<p><br><\/p>\n\n\n\n<div style=\"height:153px\" aria-hidden=\"true\" class=\"wp-block-spacer\"><\/div>\n","protected":false},"excerpt":{"rendered":"<p>Taller &#8220;Incubadora de Proyectos&#8221;: acompa\u00f1amiento creativo para nuevos cortometrajes El Instituto de Artes Audiovisuales de Misiones (IAAviM), en conjunto con la productora PUNIO CINE, invita a estudiantes de carreras afines al audiovisual a participar del taller &#8220;Incubadora de Proyectos&#8221;, una propuesta formativa integral que busca impulsar el desarrollo de cortometrajes locales. Este taller ser\u00e1 dictado &hellip;<\/p>\n","protected":false},"author":2,"featured_media":14824,"comment_status":"closed","ping_status":"open","sticky":false,"template":"","format":"standard","meta":{"_acf_changed":false,"footnotes":""},"categories":[34],"tags":[75,324,211,1446],"class_list":["post-14762","post","type-post","status-publish","format-standard","has-post-thumbnail","hentry","category-capacitacion","tag-cortometrajes","tag-martin-servente","tag-proyectos","tag-punio-cine"],"acf":[],"yoast_head":"<!-- This site is optimized with the Yoast SEO plugin v27.4 - https:\/\/yoast.com\/product\/yoast-seo-wordpress\/ -->\n<title>Inscripci\u00f3n abierta -<\/title>\n<meta name=\"robots\" content=\"index, follow, max-snippet:-1, max-image-preview:large, max-video-preview:-1\" \/>\n<link rel=\"canonical\" href=\"https:\/\/www.iaavim.gob.ar\/?p=14762\" \/>\n<meta property=\"og:locale\" content=\"es_ES\" \/>\n<meta property=\"og:type\" content=\"article\" \/>\n<meta property=\"og:title\" content=\"Inscripci\u00f3n abierta -\" \/>\n<meta property=\"og:description\" content=\"Taller &#8220;Incubadora de Proyectos&#8221;: acompa\u00f1amiento creativo para nuevos cortometrajes El Instituto de Artes Audiovisuales de Misiones (IAAviM), en conjunto con la productora PUNIO CINE, invita a estudiantes de carreras afines al audiovisual a participar del taller &#8220;Incubadora de Proyectos&#8221;, una propuesta formativa integral que busca impulsar el desarrollo de cortometrajes locales. Este taller ser\u00e1 dictado &hellip;\" \/>\n<meta property=\"og:url\" content=\"https:\/\/www.iaavim.gob.ar\/?p=14762\" \/>\n<meta property=\"article:published_time\" content=\"2025-04-08T15:14:24+00:00\" \/>\n<meta property=\"article:modified_time\" content=\"2025-05-14T15:37:05+00:00\" \/>\n<meta property=\"og:image\" content=\"https:\/\/www.iaavim.gob.ar\/wp-content\/uploads\/2025\/04\/Taller-Incubadora-web.png\" \/>\n\t<meta property=\"og:image:width\" content=\"1200\" \/>\n\t<meta property=\"og:image:height\" content=\"675\" \/>\n\t<meta property=\"og:image:type\" content=\"image\/png\" \/>\n<meta name=\"author\" content=\"IAAviM\" \/>\n<meta name=\"twitter:card\" content=\"summary_large_image\" \/>\n<meta name=\"twitter:label1\" content=\"Escrito por\" \/>\n\t<meta name=\"twitter:data1\" content=\"IAAviM\" \/>\n\t<meta name=\"twitter:label2\" content=\"Tiempo de lectura\" \/>\n\t<meta name=\"twitter:data2\" content=\"2 minutos\" \/>\n<script type=\"application\/ld+json\" class=\"yoast-schema-graph\">{\"@context\":\"https:\\\/\\\/schema.org\",\"@graph\":[{\"@type\":\"Article\",\"@id\":\"https:\\\/\\\/www.iaavim.gob.ar\\\/?p=14762#article\",\"isPartOf\":{\"@id\":\"https:\\\/\\\/www.iaavim.gob.ar\\\/?p=14762\"},\"author\":{\"name\":\"IAAviM\",\"@id\":\"\\\/#\\\/schema\\\/person\\\/affb351a86bbbb5cdff3011db06ccf85\"},\"headline\":\"Inscripci\u00f3n abierta\",\"datePublished\":\"2025-04-08T15:14:24+00:00\",\"dateModified\":\"2025-05-14T15:37:05+00:00\",\"mainEntityOfPage\":{\"@id\":\"https:\\\/\\\/www.iaavim.gob.ar\\\/?p=14762\"},\"wordCount\":298,\"publisher\":{\"@id\":\"\\\/#organization\"},\"image\":{\"@id\":\"https:\\\/\\\/www.iaavim.gob.ar\\\/?p=14762#primaryimage\"},\"thumbnailUrl\":\"https:\\\/\\\/www.iaavim.gob.ar\\\/wp-content\\\/uploads\\\/2025\\\/04\\\/Taller-Incubadora-web.png\",\"keywords\":[\"cortometrajes\",\"Mart\u00edn Servente\",\"proyectos\",\"Punio Cine\"],\"articleSection\":[\"Capacitaci\u00f3n\"],\"inLanguage\":\"es-AR\"},{\"@type\":\"WebPage\",\"@id\":\"https:\\\/\\\/www.iaavim.gob.ar\\\/?p=14762\",\"url\":\"https:\\\/\\\/www.iaavim.gob.ar\\\/?p=14762\",\"name\":\"Inscripci\u00f3n abierta -\",\"isPartOf\":{\"@id\":\"\\\/#website\"},\"primaryImageOfPage\":{\"@id\":\"https:\\\/\\\/www.iaavim.gob.ar\\\/?p=14762#primaryimage\"},\"image\":{\"@id\":\"https:\\\/\\\/www.iaavim.gob.ar\\\/?p=14762#primaryimage\"},\"thumbnailUrl\":\"https:\\\/\\\/www.iaavim.gob.ar\\\/wp-content\\\/uploads\\\/2025\\\/04\\\/Taller-Incubadora-web.png\",\"datePublished\":\"2025-04-08T15:14:24+00:00\",\"dateModified\":\"2025-05-14T15:37:05+00:00\",\"breadcrumb\":{\"@id\":\"https:\\\/\\\/www.iaavim.gob.ar\\\/?p=14762#breadcrumb\"},\"inLanguage\":\"es-AR\",\"potentialAction\":[{\"@type\":\"ReadAction\",\"target\":[\"https:\\\/\\\/www.iaavim.gob.ar\\\/?p=14762\"]}]},{\"@type\":\"ImageObject\",\"inLanguage\":\"es-AR\",\"@id\":\"https:\\\/\\\/www.iaavim.gob.ar\\\/?p=14762#primaryimage\",\"url\":\"https:\\\/\\\/www.iaavim.gob.ar\\\/wp-content\\\/uploads\\\/2025\\\/04\\\/Taller-Incubadora-web.png\",\"contentUrl\":\"https:\\\/\\\/www.iaavim.gob.ar\\\/wp-content\\\/uploads\\\/2025\\\/04\\\/Taller-Incubadora-web.png\",\"width\":1200,\"height\":675},{\"@type\":\"BreadcrumbList\",\"@id\":\"https:\\\/\\\/www.iaavim.gob.ar\\\/?p=14762#breadcrumb\",\"itemListElement\":[{\"@type\":\"ListItem\",\"position\":1,\"name\":\"Inicio\",\"item\":\"https:\\\/\\\/www.iaavim.gob.ar\\\/\"},{\"@type\":\"ListItem\",\"position\":2,\"name\":\"Inscripci\u00f3n abierta\"}]},{\"@type\":\"WebSite\",\"@id\":\"\\\/#website\",\"url\":\"\\\/\",\"name\":\"\",\"description\":\"Sitio oficial del IAAviM\",\"publisher\":{\"@id\":\"\\\/#organization\"},\"potentialAction\":[{\"@type\":\"SearchAction\",\"target\":{\"@type\":\"EntryPoint\",\"urlTemplate\":\"\\\/?s={search_term_string}\"},\"query-input\":{\"@type\":\"PropertyValueSpecification\",\"valueRequired\":true,\"valueName\":\"search_term_string\"}}],\"inLanguage\":\"es-AR\"},{\"@type\":\"Organization\",\"@id\":\"\\\/#organization\",\"name\":\"Instituto de Artes Audiovisuales de Misiones\",\"url\":\"\\\/\",\"logo\":{\"@type\":\"ImageObject\",\"inLanguage\":\"es-AR\",\"@id\":\"\\\/#\\\/schema\\\/logo\\\/image\\\/\",\"url\":\"https:\\\/\\\/iaavim.misiones.gob.ar\\\/wp-content\\\/uploads\\\/2021\\\/07\\\/logo-iaavim-preview.png.jpg\",\"contentUrl\":\"https:\\\/\\\/iaavim.misiones.gob.ar\\\/wp-content\\\/uploads\\\/2021\\\/07\\\/logo-iaavim-preview.png.jpg\",\"width\":1200,\"height\":675,\"caption\":\"Instituto de Artes Audiovisuales de Misiones\"},\"image\":{\"@id\":\"\\\/#\\\/schema\\\/logo\\\/image\\\/\"}},{\"@type\":\"Person\",\"@id\":\"\\\/#\\\/schema\\\/person\\\/affb351a86bbbb5cdff3011db06ccf85\",\"name\":\"IAAviM\",\"image\":{\"@type\":\"ImageObject\",\"inLanguage\":\"es-AR\",\"@id\":\"https:\\\/\\\/secure.gravatar.com\\\/avatar\\\/6a023e5ff426a571199af5d6ff7996bd89e8be946af83dc1c2624ad66151ed39?s=96&d=blank&r=g\",\"url\":\"https:\\\/\\\/secure.gravatar.com\\\/avatar\\\/6a023e5ff426a571199af5d6ff7996bd89e8be946af83dc1c2624ad66151ed39?s=96&d=blank&r=g\",\"contentUrl\":\"https:\\\/\\\/secure.gravatar.com\\\/avatar\\\/6a023e5ff426a571199af5d6ff7996bd89e8be946af83dc1c2624ad66151ed39?s=96&d=blank&r=g\",\"caption\":\"IAAviM\"},\"url\":\"https:\\\/\\\/www.iaavim.gob.ar\\\/?author=2\"}]}<\/script>\n<!-- \/ Yoast SEO plugin. -->","yoast_head_json":{"title":"Inscripci\u00f3n abierta -","robots":{"index":"index","follow":"follow","max-snippet":"max-snippet:-1","max-image-preview":"max-image-preview:large","max-video-preview":"max-video-preview:-1"},"canonical":"https:\/\/www.iaavim.gob.ar\/?p=14762","og_locale":"es_ES","og_type":"article","og_title":"Inscripci\u00f3n abierta -","og_description":"Taller &#8220;Incubadora de Proyectos&#8221;: acompa\u00f1amiento creativo para nuevos cortometrajes El Instituto de Artes Audiovisuales de Misiones (IAAviM), en conjunto con la productora PUNIO CINE, invita a estudiantes de carreras afines al audiovisual a participar del taller &#8220;Incubadora de Proyectos&#8221;, una propuesta formativa integral que busca impulsar el desarrollo de cortometrajes locales. Este taller ser\u00e1 dictado &hellip;","og_url":"https:\/\/www.iaavim.gob.ar\/?p=14762","article_published_time":"2025-04-08T15:14:24+00:00","article_modified_time":"2025-05-14T15:37:05+00:00","og_image":[{"width":1200,"height":675,"url":"https:\/\/www.iaavim.gob.ar\/wp-content\/uploads\/2025\/04\/Taller-Incubadora-web.png","type":"image\/png"}],"author":"IAAviM","twitter_card":"summary_large_image","twitter_misc":{"Escrito por":"IAAviM","Tiempo de lectura":"2 minutos"},"schema":{"@context":"https:\/\/schema.org","@graph":[{"@type":"Article","@id":"https:\/\/www.iaavim.gob.ar\/?p=14762#article","isPartOf":{"@id":"https:\/\/www.iaavim.gob.ar\/?p=14762"},"author":{"name":"IAAviM","@id":"\/#\/schema\/person\/affb351a86bbbb5cdff3011db06ccf85"},"headline":"Inscripci\u00f3n abierta","datePublished":"2025-04-08T15:14:24+00:00","dateModified":"2025-05-14T15:37:05+00:00","mainEntityOfPage":{"@id":"https:\/\/www.iaavim.gob.ar\/?p=14762"},"wordCount":298,"publisher":{"@id":"\/#organization"},"image":{"@id":"https:\/\/www.iaavim.gob.ar\/?p=14762#primaryimage"},"thumbnailUrl":"https:\/\/www.iaavim.gob.ar\/wp-content\/uploads\/2025\/04\/Taller-Incubadora-web.png","keywords":["cortometrajes","Mart\u00edn Servente","proyectos","Punio Cine"],"articleSection":["Capacitaci\u00f3n"],"inLanguage":"es-AR"},{"@type":"WebPage","@id":"https:\/\/www.iaavim.gob.ar\/?p=14762","url":"https:\/\/www.iaavim.gob.ar\/?p=14762","name":"Inscripci\u00f3n abierta -","isPartOf":{"@id":"\/#website"},"primaryImageOfPage":{"@id":"https:\/\/www.iaavim.gob.ar\/?p=14762#primaryimage"},"image":{"@id":"https:\/\/www.iaavim.gob.ar\/?p=14762#primaryimage"},"thumbnailUrl":"https:\/\/www.iaavim.gob.ar\/wp-content\/uploads\/2025\/04\/Taller-Incubadora-web.png","datePublished":"2025-04-08T15:14:24+00:00","dateModified":"2025-05-14T15:37:05+00:00","breadcrumb":{"@id":"https:\/\/www.iaavim.gob.ar\/?p=14762#breadcrumb"},"inLanguage":"es-AR","potentialAction":[{"@type":"ReadAction","target":["https:\/\/www.iaavim.gob.ar\/?p=14762"]}]},{"@type":"ImageObject","inLanguage":"es-AR","@id":"https:\/\/www.iaavim.gob.ar\/?p=14762#primaryimage","url":"https:\/\/www.iaavim.gob.ar\/wp-content\/uploads\/2025\/04\/Taller-Incubadora-web.png","contentUrl":"https:\/\/www.iaavim.gob.ar\/wp-content\/uploads\/2025\/04\/Taller-Incubadora-web.png","width":1200,"height":675},{"@type":"BreadcrumbList","@id":"https:\/\/www.iaavim.gob.ar\/?p=14762#breadcrumb","itemListElement":[{"@type":"ListItem","position":1,"name":"Inicio","item":"https:\/\/www.iaavim.gob.ar\/"},{"@type":"ListItem","position":2,"name":"Inscripci\u00f3n abierta"}]},{"@type":"WebSite","@id":"\/#website","url":"\/","name":"","description":"Sitio oficial del IAAviM","publisher":{"@id":"\/#organization"},"potentialAction":[{"@type":"SearchAction","target":{"@type":"EntryPoint","urlTemplate":"\/?s={search_term_string}"},"query-input":{"@type":"PropertyValueSpecification","valueRequired":true,"valueName":"search_term_string"}}],"inLanguage":"es-AR"},{"@type":"Organization","@id":"\/#organization","name":"Instituto de Artes Audiovisuales de Misiones","url":"\/","logo":{"@type":"ImageObject","inLanguage":"es-AR","@id":"\/#\/schema\/logo\/image\/","url":"https:\/\/iaavim.misiones.gob.ar\/wp-content\/uploads\/2021\/07\/logo-iaavim-preview.png.jpg","contentUrl":"https:\/\/iaavim.misiones.gob.ar\/wp-content\/uploads\/2021\/07\/logo-iaavim-preview.png.jpg","width":1200,"height":675,"caption":"Instituto de Artes Audiovisuales de Misiones"},"image":{"@id":"\/#\/schema\/logo\/image\/"}},{"@type":"Person","@id":"\/#\/schema\/person\/affb351a86bbbb5cdff3011db06ccf85","name":"IAAviM","image":{"@type":"ImageObject","inLanguage":"es-AR","@id":"https:\/\/secure.gravatar.com\/avatar\/6a023e5ff426a571199af5d6ff7996bd89e8be946af83dc1c2624ad66151ed39?s=96&d=blank&r=g","url":"https:\/\/secure.gravatar.com\/avatar\/6a023e5ff426a571199af5d6ff7996bd89e8be946af83dc1c2624ad66151ed39?s=96&d=blank&r=g","contentUrl":"https:\/\/secure.gravatar.com\/avatar\/6a023e5ff426a571199af5d6ff7996bd89e8be946af83dc1c2624ad66151ed39?s=96&d=blank&r=g","caption":"IAAviM"},"url":"https:\/\/www.iaavim.gob.ar\/?author=2"}]}},"amp_enabled":true,"_links":{"self":[{"href":"https:\/\/www.iaavim.gob.ar\/index.php?rest_route=\/wp\/v2\/posts\/14762","targetHints":{"allow":["GET"]}}],"collection":[{"href":"https:\/\/www.iaavim.gob.ar\/index.php?rest_route=\/wp\/v2\/posts"}],"about":[{"href":"https:\/\/www.iaavim.gob.ar\/index.php?rest_route=\/wp\/v2\/types\/post"}],"author":[{"embeddable":true,"href":"https:\/\/www.iaavim.gob.ar\/index.php?rest_route=\/wp\/v2\/users\/2"}],"replies":[{"embeddable":true,"href":"https:\/\/www.iaavim.gob.ar\/index.php?rest_route=%2Fwp%2Fv2%2Fcomments&post=14762"}],"version-history":[{"count":4,"href":"https:\/\/www.iaavim.gob.ar\/index.php?rest_route=\/wp\/v2\/posts\/14762\/revisions"}],"predecessor-version":[{"id":14771,"href":"https:\/\/www.iaavim.gob.ar\/index.php?rest_route=\/wp\/v2\/posts\/14762\/revisions\/14771"}],"wp:featuredmedia":[{"embeddable":true,"href":"https:\/\/www.iaavim.gob.ar\/index.php?rest_route=\/wp\/v2\/media\/14824"}],"wp:attachment":[{"href":"https:\/\/www.iaavim.gob.ar\/index.php?rest_route=%2Fwp%2Fv2%2Fmedia&parent=14762"}],"wp:term":[{"taxonomy":"category","embeddable":true,"href":"https:\/\/www.iaavim.gob.ar\/index.php?rest_route=%2Fwp%2Fv2%2Fcategories&post=14762"},{"taxonomy":"post_tag","embeddable":true,"href":"https:\/\/www.iaavim.gob.ar\/index.php?rest_route=%2Fwp%2Fv2%2Ftags&post=14762"}],"curies":[{"name":"wp","href":"https:\/\/api.w.org\/{rel}","templated":true}]}}