{"id":14711,"date":"2025-03-14T12:00:07","date_gmt":"2025-03-14T15:00:07","guid":{"rendered":"https:\/\/www.iaavim.gob.ar\/?p=14711"},"modified":"2025-04-11T11:39:39","modified_gmt":"2025-04-11T14:39:39","slug":"inscripcion-becas-iaavim-2do-trimestre-2025","status":"publish","type":"post","link":"https:\/\/www.iaavim.gob.ar\/?p=14711","title":{"rendered":"Inscripci\u00f3n Becas 2do trimestre 2025"},"content":{"rendered":"\n<p>En el marco del Programa de Formaci\u00f3n y Promoci\u00f3n Audiovisual, creado por la Resoluci\u00f3n N\u00b0 16\/24, el Instituto de Artes Audiovisuales de Misiones abre un nuevo llamado para quienes deseen postularse a las becas correspondientes al segundo trimestre del a\u00f1o 2025.<\/p>\n\n\n\n<p>La nueva convocatoria, aprobada en asamblea extraordinaria del Consejo Directivo del IAAviM, estar\u00e1 abierta del <strong>17 al 31 de marzo<\/strong> y, en esta oportunidad, las becas estar\u00e1n orientadas a la realizaci\u00f3n de un relevamiento fotogr\u00e1fico de locaciones de la provincia para su inclusi\u00f3n en el cat\u00e1logo disponible en la p\u00e1gina web de la Comisi\u00f3n de Filmaciones del IAAviM. Asimismo, busca fomentar el inter\u00e9s en las \u00e1reas y funciones relacionadas con la labor de un jefe de locaciones.<br><\/p>\n\n\n\n<p><\/p>\n\n\n\n<h4 class=\"wp-block-heading\"><strong>Requisitos para la Postulaci\u00f3n<\/strong><\/h4>\n\n\n\n<ul class=\"wp-block-list\">\n<li><strong>Destinatarios<\/strong>: Personas inscriptas, con al menos <strong>un a\u00f1o de antig\u00fcedad<\/strong>, en el <strong>Registro Provincial del Audiovisual (RePA)<\/strong>.<\/li>\n\n\n\n<li><strong>Condiciones<\/strong>:\n<ul class=\"wp-block-list\">\n<li>Datos actualizados en el RePA.<\/li>\n\n\n\n<li>No tener obligaciones pendientes con el IAAviM.<\/li>\n\n\n\n<li>Contar con una c\u00e1mara fotogr\u00e1fica y un tel\u00e9fono m\u00f3vil o anotador para registros.<\/li>\n<\/ul>\n<\/li>\n\n\n\n<li><strong>Perfil Requerido<\/strong>:\n<ul class=\"wp-block-list\">\n<li>Formaci\u00f3n en <strong>fotograf\u00eda<\/strong> o conocimientos avanzados en la materia.<\/li>\n\n\n\n<li>Proactividad en la b\u00fasqueda e identificaci\u00f3n de locaciones.<\/li>\n\n\n\n<li>Se valorar\u00e1 el inter\u00e9s en funciones de <strong>jefe de locaciones<\/strong>, aunque no es excluyente.<\/li>\n<\/ul>\n<\/li>\n<\/ul>\n\n\n\n<h4 class=\"wp-block-heading\"><strong>Objetivo de la Beca<\/strong><\/h4>\n\n\n\n<p>Las becas est\u00e1n destinadas a realizar un <strong>relevamiento fotogr\u00e1fico<\/strong> de locaciones en Misiones para su inclusi\u00f3n en el cat\u00e1logo de la Comisi\u00f3n de Filmaciones del IAAviM. Tambi\u00e9n busca generar inter\u00e9s en el trabajo de jefe de locaciones.<\/p>\n\n\n\n<h4 class=\"wp-block-heading\"><strong>Proceso de Inscripci\u00f3n<\/strong><\/h4>\n\n\n\n<ul class=\"wp-block-list\">\n<li><strong>Periodo<\/strong>: Desde el <strong>17 de marzo (00:00 hs.) hasta el 31 de marzo (12:00 hs.)<\/strong>.<\/li>\n\n\n\n<li><strong>Modo de inscripci\u00f3n<\/strong>: Completar el formulario disponible en <a href=\"https:\/\/docs.google.com\/forms\/d\/1tCSV7eKzJ5H7zbekytXDFx6UVM9sN4-ooA3wcTjy6u4\/viewform?edit_requested=true\">Convocatoria de Becas para el Programa de Formaci\u00f3n y Promoci\u00f3n Audiovisual &#8211; Primer Trimestre 2025<\/a><\/li>\n<\/ul>\n\n\n\n<h4 class=\"wp-block-heading\"><strong>Selecci\u00f3n y Beneficios<\/strong><\/h4>\n\n\n\n<ul class=\"wp-block-list\">\n<li><strong>Cantidad de Becas<\/strong>: 2.<\/li>\n\n\n\n<li><strong>Monto<\/strong>: <strong>$525.000<\/strong>, pagados en <strong>tres cuotas mensuales de $175.000<\/strong> (abril, mayo y junio).<\/li>\n\n\n\n<li><strong>Cobertura<\/strong>: Gastos de traslado y movilidad dentro del monto asignado.<\/li>\n\n\n\n<li><strong>Acompa\u00f1amiento<\/strong>: Asesoramiento sobre criterios de registro de im\u00e1genes.<\/li>\n\n\n\n<li><strong>Evaluaci\u00f3n<\/strong>: Un <strong>Comit\u00e9 de Selecci\u00f3n<\/strong> designar\u00e1 dos beneficiarios titulares y dos suplentes, garantizando <strong>paridad de g\u00e9nero<\/strong> y equidad territorial.<\/li>\n\n\n\n<li><strong>Compromisos<\/strong>:\n<ul class=\"wp-block-list\">\n<li>Firmar carta compromiso dentro de los 10 d\u00edas de la designaci\u00f3n.<\/li>\n\n\n\n<li>Presentar un informe final detallando los objetivos, proceso y resultados.<\/li>\n\n\n\n<li>Autorizar el uso de su imagen y voz para difusi\u00f3n institucional.<\/li>\n<\/ul>\n<\/li>\n<\/ul>\n\n\n\n<h4 class=\"wp-block-heading\"><strong>Prohibiciones<\/strong><\/h4>\n\n\n\n<p>No podr\u00e1n postularse quienes:<\/p>\n\n\n\n<ul class=\"wp-block-list\">\n<li>No hayan cumplido compromisos previos con el IAAviM.<\/li>\n\n\n\n<li>Tengan relaci\u00f3n laboral o hayan participado en la organizaci\u00f3n de la convocatoria.<\/li>\n<\/ul>\n\n\n\n<h4 class=\"wp-block-heading\"><strong>Disposiciones Finales<\/strong><\/h4>\n\n\n\n<ul class=\"wp-block-list\">\n<li>Las decisiones del Comit\u00e9 de Selecci\u00f3n ser\u00e1n inapelables.<\/li>\n\n\n\n<li>Cualquier aspecto no previsto ser\u00e1 resuelto por el IAAviM bajo principios de <strong>razonabilidad, eficacia y transparencia<\/strong>.<\/li>\n\n\n\n<li>La participaci\u00f3n implica la aceptaci\u00f3n de los t\u00e9rminos del programa.<\/li>\n<\/ul>\n\n\n\n<div style=\"height:55px\" aria-hidden=\"true\" class=\"wp-block-spacer\"><\/div>\n\n\n\n<p>Para mayor informaci\u00f3n leer la <a href=\"https:\/\/www.iaavim.gob.ar\/wp-content\/uploads\/2025\/03\/Resolucion005.pdf\">Resoluci\u00f3n N\u00b0 5\/25<\/a> en la cual se detallan las bases y condiciones en el Anexo I.<\/p>\n\n\n\n<div style=\"height:100px\" aria-hidden=\"true\" class=\"wp-block-spacer\"><\/div>\n\n\n\n<p><\/p>\n","protected":false},"excerpt":{"rendered":"<p>En el marco del Programa de Formaci\u00f3n y Promoci\u00f3n Audiovisual, creado por la Resoluci\u00f3n N\u00b0 16\/24, el Instituto de Artes Audiovisuales de Misiones abre un nuevo llamado para quienes deseen postularse a las becas correspondientes al segundo trimestre del a\u00f1o 2025. La nueva convocatoria, aprobada en asamblea extraordinaria del Consejo Directivo del IAAviM, estar\u00e1 abierta &hellip;<\/p>\n","protected":false},"author":2,"featured_media":14050,"comment_status":"closed","ping_status":"open","sticky":false,"template":"","format":"standard","meta":{"_acf_changed":false,"footnotes":""},"categories":[9],"tags":[715,1445,578,1444,851,73,406,108,397,1298],"class_list":["post-14711","post","type-post","status-publish","format-standard","has-post-thumbnail","hentry","category-convocatorias","tag-bases","tag-bases-y-condiciones","tag-becas","tag-becas-iaavim","tag-comision-de-filmaciones-misiones","tag-convocatoria","tag-fotografia","tag-iaavim","tag-portada2","tag-programa-de-formacion-y-promocion-audiovisual-del-iaavim"],"acf":[],"yoast_head":"<!-- This site is optimized with the Yoast SEO plugin v27.4 - https:\/\/yoast.com\/product\/yoast-seo-wordpress\/ -->\n<title>Inscripci\u00f3n Becas 2do trimestre 2025 -<\/title>\n<meta name=\"robots\" content=\"index, follow, max-snippet:-1, max-image-preview:large, max-video-preview:-1\" \/>\n<link rel=\"canonical\" href=\"https:\/\/www.iaavim.gob.ar\/?p=14711\" \/>\n<meta property=\"og:locale\" content=\"es_ES\" \/>\n<meta property=\"og:type\" content=\"article\" \/>\n<meta property=\"og:title\" content=\"Inscripci\u00f3n Becas 2do trimestre 2025 -\" \/>\n<meta property=\"og:description\" content=\"En el marco del Programa de Formaci\u00f3n y Promoci\u00f3n Audiovisual, creado por la Resoluci\u00f3n N\u00b0 16\/24, el Instituto de Artes Audiovisuales de Misiones abre un nuevo llamado para quienes deseen postularse a las becas correspondientes al segundo trimestre del a\u00f1o 2025. La nueva convocatoria, aprobada en asamblea extraordinaria del Consejo Directivo del IAAviM, estar\u00e1 abierta &hellip;\" \/>\n<meta property=\"og:url\" content=\"https:\/\/www.iaavim.gob.ar\/?p=14711\" \/>\n<meta property=\"article:published_time\" content=\"2025-03-14T15:00:07+00:00\" \/>\n<meta property=\"article:modified_time\" content=\"2025-04-11T14:39:39+00:00\" \/>\n<meta property=\"og:image\" content=\"https:\/\/www.iaavim.gob.ar\/wp-content\/uploads\/2024\/08\/Becasweb.png\" \/>\n\t<meta property=\"og:image:width\" content=\"1200\" \/>\n\t<meta property=\"og:image:height\" content=\"675\" \/>\n\t<meta property=\"og:image:type\" content=\"image\/png\" \/>\n<meta name=\"author\" content=\"IAAviM\" \/>\n<meta name=\"twitter:card\" content=\"summary_large_image\" \/>\n<meta name=\"twitter:label1\" content=\"Escrito por\" \/>\n\t<meta name=\"twitter:data1\" content=\"IAAviM\" \/>\n\t<meta name=\"twitter:label2\" content=\"Tiempo de lectura\" \/>\n\t<meta name=\"twitter:data2\" content=\"3 minutos\" \/>\n<script type=\"application\/ld+json\" class=\"yoast-schema-graph\">{\"@context\":\"https:\\\/\\\/schema.org\",\"@graph\":[{\"@type\":\"Article\",\"@id\":\"https:\\\/\\\/www.iaavim.gob.ar\\\/?p=14711#article\",\"isPartOf\":{\"@id\":\"https:\\\/\\\/www.iaavim.gob.ar\\\/?p=14711\"},\"author\":{\"name\":\"IAAviM\",\"@id\":\"\\\/#\\\/schema\\\/person\\\/affb351a86bbbb5cdff3011db06ccf85\"},\"headline\":\"Inscripci\u00f3n Becas 2do trimestre 2025\",\"datePublished\":\"2025-03-14T15:00:07+00:00\",\"dateModified\":\"2025-04-11T14:39:39+00:00\",\"mainEntityOfPage\":{\"@id\":\"https:\\\/\\\/www.iaavim.gob.ar\\\/?p=14711\"},\"wordCount\":497,\"publisher\":{\"@id\":\"\\\/#organization\"},\"image\":{\"@id\":\"https:\\\/\\\/www.iaavim.gob.ar\\\/?p=14711#primaryimage\"},\"thumbnailUrl\":\"https:\\\/\\\/www.iaavim.gob.ar\\\/wp-content\\\/uploads\\\/2024\\\/08\\\/Becasweb.png\",\"keywords\":[\"bases\",\"bases y condiciones\",\"becas\",\"Becas IAAviM\",\"Comisi\u00f3n de Filmaciones Misiones\",\"convocatoria\",\"Fotograf\u00eda\",\"IAAviM\",\"portada2\",\"Programa de Formaci\u00f3n y Promoci\u00f3n Audiovisual del IAAVIM\"],\"articleSection\":[\"Convocatorias\"],\"inLanguage\":\"es-AR\"},{\"@type\":\"WebPage\",\"@id\":\"https:\\\/\\\/www.iaavim.gob.ar\\\/?p=14711\",\"url\":\"https:\\\/\\\/www.iaavim.gob.ar\\\/?p=14711\",\"name\":\"Inscripci\u00f3n Becas 2do trimestre 2025 -\",\"isPartOf\":{\"@id\":\"\\\/#website\"},\"primaryImageOfPage\":{\"@id\":\"https:\\\/\\\/www.iaavim.gob.ar\\\/?p=14711#primaryimage\"},\"image\":{\"@id\":\"https:\\\/\\\/www.iaavim.gob.ar\\\/?p=14711#primaryimage\"},\"thumbnailUrl\":\"https:\\\/\\\/www.iaavim.gob.ar\\\/wp-content\\\/uploads\\\/2024\\\/08\\\/Becasweb.png\",\"datePublished\":\"2025-03-14T15:00:07+00:00\",\"dateModified\":\"2025-04-11T14:39:39+00:00\",\"breadcrumb\":{\"@id\":\"https:\\\/\\\/www.iaavim.gob.ar\\\/?p=14711#breadcrumb\"},\"inLanguage\":\"es-AR\",\"potentialAction\":[{\"@type\":\"ReadAction\",\"target\":[\"https:\\\/\\\/www.iaavim.gob.ar\\\/?p=14711\"]}]},{\"@type\":\"ImageObject\",\"inLanguage\":\"es-AR\",\"@id\":\"https:\\\/\\\/www.iaavim.gob.ar\\\/?p=14711#primaryimage\",\"url\":\"https:\\\/\\\/www.iaavim.gob.ar\\\/wp-content\\\/uploads\\\/2024\\\/08\\\/Becasweb.png\",\"contentUrl\":\"https:\\\/\\\/www.iaavim.gob.ar\\\/wp-content\\\/uploads\\\/2024\\\/08\\\/Becasweb.png\",\"width\":1200,\"height\":675},{\"@type\":\"BreadcrumbList\",\"@id\":\"https:\\\/\\\/www.iaavim.gob.ar\\\/?p=14711#breadcrumb\",\"itemListElement\":[{\"@type\":\"ListItem\",\"position\":1,\"name\":\"Inicio\",\"item\":\"https:\\\/\\\/www.iaavim.gob.ar\\\/\"},{\"@type\":\"ListItem\",\"position\":2,\"name\":\"Inscripci\u00f3n Becas 2do trimestre 2025\"}]},{\"@type\":\"WebSite\",\"@id\":\"\\\/#website\",\"url\":\"\\\/\",\"name\":\"\",\"description\":\"Sitio oficial del IAAviM\",\"publisher\":{\"@id\":\"\\\/#organization\"},\"potentialAction\":[{\"@type\":\"SearchAction\",\"target\":{\"@type\":\"EntryPoint\",\"urlTemplate\":\"\\\/?s={search_term_string}\"},\"query-input\":{\"@type\":\"PropertyValueSpecification\",\"valueRequired\":true,\"valueName\":\"search_term_string\"}}],\"inLanguage\":\"es-AR\"},{\"@type\":\"Organization\",\"@id\":\"\\\/#organization\",\"name\":\"Instituto de Artes Audiovisuales de Misiones\",\"url\":\"\\\/\",\"logo\":{\"@type\":\"ImageObject\",\"inLanguage\":\"es-AR\",\"@id\":\"\\\/#\\\/schema\\\/logo\\\/image\\\/\",\"url\":\"https:\\\/\\\/iaavim.misiones.gob.ar\\\/wp-content\\\/uploads\\\/2021\\\/07\\\/logo-iaavim-preview.png.jpg\",\"contentUrl\":\"https:\\\/\\\/iaavim.misiones.gob.ar\\\/wp-content\\\/uploads\\\/2021\\\/07\\\/logo-iaavim-preview.png.jpg\",\"width\":1200,\"height\":675,\"caption\":\"Instituto de Artes Audiovisuales de Misiones\"},\"image\":{\"@id\":\"\\\/#\\\/schema\\\/logo\\\/image\\\/\"}},{\"@type\":\"Person\",\"@id\":\"\\\/#\\\/schema\\\/person\\\/affb351a86bbbb5cdff3011db06ccf85\",\"name\":\"IAAviM\",\"image\":{\"@type\":\"ImageObject\",\"inLanguage\":\"es-AR\",\"@id\":\"https:\\\/\\\/secure.gravatar.com\\\/avatar\\\/6a023e5ff426a571199af5d6ff7996bd89e8be946af83dc1c2624ad66151ed39?s=96&d=blank&r=g\",\"url\":\"https:\\\/\\\/secure.gravatar.com\\\/avatar\\\/6a023e5ff426a571199af5d6ff7996bd89e8be946af83dc1c2624ad66151ed39?s=96&d=blank&r=g\",\"contentUrl\":\"https:\\\/\\\/secure.gravatar.com\\\/avatar\\\/6a023e5ff426a571199af5d6ff7996bd89e8be946af83dc1c2624ad66151ed39?s=96&d=blank&r=g\",\"caption\":\"IAAviM\"},\"url\":\"https:\\\/\\\/www.iaavim.gob.ar\\\/?author=2\"}]}<\/script>\n<!-- \/ Yoast SEO plugin. -->","yoast_head_json":{"title":"Inscripci\u00f3n Becas 2do trimestre 2025 -","robots":{"index":"index","follow":"follow","max-snippet":"max-snippet:-1","max-image-preview":"max-image-preview:large","max-video-preview":"max-video-preview:-1"},"canonical":"https:\/\/www.iaavim.gob.ar\/?p=14711","og_locale":"es_ES","og_type":"article","og_title":"Inscripci\u00f3n Becas 2do trimestre 2025 -","og_description":"En el marco del Programa de Formaci\u00f3n y Promoci\u00f3n Audiovisual, creado por la Resoluci\u00f3n N\u00b0 16\/24, el Instituto de Artes Audiovisuales de Misiones abre un nuevo llamado para quienes deseen postularse a las becas correspondientes al segundo trimestre del a\u00f1o 2025. La nueva convocatoria, aprobada en asamblea extraordinaria del Consejo Directivo del IAAviM, estar\u00e1 abierta &hellip;","og_url":"https:\/\/www.iaavim.gob.ar\/?p=14711","article_published_time":"2025-03-14T15:00:07+00:00","article_modified_time":"2025-04-11T14:39:39+00:00","og_image":[{"width":1200,"height":675,"url":"https:\/\/www.iaavim.gob.ar\/wp-content\/uploads\/2024\/08\/Becasweb.png","type":"image\/png"}],"author":"IAAviM","twitter_card":"summary_large_image","twitter_misc":{"Escrito por":"IAAviM","Tiempo de lectura":"3 minutos"},"schema":{"@context":"https:\/\/schema.org","@graph":[{"@type":"Article","@id":"https:\/\/www.iaavim.gob.ar\/?p=14711#article","isPartOf":{"@id":"https:\/\/www.iaavim.gob.ar\/?p=14711"},"author":{"name":"IAAviM","@id":"\/#\/schema\/person\/affb351a86bbbb5cdff3011db06ccf85"},"headline":"Inscripci\u00f3n Becas 2do trimestre 2025","datePublished":"2025-03-14T15:00:07+00:00","dateModified":"2025-04-11T14:39:39+00:00","mainEntityOfPage":{"@id":"https:\/\/www.iaavim.gob.ar\/?p=14711"},"wordCount":497,"publisher":{"@id":"\/#organization"},"image":{"@id":"https:\/\/www.iaavim.gob.ar\/?p=14711#primaryimage"},"thumbnailUrl":"https:\/\/www.iaavim.gob.ar\/wp-content\/uploads\/2024\/08\/Becasweb.png","keywords":["bases","bases y condiciones","becas","Becas IAAviM","Comisi\u00f3n de Filmaciones Misiones","convocatoria","Fotograf\u00eda","IAAviM","portada2","Programa de Formaci\u00f3n y Promoci\u00f3n Audiovisual del IAAVIM"],"articleSection":["Convocatorias"],"inLanguage":"es-AR"},{"@type":"WebPage","@id":"https:\/\/www.iaavim.gob.ar\/?p=14711","url":"https:\/\/www.iaavim.gob.ar\/?p=14711","name":"Inscripci\u00f3n Becas 2do trimestre 2025 -","isPartOf":{"@id":"\/#website"},"primaryImageOfPage":{"@id":"https:\/\/www.iaavim.gob.ar\/?p=14711#primaryimage"},"image":{"@id":"https:\/\/www.iaavim.gob.ar\/?p=14711#primaryimage"},"thumbnailUrl":"https:\/\/www.iaavim.gob.ar\/wp-content\/uploads\/2024\/08\/Becasweb.png","datePublished":"2025-03-14T15:00:07+00:00","dateModified":"2025-04-11T14:39:39+00:00","breadcrumb":{"@id":"https:\/\/www.iaavim.gob.ar\/?p=14711#breadcrumb"},"inLanguage":"es-AR","potentialAction":[{"@type":"ReadAction","target":["https:\/\/www.iaavim.gob.ar\/?p=14711"]}]},{"@type":"ImageObject","inLanguage":"es-AR","@id":"https:\/\/www.iaavim.gob.ar\/?p=14711#primaryimage","url":"https:\/\/www.iaavim.gob.ar\/wp-content\/uploads\/2024\/08\/Becasweb.png","contentUrl":"https:\/\/www.iaavim.gob.ar\/wp-content\/uploads\/2024\/08\/Becasweb.png","width":1200,"height":675},{"@type":"BreadcrumbList","@id":"https:\/\/www.iaavim.gob.ar\/?p=14711#breadcrumb","itemListElement":[{"@type":"ListItem","position":1,"name":"Inicio","item":"https:\/\/www.iaavim.gob.ar\/"},{"@type":"ListItem","position":2,"name":"Inscripci\u00f3n Becas 2do trimestre 2025"}]},{"@type":"WebSite","@id":"\/#website","url":"\/","name":"","description":"Sitio oficial del IAAviM","publisher":{"@id":"\/#organization"},"potentialAction":[{"@type":"SearchAction","target":{"@type":"EntryPoint","urlTemplate":"\/?s={search_term_string}"},"query-input":{"@type":"PropertyValueSpecification","valueRequired":true,"valueName":"search_term_string"}}],"inLanguage":"es-AR"},{"@type":"Organization","@id":"\/#organization","name":"Instituto de Artes Audiovisuales de Misiones","url":"\/","logo":{"@type":"ImageObject","inLanguage":"es-AR","@id":"\/#\/schema\/logo\/image\/","url":"https:\/\/iaavim.misiones.gob.ar\/wp-content\/uploads\/2021\/07\/logo-iaavim-preview.png.jpg","contentUrl":"https:\/\/iaavim.misiones.gob.ar\/wp-content\/uploads\/2021\/07\/logo-iaavim-preview.png.jpg","width":1200,"height":675,"caption":"Instituto de Artes Audiovisuales de Misiones"},"image":{"@id":"\/#\/schema\/logo\/image\/"}},{"@type":"Person","@id":"\/#\/schema\/person\/affb351a86bbbb5cdff3011db06ccf85","name":"IAAviM","image":{"@type":"ImageObject","inLanguage":"es-AR","@id":"https:\/\/secure.gravatar.com\/avatar\/6a023e5ff426a571199af5d6ff7996bd89e8be946af83dc1c2624ad66151ed39?s=96&d=blank&r=g","url":"https:\/\/secure.gravatar.com\/avatar\/6a023e5ff426a571199af5d6ff7996bd89e8be946af83dc1c2624ad66151ed39?s=96&d=blank&r=g","contentUrl":"https:\/\/secure.gravatar.com\/avatar\/6a023e5ff426a571199af5d6ff7996bd89e8be946af83dc1c2624ad66151ed39?s=96&d=blank&r=g","caption":"IAAviM"},"url":"https:\/\/www.iaavim.gob.ar\/?author=2"}]}},"amp_enabled":true,"_links":{"self":[{"href":"https:\/\/www.iaavim.gob.ar\/index.php?rest_route=\/wp\/v2\/posts\/14711","targetHints":{"allow":["GET"]}}],"collection":[{"href":"https:\/\/www.iaavim.gob.ar\/index.php?rest_route=\/wp\/v2\/posts"}],"about":[{"href":"https:\/\/www.iaavim.gob.ar\/index.php?rest_route=\/wp\/v2\/types\/post"}],"author":[{"embeddable":true,"href":"https:\/\/www.iaavim.gob.ar\/index.php?rest_route=\/wp\/v2\/users\/2"}],"replies":[{"embeddable":true,"href":"https:\/\/www.iaavim.gob.ar\/index.php?rest_route=%2Fwp%2Fv2%2Fcomments&post=14711"}],"version-history":[{"count":4,"href":"https:\/\/www.iaavim.gob.ar\/index.php?rest_route=\/wp\/v2\/posts\/14711\/revisions"}],"predecessor-version":[{"id":14726,"href":"https:\/\/www.iaavim.gob.ar\/index.php?rest_route=\/wp\/v2\/posts\/14711\/revisions\/14726"}],"wp:featuredmedia":[{"embeddable":true,"href":"https:\/\/www.iaavim.gob.ar\/index.php?rest_route=\/wp\/v2\/media\/14050"}],"wp:attachment":[{"href":"https:\/\/www.iaavim.gob.ar\/index.php?rest_route=%2Fwp%2Fv2%2Fmedia&parent=14711"}],"wp:term":[{"taxonomy":"category","embeddable":true,"href":"https:\/\/www.iaavim.gob.ar\/index.php?rest_route=%2Fwp%2Fv2%2Fcategories&post=14711"},{"taxonomy":"post_tag","embeddable":true,"href":"https:\/\/www.iaavim.gob.ar\/index.php?rest_route=%2Fwp%2Fv2%2Ftags&post=14711"}],"curies":[{"name":"wp","href":"https:\/\/api.w.org\/{rel}","templated":true}]}}