{"id":14706,"date":"2025-03-14T08:36:08","date_gmt":"2025-03-14T11:36:08","guid":{"rendered":"https:\/\/www.iaavim.gob.ar\/?p=14706"},"modified":"2025-03-18T13:19:36","modified_gmt":"2025-03-18T16:19:36","slug":"misiones-participo-activamente-de-la-asamblea-federal-del-incaa","status":"publish","type":"post","link":"https:\/\/www.iaavim.gob.ar\/?p=14706","title":{"rendered":"Misiones particip\u00f3 activamente de la Asamblea Federal del INCAA"},"content":{"rendered":"\n<p>El presidente del IAAVIM, Sergio Acosta, particip\u00f3 de la primera Asamblea Federal del INCAA acompa\u00f1ado por sus asesores, Mario Gim\u00e9nez, Gerente General, y Santiago Carabante, Gerente de Fomento; con la misi\u00f3n de representar y defender los intereses del sector cinematogr\u00e1fico y audiovisual de Misiones. <\/p>\n\n\n\n<p>A continuaci\u00f3n, compartimos una minuta de los temas abordados en la reuni\u00f3n.<\/p>\n\n\n\n<p>Sobre el estado de situaci\u00f3n del Consejo Asesor, se aprob\u00f3 por unanimidad la designaci\u00f3n de Carina Gavalda, representante por la Patagonia, para remitir al poder ejecutivo el proyecto de decreto que la nombra integrante del Consejo Asesor del INCAA para el periodo de 2025. Durante el 2024 se inici\u00f3 ese proceso pero no se complet\u00f3 debido a las demoras burocr\u00e1ticas.<\/p>\n\n\n\n<p>Con respecto a los Cine M\u00f3viles, las autoridades comentaron que se iniciaron los procesos de transferencia a las provincias y que el tr\u00e1mite es simple. Los veh\u00edculos y el equipamiento pasar\u00e1n a ser propiedad de las jurisdicciones y el INCAA seguir\u00e1 colaborando con la programaci\u00f3n. Alejandra Frontero, responsable del \u00e1rea del Instituto Nacional, se puso a disposici\u00f3n para guiar en el proceso. <\/p>\n\n\n\n<p>Con relaci\u00f3n a los Festivales Nacionales \/ Festival de Mar del Plata, las autoridades presentes explicaron que se van a destinar 600.000.000 de pesos para la financiaci\u00f3n de los principales festivales de cine del pa\u00eds, que tienen trayectoria, permanencia y relevancia en las regiones. Mientras que el Festival de Mar del Plata tendr\u00e1 un presupuesto de 200.000.000 de pesos.  <\/p>\n\n\n\n<p>Sobre las medidas de fomento para las provincias para el 2025 (presupuestos): de igual forma comunicaron que se van a destinar otros 600.000.000 de pesos para acompa\u00f1ar las iniciativas de fomento de las jurisdicciones. Hasta el 31 de marzo las provincias deber\u00e1n enviar sus presupuestos de ejecuci\u00f3n de fomento para que el INCAA analice y defina los montos seg\u00fan la inversi\u00f3n provincial. Para mediados de abril las autoridades del Instituto Nacional deber\u00e1n presentar a la Asamblea la propuesta de financiamiento. Sin embargo, lo que no queda claro a\u00fan son los criterios del INCAA para definir el apoyo a las provincias, los porcentajes y montos. Las autoridades aclararon que se podr\u00e1 establecer una vez que conozcan la inversi\u00f3n de las administraciones provinciales, siendo uno de los criterios a aplicar el impacto que tenga la inversi\u00f3n provincial en la pol\u00edtica audiovisual. <\/p>\n\n\n\n<p>Sobre el estado de tax rebate nacional, las autoridades del INCAA comentaron que se trata de un proyecto de ley en espejo que acompa\u00f1ar\u00e1 los Cash Rebate de las provincias. Su aplicaci\u00f3n ser\u00e1 a trav\u00e9s del Ministerio de Econom\u00eda con recursos del tesoro nacional (no con fondos INCAA). No hay avances significativos en el proyecto y consideran trabajarlo y elevarlo este a\u00f1o. <\/p>\n\n\n\n<p>Tambi\u00e9n se estableci\u00f3 el calendario de las siguientes reuniones del a\u00f1o de la Asamblea Federal: martes 6 de mayo, martes 1 de julio, martes 9 de septiembre, martes 4 de noviembre y martes 16 de diciembre. <\/p>\n\n\n\n<p>Sobre el estado de situaci\u00f3n econ\u00f3mica\/financiera del INCAA a la fecha, las autoridades del INCAA presentaron el balance de lo ejecutado en el primer bimestre del a\u00f1o. Misiones, que propuso el tema, plante\u00f3 la necesidad de conocer si el INCAA mantiene la deuda manifestada por las autoridades durante el 2024 y si los ingresos al Fondo de Fomento de este a\u00f1o permitir\u00e1n la liquidez necesaria para la ejecuci\u00f3n y pago de convocatorias, aportes a festivales y fomento provincial planteados por el INCAA. El presidente, Carlos Pirovano, afirm\u00f3 que habr\u00e1 liquidez y garantiz\u00f3 que no habr\u00e1 problemas con los pagos a las provincias, luego de firmar los convenios correspondientes. <\/p>\n\n\n\n<p>Misiones, por medio de su representante, propuso volver a debatir el sistema de preclasificaci\u00f3n de pel\u00edculas y la herramienta de microcr\u00e9ditos, considerando que sin preclasificaci\u00f3n es dif\u00edcil buscar financiamiento y fondos tanto nacionales como  internacionales. Adem\u00e1s, se plante\u00f3 que los microcr\u00e9ditos, como mecanismo que reemplaza la preclasificaci\u00f3n, no le sirve a los productores de las provincias. Sin embargo, como ning\u00fan otro representante opin\u00f3 al respecto, el tema no fue profundizado. De todos modos, Misiones sugiri\u00f3 trabajar en una propuesta con sugerencias para mejorar la herramienta y buscar una alternativa a la preclasificaci\u00f3n. <\/p>\n\n\n\n<p>Por \u00faltimo, la provincia de Misiones propuso trabajar y emitir una resoluci\u00f3n para ayudas de viajes al exterior para productores con pel\u00edculas en festivales y mercados que estaba vigente pero fue derogada por la nueva gesti\u00f3n del INCAA. Debido a que el IAAVIM cre\u00f3 el fondo de movilidad, considera oportuno y necesaria una herramienta similar en el plano nacional para sumar recursos. Desde nuestra provincia se propuso revisar la resoluci\u00f3n anterior y establecer nuevos par\u00e1metros para que los productores y\/o directores puedan viajar con sus filmes en b\u00fasqueda de financiamiento. Las provincias de Rio Negro, Salta y Buenos Aires adhirieron a la propuesta y se pusieron a disposici\u00f3n para desarrollarla en una mesa de trabajo y luego present\u00e1rsela a las autoridades del INCAA. <\/p>\n\n\n\n<p>Nuevamente, Misiones tuvo una participaci\u00f3n activa en la Asamblea Federal con una actitud propositiva para lograr articular con el INCAA y las dem\u00e1s provincias, con el objetivo de alcanzar consensos que se traduzcan en resultados palpables para la industria del cine y el sector audiovisual. <\/p>\n\n\n\n<div data-wp-interactive=\"core\/file\" class=\"wp-block-file aligncenter\"><object data-wp-bind--hidden=\"!state.hasPdfPreview\" hidden class=\"wp-block-file__embed\" data=\"https:\/\/www.iaavim.gob.ar\/wp-content\/uploads\/2025\/03\/Acta-Asamblea-Federal-del-INCAA-marzo-2025-1.pdf\" type=\"application\/pdf\" style=\"width:100%;height:220px\" aria-label=\"Incrustado de &lt;strong&gt;Acta - Asamblea Federal del INCAA - marzo 2025&lt;\/strong&gt;.\"><\/object><a id=\"wp-block-file--media-a61c707b-dd0a-4839-a0a7-a5d852b6640f\" href=\"https:\/\/www.iaavim.gob.ar\/wp-content\/uploads\/2025\/03\/Acta-Asamblea-Federal-del-INCAA-marzo-2025-1.pdf\"><strong>Acta &#8211; Asamblea Federal del INCAA &#8211; marzo 2025<\/strong><\/a><a href=\"https:\/\/www.iaavim.gob.ar\/wp-content\/uploads\/2025\/03\/Acta-Asamblea-Federal-del-INCAA-marzo-2025-1.pdf\" class=\"wp-block-file__button wp-element-button\" download aria-describedby=\"wp-block-file--media-a61c707b-dd0a-4839-a0a7-a5d852b6640f\">Descarga<\/a><\/div>\n\n\n\n<p><\/p>\n","protected":false},"excerpt":{"rendered":"<p>El presidente del IAAVIM, Sergio Acosta, particip\u00f3 de la primera Asamblea Federal del INCAA acompa\u00f1ado por sus asesores, Mario Gim\u00e9nez, Gerente General, y Santiago Carabante, Gerente de Fomento; con la misi\u00f3n de representar y defender los intereses del sector cinematogr\u00e1fico y audiovisual de Misiones. A continuaci\u00f3n, compartimos una minuta de los temas abordados en la &hellip;<\/p>\n","protected":false},"author":2,"featured_media":14707,"comment_status":"closed","ping_status":"open","sticky":false,"template":"","format":"standard","meta":{"_acf_changed":false,"footnotes":""},"categories":[39],"tags":[469,110],"class_list":["post-14706","post","type-post","status-publish","format-standard","has-post-thumbnail","hentry","category-noticias-del-iaavim","tag-asamblea-federal-del-incaa","tag-incaa"],"acf":[],"yoast_head":"<!-- This site is optimized with the Yoast SEO plugin v27.4 - https:\/\/yoast.com\/product\/yoast-seo-wordpress\/ -->\n<title>Misiones particip\u00f3 activamente de la Asamblea Federal del INCAA -<\/title>\n<meta name=\"robots\" content=\"index, follow, max-snippet:-1, max-image-preview:large, max-video-preview:-1\" \/>\n<link rel=\"canonical\" href=\"https:\/\/www.iaavim.gob.ar\/?p=14706\" \/>\n<meta property=\"og:locale\" content=\"es_ES\" \/>\n<meta property=\"og:type\" content=\"article\" \/>\n<meta property=\"og:title\" content=\"Misiones particip\u00f3 activamente de la Asamblea Federal del INCAA -\" \/>\n<meta property=\"og:description\" content=\"El presidente del IAAVIM, Sergio Acosta, particip\u00f3 de la primera Asamblea Federal del INCAA acompa\u00f1ado por sus asesores, Mario Gim\u00e9nez, Gerente General, y Santiago Carabante, Gerente de Fomento; con la misi\u00f3n de representar y defender los intereses del sector cinematogr\u00e1fico y audiovisual de Misiones. A continuaci\u00f3n, compartimos una minuta de los temas abordados en la &hellip;\" \/>\n<meta property=\"og:url\" content=\"https:\/\/www.iaavim.gob.ar\/?p=14706\" \/>\n<meta property=\"article:published_time\" content=\"2025-03-14T11:36:08+00:00\" \/>\n<meta property=\"article:modified_time\" content=\"2025-03-18T16:19:36+00:00\" \/>\n<meta property=\"og:image\" content=\"https:\/\/www.iaavim.gob.ar\/wp-content\/uploads\/2025\/03\/Portada-web-1200x480_20250314_082255_0001.png\" \/>\n\t<meta property=\"og:image:width\" content=\"1200\" \/>\n\t<meta property=\"og:image:height\" content=\"480\" \/>\n\t<meta property=\"og:image:type\" content=\"image\/png\" \/>\n<meta name=\"author\" content=\"IAAviM\" \/>\n<meta name=\"twitter:card\" content=\"summary_large_image\" \/>\n<meta name=\"twitter:label1\" content=\"Escrito por\" \/>\n\t<meta name=\"twitter:data1\" content=\"IAAviM\" \/>\n\t<meta name=\"twitter:label2\" content=\"Tiempo de lectura\" \/>\n\t<meta name=\"twitter:data2\" content=\"5 minutos\" \/>\n<script type=\"application\/ld+json\" class=\"yoast-schema-graph\">{\"@context\":\"https:\\\/\\\/schema.org\",\"@graph\":[{\"@type\":\"Article\",\"@id\":\"https:\\\/\\\/www.iaavim.gob.ar\\\/?p=14706#article\",\"isPartOf\":{\"@id\":\"https:\\\/\\\/www.iaavim.gob.ar\\\/?p=14706\"},\"author\":{\"name\":\"IAAviM\",\"@id\":\"\\\/#\\\/schema\\\/person\\\/affb351a86bbbb5cdff3011db06ccf85\"},\"headline\":\"Misiones particip\u00f3 activamente de la Asamblea Federal del INCAA\",\"datePublished\":\"2025-03-14T11:36:08+00:00\",\"dateModified\":\"2025-03-18T16:19:36+00:00\",\"mainEntityOfPage\":{\"@id\":\"https:\\\/\\\/www.iaavim.gob.ar\\\/?p=14706\"},\"wordCount\":909,\"publisher\":{\"@id\":\"\\\/#organization\"},\"image\":{\"@id\":\"https:\\\/\\\/www.iaavim.gob.ar\\\/?p=14706#primaryimage\"},\"thumbnailUrl\":\"https:\\\/\\\/www.iaavim.gob.ar\\\/wp-content\\\/uploads\\\/2025\\\/03\\\/Portada-web-1200x480_20250314_082255_0001.png\",\"keywords\":[\"Asamblea Federal del INCAA\",\"incaa\"],\"articleSection\":[\"Noticias del IAAviM\"],\"inLanguage\":\"es-AR\"},{\"@type\":\"WebPage\",\"@id\":\"https:\\\/\\\/www.iaavim.gob.ar\\\/?p=14706\",\"url\":\"https:\\\/\\\/www.iaavim.gob.ar\\\/?p=14706\",\"name\":\"Misiones particip\u00f3 activamente de la Asamblea Federal del INCAA -\",\"isPartOf\":{\"@id\":\"\\\/#website\"},\"primaryImageOfPage\":{\"@id\":\"https:\\\/\\\/www.iaavim.gob.ar\\\/?p=14706#primaryimage\"},\"image\":{\"@id\":\"https:\\\/\\\/www.iaavim.gob.ar\\\/?p=14706#primaryimage\"},\"thumbnailUrl\":\"https:\\\/\\\/www.iaavim.gob.ar\\\/wp-content\\\/uploads\\\/2025\\\/03\\\/Portada-web-1200x480_20250314_082255_0001.png\",\"datePublished\":\"2025-03-14T11:36:08+00:00\",\"dateModified\":\"2025-03-18T16:19:36+00:00\",\"breadcrumb\":{\"@id\":\"https:\\\/\\\/www.iaavim.gob.ar\\\/?p=14706#breadcrumb\"},\"inLanguage\":\"es-AR\",\"potentialAction\":[{\"@type\":\"ReadAction\",\"target\":[\"https:\\\/\\\/www.iaavim.gob.ar\\\/?p=14706\"]}]},{\"@type\":\"ImageObject\",\"inLanguage\":\"es-AR\",\"@id\":\"https:\\\/\\\/www.iaavim.gob.ar\\\/?p=14706#primaryimage\",\"url\":\"https:\\\/\\\/www.iaavim.gob.ar\\\/wp-content\\\/uploads\\\/2025\\\/03\\\/Portada-web-1200x480_20250314_082255_0001.png\",\"contentUrl\":\"https:\\\/\\\/www.iaavim.gob.ar\\\/wp-content\\\/uploads\\\/2025\\\/03\\\/Portada-web-1200x480_20250314_082255_0001.png\",\"width\":1200,\"height\":480},{\"@type\":\"BreadcrumbList\",\"@id\":\"https:\\\/\\\/www.iaavim.gob.ar\\\/?p=14706#breadcrumb\",\"itemListElement\":[{\"@type\":\"ListItem\",\"position\":1,\"name\":\"Inicio\",\"item\":\"https:\\\/\\\/www.iaavim.gob.ar\\\/\"},{\"@type\":\"ListItem\",\"position\":2,\"name\":\"Misiones particip\u00f3 activamente de la Asamblea Federal del INCAA\"}]},{\"@type\":\"WebSite\",\"@id\":\"\\\/#website\",\"url\":\"\\\/\",\"name\":\"\",\"description\":\"Sitio oficial del IAAviM\",\"publisher\":{\"@id\":\"\\\/#organization\"},\"potentialAction\":[{\"@type\":\"SearchAction\",\"target\":{\"@type\":\"EntryPoint\",\"urlTemplate\":\"\\\/?s={search_term_string}\"},\"query-input\":{\"@type\":\"PropertyValueSpecification\",\"valueRequired\":true,\"valueName\":\"search_term_string\"}}],\"inLanguage\":\"es-AR\"},{\"@type\":\"Organization\",\"@id\":\"\\\/#organization\",\"name\":\"Instituto de Artes Audiovisuales de Misiones\",\"url\":\"\\\/\",\"logo\":{\"@type\":\"ImageObject\",\"inLanguage\":\"es-AR\",\"@id\":\"\\\/#\\\/schema\\\/logo\\\/image\\\/\",\"url\":\"https:\\\/\\\/iaavim.misiones.gob.ar\\\/wp-content\\\/uploads\\\/2021\\\/07\\\/logo-iaavim-preview.png.jpg\",\"contentUrl\":\"https:\\\/\\\/iaavim.misiones.gob.ar\\\/wp-content\\\/uploads\\\/2021\\\/07\\\/logo-iaavim-preview.png.jpg\",\"width\":1200,\"height\":675,\"caption\":\"Instituto de Artes Audiovisuales de Misiones\"},\"image\":{\"@id\":\"\\\/#\\\/schema\\\/logo\\\/image\\\/\"}},{\"@type\":\"Person\",\"@id\":\"\\\/#\\\/schema\\\/person\\\/affb351a86bbbb5cdff3011db06ccf85\",\"name\":\"IAAviM\",\"image\":{\"@type\":\"ImageObject\",\"inLanguage\":\"es-AR\",\"@id\":\"https:\\\/\\\/secure.gravatar.com\\\/avatar\\\/6a023e5ff426a571199af5d6ff7996bd89e8be946af83dc1c2624ad66151ed39?s=96&d=blank&r=g\",\"url\":\"https:\\\/\\\/secure.gravatar.com\\\/avatar\\\/6a023e5ff426a571199af5d6ff7996bd89e8be946af83dc1c2624ad66151ed39?s=96&d=blank&r=g\",\"contentUrl\":\"https:\\\/\\\/secure.gravatar.com\\\/avatar\\\/6a023e5ff426a571199af5d6ff7996bd89e8be946af83dc1c2624ad66151ed39?s=96&d=blank&r=g\",\"caption\":\"IAAviM\"},\"url\":\"https:\\\/\\\/www.iaavim.gob.ar\\\/?author=2\"}]}<\/script>\n<!-- \/ Yoast SEO plugin. -->","yoast_head_json":{"title":"Misiones particip\u00f3 activamente de la Asamblea Federal del INCAA -","robots":{"index":"index","follow":"follow","max-snippet":"max-snippet:-1","max-image-preview":"max-image-preview:large","max-video-preview":"max-video-preview:-1"},"canonical":"https:\/\/www.iaavim.gob.ar\/?p=14706","og_locale":"es_ES","og_type":"article","og_title":"Misiones particip\u00f3 activamente de la Asamblea Federal del INCAA -","og_description":"El presidente del IAAVIM, Sergio Acosta, particip\u00f3 de la primera Asamblea Federal del INCAA acompa\u00f1ado por sus asesores, Mario Gim\u00e9nez, Gerente General, y Santiago Carabante, Gerente de Fomento; con la misi\u00f3n de representar y defender los intereses del sector cinematogr\u00e1fico y audiovisual de Misiones. A continuaci\u00f3n, compartimos una minuta de los temas abordados en la &hellip;","og_url":"https:\/\/www.iaavim.gob.ar\/?p=14706","article_published_time":"2025-03-14T11:36:08+00:00","article_modified_time":"2025-03-18T16:19:36+00:00","og_image":[{"width":1200,"height":480,"url":"https:\/\/www.iaavim.gob.ar\/wp-content\/uploads\/2025\/03\/Portada-web-1200x480_20250314_082255_0001.png","type":"image\/png"}],"author":"IAAviM","twitter_card":"summary_large_image","twitter_misc":{"Escrito por":"IAAviM","Tiempo de lectura":"5 minutos"},"schema":{"@context":"https:\/\/schema.org","@graph":[{"@type":"Article","@id":"https:\/\/www.iaavim.gob.ar\/?p=14706#article","isPartOf":{"@id":"https:\/\/www.iaavim.gob.ar\/?p=14706"},"author":{"name":"IAAviM","@id":"\/#\/schema\/person\/affb351a86bbbb5cdff3011db06ccf85"},"headline":"Misiones particip\u00f3 activamente de la Asamblea Federal del INCAA","datePublished":"2025-03-14T11:36:08+00:00","dateModified":"2025-03-18T16:19:36+00:00","mainEntityOfPage":{"@id":"https:\/\/www.iaavim.gob.ar\/?p=14706"},"wordCount":909,"publisher":{"@id":"\/#organization"},"image":{"@id":"https:\/\/www.iaavim.gob.ar\/?p=14706#primaryimage"},"thumbnailUrl":"https:\/\/www.iaavim.gob.ar\/wp-content\/uploads\/2025\/03\/Portada-web-1200x480_20250314_082255_0001.png","keywords":["Asamblea Federal del INCAA","incaa"],"articleSection":["Noticias del IAAviM"],"inLanguage":"es-AR"},{"@type":"WebPage","@id":"https:\/\/www.iaavim.gob.ar\/?p=14706","url":"https:\/\/www.iaavim.gob.ar\/?p=14706","name":"Misiones particip\u00f3 activamente de la Asamblea Federal del INCAA -","isPartOf":{"@id":"\/#website"},"primaryImageOfPage":{"@id":"https:\/\/www.iaavim.gob.ar\/?p=14706#primaryimage"},"image":{"@id":"https:\/\/www.iaavim.gob.ar\/?p=14706#primaryimage"},"thumbnailUrl":"https:\/\/www.iaavim.gob.ar\/wp-content\/uploads\/2025\/03\/Portada-web-1200x480_20250314_082255_0001.png","datePublished":"2025-03-14T11:36:08+00:00","dateModified":"2025-03-18T16:19:36+00:00","breadcrumb":{"@id":"https:\/\/www.iaavim.gob.ar\/?p=14706#breadcrumb"},"inLanguage":"es-AR","potentialAction":[{"@type":"ReadAction","target":["https:\/\/www.iaavim.gob.ar\/?p=14706"]}]},{"@type":"ImageObject","inLanguage":"es-AR","@id":"https:\/\/www.iaavim.gob.ar\/?p=14706#primaryimage","url":"https:\/\/www.iaavim.gob.ar\/wp-content\/uploads\/2025\/03\/Portada-web-1200x480_20250314_082255_0001.png","contentUrl":"https:\/\/www.iaavim.gob.ar\/wp-content\/uploads\/2025\/03\/Portada-web-1200x480_20250314_082255_0001.png","width":1200,"height":480},{"@type":"BreadcrumbList","@id":"https:\/\/www.iaavim.gob.ar\/?p=14706#breadcrumb","itemListElement":[{"@type":"ListItem","position":1,"name":"Inicio","item":"https:\/\/www.iaavim.gob.ar\/"},{"@type":"ListItem","position":2,"name":"Misiones particip\u00f3 activamente de la Asamblea Federal del INCAA"}]},{"@type":"WebSite","@id":"\/#website","url":"\/","name":"","description":"Sitio oficial del IAAviM","publisher":{"@id":"\/#organization"},"potentialAction":[{"@type":"SearchAction","target":{"@type":"EntryPoint","urlTemplate":"\/?s={search_term_string}"},"query-input":{"@type":"PropertyValueSpecification","valueRequired":true,"valueName":"search_term_string"}}],"inLanguage":"es-AR"},{"@type":"Organization","@id":"\/#organization","name":"Instituto de Artes Audiovisuales de Misiones","url":"\/","logo":{"@type":"ImageObject","inLanguage":"es-AR","@id":"\/#\/schema\/logo\/image\/","url":"https:\/\/iaavim.misiones.gob.ar\/wp-content\/uploads\/2021\/07\/logo-iaavim-preview.png.jpg","contentUrl":"https:\/\/iaavim.misiones.gob.ar\/wp-content\/uploads\/2021\/07\/logo-iaavim-preview.png.jpg","width":1200,"height":675,"caption":"Instituto de Artes Audiovisuales de Misiones"},"image":{"@id":"\/#\/schema\/logo\/image\/"}},{"@type":"Person","@id":"\/#\/schema\/person\/affb351a86bbbb5cdff3011db06ccf85","name":"IAAviM","image":{"@type":"ImageObject","inLanguage":"es-AR","@id":"https:\/\/secure.gravatar.com\/avatar\/6a023e5ff426a571199af5d6ff7996bd89e8be946af83dc1c2624ad66151ed39?s=96&d=blank&r=g","url":"https:\/\/secure.gravatar.com\/avatar\/6a023e5ff426a571199af5d6ff7996bd89e8be946af83dc1c2624ad66151ed39?s=96&d=blank&r=g","contentUrl":"https:\/\/secure.gravatar.com\/avatar\/6a023e5ff426a571199af5d6ff7996bd89e8be946af83dc1c2624ad66151ed39?s=96&d=blank&r=g","caption":"IAAviM"},"url":"https:\/\/www.iaavim.gob.ar\/?author=2"}]}},"amp_enabled":true,"_links":{"self":[{"href":"https:\/\/www.iaavim.gob.ar\/index.php?rest_route=\/wp\/v2\/posts\/14706","targetHints":{"allow":["GET"]}}],"collection":[{"href":"https:\/\/www.iaavim.gob.ar\/index.php?rest_route=\/wp\/v2\/posts"}],"about":[{"href":"https:\/\/www.iaavim.gob.ar\/index.php?rest_route=\/wp\/v2\/types\/post"}],"author":[{"embeddable":true,"href":"https:\/\/www.iaavim.gob.ar\/index.php?rest_route=\/wp\/v2\/users\/2"}],"replies":[{"embeddable":true,"href":"https:\/\/www.iaavim.gob.ar\/index.php?rest_route=%2Fwp%2Fv2%2Fcomments&post=14706"}],"version-history":[{"count":4,"href":"https:\/\/www.iaavim.gob.ar\/index.php?rest_route=\/wp\/v2\/posts\/14706\/revisions"}],"predecessor-version":[{"id":14732,"href":"https:\/\/www.iaavim.gob.ar\/index.php?rest_route=\/wp\/v2\/posts\/14706\/revisions\/14732"}],"wp:featuredmedia":[{"embeddable":true,"href":"https:\/\/www.iaavim.gob.ar\/index.php?rest_route=\/wp\/v2\/media\/14707"}],"wp:attachment":[{"href":"https:\/\/www.iaavim.gob.ar\/index.php?rest_route=%2Fwp%2Fv2%2Fmedia&parent=14706"}],"wp:term":[{"taxonomy":"category","embeddable":true,"href":"https:\/\/www.iaavim.gob.ar\/index.php?rest_route=%2Fwp%2Fv2%2Fcategories&post=14706"},{"taxonomy":"post_tag","embeddable":true,"href":"https:\/\/www.iaavim.gob.ar\/index.php?rest_route=%2Fwp%2Fv2%2Ftags&post=14706"}],"curies":[{"name":"wp","href":"https:\/\/api.w.org\/{rel}","templated":true}]}}