{"id":14619,"date":"2025-01-16T11:46:07","date_gmt":"2025-01-16T14:46:07","guid":{"rendered":"https:\/\/www.iaavim.gob.ar\/?p=14619"},"modified":"2025-01-16T11:48:28","modified_gmt":"2025-01-16T14:48:28","slug":"becas-iaavim-balance-positivo-y-nuevos-seleccionados-2025","status":"publish","type":"post","link":"https:\/\/www.iaavim.gob.ar\/?p=14619","title":{"rendered":"Becas IAAviM: balance positivo y nuevos seleccionados 2025"},"content":{"rendered":"\n<p>El Instituto de Artes Audiovisuales de Misiones (IAAviM) dio a conocer a los dos nuevos beneficiarios de las Becas IAAviM para el primer trimestre de 2025. Se trata de Walter Monz\u00f3n, del Distrito Audiovisual Sur, quien llevar\u00e1 adelante un taller pr\u00e1ctico de cine para las infancias, y Mart\u00edn Servente, del mismo distrito, qui\u00e9n ofrecer\u00e1 una capacitaci\u00f3n especializada en el software DaVinci Resolve centrada en la colorimetr\u00eda y efectos visuales. Estos seleccionados se suman a los anteriores becados del 2024, quienes, a trav\u00e9s del Programa de Formaci\u00f3n y Promoci\u00f3n Audiovisual, contribuyeron al fortalecimiento del sector audiovisual de la provincia, impulsando tanto su desarrollo personal como el de la comunidad.<\/p>\n\n\n\n<p>Este programa, aprobado por el Consejo Directivo del IAAviM, tiene como principal objetivo acompa\u00f1ar y promover el crecimiento de los profesionales del audiovisual misionero, apoyando su formaci\u00f3n y facilitando el acceso a recursos para desarrollar proyectos. En 2024, las becas se distribuyeron en tres l\u00edneas clave:&nbsp;<strong>Formaci\u00f3n espec\u00edfica<\/strong>,&nbsp;<strong>Capacitaciones y actividades para la comunidad<\/strong>, y&nbsp;<strong>Pr\u00e1cticas formativas en \u00e1reas t\u00e9cnicas del IAAviM<\/strong>. Se otorgaron en total seis becas, beneficiando a creadores y t\u00e9cnicos de los cuatro distritos audiovisuales de Misiones, quienes se comprometieron no solo con su formaci\u00f3n, sino con la devoluci\u00f3n a la comunidad a trav\u00e9s de actividades abiertas y accesibles.<\/p>\n\n\n\n<p><strong>Experiencias y aportes de los becados de 2024<\/strong><\/p>\n\n\n\n<p>Uno de los principales logros de las becas 2024 fue la interacci\u00f3n directa de los becados con diversas comunidades y p\u00fablicos, lo que permiti\u00f3 la democratizaci\u00f3n del acceso a la formaci\u00f3n y el conocimiento audiovisual. Entre los seleccionados estuvo Marcela Guill\u00f3n, del Distrito Sur, quien recibi\u00f3 una beca en la l\u00ednea de Formaci\u00f3n Espec\u00edfica y realiz\u00f3 el curso &#8220;Ocho Miradas de la Producci\u00f3n&#8221;. Este curso le permiti\u00f3 profundizar en los desaf\u00edos relacionados con la producci\u00f3n audiovisual para el cine, la TV y los nuevos medios de difusi\u00f3n. \u201cLa beca la utilic\u00e9 para tomar un curso de especializaci\u00f3n en Producci\u00f3n, en el cual pude tomar clases y escuchar experiencias de ocho productores destacados de la industria audiovisual nacional. Fue importante para m\u00ed formaci\u00f3n porque actualic\u00e9 mis conocimientos y aprend\u00ed de primera mano c\u00f3mo afrontar las dificultades que puedan surgir al hacer cine en la actualidad. Gracias a \u00e9sto, tambi\u00e9n pude compartir mis conocimientos en una capacitaci\u00f3n sobre armado de proyectos y creaci\u00f3n de presupuesto, destinado a quienes deseen presentarse a convocatorias futuras\u201d. Esta contraprestaci\u00f3n que forma parte del programa de becas del IAAviM estuvo dirigida a 20 personas integrantes de la regi\u00f3n Paran\u00e1.<\/p>\n\n\n\n<p>Nabila Zampaca, tambi\u00e9n del Distrito Sur, se centr\u00f3 en la animaci\u00f3n al tomar el curso del SATSAID \u201cAnimaci\u00f3n de Gr\u00e1ficos 1\u00ba (MG1)\u201d. Al obtener la beca, expres\u00f3 su compromiso de contribuir en el desarrollo de nuevas voces y perspectivas en la animaci\u00f3n local.<\/p>\n\n\n\n<p>Camila Acosta, del Distrito Uruguay, fue una de las beneficiarias de la l\u00ednea de Pr\u00e1cticas Formativas, por lo que trabaj\u00f3 entre abril y junio en un relevamiento de proyectos audiovisuales en desarrollo bajo la coordinaci\u00f3n de la Gerencia de Fomento del IAAviM y el \u00e1rea de Registro Provincial del Audiovisual. \u201cEsta actividad me puso en contacto con compa\u00f1eros y compa\u00f1eras del sector y me permiti\u00f3 conocer en qu\u00e9 etapa se encuentra cada proyecto, obteniendo as\u00ed una visi\u00f3n m\u00e1s amplia de lo que se est\u00e1 produciendo en nuestra provincia\u201d, manifest\u00f3 Acosta sobre la experiencia de trabajo con \u00e1reas del Instituto.<\/p>\n\n\n\n<p>En la l\u00ednea de \u201cCapacitaciones y actividades para la comunidad\u201d, se destacaron proyectos como el de Alejandro Rouel, quien organiz\u00f3 el \u201cCineclub Inquieto Eldorado\u201d, un espacio cultural que ofreci\u00f3 funciones de cine y formaci\u00f3n de p\u00fablico en la comunidad eldoradense. Rouel organiz\u00f3 nueve ciclos de cine, abriendo un espacio en la Sala Mbop\u00ed para el fomento y la promoci\u00f3n de cine nacional, regional e internacional.&nbsp;<\/p>\n\n\n\n<p><\/p>\n\n\n\n<figure class=\"wp-block-gallery has-nested-images columns-default is-cropped wp-block-gallery-1 is-layout-flex wp-block-gallery-is-layout-flex\">\n<figure class=\"wp-block-image size-large\"><a href=\"https:\/\/www.iaavim.gob.ar\/wp-content\/uploads\/2025\/01\/Cineclub-Inquieto-Eldorado-2.jpg\"><img loading=\"lazy\" decoding=\"async\" width=\"1024\" height=\"547\" data-id=\"14621\" src=\"https:\/\/www.iaavim.gob.ar\/wp-content\/uploads\/2025\/01\/Cineclub-Inquieto-Eldorado-2-1024x547.jpg\" alt=\"\" class=\"wp-image-14621\" srcset=\"https:\/\/www.iaavim.gob.ar\/wp-content\/uploads\/2025\/01\/Cineclub-Inquieto-Eldorado-2-1024x547.jpg 1024w, https:\/\/www.iaavim.gob.ar\/wp-content\/uploads\/2025\/01\/Cineclub-Inquieto-Eldorado-2-300x160.jpg 300w, https:\/\/www.iaavim.gob.ar\/wp-content\/uploads\/2025\/01\/Cineclub-Inquieto-Eldorado-2-768x410.jpg 768w, https:\/\/www.iaavim.gob.ar\/wp-content\/uploads\/2025\/01\/Cineclub-Inquieto-Eldorado-2-1536x820.jpg 1536w, https:\/\/www.iaavim.gob.ar\/wp-content\/uploads\/2025\/01\/Cineclub-Inquieto-Eldorado-2.jpg 1894w\" sizes=\"auto, (max-width: 1024px) 100vw, 1024px\" \/><\/a><figcaption class=\"wp-element-caption\">Cineclub Inquieto &#8211; Eldorado<\/figcaption><\/figure>\n\n\n\n<figure class=\"wp-block-image size-large\"><a href=\"https:\/\/www.iaavim.gob.ar\/wp-content\/uploads\/2025\/01\/taller-animacion-en-Piray.jpg\"><img loading=\"lazy\" decoding=\"async\" width=\"600\" height=\"450\" data-id=\"14622\" src=\"https:\/\/www.iaavim.gob.ar\/wp-content\/uploads\/2025\/01\/taller-animacion-en-Piray.jpg\" alt=\"\" class=\"wp-image-14622\" srcset=\"https:\/\/www.iaavim.gob.ar\/wp-content\/uploads\/2025\/01\/taller-animacion-en-Piray.jpg 600w, https:\/\/www.iaavim.gob.ar\/wp-content\/uploads\/2025\/01\/taller-animacion-en-Piray-300x225.jpg 300w\" sizes=\"auto, (max-width: 600px) 100vw, 600px\" \/><\/a><figcaption class=\"wp-element-caption\">Taller de Animacio\u0301n en Escuela 859 &#8211; Puerto Piray<\/figcaption><\/figure>\n\n\n\n<figure class=\"wp-block-image size-large\"><a href=\"https:\/\/www.iaavim.gob.ar\/wp-content\/uploads\/2025\/01\/Taller-de-animacion-para-ninos-en-Escuela-677.jpg\"><img loading=\"lazy\" decoding=\"async\" width=\"745\" height=\"535\" data-id=\"14623\" src=\"https:\/\/www.iaavim.gob.ar\/wp-content\/uploads\/2025\/01\/Taller-de-animacion-para-ninos-en-Escuela-677.jpg\" alt=\"\" class=\"wp-image-14623\" srcset=\"https:\/\/www.iaavim.gob.ar\/wp-content\/uploads\/2025\/01\/Taller-de-animacion-para-ninos-en-Escuela-677.jpg 745w, https:\/\/www.iaavim.gob.ar\/wp-content\/uploads\/2025\/01\/Taller-de-animacion-para-ninos-en-Escuela-677-300x215.jpg 300w\" sizes=\"auto, (max-width: 745px) 100vw, 745px\" \/><\/a><figcaption class=\"wp-element-caption\">Taller de Animacio\u0301n en Escuela 677<\/figcaption><\/figure>\n<\/figure>\n\n\n\n<p><\/p>\n\n\n\n<p>Ariel Almada, por su parte, llev\u00f3 a cabo un Taller de Animaci\u00f3n en Puerto Piray, dirigido a ni\u00f1os y ni\u00f1as de escuelas primarias, con el objetivo de acercarles a este g\u00e9nero audiovisual de manera divertida y did\u00e1ctica, estimulando su creatividad y trabajo en equipo. Leonel Ben\u00edtez, en el Distrito Uruguay, llev\u00f3 adelante el proyecto \u201cCineclub Invasi\u00f3n\u201d en Ober\u00e1, un espacio de proyecci\u00f3n y an\u00e1lisis de producciones audiovisuales locales y latinoamericanas que vincul\u00f3 a estudiantes de la Tecnicatura en Medios Audiovisuales y Fotograf\u00eda (MAF) de la FAyD-UNaM, estudiantes de otras carreras, profesionales del sector audiovisual y p\u00fablico en general. Durante el \u00faltimo trimestre del 2024, se realizaron 11 funciones en las que se exhibieron 13 pel\u00edculas, una miniserie, cuatro cortometrajes regionales y 10 realizados por estudiantes del MAF. En varias oportunidades asistieron los realizadores para profundizar el intercambio con una gran aceptaci\u00f3n del p\u00fablico.<\/p>\n\n\n\n<p>El trabajo de los becados de 2024 no solo enriqueci\u00f3 sus trayectorias individuales, sino que tambi\u00e9n contribuy\u00f3 al fortalecimiento del sector audiovisual en Misiones, creando espacios de aprendizaje, difusi\u00f3n y reflexi\u00f3n, tanto para profesionales como para la comunidad en general. Estos proyectos demuestran el compromiso del IAAviM en su misi\u00f3n de acompa\u00f1ar el crecimiento del sector y fomentar la creaci\u00f3n de contenidos que reflejen la identidad y la diversidad de la provincia.<\/p>\n\n\n\n<div style=\"height:100px\" aria-hidden=\"true\" class=\"wp-block-spacer\"><\/div>\n\n\n\n<p><\/p>\n","protected":false},"excerpt":{"rendered":"<p>El Instituto de Artes Audiovisuales de Misiones (IAAviM) dio a conocer a los dos nuevos beneficiarios de las Becas IAAviM para el primer trimestre de 2025. Se trata de Walter Monz\u00f3n, del Distrito Audiovisual Sur, quien llevar\u00e1 adelante un taller pr\u00e1ctico de cine para las infancias, y Mart\u00edn Servente, del mismo distrito, qui\u00e9n ofrecer\u00e1 una &hellip;<\/p>\n","protected":false},"author":2,"featured_media":14620,"comment_status":"closed","ping_status":"open","sticky":false,"template":"","format":"standard","meta":{"_acf_changed":false,"footnotes":""},"categories":[39],"tags":[578,53,1299,1298],"class_list":["post-14619","post","type-post","status-publish","format-standard","has-post-thumbnail","hentry","category-noticias-del-iaavim","tag-becas","tag-capacitacion","tag-practicas-formativas","tag-programa-de-formacion-y-promocion-audiovisual-del-iaavim"],"acf":[],"yoast_head":"<!-- This site is optimized with the Yoast SEO plugin v27.4 - https:\/\/yoast.com\/product\/yoast-seo-wordpress\/ -->\n<title>Becas IAAviM: balance positivo y nuevos seleccionados 2025<\/title>\n<meta name=\"description\" content=\"El IAAviM anunci\u00f3 los dos nuevos becarios y realiz\u00f3 un balance positivo de las propuestas desarrolladas en 2024\" \/>\n<meta name=\"robots\" content=\"index, follow, max-snippet:-1, max-image-preview:large, max-video-preview:-1\" \/>\n<link rel=\"canonical\" href=\"https:\/\/www.iaavim.gob.ar\/?p=14619\" \/>\n<meta property=\"og:locale\" content=\"es_ES\" \/>\n<meta property=\"og:type\" content=\"article\" \/>\n<meta property=\"og:title\" content=\"Becas IAAviM: balance positivo y nuevos seleccionados 2025\" \/>\n<meta property=\"og:description\" content=\"El IAAviM anunci\u00f3 los dos nuevos becarios y realiz\u00f3 un balance positivo de las propuestas desarrolladas en 2024\" \/>\n<meta property=\"og:url\" content=\"https:\/\/www.iaavim.gob.ar\/?p=14619\" \/>\n<meta property=\"article:published_time\" content=\"2025-01-16T14:46:07+00:00\" \/>\n<meta property=\"article:modified_time\" content=\"2025-01-16T14:48:28+00:00\" \/>\n<meta property=\"og:image\" content=\"https:\/\/www.iaavim.gob.ar\/wp-content\/uploads\/2025\/01\/NEW-portada-sitio-1200x480-1.png\" \/>\n\t<meta property=\"og:image:width\" content=\"1200\" \/>\n\t<meta property=\"og:image:height\" content=\"480\" \/>\n\t<meta property=\"og:image:type\" content=\"image\/png\" \/>\n<meta name=\"author\" content=\"IAAviM\" \/>\n<meta name=\"twitter:card\" content=\"summary_large_image\" \/>\n<meta name=\"twitter:label1\" content=\"Escrito por\" \/>\n\t<meta name=\"twitter:data1\" content=\"IAAviM\" \/>\n\t<meta name=\"twitter:label2\" content=\"Tiempo de lectura\" \/>\n\t<meta name=\"twitter:data2\" content=\"5 minutos\" \/>\n<script type=\"application\/ld+json\" class=\"yoast-schema-graph\">{\"@context\":\"https:\\\/\\\/schema.org\",\"@graph\":[{\"@type\":\"Article\",\"@id\":\"https:\\\/\\\/www.iaavim.gob.ar\\\/?p=14619#article\",\"isPartOf\":{\"@id\":\"https:\\\/\\\/www.iaavim.gob.ar\\\/?p=14619\"},\"author\":{\"name\":\"IAAviM\",\"@id\":\"\\\/#\\\/schema\\\/person\\\/affb351a86bbbb5cdff3011db06ccf85\"},\"headline\":\"Becas IAAviM: balance positivo y nuevos seleccionados 2025\",\"datePublished\":\"2025-01-16T14:46:07+00:00\",\"dateModified\":\"2025-01-16T14:48:28+00:00\",\"mainEntityOfPage\":{\"@id\":\"https:\\\/\\\/www.iaavim.gob.ar\\\/?p=14619\"},\"wordCount\":927,\"publisher\":{\"@id\":\"\\\/#organization\"},\"image\":{\"@id\":\"https:\\\/\\\/www.iaavim.gob.ar\\\/?p=14619#primaryimage\"},\"thumbnailUrl\":\"https:\\\/\\\/www.iaavim.gob.ar\\\/wp-content\\\/uploads\\\/2025\\\/01\\\/NEW-portada-sitio-1200x480-1.png\",\"keywords\":[\"becas\",\"capacitaci\u00f3n\",\"pr\u00e1cticas formativas\",\"Programa de Formaci\u00f3n y Promoci\u00f3n Audiovisual del IAAVIM\"],\"articleSection\":[\"Noticias del IAAviM\"],\"inLanguage\":\"es-AR\"},{\"@type\":\"WebPage\",\"@id\":\"https:\\\/\\\/www.iaavim.gob.ar\\\/?p=14619\",\"url\":\"https:\\\/\\\/www.iaavim.gob.ar\\\/?p=14619\",\"name\":\"Becas IAAviM: balance positivo y nuevos seleccionados 2025\",\"isPartOf\":{\"@id\":\"\\\/#website\"},\"primaryImageOfPage\":{\"@id\":\"https:\\\/\\\/www.iaavim.gob.ar\\\/?p=14619#primaryimage\"},\"image\":{\"@id\":\"https:\\\/\\\/www.iaavim.gob.ar\\\/?p=14619#primaryimage\"},\"thumbnailUrl\":\"https:\\\/\\\/www.iaavim.gob.ar\\\/wp-content\\\/uploads\\\/2025\\\/01\\\/NEW-portada-sitio-1200x480-1.png\",\"datePublished\":\"2025-01-16T14:46:07+00:00\",\"dateModified\":\"2025-01-16T14:48:28+00:00\",\"description\":\"El IAAviM anunci\u00f3 los dos nuevos becarios y realiz\u00f3 un balance positivo de las propuestas desarrolladas en 2024\",\"breadcrumb\":{\"@id\":\"https:\\\/\\\/www.iaavim.gob.ar\\\/?p=14619#breadcrumb\"},\"inLanguage\":\"es-AR\",\"potentialAction\":[{\"@type\":\"ReadAction\",\"target\":[\"https:\\\/\\\/www.iaavim.gob.ar\\\/?p=14619\"]}]},{\"@type\":\"ImageObject\",\"inLanguage\":\"es-AR\",\"@id\":\"https:\\\/\\\/www.iaavim.gob.ar\\\/?p=14619#primaryimage\",\"url\":\"https:\\\/\\\/www.iaavim.gob.ar\\\/wp-content\\\/uploads\\\/2025\\\/01\\\/NEW-portada-sitio-1200x480-1.png\",\"contentUrl\":\"https:\\\/\\\/www.iaavim.gob.ar\\\/wp-content\\\/uploads\\\/2025\\\/01\\\/NEW-portada-sitio-1200x480-1.png\",\"width\":1200,\"height\":480},{\"@type\":\"BreadcrumbList\",\"@id\":\"https:\\\/\\\/www.iaavim.gob.ar\\\/?p=14619#breadcrumb\",\"itemListElement\":[{\"@type\":\"ListItem\",\"position\":1,\"name\":\"Inicio\",\"item\":\"https:\\\/\\\/www.iaavim.gob.ar\\\/\"},{\"@type\":\"ListItem\",\"position\":2,\"name\":\"Becas IAAviM: balance positivo y nuevos seleccionados 2025\"}]},{\"@type\":\"WebSite\",\"@id\":\"\\\/#website\",\"url\":\"\\\/\",\"name\":\"\",\"description\":\"Sitio oficial del IAAviM\",\"publisher\":{\"@id\":\"\\\/#organization\"},\"potentialAction\":[{\"@type\":\"SearchAction\",\"target\":{\"@type\":\"EntryPoint\",\"urlTemplate\":\"\\\/?s={search_term_string}\"},\"query-input\":{\"@type\":\"PropertyValueSpecification\",\"valueRequired\":true,\"valueName\":\"search_term_string\"}}],\"inLanguage\":\"es-AR\"},{\"@type\":\"Organization\",\"@id\":\"\\\/#organization\",\"name\":\"Instituto de Artes Audiovisuales de Misiones\",\"url\":\"\\\/\",\"logo\":{\"@type\":\"ImageObject\",\"inLanguage\":\"es-AR\",\"@id\":\"\\\/#\\\/schema\\\/logo\\\/image\\\/\",\"url\":\"https:\\\/\\\/iaavim.misiones.gob.ar\\\/wp-content\\\/uploads\\\/2021\\\/07\\\/logo-iaavim-preview.png.jpg\",\"contentUrl\":\"https:\\\/\\\/iaavim.misiones.gob.ar\\\/wp-content\\\/uploads\\\/2021\\\/07\\\/logo-iaavim-preview.png.jpg\",\"width\":1200,\"height\":675,\"caption\":\"Instituto de Artes Audiovisuales de Misiones\"},\"image\":{\"@id\":\"\\\/#\\\/schema\\\/logo\\\/image\\\/\"}},{\"@type\":\"Person\",\"@id\":\"\\\/#\\\/schema\\\/person\\\/affb351a86bbbb5cdff3011db06ccf85\",\"name\":\"IAAviM\",\"image\":{\"@type\":\"ImageObject\",\"inLanguage\":\"es-AR\",\"@id\":\"https:\\\/\\\/secure.gravatar.com\\\/avatar\\\/6a023e5ff426a571199af5d6ff7996bd89e8be946af83dc1c2624ad66151ed39?s=96&d=blank&r=g\",\"url\":\"https:\\\/\\\/secure.gravatar.com\\\/avatar\\\/6a023e5ff426a571199af5d6ff7996bd89e8be946af83dc1c2624ad66151ed39?s=96&d=blank&r=g\",\"contentUrl\":\"https:\\\/\\\/secure.gravatar.com\\\/avatar\\\/6a023e5ff426a571199af5d6ff7996bd89e8be946af83dc1c2624ad66151ed39?s=96&d=blank&r=g\",\"caption\":\"IAAviM\"},\"url\":\"https:\\\/\\\/www.iaavim.gob.ar\\\/?author=2\"}]}<\/script>\n<!-- \/ Yoast SEO plugin. -->","yoast_head_json":{"title":"Becas IAAviM: balance positivo y nuevos seleccionados 2025","description":"El IAAviM anunci\u00f3 los dos nuevos becarios y realiz\u00f3 un balance positivo de las propuestas desarrolladas en 2024","robots":{"index":"index","follow":"follow","max-snippet":"max-snippet:-1","max-image-preview":"max-image-preview:large","max-video-preview":"max-video-preview:-1"},"canonical":"https:\/\/www.iaavim.gob.ar\/?p=14619","og_locale":"es_ES","og_type":"article","og_title":"Becas IAAviM: balance positivo y nuevos seleccionados 2025","og_description":"El IAAviM anunci\u00f3 los dos nuevos becarios y realiz\u00f3 un balance positivo de las propuestas desarrolladas en 2024","og_url":"https:\/\/www.iaavim.gob.ar\/?p=14619","article_published_time":"2025-01-16T14:46:07+00:00","article_modified_time":"2025-01-16T14:48:28+00:00","og_image":[{"width":1200,"height":480,"url":"https:\/\/www.iaavim.gob.ar\/wp-content\/uploads\/2025\/01\/NEW-portada-sitio-1200x480-1.png","type":"image\/png"}],"author":"IAAviM","twitter_card":"summary_large_image","twitter_misc":{"Escrito por":"IAAviM","Tiempo de lectura":"5 minutos"},"schema":{"@context":"https:\/\/schema.org","@graph":[{"@type":"Article","@id":"https:\/\/www.iaavim.gob.ar\/?p=14619#article","isPartOf":{"@id":"https:\/\/www.iaavim.gob.ar\/?p=14619"},"author":{"name":"IAAviM","@id":"\/#\/schema\/person\/affb351a86bbbb5cdff3011db06ccf85"},"headline":"Becas IAAviM: balance positivo y nuevos seleccionados 2025","datePublished":"2025-01-16T14:46:07+00:00","dateModified":"2025-01-16T14:48:28+00:00","mainEntityOfPage":{"@id":"https:\/\/www.iaavim.gob.ar\/?p=14619"},"wordCount":927,"publisher":{"@id":"\/#organization"},"image":{"@id":"https:\/\/www.iaavim.gob.ar\/?p=14619#primaryimage"},"thumbnailUrl":"https:\/\/www.iaavim.gob.ar\/wp-content\/uploads\/2025\/01\/NEW-portada-sitio-1200x480-1.png","keywords":["becas","capacitaci\u00f3n","pr\u00e1cticas formativas","Programa de Formaci\u00f3n y Promoci\u00f3n Audiovisual del IAAVIM"],"articleSection":["Noticias del IAAviM"],"inLanguage":"es-AR"},{"@type":"WebPage","@id":"https:\/\/www.iaavim.gob.ar\/?p=14619","url":"https:\/\/www.iaavim.gob.ar\/?p=14619","name":"Becas IAAviM: balance positivo y nuevos seleccionados 2025","isPartOf":{"@id":"\/#website"},"primaryImageOfPage":{"@id":"https:\/\/www.iaavim.gob.ar\/?p=14619#primaryimage"},"image":{"@id":"https:\/\/www.iaavim.gob.ar\/?p=14619#primaryimage"},"thumbnailUrl":"https:\/\/www.iaavim.gob.ar\/wp-content\/uploads\/2025\/01\/NEW-portada-sitio-1200x480-1.png","datePublished":"2025-01-16T14:46:07+00:00","dateModified":"2025-01-16T14:48:28+00:00","description":"El IAAviM anunci\u00f3 los dos nuevos becarios y realiz\u00f3 un balance positivo de las propuestas desarrolladas en 2024","breadcrumb":{"@id":"https:\/\/www.iaavim.gob.ar\/?p=14619#breadcrumb"},"inLanguage":"es-AR","potentialAction":[{"@type":"ReadAction","target":["https:\/\/www.iaavim.gob.ar\/?p=14619"]}]},{"@type":"ImageObject","inLanguage":"es-AR","@id":"https:\/\/www.iaavim.gob.ar\/?p=14619#primaryimage","url":"https:\/\/www.iaavim.gob.ar\/wp-content\/uploads\/2025\/01\/NEW-portada-sitio-1200x480-1.png","contentUrl":"https:\/\/www.iaavim.gob.ar\/wp-content\/uploads\/2025\/01\/NEW-portada-sitio-1200x480-1.png","width":1200,"height":480},{"@type":"BreadcrumbList","@id":"https:\/\/www.iaavim.gob.ar\/?p=14619#breadcrumb","itemListElement":[{"@type":"ListItem","position":1,"name":"Inicio","item":"https:\/\/www.iaavim.gob.ar\/"},{"@type":"ListItem","position":2,"name":"Becas IAAviM: balance positivo y nuevos seleccionados 2025"}]},{"@type":"WebSite","@id":"\/#website","url":"\/","name":"","description":"Sitio oficial del IAAviM","publisher":{"@id":"\/#organization"},"potentialAction":[{"@type":"SearchAction","target":{"@type":"EntryPoint","urlTemplate":"\/?s={search_term_string}"},"query-input":{"@type":"PropertyValueSpecification","valueRequired":true,"valueName":"search_term_string"}}],"inLanguage":"es-AR"},{"@type":"Organization","@id":"\/#organization","name":"Instituto de Artes Audiovisuales de Misiones","url":"\/","logo":{"@type":"ImageObject","inLanguage":"es-AR","@id":"\/#\/schema\/logo\/image\/","url":"https:\/\/iaavim.misiones.gob.ar\/wp-content\/uploads\/2021\/07\/logo-iaavim-preview.png.jpg","contentUrl":"https:\/\/iaavim.misiones.gob.ar\/wp-content\/uploads\/2021\/07\/logo-iaavim-preview.png.jpg","width":1200,"height":675,"caption":"Instituto de Artes Audiovisuales de Misiones"},"image":{"@id":"\/#\/schema\/logo\/image\/"}},{"@type":"Person","@id":"\/#\/schema\/person\/affb351a86bbbb5cdff3011db06ccf85","name":"IAAviM","image":{"@type":"ImageObject","inLanguage":"es-AR","@id":"https:\/\/secure.gravatar.com\/avatar\/6a023e5ff426a571199af5d6ff7996bd89e8be946af83dc1c2624ad66151ed39?s=96&d=blank&r=g","url":"https:\/\/secure.gravatar.com\/avatar\/6a023e5ff426a571199af5d6ff7996bd89e8be946af83dc1c2624ad66151ed39?s=96&d=blank&r=g","contentUrl":"https:\/\/secure.gravatar.com\/avatar\/6a023e5ff426a571199af5d6ff7996bd89e8be946af83dc1c2624ad66151ed39?s=96&d=blank&r=g","caption":"IAAviM"},"url":"https:\/\/www.iaavim.gob.ar\/?author=2"}]}},"amp_enabled":true,"_links":{"self":[{"href":"https:\/\/www.iaavim.gob.ar\/index.php?rest_route=\/wp\/v2\/posts\/14619","targetHints":{"allow":["GET"]}}],"collection":[{"href":"https:\/\/www.iaavim.gob.ar\/index.php?rest_route=\/wp\/v2\/posts"}],"about":[{"href":"https:\/\/www.iaavim.gob.ar\/index.php?rest_route=\/wp\/v2\/types\/post"}],"author":[{"embeddable":true,"href":"https:\/\/www.iaavim.gob.ar\/index.php?rest_route=\/wp\/v2\/users\/2"}],"replies":[{"embeddable":true,"href":"https:\/\/www.iaavim.gob.ar\/index.php?rest_route=%2Fwp%2Fv2%2Fcomments&post=14619"}],"version-history":[{"count":2,"href":"https:\/\/www.iaavim.gob.ar\/index.php?rest_route=\/wp\/v2\/posts\/14619\/revisions"}],"predecessor-version":[{"id":14626,"href":"https:\/\/www.iaavim.gob.ar\/index.php?rest_route=\/wp\/v2\/posts\/14619\/revisions\/14626"}],"wp:featuredmedia":[{"embeddable":true,"href":"https:\/\/www.iaavim.gob.ar\/index.php?rest_route=\/wp\/v2\/media\/14620"}],"wp:attachment":[{"href":"https:\/\/www.iaavim.gob.ar\/index.php?rest_route=%2Fwp%2Fv2%2Fmedia&parent=14619"}],"wp:term":[{"taxonomy":"category","embeddable":true,"href":"https:\/\/www.iaavim.gob.ar\/index.php?rest_route=%2Fwp%2Fv2%2Fcategories&post=14619"},{"taxonomy":"post_tag","embeddable":true,"href":"https:\/\/www.iaavim.gob.ar\/index.php?rest_route=%2Fwp%2Fv2%2Ftags&post=14619"}],"curies":[{"name":"wp","href":"https:\/\/api.w.org\/{rel}","templated":true}]}}