{"id":14325,"date":"2024-10-22T20:04:14","date_gmt":"2024-10-22T23:04:14","guid":{"rendered":"https:\/\/www.iaavim.gob.ar\/?p=14325"},"modified":"2024-10-22T20:04:15","modified_gmt":"2024-10-22T23:04:15","slug":"estudio-25-27-y-sus-socios-conquistan-ibermedia-con-un-atractivo-proyecto-animado","status":"publish","type":"post","link":"https:\/\/www.iaavim.gob.ar\/?p=14325","title":{"rendered":"Estudio 25.27 y sus socios conquistan Ibermedia con un atractivo proyecto animado"},"content":{"rendered":"\n<p>La productora audiovisual misionera <strong>Estudio 25.27<\/strong>, junto con sus coproductores de Paraguay <strong>Puatarara Films S.A. y Zet Studios<\/strong>, ha sido seleccionada en la convocatoria \u201cApoyo al Co-desarrollo de Proyectos de Largometrajes de Animaci\u00f3n Iberoamericanos 2024\u201d de <strong>Ibermedia<\/strong>. Este logro marca un hito para Misiones, ya que es la primera vez que una productora de la provincia accede a este fondo, lo que representa un paso significativo para la animaci\u00f3n en la regi\u00f3n.<\/p>\n\n\n\n<p>El largometraje animado <strong>\u201cEl Rey del Aire\u201d<\/strong>, basado en la vida del piloto paraguayo <strong>Silvio Pettirossi <\/strong>(1887-1916), pionero de la aviaci\u00f3n mundial, es el proyecto que ha merecido esta distinci\u00f3n. La biopic sigue la historia de Pettirossi desde su infancia, cuando so\u00f1aba con volar, hasta su tr\u00e1gico final, destacando su esp\u00edritu aventurero y su habilidad para realizar acrobacias a\u00e9reas en una \u00e9poca en la que los aviones apenas empezaban a conquistar el cielo. \u201cNos atrajo la figura de Pettirossi por su esp\u00edritu innovador y su valent\u00eda. Es un personaje que hizo historia en la aviaci\u00f3n y que llevar\u00e1 al espectador a conectar con su anhelo de volar,\u201d comenta el <strong>director Elian Guerin<\/strong>, quien lidera el proyecto desde Misiones.<\/p>\n\n\n\n<p><strong>Un proyecto ambicioso<\/strong><\/p>\n\n\n\n<p>El ilustrador y animador misionero, <strong>Maco Pacheco<\/strong>, ser\u00e1 el Director de Arte de la pel\u00edcula que combinar\u00e1 <strong>animaci\u00f3n en 2D y 3D<\/strong>, con el objetivo de captar tanto la expresividad humana como la majestuosidad de las m\u00e1quinas, en especial los aviones que Pettirossi manejaba con destreza. \u201cUsamos t\u00e9cnicas que combinan lo mejor de la animaci\u00f3n tradicional y la digital para que el p\u00fablico sienta la adrenalina de volar junto a Silvio&#8221;, destaca Guerin, quien se declara admirador del Studio Ghibli y Miyazaki. La trama, que explora tanto la vida p\u00fablica como los desaf\u00edos internos de Pettirossi, ofrece una mirada \u00edntima a sus haza\u00f1as y luchas. La coproducci\u00f3n entre Argentina y Paraguay incluye la participaci\u00f3n de Osvaldo Ort\u00edz de <strong>Puatarara Films S.A<\/strong>. y Mathias Maciel Leiva de <strong>Zet Studios<\/strong>, con quien Estudio 25.27 coprodujo el cortometraje animado Mita&#8217;i Churi, pr\u00f3ximo a estrenarse mundialmente en Estambul, Turqu\u00eda y en el Festival Internacional de Animaci\u00f3n BITBANG. Seg\u00fan explica Guerin, este tipo de alianzas son clave para consolidar la industria de la animaci\u00f3n en la regi\u00f3n: \u201cLa verdad que valoramos much\u00edsimo esta selecci\u00f3n a Ibermedia, a co-desarrollo, ya que es uno de los incentivos m\u00e1s grandes que existen en Iberoam\u00e9rica. As\u00ed que es un orgullo, y nos da mucha energ\u00eda para abordar la coproducci\u00f3n; es un gran paso para el Estudio\u201d.&nbsp;<\/p>\n\n\n\n<p><strong>Fondos y plazos<\/strong><\/p>\n\n\n\n<p>El proyecto, al ser seleccionado en la convocatoria del Programa Ibermedia recibe un pr\u00e9stamo, que en este caso es de 17.000 d\u00f3lares para el codesarrollo, suma que permitir\u00e1 desarrollar las primeras etapas del proyecto, incluyendo la escritura del guion, biblia, la creaci\u00f3n de un teaser y pruebas de animaci\u00f3n. Estos avances ser\u00e1n fundamentales para la b\u00fasqueda de m\u00e1s financiamiento y nuevas coproducciones en Latinoam\u00e9rica y Europa. Los plazos establecidos por Ibermedia indican un desarrollo que se extender\u00e1 durante los pr\u00f3ximos tres a\u00f1os. &#8220;Nuestro objetivo es presentarnos a la fase de producci\u00f3n de Ibermedia en 2026, para comenzar el rodaje en 2027. Estos son procesos largos, pero necesarios para alcanzar un resultado de alta calidad,\u201d explica el director.<\/p>\n\n\n\n<p>La historia de Silvio Pettirossi, el aviador paraguayo que en su tiempo rompi\u00f3 r\u00e9cords y cautiv\u00f3 al p\u00fablico con sus acrobacias a\u00e9reas, est\u00e1 destinada a atraer tanto a j\u00f3venes como a adultos, no solo por su componente hist\u00f3rico, sino tambi\u00e9n por la exploraci\u00f3n po\u00e9tica de su deseo de volar. Su vida, tr\u00e1gicamente interrumpida en un accidente a\u00e9reo a los 29 a\u00f1os, ser\u00e1 contada en este largometraje con un estilo visual impactante y din\u00e1mico.<\/p>\n\n\n\n<p><strong>Un impulso para la animaci\u00f3n regional<\/strong><\/p>\n\n\n\n<p>A este valioso reconocimiento por parte de Ibermedia se suma el reciente apoyo obtenido de parte del Instituto Nacional del Audiovisual Paraguayo (INAP), a trav\u00e9s de sus Fondos Concursables, otorgando al proyecto 35 millones de guaran\u00edes; consolidando el 2024 como un a\u00f1o decisivo para el crecimiento de la animaci\u00f3n en la regi\u00f3n. Este tipo de fondos representan un verdadero impulso, no solo para los proyectos en s\u00ed, sino tambi\u00e9n para la creaci\u00f3n de empleos y la profesionalizaci\u00f3n del sector. Adem\u00e1s, \u201cEl rey del aire\u201d ha sido seleccionado para participar del 18 al 20 de noviembre en la ciudad de Puerto Iguaz\u00fa, del IV Mercado Audiovisual Entre Fronteras, evento que impulsan estrat\u00e9gicamente el Instituto de Artes Audiovisuales de Misiones -IAAVIM- (Argentina), el INAP, el Instituto Estadual de Cinema de Rio Grande do Sul (Brasil) y cuenta con el apoyo de la Agencia del Cine y del Audiovisual de Uruguay.&nbsp;<\/p>\n\n\n\n<p>&nbsp;\u201cEstamos construyendo una industria de la animaci\u00f3n donde no exist\u00eda, y el apoyo institucional como el del IAAviM y estos fondos internacionales son clave para lograrlo&#8221;, concluye Guerin.<\/p>\n\n\n\n<p><\/p>\n\n\n\n<figure class=\"wp-block-gallery has-nested-images columns-default is-cropped wp-block-gallery-1 is-layout-flex wp-block-gallery-is-layout-flex\">\n<figure class=\"wp-block-image size-full\"><a href=\"https:\/\/www.iaavim.gob.ar\/wp-content\/uploads\/2024\/10\/Silvio-Pettirossi-y-su-monoplaza.jpg\"><img loading=\"lazy\" decoding=\"async\" width=\"1800\" height=\"1246\" data-id=\"14333\" src=\"https:\/\/www.iaavim.gob.ar\/wp-content\/uploads\/2024\/10\/Silvio-Pettirossi-y-su-monoplaza.jpg\" alt=\"\" class=\"wp-image-14333\" srcset=\"https:\/\/www.iaavim.gob.ar\/wp-content\/uploads\/2024\/10\/Silvio-Pettirossi-y-su-monoplaza.jpg 1800w, https:\/\/www.iaavim.gob.ar\/wp-content\/uploads\/2024\/10\/Silvio-Pettirossi-y-su-monoplaza-300x208.jpg 300w, https:\/\/www.iaavim.gob.ar\/wp-content\/uploads\/2024\/10\/Silvio-Pettirossi-y-su-monoplaza-1024x709.jpg 1024w, https:\/\/www.iaavim.gob.ar\/wp-content\/uploads\/2024\/10\/Silvio-Pettirossi-y-su-monoplaza-768x532.jpg 768w, https:\/\/www.iaavim.gob.ar\/wp-content\/uploads\/2024\/10\/Silvio-Pettirossi-y-su-monoplaza-1536x1063.jpg 1536w\" sizes=\"auto, (max-width: 1800px) 100vw, 1800px\" \/><\/a><\/figure>\n\n\n\n<figure class=\"wp-block-image size-full\"><a href=\"https:\/\/www.iaavim.gob.ar\/wp-content\/uploads\/2024\/10\/El-Rey-del-Aire.jpg\"><img loading=\"lazy\" decoding=\"async\" width=\"2500\" height=\"1407\" data-id=\"14332\" src=\"https:\/\/www.iaavim.gob.ar\/wp-content\/uploads\/2024\/10\/El-Rey-del-Aire.jpg\" alt=\"\" class=\"wp-image-14332\" srcset=\"https:\/\/www.iaavim.gob.ar\/wp-content\/uploads\/2024\/10\/El-Rey-del-Aire.jpg 2500w, https:\/\/www.iaavim.gob.ar\/wp-content\/uploads\/2024\/10\/El-Rey-del-Aire-300x169.jpg 300w, https:\/\/www.iaavim.gob.ar\/wp-content\/uploads\/2024\/10\/El-Rey-del-Aire-1024x576.jpg 1024w, https:\/\/www.iaavim.gob.ar\/wp-content\/uploads\/2024\/10\/El-Rey-del-Aire-768x432.jpg 768w, https:\/\/www.iaavim.gob.ar\/wp-content\/uploads\/2024\/10\/El-Rey-del-Aire-1536x864.jpg 1536w, https:\/\/www.iaavim.gob.ar\/wp-content\/uploads\/2024\/10\/El-Rey-del-Aire-2048x1153.jpg 2048w, https:\/\/www.iaavim.gob.ar\/wp-content\/uploads\/2024\/10\/El-Rey-del-Aire-390x220.jpg 390w\" sizes=\"auto, (max-width: 2500px) 100vw, 2500px\" \/><\/a><\/figure>\n<\/figure>\n\n\n\n<div style=\"height:141px\" aria-hidden=\"true\" class=\"wp-block-spacer\"><\/div>\n\n\n\n<p><\/p>\n","protected":false},"excerpt":{"rendered":"<p>La productora audiovisual misionera Estudio 25.27, junto con sus coproductores de Paraguay Puatarara Films S.A. y Zet Studios, ha sido seleccionada en la convocatoria \u201cApoyo al Co-desarrollo de Proyectos de Largometrajes de Animaci\u00f3n Iberoamericanos 2024\u201d de Ibermedia. Este logro marca un hito para Misiones, ya que es la primera vez que una productora de la &hellip;<\/p>\n","protected":false},"author":2,"featured_media":14331,"comment_status":"closed","ping_status":"open","sticky":false,"template":"","format":"standard","meta":{"_acf_changed":false,"footnotes":""},"categories":[39],"tags":[45,74,1354,212,1357,108,1356,867,1277,797,1289,1358,1359,1355,1288],"class_list":["post-14325","post","type-post","status-publish","format-standard","has-post-thumbnail","hentry","category-noticias-del-iaavim","tag-animacion","tag-coproduccion","tag-el-rey-del-aire","tag-elian-guerin","tag-estudio-25-27","tag-iaavim","tag-ibermedia","tag-inap","tag-iv-maef","tag-maco-pacheco","tag-mathias-maciel","tag-osvaldo-ortiz","tag-puatarara-films","tag-silvio-pettirossi","tag-zet-studios"],"acf":[],"yoast_head":"<!-- This site is optimized with the Yoast SEO plugin v27.4 - https:\/\/yoast.com\/product\/yoast-seo-wordpress\/ -->\n<title>Estudio 25.27 y sus socios conquistan Ibermedia con un atractivo proyecto - IAAviM<\/title>\n<meta name=\"description\" content=\"Estudio 25.27 y sus socios conquistan Ibermedia con un atractivo proyecto de animaci\u00f3n sobre el aviador Silvio Pettirossi\" \/>\n<meta name=\"robots\" content=\"index, follow, max-snippet:-1, max-image-preview:large, max-video-preview:-1\" \/>\n<link rel=\"canonical\" href=\"https:\/\/www.iaavim.gob.ar\/?p=14325\" \/>\n<meta property=\"og:locale\" content=\"es_ES\" \/>\n<meta property=\"og:type\" content=\"article\" \/>\n<meta property=\"og:title\" content=\"Estudio 25.27 y sus socios conquistan Ibermedia con un atractivo proyecto - IAAviM\" \/>\n<meta property=\"og:description\" content=\"Estudio 25.27 y sus socios conquistan Ibermedia con un atractivo proyecto de animaci\u00f3n sobre el aviador Silvio Pettirossi\" \/>\n<meta property=\"og:url\" content=\"https:\/\/www.iaavim.gob.ar\/?p=14325\" \/>\n<meta property=\"article:published_time\" content=\"2024-10-22T23:04:14+00:00\" \/>\n<meta property=\"article:modified_time\" content=\"2024-10-22T23:04:15+00:00\" \/>\n<meta property=\"og:image\" content=\"https:\/\/www.iaavim.gob.ar\/wp-content\/uploads\/2024\/10\/portada-1200x480_20241022_182848_0000.png\" \/>\n\t<meta property=\"og:image:width\" content=\"1200\" \/>\n\t<meta property=\"og:image:height\" content=\"480\" \/>\n\t<meta property=\"og:image:type\" content=\"image\/png\" \/>\n<meta name=\"author\" content=\"IAAviM\" \/>\n<meta name=\"twitter:card\" content=\"summary_large_image\" \/>\n<meta name=\"twitter:label1\" content=\"Escrito por\" \/>\n\t<meta name=\"twitter:data1\" content=\"IAAviM\" \/>\n\t<meta name=\"twitter:label2\" content=\"Tiempo de lectura\" \/>\n\t<meta name=\"twitter:data2\" content=\"5 minutos\" \/>\n<script type=\"application\/ld+json\" class=\"yoast-schema-graph\">{\"@context\":\"https:\\\/\\\/schema.org\",\"@graph\":[{\"@type\":\"Article\",\"@id\":\"https:\\\/\\\/www.iaavim.gob.ar\\\/?p=14325#article\",\"isPartOf\":{\"@id\":\"https:\\\/\\\/www.iaavim.gob.ar\\\/?p=14325\"},\"author\":{\"name\":\"IAAviM\",\"@id\":\"\\\/#\\\/schema\\\/person\\\/affb351a86bbbb5cdff3011db06ccf85\"},\"headline\":\"Estudio 25.27 y sus socios conquistan Ibermedia con un atractivo proyecto animado\",\"datePublished\":\"2024-10-22T23:04:14+00:00\",\"dateModified\":\"2024-10-22T23:04:15+00:00\",\"mainEntityOfPage\":{\"@id\":\"https:\\\/\\\/www.iaavim.gob.ar\\\/?p=14325\"},\"wordCount\":863,\"publisher\":{\"@id\":\"\\\/#organization\"},\"image\":{\"@id\":\"https:\\\/\\\/www.iaavim.gob.ar\\\/?p=14325#primaryimage\"},\"thumbnailUrl\":\"https:\\\/\\\/www.iaavim.gob.ar\\\/wp-content\\\/uploads\\\/2024\\\/10\\\/portada-1200x480_20241022_182848_0000.png\",\"keywords\":[\"animaci\u00f3n\",\"coproducci\u00f3n\",\"El rey del aire\",\"Elian Guerin\",\"Estudio 25.27\",\"IAAviM\",\"Ibermedia\",\"INAP\",\"IV MAEF\",\"Maco Pacheco\",\"Mathias Maciel\",\"Osvaldo Ortiz\",\"Puatarara Films\",\"Silvio Pettirossi\",\"Zet Studios\"],\"articleSection\":[\"Noticias del IAAviM\"],\"inLanguage\":\"es-AR\"},{\"@type\":\"WebPage\",\"@id\":\"https:\\\/\\\/www.iaavim.gob.ar\\\/?p=14325\",\"url\":\"https:\\\/\\\/www.iaavim.gob.ar\\\/?p=14325\",\"name\":\"Estudio 25.27 y sus socios conquistan Ibermedia con un atractivo proyecto - IAAviM\",\"isPartOf\":{\"@id\":\"\\\/#website\"},\"primaryImageOfPage\":{\"@id\":\"https:\\\/\\\/www.iaavim.gob.ar\\\/?p=14325#primaryimage\"},\"image\":{\"@id\":\"https:\\\/\\\/www.iaavim.gob.ar\\\/?p=14325#primaryimage\"},\"thumbnailUrl\":\"https:\\\/\\\/www.iaavim.gob.ar\\\/wp-content\\\/uploads\\\/2024\\\/10\\\/portada-1200x480_20241022_182848_0000.png\",\"datePublished\":\"2024-10-22T23:04:14+00:00\",\"dateModified\":\"2024-10-22T23:04:15+00:00\",\"description\":\"Estudio 25.27 y sus socios conquistan Ibermedia con un atractivo proyecto de animaci\u00f3n sobre el aviador Silvio Pettirossi\",\"breadcrumb\":{\"@id\":\"https:\\\/\\\/www.iaavim.gob.ar\\\/?p=14325#breadcrumb\"},\"inLanguage\":\"es-AR\",\"potentialAction\":[{\"@type\":\"ReadAction\",\"target\":[\"https:\\\/\\\/www.iaavim.gob.ar\\\/?p=14325\"]}]},{\"@type\":\"ImageObject\",\"inLanguage\":\"es-AR\",\"@id\":\"https:\\\/\\\/www.iaavim.gob.ar\\\/?p=14325#primaryimage\",\"url\":\"https:\\\/\\\/www.iaavim.gob.ar\\\/wp-content\\\/uploads\\\/2024\\\/10\\\/portada-1200x480_20241022_182848_0000.png\",\"contentUrl\":\"https:\\\/\\\/www.iaavim.gob.ar\\\/wp-content\\\/uploads\\\/2024\\\/10\\\/portada-1200x480_20241022_182848_0000.png\",\"width\":1200,\"height\":480},{\"@type\":\"BreadcrumbList\",\"@id\":\"https:\\\/\\\/www.iaavim.gob.ar\\\/?p=14325#breadcrumb\",\"itemListElement\":[{\"@type\":\"ListItem\",\"position\":1,\"name\":\"Inicio\",\"item\":\"https:\\\/\\\/www.iaavim.gob.ar\\\/\"},{\"@type\":\"ListItem\",\"position\":2,\"name\":\"Estudio 25.27 y sus socios conquistan Ibermedia con un atractivo proyecto animado\"}]},{\"@type\":\"WebSite\",\"@id\":\"\\\/#website\",\"url\":\"\\\/\",\"name\":\"\",\"description\":\"Sitio oficial del IAAviM\",\"publisher\":{\"@id\":\"\\\/#organization\"},\"potentialAction\":[{\"@type\":\"SearchAction\",\"target\":{\"@type\":\"EntryPoint\",\"urlTemplate\":\"\\\/?s={search_term_string}\"},\"query-input\":{\"@type\":\"PropertyValueSpecification\",\"valueRequired\":true,\"valueName\":\"search_term_string\"}}],\"inLanguage\":\"es-AR\"},{\"@type\":\"Organization\",\"@id\":\"\\\/#organization\",\"name\":\"Instituto de Artes Audiovisuales de Misiones\",\"url\":\"\\\/\",\"logo\":{\"@type\":\"ImageObject\",\"inLanguage\":\"es-AR\",\"@id\":\"\\\/#\\\/schema\\\/logo\\\/image\\\/\",\"url\":\"https:\\\/\\\/iaavim.misiones.gob.ar\\\/wp-content\\\/uploads\\\/2021\\\/07\\\/logo-iaavim-preview.png.jpg\",\"contentUrl\":\"https:\\\/\\\/iaavim.misiones.gob.ar\\\/wp-content\\\/uploads\\\/2021\\\/07\\\/logo-iaavim-preview.png.jpg\",\"width\":1200,\"height\":675,\"caption\":\"Instituto de Artes Audiovisuales de Misiones\"},\"image\":{\"@id\":\"\\\/#\\\/schema\\\/logo\\\/image\\\/\"}},{\"@type\":\"Person\",\"@id\":\"\\\/#\\\/schema\\\/person\\\/affb351a86bbbb5cdff3011db06ccf85\",\"name\":\"IAAviM\",\"image\":{\"@type\":\"ImageObject\",\"inLanguage\":\"es-AR\",\"@id\":\"https:\\\/\\\/secure.gravatar.com\\\/avatar\\\/6a023e5ff426a571199af5d6ff7996bd89e8be946af83dc1c2624ad66151ed39?s=96&d=blank&r=g\",\"url\":\"https:\\\/\\\/secure.gravatar.com\\\/avatar\\\/6a023e5ff426a571199af5d6ff7996bd89e8be946af83dc1c2624ad66151ed39?s=96&d=blank&r=g\",\"contentUrl\":\"https:\\\/\\\/secure.gravatar.com\\\/avatar\\\/6a023e5ff426a571199af5d6ff7996bd89e8be946af83dc1c2624ad66151ed39?s=96&d=blank&r=g\",\"caption\":\"IAAviM\"},\"url\":\"https:\\\/\\\/www.iaavim.gob.ar\\\/?author=2\"}]}<\/script>\n<!-- \/ Yoast SEO plugin. -->","yoast_head_json":{"title":"Estudio 25.27 y sus socios conquistan Ibermedia con un atractivo proyecto - IAAviM","description":"Estudio 25.27 y sus socios conquistan Ibermedia con un atractivo proyecto de animaci\u00f3n sobre el aviador Silvio Pettirossi","robots":{"index":"index","follow":"follow","max-snippet":"max-snippet:-1","max-image-preview":"max-image-preview:large","max-video-preview":"max-video-preview:-1"},"canonical":"https:\/\/www.iaavim.gob.ar\/?p=14325","og_locale":"es_ES","og_type":"article","og_title":"Estudio 25.27 y sus socios conquistan Ibermedia con un atractivo proyecto - IAAviM","og_description":"Estudio 25.27 y sus socios conquistan Ibermedia con un atractivo proyecto de animaci\u00f3n sobre el aviador Silvio Pettirossi","og_url":"https:\/\/www.iaavim.gob.ar\/?p=14325","article_published_time":"2024-10-22T23:04:14+00:00","article_modified_time":"2024-10-22T23:04:15+00:00","og_image":[{"width":1200,"height":480,"url":"https:\/\/www.iaavim.gob.ar\/wp-content\/uploads\/2024\/10\/portada-1200x480_20241022_182848_0000.png","type":"image\/png"}],"author":"IAAviM","twitter_card":"summary_large_image","twitter_misc":{"Escrito por":"IAAviM","Tiempo de lectura":"5 minutos"},"schema":{"@context":"https:\/\/schema.org","@graph":[{"@type":"Article","@id":"https:\/\/www.iaavim.gob.ar\/?p=14325#article","isPartOf":{"@id":"https:\/\/www.iaavim.gob.ar\/?p=14325"},"author":{"name":"IAAviM","@id":"\/#\/schema\/person\/affb351a86bbbb5cdff3011db06ccf85"},"headline":"Estudio 25.27 y sus socios conquistan Ibermedia con un atractivo proyecto animado","datePublished":"2024-10-22T23:04:14+00:00","dateModified":"2024-10-22T23:04:15+00:00","mainEntityOfPage":{"@id":"https:\/\/www.iaavim.gob.ar\/?p=14325"},"wordCount":863,"publisher":{"@id":"\/#organization"},"image":{"@id":"https:\/\/www.iaavim.gob.ar\/?p=14325#primaryimage"},"thumbnailUrl":"https:\/\/www.iaavim.gob.ar\/wp-content\/uploads\/2024\/10\/portada-1200x480_20241022_182848_0000.png","keywords":["animaci\u00f3n","coproducci\u00f3n","El rey del aire","Elian Guerin","Estudio 25.27","IAAviM","Ibermedia","INAP","IV MAEF","Maco Pacheco","Mathias Maciel","Osvaldo Ortiz","Puatarara Films","Silvio Pettirossi","Zet Studios"],"articleSection":["Noticias del IAAviM"],"inLanguage":"es-AR"},{"@type":"WebPage","@id":"https:\/\/www.iaavim.gob.ar\/?p=14325","url":"https:\/\/www.iaavim.gob.ar\/?p=14325","name":"Estudio 25.27 y sus socios conquistan Ibermedia con un atractivo proyecto - IAAviM","isPartOf":{"@id":"\/#website"},"primaryImageOfPage":{"@id":"https:\/\/www.iaavim.gob.ar\/?p=14325#primaryimage"},"image":{"@id":"https:\/\/www.iaavim.gob.ar\/?p=14325#primaryimage"},"thumbnailUrl":"https:\/\/www.iaavim.gob.ar\/wp-content\/uploads\/2024\/10\/portada-1200x480_20241022_182848_0000.png","datePublished":"2024-10-22T23:04:14+00:00","dateModified":"2024-10-22T23:04:15+00:00","description":"Estudio 25.27 y sus socios conquistan Ibermedia con un atractivo proyecto de animaci\u00f3n sobre el aviador Silvio Pettirossi","breadcrumb":{"@id":"https:\/\/www.iaavim.gob.ar\/?p=14325#breadcrumb"},"inLanguage":"es-AR","potentialAction":[{"@type":"ReadAction","target":["https:\/\/www.iaavim.gob.ar\/?p=14325"]}]},{"@type":"ImageObject","inLanguage":"es-AR","@id":"https:\/\/www.iaavim.gob.ar\/?p=14325#primaryimage","url":"https:\/\/www.iaavim.gob.ar\/wp-content\/uploads\/2024\/10\/portada-1200x480_20241022_182848_0000.png","contentUrl":"https:\/\/www.iaavim.gob.ar\/wp-content\/uploads\/2024\/10\/portada-1200x480_20241022_182848_0000.png","width":1200,"height":480},{"@type":"BreadcrumbList","@id":"https:\/\/www.iaavim.gob.ar\/?p=14325#breadcrumb","itemListElement":[{"@type":"ListItem","position":1,"name":"Inicio","item":"https:\/\/www.iaavim.gob.ar\/"},{"@type":"ListItem","position":2,"name":"Estudio 25.27 y sus socios conquistan Ibermedia con un atractivo proyecto animado"}]},{"@type":"WebSite","@id":"\/#website","url":"\/","name":"","description":"Sitio oficial del IAAviM","publisher":{"@id":"\/#organization"},"potentialAction":[{"@type":"SearchAction","target":{"@type":"EntryPoint","urlTemplate":"\/?s={search_term_string}"},"query-input":{"@type":"PropertyValueSpecification","valueRequired":true,"valueName":"search_term_string"}}],"inLanguage":"es-AR"},{"@type":"Organization","@id":"\/#organization","name":"Instituto de Artes Audiovisuales de Misiones","url":"\/","logo":{"@type":"ImageObject","inLanguage":"es-AR","@id":"\/#\/schema\/logo\/image\/","url":"https:\/\/iaavim.misiones.gob.ar\/wp-content\/uploads\/2021\/07\/logo-iaavim-preview.png.jpg","contentUrl":"https:\/\/iaavim.misiones.gob.ar\/wp-content\/uploads\/2021\/07\/logo-iaavim-preview.png.jpg","width":1200,"height":675,"caption":"Instituto de Artes Audiovisuales de Misiones"},"image":{"@id":"\/#\/schema\/logo\/image\/"}},{"@type":"Person","@id":"\/#\/schema\/person\/affb351a86bbbb5cdff3011db06ccf85","name":"IAAviM","image":{"@type":"ImageObject","inLanguage":"es-AR","@id":"https:\/\/secure.gravatar.com\/avatar\/6a023e5ff426a571199af5d6ff7996bd89e8be946af83dc1c2624ad66151ed39?s=96&d=blank&r=g","url":"https:\/\/secure.gravatar.com\/avatar\/6a023e5ff426a571199af5d6ff7996bd89e8be946af83dc1c2624ad66151ed39?s=96&d=blank&r=g","contentUrl":"https:\/\/secure.gravatar.com\/avatar\/6a023e5ff426a571199af5d6ff7996bd89e8be946af83dc1c2624ad66151ed39?s=96&d=blank&r=g","caption":"IAAviM"},"url":"https:\/\/www.iaavim.gob.ar\/?author=2"}]}},"amp_enabled":true,"_links":{"self":[{"href":"https:\/\/www.iaavim.gob.ar\/index.php?rest_route=\/wp\/v2\/posts\/14325","targetHints":{"allow":["GET"]}}],"collection":[{"href":"https:\/\/www.iaavim.gob.ar\/index.php?rest_route=\/wp\/v2\/posts"}],"about":[{"href":"https:\/\/www.iaavim.gob.ar\/index.php?rest_route=\/wp\/v2\/types\/post"}],"author":[{"embeddable":true,"href":"https:\/\/www.iaavim.gob.ar\/index.php?rest_route=\/wp\/v2\/users\/2"}],"replies":[{"embeddable":true,"href":"https:\/\/www.iaavim.gob.ar\/index.php?rest_route=%2Fwp%2Fv2%2Fcomments&post=14325"}],"version-history":[{"count":2,"href":"https:\/\/www.iaavim.gob.ar\/index.php?rest_route=\/wp\/v2\/posts\/14325\/revisions"}],"predecessor-version":[{"id":14334,"href":"https:\/\/www.iaavim.gob.ar\/index.php?rest_route=\/wp\/v2\/posts\/14325\/revisions\/14334"}],"wp:featuredmedia":[{"embeddable":true,"href":"https:\/\/www.iaavim.gob.ar\/index.php?rest_route=\/wp\/v2\/media\/14331"}],"wp:attachment":[{"href":"https:\/\/www.iaavim.gob.ar\/index.php?rest_route=%2Fwp%2Fv2%2Fmedia&parent=14325"}],"wp:term":[{"taxonomy":"category","embeddable":true,"href":"https:\/\/www.iaavim.gob.ar\/index.php?rest_route=%2Fwp%2Fv2%2Fcategories&post=14325"},{"taxonomy":"post_tag","embeddable":true,"href":"https:\/\/www.iaavim.gob.ar\/index.php?rest_route=%2Fwp%2Fv2%2Ftags&post=14325"}],"curies":[{"name":"wp","href":"https:\/\/api.w.org\/{rel}","templated":true}]}}