{"id":14267,"date":"2024-10-10T11:19:31","date_gmt":"2024-10-10T14:19:31","guid":{"rendered":"https:\/\/www.iaavim.gob.ar\/?p=14267"},"modified":"2024-10-10T11:19:34","modified_gmt":"2024-10-10T14:19:34","slug":"el-maef-anuncia-los-proyectos-seleccionados-para-su-cuarta-edicion","status":"publish","type":"post","link":"https:\/\/www.iaavim.gob.ar\/?p=14267","title":{"rendered":"El MAEF anuncia los proyectos seleccionados para su cuarta edici\u00f3n"},"content":{"rendered":"\n<p>El Mercado Audiovisual Entre Fronteras (MAEF) anunci\u00f3 los proyectos que participar\u00e1n en su cuarta edici\u00f3n, que se realizar\u00e1&nbsp;<strong>del 18 al 20 de noviembre en la ciudad de Puerto Iguaz\u00fa<\/strong>. En total, se han seleccionado 17 propuestas destacadas por los comit\u00e9s de selecci\u00f3n de cada pa\u00eds involucrado.<\/p>\n\n\n\n<p>Este evento es co-organizado por el Instituto de Artes Audiovisuales de Misiones (IAAVIM), el Instituto Nacional del Audiovisual Paraguayo (INAP) y el Instituto Estadual de Cinema de Rio Grande do Sul (IECINE), con la Agencia del Cine y el Audiovisual del Uruguay (ACAU) como invitada especial por segundo a\u00f1o consecutivo.<\/p>\n\n\n\n<p><strong>Proyectos seleccionados<br><\/strong><\/p>\n\n\n\n<h3 class=\"wp-block-heading\">Argentina<\/h3>\n\n\n\n<ul class=\"wp-block-list\">\n<li><strong><em>SEED<\/em><\/strong><br>Direcci\u00f3n: Fernando Maldonado &#8211; Producci\u00f3n: Leandro Vital<\/li>\n\n\n\n<li><strong><em>BLACKOUT<\/em><\/strong><br>Direcci\u00f3n: Guillermo Rovira &#8211; Producci\u00f3n: Axel Mons\u00fa<\/li>\n\n\n\n<li><strong><em>RUTA IBEJI<\/em><\/strong><strong><\/strong><br>Direcci\u00f3n: Lucas Palacios &#8211; Producci\u00f3n: Sandra Grossi<\/li>\n\n\n\n<li><strong><em>LA FORMA DE LAS REGLAS<\/em><\/strong><strong><\/strong><br>Direcci\u00f3n: Guadalupe Acevedo &#8211; Producci\u00f3n: Recio Lula<\/li>\n\n\n\n<li><strong><em>EL PARA\u00cdSO<\/em><\/strong><strong><\/strong><br>Direcci\u00f3n: Guillermina Chiariglione &#8211; Producci\u00f3n: Luciano Pensa y Fremdina Bianco<\/li>\n<\/ul>\n\n\n\n<p><\/p>\n\n\n\n<h3 class=\"wp-block-heading\">Brasil<\/h3>\n\n\n\n<ul class=\"wp-block-list\">\n<li><strong><em>IRM\u00c3S DE SANGUE<\/em><\/strong><strong><\/strong><br>Direcci\u00f3n: Julia Ferreira &#8211; Producci\u00f3n: Eliton Oliveira y Natasha Murphy<\/li>\n\n\n\n<li><strong><em>A \u00daLTIMA PRAIA DO BRASIL<\/em><\/strong><strong><\/strong><br>Direcci\u00f3n: Boca Migotto &#8211; Producci\u00f3n: Beto Rodrigues, Fernanda Etzberger, BocMigotto y Juan Quint\u00e1ns<\/li>\n\n\n\n<li><strong><em>CA\u00c7A<\/em><\/strong><br>Direcci\u00f3n: Gabriela Poester &#8211; Producci\u00f3n: Henrique Lahude<\/li>\n\n\n\n<li><strong><em>PARADEIRO<\/em><\/strong><br>Direcci\u00f3n: Gilson Vargas &#8211; Producci\u00f3n: Mariana Mignot Schuster<\/li>\n\n\n\n<li><strong><em>M\u00c1FIA DO CROCH\u00ca<\/em><\/strong><strong><\/strong><br>Direcci\u00f3n: Juliano De Paula &#8211; Producci\u00f3n: Desir\u00e9e Portela<\/li>\n<\/ul>\n\n\n\n<p><\/p>\n\n\n\n<h3 class=\"wp-block-heading\">Paraguay<\/h3>\n\n\n\n<ul class=\"wp-block-list\">\n<li><strong><em>EL CRUCE<\/em><\/strong><strong><\/strong><br>Direcci\u00f3n: Ana Garc\u00eda Blaya &#8211; Producci\u00f3n: Pilar Ortiz, Coral Gabaglio y Fran Villalba<\/li>\n\n\n\n<li><strong><em>ESCAPE DEL PARAGUAY<\/em><\/strong><strong><\/strong><br>Direcci\u00f3n: Mar\u00eda Victoria Andino &#8211; Producci\u00f3n: Claudio Servin y Mar\u00eda Eugenia Lombardi<\/li>\n\n\n\n<li><strong><em>EL REY DEL AIRE<\/em><\/strong><strong><\/strong><br>Direcci\u00f3n: Elian Guerin y Mathias Maciel &#8211; Producci\u00f3n: Osvaldo Ortiz<\/li>\n\n\n\n<li><strong><em>FIEBRE<\/em><\/strong><br>Direcci\u00f3n: Diana Kuzeluk y Carolina Kuzeluk &#8211; Producci\u00f3n: Sady Barrios<\/li>\n\n\n\n<li><strong><em>Y QUI\u00c9N RECUERDA A LAS TRAIDORAS?<\/em><\/strong><br>Direcci\u00f3n y Producci\u00f3n: Arturo Maciel<\/li>\n<\/ul>\n\n\n\n<p><\/p>\n\n\n\n<h3 class=\"wp-block-heading\">Uruguay<\/h3>\n\n\n\n<ul class=\"wp-block-list\">\n<li><strong><em>CARNE<\/em><\/strong><br>Direcci\u00f3n: Tom\u00e1s Marichal Urb\u00e1n &#8211; Producci\u00f3n: Nicol\u00e1s Bottero<\/li>\n\n\n\n<li><strong><em>CAZA Y PESCA<\/em><\/strong><strong><\/strong><br>Direcci\u00f3n: Guillermo Carbonell &#8211; Producci\u00f3n: Pablo Fern\u00e1ndez Crosa y Pedro Lafferranderie<\/li>\n<\/ul>\n\n\n\n<p><\/p>\n\n\n\n<p>Despu\u00e9s de haber sido anfitriona del MAEF en su primera edici\u00f3n de 2019 en Posadas, Misiones se prepara nuevamente para recibir a destacados profesionales del sector. El programa de este a\u00f1o incluir\u00e1&nbsp;<strong>mesas de vinculaci\u00f3n y negocios (one to one), rondas de pitching de proyectos, paneles y charlas<\/strong>, as\u00ed como el&nbsp;<strong>lanzamiento de la Comisi\u00f3n de Filmaciones de Misiones<\/strong>. Tambi\u00e9n se llevar\u00e1n a cabo reuniones paralelas, incluyendo la creaci\u00f3n de la Comisi\u00f3n de Filmaciones de la Triple Frontera y un laboratorio de coproducci\u00f3n.<\/p>\n\n\n\n<p><a><\/a>El Mercado Audiovisual Entre Fronteras busca ser un punto de encuentro del sector audiovisual de la regi\u00f3n, con el fin de impulsar la internacionalizaci\u00f3n de los contenidos audiovisuales y transmedia. En un ambiente que promueve el acercamiento e intercambios entre los participantes, esta cuarta edici\u00f3n vincular\u00e1 nuevamente a los productores y players regionales e internacionales, para que puedan concretar ideas y generar nuevas oportunidades de negocio.<\/p>\n\n\n\n<p><\/p>\n\n\n\n<p><\/p>\n","protected":false},"excerpt":{"rendered":"<p>El Mercado Audiovisual Entre Fronteras (MAEF) anunci\u00f3 los proyectos que participar\u00e1n en su cuarta edici\u00f3n, que se realizar\u00e1&nbsp;del 18 al 20 de noviembre en la ciudad de Puerto Iguaz\u00fa. En total, se han seleccionado 17 propuestas destacadas por los comit\u00e9s de selecci\u00f3n de cada pa\u00eds involucrado. Este evento es co-organizado por el Instituto de Artes &hellip;<\/p>\n","protected":false},"author":2,"featured_media":14268,"comment_status":"closed","ping_status":"open","sticky":false,"template":"","format":"standard","meta":{"_acf_changed":false,"footnotes":""},"categories":[39],"tags":[1277,383,211],"class_list":["post-14267","post","type-post","status-publish","format-standard","has-post-thumbnail","hentry","category-noticias-del-iaavim","tag-iv-maef","tag-mercados-audiovisuales","tag-proyectos"],"acf":[],"yoast_head":"<!-- This site is optimized with the Yoast SEO plugin v27.4 - https:\/\/yoast.com\/product\/yoast-seo-wordpress\/ -->\n<title>El MAEF anuncia los proyectos seleccionados para su cuarta edici\u00f3n -<\/title>\n<meta name=\"robots\" content=\"index, follow, max-snippet:-1, max-image-preview:large, max-video-preview:-1\" \/>\n<link rel=\"canonical\" href=\"https:\/\/www.iaavim.gob.ar\/?p=14267\" \/>\n<meta property=\"og:locale\" content=\"es_ES\" \/>\n<meta property=\"og:type\" content=\"article\" \/>\n<meta property=\"og:title\" content=\"El MAEF anuncia los proyectos seleccionados para su cuarta edici\u00f3n -\" \/>\n<meta property=\"og:description\" content=\"El Mercado Audiovisual Entre Fronteras (MAEF) anunci\u00f3 los proyectos que participar\u00e1n en su cuarta edici\u00f3n, que se realizar\u00e1&nbsp;del 18 al 20 de noviembre en la ciudad de Puerto Iguaz\u00fa. En total, se han seleccionado 17 propuestas destacadas por los comit\u00e9s de selecci\u00f3n de cada pa\u00eds involucrado. Este evento es co-organizado por el Instituto de Artes &hellip;\" \/>\n<meta property=\"og:url\" content=\"https:\/\/www.iaavim.gob.ar\/?p=14267\" \/>\n<meta property=\"article:published_time\" content=\"2024-10-10T14:19:31+00:00\" \/>\n<meta property=\"article:modified_time\" content=\"2024-10-10T14:19:34+00:00\" \/>\n<meta property=\"og:image\" content=\"https:\/\/www.iaavim.gob.ar\/wp-content\/uploads\/2024\/10\/NEW-portada-sitio-1200x480-1.png\" \/>\n\t<meta property=\"og:image:width\" content=\"1200\" \/>\n\t<meta property=\"og:image:height\" content=\"480\" \/>\n\t<meta property=\"og:image:type\" content=\"image\/png\" \/>\n<meta name=\"author\" content=\"IAAviM\" \/>\n<meta name=\"twitter:card\" content=\"summary_large_image\" \/>\n<meta name=\"twitter:label1\" content=\"Escrito por\" \/>\n\t<meta name=\"twitter:data1\" content=\"IAAviM\" \/>\n\t<meta name=\"twitter:label2\" content=\"Tiempo de lectura\" \/>\n\t<meta name=\"twitter:data2\" content=\"3 minutos\" \/>\n<script type=\"application\/ld+json\" class=\"yoast-schema-graph\">{\"@context\":\"https:\\\/\\\/schema.org\",\"@graph\":[{\"@type\":\"Article\",\"@id\":\"https:\\\/\\\/www.iaavim.gob.ar\\\/?p=14267#article\",\"isPartOf\":{\"@id\":\"https:\\\/\\\/www.iaavim.gob.ar\\\/?p=14267\"},\"author\":{\"name\":\"IAAviM\",\"@id\":\"\\\/#\\\/schema\\\/person\\\/affb351a86bbbb5cdff3011db06ccf85\"},\"headline\":\"El MAEF anuncia los proyectos seleccionados para su cuarta edici\u00f3n\",\"datePublished\":\"2024-10-10T14:19:31+00:00\",\"dateModified\":\"2024-10-10T14:19:34+00:00\",\"mainEntityOfPage\":{\"@id\":\"https:\\\/\\\/www.iaavim.gob.ar\\\/?p=14267\"},\"wordCount\":526,\"publisher\":{\"@id\":\"\\\/#organization\"},\"image\":{\"@id\":\"https:\\\/\\\/www.iaavim.gob.ar\\\/?p=14267#primaryimage\"},\"thumbnailUrl\":\"https:\\\/\\\/www.iaavim.gob.ar\\\/wp-content\\\/uploads\\\/2024\\\/10\\\/NEW-portada-sitio-1200x480-1.png\",\"keywords\":[\"IV MAEF\",\"mercados audiovisuales\",\"proyectos\"],\"articleSection\":[\"Noticias del IAAviM\"],\"inLanguage\":\"es-AR\"},{\"@type\":\"WebPage\",\"@id\":\"https:\\\/\\\/www.iaavim.gob.ar\\\/?p=14267\",\"url\":\"https:\\\/\\\/www.iaavim.gob.ar\\\/?p=14267\",\"name\":\"El MAEF anuncia los proyectos seleccionados para su cuarta edici\u00f3n -\",\"isPartOf\":{\"@id\":\"\\\/#website\"},\"primaryImageOfPage\":{\"@id\":\"https:\\\/\\\/www.iaavim.gob.ar\\\/?p=14267#primaryimage\"},\"image\":{\"@id\":\"https:\\\/\\\/www.iaavim.gob.ar\\\/?p=14267#primaryimage\"},\"thumbnailUrl\":\"https:\\\/\\\/www.iaavim.gob.ar\\\/wp-content\\\/uploads\\\/2024\\\/10\\\/NEW-portada-sitio-1200x480-1.png\",\"datePublished\":\"2024-10-10T14:19:31+00:00\",\"dateModified\":\"2024-10-10T14:19:34+00:00\",\"breadcrumb\":{\"@id\":\"https:\\\/\\\/www.iaavim.gob.ar\\\/?p=14267#breadcrumb\"},\"inLanguage\":\"es-AR\",\"potentialAction\":[{\"@type\":\"ReadAction\",\"target\":[\"https:\\\/\\\/www.iaavim.gob.ar\\\/?p=14267\"]}]},{\"@type\":\"ImageObject\",\"inLanguage\":\"es-AR\",\"@id\":\"https:\\\/\\\/www.iaavim.gob.ar\\\/?p=14267#primaryimage\",\"url\":\"https:\\\/\\\/www.iaavim.gob.ar\\\/wp-content\\\/uploads\\\/2024\\\/10\\\/NEW-portada-sitio-1200x480-1.png\",\"contentUrl\":\"https:\\\/\\\/www.iaavim.gob.ar\\\/wp-content\\\/uploads\\\/2024\\\/10\\\/NEW-portada-sitio-1200x480-1.png\",\"width\":1200,\"height\":480},{\"@type\":\"BreadcrumbList\",\"@id\":\"https:\\\/\\\/www.iaavim.gob.ar\\\/?p=14267#breadcrumb\",\"itemListElement\":[{\"@type\":\"ListItem\",\"position\":1,\"name\":\"Inicio\",\"item\":\"https:\\\/\\\/www.iaavim.gob.ar\\\/\"},{\"@type\":\"ListItem\",\"position\":2,\"name\":\"El MAEF anuncia los proyectos seleccionados para su cuarta edici\u00f3n\"}]},{\"@type\":\"WebSite\",\"@id\":\"\\\/#website\",\"url\":\"\\\/\",\"name\":\"\",\"description\":\"Sitio oficial del IAAviM\",\"publisher\":{\"@id\":\"\\\/#organization\"},\"potentialAction\":[{\"@type\":\"SearchAction\",\"target\":{\"@type\":\"EntryPoint\",\"urlTemplate\":\"\\\/?s={search_term_string}\"},\"query-input\":{\"@type\":\"PropertyValueSpecification\",\"valueRequired\":true,\"valueName\":\"search_term_string\"}}],\"inLanguage\":\"es-AR\"},{\"@type\":\"Organization\",\"@id\":\"\\\/#organization\",\"name\":\"Instituto de Artes Audiovisuales de Misiones\",\"url\":\"\\\/\",\"logo\":{\"@type\":\"ImageObject\",\"inLanguage\":\"es-AR\",\"@id\":\"\\\/#\\\/schema\\\/logo\\\/image\\\/\",\"url\":\"https:\\\/\\\/iaavim.misiones.gob.ar\\\/wp-content\\\/uploads\\\/2021\\\/07\\\/logo-iaavim-preview.png.jpg\",\"contentUrl\":\"https:\\\/\\\/iaavim.misiones.gob.ar\\\/wp-content\\\/uploads\\\/2021\\\/07\\\/logo-iaavim-preview.png.jpg\",\"width\":1200,\"height\":675,\"caption\":\"Instituto de Artes Audiovisuales de Misiones\"},\"image\":{\"@id\":\"\\\/#\\\/schema\\\/logo\\\/image\\\/\"}},{\"@type\":\"Person\",\"@id\":\"\\\/#\\\/schema\\\/person\\\/affb351a86bbbb5cdff3011db06ccf85\",\"name\":\"IAAviM\",\"image\":{\"@type\":\"ImageObject\",\"inLanguage\":\"es-AR\",\"@id\":\"https:\\\/\\\/secure.gravatar.com\\\/avatar\\\/6a023e5ff426a571199af5d6ff7996bd89e8be946af83dc1c2624ad66151ed39?s=96&d=blank&r=g\",\"url\":\"https:\\\/\\\/secure.gravatar.com\\\/avatar\\\/6a023e5ff426a571199af5d6ff7996bd89e8be946af83dc1c2624ad66151ed39?s=96&d=blank&r=g\",\"contentUrl\":\"https:\\\/\\\/secure.gravatar.com\\\/avatar\\\/6a023e5ff426a571199af5d6ff7996bd89e8be946af83dc1c2624ad66151ed39?s=96&d=blank&r=g\",\"caption\":\"IAAviM\"},\"url\":\"https:\\\/\\\/www.iaavim.gob.ar\\\/?author=2\"}]}<\/script>\n<!-- \/ Yoast SEO plugin. -->","yoast_head_json":{"title":"El MAEF anuncia los proyectos seleccionados para su cuarta edici\u00f3n -","robots":{"index":"index","follow":"follow","max-snippet":"max-snippet:-1","max-image-preview":"max-image-preview:large","max-video-preview":"max-video-preview:-1"},"canonical":"https:\/\/www.iaavim.gob.ar\/?p=14267","og_locale":"es_ES","og_type":"article","og_title":"El MAEF anuncia los proyectos seleccionados para su cuarta edici\u00f3n -","og_description":"El Mercado Audiovisual Entre Fronteras (MAEF) anunci\u00f3 los proyectos que participar\u00e1n en su cuarta edici\u00f3n, que se realizar\u00e1&nbsp;del 18 al 20 de noviembre en la ciudad de Puerto Iguaz\u00fa. En total, se han seleccionado 17 propuestas destacadas por los comit\u00e9s de selecci\u00f3n de cada pa\u00eds involucrado. Este evento es co-organizado por el Instituto de Artes &hellip;","og_url":"https:\/\/www.iaavim.gob.ar\/?p=14267","article_published_time":"2024-10-10T14:19:31+00:00","article_modified_time":"2024-10-10T14:19:34+00:00","og_image":[{"width":1200,"height":480,"url":"https:\/\/www.iaavim.gob.ar\/wp-content\/uploads\/2024\/10\/NEW-portada-sitio-1200x480-1.png","type":"image\/png"}],"author":"IAAviM","twitter_card":"summary_large_image","twitter_misc":{"Escrito por":"IAAviM","Tiempo de lectura":"3 minutos"},"schema":{"@context":"https:\/\/schema.org","@graph":[{"@type":"Article","@id":"https:\/\/www.iaavim.gob.ar\/?p=14267#article","isPartOf":{"@id":"https:\/\/www.iaavim.gob.ar\/?p=14267"},"author":{"name":"IAAviM","@id":"\/#\/schema\/person\/affb351a86bbbb5cdff3011db06ccf85"},"headline":"El MAEF anuncia los proyectos seleccionados para su cuarta edici\u00f3n","datePublished":"2024-10-10T14:19:31+00:00","dateModified":"2024-10-10T14:19:34+00:00","mainEntityOfPage":{"@id":"https:\/\/www.iaavim.gob.ar\/?p=14267"},"wordCount":526,"publisher":{"@id":"\/#organization"},"image":{"@id":"https:\/\/www.iaavim.gob.ar\/?p=14267#primaryimage"},"thumbnailUrl":"https:\/\/www.iaavim.gob.ar\/wp-content\/uploads\/2024\/10\/NEW-portada-sitio-1200x480-1.png","keywords":["IV MAEF","mercados audiovisuales","proyectos"],"articleSection":["Noticias del IAAviM"],"inLanguage":"es-AR"},{"@type":"WebPage","@id":"https:\/\/www.iaavim.gob.ar\/?p=14267","url":"https:\/\/www.iaavim.gob.ar\/?p=14267","name":"El MAEF anuncia los proyectos seleccionados para su cuarta edici\u00f3n -","isPartOf":{"@id":"\/#website"},"primaryImageOfPage":{"@id":"https:\/\/www.iaavim.gob.ar\/?p=14267#primaryimage"},"image":{"@id":"https:\/\/www.iaavim.gob.ar\/?p=14267#primaryimage"},"thumbnailUrl":"https:\/\/www.iaavim.gob.ar\/wp-content\/uploads\/2024\/10\/NEW-portada-sitio-1200x480-1.png","datePublished":"2024-10-10T14:19:31+00:00","dateModified":"2024-10-10T14:19:34+00:00","breadcrumb":{"@id":"https:\/\/www.iaavim.gob.ar\/?p=14267#breadcrumb"},"inLanguage":"es-AR","potentialAction":[{"@type":"ReadAction","target":["https:\/\/www.iaavim.gob.ar\/?p=14267"]}]},{"@type":"ImageObject","inLanguage":"es-AR","@id":"https:\/\/www.iaavim.gob.ar\/?p=14267#primaryimage","url":"https:\/\/www.iaavim.gob.ar\/wp-content\/uploads\/2024\/10\/NEW-portada-sitio-1200x480-1.png","contentUrl":"https:\/\/www.iaavim.gob.ar\/wp-content\/uploads\/2024\/10\/NEW-portada-sitio-1200x480-1.png","width":1200,"height":480},{"@type":"BreadcrumbList","@id":"https:\/\/www.iaavim.gob.ar\/?p=14267#breadcrumb","itemListElement":[{"@type":"ListItem","position":1,"name":"Inicio","item":"https:\/\/www.iaavim.gob.ar\/"},{"@type":"ListItem","position":2,"name":"El MAEF anuncia los proyectos seleccionados para su cuarta edici\u00f3n"}]},{"@type":"WebSite","@id":"\/#website","url":"\/","name":"","description":"Sitio oficial del IAAviM","publisher":{"@id":"\/#organization"},"potentialAction":[{"@type":"SearchAction","target":{"@type":"EntryPoint","urlTemplate":"\/?s={search_term_string}"},"query-input":{"@type":"PropertyValueSpecification","valueRequired":true,"valueName":"search_term_string"}}],"inLanguage":"es-AR"},{"@type":"Organization","@id":"\/#organization","name":"Instituto de Artes Audiovisuales de Misiones","url":"\/","logo":{"@type":"ImageObject","inLanguage":"es-AR","@id":"\/#\/schema\/logo\/image\/","url":"https:\/\/iaavim.misiones.gob.ar\/wp-content\/uploads\/2021\/07\/logo-iaavim-preview.png.jpg","contentUrl":"https:\/\/iaavim.misiones.gob.ar\/wp-content\/uploads\/2021\/07\/logo-iaavim-preview.png.jpg","width":1200,"height":675,"caption":"Instituto de Artes Audiovisuales de Misiones"},"image":{"@id":"\/#\/schema\/logo\/image\/"}},{"@type":"Person","@id":"\/#\/schema\/person\/affb351a86bbbb5cdff3011db06ccf85","name":"IAAviM","image":{"@type":"ImageObject","inLanguage":"es-AR","@id":"https:\/\/secure.gravatar.com\/avatar\/6a023e5ff426a571199af5d6ff7996bd89e8be946af83dc1c2624ad66151ed39?s=96&d=blank&r=g","url":"https:\/\/secure.gravatar.com\/avatar\/6a023e5ff426a571199af5d6ff7996bd89e8be946af83dc1c2624ad66151ed39?s=96&d=blank&r=g","contentUrl":"https:\/\/secure.gravatar.com\/avatar\/6a023e5ff426a571199af5d6ff7996bd89e8be946af83dc1c2624ad66151ed39?s=96&d=blank&r=g","caption":"IAAviM"},"url":"https:\/\/www.iaavim.gob.ar\/?author=2"}]}},"amp_enabled":true,"_links":{"self":[{"href":"https:\/\/www.iaavim.gob.ar\/index.php?rest_route=\/wp\/v2\/posts\/14267","targetHints":{"allow":["GET"]}}],"collection":[{"href":"https:\/\/www.iaavim.gob.ar\/index.php?rest_route=\/wp\/v2\/posts"}],"about":[{"href":"https:\/\/www.iaavim.gob.ar\/index.php?rest_route=\/wp\/v2\/types\/post"}],"author":[{"embeddable":true,"href":"https:\/\/www.iaavim.gob.ar\/index.php?rest_route=\/wp\/v2\/users\/2"}],"replies":[{"embeddable":true,"href":"https:\/\/www.iaavim.gob.ar\/index.php?rest_route=%2Fwp%2Fv2%2Fcomments&post=14267"}],"version-history":[{"count":1,"href":"https:\/\/www.iaavim.gob.ar\/index.php?rest_route=\/wp\/v2\/posts\/14267\/revisions"}],"predecessor-version":[{"id":14269,"href":"https:\/\/www.iaavim.gob.ar\/index.php?rest_route=\/wp\/v2\/posts\/14267\/revisions\/14269"}],"wp:featuredmedia":[{"embeddable":true,"href":"https:\/\/www.iaavim.gob.ar\/index.php?rest_route=\/wp\/v2\/media\/14268"}],"wp:attachment":[{"href":"https:\/\/www.iaavim.gob.ar\/index.php?rest_route=%2Fwp%2Fv2%2Fmedia&parent=14267"}],"wp:term":[{"taxonomy":"category","embeddable":true,"href":"https:\/\/www.iaavim.gob.ar\/index.php?rest_route=%2Fwp%2Fv2%2Fcategories&post=14267"},{"taxonomy":"post_tag","embeddable":true,"href":"https:\/\/www.iaavim.gob.ar\/index.php?rest_route=%2Fwp%2Fv2%2Ftags&post=14267"}],"curies":[{"name":"wp","href":"https:\/\/api.w.org\/{rel}","templated":true}]}}