{"id":14196,"date":"2024-09-26T14:54:59","date_gmt":"2024-09-26T17:54:59","guid":{"rendered":"https:\/\/www.iaavim.gob.ar\/?p=14196"},"modified":"2024-09-26T15:00:51","modified_gmt":"2024-09-26T18:00:51","slug":"se-proyectara-en-posadas-un-clasico-del-cine-argentino-prisioneros-de-la-tierra","status":"publish","type":"post","link":"https:\/\/www.iaavim.gob.ar\/?p=14196","title":{"rendered":"Se proyectar\u00e1 en Posadas un cl\u00e1sico del cine argentino:\u00a0 &#8220;Prisioneros de la Tierra&#8221;"},"content":{"rendered":"\n<p>Este <strong>jueves 26 de septiembre<\/strong>, la m\u00edtica pel\u00edcula <strong>&#8220;Prisioneros de la Tierra&#8221;<\/strong> se proyectar\u00e1 en Posadas, <strong>con la presencia de Diego Soffici, sobrino nieto del director Mario Soffici<\/strong>. La funci\u00f3n, coorganizada por el <strong>Instituto de Artes Audiovisuales de Misiones<\/strong> (IAAVIM), la <strong>Universidad Cat\u00f3lica de Santa Fe<\/strong> (UCSF) y el <strong>Cineclub del Parque del Conocimiento<\/strong>, se llevar\u00e1 a cabo a las 19:30 hs en la sede de Posadas de la UCSF, y el <strong>viernes 27 de septiembre<\/strong> a las 19:45 hs en la Sala de Prosa del Parque del Conocimiento. Ambas proyecciones tendr\u00e1n <strong>entrada libre y gratuita<\/strong>, convirti\u00e9ndose en una oportunidad \u00fanica para redescubrir un hito cinematogr\u00e1fico.<\/p>\n\n\n\n<p>Basada en cuentos de Horacio Quiroga, con adaptaci\u00f3n de Dar\u00edo Quiroga y Ulyses Petit de Murat, la pel\u00edcula se inscribe en el drama social-folcl\u00f3rico. Ambientada en Misiones, a finales de la d\u00e9cada del 30, el filme narra la opresi\u00f3n y explotaci\u00f3n de los mens\u00faes, sometidos a condiciones inhumanas por los capataces y patrones yerbateros. Con un tono crudo y realista, la pel\u00edcula expone la lucha por la dignidad en un contexto de injusticia social.&nbsp;<\/p>\n\n\n\n<p>Al respecto, <strong>Diego Soffici <\/strong>destaca que &#8220;Prisioneros de la Tierra&#8221; es considerada <strong>una de las mejores obras de la cinematograf\u00eda nacional<\/strong> porque aborda en 1939 una tem\u00e1tica social que no hab\u00eda sido explorada antes en el cine argentino. &#8220;Es la primera pel\u00edcula que se mete en cuestiones sociales y sobre todo fuera de Buenos Aires, que tambi\u00e9n esto no hab\u00eda sucedido hasta ese momento&#8221;. Resalta tambi\u00e9n el <strong>estilo de realizaci\u00f3n<\/strong>, la <strong>calidad fotogr\u00e1fica<\/strong>, el <strong>tratamiento de los personajes<\/strong> con actuaciones notables y la <strong>inclusi\u00f3n de m\u00fasica que no fuera tango<\/strong> -para una \u00e9poca donde era el estilo musical imperante-, como las principales caracter\u00edsticas que hacen que esta obra sea considerada un cl\u00e1sico del cine argentino.<\/p>\n\n\n\n<p>La pel\u00edcula que se podr\u00e1 ver en Posadas <strong>fue restaurada digitalmente gracias a The Film Foundation de Martin Scorsese<\/strong>, permitiendo su recuperaci\u00f3n y preservaci\u00f3n. \u201cPara m\u00ed fue una alegr\u00eda inmensa porque es recuperar una pel\u00edcula que casi estaba perdida porque las copias que quedaban eran de una calidad bastante desastrosa de imagen y de sonido. Y es una alegr\u00eda inmensa porque, m\u00e1s all\u00e1 que sea de mi t\u00edo abuelo, es una pel\u00edcula necesaria, una pel\u00edcula que cambi\u00f3 la forma de hacer cine en la Argentina\u2026 la tem\u00e1tica, la filmaci\u00f3n en exteriores, salir de Buenos Aires, mostrar otra realidad y otros sujetos hist\u00f3ricos como son los trabajadores que hasta ese momento no participaban de la pantalla del cine argentino\u201d.<\/p>\n\n\n\n<p>Valor\u00f3 en este sentido que, ante los problemas de conservaci\u00f3n del patrimonio audiovisual en Argentina, la pel\u00edcula haya sido elegida entre otras joyas del cine a nivel universal por la fundaci\u00f3n de Scorsese. \u201cCreo que nos llena de orgullo a todos los argentinos y a m\u00ed como familiar ni te cuento, resalta su importancia en el contexto del cine cl\u00e1sico argentino y mundial. Es necesario que colaboren fundaciones de esta naturaleza&#8221;, dice, &#8220;y que sea la de Scorsese quiere decir que evidentemente la pel\u00edcula es grandiosa&#8221;.<\/p>\n\n\n\n<p><strong>Guillermo Rovira<\/strong>, cineasta obere\u00f1o y a cargo de la recientemente creada <strong>Cinemateca del Instituto de Artes Audiovisuales de Misiones<\/strong> que <em><strong>ser\u00e1 declarada de inter\u00e9s por la C\u00e1mara de Representantes de la Provincia<\/strong><\/em>, se\u00f1al\u00f3 que \u201ceste minucioso trabajo de recuperaci\u00f3n, completado en 2018, cobra mayor relevancia si consideramos que el 90% del cine silente y la mitad de las pel\u00edculas del cine cl\u00e1sico argentino se han perdido. Hoy, este valioso legado vuelve a la pantalla grande, permitiendo redescubrir un cap\u00edtulo fundamental del s\u00e9ptimo arte\u201d.<\/p>\n\n\n\n<p>La proyecci\u00f3n de &#8220;Prisioneros de la Tierra&#8221; en Posadas, Misiones, es especialmente significativa, ya que parte del rodaje se realiz\u00f3 en sus paisajes naturales. &#8220;Me parece una idea maravillosa y muy justo que se proyecte aqu\u00ed&#8221;, afirma Soffici. El tambi\u00e9n director, productor y docente de cine, concluy\u00f3 diciendo: \u201cest\u00e1 bueno que los j\u00f3venes o un p\u00fablico que nunca se encontr\u00f3 con esta pel\u00edcula, con este tipo de cine, se deje transportar a la \u00e9poca en que fue hecha y, si as\u00ed lo hace, va a encontrar que la bien llamada <strong>\u00e9poca de oro del cine argentino<\/strong> tiene bien merecido el nombre porque fueron pel\u00edculas que marcaron la historia\u201d.<\/p>\n\n\n\n<div style=\"height:31px\" aria-hidden=\"true\" class=\"wp-block-spacer\"><\/div>\n\n\n\n<figure class=\"wp-block-gallery has-nested-images columns-default is-cropped wp-block-gallery-1 is-layout-flex wp-block-gallery-is-layout-flex\">\n<figure class=\"wp-block-image size-full\"><a href=\"https:\/\/www.iaavim.gob.ar\/wp-content\/uploads\/2024\/09\/Diego-Soffici.jpg\"><img loading=\"lazy\" decoding=\"async\" width=\"1500\" height=\"1000\" data-id=\"14197\" src=\"https:\/\/www.iaavim.gob.ar\/wp-content\/uploads\/2024\/09\/Diego-Soffici.jpg\" alt=\"\" class=\"wp-image-14197\" srcset=\"https:\/\/www.iaavim.gob.ar\/wp-content\/uploads\/2024\/09\/Diego-Soffici.jpg 1500w, https:\/\/www.iaavim.gob.ar\/wp-content\/uploads\/2024\/09\/Diego-Soffici-300x200.jpg 300w, https:\/\/www.iaavim.gob.ar\/wp-content\/uploads\/2024\/09\/Diego-Soffici-1024x683.jpg 1024w, https:\/\/www.iaavim.gob.ar\/wp-content\/uploads\/2024\/09\/Diego-Soffici-768x512.jpg 768w\" sizes=\"auto, (max-width: 1500px) 100vw, 1500px\" \/><\/a><\/figure>\n\n\n\n<figure class=\"wp-block-image size-full\"><a href=\"https:\/\/www.iaavim.gob.ar\/wp-content\/uploads\/2024\/09\/Flyer-proyeccion-viernes-27-9.jpg\"><img loading=\"lazy\" decoding=\"async\" width=\"2000\" height=\"2000\" data-id=\"14198\" src=\"https:\/\/www.iaavim.gob.ar\/wp-content\/uploads\/2024\/09\/Flyer-proyeccion-viernes-27-9.jpg\" alt=\"\" class=\"wp-image-14198\" srcset=\"https:\/\/www.iaavim.gob.ar\/wp-content\/uploads\/2024\/09\/Flyer-proyeccion-viernes-27-9.jpg 2000w, https:\/\/www.iaavim.gob.ar\/wp-content\/uploads\/2024\/09\/Flyer-proyeccion-viernes-27-9-300x300.jpg 300w, https:\/\/www.iaavim.gob.ar\/wp-content\/uploads\/2024\/09\/Flyer-proyeccion-viernes-27-9-1024x1024.jpg 1024w, https:\/\/www.iaavim.gob.ar\/wp-content\/uploads\/2024\/09\/Flyer-proyeccion-viernes-27-9-150x150.jpg 150w, https:\/\/www.iaavim.gob.ar\/wp-content\/uploads\/2024\/09\/Flyer-proyeccion-viernes-27-9-768x768.jpg 768w, https:\/\/www.iaavim.gob.ar\/wp-content\/uploads\/2024\/09\/Flyer-proyeccion-viernes-27-9-1536x1536.jpg 1536w\" sizes=\"auto, (max-width: 2000px) 100vw, 2000px\" \/><\/a><\/figure>\n<\/figure>\n\n\n\n<div style=\"height:59px\" aria-hidden=\"true\" class=\"wp-block-spacer\"><\/div>\n\n\n\n<h3 class=\"wp-block-heading\">Posadas<\/h3>\n\n\n\n<ul class=\"wp-block-list\">\n<li>Jueves 26\/9 \/ 19.30 hs<br>Universidad Cat\u00f3lica de Santa Fe (Av. Rademacher 3943)&nbsp;<\/li>\n<\/ul>\n\n\n\n<ul class=\"wp-block-list\">\n<li>Viernes 27\/9 \/ 19.45 hs<br>&nbsp;Sala de Prosa del Parque del Conocimiento<\/li>\n<\/ul>\n\n\n\n<div style=\"height:141px\" aria-hidden=\"true\" class=\"wp-block-spacer\"><\/div>\n\n\n\n<p><\/p>\n","protected":false},"excerpt":{"rendered":"<p>Este jueves 26 de septiembre, la m\u00edtica pel\u00edcula &#8220;Prisioneros de la Tierra&#8221; se proyectar\u00e1 en Posadas, con la presencia de Diego Soffici, sobrino nieto del director Mario Soffici. La funci\u00f3n, coorganizada por el Instituto de Artes Audiovisuales de Misiones (IAAVIM), la Universidad Cat\u00f3lica de Santa Fe (UCSF) y el Cineclub del Parque del Conocimiento, se &hellip;<\/p>\n","protected":false},"author":2,"featured_media":14199,"comment_status":"closed","ping_status":"open","sticky":false,"template":"","format":"standard","meta":{"_acf_changed":false,"footnotes":""},"categories":[39],"tags":[981,1332,1323,1326,1321,201,1334,1325,1333,1324],"class_list":["post-14196","post","type-post","status-publish","format-standard","has-post-thumbnail","hentry","category-noticias-del-iaavim","tag-cine-argentino","tag-cine-clasico","tag-cineclub-del-parque","tag-cinemateca-iaavim","tag-diego-soffici","tag-guillermo-rovira","tag-martin-scorsese","tag-prisioneros-de-la-tierra","tag-the-film-foundation","tag-ucsf"],"acf":[],"yoast_head":"<!-- This site is optimized with the Yoast SEO plugin v27.4 - https:\/\/yoast.com\/product\/yoast-seo-wordpress\/ -->\n<title>Se proyectar\u00e1 en Posadas un cl\u00e1sico del cine argentino:\u00a0 &quot;Prisioneros de la Tierra&quot; - IAAviM<\/title>\n<meta name=\"description\" content=\"A trav\u00e9s del IAAviM, la UCSF y el Cineclub del Parque se podr\u00e1 ver en Posadas la versi\u00f3n restaurada del cl\u00e1sico &quot;Prisioneros de la tierra&quot;\" \/>\n<meta name=\"robots\" content=\"index, follow, max-snippet:-1, max-image-preview:large, max-video-preview:-1\" \/>\n<link rel=\"canonical\" href=\"https:\/\/www.iaavim.gob.ar\/?p=14196\" \/>\n<meta property=\"og:locale\" content=\"es_ES\" \/>\n<meta property=\"og:type\" content=\"article\" \/>\n<meta property=\"og:title\" content=\"Se proyectar\u00e1 en Posadas un cl\u00e1sico del cine argentino:\u00a0 &quot;Prisioneros de la Tierra&quot; - IAAviM\" \/>\n<meta property=\"og:description\" content=\"A trav\u00e9s del IAAviM, la UCSF y el Cineclub del Parque se podr\u00e1 ver en Posadas la versi\u00f3n restaurada del cl\u00e1sico &quot;Prisioneros de la tierra&quot;\" \/>\n<meta property=\"og:url\" content=\"https:\/\/www.iaavim.gob.ar\/?p=14196\" \/>\n<meta property=\"article:published_time\" content=\"2024-09-26T17:54:59+00:00\" \/>\n<meta property=\"article:modified_time\" content=\"2024-09-26T18:00:51+00:00\" \/>\n<meta property=\"og:image\" content=\"https:\/\/www.iaavim.gob.ar\/wp-content\/uploads\/2024\/09\/NEW-portada-sitio-1200x480-5.png\" \/>\n\t<meta property=\"og:image:width\" content=\"1200\" \/>\n\t<meta property=\"og:image:height\" content=\"480\" \/>\n\t<meta property=\"og:image:type\" content=\"image\/png\" \/>\n<meta name=\"author\" content=\"IAAviM\" \/>\n<meta name=\"twitter:card\" content=\"summary_large_image\" \/>\n<meta name=\"twitter:label1\" content=\"Escrito por\" \/>\n\t<meta name=\"twitter:data1\" content=\"IAAviM\" \/>\n\t<meta name=\"twitter:label2\" content=\"Tiempo de lectura\" \/>\n\t<meta name=\"twitter:data2\" content=\"4 minutos\" \/>\n<script type=\"application\/ld+json\" class=\"yoast-schema-graph\">{\"@context\":\"https:\\\/\\\/schema.org\",\"@graph\":[{\"@type\":\"Article\",\"@id\":\"https:\\\/\\\/www.iaavim.gob.ar\\\/?p=14196#article\",\"isPartOf\":{\"@id\":\"https:\\\/\\\/www.iaavim.gob.ar\\\/?p=14196\"},\"author\":{\"name\":\"IAAviM\",\"@id\":\"\\\/#\\\/schema\\\/person\\\/affb351a86bbbb5cdff3011db06ccf85\"},\"headline\":\"Se proyectar\u00e1 en Posadas un cl\u00e1sico del cine argentino:\u00a0 &#8220;Prisioneros de la Tierra&#8221;\",\"datePublished\":\"2024-09-26T17:54:59+00:00\",\"dateModified\":\"2024-09-26T18:00:51+00:00\",\"mainEntityOfPage\":{\"@id\":\"https:\\\/\\\/www.iaavim.gob.ar\\\/?p=14196\"},\"wordCount\":780,\"publisher\":{\"@id\":\"\\\/#organization\"},\"image\":{\"@id\":\"https:\\\/\\\/www.iaavim.gob.ar\\\/?p=14196#primaryimage\"},\"thumbnailUrl\":\"https:\\\/\\\/www.iaavim.gob.ar\\\/wp-content\\\/uploads\\\/2024\\\/09\\\/NEW-portada-sitio-1200x480-5.png\",\"keywords\":[\"cine argentino\",\"cine cl\u00e1sico\",\"Cineclub del Parque\",\"Cinemateca IAAviM\",\"Diego Soffici\",\"Guillermo Rovira\",\"Martin Scorsese\",\"Prisioneros de la tierra\",\"The Film Foundation\",\"UCSF\"],\"articleSection\":[\"Noticias del IAAviM\"],\"inLanguage\":\"es-AR\"},{\"@type\":\"WebPage\",\"@id\":\"https:\\\/\\\/www.iaavim.gob.ar\\\/?p=14196\",\"url\":\"https:\\\/\\\/www.iaavim.gob.ar\\\/?p=14196\",\"name\":\"Se proyectar\u00e1 en Posadas un cl\u00e1sico del cine argentino:\u00a0 \\\"Prisioneros de la Tierra\\\" - IAAviM\",\"isPartOf\":{\"@id\":\"\\\/#website\"},\"primaryImageOfPage\":{\"@id\":\"https:\\\/\\\/www.iaavim.gob.ar\\\/?p=14196#primaryimage\"},\"image\":{\"@id\":\"https:\\\/\\\/www.iaavim.gob.ar\\\/?p=14196#primaryimage\"},\"thumbnailUrl\":\"https:\\\/\\\/www.iaavim.gob.ar\\\/wp-content\\\/uploads\\\/2024\\\/09\\\/NEW-portada-sitio-1200x480-5.png\",\"datePublished\":\"2024-09-26T17:54:59+00:00\",\"dateModified\":\"2024-09-26T18:00:51+00:00\",\"description\":\"A trav\u00e9s del IAAviM, la UCSF y el Cineclub del Parque se podr\u00e1 ver en Posadas la versi\u00f3n restaurada del cl\u00e1sico \\\"Prisioneros de la tierra\\\"\",\"breadcrumb\":{\"@id\":\"https:\\\/\\\/www.iaavim.gob.ar\\\/?p=14196#breadcrumb\"},\"inLanguage\":\"es-AR\",\"potentialAction\":[{\"@type\":\"ReadAction\",\"target\":[\"https:\\\/\\\/www.iaavim.gob.ar\\\/?p=14196\"]}]},{\"@type\":\"ImageObject\",\"inLanguage\":\"es-AR\",\"@id\":\"https:\\\/\\\/www.iaavim.gob.ar\\\/?p=14196#primaryimage\",\"url\":\"https:\\\/\\\/www.iaavim.gob.ar\\\/wp-content\\\/uploads\\\/2024\\\/09\\\/NEW-portada-sitio-1200x480-5.png\",\"contentUrl\":\"https:\\\/\\\/www.iaavim.gob.ar\\\/wp-content\\\/uploads\\\/2024\\\/09\\\/NEW-portada-sitio-1200x480-5.png\",\"width\":1200,\"height\":480},{\"@type\":\"BreadcrumbList\",\"@id\":\"https:\\\/\\\/www.iaavim.gob.ar\\\/?p=14196#breadcrumb\",\"itemListElement\":[{\"@type\":\"ListItem\",\"position\":1,\"name\":\"Inicio\",\"item\":\"https:\\\/\\\/www.iaavim.gob.ar\\\/\"},{\"@type\":\"ListItem\",\"position\":2,\"name\":\"Se proyectar\u00e1 en Posadas un cl\u00e1sico del cine argentino:\u00a0 &#8220;Prisioneros de la Tierra&#8221;\"}]},{\"@type\":\"WebSite\",\"@id\":\"\\\/#website\",\"url\":\"\\\/\",\"name\":\"\",\"description\":\"Sitio oficial del IAAviM\",\"publisher\":{\"@id\":\"\\\/#organization\"},\"potentialAction\":[{\"@type\":\"SearchAction\",\"target\":{\"@type\":\"EntryPoint\",\"urlTemplate\":\"\\\/?s={search_term_string}\"},\"query-input\":{\"@type\":\"PropertyValueSpecification\",\"valueRequired\":true,\"valueName\":\"search_term_string\"}}],\"inLanguage\":\"es-AR\"},{\"@type\":\"Organization\",\"@id\":\"\\\/#organization\",\"name\":\"Instituto de Artes Audiovisuales de Misiones\",\"url\":\"\\\/\",\"logo\":{\"@type\":\"ImageObject\",\"inLanguage\":\"es-AR\",\"@id\":\"\\\/#\\\/schema\\\/logo\\\/image\\\/\",\"url\":\"https:\\\/\\\/iaavim.misiones.gob.ar\\\/wp-content\\\/uploads\\\/2021\\\/07\\\/logo-iaavim-preview.png.jpg\",\"contentUrl\":\"https:\\\/\\\/iaavim.misiones.gob.ar\\\/wp-content\\\/uploads\\\/2021\\\/07\\\/logo-iaavim-preview.png.jpg\",\"width\":1200,\"height\":675,\"caption\":\"Instituto de Artes Audiovisuales de Misiones\"},\"image\":{\"@id\":\"\\\/#\\\/schema\\\/logo\\\/image\\\/\"}},{\"@type\":\"Person\",\"@id\":\"\\\/#\\\/schema\\\/person\\\/affb351a86bbbb5cdff3011db06ccf85\",\"name\":\"IAAviM\",\"image\":{\"@type\":\"ImageObject\",\"inLanguage\":\"es-AR\",\"@id\":\"https:\\\/\\\/secure.gravatar.com\\\/avatar\\\/6a023e5ff426a571199af5d6ff7996bd89e8be946af83dc1c2624ad66151ed39?s=96&d=blank&r=g\",\"url\":\"https:\\\/\\\/secure.gravatar.com\\\/avatar\\\/6a023e5ff426a571199af5d6ff7996bd89e8be946af83dc1c2624ad66151ed39?s=96&d=blank&r=g\",\"contentUrl\":\"https:\\\/\\\/secure.gravatar.com\\\/avatar\\\/6a023e5ff426a571199af5d6ff7996bd89e8be946af83dc1c2624ad66151ed39?s=96&d=blank&r=g\",\"caption\":\"IAAviM\"},\"url\":\"https:\\\/\\\/www.iaavim.gob.ar\\\/?author=2\"}]}<\/script>\n<!-- \/ Yoast SEO plugin. -->","yoast_head_json":{"title":"Se proyectar\u00e1 en Posadas un cl\u00e1sico del cine argentino:\u00a0 \"Prisioneros de la Tierra\" - IAAviM","description":"A trav\u00e9s del IAAviM, la UCSF y el Cineclub del Parque se podr\u00e1 ver en Posadas la versi\u00f3n restaurada del cl\u00e1sico \"Prisioneros de la tierra\"","robots":{"index":"index","follow":"follow","max-snippet":"max-snippet:-1","max-image-preview":"max-image-preview:large","max-video-preview":"max-video-preview:-1"},"canonical":"https:\/\/www.iaavim.gob.ar\/?p=14196","og_locale":"es_ES","og_type":"article","og_title":"Se proyectar\u00e1 en Posadas un cl\u00e1sico del cine argentino:\u00a0 \"Prisioneros de la Tierra\" - IAAviM","og_description":"A trav\u00e9s del IAAviM, la UCSF y el Cineclub del Parque se podr\u00e1 ver en Posadas la versi\u00f3n restaurada del cl\u00e1sico \"Prisioneros de la tierra\"","og_url":"https:\/\/www.iaavim.gob.ar\/?p=14196","article_published_time":"2024-09-26T17:54:59+00:00","article_modified_time":"2024-09-26T18:00:51+00:00","og_image":[{"width":1200,"height":480,"url":"https:\/\/www.iaavim.gob.ar\/wp-content\/uploads\/2024\/09\/NEW-portada-sitio-1200x480-5.png","type":"image\/png"}],"author":"IAAviM","twitter_card":"summary_large_image","twitter_misc":{"Escrito por":"IAAviM","Tiempo de lectura":"4 minutos"},"schema":{"@context":"https:\/\/schema.org","@graph":[{"@type":"Article","@id":"https:\/\/www.iaavim.gob.ar\/?p=14196#article","isPartOf":{"@id":"https:\/\/www.iaavim.gob.ar\/?p=14196"},"author":{"name":"IAAviM","@id":"\/#\/schema\/person\/affb351a86bbbb5cdff3011db06ccf85"},"headline":"Se proyectar\u00e1 en Posadas un cl\u00e1sico del cine argentino:\u00a0 &#8220;Prisioneros de la Tierra&#8221;","datePublished":"2024-09-26T17:54:59+00:00","dateModified":"2024-09-26T18:00:51+00:00","mainEntityOfPage":{"@id":"https:\/\/www.iaavim.gob.ar\/?p=14196"},"wordCount":780,"publisher":{"@id":"\/#organization"},"image":{"@id":"https:\/\/www.iaavim.gob.ar\/?p=14196#primaryimage"},"thumbnailUrl":"https:\/\/www.iaavim.gob.ar\/wp-content\/uploads\/2024\/09\/NEW-portada-sitio-1200x480-5.png","keywords":["cine argentino","cine cl\u00e1sico","Cineclub del Parque","Cinemateca IAAviM","Diego Soffici","Guillermo Rovira","Martin Scorsese","Prisioneros de la tierra","The Film Foundation","UCSF"],"articleSection":["Noticias del IAAviM"],"inLanguage":"es-AR"},{"@type":"WebPage","@id":"https:\/\/www.iaavim.gob.ar\/?p=14196","url":"https:\/\/www.iaavim.gob.ar\/?p=14196","name":"Se proyectar\u00e1 en Posadas un cl\u00e1sico del cine argentino:\u00a0 \"Prisioneros de la Tierra\" - IAAviM","isPartOf":{"@id":"\/#website"},"primaryImageOfPage":{"@id":"https:\/\/www.iaavim.gob.ar\/?p=14196#primaryimage"},"image":{"@id":"https:\/\/www.iaavim.gob.ar\/?p=14196#primaryimage"},"thumbnailUrl":"https:\/\/www.iaavim.gob.ar\/wp-content\/uploads\/2024\/09\/NEW-portada-sitio-1200x480-5.png","datePublished":"2024-09-26T17:54:59+00:00","dateModified":"2024-09-26T18:00:51+00:00","description":"A trav\u00e9s del IAAviM, la UCSF y el Cineclub del Parque se podr\u00e1 ver en Posadas la versi\u00f3n restaurada del cl\u00e1sico \"Prisioneros de la tierra\"","breadcrumb":{"@id":"https:\/\/www.iaavim.gob.ar\/?p=14196#breadcrumb"},"inLanguage":"es-AR","potentialAction":[{"@type":"ReadAction","target":["https:\/\/www.iaavim.gob.ar\/?p=14196"]}]},{"@type":"ImageObject","inLanguage":"es-AR","@id":"https:\/\/www.iaavim.gob.ar\/?p=14196#primaryimage","url":"https:\/\/www.iaavim.gob.ar\/wp-content\/uploads\/2024\/09\/NEW-portada-sitio-1200x480-5.png","contentUrl":"https:\/\/www.iaavim.gob.ar\/wp-content\/uploads\/2024\/09\/NEW-portada-sitio-1200x480-5.png","width":1200,"height":480},{"@type":"BreadcrumbList","@id":"https:\/\/www.iaavim.gob.ar\/?p=14196#breadcrumb","itemListElement":[{"@type":"ListItem","position":1,"name":"Inicio","item":"https:\/\/www.iaavim.gob.ar\/"},{"@type":"ListItem","position":2,"name":"Se proyectar\u00e1 en Posadas un cl\u00e1sico del cine argentino:\u00a0 &#8220;Prisioneros de la Tierra&#8221;"}]},{"@type":"WebSite","@id":"\/#website","url":"\/","name":"","description":"Sitio oficial del IAAviM","publisher":{"@id":"\/#organization"},"potentialAction":[{"@type":"SearchAction","target":{"@type":"EntryPoint","urlTemplate":"\/?s={search_term_string}"},"query-input":{"@type":"PropertyValueSpecification","valueRequired":true,"valueName":"search_term_string"}}],"inLanguage":"es-AR"},{"@type":"Organization","@id":"\/#organization","name":"Instituto de Artes Audiovisuales de Misiones","url":"\/","logo":{"@type":"ImageObject","inLanguage":"es-AR","@id":"\/#\/schema\/logo\/image\/","url":"https:\/\/iaavim.misiones.gob.ar\/wp-content\/uploads\/2021\/07\/logo-iaavim-preview.png.jpg","contentUrl":"https:\/\/iaavim.misiones.gob.ar\/wp-content\/uploads\/2021\/07\/logo-iaavim-preview.png.jpg","width":1200,"height":675,"caption":"Instituto de Artes Audiovisuales de Misiones"},"image":{"@id":"\/#\/schema\/logo\/image\/"}},{"@type":"Person","@id":"\/#\/schema\/person\/affb351a86bbbb5cdff3011db06ccf85","name":"IAAviM","image":{"@type":"ImageObject","inLanguage":"es-AR","@id":"https:\/\/secure.gravatar.com\/avatar\/6a023e5ff426a571199af5d6ff7996bd89e8be946af83dc1c2624ad66151ed39?s=96&d=blank&r=g","url":"https:\/\/secure.gravatar.com\/avatar\/6a023e5ff426a571199af5d6ff7996bd89e8be946af83dc1c2624ad66151ed39?s=96&d=blank&r=g","contentUrl":"https:\/\/secure.gravatar.com\/avatar\/6a023e5ff426a571199af5d6ff7996bd89e8be946af83dc1c2624ad66151ed39?s=96&d=blank&r=g","caption":"IAAviM"},"url":"https:\/\/www.iaavim.gob.ar\/?author=2"}]}},"amp_enabled":true,"_links":{"self":[{"href":"https:\/\/www.iaavim.gob.ar\/index.php?rest_route=\/wp\/v2\/posts\/14196","targetHints":{"allow":["GET"]}}],"collection":[{"href":"https:\/\/www.iaavim.gob.ar\/index.php?rest_route=\/wp\/v2\/posts"}],"about":[{"href":"https:\/\/www.iaavim.gob.ar\/index.php?rest_route=\/wp\/v2\/types\/post"}],"author":[{"embeddable":true,"href":"https:\/\/www.iaavim.gob.ar\/index.php?rest_route=\/wp\/v2\/users\/2"}],"replies":[{"embeddable":true,"href":"https:\/\/www.iaavim.gob.ar\/index.php?rest_route=%2Fwp%2Fv2%2Fcomments&post=14196"}],"version-history":[{"count":2,"href":"https:\/\/www.iaavim.gob.ar\/index.php?rest_route=\/wp\/v2\/posts\/14196\/revisions"}],"predecessor-version":[{"id":14202,"href":"https:\/\/www.iaavim.gob.ar\/index.php?rest_route=\/wp\/v2\/posts\/14196\/revisions\/14202"}],"wp:featuredmedia":[{"embeddable":true,"href":"https:\/\/www.iaavim.gob.ar\/index.php?rest_route=\/wp\/v2\/media\/14199"}],"wp:attachment":[{"href":"https:\/\/www.iaavim.gob.ar\/index.php?rest_route=%2Fwp%2Fv2%2Fmedia&parent=14196"}],"wp:term":[{"taxonomy":"category","embeddable":true,"href":"https:\/\/www.iaavim.gob.ar\/index.php?rest_route=%2Fwp%2Fv2%2Fcategories&post=14196"},{"taxonomy":"post_tag","embeddable":true,"href":"https:\/\/www.iaavim.gob.ar\/index.php?rest_route=%2Fwp%2Fv2%2Ftags&post=14196"}],"curies":[{"name":"wp","href":"https:\/\/api.w.org\/{rel}","templated":true}]}}