{"id":14038,"date":"2024-08-22T12:52:41","date_gmt":"2024-08-22T15:52:41","guid":{"rendered":"https:\/\/www.iaavim.gob.ar\/?p=14038"},"modified":"2024-08-23T20:01:26","modified_gmt":"2024-08-23T23:01:26","slug":"convocatorias-abiertas-del-programa-de-formacion-y-promocion-audiovisual-del-iaavim","status":"publish","type":"post","link":"https:\/\/www.iaavim.gob.ar\/?p=14038","title":{"rendered":"Convocatorias abiertas del Programa de Formaci\u00f3n y Promoci\u00f3n Audiovisual del IAAVIM"},"content":{"rendered":"\n<p>El Instituto de Artes Audiovisuales de Misiones (IAAVIM), como parte de su pol\u00edtica de acompa\u00f1amiento al desarrollo del sector audiovisual local, abre la convocatoria a su<strong> Programa de Formaci\u00f3n y Promoci\u00f3n Audiovisual <\/strong>para el cuarto trimestre del a\u00f1o. Esta iniciativa, trabajada y aprobada por el Consejo Directivo del IAAVIM, tiene como objetivo contribuir al crecimiento de la actividad en toda la provincia, a trav\u00e9s del otorgamiento de becas para la formaci\u00f3n espec\u00edfica y la realizaci\u00f3n de pr\u00e1cticas formativas.&nbsp;<\/p>\n\n\n\n<p>El llamado estar\u00e1 abierto<strong> hasta el 8 de septiembre <\/strong>y est\u00e1 dirigido exclusivamente a <strong>personas inscriptas en el Registro Provincial del Audiovisual (Re.P.A.) con una antig\u00fcedad m\u00ednima de un a\u00f1o<\/strong>, de los cuatro distritos audiovisuales, que est\u00e9n interesadas en acceder a distintas instancias que les permitan incrementar sus conocimientos y capacidades profesionales.<\/p>\n\n\n\n<p>De esta manera, el Programa de Formaci\u00f3n y Promoci\u00f3n Audiovisual presenta tres l\u00edneas de convocatoria. Por un lado, <strong>se becar\u00e1 formaciones profesionales espec\u00edficas<\/strong> para las cuales las personas interesadas deber\u00e1n brindar detalles de la titulaci\u00f3n, duraci\u00f3n y costo. Asimismo, los beneficiarios de esta l\u00ednea deber\u00e1n realizar, como contraprestaci\u00f3n, una charla o taller en donde se comparta con la comunidad, sea el sector audiovisual, escuelas, instituciones p\u00fablicas, organizaciones no gubernamentales, espacios culturales, etc. Otra de las l\u00edneas tiene que ver con la posibilidad de realizar <strong>pr\u00e1cticas formativas en distintas \u00e1reas t\u00e9cnicas del IAAVIM<\/strong>, para lo cual se informar\u00e1n previamente los requisitos y necesidades de cada \u00e1rea; y en tercer lugar se podr\u00e1n postular<strong> proyectos de capacitaciones como ser talleres, cursos, seminarios y\/o actividades siempre destinadas a la comunidad<\/strong>.&nbsp;<\/p>\n\n\n\n<p>Se seleccionar\u00e1n dos iniciativas que recibir\u00e1n cada una una beca de tres meses de duraci\u00f3n (octubre, noviembre y diciembre), por un importe de $525.000 ($175.000 mensuales).&nbsp;<\/p>\n\n\n\n<p>Cabe destacar que anteriormente se otorgaron becas a cuatro integrantes del Registro Provincial del Audiovisual. Los primeros beneficiarios fueron Nabila Zampaca, del Distrito Audiovisual Sur, quien realiz\u00f3 un curso de animaci\u00f3n que le permiti\u00f3 adquirir conocimientos en este g\u00e9nero; y Camila Acosta, del Distrito Uruguay, brind\u00f3 apoyo para el relevamiento de proyectos llevado adelante por el \u00e1rea de Fomento del Instituto. A su vez, Alejandro Rouel Coronel, del Distrito Norte, organiz\u00f3 exhibiciones en la sala del Cineclub Inquietx para la comunidad de Eldorado; y Ariel Almada, del Distrito Paran\u00e1, brind\u00f3 talleres de animaci\u00f3n en su distrito.<\/p>\n\n\n\n<p>Las bases, el formulario de inscripci\u00f3n y los anexos est\u00e1n disponibles en la siguiente entrada del sitio:<\/p>\n\n\n\n<div style=\"height:25px\" aria-hidden=\"true\" class=\"wp-block-spacer\"><\/div>\n\n\n\n<figure class=\"wp-block-embed is-type-wp-embed is-provider-instituto-de-artes-audiovisuales-de-misiones wp-block-embed-instituto-de-artes-audiovisuales-de-misiones\"><div class=\"wp-block-embed__wrapper\">\n<blockquote class=\"wp-embedded-content\" data-secret=\"AMRY66U4nt\"><a href=\"https:\/\/www.iaavim.gob.ar\/?p=14061\">Inscripci\u00f3n a becas<\/a><\/blockquote><iframe loading=\"lazy\" class=\"wp-embedded-content\" sandbox=\"allow-scripts\" security=\"restricted\" style=\"position: absolute; visibility: hidden;\" title=\"&#8220;Inscripci\u00f3n a becas&#8221; &#8212; Instituto de Artes Audiovisuales de Misiones\" src=\"https:\/\/www.iaavim.gob.ar\/?p=14061&#038;embed=true#?secret=fSVoxQKBf2#?secret=AMRY66U4nt\" data-secret=\"AMRY66U4nt\" width=\"500\" height=\"282\" frameborder=\"0\" marginwidth=\"0\" marginheight=\"0\" scrolling=\"no\"><\/iframe>\n<\/div><\/figure>\n\n\n\n<div style=\"height:100px\" aria-hidden=\"true\" class=\"wp-block-spacer\"><\/div>\n","protected":false},"excerpt":{"rendered":"<p>El Instituto de Artes Audiovisuales de Misiones (IAAVIM), como parte de su pol\u00edtica de acompa\u00f1amiento al desarrollo del sector audiovisual local, abre la convocatoria a su Programa de Formaci\u00f3n y Promoci\u00f3n Audiovisual para el cuarto trimestre del a\u00f1o. Esta iniciativa, trabajada y aprobada por el Consejo Directivo del IAAVIM, tiene como objetivo contribuir al crecimiento &hellip;<\/p>\n","protected":false},"author":2,"featured_media":14039,"comment_status":"closed","ping_status":"open","sticky":false,"template":"","format":"standard","meta":{"_acf_changed":false,"footnotes":""},"categories":[39],"tags":[578,53,73,1299,1298],"class_list":["post-14038","post","type-post","status-publish","format-standard","has-post-thumbnail","hentry","category-noticias-del-iaavim","tag-becas","tag-capacitacion","tag-convocatoria","tag-practicas-formativas","tag-programa-de-formacion-y-promocion-audiovisual-del-iaavim"],"acf":[],"yoast_head":"<!-- This site is optimized with the Yoast SEO plugin v27.4 - https:\/\/yoast.com\/product\/yoast-seo-wordpress\/ -->\n<title>Convocatorias abiertas del Programa de Formaci\u00f3n y Promoci\u00f3n Audiovisual del IAAVIM - IAAviM<\/title>\n<meta name=\"description\" content=\"El IAAVIM abre la convocatoria a su Programa de Formaci\u00f3n y Promoci\u00f3n Audiovisual para el cuarto trimestre del a\u00f1o.\" \/>\n<meta name=\"robots\" content=\"index, follow, max-snippet:-1, max-image-preview:large, max-video-preview:-1\" \/>\n<link rel=\"canonical\" href=\"https:\/\/www.iaavim.gob.ar\/?p=14038\" \/>\n<meta property=\"og:locale\" content=\"es_ES\" \/>\n<meta property=\"og:type\" content=\"article\" \/>\n<meta property=\"og:title\" content=\"Convocatorias abiertas del Programa de Formaci\u00f3n y Promoci\u00f3n Audiovisual del IAAVIM - IAAviM\" \/>\n<meta property=\"og:description\" content=\"El IAAVIM abre la convocatoria a su Programa de Formaci\u00f3n y Promoci\u00f3n Audiovisual para el cuarto trimestre del a\u00f1o.\" \/>\n<meta property=\"og:url\" content=\"https:\/\/www.iaavim.gob.ar\/?p=14038\" \/>\n<meta property=\"article:published_time\" content=\"2024-08-22T15:52:41+00:00\" \/>\n<meta property=\"article:modified_time\" content=\"2024-08-23T23:01:26+00:00\" \/>\n<meta property=\"og:image\" content=\"https:\/\/www.iaavim.gob.ar\/wp-content\/uploads\/2024\/08\/NEW-portada-sitio-1200x480-30.png\" \/>\n\t<meta property=\"og:image:width\" content=\"1200\" \/>\n\t<meta property=\"og:image:height\" content=\"480\" \/>\n\t<meta property=\"og:image:type\" content=\"image\/png\" \/>\n<meta name=\"author\" content=\"IAAviM\" \/>\n<meta name=\"twitter:card\" content=\"summary_large_image\" \/>\n<meta name=\"twitter:label1\" content=\"Escrito por\" \/>\n\t<meta name=\"twitter:data1\" content=\"IAAviM\" \/>\n\t<meta name=\"twitter:label2\" content=\"Tiempo de lectura\" \/>\n\t<meta name=\"twitter:data2\" content=\"3 minutos\" \/>\n<script type=\"application\/ld+json\" class=\"yoast-schema-graph\">{\"@context\":\"https:\\\/\\\/schema.org\",\"@graph\":[{\"@type\":\"Article\",\"@id\":\"https:\\\/\\\/www.iaavim.gob.ar\\\/?p=14038#article\",\"isPartOf\":{\"@id\":\"https:\\\/\\\/www.iaavim.gob.ar\\\/?p=14038\"},\"author\":{\"name\":\"IAAviM\",\"@id\":\"\\\/#\\\/schema\\\/person\\\/affb351a86bbbb5cdff3011db06ccf85\"},\"headline\":\"Convocatorias abiertas del Programa de Formaci\u00f3n y Promoci\u00f3n Audiovisual del IAAVIM\",\"datePublished\":\"2024-08-22T15:52:41+00:00\",\"dateModified\":\"2024-08-23T23:01:26+00:00\",\"mainEntityOfPage\":{\"@id\":\"https:\\\/\\\/www.iaavim.gob.ar\\\/?p=14038\"},\"wordCount\":456,\"publisher\":{\"@id\":\"\\\/#organization\"},\"image\":{\"@id\":\"https:\\\/\\\/www.iaavim.gob.ar\\\/?p=14038#primaryimage\"},\"thumbnailUrl\":\"https:\\\/\\\/www.iaavim.gob.ar\\\/wp-content\\\/uploads\\\/2024\\\/08\\\/NEW-portada-sitio-1200x480-30.png\",\"keywords\":[\"becas\",\"capacitaci\u00f3n\",\"convocatoria\",\"pr\u00e1cticas formativas\",\"Programa de Formaci\u00f3n y Promoci\u00f3n Audiovisual del IAAVIM\"],\"articleSection\":[\"Noticias del IAAviM\"],\"inLanguage\":\"es-AR\"},{\"@type\":\"WebPage\",\"@id\":\"https:\\\/\\\/www.iaavim.gob.ar\\\/?p=14038\",\"url\":\"https:\\\/\\\/www.iaavim.gob.ar\\\/?p=14038\",\"name\":\"Convocatorias abiertas del Programa de Formaci\u00f3n y Promoci\u00f3n Audiovisual del IAAVIM - IAAviM\",\"isPartOf\":{\"@id\":\"\\\/#website\"},\"primaryImageOfPage\":{\"@id\":\"https:\\\/\\\/www.iaavim.gob.ar\\\/?p=14038#primaryimage\"},\"image\":{\"@id\":\"https:\\\/\\\/www.iaavim.gob.ar\\\/?p=14038#primaryimage\"},\"thumbnailUrl\":\"https:\\\/\\\/www.iaavim.gob.ar\\\/wp-content\\\/uploads\\\/2024\\\/08\\\/NEW-portada-sitio-1200x480-30.png\",\"datePublished\":\"2024-08-22T15:52:41+00:00\",\"dateModified\":\"2024-08-23T23:01:26+00:00\",\"description\":\"El IAAVIM abre la convocatoria a su Programa de Formaci\u00f3n y Promoci\u00f3n Audiovisual para el cuarto trimestre del a\u00f1o.\",\"breadcrumb\":{\"@id\":\"https:\\\/\\\/www.iaavim.gob.ar\\\/?p=14038#breadcrumb\"},\"inLanguage\":\"es-AR\",\"potentialAction\":[{\"@type\":\"ReadAction\",\"target\":[\"https:\\\/\\\/www.iaavim.gob.ar\\\/?p=14038\"]}]},{\"@type\":\"ImageObject\",\"inLanguage\":\"es-AR\",\"@id\":\"https:\\\/\\\/www.iaavim.gob.ar\\\/?p=14038#primaryimage\",\"url\":\"https:\\\/\\\/www.iaavim.gob.ar\\\/wp-content\\\/uploads\\\/2024\\\/08\\\/NEW-portada-sitio-1200x480-30.png\",\"contentUrl\":\"https:\\\/\\\/www.iaavim.gob.ar\\\/wp-content\\\/uploads\\\/2024\\\/08\\\/NEW-portada-sitio-1200x480-30.png\",\"width\":1200,\"height\":480},{\"@type\":\"BreadcrumbList\",\"@id\":\"https:\\\/\\\/www.iaavim.gob.ar\\\/?p=14038#breadcrumb\",\"itemListElement\":[{\"@type\":\"ListItem\",\"position\":1,\"name\":\"Inicio\",\"item\":\"https:\\\/\\\/www.iaavim.gob.ar\\\/\"},{\"@type\":\"ListItem\",\"position\":2,\"name\":\"Convocatorias abiertas del Programa de Formaci\u00f3n y Promoci\u00f3n Audiovisual del IAAVIM\"}]},{\"@type\":\"WebSite\",\"@id\":\"\\\/#website\",\"url\":\"\\\/\",\"name\":\"\",\"description\":\"Sitio oficial del IAAviM\",\"publisher\":{\"@id\":\"\\\/#organization\"},\"potentialAction\":[{\"@type\":\"SearchAction\",\"target\":{\"@type\":\"EntryPoint\",\"urlTemplate\":\"\\\/?s={search_term_string}\"},\"query-input\":{\"@type\":\"PropertyValueSpecification\",\"valueRequired\":true,\"valueName\":\"search_term_string\"}}],\"inLanguage\":\"es-AR\"},{\"@type\":\"Organization\",\"@id\":\"\\\/#organization\",\"name\":\"Instituto de Artes Audiovisuales de Misiones\",\"url\":\"\\\/\",\"logo\":{\"@type\":\"ImageObject\",\"inLanguage\":\"es-AR\",\"@id\":\"\\\/#\\\/schema\\\/logo\\\/image\\\/\",\"url\":\"https:\\\/\\\/iaavim.misiones.gob.ar\\\/wp-content\\\/uploads\\\/2021\\\/07\\\/logo-iaavim-preview.png.jpg\",\"contentUrl\":\"https:\\\/\\\/iaavim.misiones.gob.ar\\\/wp-content\\\/uploads\\\/2021\\\/07\\\/logo-iaavim-preview.png.jpg\",\"width\":1200,\"height\":675,\"caption\":\"Instituto de Artes Audiovisuales de Misiones\"},\"image\":{\"@id\":\"\\\/#\\\/schema\\\/logo\\\/image\\\/\"}},{\"@type\":\"Person\",\"@id\":\"\\\/#\\\/schema\\\/person\\\/affb351a86bbbb5cdff3011db06ccf85\",\"name\":\"IAAviM\",\"image\":{\"@type\":\"ImageObject\",\"inLanguage\":\"es-AR\",\"@id\":\"https:\\\/\\\/secure.gravatar.com\\\/avatar\\\/6a023e5ff426a571199af5d6ff7996bd89e8be946af83dc1c2624ad66151ed39?s=96&d=blank&r=g\",\"url\":\"https:\\\/\\\/secure.gravatar.com\\\/avatar\\\/6a023e5ff426a571199af5d6ff7996bd89e8be946af83dc1c2624ad66151ed39?s=96&d=blank&r=g\",\"contentUrl\":\"https:\\\/\\\/secure.gravatar.com\\\/avatar\\\/6a023e5ff426a571199af5d6ff7996bd89e8be946af83dc1c2624ad66151ed39?s=96&d=blank&r=g\",\"caption\":\"IAAviM\"},\"url\":\"https:\\\/\\\/www.iaavim.gob.ar\\\/?author=2\"}]}<\/script>\n<!-- \/ Yoast SEO plugin. -->","yoast_head_json":{"title":"Convocatorias abiertas del Programa de Formaci\u00f3n y Promoci\u00f3n Audiovisual del IAAVIM - IAAviM","description":"El IAAVIM abre la convocatoria a su Programa de Formaci\u00f3n y Promoci\u00f3n Audiovisual para el cuarto trimestre del a\u00f1o.","robots":{"index":"index","follow":"follow","max-snippet":"max-snippet:-1","max-image-preview":"max-image-preview:large","max-video-preview":"max-video-preview:-1"},"canonical":"https:\/\/www.iaavim.gob.ar\/?p=14038","og_locale":"es_ES","og_type":"article","og_title":"Convocatorias abiertas del Programa de Formaci\u00f3n y Promoci\u00f3n Audiovisual del IAAVIM - IAAviM","og_description":"El IAAVIM abre la convocatoria a su Programa de Formaci\u00f3n y Promoci\u00f3n Audiovisual para el cuarto trimestre del a\u00f1o.","og_url":"https:\/\/www.iaavim.gob.ar\/?p=14038","article_published_time":"2024-08-22T15:52:41+00:00","article_modified_time":"2024-08-23T23:01:26+00:00","og_image":[{"width":1200,"height":480,"url":"https:\/\/www.iaavim.gob.ar\/wp-content\/uploads\/2024\/08\/NEW-portada-sitio-1200x480-30.png","type":"image\/png"}],"author":"IAAviM","twitter_card":"summary_large_image","twitter_misc":{"Escrito por":"IAAviM","Tiempo de lectura":"3 minutos"},"schema":{"@context":"https:\/\/schema.org","@graph":[{"@type":"Article","@id":"https:\/\/www.iaavim.gob.ar\/?p=14038#article","isPartOf":{"@id":"https:\/\/www.iaavim.gob.ar\/?p=14038"},"author":{"name":"IAAviM","@id":"\/#\/schema\/person\/affb351a86bbbb5cdff3011db06ccf85"},"headline":"Convocatorias abiertas del Programa de Formaci\u00f3n y Promoci\u00f3n Audiovisual del IAAVIM","datePublished":"2024-08-22T15:52:41+00:00","dateModified":"2024-08-23T23:01:26+00:00","mainEntityOfPage":{"@id":"https:\/\/www.iaavim.gob.ar\/?p=14038"},"wordCount":456,"publisher":{"@id":"\/#organization"},"image":{"@id":"https:\/\/www.iaavim.gob.ar\/?p=14038#primaryimage"},"thumbnailUrl":"https:\/\/www.iaavim.gob.ar\/wp-content\/uploads\/2024\/08\/NEW-portada-sitio-1200x480-30.png","keywords":["becas","capacitaci\u00f3n","convocatoria","pr\u00e1cticas formativas","Programa de Formaci\u00f3n y Promoci\u00f3n Audiovisual del IAAVIM"],"articleSection":["Noticias del IAAviM"],"inLanguage":"es-AR"},{"@type":"WebPage","@id":"https:\/\/www.iaavim.gob.ar\/?p=14038","url":"https:\/\/www.iaavim.gob.ar\/?p=14038","name":"Convocatorias abiertas del Programa de Formaci\u00f3n y Promoci\u00f3n Audiovisual del IAAVIM - IAAviM","isPartOf":{"@id":"\/#website"},"primaryImageOfPage":{"@id":"https:\/\/www.iaavim.gob.ar\/?p=14038#primaryimage"},"image":{"@id":"https:\/\/www.iaavim.gob.ar\/?p=14038#primaryimage"},"thumbnailUrl":"https:\/\/www.iaavim.gob.ar\/wp-content\/uploads\/2024\/08\/NEW-portada-sitio-1200x480-30.png","datePublished":"2024-08-22T15:52:41+00:00","dateModified":"2024-08-23T23:01:26+00:00","description":"El IAAVIM abre la convocatoria a su Programa de Formaci\u00f3n y Promoci\u00f3n Audiovisual para el cuarto trimestre del a\u00f1o.","breadcrumb":{"@id":"https:\/\/www.iaavim.gob.ar\/?p=14038#breadcrumb"},"inLanguage":"es-AR","potentialAction":[{"@type":"ReadAction","target":["https:\/\/www.iaavim.gob.ar\/?p=14038"]}]},{"@type":"ImageObject","inLanguage":"es-AR","@id":"https:\/\/www.iaavim.gob.ar\/?p=14038#primaryimage","url":"https:\/\/www.iaavim.gob.ar\/wp-content\/uploads\/2024\/08\/NEW-portada-sitio-1200x480-30.png","contentUrl":"https:\/\/www.iaavim.gob.ar\/wp-content\/uploads\/2024\/08\/NEW-portada-sitio-1200x480-30.png","width":1200,"height":480},{"@type":"BreadcrumbList","@id":"https:\/\/www.iaavim.gob.ar\/?p=14038#breadcrumb","itemListElement":[{"@type":"ListItem","position":1,"name":"Inicio","item":"https:\/\/www.iaavim.gob.ar\/"},{"@type":"ListItem","position":2,"name":"Convocatorias abiertas del Programa de Formaci\u00f3n y Promoci\u00f3n Audiovisual del IAAVIM"}]},{"@type":"WebSite","@id":"\/#website","url":"\/","name":"","description":"Sitio oficial del IAAviM","publisher":{"@id":"\/#organization"},"potentialAction":[{"@type":"SearchAction","target":{"@type":"EntryPoint","urlTemplate":"\/?s={search_term_string}"},"query-input":{"@type":"PropertyValueSpecification","valueRequired":true,"valueName":"search_term_string"}}],"inLanguage":"es-AR"},{"@type":"Organization","@id":"\/#organization","name":"Instituto de Artes Audiovisuales de Misiones","url":"\/","logo":{"@type":"ImageObject","inLanguage":"es-AR","@id":"\/#\/schema\/logo\/image\/","url":"https:\/\/iaavim.misiones.gob.ar\/wp-content\/uploads\/2021\/07\/logo-iaavim-preview.png.jpg","contentUrl":"https:\/\/iaavim.misiones.gob.ar\/wp-content\/uploads\/2021\/07\/logo-iaavim-preview.png.jpg","width":1200,"height":675,"caption":"Instituto de Artes Audiovisuales de Misiones"},"image":{"@id":"\/#\/schema\/logo\/image\/"}},{"@type":"Person","@id":"\/#\/schema\/person\/affb351a86bbbb5cdff3011db06ccf85","name":"IAAviM","image":{"@type":"ImageObject","inLanguage":"es-AR","@id":"https:\/\/secure.gravatar.com\/avatar\/6a023e5ff426a571199af5d6ff7996bd89e8be946af83dc1c2624ad66151ed39?s=96&d=blank&r=g","url":"https:\/\/secure.gravatar.com\/avatar\/6a023e5ff426a571199af5d6ff7996bd89e8be946af83dc1c2624ad66151ed39?s=96&d=blank&r=g","contentUrl":"https:\/\/secure.gravatar.com\/avatar\/6a023e5ff426a571199af5d6ff7996bd89e8be946af83dc1c2624ad66151ed39?s=96&d=blank&r=g","caption":"IAAviM"},"url":"https:\/\/www.iaavim.gob.ar\/?author=2"}]}},"amp_enabled":true,"_links":{"self":[{"href":"https:\/\/www.iaavim.gob.ar\/index.php?rest_route=\/wp\/v2\/posts\/14038","targetHints":{"allow":["GET"]}}],"collection":[{"href":"https:\/\/www.iaavim.gob.ar\/index.php?rest_route=\/wp\/v2\/posts"}],"about":[{"href":"https:\/\/www.iaavim.gob.ar\/index.php?rest_route=\/wp\/v2\/types\/post"}],"author":[{"embeddable":true,"href":"https:\/\/www.iaavim.gob.ar\/index.php?rest_route=\/wp\/v2\/users\/2"}],"replies":[{"embeddable":true,"href":"https:\/\/www.iaavim.gob.ar\/index.php?rest_route=%2Fwp%2Fv2%2Fcomments&post=14038"}],"version-history":[{"count":5,"href":"https:\/\/www.iaavim.gob.ar\/index.php?rest_route=\/wp\/v2\/posts\/14038\/revisions"}],"predecessor-version":[{"id":14077,"href":"https:\/\/www.iaavim.gob.ar\/index.php?rest_route=\/wp\/v2\/posts\/14038\/revisions\/14077"}],"wp:featuredmedia":[{"embeddable":true,"href":"https:\/\/www.iaavim.gob.ar\/index.php?rest_route=\/wp\/v2\/media\/14039"}],"wp:attachment":[{"href":"https:\/\/www.iaavim.gob.ar\/index.php?rest_route=%2Fwp%2Fv2%2Fmedia&parent=14038"}],"wp:term":[{"taxonomy":"category","embeddable":true,"href":"https:\/\/www.iaavim.gob.ar\/index.php?rest_route=%2Fwp%2Fv2%2Fcategories&post=14038"},{"taxonomy":"post_tag","embeddable":true,"href":"https:\/\/www.iaavim.gob.ar\/index.php?rest_route=%2Fwp%2Fv2%2Ftags&post=14038"}],"curies":[{"name":"wp","href":"https:\/\/api.w.org\/{rel}","templated":true}]}}