{"id":13955,"date":"2024-08-05T12:48:43","date_gmt":"2024-08-05T15:48:43","guid":{"rendered":"https:\/\/www.iaavim.gob.ar\/?p=13955"},"modified":"2024-08-05T12:57:09","modified_gmt":"2024-08-05T15:57:09","slug":"misiones-y-cordoba-planifican-politicas-audiovisuales-en-conjunto","status":"publish","type":"post","link":"https:\/\/www.iaavim.gob.ar\/?p=13955","title":{"rendered":"Misiones y C\u00f3rdoba planifican pol\u00edticas audiovisuales en conjunto\u00a0"},"content":{"rendered":"\n<p>Sergio Acosta, titular del Instituto de Artes Audiovisuales de Misiones (IAAviM), realiz\u00f3 un viaje oficial a la ciudad de C\u00f3rdoba para reunirse con su par, Silvina Nano, subdirectora de Industrias Culturales de la Agencia C\u00f3rdoba Cultura, organismo que tiene a su cargo el Polo Audiovisual C\u00f3rdoba.<\/p>\n\n\n\n<p>La agenda de trabajo inici\u00f3 con la visita a \u201cLa Casona\u201d, un Centro de Producci\u00f3n de Animaci\u00f3n ubicado en la ciudad de Unquillo, que funciona como un espacio de coworking para artistas y productores de animaci\u00f3n, y cuenta con set de filmaci\u00f3n y sala de postproducci\u00f3n para las producciones cordobesas. &#8220;Qued\u00e9 maravillado con ese espacio gestionado entre la municipalidad de Unquillo, la provincia de C\u00f3rdoba, junto a la Asociaci\u00f3n de Productoras de Animaci\u00f3n (APA) y la Comunidad de la Animaci\u00f3n de Sierras Chicas (CASCHI), dos asociaciones de animadores que representan un ejemplo de vinculaci\u00f3n estrat\u00e9gica para fomentar la industrias creativas&#8221;, manifest\u00f3 Acosta.<\/p>\n\n\n\n<p>El titular del IAAviM convers\u00f3 con reconocidos productores de animaci\u00f3n que se encontraban en pleno trabajo y pudo conocer mejor los procesos de animaci\u00f3n y las tareas que se realizan en La Casona. Al respecto, Acosta mencion\u00f3 que &#8220;la idea es replicar el trabajo que se realiza en C\u00f3rdoba, vinculando a nuestros productores, creando programas de formaci\u00f3n y de fomento espec\u00edficos para las industrias creativas de animaci\u00f3n, videojuegos e Inteligencia Artificial, para, en una segunda instancia, promover la coproducci\u00f3n interprovincial&#8221;.<\/p>\n\n\n\n<p>M\u00e1s tarde, visit\u00f3 la sede de la Agencia C\u00f3rdoba Cultura, donde se reuni\u00f3 con Silvina Nano y productores referentes del sector audiovisual de ficci\u00f3n: Antonio Pita (Prisma), Daniel Lambrisca (Jaque) y Eugenia Ferrer (Tres Mares). La charla gir\u00f3 en torno a los proyectos de Cash Rebate, una herramienta de fomento que permite la devoluci\u00f3n de inversiones que genera una producci\u00f3n, estrategia en la que trabajan ambas provincias. Tambi\u00e9n se avanz\u00f3 en temas que ser\u00e1n objeto de un convenio marco para la ejecuci\u00f3n de pol\u00edtica p\u00fablicas en conjunto que permitan a las empresas productoras co-desarrollar largometrajes y series, co-producir y exhibir sus producciones en ambos territorios provinciales.&nbsp;<\/p>\n\n\n\n<p><\/p>\n\n\n\n<figure class=\"wp-block-gallery has-nested-images columns-default is-cropped wp-block-gallery-1 is-layout-flex wp-block-gallery-is-layout-flex\">\n<figure class=\"wp-block-image size-large\"><img loading=\"lazy\" decoding=\"async\" width=\"1024\" height=\"683\" data-id=\"13957\" src=\"https:\/\/www.iaavim.gob.ar\/wp-content\/uploads\/2024\/08\/IMG_5254-1024x683.jpg\" alt=\"\" class=\"wp-image-13957\" srcset=\"https:\/\/www.iaavim.gob.ar\/wp-content\/uploads\/2024\/08\/IMG_5254-1024x683.jpg 1024w, https:\/\/www.iaavim.gob.ar\/wp-content\/uploads\/2024\/08\/IMG_5254-300x200.jpg 300w, https:\/\/www.iaavim.gob.ar\/wp-content\/uploads\/2024\/08\/IMG_5254-768x512.jpg 768w, https:\/\/www.iaavim.gob.ar\/wp-content\/uploads\/2024\/08\/IMG_5254-1536x1024.jpg 1536w, https:\/\/www.iaavim.gob.ar\/wp-content\/uploads\/2024\/08\/IMG_5254-2048x1365.jpg 2048w\" sizes=\"auto, (max-width: 1024px) 100vw, 1024px\" \/><\/figure>\n\n\n\n<figure class=\"wp-block-image size-large\"><img loading=\"lazy\" decoding=\"async\" width=\"1024\" height=\"682\" data-id=\"13958\" src=\"https:\/\/www.iaavim.gob.ar\/wp-content\/uploads\/2024\/08\/sergio-animacion-1024x682.jpg\" alt=\"\" class=\"wp-image-13958\" srcset=\"https:\/\/www.iaavim.gob.ar\/wp-content\/uploads\/2024\/08\/sergio-animacion-1024x682.jpg 1024w, https:\/\/www.iaavim.gob.ar\/wp-content\/uploads\/2024\/08\/sergio-animacion-300x200.jpg 300w, https:\/\/www.iaavim.gob.ar\/wp-content\/uploads\/2024\/08\/sergio-animacion-768x512.jpg 768w, https:\/\/www.iaavim.gob.ar\/wp-content\/uploads\/2024\/08\/sergio-animacion-1536x1023.jpg 1536w, https:\/\/www.iaavim.gob.ar\/wp-content\/uploads\/2024\/08\/sergio-animacion-2048x1365.jpg 2048w\" sizes=\"auto, (max-width: 1024px) 100vw, 1024px\" \/><\/figure>\n\n\n\n<figure class=\"wp-block-image size-large\"><img loading=\"lazy\" decoding=\"async\" width=\"1024\" height=\"683\" data-id=\"13959\" src=\"https:\/\/www.iaavim.gob.ar\/wp-content\/uploads\/2024\/08\/IMG_5275-1024x683.jpg\" alt=\"\" class=\"wp-image-13959\" srcset=\"https:\/\/www.iaavim.gob.ar\/wp-content\/uploads\/2024\/08\/IMG_5275-1024x683.jpg 1024w, https:\/\/www.iaavim.gob.ar\/wp-content\/uploads\/2024\/08\/IMG_5275-300x200.jpg 300w, https:\/\/www.iaavim.gob.ar\/wp-content\/uploads\/2024\/08\/IMG_5275-768x512.jpg 768w, https:\/\/www.iaavim.gob.ar\/wp-content\/uploads\/2024\/08\/IMG_5275-1536x1024.jpg 1536w, https:\/\/www.iaavim.gob.ar\/wp-content\/uploads\/2024\/08\/IMG_5275-2048x1365.jpg 2048w\" sizes=\"auto, (max-width: 1024px) 100vw, 1024px\" \/><\/figure>\n<\/figure>\n\n\n\n<p><\/p>\n\n\n\n<p>Luego del encuentro, Nano manifest\u00f3: \u201cconversamos sobre la historia que compartimos con Misiones en relaci\u00f3n a que en ambas provincias existe un organismo aut\u00e1rquico que trabaja planes de fomento para el sector audiovisual y la necesidad de actualizar esta legislaci\u00f3n a los nuevos requerimientos, como tambi\u00e9n de trabajar de manera conjunta la federalizaci\u00f3n de la industria audiovisual\u201d. En este sentido, cabe recordar que en mayo de 2014 Misiones sancion\u00f3 por unanimidad la Ley VI 171 de Promoci\u00f3n Audiovisual que crea al IAAviM; en tanto en 2016, C\u00f3rdoba logra su Ley provincial 10.381 de Fomento y Promoci\u00f3n de la Industria Audiovisual, que establece la conformaci\u00f3n del Polo Audiovisual de C\u00f3rdoba.<\/p>\n\n\n\n<p>En la oportunidad, Acosta asisti\u00f3 al estreno de \u201cEl Escuerzo\u201d, del director Augusto Sinay, producci\u00f3n cordobesa de g\u00e9nero fant\u00e1stico, en la que particip\u00f3 como Director de Producci\u00f3n durante la preproducci\u00f3n y el rodaje. Cabe destacar que \u201cEl Escuerzo\u201d iba a ser una coproducci\u00f3n cordobesa-misionera, pero no se dieron las condiciones en ese momento. Ahora, es prioridad para esta gesti\u00f3n tender lazos con la provincia de C\u00f3rdoba y generar una sinergia con el sector privado, para que las empresas productoras puedan desarrollar proyectos con una planificaci\u00f3n financiera teniendo en cuenta el apoyo de ambas instituciones.&nbsp;<\/p>\n\n\n\n<p>La agenda de trabajo entre ambas instituciones contin\u00faa con el intercambio de bases sobre Cash Rebate, la redacci\u00f3n de un convenio marco y una planificaci\u00f3n estrat\u00e9gica de acciones por etapas. El presidente del IAAviM entreg\u00f3 a las autoridades cordobesas obsequios de nuestra provincia y el saludo del Gobernador Hugo Passalacqua.<\/p>\n","protected":false},"excerpt":{"rendered":"<p>Sergio Acosta, titular del Instituto de Artes Audiovisuales de Misiones (IAAviM), realiz\u00f3 un viaje oficial a la ciudad de C\u00f3rdoba para reunirse con su par, Silvina Nano, subdirectora de Industrias Culturales de la Agencia C\u00f3rdoba Cultura, organismo que tiene a su cargo el Polo Audiovisual C\u00f3rdoba. La agenda de trabajo inici\u00f3 con la visita a &hellip;<\/p>\n","protected":false},"author":2,"featured_media":13956,"comment_status":"closed","ping_status":"open","sticky":false,"template":"","format":"standard","meta":{"_acf_changed":false,"footnotes":""},"categories":[39],"tags":[1279,1280,1282,1281,348,1278,200],"class_list":["post-13955","post","type-post","status-publish","format-standard","has-post-thumbnail","hentry","category-noticias-del-iaavim","tag-agencia-cordoba-cultura","tag-cash-rebate","tag-cordoba","tag-el-escuezo","tag-misiones","tag-polo-audiovisual-cordoba","tag-sergio-acosta"],"acf":[],"yoast_head":"<!-- This site is optimized with the Yoast SEO plugin v27.4 - https:\/\/yoast.com\/product\/yoast-seo-wordpress\/ -->\n<title>Misiones y C\u00f3rdoba planifican pol\u00edticas audiovisuales en conjunto\u00a0 - IAAviM<\/title>\n<meta name=\"description\" content=\"Sergio Acosta, presidente del IAAviM, viaj\u00f3 a C\u00f3rdoba para avanzar en una agenda de trabajo con el Polo Audiovisual\" \/>\n<meta name=\"robots\" content=\"index, follow, max-snippet:-1, max-image-preview:large, max-video-preview:-1\" \/>\n<link rel=\"canonical\" href=\"https:\/\/www.iaavim.gob.ar\/?p=13955\" \/>\n<meta property=\"og:locale\" content=\"es_ES\" \/>\n<meta property=\"og:type\" content=\"article\" \/>\n<meta property=\"og:title\" content=\"Misiones y C\u00f3rdoba planifican pol\u00edticas audiovisuales en conjunto\u00a0 - IAAviM\" \/>\n<meta property=\"og:description\" content=\"Sergio Acosta, presidente del IAAviM, viaj\u00f3 a C\u00f3rdoba para avanzar en una agenda de trabajo con el Polo Audiovisual\" \/>\n<meta property=\"og:url\" content=\"https:\/\/www.iaavim.gob.ar\/?p=13955\" \/>\n<meta property=\"article:published_time\" content=\"2024-08-05T15:48:43+00:00\" \/>\n<meta property=\"article:modified_time\" content=\"2024-08-05T15:57:09+00:00\" \/>\n<meta property=\"og:image\" content=\"https:\/\/www.iaavim.gob.ar\/wp-content\/uploads\/2024\/08\/NEW-portada-sitio-1200x480-17.png\" \/>\n\t<meta property=\"og:image:width\" content=\"1200\" \/>\n\t<meta property=\"og:image:height\" content=\"480\" \/>\n\t<meta property=\"og:image:type\" content=\"image\/png\" \/>\n<meta name=\"author\" content=\"IAAviM\" \/>\n<meta name=\"twitter:card\" content=\"summary_large_image\" \/>\n<meta name=\"twitter:label1\" content=\"Escrito por\" \/>\n\t<meta name=\"twitter:data1\" content=\"IAAviM\" \/>\n\t<meta name=\"twitter:label2\" content=\"Tiempo de lectura\" \/>\n\t<meta name=\"twitter:data2\" content=\"4 minutos\" \/>\n<script type=\"application\/ld+json\" class=\"yoast-schema-graph\">{\"@context\":\"https:\\\/\\\/schema.org\",\"@graph\":[{\"@type\":\"Article\",\"@id\":\"https:\\\/\\\/www.iaavim.gob.ar\\\/?p=13955#article\",\"isPartOf\":{\"@id\":\"https:\\\/\\\/www.iaavim.gob.ar\\\/?p=13955\"},\"author\":{\"name\":\"IAAviM\",\"@id\":\"\\\/#\\\/schema\\\/person\\\/affb351a86bbbb5cdff3011db06ccf85\"},\"headline\":\"Misiones y C\u00f3rdoba planifican pol\u00edticas audiovisuales en conjunto\u00a0\",\"datePublished\":\"2024-08-05T15:48:43+00:00\",\"dateModified\":\"2024-08-05T15:57:09+00:00\",\"mainEntityOfPage\":{\"@id\":\"https:\\\/\\\/www.iaavim.gob.ar\\\/?p=13955\"},\"wordCount\":649,\"publisher\":{\"@id\":\"\\\/#organization\"},\"image\":{\"@id\":\"https:\\\/\\\/www.iaavim.gob.ar\\\/?p=13955#primaryimage\"},\"thumbnailUrl\":\"https:\\\/\\\/www.iaavim.gob.ar\\\/wp-content\\\/uploads\\\/2024\\\/08\\\/NEW-portada-sitio-1200x480-17.png\",\"keywords\":[\"Agencia C\u00f3rdoba Cultura\",\"Cash Rebate\",\"C\u00f3rdoba\",\"El Escuezo\",\"Misiones\",\"Polo Audiovisual C\u00f3rdoba\",\"Sergio Acosta\"],\"articleSection\":[\"Noticias del IAAviM\"],\"inLanguage\":\"es-AR\"},{\"@type\":\"WebPage\",\"@id\":\"https:\\\/\\\/www.iaavim.gob.ar\\\/?p=13955\",\"url\":\"https:\\\/\\\/www.iaavim.gob.ar\\\/?p=13955\",\"name\":\"Misiones y C\u00f3rdoba planifican pol\u00edticas audiovisuales en conjunto\u00a0 - IAAviM\",\"isPartOf\":{\"@id\":\"\\\/#website\"},\"primaryImageOfPage\":{\"@id\":\"https:\\\/\\\/www.iaavim.gob.ar\\\/?p=13955#primaryimage\"},\"image\":{\"@id\":\"https:\\\/\\\/www.iaavim.gob.ar\\\/?p=13955#primaryimage\"},\"thumbnailUrl\":\"https:\\\/\\\/www.iaavim.gob.ar\\\/wp-content\\\/uploads\\\/2024\\\/08\\\/NEW-portada-sitio-1200x480-17.png\",\"datePublished\":\"2024-08-05T15:48:43+00:00\",\"dateModified\":\"2024-08-05T15:57:09+00:00\",\"description\":\"Sergio Acosta, presidente del IAAviM, viaj\u00f3 a C\u00f3rdoba para avanzar en una agenda de trabajo con el Polo Audiovisual\",\"breadcrumb\":{\"@id\":\"https:\\\/\\\/www.iaavim.gob.ar\\\/?p=13955#breadcrumb\"},\"inLanguage\":\"es-AR\",\"potentialAction\":[{\"@type\":\"ReadAction\",\"target\":[\"https:\\\/\\\/www.iaavim.gob.ar\\\/?p=13955\"]}]},{\"@type\":\"ImageObject\",\"inLanguage\":\"es-AR\",\"@id\":\"https:\\\/\\\/www.iaavim.gob.ar\\\/?p=13955#primaryimage\",\"url\":\"https:\\\/\\\/www.iaavim.gob.ar\\\/wp-content\\\/uploads\\\/2024\\\/08\\\/NEW-portada-sitio-1200x480-17.png\",\"contentUrl\":\"https:\\\/\\\/www.iaavim.gob.ar\\\/wp-content\\\/uploads\\\/2024\\\/08\\\/NEW-portada-sitio-1200x480-17.png\",\"width\":1200,\"height\":480},{\"@type\":\"BreadcrumbList\",\"@id\":\"https:\\\/\\\/www.iaavim.gob.ar\\\/?p=13955#breadcrumb\",\"itemListElement\":[{\"@type\":\"ListItem\",\"position\":1,\"name\":\"Inicio\",\"item\":\"https:\\\/\\\/www.iaavim.gob.ar\\\/\"},{\"@type\":\"ListItem\",\"position\":2,\"name\":\"Misiones y C\u00f3rdoba planifican pol\u00edticas audiovisuales en conjunto\u00a0\"}]},{\"@type\":\"WebSite\",\"@id\":\"\\\/#website\",\"url\":\"\\\/\",\"name\":\"\",\"description\":\"Sitio oficial del IAAviM\",\"publisher\":{\"@id\":\"\\\/#organization\"},\"potentialAction\":[{\"@type\":\"SearchAction\",\"target\":{\"@type\":\"EntryPoint\",\"urlTemplate\":\"\\\/?s={search_term_string}\"},\"query-input\":{\"@type\":\"PropertyValueSpecification\",\"valueRequired\":true,\"valueName\":\"search_term_string\"}}],\"inLanguage\":\"es-AR\"},{\"@type\":\"Organization\",\"@id\":\"\\\/#organization\",\"name\":\"Instituto de Artes Audiovisuales de Misiones\",\"url\":\"\\\/\",\"logo\":{\"@type\":\"ImageObject\",\"inLanguage\":\"es-AR\",\"@id\":\"\\\/#\\\/schema\\\/logo\\\/image\\\/\",\"url\":\"https:\\\/\\\/iaavim.misiones.gob.ar\\\/wp-content\\\/uploads\\\/2021\\\/07\\\/logo-iaavim-preview.png.jpg\",\"contentUrl\":\"https:\\\/\\\/iaavim.misiones.gob.ar\\\/wp-content\\\/uploads\\\/2021\\\/07\\\/logo-iaavim-preview.png.jpg\",\"width\":1200,\"height\":675,\"caption\":\"Instituto de Artes Audiovisuales de Misiones\"},\"image\":{\"@id\":\"\\\/#\\\/schema\\\/logo\\\/image\\\/\"}},{\"@type\":\"Person\",\"@id\":\"\\\/#\\\/schema\\\/person\\\/affb351a86bbbb5cdff3011db06ccf85\",\"name\":\"IAAviM\",\"image\":{\"@type\":\"ImageObject\",\"inLanguage\":\"es-AR\",\"@id\":\"https:\\\/\\\/secure.gravatar.com\\\/avatar\\\/6a023e5ff426a571199af5d6ff7996bd89e8be946af83dc1c2624ad66151ed39?s=96&d=blank&r=g\",\"url\":\"https:\\\/\\\/secure.gravatar.com\\\/avatar\\\/6a023e5ff426a571199af5d6ff7996bd89e8be946af83dc1c2624ad66151ed39?s=96&d=blank&r=g\",\"contentUrl\":\"https:\\\/\\\/secure.gravatar.com\\\/avatar\\\/6a023e5ff426a571199af5d6ff7996bd89e8be946af83dc1c2624ad66151ed39?s=96&d=blank&r=g\",\"caption\":\"IAAviM\"},\"url\":\"https:\\\/\\\/www.iaavim.gob.ar\\\/?author=2\"}]}<\/script>\n<!-- \/ Yoast SEO plugin. -->","yoast_head_json":{"title":"Misiones y C\u00f3rdoba planifican pol\u00edticas audiovisuales en conjunto\u00a0 - IAAviM","description":"Sergio Acosta, presidente del IAAviM, viaj\u00f3 a C\u00f3rdoba para avanzar en una agenda de trabajo con el Polo Audiovisual","robots":{"index":"index","follow":"follow","max-snippet":"max-snippet:-1","max-image-preview":"max-image-preview:large","max-video-preview":"max-video-preview:-1"},"canonical":"https:\/\/www.iaavim.gob.ar\/?p=13955","og_locale":"es_ES","og_type":"article","og_title":"Misiones y C\u00f3rdoba planifican pol\u00edticas audiovisuales en conjunto\u00a0 - IAAviM","og_description":"Sergio Acosta, presidente del IAAviM, viaj\u00f3 a C\u00f3rdoba para avanzar en una agenda de trabajo con el Polo Audiovisual","og_url":"https:\/\/www.iaavim.gob.ar\/?p=13955","article_published_time":"2024-08-05T15:48:43+00:00","article_modified_time":"2024-08-05T15:57:09+00:00","og_image":[{"width":1200,"height":480,"url":"https:\/\/www.iaavim.gob.ar\/wp-content\/uploads\/2024\/08\/NEW-portada-sitio-1200x480-17.png","type":"image\/png"}],"author":"IAAviM","twitter_card":"summary_large_image","twitter_misc":{"Escrito por":"IAAviM","Tiempo de lectura":"4 minutos"},"schema":{"@context":"https:\/\/schema.org","@graph":[{"@type":"Article","@id":"https:\/\/www.iaavim.gob.ar\/?p=13955#article","isPartOf":{"@id":"https:\/\/www.iaavim.gob.ar\/?p=13955"},"author":{"name":"IAAviM","@id":"\/#\/schema\/person\/affb351a86bbbb5cdff3011db06ccf85"},"headline":"Misiones y C\u00f3rdoba planifican pol\u00edticas audiovisuales en conjunto\u00a0","datePublished":"2024-08-05T15:48:43+00:00","dateModified":"2024-08-05T15:57:09+00:00","mainEntityOfPage":{"@id":"https:\/\/www.iaavim.gob.ar\/?p=13955"},"wordCount":649,"publisher":{"@id":"\/#organization"},"image":{"@id":"https:\/\/www.iaavim.gob.ar\/?p=13955#primaryimage"},"thumbnailUrl":"https:\/\/www.iaavim.gob.ar\/wp-content\/uploads\/2024\/08\/NEW-portada-sitio-1200x480-17.png","keywords":["Agencia C\u00f3rdoba Cultura","Cash Rebate","C\u00f3rdoba","El Escuezo","Misiones","Polo Audiovisual C\u00f3rdoba","Sergio Acosta"],"articleSection":["Noticias del IAAviM"],"inLanguage":"es-AR"},{"@type":"WebPage","@id":"https:\/\/www.iaavim.gob.ar\/?p=13955","url":"https:\/\/www.iaavim.gob.ar\/?p=13955","name":"Misiones y C\u00f3rdoba planifican pol\u00edticas audiovisuales en conjunto\u00a0 - IAAviM","isPartOf":{"@id":"\/#website"},"primaryImageOfPage":{"@id":"https:\/\/www.iaavim.gob.ar\/?p=13955#primaryimage"},"image":{"@id":"https:\/\/www.iaavim.gob.ar\/?p=13955#primaryimage"},"thumbnailUrl":"https:\/\/www.iaavim.gob.ar\/wp-content\/uploads\/2024\/08\/NEW-portada-sitio-1200x480-17.png","datePublished":"2024-08-05T15:48:43+00:00","dateModified":"2024-08-05T15:57:09+00:00","description":"Sergio Acosta, presidente del IAAviM, viaj\u00f3 a C\u00f3rdoba para avanzar en una agenda de trabajo con el Polo Audiovisual","breadcrumb":{"@id":"https:\/\/www.iaavim.gob.ar\/?p=13955#breadcrumb"},"inLanguage":"es-AR","potentialAction":[{"@type":"ReadAction","target":["https:\/\/www.iaavim.gob.ar\/?p=13955"]}]},{"@type":"ImageObject","inLanguage":"es-AR","@id":"https:\/\/www.iaavim.gob.ar\/?p=13955#primaryimage","url":"https:\/\/www.iaavim.gob.ar\/wp-content\/uploads\/2024\/08\/NEW-portada-sitio-1200x480-17.png","contentUrl":"https:\/\/www.iaavim.gob.ar\/wp-content\/uploads\/2024\/08\/NEW-portada-sitio-1200x480-17.png","width":1200,"height":480},{"@type":"BreadcrumbList","@id":"https:\/\/www.iaavim.gob.ar\/?p=13955#breadcrumb","itemListElement":[{"@type":"ListItem","position":1,"name":"Inicio","item":"https:\/\/www.iaavim.gob.ar\/"},{"@type":"ListItem","position":2,"name":"Misiones y C\u00f3rdoba planifican pol\u00edticas audiovisuales en conjunto\u00a0"}]},{"@type":"WebSite","@id":"\/#website","url":"\/","name":"","description":"Sitio oficial del IAAviM","publisher":{"@id":"\/#organization"},"potentialAction":[{"@type":"SearchAction","target":{"@type":"EntryPoint","urlTemplate":"\/?s={search_term_string}"},"query-input":{"@type":"PropertyValueSpecification","valueRequired":true,"valueName":"search_term_string"}}],"inLanguage":"es-AR"},{"@type":"Organization","@id":"\/#organization","name":"Instituto de Artes Audiovisuales de Misiones","url":"\/","logo":{"@type":"ImageObject","inLanguage":"es-AR","@id":"\/#\/schema\/logo\/image\/","url":"https:\/\/iaavim.misiones.gob.ar\/wp-content\/uploads\/2021\/07\/logo-iaavim-preview.png.jpg","contentUrl":"https:\/\/iaavim.misiones.gob.ar\/wp-content\/uploads\/2021\/07\/logo-iaavim-preview.png.jpg","width":1200,"height":675,"caption":"Instituto de Artes Audiovisuales de Misiones"},"image":{"@id":"\/#\/schema\/logo\/image\/"}},{"@type":"Person","@id":"\/#\/schema\/person\/affb351a86bbbb5cdff3011db06ccf85","name":"IAAviM","image":{"@type":"ImageObject","inLanguage":"es-AR","@id":"https:\/\/secure.gravatar.com\/avatar\/6a023e5ff426a571199af5d6ff7996bd89e8be946af83dc1c2624ad66151ed39?s=96&d=blank&r=g","url":"https:\/\/secure.gravatar.com\/avatar\/6a023e5ff426a571199af5d6ff7996bd89e8be946af83dc1c2624ad66151ed39?s=96&d=blank&r=g","contentUrl":"https:\/\/secure.gravatar.com\/avatar\/6a023e5ff426a571199af5d6ff7996bd89e8be946af83dc1c2624ad66151ed39?s=96&d=blank&r=g","caption":"IAAviM"},"url":"https:\/\/www.iaavim.gob.ar\/?author=2"}]}},"amp_enabled":true,"_links":{"self":[{"href":"https:\/\/www.iaavim.gob.ar\/index.php?rest_route=\/wp\/v2\/posts\/13955","targetHints":{"allow":["GET"]}}],"collection":[{"href":"https:\/\/www.iaavim.gob.ar\/index.php?rest_route=\/wp\/v2\/posts"}],"about":[{"href":"https:\/\/www.iaavim.gob.ar\/index.php?rest_route=\/wp\/v2\/types\/post"}],"author":[{"embeddable":true,"href":"https:\/\/www.iaavim.gob.ar\/index.php?rest_route=\/wp\/v2\/users\/2"}],"replies":[{"embeddable":true,"href":"https:\/\/www.iaavim.gob.ar\/index.php?rest_route=%2Fwp%2Fv2%2Fcomments&post=13955"}],"version-history":[{"count":2,"href":"https:\/\/www.iaavim.gob.ar\/index.php?rest_route=\/wp\/v2\/posts\/13955\/revisions"}],"predecessor-version":[{"id":13961,"href":"https:\/\/www.iaavim.gob.ar\/index.php?rest_route=\/wp\/v2\/posts\/13955\/revisions\/13961"}],"wp:featuredmedia":[{"embeddable":true,"href":"https:\/\/www.iaavim.gob.ar\/index.php?rest_route=\/wp\/v2\/media\/13956"}],"wp:attachment":[{"href":"https:\/\/www.iaavim.gob.ar\/index.php?rest_route=%2Fwp%2Fv2%2Fmedia&parent=13955"}],"wp:term":[{"taxonomy":"category","embeddable":true,"href":"https:\/\/www.iaavim.gob.ar\/index.php?rest_route=%2Fwp%2Fv2%2Fcategories&post=13955"},{"taxonomy":"post_tag","embeddable":true,"href":"https:\/\/www.iaavim.gob.ar\/index.php?rest_route=%2Fwp%2Fv2%2Ftags&post=13955"}],"curies":[{"name":"wp","href":"https:\/\/api.w.org\/{rel}","templated":true}]}}