{"id":13742,"date":"2024-05-08T17:27:53","date_gmt":"2024-05-08T20:27:53","guid":{"rendered":"https:\/\/www.iaavim.gob.ar\/?p=13742"},"modified":"2024-05-08T17:27:55","modified_gmt":"2024-05-08T20:27:55","slug":"la-muestra-pasolini-100-llega-a-obera","status":"publish","type":"post","link":"https:\/\/www.iaavim.gob.ar\/?p=13742","title":{"rendered":"La muestra \u201cPasolini 100\u201d llega a Ober\u00e1"},"content":{"rendered":"\n<p>El <strong>10 y 11 de mayo<\/strong> tendr\u00e1 lugar en la ciudad de <strong>Ober\u00e1<\/strong> la presentaci\u00f3n de la <strong>muestra \u201cPasolini 100\u201d<\/strong>, impulsada por la <strong>Asociaci\u00f3n Nettuno Emilia Romagna<\/strong> y organizada en conjunto con el <strong>Instituto de Artes Audiovisuales de Misiones (IAAVIM), la Fundaci\u00f3n Julio Salinas, el Gobierno de la Ciudad de Ober\u00e1, y la Facultad de Arte y Dise\u00f1o de la UNaM<\/strong>.<\/p>\n\n\n\n<p>La muestra que llega a Misiones forma parte de las propuestas impulsadas en 2022 en conmemoraci\u00f3n al centenario del nacimiento del reconocido <strong>director cinematogr\u00e1fico italiano, Pier Paolo Pasolini<\/strong> <strong>(1922-1975)<\/strong>. Se destac\u00f3 en numerosos campos; adem\u00e1s de director fue guionista, escritor, poeta, actor y dramaturgo; dejando tambi\u00e9n contribuciones como pintor, novelista, ling\u00fcista, traductor y ensayista. Por esto mismo es considerado <strong>uno de los principales pensadores italianos del siglo XX<\/strong>.\u00a0<\/p>\n\n\n\n<p>Este <strong>viernes<\/strong>, a partir de las <strong>10 hs<\/strong>, en la <strong>Casa de la Cultura<\/strong> (Av. Gdor. Barreyro y Jujuy), estar\u00e1 abierta al p\u00fablico la <strong>muestra fotogr\u00e1fica curada por N\u00e9stor Saied<\/strong>, integrada por retratos, afiches y fotogramas de sus pel\u00edculas m\u00e1s emblem\u00e1ticas, invitando a un recorrido visual por su prol\u00edfica y controvertida obra.<\/p>\n\n\n\n<p>Tambi\u00e9n, como un puente entre Italia y Misiones, a las <strong>18:40 hs<\/strong>, se realizar\u00e1 la <strong>proyecci\u00f3n del cortometraje &#8220;Querido Julio, video carta en tiempos de Covid&#8221;, dirigido por Axel Mons\u00fa<\/strong>, una obra \u00edntima que revaloriza el legado del artista, pintor, dramaturgo, cineasta e intelectual misionero. Salinas estudi\u00f3 en la Escuela Nacional de Experimentaci\u00f3n y Realizaci\u00f3n Cinematogr\u00e1fica (ENERC) del INCAA y a inicios de la d\u00e9cada de 1970 viaja a Italia y se forma en importantes academias de dramaturgia, completando su aprendizaje profesional en los prestigiosos estudios Cinecitt\u00e0, en donde trabaja como asistente de Federico Fellini en el film Amarcord.<\/p>\n\n\n\n<p>A las <strong>19 hs<\/strong>, el director, actor y docente, <strong>Alfredo Traversa<\/strong>, propondr\u00e1 una charla abierta que versar\u00e1 sobre la filmograf\u00eda de directores de cine de la <strong>regi\u00f3n Emilia-Romagna<\/strong>. Adem\u00e1s de Pasolini, destacan <em>Michelangelo Antonioni, Federico Fellini, Bernardo Bertolucci, Liliana Cavani, Pupi Avati y Marco Bellocchio<\/em>.<\/p>\n\n\n\n<p>La jornada del <strong>s\u00e1bado 11<\/strong>, que se desarrollar\u00e1 en la <strong>Casa de la Historia y la Cultura del Bicentenario de Ober\u00e1<\/strong> (Av Jos\u00e9 Ingenieros y Larrea), se llevar\u00e1 a cabo a partir de las <strong>18 hs con la charla \u00abPier Paolo Pasolini: Cine Poes\u00eda\u00bb<\/strong> a cargo de <strong>Mario Machado<\/strong>, docente de la carrera de T\u00e9cnico en Medios Audiovisuales y Fotograf\u00eda (FAyD-UNaM) y ENERC y Especialista en Educaci\u00f3n Tecnol\u00f3gica y Licenciado en Artes y tecnolog\u00eda.<\/p>\n\n\n\n<p>A las <strong>19 hs<\/strong>, con entrada libre y gratuita, se proyectar\u00e1 la <strong>pel\u00edcula \u201cEl Evangelio seg\u00fan San Mateo\u201d<\/strong> realizada por Pasolini y estrenada en 1964. Basado en uno de los cuatro libros que componen el Nuevo Testamento, el filme corresponde a los primeros a\u00f1os en la filmograf\u00eda del cineasta, cuya obra art\u00edstica incluy\u00f3 tambi\u00e9n producciones en poes\u00eda, teatro y literatura ensay\u00edstica.\u00a0\u00a0<\/p>\n\n\n\n<p>Las actividades en Misiones forman parte del proyecto 2024 del Instituto APS Fernando Santi Emilia Romagna (Bolonia), realizado en colaboraci\u00f3n con la sede local de la Asociaci\u00f3n Emilia Romagna, en este caso, la Asociaci\u00f3n Nettuno.<\/p>\n\n\n\n<p><\/p>\n\n\n\n<figure class=\"wp-block-gallery has-nested-images columns-default is-cropped wp-block-gallery-1 is-layout-flex wp-block-gallery-is-layout-flex\">\n<figure class=\"wp-block-image size-large\"><a href=\"https:\/\/www.iaavim.gob.ar\/wp-content\/uploads\/2024\/05\/WhatsApp-Image-2024-04-26-at-09.41.47-1.jpeg\"><img loading=\"lazy\" decoding=\"async\" width=\"1024\" height=\"1024\" data-id=\"13744\" src=\"https:\/\/www.iaavim.gob.ar\/wp-content\/uploads\/2024\/05\/WhatsApp-Image-2024-04-26-at-09.41.47-1-1024x1024.jpeg\" alt=\"\" class=\"wp-image-13744\" srcset=\"https:\/\/www.iaavim.gob.ar\/wp-content\/uploads\/2024\/05\/WhatsApp-Image-2024-04-26-at-09.41.47-1-1024x1024.jpeg 1024w, https:\/\/www.iaavim.gob.ar\/wp-content\/uploads\/2024\/05\/WhatsApp-Image-2024-04-26-at-09.41.47-1-300x300.jpeg 300w, https:\/\/www.iaavim.gob.ar\/wp-content\/uploads\/2024\/05\/WhatsApp-Image-2024-04-26-at-09.41.47-1-150x150.jpeg 150w, https:\/\/www.iaavim.gob.ar\/wp-content\/uploads\/2024\/05\/WhatsApp-Image-2024-04-26-at-09.41.47-1-768x768.jpeg 768w, https:\/\/www.iaavim.gob.ar\/wp-content\/uploads\/2024\/05\/WhatsApp-Image-2024-04-26-at-09.41.47-1.jpeg 1280w\" sizes=\"auto, (max-width: 1024px) 100vw, 1024px\" \/><\/a><\/figure>\n\n\n\n<figure class=\"wp-block-image size-large\"><a href=\"https:\/\/www.iaavim.gob.ar\/wp-content\/uploads\/2024\/05\/WhatsApp-Image-2024-04-26-at-09.41.48.jpeg\"><img loading=\"lazy\" decoding=\"async\" width=\"1024\" height=\"1024\" data-id=\"13743\" src=\"https:\/\/www.iaavim.gob.ar\/wp-content\/uploads\/2024\/05\/WhatsApp-Image-2024-04-26-at-09.41.48-1024x1024.jpeg\" alt=\"\" class=\"wp-image-13743\" srcset=\"https:\/\/www.iaavim.gob.ar\/wp-content\/uploads\/2024\/05\/WhatsApp-Image-2024-04-26-at-09.41.48-1024x1024.jpeg 1024w, https:\/\/www.iaavim.gob.ar\/wp-content\/uploads\/2024\/05\/WhatsApp-Image-2024-04-26-at-09.41.48-300x300.jpeg 300w, https:\/\/www.iaavim.gob.ar\/wp-content\/uploads\/2024\/05\/WhatsApp-Image-2024-04-26-at-09.41.48-150x150.jpeg 150w, https:\/\/www.iaavim.gob.ar\/wp-content\/uploads\/2024\/05\/WhatsApp-Image-2024-04-26-at-09.41.48-768x768.jpeg 768w, https:\/\/www.iaavim.gob.ar\/wp-content\/uploads\/2024\/05\/WhatsApp-Image-2024-04-26-at-09.41.48.jpeg 1280w\" sizes=\"auto, (max-width: 1024px) 100vw, 1024px\" \/><\/a><\/figure>\n<\/figure>\n\n\n\n<div style=\"height:100px\" aria-hidden=\"true\" class=\"wp-block-spacer\"><\/div>\n","protected":false},"excerpt":{"rendered":"<p>El 10 y 11 de mayo tendr\u00e1 lugar en la ciudad de Ober\u00e1 la presentaci\u00f3n de la muestra \u201cPasolini 100\u201d, impulsada por la Asociaci\u00f3n Nettuno Emilia Romagna y organizada en conjunto con el Instituto de Artes Audiovisuales de Misiones (IAAVIM), la Fundaci\u00f3n Julio Salinas, el Gobierno de la Ciudad de Ober\u00e1, y la Facultad de &hellip;<\/p>\n","protected":false},"author":2,"featured_media":13739,"comment_status":"closed","ping_status":"open","sticky":false,"template":"","format":"standard","meta":{"_acf_changed":false,"footnotes":""},"categories":[39],"tags":[49,826,1266,444,929,1265],"class_list":["post-13742","post","type-post","status-publish","format-standard","has-post-thumbnail","hentry","category-noticias-del-iaavim","tag-axel-monsu","tag-cine","tag-cine-italiano","tag-muestra","tag-obera","tag-pier-paolo-pasolini"],"acf":[],"yoast_head":"<!-- This site is optimized with the Yoast SEO plugin v27.4 - https:\/\/yoast.com\/product\/yoast-seo-wordpress\/ -->\n<title>La muestra \u201cPasolini 100\u201d llega a Ober\u00e1 - IAAviM<\/title>\n<meta name=\"description\" content=\"&quot;Pasolini 100&quot; se presenta en Ober\u00e1 el 10 y 11 de mayo con charlas, muestra fotogr\u00e1fica y la proyecci\u00f3n de uno de los films del gran director.\" \/>\n<meta name=\"robots\" content=\"index, follow, max-snippet:-1, max-image-preview:large, max-video-preview:-1\" \/>\n<link rel=\"canonical\" href=\"https:\/\/www.iaavim.gob.ar\/?p=13742\" \/>\n<meta property=\"og:locale\" content=\"es_ES\" \/>\n<meta property=\"og:type\" content=\"article\" \/>\n<meta property=\"og:title\" content=\"La muestra \u201cPasolini 100\u201d llega a Ober\u00e1 - IAAviM\" \/>\n<meta property=\"og:description\" content=\"&quot;Pasolini 100&quot; se presenta en Ober\u00e1 el 10 y 11 de mayo con charlas, muestra fotogr\u00e1fica y la proyecci\u00f3n de uno de los films del gran director.\" \/>\n<meta property=\"og:url\" content=\"https:\/\/www.iaavim.gob.ar\/?p=13742\" \/>\n<meta property=\"article:published_time\" content=\"2024-05-08T20:27:53+00:00\" \/>\n<meta property=\"article:modified_time\" content=\"2024-05-08T20:27:55+00:00\" \/>\n<meta property=\"og:image\" content=\"https:\/\/www.iaavim.gob.ar\/wp-content\/uploads\/2024\/05\/3.png\" \/>\n\t<meta property=\"og:image:width\" content=\"1200\" \/>\n\t<meta property=\"og:image:height\" content=\"480\" \/>\n\t<meta property=\"og:image:type\" content=\"image\/png\" \/>\n<meta name=\"author\" content=\"IAAviM\" \/>\n<meta name=\"twitter:card\" content=\"summary_large_image\" \/>\n<meta name=\"twitter:label1\" content=\"Escrito por\" \/>\n\t<meta name=\"twitter:data1\" content=\"IAAviM\" \/>\n\t<meta name=\"twitter:label2\" content=\"Tiempo de lectura\" \/>\n\t<meta name=\"twitter:data2\" content=\"3 minutos\" \/>\n<script type=\"application\/ld+json\" class=\"yoast-schema-graph\">{\"@context\":\"https:\\\/\\\/schema.org\",\"@graph\":[{\"@type\":\"Article\",\"@id\":\"https:\\\/\\\/www.iaavim.gob.ar\\\/?p=13742#article\",\"isPartOf\":{\"@id\":\"https:\\\/\\\/www.iaavim.gob.ar\\\/?p=13742\"},\"author\":{\"name\":\"IAAviM\",\"@id\":\"\\\/#\\\/schema\\\/person\\\/affb351a86bbbb5cdff3011db06ccf85\"},\"headline\":\"La muestra \u201cPasolini 100\u201d llega a Ober\u00e1\",\"datePublished\":\"2024-05-08T20:27:53+00:00\",\"dateModified\":\"2024-05-08T20:27:55+00:00\",\"mainEntityOfPage\":{\"@id\":\"https:\\\/\\\/www.iaavim.gob.ar\\\/?p=13742\"},\"wordCount\":531,\"publisher\":{\"@id\":\"\\\/#organization\"},\"image\":{\"@id\":\"https:\\\/\\\/www.iaavim.gob.ar\\\/?p=13742#primaryimage\"},\"thumbnailUrl\":\"https:\\\/\\\/www.iaavim.gob.ar\\\/wp-content\\\/uploads\\\/2024\\\/05\\\/3.png\",\"keywords\":[\"Axel Mons\u00fa\",\"cine\",\"cine italiano\",\"muestra\",\"Ober\u00e1\",\"Pier Paolo Pasolini\"],\"articleSection\":[\"Noticias del IAAviM\"],\"inLanguage\":\"es-AR\"},{\"@type\":\"WebPage\",\"@id\":\"https:\\\/\\\/www.iaavim.gob.ar\\\/?p=13742\",\"url\":\"https:\\\/\\\/www.iaavim.gob.ar\\\/?p=13742\",\"name\":\"La muestra \u201cPasolini 100\u201d llega a Ober\u00e1 - IAAviM\",\"isPartOf\":{\"@id\":\"\\\/#website\"},\"primaryImageOfPage\":{\"@id\":\"https:\\\/\\\/www.iaavim.gob.ar\\\/?p=13742#primaryimage\"},\"image\":{\"@id\":\"https:\\\/\\\/www.iaavim.gob.ar\\\/?p=13742#primaryimage\"},\"thumbnailUrl\":\"https:\\\/\\\/www.iaavim.gob.ar\\\/wp-content\\\/uploads\\\/2024\\\/05\\\/3.png\",\"datePublished\":\"2024-05-08T20:27:53+00:00\",\"dateModified\":\"2024-05-08T20:27:55+00:00\",\"description\":\"\\\"Pasolini 100\\\" se presenta en Ober\u00e1 el 10 y 11 de mayo con charlas, muestra fotogr\u00e1fica y la proyecci\u00f3n de uno de los films del gran director.\",\"breadcrumb\":{\"@id\":\"https:\\\/\\\/www.iaavim.gob.ar\\\/?p=13742#breadcrumb\"},\"inLanguage\":\"es-AR\",\"potentialAction\":[{\"@type\":\"ReadAction\",\"target\":[\"https:\\\/\\\/www.iaavim.gob.ar\\\/?p=13742\"]}]},{\"@type\":\"ImageObject\",\"inLanguage\":\"es-AR\",\"@id\":\"https:\\\/\\\/www.iaavim.gob.ar\\\/?p=13742#primaryimage\",\"url\":\"https:\\\/\\\/www.iaavim.gob.ar\\\/wp-content\\\/uploads\\\/2024\\\/05\\\/3.png\",\"contentUrl\":\"https:\\\/\\\/www.iaavim.gob.ar\\\/wp-content\\\/uploads\\\/2024\\\/05\\\/3.png\",\"width\":1200,\"height\":480},{\"@type\":\"BreadcrumbList\",\"@id\":\"https:\\\/\\\/www.iaavim.gob.ar\\\/?p=13742#breadcrumb\",\"itemListElement\":[{\"@type\":\"ListItem\",\"position\":1,\"name\":\"Inicio\",\"item\":\"https:\\\/\\\/www.iaavim.gob.ar\\\/\"},{\"@type\":\"ListItem\",\"position\":2,\"name\":\"La muestra \u201cPasolini 100\u201d llega a Ober\u00e1\"}]},{\"@type\":\"WebSite\",\"@id\":\"\\\/#website\",\"url\":\"\\\/\",\"name\":\"\",\"description\":\"Sitio oficial del IAAviM\",\"publisher\":{\"@id\":\"\\\/#organization\"},\"potentialAction\":[{\"@type\":\"SearchAction\",\"target\":{\"@type\":\"EntryPoint\",\"urlTemplate\":\"\\\/?s={search_term_string}\"},\"query-input\":{\"@type\":\"PropertyValueSpecification\",\"valueRequired\":true,\"valueName\":\"search_term_string\"}}],\"inLanguage\":\"es-AR\"},{\"@type\":\"Organization\",\"@id\":\"\\\/#organization\",\"name\":\"Instituto de Artes Audiovisuales de Misiones\",\"url\":\"\\\/\",\"logo\":{\"@type\":\"ImageObject\",\"inLanguage\":\"es-AR\",\"@id\":\"\\\/#\\\/schema\\\/logo\\\/image\\\/\",\"url\":\"https:\\\/\\\/iaavim.misiones.gob.ar\\\/wp-content\\\/uploads\\\/2021\\\/07\\\/logo-iaavim-preview.png.jpg\",\"contentUrl\":\"https:\\\/\\\/iaavim.misiones.gob.ar\\\/wp-content\\\/uploads\\\/2021\\\/07\\\/logo-iaavim-preview.png.jpg\",\"width\":1200,\"height\":675,\"caption\":\"Instituto de Artes Audiovisuales de Misiones\"},\"image\":{\"@id\":\"\\\/#\\\/schema\\\/logo\\\/image\\\/\"}},{\"@type\":\"Person\",\"@id\":\"\\\/#\\\/schema\\\/person\\\/affb351a86bbbb5cdff3011db06ccf85\",\"name\":\"IAAviM\",\"image\":{\"@type\":\"ImageObject\",\"inLanguage\":\"es-AR\",\"@id\":\"https:\\\/\\\/secure.gravatar.com\\\/avatar\\\/6a023e5ff426a571199af5d6ff7996bd89e8be946af83dc1c2624ad66151ed39?s=96&d=blank&r=g\",\"url\":\"https:\\\/\\\/secure.gravatar.com\\\/avatar\\\/6a023e5ff426a571199af5d6ff7996bd89e8be946af83dc1c2624ad66151ed39?s=96&d=blank&r=g\",\"contentUrl\":\"https:\\\/\\\/secure.gravatar.com\\\/avatar\\\/6a023e5ff426a571199af5d6ff7996bd89e8be946af83dc1c2624ad66151ed39?s=96&d=blank&r=g\",\"caption\":\"IAAviM\"},\"url\":\"https:\\\/\\\/www.iaavim.gob.ar\\\/?author=2\"}]}<\/script>\n<!-- \/ Yoast SEO plugin. -->","yoast_head_json":{"title":"La muestra \u201cPasolini 100\u201d llega a Ober\u00e1 - IAAviM","description":"\"Pasolini 100\" se presenta en Ober\u00e1 el 10 y 11 de mayo con charlas, muestra fotogr\u00e1fica y la proyecci\u00f3n de uno de los films del gran director.","robots":{"index":"index","follow":"follow","max-snippet":"max-snippet:-1","max-image-preview":"max-image-preview:large","max-video-preview":"max-video-preview:-1"},"canonical":"https:\/\/www.iaavim.gob.ar\/?p=13742","og_locale":"es_ES","og_type":"article","og_title":"La muestra \u201cPasolini 100\u201d llega a Ober\u00e1 - IAAviM","og_description":"\"Pasolini 100\" se presenta en Ober\u00e1 el 10 y 11 de mayo con charlas, muestra fotogr\u00e1fica y la proyecci\u00f3n de uno de los films del gran director.","og_url":"https:\/\/www.iaavim.gob.ar\/?p=13742","article_published_time":"2024-05-08T20:27:53+00:00","article_modified_time":"2024-05-08T20:27:55+00:00","og_image":[{"width":1200,"height":480,"url":"https:\/\/www.iaavim.gob.ar\/wp-content\/uploads\/2024\/05\/3.png","type":"image\/png"}],"author":"IAAviM","twitter_card":"summary_large_image","twitter_misc":{"Escrito por":"IAAviM","Tiempo de lectura":"3 minutos"},"schema":{"@context":"https:\/\/schema.org","@graph":[{"@type":"Article","@id":"https:\/\/www.iaavim.gob.ar\/?p=13742#article","isPartOf":{"@id":"https:\/\/www.iaavim.gob.ar\/?p=13742"},"author":{"name":"IAAviM","@id":"\/#\/schema\/person\/affb351a86bbbb5cdff3011db06ccf85"},"headline":"La muestra \u201cPasolini 100\u201d llega a Ober\u00e1","datePublished":"2024-05-08T20:27:53+00:00","dateModified":"2024-05-08T20:27:55+00:00","mainEntityOfPage":{"@id":"https:\/\/www.iaavim.gob.ar\/?p=13742"},"wordCount":531,"publisher":{"@id":"\/#organization"},"image":{"@id":"https:\/\/www.iaavim.gob.ar\/?p=13742#primaryimage"},"thumbnailUrl":"https:\/\/www.iaavim.gob.ar\/wp-content\/uploads\/2024\/05\/3.png","keywords":["Axel Mons\u00fa","cine","cine italiano","muestra","Ober\u00e1","Pier Paolo Pasolini"],"articleSection":["Noticias del IAAviM"],"inLanguage":"es-AR"},{"@type":"WebPage","@id":"https:\/\/www.iaavim.gob.ar\/?p=13742","url":"https:\/\/www.iaavim.gob.ar\/?p=13742","name":"La muestra \u201cPasolini 100\u201d llega a Ober\u00e1 - IAAviM","isPartOf":{"@id":"\/#website"},"primaryImageOfPage":{"@id":"https:\/\/www.iaavim.gob.ar\/?p=13742#primaryimage"},"image":{"@id":"https:\/\/www.iaavim.gob.ar\/?p=13742#primaryimage"},"thumbnailUrl":"https:\/\/www.iaavim.gob.ar\/wp-content\/uploads\/2024\/05\/3.png","datePublished":"2024-05-08T20:27:53+00:00","dateModified":"2024-05-08T20:27:55+00:00","description":"\"Pasolini 100\" se presenta en Ober\u00e1 el 10 y 11 de mayo con charlas, muestra fotogr\u00e1fica y la proyecci\u00f3n de uno de los films del gran director.","breadcrumb":{"@id":"https:\/\/www.iaavim.gob.ar\/?p=13742#breadcrumb"},"inLanguage":"es-AR","potentialAction":[{"@type":"ReadAction","target":["https:\/\/www.iaavim.gob.ar\/?p=13742"]}]},{"@type":"ImageObject","inLanguage":"es-AR","@id":"https:\/\/www.iaavim.gob.ar\/?p=13742#primaryimage","url":"https:\/\/www.iaavim.gob.ar\/wp-content\/uploads\/2024\/05\/3.png","contentUrl":"https:\/\/www.iaavim.gob.ar\/wp-content\/uploads\/2024\/05\/3.png","width":1200,"height":480},{"@type":"BreadcrumbList","@id":"https:\/\/www.iaavim.gob.ar\/?p=13742#breadcrumb","itemListElement":[{"@type":"ListItem","position":1,"name":"Inicio","item":"https:\/\/www.iaavim.gob.ar\/"},{"@type":"ListItem","position":2,"name":"La muestra \u201cPasolini 100\u201d llega a Ober\u00e1"}]},{"@type":"WebSite","@id":"\/#website","url":"\/","name":"","description":"Sitio oficial del IAAviM","publisher":{"@id":"\/#organization"},"potentialAction":[{"@type":"SearchAction","target":{"@type":"EntryPoint","urlTemplate":"\/?s={search_term_string}"},"query-input":{"@type":"PropertyValueSpecification","valueRequired":true,"valueName":"search_term_string"}}],"inLanguage":"es-AR"},{"@type":"Organization","@id":"\/#organization","name":"Instituto de Artes Audiovisuales de Misiones","url":"\/","logo":{"@type":"ImageObject","inLanguage":"es-AR","@id":"\/#\/schema\/logo\/image\/","url":"https:\/\/iaavim.misiones.gob.ar\/wp-content\/uploads\/2021\/07\/logo-iaavim-preview.png.jpg","contentUrl":"https:\/\/iaavim.misiones.gob.ar\/wp-content\/uploads\/2021\/07\/logo-iaavim-preview.png.jpg","width":1200,"height":675,"caption":"Instituto de Artes Audiovisuales de Misiones"},"image":{"@id":"\/#\/schema\/logo\/image\/"}},{"@type":"Person","@id":"\/#\/schema\/person\/affb351a86bbbb5cdff3011db06ccf85","name":"IAAviM","image":{"@type":"ImageObject","inLanguage":"es-AR","@id":"https:\/\/secure.gravatar.com\/avatar\/6a023e5ff426a571199af5d6ff7996bd89e8be946af83dc1c2624ad66151ed39?s=96&d=blank&r=g","url":"https:\/\/secure.gravatar.com\/avatar\/6a023e5ff426a571199af5d6ff7996bd89e8be946af83dc1c2624ad66151ed39?s=96&d=blank&r=g","contentUrl":"https:\/\/secure.gravatar.com\/avatar\/6a023e5ff426a571199af5d6ff7996bd89e8be946af83dc1c2624ad66151ed39?s=96&d=blank&r=g","caption":"IAAviM"},"url":"https:\/\/www.iaavim.gob.ar\/?author=2"}]}},"amp_enabled":true,"_links":{"self":[{"href":"https:\/\/www.iaavim.gob.ar\/index.php?rest_route=\/wp\/v2\/posts\/13742","targetHints":{"allow":["GET"]}}],"collection":[{"href":"https:\/\/www.iaavim.gob.ar\/index.php?rest_route=\/wp\/v2\/posts"}],"about":[{"href":"https:\/\/www.iaavim.gob.ar\/index.php?rest_route=\/wp\/v2\/types\/post"}],"author":[{"embeddable":true,"href":"https:\/\/www.iaavim.gob.ar\/index.php?rest_route=\/wp\/v2\/users\/2"}],"replies":[{"embeddable":true,"href":"https:\/\/www.iaavim.gob.ar\/index.php?rest_route=%2Fwp%2Fv2%2Fcomments&post=13742"}],"version-history":[{"count":1,"href":"https:\/\/www.iaavim.gob.ar\/index.php?rest_route=\/wp\/v2\/posts\/13742\/revisions"}],"predecessor-version":[{"id":13745,"href":"https:\/\/www.iaavim.gob.ar\/index.php?rest_route=\/wp\/v2\/posts\/13742\/revisions\/13745"}],"wp:featuredmedia":[{"embeddable":true,"href":"https:\/\/www.iaavim.gob.ar\/index.php?rest_route=\/wp\/v2\/media\/13739"}],"wp:attachment":[{"href":"https:\/\/www.iaavim.gob.ar\/index.php?rest_route=%2Fwp%2Fv2%2Fmedia&parent=13742"}],"wp:term":[{"taxonomy":"category","embeddable":true,"href":"https:\/\/www.iaavim.gob.ar\/index.php?rest_route=%2Fwp%2Fv2%2Fcategories&post=13742"},{"taxonomy":"post_tag","embeddable":true,"href":"https:\/\/www.iaavim.gob.ar\/index.php?rest_route=%2Fwp%2Fv2%2Ftags&post=13742"}],"curies":[{"name":"wp","href":"https:\/\/api.w.org\/{rel}","templated":true}]}}