{"id":13679,"date":"2024-04-17T19:35:33","date_gmt":"2024-04-17T22:35:33","guid":{"rendered":"https:\/\/www.iaavim.gob.ar\/?p=13679"},"modified":"2024-04-18T14:23:01","modified_gmt":"2024-04-18T17:23:01","slug":"proyeccion-de-cine-comunitario-y-charlas-abiertas","status":"publish","type":"post","link":"https:\/\/www.iaavim.gob.ar\/?p=13679","title":{"rendered":"Proyecci\u00f3n de Cine Comunitario y charlas abiertas"},"content":{"rendered":"\n<p>El viernes 19 de abril, a las 9.30 hs, en el Centro Cultural de Puerto Piray, se desarrollar\u00e1 la actividad <strong>&#8220;El Cine Comunitario: la mirada de los j\u00f3venes&#8221;<\/strong>, en donde se proyectar\u00e1n los cortometrajes \u201cRelatos Perdidos en la F\u00e1brica&#8221;, realizado en 2023 por las y los j\u00f3venes del taller de Cine Joven Comunitario de Puerto Piray (Misiones); \u201cMotor audiovisual\u201d (Santa Fe) y \u201cLa Casita de Nehu\u00e9n\u201d (Viedma), y se propondr\u00e1 una charla abierta entre las y los realizadores y la comunidad.<\/p>\n\n\n\n<p>Esta jornada es organizada en conjunto por el \u00e1rea de Producci\u00f3n Comunitaria del Instituto de Artes Audiovisuales de Misiones (IAAviM) y el Taller de CJC de Puerto Piray, con el apoyo municipal. Adem\u00e1s, forma parte de las actividades propuestas por Misiones como sede federal del<strong>&nbsp;II Encuentro Plurinacional de la Red Argentina de Cine Comunitario (RACC)&nbsp;<\/strong>que se realiza en distintas ciudades del pa\u00eds hasta el 26 de abril.<\/p>\n\n\n\n<p><strong>\u201cPueblos originarios, cine ind\u00edgena\u201d<\/strong>, es otra de las actividades propuestas en el marco del II Encuentro de la RACC, organizada por el IAAviM y el Municipio, y que tendr\u00e1 lugar en el Cine Teatro Municipal San Mart\u00edn de Puerto Rico, el viernes 26 de abril a las 9 hs. En la oportunidad se proyectar\u00e1 la muestra de Cine Mbya del IAAviM que contiene producciones audiovisuales realizadas en talleres de cine ind\u00edgena en Argentina, Brasil y Paraguay.&nbsp;<br><\/p>\n\n\n\n<h3 class=\"wp-block-heading\"><strong>La memoria de Malvinas a trav\u00e9s del cine comunitario<\/strong><\/h3>\n\n\n\n<p>En&nbsp;el Centro de Ex-Soldados Combatientes &#8220;Alfredo Gregorio&#8221; de Posadas, y tambi\u00e9n como parte de las actividades de Misiones en el marco del II Encuentro de Cine Comunitario RACC, se realiz\u00f3 el pasado viernes una charla abierta y proyecci\u00f3n de cortometrajes.&nbsp;<\/p>\n\n\n\n<p>Los y las participantes del taller de Cine Joven Comunitario del BOP 17 de Posadas, junto a su tallerista Mat\u00edas Falconi, presentaron su cortometraje &#8220;<a href=\"https:\/\/www.youtube.com\/watch?v=dtlICgjKuhE&amp;t=270s\" target=\"_blank\" rel=\"noreferrer noopener\">La Batalla Invisible<\/a>. La lucha permanente de los veteranos de Malvinas\u201d, realizado en 2023 junto a los ex combatientes Manuel Vieites y Juan Solonyezny, quienes brindaron sus testimonios en la producci\u00f3n realizada.<\/p>\n\n\n\n<p>Los j\u00f3venes comentaron que su idea desde el inicio fue contar sobre la posguerra y sus secuelas, ya que generalmente se narra sobre el conflicto, \u201cy nosotros quisimos hacer ver todo eso, m\u00e1s que nada\u201d, se\u00f1al\u00f3 Facundo Virisimo. Al mismo tiempo, Nazareno Huntter, quien compuso la m\u00fasica para el final del documental, resalt\u00f3 el trabajo en equipo con el Centro de Veteranos, que estuvo a disposici\u00f3n en todo momento: \u201cnos permiti\u00f3 acercarnos, y conocer desde lo m\u00e1s cercano, que es desde su lado esta historia que a veces no es contada en todos lados\u201d.<\/p>\n\n\n\n<p>El corto documental narra el drama de la posguerra para los ex soldados de Malvinas, quienes al regresar de las islas fueron abandonados por el Estado nacional y olvidados por una parte de la sociedad. \u201cPara nosotros, la verdad, es un orgullo, pero m\u00e1s que por nosotros, es por poder descubrir la historia y que chicos de este espacio trabajen y se interesen es muy importante. Porque nosotros tenemos 632 ca\u00eddos en combate que est\u00e1n esperando que recuperemos las Malvinas\u201c, manifest\u00f3 Juan Solonyezny. A su vez agreg\u00f3 que sinti\u00f3 una gran alegr\u00eda por el impulso a la memoria que significa este cortometraje, \u201cun espacio donde la gente puede conocer sin conocernos a nosotros, es un apalancamiento para la discusi\u00f3n y la Malvinizaci\u00f3n\u201d.&nbsp;<\/p>\n\n\n\n<figure class=\"wp-block-gallery has-nested-images columns-default is-cropped wp-block-gallery-1 is-layout-flex wp-block-gallery-is-layout-flex\">\n<figure class=\"wp-block-image size-large\"><img loading=\"lazy\" decoding=\"async\" width=\"1024\" height=\"576\" data-id=\"13681\" src=\"https:\/\/www.iaavim.gob.ar\/wp-content\/uploads\/2024\/04\/Actividad-Cine-Comunitario-y-Ex-Combatientes-de-Malvinas-12-de-abril-1-1024x576.jpg\" alt=\"\" class=\"wp-image-13681\" srcset=\"https:\/\/www.iaavim.gob.ar\/wp-content\/uploads\/2024\/04\/Actividad-Cine-Comunitario-y-Ex-Combatientes-de-Malvinas-12-de-abril-1-1024x576.jpg 1024w, https:\/\/www.iaavim.gob.ar\/wp-content\/uploads\/2024\/04\/Actividad-Cine-Comunitario-y-Ex-Combatientes-de-Malvinas-12-de-abril-1-300x169.jpg 300w, https:\/\/www.iaavim.gob.ar\/wp-content\/uploads\/2024\/04\/Actividad-Cine-Comunitario-y-Ex-Combatientes-de-Malvinas-12-de-abril-1-768x432.jpg 768w, https:\/\/www.iaavim.gob.ar\/wp-content\/uploads\/2024\/04\/Actividad-Cine-Comunitario-y-Ex-Combatientes-de-Malvinas-12-de-abril-1-1536x864.jpg 1536w, https:\/\/www.iaavim.gob.ar\/wp-content\/uploads\/2024\/04\/Actividad-Cine-Comunitario-y-Ex-Combatientes-de-Malvinas-12-de-abril-1-390x220.jpg 390w, https:\/\/www.iaavim.gob.ar\/wp-content\/uploads\/2024\/04\/Actividad-Cine-Comunitario-y-Ex-Combatientes-de-Malvinas-12-de-abril-1.jpg 1600w\" sizes=\"auto, (max-width: 1024px) 100vw, 1024px\" \/><\/figure>\n\n\n\n<figure class=\"wp-block-image size-large\"><img loading=\"lazy\" decoding=\"async\" width=\"1024\" height=\"576\" data-id=\"13680\" src=\"https:\/\/www.iaavim.gob.ar\/wp-content\/uploads\/2024\/04\/Actividad-Cine-Comunitario-y-Ex-Combatientes-de-Malvinas-12-de-abril-3-1024x576.jpg\" alt=\"\" class=\"wp-image-13680\" srcset=\"https:\/\/www.iaavim.gob.ar\/wp-content\/uploads\/2024\/04\/Actividad-Cine-Comunitario-y-Ex-Combatientes-de-Malvinas-12-de-abril-3-1024x576.jpg 1024w, https:\/\/www.iaavim.gob.ar\/wp-content\/uploads\/2024\/04\/Actividad-Cine-Comunitario-y-Ex-Combatientes-de-Malvinas-12-de-abril-3-300x169.jpg 300w, https:\/\/www.iaavim.gob.ar\/wp-content\/uploads\/2024\/04\/Actividad-Cine-Comunitario-y-Ex-Combatientes-de-Malvinas-12-de-abril-3-768x432.jpg 768w, https:\/\/www.iaavim.gob.ar\/wp-content\/uploads\/2024\/04\/Actividad-Cine-Comunitario-y-Ex-Combatientes-de-Malvinas-12-de-abril-3-1536x864.jpg 1536w, https:\/\/www.iaavim.gob.ar\/wp-content\/uploads\/2024\/04\/Actividad-Cine-Comunitario-y-Ex-Combatientes-de-Malvinas-12-de-abril-3-390x220.jpg 390w, https:\/\/www.iaavim.gob.ar\/wp-content\/uploads\/2024\/04\/Actividad-Cine-Comunitario-y-Ex-Combatientes-de-Malvinas-12-de-abril-3.jpg 1600w\" sizes=\"auto, (max-width: 1024px) 100vw, 1024px\" \/><\/figure>\n\n\n\n<figure class=\"wp-block-image size-large\"><img loading=\"lazy\" decoding=\"async\" width=\"1024\" height=\"576\" data-id=\"13682\" src=\"https:\/\/www.iaavim.gob.ar\/wp-content\/uploads\/2024\/04\/Actividad-Cine-Comunitario-y-Ex-Combatientes-de-Malvinas-12-de-abril-4-1024x576.jpg\" alt=\"\" class=\"wp-image-13682\" srcset=\"https:\/\/www.iaavim.gob.ar\/wp-content\/uploads\/2024\/04\/Actividad-Cine-Comunitario-y-Ex-Combatientes-de-Malvinas-12-de-abril-4-1024x576.jpg 1024w, https:\/\/www.iaavim.gob.ar\/wp-content\/uploads\/2024\/04\/Actividad-Cine-Comunitario-y-Ex-Combatientes-de-Malvinas-12-de-abril-4-300x169.jpg 300w, https:\/\/www.iaavim.gob.ar\/wp-content\/uploads\/2024\/04\/Actividad-Cine-Comunitario-y-Ex-Combatientes-de-Malvinas-12-de-abril-4-768x432.jpg 768w, https:\/\/www.iaavim.gob.ar\/wp-content\/uploads\/2024\/04\/Actividad-Cine-Comunitario-y-Ex-Combatientes-de-Malvinas-12-de-abril-4-1536x864.jpg 1536w, https:\/\/www.iaavim.gob.ar\/wp-content\/uploads\/2024\/04\/Actividad-Cine-Comunitario-y-Ex-Combatientes-de-Malvinas-12-de-abril-4-390x220.jpg 390w, https:\/\/www.iaavim.gob.ar\/wp-content\/uploads\/2024\/04\/Actividad-Cine-Comunitario-y-Ex-Combatientes-de-Malvinas-12-de-abril-4.jpg 1600w\" sizes=\"auto, (max-width: 1024px) 100vw, 1024px\" \/><\/figure>\n<\/figure>\n\n\n\n<p><\/p>\n\n\n\n<p>Manuel Vieites tambi\u00e9n valor\u00f3 como muy movilizante y gratificante el hecho de que j\u00f3venes misioneros se interesen por la historia de los excombatientes.&nbsp;\u201cNos sorprendimos del nivel de conocimiento que ten\u00edan sobre el tema\u201d, destac\u00f3, ya que para ellos lo m\u00e1s importante es mantener viva la memoria de lo que sucedi\u00f3 y de los H\u00e9roes de Malvinas.&nbsp;<\/p>\n\n\n\n<p>Ver\u00f3nica Fulquet, responsable del \u00e1rea de Producci\u00f3n Comunitaria del IAAviM y del Programa Cine Joven Comunitario, se\u00f1al\u00f3 que \u201cla intenci\u00f3n de esta proyecci\u00f3n es poder abrir a la comunidad que conozcan un poco las historias contadas en primera persona y el cine comunitario\u201d, resaltando la participaci\u00f3n de la provincia en el Encuentro de la RACC, para poder visibilizar el trabajo local.<\/p>\n\n\n\n<p>Como parte de la actividad en Posadas, tambi\u00e9n se proyectaron &#8220;Todo por ella&#8221; y \u201cPodr\u00eda ser hoy\u201d, producciones comunitarias de Cine en Movimiento y ex combatientes de Quilmes.&nbsp;<\/p>\n\n\n\n<p><\/p>\n\n\n\n<figure class=\"wp-block-embed is-type-video is-provider-youtube wp-block-embed-youtube wp-embed-aspect-16-9 wp-has-aspect-ratio\"><div class=\"wp-block-embed__wrapper\">\n<iframe loading=\"lazy\"  id=\"_ytid_51039\"  width=\"480\" height=\"270\"  data-origwidth=\"480\" data-origheight=\"270\" src=\"https:\/\/www.youtube.com\/embed\/jPLHVjNxo_k?enablejsapi=1&#038;autoplay=0&#038;cc_load_policy=0&#038;cc_lang_pref=&#038;iv_load_policy=1&#038;loop=0&#038;rel=0&#038;fs=1&#038;playsinline=0&#038;autohide=2&#038;hl=es_AR&#038;theme=dark&#038;color=red&#038;controls=1&#038;disablekb=0&#038;\" class=\"__youtube_prefs__  epyt-is-override  no-lazyload\" title=\"YouTube player\"  allow=\"fullscreen; accelerometer; autoplay; clipboard-write; encrypted-media; gyroscope; picture-in-picture; web-share\" referrerpolicy=\"strict-origin-when-cross-origin\" allowfullscreen data-no-lazy=\"1\" data-skipgform_ajax_framebjll=\"\"><\/iframe>\n<\/div><\/figure>\n\n\n\n<div style=\"height:126px\" aria-hidden=\"true\" class=\"wp-block-spacer\"><\/div>\n","protected":false},"excerpt":{"rendered":"<p>El viernes 19 de abril, a las 9.30 hs, en el Centro Cultural de Puerto Piray, se desarrollar\u00e1 la actividad &#8220;El Cine Comunitario: la mirada de los j\u00f3venes&#8221;, en donde se proyectar\u00e1n los cortometrajes \u201cRelatos Perdidos en la F\u00e1brica&#8221;, realizado en 2023 por las y los j\u00f3venes del taller de Cine Joven Comunitario de Puerto &hellip;<\/p>\n","protected":false},"author":2,"featured_media":13683,"comment_status":"closed","ping_status":"open","sticky":false,"template":"","format":"standard","meta":{"_acf_changed":false,"footnotes":""},"categories":[39],"tags":[1152,1254,811,62,1255,1253,1251,1252,812,1151],"class_list":["post-13679","post","type-post","status-publish","format-standard","has-post-thumbnail","hentry","category-noticias-del-iaavim","tag-bop-17","tag-centro-de-ex-soldados-combatientes-de-posadas-alfredo-gregorio","tag-cine-comunitario","tag-cine-joven-comunitario-iaavim","tag-ii-encuentro-de-cine-comunitario-racc","tag-juan-solonyezny","tag-malvinas","tag-manuel-vieites","tag-racc-red-argentina-de-cine-comunitario","tag-taller-cjc-posadas"],"acf":[],"yoast_head":"<!-- This site is optimized with the Yoast SEO plugin v27.4 - https:\/\/yoast.com\/product\/yoast-seo-wordpress\/ -->\n<title>Proyecci\u00f3n de Cine Comunitario y charlas abiertas - IAAviM<\/title>\n<meta name=\"description\" content=\"En el marco del II Encuentro de Cine Comunitario, se comparti\u00f3 una proyecci\u00f3n y charla abierta en Posadas junto a excombatientes de Malvinas.\" \/>\n<meta name=\"robots\" content=\"index, follow, max-snippet:-1, max-image-preview:large, max-video-preview:-1\" \/>\n<link rel=\"canonical\" href=\"https:\/\/www.iaavim.gob.ar\/?p=13679\" \/>\n<meta property=\"og:locale\" content=\"es_ES\" \/>\n<meta property=\"og:type\" content=\"article\" \/>\n<meta property=\"og:title\" content=\"Proyecci\u00f3n de Cine Comunitario y charlas abiertas - IAAviM\" \/>\n<meta property=\"og:description\" content=\"En el marco del II Encuentro de Cine Comunitario, se comparti\u00f3 una proyecci\u00f3n y charla abierta en Posadas junto a excombatientes de Malvinas.\" \/>\n<meta property=\"og:url\" content=\"https:\/\/www.iaavim.gob.ar\/?p=13679\" \/>\n<meta property=\"article:published_time\" content=\"2024-04-17T22:35:33+00:00\" \/>\n<meta property=\"article:modified_time\" content=\"2024-04-18T17:23:01+00:00\" \/>\n<meta property=\"og:image\" content=\"https:\/\/www.iaavim.gob.ar\/wp-content\/uploads\/2024\/04\/NEW-portada-sitio-1200x480-17.png\" \/>\n\t<meta property=\"og:image:width\" content=\"1200\" \/>\n\t<meta property=\"og:image:height\" content=\"480\" \/>\n\t<meta property=\"og:image:type\" content=\"image\/png\" \/>\n<meta name=\"author\" content=\"IAAviM\" \/>\n<meta name=\"twitter:card\" content=\"summary_large_image\" \/>\n<meta name=\"twitter:label1\" content=\"Escrito por\" \/>\n\t<meta name=\"twitter:data1\" content=\"IAAviM\" \/>\n\t<meta name=\"twitter:label2\" content=\"Tiempo de lectura\" \/>\n\t<meta name=\"twitter:data2\" content=\"4 minutos\" \/>\n<script type=\"application\/ld+json\" class=\"yoast-schema-graph\">{\"@context\":\"https:\\\/\\\/schema.org\",\"@graph\":[{\"@type\":\"Article\",\"@id\":\"https:\\\/\\\/www.iaavim.gob.ar\\\/?p=13679#article\",\"isPartOf\":{\"@id\":\"https:\\\/\\\/www.iaavim.gob.ar\\\/?p=13679\"},\"author\":{\"name\":\"IAAviM\",\"@id\":\"\\\/#\\\/schema\\\/person\\\/affb351a86bbbb5cdff3011db06ccf85\"},\"headline\":\"Proyecci\u00f3n de Cine Comunitario y charlas abiertas\",\"datePublished\":\"2024-04-17T22:35:33+00:00\",\"dateModified\":\"2024-04-18T17:23:01+00:00\",\"mainEntityOfPage\":{\"@id\":\"https:\\\/\\\/www.iaavim.gob.ar\\\/?p=13679\"},\"wordCount\":752,\"publisher\":{\"@id\":\"\\\/#organization\"},\"image\":{\"@id\":\"https:\\\/\\\/www.iaavim.gob.ar\\\/?p=13679#primaryimage\"},\"thumbnailUrl\":\"https:\\\/\\\/www.iaavim.gob.ar\\\/wp-content\\\/uploads\\\/2024\\\/04\\\/NEW-portada-sitio-1200x480-17.png\",\"keywords\":[\"BOP 17\",\"Centro de Ex-Soldados Combatientes de Posadas &quot;Alfredo Gregorio&quot;\",\"Cine Comunitario\",\"Cine Joven Comunitario - IAAviM\",\"II Encuentro de Cine Comunitario RACC\",\"Juan Solonyezny\",\"Malvinas\",\"Manuel Vieites\",\"RACC Red Argentina de Cine Comunitario\",\"Taller CJC Posadas\"],\"articleSection\":[\"Noticias del IAAviM\"],\"inLanguage\":\"es-AR\"},{\"@type\":\"WebPage\",\"@id\":\"https:\\\/\\\/www.iaavim.gob.ar\\\/?p=13679\",\"url\":\"https:\\\/\\\/www.iaavim.gob.ar\\\/?p=13679\",\"name\":\"Proyecci\u00f3n de Cine Comunitario y charlas abiertas - IAAviM\",\"isPartOf\":{\"@id\":\"\\\/#website\"},\"primaryImageOfPage\":{\"@id\":\"https:\\\/\\\/www.iaavim.gob.ar\\\/?p=13679#primaryimage\"},\"image\":{\"@id\":\"https:\\\/\\\/www.iaavim.gob.ar\\\/?p=13679#primaryimage\"},\"thumbnailUrl\":\"https:\\\/\\\/www.iaavim.gob.ar\\\/wp-content\\\/uploads\\\/2024\\\/04\\\/NEW-portada-sitio-1200x480-17.png\",\"datePublished\":\"2024-04-17T22:35:33+00:00\",\"dateModified\":\"2024-04-18T17:23:01+00:00\",\"description\":\"En el marco del II Encuentro de Cine Comunitario, se comparti\u00f3 una proyecci\u00f3n y charla abierta en Posadas junto a excombatientes de Malvinas.\",\"breadcrumb\":{\"@id\":\"https:\\\/\\\/www.iaavim.gob.ar\\\/?p=13679#breadcrumb\"},\"inLanguage\":\"es-AR\",\"potentialAction\":[{\"@type\":\"ReadAction\",\"target\":[\"https:\\\/\\\/www.iaavim.gob.ar\\\/?p=13679\"]}]},{\"@type\":\"ImageObject\",\"inLanguage\":\"es-AR\",\"@id\":\"https:\\\/\\\/www.iaavim.gob.ar\\\/?p=13679#primaryimage\",\"url\":\"https:\\\/\\\/www.iaavim.gob.ar\\\/wp-content\\\/uploads\\\/2024\\\/04\\\/NEW-portada-sitio-1200x480-17.png\",\"contentUrl\":\"https:\\\/\\\/www.iaavim.gob.ar\\\/wp-content\\\/uploads\\\/2024\\\/04\\\/NEW-portada-sitio-1200x480-17.png\",\"width\":1200,\"height\":480},{\"@type\":\"BreadcrumbList\",\"@id\":\"https:\\\/\\\/www.iaavim.gob.ar\\\/?p=13679#breadcrumb\",\"itemListElement\":[{\"@type\":\"ListItem\",\"position\":1,\"name\":\"Inicio\",\"item\":\"https:\\\/\\\/www.iaavim.gob.ar\\\/\"},{\"@type\":\"ListItem\",\"position\":2,\"name\":\"Proyecci\u00f3n de Cine Comunitario y charlas abiertas\"}]},{\"@type\":\"WebSite\",\"@id\":\"\\\/#website\",\"url\":\"\\\/\",\"name\":\"\",\"description\":\"Sitio oficial del IAAviM\",\"publisher\":{\"@id\":\"\\\/#organization\"},\"potentialAction\":[{\"@type\":\"SearchAction\",\"target\":{\"@type\":\"EntryPoint\",\"urlTemplate\":\"\\\/?s={search_term_string}\"},\"query-input\":{\"@type\":\"PropertyValueSpecification\",\"valueRequired\":true,\"valueName\":\"search_term_string\"}}],\"inLanguage\":\"es-AR\"},{\"@type\":\"Organization\",\"@id\":\"\\\/#organization\",\"name\":\"Instituto de Artes Audiovisuales de Misiones\",\"url\":\"\\\/\",\"logo\":{\"@type\":\"ImageObject\",\"inLanguage\":\"es-AR\",\"@id\":\"\\\/#\\\/schema\\\/logo\\\/image\\\/\",\"url\":\"https:\\\/\\\/iaavim.misiones.gob.ar\\\/wp-content\\\/uploads\\\/2021\\\/07\\\/logo-iaavim-preview.png.jpg\",\"contentUrl\":\"https:\\\/\\\/iaavim.misiones.gob.ar\\\/wp-content\\\/uploads\\\/2021\\\/07\\\/logo-iaavim-preview.png.jpg\",\"width\":1200,\"height\":675,\"caption\":\"Instituto de Artes Audiovisuales de Misiones\"},\"image\":{\"@id\":\"\\\/#\\\/schema\\\/logo\\\/image\\\/\"}},{\"@type\":\"Person\",\"@id\":\"\\\/#\\\/schema\\\/person\\\/affb351a86bbbb5cdff3011db06ccf85\",\"name\":\"IAAviM\",\"image\":{\"@type\":\"ImageObject\",\"inLanguage\":\"es-AR\",\"@id\":\"https:\\\/\\\/secure.gravatar.com\\\/avatar\\\/6a023e5ff426a571199af5d6ff7996bd89e8be946af83dc1c2624ad66151ed39?s=96&d=blank&r=g\",\"url\":\"https:\\\/\\\/secure.gravatar.com\\\/avatar\\\/6a023e5ff426a571199af5d6ff7996bd89e8be946af83dc1c2624ad66151ed39?s=96&d=blank&r=g\",\"contentUrl\":\"https:\\\/\\\/secure.gravatar.com\\\/avatar\\\/6a023e5ff426a571199af5d6ff7996bd89e8be946af83dc1c2624ad66151ed39?s=96&d=blank&r=g\",\"caption\":\"IAAviM\"},\"url\":\"https:\\\/\\\/www.iaavim.gob.ar\\\/?author=2\"}]}<\/script>\n<!-- \/ Yoast SEO plugin. -->","yoast_head_json":{"title":"Proyecci\u00f3n de Cine Comunitario y charlas abiertas - IAAviM","description":"En el marco del II Encuentro de Cine Comunitario, se comparti\u00f3 una proyecci\u00f3n y charla abierta en Posadas junto a excombatientes de Malvinas.","robots":{"index":"index","follow":"follow","max-snippet":"max-snippet:-1","max-image-preview":"max-image-preview:large","max-video-preview":"max-video-preview:-1"},"canonical":"https:\/\/www.iaavim.gob.ar\/?p=13679","og_locale":"es_ES","og_type":"article","og_title":"Proyecci\u00f3n de Cine Comunitario y charlas abiertas - IAAviM","og_description":"En el marco del II Encuentro de Cine Comunitario, se comparti\u00f3 una proyecci\u00f3n y charla abierta en Posadas junto a excombatientes de Malvinas.","og_url":"https:\/\/www.iaavim.gob.ar\/?p=13679","article_published_time":"2024-04-17T22:35:33+00:00","article_modified_time":"2024-04-18T17:23:01+00:00","og_image":[{"width":1200,"height":480,"url":"https:\/\/www.iaavim.gob.ar\/wp-content\/uploads\/2024\/04\/NEW-portada-sitio-1200x480-17.png","type":"image\/png"}],"author":"IAAviM","twitter_card":"summary_large_image","twitter_misc":{"Escrito por":"IAAviM","Tiempo de lectura":"4 minutos"},"schema":{"@context":"https:\/\/schema.org","@graph":[{"@type":"Article","@id":"https:\/\/www.iaavim.gob.ar\/?p=13679#article","isPartOf":{"@id":"https:\/\/www.iaavim.gob.ar\/?p=13679"},"author":{"name":"IAAviM","@id":"\/#\/schema\/person\/affb351a86bbbb5cdff3011db06ccf85"},"headline":"Proyecci\u00f3n de Cine Comunitario y charlas abiertas","datePublished":"2024-04-17T22:35:33+00:00","dateModified":"2024-04-18T17:23:01+00:00","mainEntityOfPage":{"@id":"https:\/\/www.iaavim.gob.ar\/?p=13679"},"wordCount":752,"publisher":{"@id":"\/#organization"},"image":{"@id":"https:\/\/www.iaavim.gob.ar\/?p=13679#primaryimage"},"thumbnailUrl":"https:\/\/www.iaavim.gob.ar\/wp-content\/uploads\/2024\/04\/NEW-portada-sitio-1200x480-17.png","keywords":["BOP 17","Centro de Ex-Soldados Combatientes de Posadas &quot;Alfredo Gregorio&quot;","Cine Comunitario","Cine Joven Comunitario - IAAviM","II Encuentro de Cine Comunitario RACC","Juan Solonyezny","Malvinas","Manuel Vieites","RACC Red Argentina de Cine Comunitario","Taller CJC Posadas"],"articleSection":["Noticias del IAAviM"],"inLanguage":"es-AR"},{"@type":"WebPage","@id":"https:\/\/www.iaavim.gob.ar\/?p=13679","url":"https:\/\/www.iaavim.gob.ar\/?p=13679","name":"Proyecci\u00f3n de Cine Comunitario y charlas abiertas - IAAviM","isPartOf":{"@id":"\/#website"},"primaryImageOfPage":{"@id":"https:\/\/www.iaavim.gob.ar\/?p=13679#primaryimage"},"image":{"@id":"https:\/\/www.iaavim.gob.ar\/?p=13679#primaryimage"},"thumbnailUrl":"https:\/\/www.iaavim.gob.ar\/wp-content\/uploads\/2024\/04\/NEW-portada-sitio-1200x480-17.png","datePublished":"2024-04-17T22:35:33+00:00","dateModified":"2024-04-18T17:23:01+00:00","description":"En el marco del II Encuentro de Cine Comunitario, se comparti\u00f3 una proyecci\u00f3n y charla abierta en Posadas junto a excombatientes de Malvinas.","breadcrumb":{"@id":"https:\/\/www.iaavim.gob.ar\/?p=13679#breadcrumb"},"inLanguage":"es-AR","potentialAction":[{"@type":"ReadAction","target":["https:\/\/www.iaavim.gob.ar\/?p=13679"]}]},{"@type":"ImageObject","inLanguage":"es-AR","@id":"https:\/\/www.iaavim.gob.ar\/?p=13679#primaryimage","url":"https:\/\/www.iaavim.gob.ar\/wp-content\/uploads\/2024\/04\/NEW-portada-sitio-1200x480-17.png","contentUrl":"https:\/\/www.iaavim.gob.ar\/wp-content\/uploads\/2024\/04\/NEW-portada-sitio-1200x480-17.png","width":1200,"height":480},{"@type":"BreadcrumbList","@id":"https:\/\/www.iaavim.gob.ar\/?p=13679#breadcrumb","itemListElement":[{"@type":"ListItem","position":1,"name":"Inicio","item":"https:\/\/www.iaavim.gob.ar\/"},{"@type":"ListItem","position":2,"name":"Proyecci\u00f3n de Cine Comunitario y charlas abiertas"}]},{"@type":"WebSite","@id":"\/#website","url":"\/","name":"","description":"Sitio oficial del IAAviM","publisher":{"@id":"\/#organization"},"potentialAction":[{"@type":"SearchAction","target":{"@type":"EntryPoint","urlTemplate":"\/?s={search_term_string}"},"query-input":{"@type":"PropertyValueSpecification","valueRequired":true,"valueName":"search_term_string"}}],"inLanguage":"es-AR"},{"@type":"Organization","@id":"\/#organization","name":"Instituto de Artes Audiovisuales de Misiones","url":"\/","logo":{"@type":"ImageObject","inLanguage":"es-AR","@id":"\/#\/schema\/logo\/image\/","url":"https:\/\/iaavim.misiones.gob.ar\/wp-content\/uploads\/2021\/07\/logo-iaavim-preview.png.jpg","contentUrl":"https:\/\/iaavim.misiones.gob.ar\/wp-content\/uploads\/2021\/07\/logo-iaavim-preview.png.jpg","width":1200,"height":675,"caption":"Instituto de Artes Audiovisuales de Misiones"},"image":{"@id":"\/#\/schema\/logo\/image\/"}},{"@type":"Person","@id":"\/#\/schema\/person\/affb351a86bbbb5cdff3011db06ccf85","name":"IAAviM","image":{"@type":"ImageObject","inLanguage":"es-AR","@id":"https:\/\/secure.gravatar.com\/avatar\/6a023e5ff426a571199af5d6ff7996bd89e8be946af83dc1c2624ad66151ed39?s=96&d=blank&r=g","url":"https:\/\/secure.gravatar.com\/avatar\/6a023e5ff426a571199af5d6ff7996bd89e8be946af83dc1c2624ad66151ed39?s=96&d=blank&r=g","contentUrl":"https:\/\/secure.gravatar.com\/avatar\/6a023e5ff426a571199af5d6ff7996bd89e8be946af83dc1c2624ad66151ed39?s=96&d=blank&r=g","caption":"IAAviM"},"url":"https:\/\/www.iaavim.gob.ar\/?author=2"}]}},"amp_enabled":true,"_links":{"self":[{"href":"https:\/\/www.iaavim.gob.ar\/index.php?rest_route=\/wp\/v2\/posts\/13679","targetHints":{"allow":["GET"]}}],"collection":[{"href":"https:\/\/www.iaavim.gob.ar\/index.php?rest_route=\/wp\/v2\/posts"}],"about":[{"href":"https:\/\/www.iaavim.gob.ar\/index.php?rest_route=\/wp\/v2\/types\/post"}],"author":[{"embeddable":true,"href":"https:\/\/www.iaavim.gob.ar\/index.php?rest_route=\/wp\/v2\/users\/2"}],"replies":[{"embeddable":true,"href":"https:\/\/www.iaavim.gob.ar\/index.php?rest_route=%2Fwp%2Fv2%2Fcomments&post=13679"}],"version-history":[{"count":4,"href":"https:\/\/www.iaavim.gob.ar\/index.php?rest_route=\/wp\/v2\/posts\/13679\/revisions"}],"predecessor-version":[{"id":13689,"href":"https:\/\/www.iaavim.gob.ar\/index.php?rest_route=\/wp\/v2\/posts\/13679\/revisions\/13689"}],"wp:featuredmedia":[{"embeddable":true,"href":"https:\/\/www.iaavim.gob.ar\/index.php?rest_route=\/wp\/v2\/media\/13683"}],"wp:attachment":[{"href":"https:\/\/www.iaavim.gob.ar\/index.php?rest_route=%2Fwp%2Fv2%2Fmedia&parent=13679"}],"wp:term":[{"taxonomy":"category","embeddable":true,"href":"https:\/\/www.iaavim.gob.ar\/index.php?rest_route=%2Fwp%2Fv2%2Fcategories&post=13679"},{"taxonomy":"post_tag","embeddable":true,"href":"https:\/\/www.iaavim.gob.ar\/index.php?rest_route=%2Fwp%2Fv2%2Ftags&post=13679"}],"curies":[{"name":"wp","href":"https:\/\/api.w.org\/{rel}","templated":true}]}}