{"id":13621,"date":"2024-03-04T18:43:14","date_gmt":"2024-03-04T21:43:14","guid":{"rendered":"https:\/\/www.iaavim.gob.ar\/?p=13621"},"modified":"2024-03-04T18:49:41","modified_gmt":"2024-03-04T21:49:41","slug":"cambio-de-autoridades-en-el-instituto-de-artes-audiovisuales-de-misiones","status":"publish","type":"post","link":"https:\/\/www.iaavim.gob.ar\/?p=13621","title":{"rendered":"Cambio de autoridades en el Instituto de Artes Audiovisuales de Misiones"},"content":{"rendered":"\n<p>A partir del 1 de marzo asumi\u00f3 como <strong>nuevo presidente del Instituto de Artes Audiovisuales de Misiones<\/strong>, el guionista, productor y director <strong>Sergio Acosta<\/strong>, quien estar\u00e1 al frente del organismo provincial.<\/p>\n\n\n\n<p>Este cambio en la gesti\u00f3n, se da en el marco de una transici\u00f3n cordial en la cual <strong>Mario Gim\u00e9nez<\/strong>, quien fue titular del Instituto desde el 2020, continuar\u00e1 siendo parte del equipo operativo en el rol de <strong>gerente general<\/strong>, lugar que permitir\u00e1 fortalecer la gesti\u00f3n institucional.<\/p>\n\n\n\n<p>En un acto realizado en el SUM del IAAviM el viernes 1, el secretario de Estado de Cultura de la provincia, <strong>Joselo Schuap<\/strong>, hizo el anuncio oficial y dio la bienvenida al flamante presidente. \u201cNing\u00fan cambio tiene que ver con algo personal, solamente con lo estructural y estrat\u00e9gico para el funcionamiento; el \u00fanico fin que tenemos todos los que estamos sentados ac\u00e1 es el crecimiento de las artes audiovisuales de la provincia\u201d, afirm\u00f3 Schuap y agreg\u00f3, \u201cestamos en un momento cr\u00edtico de la Argentina en donde necesitamos que todos seamos una herramienta de la construcci\u00f3n\u201d.<\/p>\n\n\n\n<p>Acosta agradeci\u00f3 al gobernador Hugo Passalacqua y al secretario de Cultura por la confianza depositada en \u00e9l para continuar la gesti\u00f3n audiovisual de la provincia. Tambi\u00e9n valor\u00f3 el apoyo de Gim\u00e9nez, con quien estuvo trabajando a lo largo de 15 d\u00edas para conocer mejor todos los aspectos relacionados a la gesti\u00f3n.&nbsp;<\/p>\n\n\n\n<p>El flamante titular del IAAviM resalt\u00f3 como positivo el conocer a la mayor\u00eda del equipo operativo debido a su constante articulaci\u00f3n con el Instituto en su rol como productor, director, guionista, docente y capacitador.&nbsp;<\/p>\n\n\n\n<p>Acosta explic\u00f3 que buscar\u00e1 fortalecer el trabajo del IAAviM de cara al sector pero tambi\u00e9n, y especialmente, con la comunidad. En este sentido, el accionar estar\u00e1 dirigido a poner en valor el trabajo institucional para un mejor entendimiento de su importancia estrat\u00e9gica para el crecimiento de la sociedad.<\/p>\n\n\n\n<p><\/p>\n\n\n\n<figure class=\"wp-block-gallery has-nested-images columns-default is-cropped wp-block-gallery-1 is-layout-flex wp-block-gallery-is-layout-flex\">\n<figure class=\"wp-block-image size-large\"><img loading=\"lazy\" decoding=\"async\" width=\"1024\" height=\"680\" data-id=\"13622\" src=\"https:\/\/www.iaavim.gob.ar\/wp-content\/uploads\/2024\/03\/WhatsApp-Image-2024-03-04-at-16.59.00-2-1024x680.jpeg\" alt=\"\" class=\"wp-image-13622\" srcset=\"https:\/\/www.iaavim.gob.ar\/wp-content\/uploads\/2024\/03\/WhatsApp-Image-2024-03-04-at-16.59.00-2-1024x680.jpeg 1024w, https:\/\/www.iaavim.gob.ar\/wp-content\/uploads\/2024\/03\/WhatsApp-Image-2024-03-04-at-16.59.00-2-300x199.jpeg 300w, https:\/\/www.iaavim.gob.ar\/wp-content\/uploads\/2024\/03\/WhatsApp-Image-2024-03-04-at-16.59.00-2-768x510.jpeg 768w, https:\/\/www.iaavim.gob.ar\/wp-content\/uploads\/2024\/03\/WhatsApp-Image-2024-03-04-at-16.59.00-2-1536x1020.jpeg 1536w, https:\/\/www.iaavim.gob.ar\/wp-content\/uploads\/2024\/03\/WhatsApp-Image-2024-03-04-at-16.59.00-2.jpeg 1600w\" sizes=\"auto, (max-width: 1024px) 100vw, 1024px\" \/><\/figure>\n\n\n\n<figure class=\"wp-block-image size-large\"><img loading=\"lazy\" decoding=\"async\" width=\"1024\" height=\"680\" data-id=\"13623\" src=\"https:\/\/www.iaavim.gob.ar\/wp-content\/uploads\/2024\/03\/WhatsApp-Image-2024-03-04-at-16.59.00-3-1024x680.jpeg\" alt=\"\" class=\"wp-image-13623\" srcset=\"https:\/\/www.iaavim.gob.ar\/wp-content\/uploads\/2024\/03\/WhatsApp-Image-2024-03-04-at-16.59.00-3-1024x680.jpeg 1024w, https:\/\/www.iaavim.gob.ar\/wp-content\/uploads\/2024\/03\/WhatsApp-Image-2024-03-04-at-16.59.00-3-300x199.jpeg 300w, https:\/\/www.iaavim.gob.ar\/wp-content\/uploads\/2024\/03\/WhatsApp-Image-2024-03-04-at-16.59.00-3-768x510.jpeg 768w, https:\/\/www.iaavim.gob.ar\/wp-content\/uploads\/2024\/03\/WhatsApp-Image-2024-03-04-at-16.59.00-3-1536x1020.jpeg 1536w, https:\/\/www.iaavim.gob.ar\/wp-content\/uploads\/2024\/03\/WhatsApp-Image-2024-03-04-at-16.59.00-3.jpeg 1600w\" sizes=\"auto, (max-width: 1024px) 100vw, 1024px\" \/><\/figure>\n\n\n\n<figure class=\"wp-block-image size-large\"><img loading=\"lazy\" decoding=\"async\" width=\"1024\" height=\"680\" data-id=\"13624\" src=\"https:\/\/www.iaavim.gob.ar\/wp-content\/uploads\/2024\/03\/WhatsApp-Image-2024-03-04-at-16.59.00-1024x680.jpeg\" alt=\"\" class=\"wp-image-13624\" srcset=\"https:\/\/www.iaavim.gob.ar\/wp-content\/uploads\/2024\/03\/WhatsApp-Image-2024-03-04-at-16.59.00-1024x680.jpeg 1024w, https:\/\/www.iaavim.gob.ar\/wp-content\/uploads\/2024\/03\/WhatsApp-Image-2024-03-04-at-16.59.00-300x199.jpeg 300w, https:\/\/www.iaavim.gob.ar\/wp-content\/uploads\/2024\/03\/WhatsApp-Image-2024-03-04-at-16.59.00-768x510.jpeg 768w, https:\/\/www.iaavim.gob.ar\/wp-content\/uploads\/2024\/03\/WhatsApp-Image-2024-03-04-at-16.59.00-1536x1020.jpeg 1536w, https:\/\/www.iaavim.gob.ar\/wp-content\/uploads\/2024\/03\/WhatsApp-Image-2024-03-04-at-16.59.00.jpeg 1600w\" sizes=\"auto, (max-width: 1024px) 100vw, 1024px\" \/><\/figure>\n<\/figure>\n\n\n\n<p><\/p>\n\n\n\n<p>En la oportunidad, Schuap anunci\u00f3 tambi\u00e9n la <strong>designaci\u00f3n del productor misionero Santiago Carabante en el rol de gerente de Fomento<\/strong>, quien ya se encontraba trabajando como asesor en el \u00e1rea, volcando su vasto conocimiento en producci\u00f3n. <\/p>\n\n\n\n<p>Con el nombramiento de Sergio Acosta como presidente del IAAviM, se da inicio a una nueva gesti\u00f3n que inici\u00f3 a finales del 2015 con el cineasta y gestor cultural Axel Mons\u00fa y continu\u00f3 en 2020 con Mario Gim\u00e9nez. De este modo, destaca el apoyo del Gobierno Provincial a la continuidad de las pol\u00edticas p\u00fablicas audiovisuales, valorando al propio sector al designar, una vez m\u00e1s, a una persona id\u00f3nea y reconocida por su labor para estar al frente del IAAviM.<\/p>\n\n\n\n<p>Ante un contexto socio-econ\u00f3mico complejo y de amenaza a la Cultura, el objetivo que se proyecta es el de sostener lo logrado desde la sanci\u00f3n de la Ley VI 171 en 2014 y avanzar en el fortalecimiento del audiovisual misionero en todos sus aspectos.<\/p>\n\n\n\n<figure class=\"wp-block-gallery has-nested-images columns-default is-cropped wp-block-gallery-2 is-layout-flex wp-block-gallery-is-layout-flex\">\n<figure class=\"wp-block-image size-full\"><a href=\"https:\/\/www.iaavim.gob.ar\/wp-content\/uploads\/2024\/03\/Sergio-1.jpg\"><img loading=\"lazy\" decoding=\"async\" width=\"852\" height=\"567\" data-id=\"13629\" src=\"https:\/\/www.iaavim.gob.ar\/wp-content\/uploads\/2024\/03\/Sergio-1.jpg\" alt=\"\" class=\"wp-image-13629\" srcset=\"https:\/\/www.iaavim.gob.ar\/wp-content\/uploads\/2024\/03\/Sergio-1.jpg 852w, https:\/\/www.iaavim.gob.ar\/wp-content\/uploads\/2024\/03\/Sergio-1-300x200.jpg 300w, https:\/\/www.iaavim.gob.ar\/wp-content\/uploads\/2024\/03\/Sergio-1-768x511.jpg 768w\" sizes=\"auto, (max-width: 852px) 100vw, 852px\" \/><\/a><\/figure>\n\n\n\n<figure class=\"wp-block-image size-large\"><a href=\"https:\/\/www.iaavim.gob.ar\/wp-content\/uploads\/2024\/03\/equipo.jpg\"><img loading=\"lazy\" decoding=\"async\" width=\"852\" height=\"567\" data-id=\"13628\" src=\"https:\/\/www.iaavim.gob.ar\/wp-content\/uploads\/2024\/03\/equipo.jpg\" alt=\"\" class=\"wp-image-13628\" srcset=\"https:\/\/www.iaavim.gob.ar\/wp-content\/uploads\/2024\/03\/equipo.jpg 852w, https:\/\/www.iaavim.gob.ar\/wp-content\/uploads\/2024\/03\/equipo-300x200.jpg 300w, https:\/\/www.iaavim.gob.ar\/wp-content\/uploads\/2024\/03\/equipo-768x511.jpg 768w\" sizes=\"auto, (max-width: 852px) 100vw, 852px\" \/><\/a><\/figure>\n\n\n\n<figure class=\"wp-block-image size-large\"><a href=\"https:\/\/www.iaavim.gob.ar\/wp-content\/uploads\/2024\/03\/WhatsApp-Image-2024-03-04-at-16.59.00-1.jpeg\"><img loading=\"lazy\" decoding=\"async\" width=\"1024\" height=\"680\" data-id=\"13627\" src=\"https:\/\/www.iaavim.gob.ar\/wp-content\/uploads\/2024\/03\/WhatsApp-Image-2024-03-04-at-16.59.00-1-1024x680.jpeg\" alt=\"\" class=\"wp-image-13627\" srcset=\"https:\/\/www.iaavim.gob.ar\/wp-content\/uploads\/2024\/03\/WhatsApp-Image-2024-03-04-at-16.59.00-1-1024x680.jpeg 1024w, https:\/\/www.iaavim.gob.ar\/wp-content\/uploads\/2024\/03\/WhatsApp-Image-2024-03-04-at-16.59.00-1-300x199.jpeg 300w, https:\/\/www.iaavim.gob.ar\/wp-content\/uploads\/2024\/03\/WhatsApp-Image-2024-03-04-at-16.59.00-1-768x510.jpeg 768w, https:\/\/www.iaavim.gob.ar\/wp-content\/uploads\/2024\/03\/WhatsApp-Image-2024-03-04-at-16.59.00-1-1536x1020.jpeg 1536w, https:\/\/www.iaavim.gob.ar\/wp-content\/uploads\/2024\/03\/WhatsApp-Image-2024-03-04-at-16.59.00-1.jpeg 1600w\" sizes=\"auto, (max-width: 1024px) 100vw, 1024px\" \/><\/a><\/figure>\n<\/figure>\n\n\n\n<p class=\"has-small-font-size\"><em>*Fotograf\u00edas: V\u00edctor Paniagua &#8211; Cultura Misiones<\/em><\/p>\n\n\n\n<div style=\"height:45px\" aria-hidden=\"true\" class=\"wp-block-spacer\"><\/div>\n\n\n\n<h3 class=\"wp-block-heading\"><strong>Sobre Sergio Acosta<\/strong><\/h3>\n\n\n\n<p>Es guionista egresado de la ENERC (Buenos aires), productor (ISER), especializado en la prestigiosa EICTV (Cuba) y en el programa FUC LAB (Buenos Aires).&nbsp;<br>Ha trabajado como editor y productor de televisi\u00f3n. Ha dirigido y producido en Misiones a lo largo de diez a\u00f1os documentales, series y largometrajes entre los que se destacan: \u201cPuerto Paticu\u00e1\u201d, \u201cEl viento respira\u201d, \u201cPiray 18\u201d, \u201cTodo lo que me gusta\u201d, \u201cManduricio\u201d, y \u201cLas fronteras del tiempo\u201d, su \u00f3pera prima de ficci\u00f3n.&nbsp;<br>Como guionista ha coescrito el largometraje \u201cPor tu bien\u201d de Axel Mons\u00fa, y colaborado en \u201cEl escuerzo\u201d del cordob\u00e9s Augusto Sinay. Tambi\u00e9n trabaj\u00f3 como consultor de guion para documentales y ficciones.&nbsp;<br>Desarroll\u00f3 su carrera de productor interes\u00e1ndose por la formaci\u00f3n: ha sido instructor de guion en la ENERC sede NEA, docente en la Universidad Gast\u00f3n Dachary de Posadas y en la Facultad de Arte y Dise\u00f1o de la UNaM en Ober\u00e1. Fue tutor y jurado en dos oportunidades del prestigioso concurso Raymundo Gleyzer del INCAA y de su comit\u00e9 en varias oportunidades. Es el creador y productor de \u201cResidencia del Lago\u201d, el primer laboratorio de desarrollo de guiones del NEA, Brasil y Paraguay que en 2023 tuvo su primera edici\u00f3n. Adem\u00e1s, fue tutor en distintos talleres de guion impulsados desde la Gerencia de Capacitaci\u00f3n del IAAviM en numerosas oportunidades.<br>Ha desarrollado un perfil de comercializaci\u00f3n de contenidos, explorando mercados y festivales internacionales. Entre ellos ha ganado experiencia en venta y distribuci\u00f3n en Ventana Sur, Gramado, Encuentro de Coproducci\u00f3n del FAM Florian\u00f3polis Mercosul Audiovisual-, Sal\u00f3n de Productores de Cali, Encuentro de Coproducci\u00f3n de San Sebasti\u00e1n y particip\u00f3 con su \u00f3pera prima en el Festival de India en Goa, en 2022. Ha logrado distribuir y estrenar su serie \u201cTodo lo que me gusta\u201d en m\u00e1s de 90 pa\u00edses de Norteam\u00e9rica, Europa y Asia.<\/p>\n\n\n\n<div style=\"height:134px\" aria-hidden=\"true\" class=\"wp-block-spacer\"><\/div>\n","protected":false},"excerpt":{"rendered":"<p>A partir del 1 de marzo asumi\u00f3 como nuevo presidente del Instituto de Artes Audiovisuales de Misiones, el guionista, productor y director Sergio Acosta, quien estar\u00e1 al frente del organismo provincial. Este cambio en la gesti\u00f3n, se da en el marco de una transici\u00f3n cordial en la cual Mario Gim\u00e9nez, quien fue titular del Instituto &hellip;<\/p>\n","protected":false},"author":2,"featured_media":13630,"comment_status":"closed","ping_status":"open","sticky":false,"template":"","format":"standard","meta":{"_acf_changed":false,"footnotes":""},"categories":[39],"tags":[1249,108,574,646,348,844,366,200],"class_list":["post-13621","post","type-post","status-publish","format-standard","has-post-thumbnail","hentry","category-noticias-del-iaavim","tag-autoridades","tag-iaavim","tag-joselo-schuap","tag-mario-gimenez","tag-misiones","tag-politicas-audiovisuales","tag-santiago-carabante","tag-sergio-acosta"],"acf":[],"yoast_head":"<!-- This site is optimized with the Yoast SEO plugin v27.4 - https:\/\/yoast.com\/product\/yoast-seo-wordpress\/ -->\n<title>Cambio de autoridades en el Instituto de Artes Audiovisuales de Misiones - IAAviM<\/title>\n<meta name=\"description\" content=\"El guionista, productor y director Sergio Acosta asumi\u00f3 como nuevo presidente del Instituto de Artes Audiovisuales de Misiones\" \/>\n<meta name=\"robots\" content=\"index, follow, max-snippet:-1, max-image-preview:large, max-video-preview:-1\" \/>\n<link rel=\"canonical\" href=\"https:\/\/www.iaavim.gob.ar\/?p=13621\" \/>\n<meta property=\"og:locale\" content=\"es_ES\" \/>\n<meta property=\"og:type\" content=\"article\" \/>\n<meta property=\"og:title\" content=\"Cambio de autoridades en el Instituto de Artes Audiovisuales de Misiones - IAAviM\" \/>\n<meta property=\"og:description\" content=\"El guionista, productor y director Sergio Acosta asumi\u00f3 como nuevo presidente del Instituto de Artes Audiovisuales de Misiones\" \/>\n<meta property=\"og:url\" content=\"https:\/\/www.iaavim.gob.ar\/?p=13621\" \/>\n<meta property=\"article:published_time\" content=\"2024-03-04T21:43:14+00:00\" \/>\n<meta property=\"article:modified_time\" content=\"2024-03-04T21:49:41+00:00\" \/>\n<meta property=\"og:image\" content=\"https:\/\/www.iaavim.gob.ar\/wp-content\/uploads\/2024\/03\/NEW-portada-sitio-1200x480-8.png\" \/>\n\t<meta property=\"og:image:width\" content=\"1200\" \/>\n\t<meta property=\"og:image:height\" content=\"480\" \/>\n\t<meta property=\"og:image:type\" content=\"image\/png\" \/>\n<meta name=\"author\" content=\"IAAviM\" \/>\n<meta name=\"twitter:card\" content=\"summary_large_image\" \/>\n<meta name=\"twitter:label1\" content=\"Escrito por\" \/>\n\t<meta name=\"twitter:data1\" content=\"IAAviM\" \/>\n\t<meta name=\"twitter:label2\" content=\"Tiempo de lectura\" \/>\n\t<meta name=\"twitter:data2\" content=\"5 minutos\" \/>\n<script type=\"application\/ld+json\" class=\"yoast-schema-graph\">{\"@context\":\"https:\\\/\\\/schema.org\",\"@graph\":[{\"@type\":\"Article\",\"@id\":\"https:\\\/\\\/www.iaavim.gob.ar\\\/?p=13621#article\",\"isPartOf\":{\"@id\":\"https:\\\/\\\/www.iaavim.gob.ar\\\/?p=13621\"},\"author\":{\"name\":\"IAAviM\",\"@id\":\"\\\/#\\\/schema\\\/person\\\/affb351a86bbbb5cdff3011db06ccf85\"},\"headline\":\"Cambio de autoridades en el Instituto de Artes Audiovisuales de Misiones\",\"datePublished\":\"2024-03-04T21:43:14+00:00\",\"dateModified\":\"2024-03-04T21:49:41+00:00\",\"mainEntityOfPage\":{\"@id\":\"https:\\\/\\\/www.iaavim.gob.ar\\\/?p=13621\"},\"wordCount\":826,\"publisher\":{\"@id\":\"\\\/#organization\"},\"image\":{\"@id\":\"https:\\\/\\\/www.iaavim.gob.ar\\\/?p=13621#primaryimage\"},\"thumbnailUrl\":\"https:\\\/\\\/www.iaavim.gob.ar\\\/wp-content\\\/uploads\\\/2024\\\/03\\\/NEW-portada-sitio-1200x480-8.png\",\"keywords\":[\"autoridades\",\"IAAviM\",\"Joselo Schuap\",\"Mario Gim\u00e9nez\",\"Misiones\",\"pol\u00edticas audiovisuales\",\"Santiago Carabante\",\"Sergio Acosta\"],\"articleSection\":[\"Noticias del IAAviM\"],\"inLanguage\":\"es-AR\"},{\"@type\":\"WebPage\",\"@id\":\"https:\\\/\\\/www.iaavim.gob.ar\\\/?p=13621\",\"url\":\"https:\\\/\\\/www.iaavim.gob.ar\\\/?p=13621\",\"name\":\"Cambio de autoridades en el Instituto de Artes Audiovisuales de Misiones - IAAviM\",\"isPartOf\":{\"@id\":\"\\\/#website\"},\"primaryImageOfPage\":{\"@id\":\"https:\\\/\\\/www.iaavim.gob.ar\\\/?p=13621#primaryimage\"},\"image\":{\"@id\":\"https:\\\/\\\/www.iaavim.gob.ar\\\/?p=13621#primaryimage\"},\"thumbnailUrl\":\"https:\\\/\\\/www.iaavim.gob.ar\\\/wp-content\\\/uploads\\\/2024\\\/03\\\/NEW-portada-sitio-1200x480-8.png\",\"datePublished\":\"2024-03-04T21:43:14+00:00\",\"dateModified\":\"2024-03-04T21:49:41+00:00\",\"description\":\"El guionista, productor y director Sergio Acosta asumi\u00f3 como nuevo presidente del Instituto de Artes Audiovisuales de Misiones\",\"breadcrumb\":{\"@id\":\"https:\\\/\\\/www.iaavim.gob.ar\\\/?p=13621#breadcrumb\"},\"inLanguage\":\"es-AR\",\"potentialAction\":[{\"@type\":\"ReadAction\",\"target\":[\"https:\\\/\\\/www.iaavim.gob.ar\\\/?p=13621\"]}]},{\"@type\":\"ImageObject\",\"inLanguage\":\"es-AR\",\"@id\":\"https:\\\/\\\/www.iaavim.gob.ar\\\/?p=13621#primaryimage\",\"url\":\"https:\\\/\\\/www.iaavim.gob.ar\\\/wp-content\\\/uploads\\\/2024\\\/03\\\/NEW-portada-sitio-1200x480-8.png\",\"contentUrl\":\"https:\\\/\\\/www.iaavim.gob.ar\\\/wp-content\\\/uploads\\\/2024\\\/03\\\/NEW-portada-sitio-1200x480-8.png\",\"width\":1200,\"height\":480},{\"@type\":\"BreadcrumbList\",\"@id\":\"https:\\\/\\\/www.iaavim.gob.ar\\\/?p=13621#breadcrumb\",\"itemListElement\":[{\"@type\":\"ListItem\",\"position\":1,\"name\":\"Inicio\",\"item\":\"https:\\\/\\\/www.iaavim.gob.ar\\\/\"},{\"@type\":\"ListItem\",\"position\":2,\"name\":\"Cambio de autoridades en el Instituto de Artes Audiovisuales de Misiones\"}]},{\"@type\":\"WebSite\",\"@id\":\"\\\/#website\",\"url\":\"\\\/\",\"name\":\"\",\"description\":\"Sitio oficial del IAAviM\",\"publisher\":{\"@id\":\"\\\/#organization\"},\"potentialAction\":[{\"@type\":\"SearchAction\",\"target\":{\"@type\":\"EntryPoint\",\"urlTemplate\":\"\\\/?s={search_term_string}\"},\"query-input\":{\"@type\":\"PropertyValueSpecification\",\"valueRequired\":true,\"valueName\":\"search_term_string\"}}],\"inLanguage\":\"es-AR\"},{\"@type\":\"Organization\",\"@id\":\"\\\/#organization\",\"name\":\"Instituto de Artes Audiovisuales de Misiones\",\"url\":\"\\\/\",\"logo\":{\"@type\":\"ImageObject\",\"inLanguage\":\"es-AR\",\"@id\":\"\\\/#\\\/schema\\\/logo\\\/image\\\/\",\"url\":\"https:\\\/\\\/iaavim.misiones.gob.ar\\\/wp-content\\\/uploads\\\/2021\\\/07\\\/logo-iaavim-preview.png.jpg\",\"contentUrl\":\"https:\\\/\\\/iaavim.misiones.gob.ar\\\/wp-content\\\/uploads\\\/2021\\\/07\\\/logo-iaavim-preview.png.jpg\",\"width\":1200,\"height\":675,\"caption\":\"Instituto de Artes Audiovisuales de Misiones\"},\"image\":{\"@id\":\"\\\/#\\\/schema\\\/logo\\\/image\\\/\"}},{\"@type\":\"Person\",\"@id\":\"\\\/#\\\/schema\\\/person\\\/affb351a86bbbb5cdff3011db06ccf85\",\"name\":\"IAAviM\",\"image\":{\"@type\":\"ImageObject\",\"inLanguage\":\"es-AR\",\"@id\":\"https:\\\/\\\/secure.gravatar.com\\\/avatar\\\/6a023e5ff426a571199af5d6ff7996bd89e8be946af83dc1c2624ad66151ed39?s=96&d=blank&r=g\",\"url\":\"https:\\\/\\\/secure.gravatar.com\\\/avatar\\\/6a023e5ff426a571199af5d6ff7996bd89e8be946af83dc1c2624ad66151ed39?s=96&d=blank&r=g\",\"contentUrl\":\"https:\\\/\\\/secure.gravatar.com\\\/avatar\\\/6a023e5ff426a571199af5d6ff7996bd89e8be946af83dc1c2624ad66151ed39?s=96&d=blank&r=g\",\"caption\":\"IAAviM\"},\"url\":\"https:\\\/\\\/www.iaavim.gob.ar\\\/?author=2\"}]}<\/script>\n<!-- \/ Yoast SEO plugin. -->","yoast_head_json":{"title":"Cambio de autoridades en el Instituto de Artes Audiovisuales de Misiones - IAAviM","description":"El guionista, productor y director Sergio Acosta asumi\u00f3 como nuevo presidente del Instituto de Artes Audiovisuales de Misiones","robots":{"index":"index","follow":"follow","max-snippet":"max-snippet:-1","max-image-preview":"max-image-preview:large","max-video-preview":"max-video-preview:-1"},"canonical":"https:\/\/www.iaavim.gob.ar\/?p=13621","og_locale":"es_ES","og_type":"article","og_title":"Cambio de autoridades en el Instituto de Artes Audiovisuales de Misiones - IAAviM","og_description":"El guionista, productor y director Sergio Acosta asumi\u00f3 como nuevo presidente del Instituto de Artes Audiovisuales de Misiones","og_url":"https:\/\/www.iaavim.gob.ar\/?p=13621","article_published_time":"2024-03-04T21:43:14+00:00","article_modified_time":"2024-03-04T21:49:41+00:00","og_image":[{"width":1200,"height":480,"url":"https:\/\/www.iaavim.gob.ar\/wp-content\/uploads\/2024\/03\/NEW-portada-sitio-1200x480-8.png","type":"image\/png"}],"author":"IAAviM","twitter_card":"summary_large_image","twitter_misc":{"Escrito por":"IAAviM","Tiempo de lectura":"5 minutos"},"schema":{"@context":"https:\/\/schema.org","@graph":[{"@type":"Article","@id":"https:\/\/www.iaavim.gob.ar\/?p=13621#article","isPartOf":{"@id":"https:\/\/www.iaavim.gob.ar\/?p=13621"},"author":{"name":"IAAviM","@id":"\/#\/schema\/person\/affb351a86bbbb5cdff3011db06ccf85"},"headline":"Cambio de autoridades en el Instituto de Artes Audiovisuales de Misiones","datePublished":"2024-03-04T21:43:14+00:00","dateModified":"2024-03-04T21:49:41+00:00","mainEntityOfPage":{"@id":"https:\/\/www.iaavim.gob.ar\/?p=13621"},"wordCount":826,"publisher":{"@id":"\/#organization"},"image":{"@id":"https:\/\/www.iaavim.gob.ar\/?p=13621#primaryimage"},"thumbnailUrl":"https:\/\/www.iaavim.gob.ar\/wp-content\/uploads\/2024\/03\/NEW-portada-sitio-1200x480-8.png","keywords":["autoridades","IAAviM","Joselo Schuap","Mario Gim\u00e9nez","Misiones","pol\u00edticas audiovisuales","Santiago Carabante","Sergio Acosta"],"articleSection":["Noticias del IAAviM"],"inLanguage":"es-AR"},{"@type":"WebPage","@id":"https:\/\/www.iaavim.gob.ar\/?p=13621","url":"https:\/\/www.iaavim.gob.ar\/?p=13621","name":"Cambio de autoridades en el Instituto de Artes Audiovisuales de Misiones - IAAviM","isPartOf":{"@id":"\/#website"},"primaryImageOfPage":{"@id":"https:\/\/www.iaavim.gob.ar\/?p=13621#primaryimage"},"image":{"@id":"https:\/\/www.iaavim.gob.ar\/?p=13621#primaryimage"},"thumbnailUrl":"https:\/\/www.iaavim.gob.ar\/wp-content\/uploads\/2024\/03\/NEW-portada-sitio-1200x480-8.png","datePublished":"2024-03-04T21:43:14+00:00","dateModified":"2024-03-04T21:49:41+00:00","description":"El guionista, productor y director Sergio Acosta asumi\u00f3 como nuevo presidente del Instituto de Artes Audiovisuales de Misiones","breadcrumb":{"@id":"https:\/\/www.iaavim.gob.ar\/?p=13621#breadcrumb"},"inLanguage":"es-AR","potentialAction":[{"@type":"ReadAction","target":["https:\/\/www.iaavim.gob.ar\/?p=13621"]}]},{"@type":"ImageObject","inLanguage":"es-AR","@id":"https:\/\/www.iaavim.gob.ar\/?p=13621#primaryimage","url":"https:\/\/www.iaavim.gob.ar\/wp-content\/uploads\/2024\/03\/NEW-portada-sitio-1200x480-8.png","contentUrl":"https:\/\/www.iaavim.gob.ar\/wp-content\/uploads\/2024\/03\/NEW-portada-sitio-1200x480-8.png","width":1200,"height":480},{"@type":"BreadcrumbList","@id":"https:\/\/www.iaavim.gob.ar\/?p=13621#breadcrumb","itemListElement":[{"@type":"ListItem","position":1,"name":"Inicio","item":"https:\/\/www.iaavim.gob.ar\/"},{"@type":"ListItem","position":2,"name":"Cambio de autoridades en el Instituto de Artes Audiovisuales de Misiones"}]},{"@type":"WebSite","@id":"\/#website","url":"\/","name":"","description":"Sitio oficial del IAAviM","publisher":{"@id":"\/#organization"},"potentialAction":[{"@type":"SearchAction","target":{"@type":"EntryPoint","urlTemplate":"\/?s={search_term_string}"},"query-input":{"@type":"PropertyValueSpecification","valueRequired":true,"valueName":"search_term_string"}}],"inLanguage":"es-AR"},{"@type":"Organization","@id":"\/#organization","name":"Instituto de Artes Audiovisuales de Misiones","url":"\/","logo":{"@type":"ImageObject","inLanguage":"es-AR","@id":"\/#\/schema\/logo\/image\/","url":"https:\/\/iaavim.misiones.gob.ar\/wp-content\/uploads\/2021\/07\/logo-iaavim-preview.png.jpg","contentUrl":"https:\/\/iaavim.misiones.gob.ar\/wp-content\/uploads\/2021\/07\/logo-iaavim-preview.png.jpg","width":1200,"height":675,"caption":"Instituto de Artes Audiovisuales de Misiones"},"image":{"@id":"\/#\/schema\/logo\/image\/"}},{"@type":"Person","@id":"\/#\/schema\/person\/affb351a86bbbb5cdff3011db06ccf85","name":"IAAviM","image":{"@type":"ImageObject","inLanguage":"es-AR","@id":"https:\/\/secure.gravatar.com\/avatar\/6a023e5ff426a571199af5d6ff7996bd89e8be946af83dc1c2624ad66151ed39?s=96&d=blank&r=g","url":"https:\/\/secure.gravatar.com\/avatar\/6a023e5ff426a571199af5d6ff7996bd89e8be946af83dc1c2624ad66151ed39?s=96&d=blank&r=g","contentUrl":"https:\/\/secure.gravatar.com\/avatar\/6a023e5ff426a571199af5d6ff7996bd89e8be946af83dc1c2624ad66151ed39?s=96&d=blank&r=g","caption":"IAAviM"},"url":"https:\/\/www.iaavim.gob.ar\/?author=2"}]}},"amp_enabled":true,"_links":{"self":[{"href":"https:\/\/www.iaavim.gob.ar\/index.php?rest_route=\/wp\/v2\/posts\/13621","targetHints":{"allow":["GET"]}}],"collection":[{"href":"https:\/\/www.iaavim.gob.ar\/index.php?rest_route=\/wp\/v2\/posts"}],"about":[{"href":"https:\/\/www.iaavim.gob.ar\/index.php?rest_route=\/wp\/v2\/types\/post"}],"author":[{"embeddable":true,"href":"https:\/\/www.iaavim.gob.ar\/index.php?rest_route=\/wp\/v2\/users\/2"}],"replies":[{"embeddable":true,"href":"https:\/\/www.iaavim.gob.ar\/index.php?rest_route=%2Fwp%2Fv2%2Fcomments&post=13621"}],"version-history":[{"count":3,"href":"https:\/\/www.iaavim.gob.ar\/index.php?rest_route=\/wp\/v2\/posts\/13621\/revisions"}],"predecessor-version":[{"id":13635,"href":"https:\/\/www.iaavim.gob.ar\/index.php?rest_route=\/wp\/v2\/posts\/13621\/revisions\/13635"}],"wp:featuredmedia":[{"embeddable":true,"href":"https:\/\/www.iaavim.gob.ar\/index.php?rest_route=\/wp\/v2\/media\/13630"}],"wp:attachment":[{"href":"https:\/\/www.iaavim.gob.ar\/index.php?rest_route=%2Fwp%2Fv2%2Fmedia&parent=13621"}],"wp:term":[{"taxonomy":"category","embeddable":true,"href":"https:\/\/www.iaavim.gob.ar\/index.php?rest_route=%2Fwp%2Fv2%2Fcategories&post=13621"},{"taxonomy":"post_tag","embeddable":true,"href":"https:\/\/www.iaavim.gob.ar\/index.php?rest_route=%2Fwp%2Fv2%2Ftags&post=13621"}],"curies":[{"name":"wp","href":"https:\/\/api.w.org\/{rel}","templated":true}]}}