{"id":13478,"date":"2023-12-18T19:16:06","date_gmt":"2023-12-18T22:16:06","guid":{"rendered":"https:\/\/www.iaavim.gob.ar\/?p=13478"},"modified":"2024-01-22T10:39:48","modified_gmt":"2024-01-22T13:39:48","slug":"tras-el-viii-foro-el-sector-audiovisual-de-misiones-fortalece-su-organizacion","status":"publish","type":"post","link":"https:\/\/www.iaavim.gob.ar\/?p=13478","title":{"rendered":"Tras el VIII Foro, el sector audiovisual de Misiones fortalece su organizaci\u00f3n"},"content":{"rendered":"\n<p>Este s\u00e1bado concluy\u00f3 en Posadas el <strong>VIII Foro Consultivo de Pol\u00edticas P\u00fablicas Audiovisuales de Misiones<\/strong>, luego de dos instancias virtuales que reunieron a la comunidad audiovisual de la provincia en torno a la discusi\u00f3n de dos ejes de trabajo.<\/p>\n\n\n\n<p>La jornada de cierre se llev\u00f3 a cabo en el Auditorio del edificio Juan Figueredo de la Facultad de Humanidades y Ciencias Sociales de la UNaM, con la presencia de realizadores, productores, t\u00e9cnicos, t\u00e9cnicas, egresados de carreras afines al audiovisual, integrantes del Consejo Directivo del Instituto de Artes Audiovisuales de Misiones -IAAviM- y equipo operativo.<\/p>\n\n\n\n<p>El octavo Foro Consultivo se celebr\u00f3 en un marco particular, postelectoral, en donde el encuentro del sector para discutir los lineamientos que guiar\u00e1n al IAAviM en los pr\u00f3ximos dos a\u00f1os, cobr\u00f3 mayor relevancia.<\/p>\n\n\n\n<p>Durante la ma\u00f1ana, el presidente del Instituto <strong>Mario Gim\u00e9nez<\/strong> junto a la directora administrativa, <strong>Noel Gali\u00e1n<\/strong>, presentaron un resumen de la inversi\u00f3n del Estado provincial para el fomento de la producci\u00f3n audiovisual y la ejecuci\u00f3n de programas y l\u00edneas de trabajo. Al respecto, se destac\u00f3 la realizaci\u00f3n de 80 producciones de distintos formatos y g\u00e9neros entre el 2020 y 2023 mediante una inversi\u00f3n cercana a los <strong>$90.000.000<\/strong>. Otro de los puntos relevantes a los que se hizo menci\u00f3n corresponde a las m\u00faltiples propuestas de capacitaci\u00f3n profesional como lo son los laboratorios de desarrollo de proyectos, charlas especializadas, seminarios y talleres para los cuales se destinaron en el mismo periodo <strong>$8.223.646<\/strong>, inversi\u00f3n que permite que las y los trabajadores de Misiones accedan a capacitaciones gratuitas de fortalecimiento y actualizaci\u00f3n profesional.<\/p>\n\n\n\n<p>Tambi\u00e9n se present\u00f3 el <strong>Nuevo Plan Integral de Fomento<\/strong>, fruto del trabajo articulado entre el IAAviM y el sector que permiti\u00f3 dise\u00f1ar un plan estrat\u00e9gico que re\u00fane las principales l\u00edneas de financiamiento en un \u00fanico cuerpo normativo. Durante el conversatorio propuesto en el Foro, se expresaron las inquietudes ante el panorama actual, al tiempo que se afirm\u00f3 que el Plan es una herramienta que permite estar preparados ya que contempla l\u00edneas de fomento para las distintas necesidades de un sector que es heterog\u00e9neo.&nbsp;<\/p>\n\n\n\n<p>La segunda parte de la jornada se dedic\u00f3 al intercambio de las propuestas analizadas previamente en las dos mesas de trabajo virtuales, que giraron en torno a <strong>&#8220;Organizaci\u00f3n sectorial e institucional&#8221;<\/strong> y <strong>&#8220;Perspectiva de g\u00e9nero en las pol\u00edticas p\u00fablicas audiovisuales&#8221;<\/strong>. Sobre el primer eje, entre otros puntos, se habl\u00f3 de la necesidad de ampliar y dar a conocer la planificaci\u00f3n de la labor socioterritorial de los consejeros distritales a partir del diagn\u00f3stico del estado de situaci\u00f3n, construcci\u00f3n vincular, relevamiento de problem\u00e1ticas e inquietudes; as\u00ed como la importancia del seguimiento de las tareas. Se consensu\u00f3 elaborar un nuevo reglamento de funciones del Consejo Directivo, y se plante\u00f3 la necesidad de llamar a elecciones dentro del primer semestre de 2024 a fin de renovar por mitades mediante sorteo y atendiendo la paridad de g\u00e9nero en las cuatro bancas de consejeros distritales.<\/p>\n\n\n\n<p><\/p>\n\n\n\n<figure class=\"wp-block-gallery has-nested-images columns-default is-cropped wp-block-gallery-1 is-layout-flex wp-block-gallery-is-layout-flex\">\n<figure class=\"wp-block-image size-large\"><img loading=\"lazy\" decoding=\"async\" width=\"1024\" height=\"683\" data-id=\"13480\" src=\"https:\/\/www.iaavim.gob.ar\/wp-content\/uploads\/2023\/12\/IMG_8608-1024x683.jpg\" alt=\"\" class=\"wp-image-13480\" srcset=\"https:\/\/www.iaavim.gob.ar\/wp-content\/uploads\/2023\/12\/IMG_8608-1024x683.jpg 1024w, https:\/\/www.iaavim.gob.ar\/wp-content\/uploads\/2023\/12\/IMG_8608-300x200.jpg 300w, https:\/\/www.iaavim.gob.ar\/wp-content\/uploads\/2023\/12\/IMG_8608-768x512.jpg 768w, https:\/\/www.iaavim.gob.ar\/wp-content\/uploads\/2023\/12\/IMG_8608-1536x1024.jpg 1536w, https:\/\/www.iaavim.gob.ar\/wp-content\/uploads\/2023\/12\/IMG_8608-2048x1366.jpg 2048w\" sizes=\"auto, (max-width: 1024px) 100vw, 1024px\" \/><\/figure>\n\n\n\n<figure class=\"wp-block-image size-large\"><img loading=\"lazy\" decoding=\"async\" width=\"1024\" height=\"683\" data-id=\"13481\" src=\"https:\/\/www.iaavim.gob.ar\/wp-content\/uploads\/2023\/12\/IMG_8648-1024x683.jpg\" alt=\"\" class=\"wp-image-13481\" srcset=\"https:\/\/www.iaavim.gob.ar\/wp-content\/uploads\/2023\/12\/IMG_8648-1024x683.jpg 1024w, https:\/\/www.iaavim.gob.ar\/wp-content\/uploads\/2023\/12\/IMG_8648-300x200.jpg 300w, https:\/\/www.iaavim.gob.ar\/wp-content\/uploads\/2023\/12\/IMG_8648-768x512.jpg 768w, https:\/\/www.iaavim.gob.ar\/wp-content\/uploads\/2023\/12\/IMG_8648-1536x1024.jpg 1536w, https:\/\/www.iaavim.gob.ar\/wp-content\/uploads\/2023\/12\/IMG_8648-2048x1366.jpg 2048w\" sizes=\"auto, (max-width: 1024px) 100vw, 1024px\" \/><\/figure>\n\n\n\n<figure class=\"wp-block-image size-large\"><img loading=\"lazy\" decoding=\"async\" width=\"1024\" height=\"683\" data-id=\"13482\" src=\"https:\/\/www.iaavim.gob.ar\/wp-content\/uploads\/2023\/12\/IMG_8696-1024x683.jpg\" alt=\"\" class=\"wp-image-13482\" srcset=\"https:\/\/www.iaavim.gob.ar\/wp-content\/uploads\/2023\/12\/IMG_8696-1024x683.jpg 1024w, https:\/\/www.iaavim.gob.ar\/wp-content\/uploads\/2023\/12\/IMG_8696-300x200.jpg 300w, https:\/\/www.iaavim.gob.ar\/wp-content\/uploads\/2023\/12\/IMG_8696-768x512.jpg 768w, https:\/\/www.iaavim.gob.ar\/wp-content\/uploads\/2023\/12\/IMG_8696-1536x1024.jpg 1536w, https:\/\/www.iaavim.gob.ar\/wp-content\/uploads\/2023\/12\/IMG_8696-2048x1366.jpg 2048w\" sizes=\"auto, (max-width: 1024px) 100vw, 1024px\" \/><\/figure>\n<\/figure>\n\n\n\n<p><\/p>\n\n\n\n<p>\u201cPara m\u00ed es clave que nos encontremos porque yo que particip\u00e9 de los \u00faltimos seis foros, por ejemplo, siento que cada vez vamos m\u00e1s al hueso en cuanto a qu\u00e9 cosas tratamos en los foros\u201d, comparti\u00f3 la productora e integrante de la Colectiva Mutar, <strong>Yamila Barnasthpol<\/strong>. Y agreg\u00f3: \u201clas tem\u00e1ticas que estamos trabajando hoy, que tienen que ver con el funcionamiento de nuestros representantes dentro del Instituto y del cupo y la paridad, habla de que como sector estamos bastante maduros\u2026 As\u00ed que yo estoy s\u00faper contenta y orgullosa del sector que tenemos porque siempre nos organizamos y mantenemos la organizaci\u00f3n en el tiempo\u201d.&nbsp;<\/p>\n\n\n\n<p>El realizador audiovisual<strong> Germ\u00e1n Lorenzo Robert<\/strong> manifest\u00f3 \u201ces s\u00faper importante la participaci\u00f3n en el Foro y en las pol\u00edticas p\u00fablicas del IAAviM y del fomento que genera la provincia en un momento tan clave para la pol\u00edtica y tan complejo para el sector\u201d. Plante\u00f3 adem\u00e1s que en este contexto lo fundamental es la uni\u00f3n del sector y \u201centender que para cada producci\u00f3n hay una problem\u00e1tica y una necesidad diferente y, a partir de ah\u00ed, problematizar y sistematizar ese trabajo para que justamente todos podamos acceder a estas herramientas, a estos beneficios que genera el Instituto\u201d.<\/p>\n\n\n\n<p>Respecto al debate sobre la tem\u00e1tica de perspectiva de g\u00e9nero en las pol\u00edticas p\u00fablicas audiovisuales, se trabaj\u00f3 sobre la propuesta elaborada entre el \u00e1rea del Registro Provincial del Audiovisual del IAAviM e integrantes de la colectiva Mujeres y Diversidades Trabajadoras del Audiovisual en Red -MUTAR- para pensar una reglamentaci\u00f3n que garantice la equidad de g\u00e9nero en el Consejo Directivo. Como resultado de los intercambios tambi\u00e9n se manifest\u00f3 la necesidad de contar con herramientas y formaci\u00f3n para facilitar el acceso a espacios de participaci\u00f3n pol\u00edtica a mujeres y diversidades, que acompa\u00f1e el proceso eleccionario del 2024. El dise\u00f1o de un protocolo o manual de buenas pr\u00e1cticas preventivas en el \u00e1mbito laboral, tambi\u00e9n fue otro de los consensos alcanzados.<\/p>\n\n\n\n<p>Entre los intercambios motivados por esta tem\u00e1tica, se destac\u00f3 la participaci\u00f3n activa de las mujeres y diversidades expresando la importancia de las pol\u00edticas p\u00fablicas para promover la inclusi\u00f3n laboral. En este sentido, varias personas coincidieron en lo significativo del taller intensivo de capacitaci\u00f3n sobre DF y c\u00e1mara destinado espec\u00edficamente a este grupo.<\/p>\n\n\n\n<p>De cara a los desaf\u00edos futuros, el sector audiovisual de Misiones reafirm\u00f3 una vez m\u00e1s en el Foro el sistema participativo democr\u00e1tico, basado en la escucha y en el consenso de los lineamientos a seguir a partir de repensar las acciones llevadas a cabo y confiando en el potencial del sector audiovisual p\u00fablico-privado.<\/p>\n\n\n\n<p>En este sentido, el realizador, gestor cultural y ex-presidente del IAAviM, <strong>Axel Mons\u00fa<\/strong>, afirm\u00f3 que \u201cnuestro sector y nuestra industria hoy est\u00e1n en ese tiempo productivo de cosecha que llev\u00f3 una inversi\u00f3n previa de muchos a\u00f1os. Entonces es momento de seguir fortaleciendo para que esto no sea como un incendio. Porque cuando viene un incendio, arrasa con cosas que han llevado mucho tiempo de crecimiento y de desarrollo, y que luego, para que vuelvan a estar al mismo punto, llevan todo ese tiempo por delante. Hoy Misiones est\u00e1 a la cabeza en el pa\u00eds con un sector productivo, con inversi\u00f3n y con posibilidades de negocios en puerta que hay que seguir apostando y potenciando para generar m\u00e1s trabajo\u201d.<\/p>\n\n\n\n<p>El VIII Foro Consultivo de Pol\u00edticas P\u00fablicas Audiovisuales de Misiones concluy\u00f3 con un <strong>mensaje de la comunidad audiovisual<\/strong> en el que afirma:<\/p>\n\n\n\n<blockquote class=\"wp-block-quote is-layout-flow wp-block-quote-is-layout-flow\">\n<p>\u201cDe cara al d\u00e9cimo aniversario de la Ley provincial VI 171 de Promoci\u00f3n Audiovisual, Misiones tiene cultura, trabajo, e industria.&nbsp;<\/p>\n\n\n\n<p>Somos un sector productivo pujante de la industria del conocimiento, hemos logrado un posicionamiento y capacidad instalada de punta en el pa\u00eds.<\/p>\n\n\n\n<p>Nuestro Plan Integral de Fomento generar\u00e1 Impacto en la econom\u00eda local; traemos inversi\u00f3n y puestos de trabajo.<\/p>\n\n\n\n<p>Somos patrimonio cultural con cientos de obras producidas.<\/p>\n\n\n\n<p>Somos reconocimientos, premios y mercados alcanzados.<\/p>\n\n\n\n<p>Somos mano de obra profesional altamente especializada.&nbsp;<\/p>\n\n\n\n<p>Somos infraestructura y tecnolog\u00eda instalada.<\/p>\n\n\n\n<p>En momentos de adversidad estamos para seguir trabajando, generando abundancia y conectando a nuestro territorio con el mundo\u201d.<\/p>\n<\/blockquote>\n\n\n\n<div style=\"height:90px\" aria-hidden=\"true\" class=\"wp-block-spacer\"><\/div>\n\n\n\n<p>VER FOTOS EN <a href=\"https:\/\/www.facebook.com\/iaavim\" target=\"_blank\" rel=\"noreferrer noopener\">https:\/\/www.facebook.com\/iaavim<\/a><\/p>\n\n\n\n<div style=\"height:100px\" aria-hidden=\"true\" class=\"wp-block-spacer\"><\/div>\n","protected":false},"excerpt":{"rendered":"<p>Este s\u00e1bado concluy\u00f3 en Posadas el VIII Foro Consultivo de Pol\u00edticas P\u00fablicas Audiovisuales de Misiones, luego de dos instancias virtuales que reunieron a la comunidad audiovisual de la provincia en torno a la discusi\u00f3n de dos ejes de trabajo. La jornada de cierre se llev\u00f3 a cabo en el Auditorio del edificio Juan Figueredo de &hellip;<\/p>\n","protected":false},"author":2,"featured_media":13479,"comment_status":"closed","ping_status":"open","sticky":false,"template":"","format":"standard","meta":{"_acf_changed":false,"footnotes":""},"categories":[39],"tags":[1223,1226,1225,1207,844,159,1224],"class_list":["post-13478","post","type-post","status-publish","format-standard","has-post-thumbnail","hentry","category-noticias-del-iaavim","tag-foro-consultivo-de-politicas-publicas-audiovisuales","tag-organizacion-sectorial","tag-perspectivas-de-genero","tag-plan-integral-de-fomento","tag-politicas-audiovisuales","tag-sector-audiovisual","tag-viii-foro"],"acf":[],"yoast_head":"<!-- This site is optimized with the Yoast SEO plugin v27.4 - https:\/\/yoast.com\/product\/yoast-seo-wordpress\/ -->\n<title>Tras el VIII Foro, el sector audiovisual de Misiones fortalece su organizaci\u00f3n -<\/title>\n<meta name=\"robots\" content=\"index, follow, max-snippet:-1, max-image-preview:large, max-video-preview:-1\" \/>\n<link rel=\"canonical\" href=\"https:\/\/www.iaavim.gob.ar\/?p=13478\" \/>\n<meta property=\"og:locale\" content=\"es_ES\" \/>\n<meta property=\"og:type\" content=\"article\" \/>\n<meta property=\"og:title\" content=\"Tras el VIII Foro, el sector audiovisual de Misiones fortalece su organizaci\u00f3n -\" \/>\n<meta property=\"og:description\" content=\"Este s\u00e1bado concluy\u00f3 en Posadas el VIII Foro Consultivo de Pol\u00edticas P\u00fablicas Audiovisuales de Misiones, luego de dos instancias virtuales que reunieron a la comunidad audiovisual de la provincia en torno a la discusi\u00f3n de dos ejes de trabajo. La jornada de cierre se llev\u00f3 a cabo en el Auditorio del edificio Juan Figueredo de &hellip;\" \/>\n<meta property=\"og:url\" content=\"https:\/\/www.iaavim.gob.ar\/?p=13478\" \/>\n<meta property=\"article:published_time\" content=\"2023-12-18T22:16:06+00:00\" \/>\n<meta property=\"article:modified_time\" content=\"2024-01-22T13:39:48+00:00\" \/>\n<meta property=\"og:image\" content=\"https:\/\/www.iaavim.gob.ar\/wp-content\/uploads\/2023\/12\/3-1.png\" \/>\n\t<meta property=\"og:image:width\" content=\"1200\" \/>\n\t<meta property=\"og:image:height\" content=\"480\" \/>\n\t<meta property=\"og:image:type\" content=\"image\/png\" \/>\n<meta name=\"author\" content=\"IAAviM\" \/>\n<meta name=\"twitter:card\" content=\"summary_large_image\" \/>\n<meta name=\"twitter:label1\" content=\"Escrito por\" \/>\n\t<meta name=\"twitter:data1\" content=\"IAAviM\" \/>\n\t<meta name=\"twitter:label2\" content=\"Tiempo de lectura\" \/>\n\t<meta name=\"twitter:data2\" content=\"6 minutos\" \/>\n<script type=\"application\/ld+json\" class=\"yoast-schema-graph\">{\"@context\":\"https:\\\/\\\/schema.org\",\"@graph\":[{\"@type\":\"Article\",\"@id\":\"https:\\\/\\\/www.iaavim.gob.ar\\\/?p=13478#article\",\"isPartOf\":{\"@id\":\"https:\\\/\\\/www.iaavim.gob.ar\\\/?p=13478\"},\"author\":{\"name\":\"IAAviM\",\"@id\":\"\\\/#\\\/schema\\\/person\\\/affb351a86bbbb5cdff3011db06ccf85\"},\"headline\":\"Tras el VIII Foro, el sector audiovisual de Misiones fortalece su organizaci\u00f3n\",\"datePublished\":\"2023-12-18T22:16:06+00:00\",\"dateModified\":\"2024-01-22T13:39:48+00:00\",\"mainEntityOfPage\":{\"@id\":\"https:\\\/\\\/www.iaavim.gob.ar\\\/?p=13478\"},\"wordCount\":1254,\"publisher\":{\"@id\":\"\\\/#organization\"},\"image\":{\"@id\":\"https:\\\/\\\/www.iaavim.gob.ar\\\/?p=13478#primaryimage\"},\"thumbnailUrl\":\"https:\\\/\\\/www.iaavim.gob.ar\\\/wp-content\\\/uploads\\\/2023\\\/12\\\/3-1.png\",\"keywords\":[\"Foro Consultivo de Pol\u00edticas P\u00fablicas Audiovisuales\",\"organizaci\u00f3n sectorial\",\"perspectivas de g\u00e9nero\",\"Plan Integral de Fomento\",\"pol\u00edticas audiovisuales\",\"sector audiovisual\",\"VIII Foro\"],\"articleSection\":[\"Noticias del IAAviM\"],\"inLanguage\":\"es-AR\"},{\"@type\":\"WebPage\",\"@id\":\"https:\\\/\\\/www.iaavim.gob.ar\\\/?p=13478\",\"url\":\"https:\\\/\\\/www.iaavim.gob.ar\\\/?p=13478\",\"name\":\"Tras el VIII Foro, el sector audiovisual de Misiones fortalece su organizaci\u00f3n -\",\"isPartOf\":{\"@id\":\"\\\/#website\"},\"primaryImageOfPage\":{\"@id\":\"https:\\\/\\\/www.iaavim.gob.ar\\\/?p=13478#primaryimage\"},\"image\":{\"@id\":\"https:\\\/\\\/www.iaavim.gob.ar\\\/?p=13478#primaryimage\"},\"thumbnailUrl\":\"https:\\\/\\\/www.iaavim.gob.ar\\\/wp-content\\\/uploads\\\/2023\\\/12\\\/3-1.png\",\"datePublished\":\"2023-12-18T22:16:06+00:00\",\"dateModified\":\"2024-01-22T13:39:48+00:00\",\"breadcrumb\":{\"@id\":\"https:\\\/\\\/www.iaavim.gob.ar\\\/?p=13478#breadcrumb\"},\"inLanguage\":\"es-AR\",\"potentialAction\":[{\"@type\":\"ReadAction\",\"target\":[\"https:\\\/\\\/www.iaavim.gob.ar\\\/?p=13478\"]}]},{\"@type\":\"ImageObject\",\"inLanguage\":\"es-AR\",\"@id\":\"https:\\\/\\\/www.iaavim.gob.ar\\\/?p=13478#primaryimage\",\"url\":\"https:\\\/\\\/www.iaavim.gob.ar\\\/wp-content\\\/uploads\\\/2023\\\/12\\\/3-1.png\",\"contentUrl\":\"https:\\\/\\\/www.iaavim.gob.ar\\\/wp-content\\\/uploads\\\/2023\\\/12\\\/3-1.png\",\"width\":1200,\"height\":480},{\"@type\":\"BreadcrumbList\",\"@id\":\"https:\\\/\\\/www.iaavim.gob.ar\\\/?p=13478#breadcrumb\",\"itemListElement\":[{\"@type\":\"ListItem\",\"position\":1,\"name\":\"Inicio\",\"item\":\"https:\\\/\\\/www.iaavim.gob.ar\\\/\"},{\"@type\":\"ListItem\",\"position\":2,\"name\":\"Tras el VIII Foro, el sector audiovisual de Misiones fortalece su organizaci\u00f3n\"}]},{\"@type\":\"WebSite\",\"@id\":\"\\\/#website\",\"url\":\"\\\/\",\"name\":\"\",\"description\":\"Sitio oficial del IAAviM\",\"publisher\":{\"@id\":\"\\\/#organization\"},\"potentialAction\":[{\"@type\":\"SearchAction\",\"target\":{\"@type\":\"EntryPoint\",\"urlTemplate\":\"\\\/?s={search_term_string}\"},\"query-input\":{\"@type\":\"PropertyValueSpecification\",\"valueRequired\":true,\"valueName\":\"search_term_string\"}}],\"inLanguage\":\"es-AR\"},{\"@type\":\"Organization\",\"@id\":\"\\\/#organization\",\"name\":\"Instituto de Artes Audiovisuales de Misiones\",\"url\":\"\\\/\",\"logo\":{\"@type\":\"ImageObject\",\"inLanguage\":\"es-AR\",\"@id\":\"\\\/#\\\/schema\\\/logo\\\/image\\\/\",\"url\":\"https:\\\/\\\/iaavim.misiones.gob.ar\\\/wp-content\\\/uploads\\\/2021\\\/07\\\/logo-iaavim-preview.png.jpg\",\"contentUrl\":\"https:\\\/\\\/iaavim.misiones.gob.ar\\\/wp-content\\\/uploads\\\/2021\\\/07\\\/logo-iaavim-preview.png.jpg\",\"width\":1200,\"height\":675,\"caption\":\"Instituto de Artes Audiovisuales de Misiones\"},\"image\":{\"@id\":\"\\\/#\\\/schema\\\/logo\\\/image\\\/\"}},{\"@type\":\"Person\",\"@id\":\"\\\/#\\\/schema\\\/person\\\/affb351a86bbbb5cdff3011db06ccf85\",\"name\":\"IAAviM\",\"image\":{\"@type\":\"ImageObject\",\"inLanguage\":\"es-AR\",\"@id\":\"https:\\\/\\\/secure.gravatar.com\\\/avatar\\\/6a023e5ff426a571199af5d6ff7996bd89e8be946af83dc1c2624ad66151ed39?s=96&d=blank&r=g\",\"url\":\"https:\\\/\\\/secure.gravatar.com\\\/avatar\\\/6a023e5ff426a571199af5d6ff7996bd89e8be946af83dc1c2624ad66151ed39?s=96&d=blank&r=g\",\"contentUrl\":\"https:\\\/\\\/secure.gravatar.com\\\/avatar\\\/6a023e5ff426a571199af5d6ff7996bd89e8be946af83dc1c2624ad66151ed39?s=96&d=blank&r=g\",\"caption\":\"IAAviM\"},\"url\":\"https:\\\/\\\/www.iaavim.gob.ar\\\/?author=2\"}]}<\/script>\n<!-- \/ Yoast SEO plugin. -->","yoast_head_json":{"title":"Tras el VIII Foro, el sector audiovisual de Misiones fortalece su organizaci\u00f3n -","robots":{"index":"index","follow":"follow","max-snippet":"max-snippet:-1","max-image-preview":"max-image-preview:large","max-video-preview":"max-video-preview:-1"},"canonical":"https:\/\/www.iaavim.gob.ar\/?p=13478","og_locale":"es_ES","og_type":"article","og_title":"Tras el VIII Foro, el sector audiovisual de Misiones fortalece su organizaci\u00f3n -","og_description":"Este s\u00e1bado concluy\u00f3 en Posadas el VIII Foro Consultivo de Pol\u00edticas P\u00fablicas Audiovisuales de Misiones, luego de dos instancias virtuales que reunieron a la comunidad audiovisual de la provincia en torno a la discusi\u00f3n de dos ejes de trabajo. La jornada de cierre se llev\u00f3 a cabo en el Auditorio del edificio Juan Figueredo de &hellip;","og_url":"https:\/\/www.iaavim.gob.ar\/?p=13478","article_published_time":"2023-12-18T22:16:06+00:00","article_modified_time":"2024-01-22T13:39:48+00:00","og_image":[{"width":1200,"height":480,"url":"https:\/\/www.iaavim.gob.ar\/wp-content\/uploads\/2023\/12\/3-1.png","type":"image\/png"}],"author":"IAAviM","twitter_card":"summary_large_image","twitter_misc":{"Escrito por":"IAAviM","Tiempo de lectura":"6 minutos"},"schema":{"@context":"https:\/\/schema.org","@graph":[{"@type":"Article","@id":"https:\/\/www.iaavim.gob.ar\/?p=13478#article","isPartOf":{"@id":"https:\/\/www.iaavim.gob.ar\/?p=13478"},"author":{"name":"IAAviM","@id":"\/#\/schema\/person\/affb351a86bbbb5cdff3011db06ccf85"},"headline":"Tras el VIII Foro, el sector audiovisual de Misiones fortalece su organizaci\u00f3n","datePublished":"2023-12-18T22:16:06+00:00","dateModified":"2024-01-22T13:39:48+00:00","mainEntityOfPage":{"@id":"https:\/\/www.iaavim.gob.ar\/?p=13478"},"wordCount":1254,"publisher":{"@id":"\/#organization"},"image":{"@id":"https:\/\/www.iaavim.gob.ar\/?p=13478#primaryimage"},"thumbnailUrl":"https:\/\/www.iaavim.gob.ar\/wp-content\/uploads\/2023\/12\/3-1.png","keywords":["Foro Consultivo de Pol\u00edticas P\u00fablicas Audiovisuales","organizaci\u00f3n sectorial","perspectivas de g\u00e9nero","Plan Integral de Fomento","pol\u00edticas audiovisuales","sector audiovisual","VIII Foro"],"articleSection":["Noticias del IAAviM"],"inLanguage":"es-AR"},{"@type":"WebPage","@id":"https:\/\/www.iaavim.gob.ar\/?p=13478","url":"https:\/\/www.iaavim.gob.ar\/?p=13478","name":"Tras el VIII Foro, el sector audiovisual de Misiones fortalece su organizaci\u00f3n -","isPartOf":{"@id":"\/#website"},"primaryImageOfPage":{"@id":"https:\/\/www.iaavim.gob.ar\/?p=13478#primaryimage"},"image":{"@id":"https:\/\/www.iaavim.gob.ar\/?p=13478#primaryimage"},"thumbnailUrl":"https:\/\/www.iaavim.gob.ar\/wp-content\/uploads\/2023\/12\/3-1.png","datePublished":"2023-12-18T22:16:06+00:00","dateModified":"2024-01-22T13:39:48+00:00","breadcrumb":{"@id":"https:\/\/www.iaavim.gob.ar\/?p=13478#breadcrumb"},"inLanguage":"es-AR","potentialAction":[{"@type":"ReadAction","target":["https:\/\/www.iaavim.gob.ar\/?p=13478"]}]},{"@type":"ImageObject","inLanguage":"es-AR","@id":"https:\/\/www.iaavim.gob.ar\/?p=13478#primaryimage","url":"https:\/\/www.iaavim.gob.ar\/wp-content\/uploads\/2023\/12\/3-1.png","contentUrl":"https:\/\/www.iaavim.gob.ar\/wp-content\/uploads\/2023\/12\/3-1.png","width":1200,"height":480},{"@type":"BreadcrumbList","@id":"https:\/\/www.iaavim.gob.ar\/?p=13478#breadcrumb","itemListElement":[{"@type":"ListItem","position":1,"name":"Inicio","item":"https:\/\/www.iaavim.gob.ar\/"},{"@type":"ListItem","position":2,"name":"Tras el VIII Foro, el sector audiovisual de Misiones fortalece su organizaci\u00f3n"}]},{"@type":"WebSite","@id":"\/#website","url":"\/","name":"","description":"Sitio oficial del IAAviM","publisher":{"@id":"\/#organization"},"potentialAction":[{"@type":"SearchAction","target":{"@type":"EntryPoint","urlTemplate":"\/?s={search_term_string}"},"query-input":{"@type":"PropertyValueSpecification","valueRequired":true,"valueName":"search_term_string"}}],"inLanguage":"es-AR"},{"@type":"Organization","@id":"\/#organization","name":"Instituto de Artes Audiovisuales de Misiones","url":"\/","logo":{"@type":"ImageObject","inLanguage":"es-AR","@id":"\/#\/schema\/logo\/image\/","url":"https:\/\/iaavim.misiones.gob.ar\/wp-content\/uploads\/2021\/07\/logo-iaavim-preview.png.jpg","contentUrl":"https:\/\/iaavim.misiones.gob.ar\/wp-content\/uploads\/2021\/07\/logo-iaavim-preview.png.jpg","width":1200,"height":675,"caption":"Instituto de Artes Audiovisuales de Misiones"},"image":{"@id":"\/#\/schema\/logo\/image\/"}},{"@type":"Person","@id":"\/#\/schema\/person\/affb351a86bbbb5cdff3011db06ccf85","name":"IAAviM","image":{"@type":"ImageObject","inLanguage":"es-AR","@id":"https:\/\/secure.gravatar.com\/avatar\/6a023e5ff426a571199af5d6ff7996bd89e8be946af83dc1c2624ad66151ed39?s=96&d=blank&r=g","url":"https:\/\/secure.gravatar.com\/avatar\/6a023e5ff426a571199af5d6ff7996bd89e8be946af83dc1c2624ad66151ed39?s=96&d=blank&r=g","contentUrl":"https:\/\/secure.gravatar.com\/avatar\/6a023e5ff426a571199af5d6ff7996bd89e8be946af83dc1c2624ad66151ed39?s=96&d=blank&r=g","caption":"IAAviM"},"url":"https:\/\/www.iaavim.gob.ar\/?author=2"}]}},"amp_enabled":true,"_links":{"self":[{"href":"https:\/\/www.iaavim.gob.ar\/index.php?rest_route=\/wp\/v2\/posts\/13478","targetHints":{"allow":["GET"]}}],"collection":[{"href":"https:\/\/www.iaavim.gob.ar\/index.php?rest_route=\/wp\/v2\/posts"}],"about":[{"href":"https:\/\/www.iaavim.gob.ar\/index.php?rest_route=\/wp\/v2\/types\/post"}],"author":[{"embeddable":true,"href":"https:\/\/www.iaavim.gob.ar\/index.php?rest_route=\/wp\/v2\/users\/2"}],"replies":[{"embeddable":true,"href":"https:\/\/www.iaavim.gob.ar\/index.php?rest_route=%2Fwp%2Fv2%2Fcomments&post=13478"}],"version-history":[{"count":2,"href":"https:\/\/www.iaavim.gob.ar\/index.php?rest_route=\/wp\/v2\/posts\/13478\/revisions"}],"predecessor-version":[{"id":13485,"href":"https:\/\/www.iaavim.gob.ar\/index.php?rest_route=\/wp\/v2\/posts\/13478\/revisions\/13485"}],"wp:featuredmedia":[{"embeddable":true,"href":"https:\/\/www.iaavim.gob.ar\/index.php?rest_route=\/wp\/v2\/media\/13479"}],"wp:attachment":[{"href":"https:\/\/www.iaavim.gob.ar\/index.php?rest_route=%2Fwp%2Fv2%2Fmedia&parent=13478"}],"wp:term":[{"taxonomy":"category","embeddable":true,"href":"https:\/\/www.iaavim.gob.ar\/index.php?rest_route=%2Fwp%2Fv2%2Fcategories&post=13478"},{"taxonomy":"post_tag","embeddable":true,"href":"https:\/\/www.iaavim.gob.ar\/index.php?rest_route=%2Fwp%2Fv2%2Ftags&post=13478"}],"curies":[{"name":"wp","href":"https:\/\/api.w.org\/{rel}","templated":true}]}}