{"id":13398,"date":"2023-11-23T14:01:27","date_gmt":"2023-11-23T17:01:27","guid":{"rendered":"https:\/\/www.iaavim.gob.ar\/?p=13398"},"modified":"2023-11-23T14:01:29","modified_gmt":"2023-11-23T17:01:29","slug":"se-filmo-en-posadas-el-cortometraje-una-rama-que-siempre-sono-ser-pajaro","status":"publish","type":"post","link":"https:\/\/www.iaavim.gob.ar\/?p=13398","title":{"rendered":"Se film\u00f3 en Posadas el cortometraje \u201cUna rama que siempre so\u00f1\u00f3 ser p\u00e1jaro\u201d"},"content":{"rendered":"\n<p>La obra de la artista misionera Alejandra Rodr\u00edguez, fue una de las nueve seleccionadas en la categor\u00eda de formatos cortos de la Convocatoria 2022\/2023 del Instituto de Artes Audiovisuales de Misiones -IAAviM-, l\u00ednea que impulsa proyectos de nuevos realizadores.<\/p>\n\n\n\n<p>Rodr\u00edguez, que previamente hab\u00eda indagado en formatos expresivos como la instalaci\u00f3n y fotoperformance, coment\u00f3 que haber sido seleccionada con su proyecto la hizo sentirse \u201cmuy honrada porque es una puerta muy importante que se abre y que nos posibilita materializar proyectos que de otra forma ser\u00eda muy dif\u00edcil. Tambi\u00e9n como realizadores nos involucra dentro de los movimientos de las esferas de la profesionalizaci\u00f3n, as\u00ed que estoy s\u00faper contenta de haber tenido esta oportunidad y poder dar este salto\u201d.<\/p>\n\n\n\n<p>Entre finales de octubre y principio del mes de noviembre se llev\u00f3 a cabo en el barrio Itaemb\u00e9 Guaz\u00fa de la ciudad de Posadas la producci\u00f3n del cortometraje \u201cUna rama que siempre so\u00f1\u00f3 ser p\u00e1jaro\u201d. La historia, planteada a partir de un lenguaje po\u00e9tico en que se construye un mundo on\u00edrico, habla de una casa aparentemente abandonada en medio de un campo desolado donde habita por siempre el fantasma de Helena, una escritora de mediana edad que se consume entre historias, fantas\u00edas y alguna que otra verdad acerca de su vida. De acuerdo a la directora los paisajes de la zona donde se film\u00f3 ayud\u00f3 a la atm\u00f3sfera que propone su videoarte. \u201cEs una locaci\u00f3n con una casa abandonada bastante ic\u00f3nica ya que hay varios y diferentes trabajos filmados en ese mismo lugar, el espacio es muy hermoso y se presta para crear todo tipo de fantas\u00edas\u201d.<\/p>\n\n\n\n<p>\u201cEn cuanto al rodaje, fueron dos jornadas bastante intensas ya que el clima posade\u00f1o est\u00e1 en modo impredecible, pero de todas formas logramos trabajar de acuerdo a lo planeado y sali\u00f3 todo genial\u201d, coment\u00f3 Rodr\u00edguez. El equipo de trabajo estuvo conformado por Germ\u00e1n Lorenzo Robert en Producci\u00f3n, Aimar\u00e1 Schwieters en la Asistencia de Direcci\u00f3n, Carla Terribile como asistente de Producci\u00f3n, Melanie Gamonal en la Direcci\u00f3n de Fotograf\u00eda, Francisco Brizuela como asistente de Fotograf\u00eda, Marcelo Conrado en la Asistencia de Arte, Facundo Saiz como ayudante de Arte, Yamila Frowein en Foto Fija y Makarena Bord\u00f3n como asistente de Vestuario y Maquillaje. \u201cEl rodaje m\u00e1s todo el proceso pre y de post que nos espera del proyecto est\u00e1 siendo una experiencia para m\u00ed maravillosa y de mucho aprendizaje\u201d, agreg\u00f3 la directora.<\/p>\n\n\n\n<p>Entre los trabajos anteriores de la artista, se incluye \u201cLa Naci\u00f3n de Pl\u00e1stico\u201d, una obra de instalaci\u00f3n y fotoperformance, donde se reflexiona sobre matices de las problem\u00e1ticas ambientales contempor\u00e1neas; tambi\u00e9n, en el \u00e1mbito audiovisual, dirigi\u00f3 \u201cFragmentos l\u00edquidos\u201d, una pieza de teatro le\u00eddo escrita por Diego Aramburo. En \u201cLa rama que siempre so\u00f1\u00f3 ser p\u00e1jaro\u201d, la naturaleza aparece como trasfondo para indagar en sutilezas de la vida LGBTQ+: \u201cPara m\u00ed cada expresi\u00f3n conlleva y desencadena procesos de aprendizajes, pr\u00e1cticas y reflexiones internas que van guiando cada paso en la construcci\u00f3n de la obra, en este caso, este es un proyecto que nace y se desarrolla desde un lugar y una indagaci\u00f3n muy \u00edntima. Tambi\u00e9n creo que estamos en un momento crucial, en el cual tenemos muchas m\u00e1s posibilidades de poder hacernos preguntas, de indagar, de vivir, de ser y expresar con mayor libertad nuestra identidad en todos los sentidos y me alegra poder hacerlo a trav\u00e9s de esta historia\u201d, afirm\u00f3 la directora.<\/p>\n\n\n\n<p>La Convocatoria 2022\/2023 del IAAviM otorg\u00f3 $ 4.400.000 para la producci\u00f3n de proyectos de formatos cortos para tv y plataformas web, finalizaci\u00f3n de obras y acompa\u00f1amiento con tutores. Acerca de lo que significa este aporte para realizadores y realizadoras de la provincia, Alejandra Rodr\u00edguez se\u00f1al\u00f3 que \u201ces una gran oportunidad para creadores primerizos o que estamos en nuestras primeras etapas de direcci\u00f3n en el \u00e1mbito audiovisual. En mi caso dirig\u00ed obras de diferentes \u00edndoles en otros formatos arte-visuales, pero en esta ocasi\u00f3n poder dar mis primeros pasos en el \u00e1mbito con el apoyo de las pol\u00edticas p\u00fablicas del Estado y el acompa\u00f1amiento institucional del IAAviM es un aliciente enorme para seguir creciendo y creando\u201d.<\/p>\n\n\n\n<figure class=\"wp-block-gallery has-nested-images columns-default is-cropped wp-block-gallery-1 is-layout-flex wp-block-gallery-is-layout-flex\">\n<figure class=\"wp-block-image size-large\"><img loading=\"lazy\" decoding=\"async\" width=\"1024\" height=\"678\" data-id=\"13400\" src=\"https:\/\/www.iaavim.gob.ar\/wp-content\/uploads\/2023\/11\/rodaje-una-rama-5-1024x678.jpg\" alt=\"\" class=\"wp-image-13400\" srcset=\"https:\/\/www.iaavim.gob.ar\/wp-content\/uploads\/2023\/11\/rodaje-una-rama-5-1024x678.jpg 1024w, https:\/\/www.iaavim.gob.ar\/wp-content\/uploads\/2023\/11\/rodaje-una-rama-5-300x199.jpg 300w, https:\/\/www.iaavim.gob.ar\/wp-content\/uploads\/2023\/11\/rodaje-una-rama-5-768x509.jpg 768w, https:\/\/www.iaavim.gob.ar\/wp-content\/uploads\/2023\/11\/rodaje-una-rama-5.jpg 1276w\" sizes=\"auto, (max-width: 1024px) 100vw, 1024px\" \/><\/figure>\n\n\n\n<figure class=\"wp-block-image size-large\"><img loading=\"lazy\" decoding=\"async\" width=\"1024\" height=\"678\" data-id=\"13404\" src=\"https:\/\/www.iaavim.gob.ar\/wp-content\/uploads\/2023\/11\/rodaje-una-rama-4-1024x678.jpg\" alt=\"\" class=\"wp-image-13404\" srcset=\"https:\/\/www.iaavim.gob.ar\/wp-content\/uploads\/2023\/11\/rodaje-una-rama-4-1024x678.jpg 1024w, https:\/\/www.iaavim.gob.ar\/wp-content\/uploads\/2023\/11\/rodaje-una-rama-4-300x199.jpg 300w, https:\/\/www.iaavim.gob.ar\/wp-content\/uploads\/2023\/11\/rodaje-una-rama-4-768x509.jpg 768w, https:\/\/www.iaavim.gob.ar\/wp-content\/uploads\/2023\/11\/rodaje-una-rama-4.jpg 1276w\" sizes=\"auto, (max-width: 1024px) 100vw, 1024px\" \/><\/figure>\n\n\n\n<figure class=\"wp-block-image size-large\"><img loading=\"lazy\" decoding=\"async\" width=\"1024\" height=\"678\" data-id=\"13402\" src=\"https:\/\/www.iaavim.gob.ar\/wp-content\/uploads\/2023\/11\/rodaje-una-rama-3-1024x678.jpg\" alt=\"\" class=\"wp-image-13402\" srcset=\"https:\/\/www.iaavim.gob.ar\/wp-content\/uploads\/2023\/11\/rodaje-una-rama-3-1024x678.jpg 1024w, https:\/\/www.iaavim.gob.ar\/wp-content\/uploads\/2023\/11\/rodaje-una-rama-3-300x199.jpg 300w, https:\/\/www.iaavim.gob.ar\/wp-content\/uploads\/2023\/11\/rodaje-una-rama-3-768x509.jpg 768w, https:\/\/www.iaavim.gob.ar\/wp-content\/uploads\/2023\/11\/rodaje-una-rama-3.jpg 1276w\" sizes=\"auto, (max-width: 1024px) 100vw, 1024px\" \/><\/figure>\n\n\n\n<figure class=\"wp-block-image size-large\"><img loading=\"lazy\" decoding=\"async\" width=\"1024\" height=\"627\" data-id=\"13403\" src=\"https:\/\/www.iaavim.gob.ar\/wp-content\/uploads\/2023\/11\/rodaje-una-rama-2-1024x627.jpg\" alt=\"\" class=\"wp-image-13403\" srcset=\"https:\/\/www.iaavim.gob.ar\/wp-content\/uploads\/2023\/11\/rodaje-una-rama-2-1024x627.jpg 1024w, https:\/\/www.iaavim.gob.ar\/wp-content\/uploads\/2023\/11\/rodaje-una-rama-2-300x184.jpg 300w, https:\/\/www.iaavim.gob.ar\/wp-content\/uploads\/2023\/11\/rodaje-una-rama-2-768x470.jpg 768w, https:\/\/www.iaavim.gob.ar\/wp-content\/uploads\/2023\/11\/rodaje-una-rama-2.jpg 1380w\" sizes=\"auto, (max-width: 1024px) 100vw, 1024px\" \/><\/figure>\n\n\n\n<figure class=\"wp-block-image size-large\"><img loading=\"lazy\" decoding=\"async\" width=\"426\" height=\"240\" data-id=\"13401\" src=\"https:\/\/www.iaavim.gob.ar\/wp-content\/uploads\/2023\/11\/Equipo-una-rama.jpg\" alt=\"\" class=\"wp-image-13401\" srcset=\"https:\/\/www.iaavim.gob.ar\/wp-content\/uploads\/2023\/11\/Equipo-una-rama.jpg 426w, https:\/\/www.iaavim.gob.ar\/wp-content\/uploads\/2023\/11\/Equipo-una-rama-300x169.jpg 300w, https:\/\/www.iaavim.gob.ar\/wp-content\/uploads\/2023\/11\/Equipo-una-rama-390x220.jpg 390w\" sizes=\"auto, (max-width: 426px) 100vw, 426px\" \/><\/figure>\n\n\n\n<figure class=\"wp-block-image size-large\"><img loading=\"lazy\" decoding=\"async\" width=\"504\" height=\"284\" data-id=\"13405\" src=\"https:\/\/www.iaavim.gob.ar\/wp-content\/uploads\/2023\/11\/Directora-Una-rama.jpg\" alt=\"\" class=\"wp-image-13405\" srcset=\"https:\/\/www.iaavim.gob.ar\/wp-content\/uploads\/2023\/11\/Directora-Una-rama.jpg 504w, https:\/\/www.iaavim.gob.ar\/wp-content\/uploads\/2023\/11\/Directora-Una-rama-300x169.jpg 300w, https:\/\/www.iaavim.gob.ar\/wp-content\/uploads\/2023\/11\/Directora-Una-rama-390x220.jpg 390w\" sizes=\"auto, (max-width: 504px) 100vw, 504px\" \/><\/figure>\n\n\n\n<figure class=\"wp-block-image size-large\"><img loading=\"lazy\" decoding=\"async\" width=\"1000\" height=\"662\" data-id=\"13406\" src=\"https:\/\/www.iaavim.gob.ar\/wp-content\/uploads\/2023\/11\/rodaje-una-rama-1.jpg\" alt=\"\" class=\"wp-image-13406\" srcset=\"https:\/\/www.iaavim.gob.ar\/wp-content\/uploads\/2023\/11\/rodaje-una-rama-1.jpg 1000w, https:\/\/www.iaavim.gob.ar\/wp-content\/uploads\/2023\/11\/rodaje-una-rama-1-300x199.jpg 300w, https:\/\/www.iaavim.gob.ar\/wp-content\/uploads\/2023\/11\/rodaje-una-rama-1-768x508.jpg 768w\" sizes=\"auto, (max-width: 1000px) 100vw, 1000px\" \/><\/figure>\n<\/figure>\n\n\n\n<p><em>*Fotos: gentileza producci\u00f3n del cortometraje \u201cUna rama que siempre so\u00f1\u00f3 ser p\u00e1jaro\u201d<\/em><\/p>\n\n\n\n<div style=\"height:100px\" aria-hidden=\"true\" class=\"wp-block-spacer\"><\/div>\n","protected":false},"excerpt":{"rendered":"<p>La obra de la artista misionera Alejandra Rodr\u00edguez, fue una de las nueve seleccionadas en la categor\u00eda de formatos cortos de la Convocatoria 2022\/2023 del Instituto de Artes Audiovisuales de Misiones -IAAviM-, l\u00ednea que impulsa proyectos de nuevos realizadores. Rodr\u00edguez, que previamente hab\u00eda indagado en formatos expresivos como la instalaci\u00f3n y fotoperformance, coment\u00f3 que haber &hellip;<\/p>\n","protected":false},"author":1,"featured_media":13399,"comment_status":"closed","ping_status":"open","sticky":false,"template":"","format":"standard","meta":{"_acf_changed":false,"footnotes":""},"categories":[39],"tags":[1205,73,849,344,913,392,1206],"class_list":["post-13398","post","type-post","status-publish","format-standard","has-post-thumbnail","hentry","category-noticias-del-iaavim","tag-alejandra-rodriguez","tag-convocatoria","tag-convocatoria-iaavim","tag-cortometraje","tag-formatos-cortos","tag-rodaje","tag-una-rama-que-siempre-sono-ser-pajaro"],"acf":[],"yoast_head":"<!-- This site is optimized with the Yoast SEO plugin v27.4 - https:\/\/yoast.com\/product\/yoast-seo-wordpress\/ -->\n<title>Se film\u00f3 en Posadas el cortometraje \u201cUna rama que siempre so\u00f1\u00f3 ser p\u00e1jaro\u201d - IAAviM<\/title>\n<meta name=\"robots\" content=\"index, follow, max-snippet:-1, max-image-preview:large, max-video-preview:-1\" \/>\n<link rel=\"canonical\" href=\"https:\/\/www.iaavim.gob.ar\/?p=13398\" \/>\n<meta property=\"og:locale\" content=\"es_ES\" \/>\n<meta property=\"og:type\" content=\"article\" \/>\n<meta property=\"og:title\" content=\"Se film\u00f3 en Posadas el cortometraje \u201cUna rama que siempre so\u00f1\u00f3 ser p\u00e1jaro\u201d - IAAviM\" \/>\n<meta property=\"og:description\" content=\"La obra de la artista misionera Alejandra Rodr\u00edguez, fue una de las nueve seleccionadas en la categor\u00eda de formatos cortos de la Convocatoria 2022\/2023 del Instituto de Artes Audiovisuales de Misiones -IAAviM-, l\u00ednea que impulsa proyectos de nuevos realizadores. Rodr\u00edguez, que previamente hab\u00eda indagado en formatos expresivos como la instalaci\u00f3n y fotoperformance, coment\u00f3 que haber &hellip;\" \/>\n<meta property=\"og:url\" content=\"https:\/\/www.iaavim.gob.ar\/?p=13398\" \/>\n<meta property=\"article:published_time\" content=\"2023-11-23T17:01:27+00:00\" \/>\n<meta property=\"article:modified_time\" content=\"2023-11-23T17:01:29+00:00\" \/>\n<meta property=\"og:image\" content=\"https:\/\/www.iaavim.gob.ar\/wp-content\/uploads\/2023\/11\/NEW-portada-sitio-1200x480-18-1.png\" \/>\n\t<meta property=\"og:image:width\" content=\"1200\" \/>\n\t<meta property=\"og:image:height\" content=\"480\" \/>\n\t<meta property=\"og:image:type\" content=\"image\/png\" \/>\n<meta name=\"author\" content=\"IAAviM\" \/>\n<meta name=\"twitter:card\" content=\"summary_large_image\" \/>\n<meta name=\"twitter:label1\" content=\"Escrito por\" \/>\n\t<meta name=\"twitter:data1\" content=\"IAAviM\" \/>\n\t<meta name=\"twitter:label2\" content=\"Tiempo de lectura\" \/>\n\t<meta name=\"twitter:data2\" content=\"5 minutos\" \/>\n<script type=\"application\/ld+json\" class=\"yoast-schema-graph\">{\"@context\":\"https:\\\/\\\/schema.org\",\"@graph\":[{\"@type\":\"Article\",\"@id\":\"https:\\\/\\\/www.iaavim.gob.ar\\\/?p=13398#article\",\"isPartOf\":{\"@id\":\"https:\\\/\\\/www.iaavim.gob.ar\\\/?p=13398\"},\"author\":{\"name\":\"IAAviM\",\"@id\":\"\\\/#\\\/schema\\\/person\\\/567fbb427319d0dae3bc6b33aba48a62\"},\"headline\":\"Se film\u00f3 en Posadas el cortometraje \u201cUna rama que siempre so\u00f1\u00f3 ser p\u00e1jaro\u201d\",\"datePublished\":\"2023-11-23T17:01:27+00:00\",\"dateModified\":\"2023-11-23T17:01:29+00:00\",\"mainEntityOfPage\":{\"@id\":\"https:\\\/\\\/www.iaavim.gob.ar\\\/?p=13398\"},\"wordCount\":749,\"publisher\":{\"@id\":\"\\\/#organization\"},\"image\":{\"@id\":\"https:\\\/\\\/www.iaavim.gob.ar\\\/?p=13398#primaryimage\"},\"thumbnailUrl\":\"https:\\\/\\\/www.iaavim.gob.ar\\\/wp-content\\\/uploads\\\/2023\\\/11\\\/NEW-portada-sitio-1200x480-18-1.png\",\"keywords\":[\"Alejandra Rodr\u00edguez\",\"convocatoria\",\"convocatoria IAAviM\",\"cortometraje\",\"formatos cortos\",\"rodaje\",\"Una rama que siempre so\u00f1\u00f3 ser p\u00e1jaro\"],\"articleSection\":[\"Noticias del IAAviM\"],\"inLanguage\":\"es-AR\"},{\"@type\":\"WebPage\",\"@id\":\"https:\\\/\\\/www.iaavim.gob.ar\\\/?p=13398\",\"url\":\"https:\\\/\\\/www.iaavim.gob.ar\\\/?p=13398\",\"name\":\"Se film\u00f3 en Posadas el cortometraje \u201cUna rama que siempre so\u00f1\u00f3 ser p\u00e1jaro\u201d - IAAviM\",\"isPartOf\":{\"@id\":\"\\\/#website\"},\"primaryImageOfPage\":{\"@id\":\"https:\\\/\\\/www.iaavim.gob.ar\\\/?p=13398#primaryimage\"},\"image\":{\"@id\":\"https:\\\/\\\/www.iaavim.gob.ar\\\/?p=13398#primaryimage\"},\"thumbnailUrl\":\"https:\\\/\\\/www.iaavim.gob.ar\\\/wp-content\\\/uploads\\\/2023\\\/11\\\/NEW-portada-sitio-1200x480-18-1.png\",\"datePublished\":\"2023-11-23T17:01:27+00:00\",\"dateModified\":\"2023-11-23T17:01:29+00:00\",\"breadcrumb\":{\"@id\":\"https:\\\/\\\/www.iaavim.gob.ar\\\/?p=13398#breadcrumb\"},\"inLanguage\":\"es-AR\",\"potentialAction\":[{\"@type\":\"ReadAction\",\"target\":[\"https:\\\/\\\/www.iaavim.gob.ar\\\/?p=13398\"]}]},{\"@type\":\"ImageObject\",\"inLanguage\":\"es-AR\",\"@id\":\"https:\\\/\\\/www.iaavim.gob.ar\\\/?p=13398#primaryimage\",\"url\":\"https:\\\/\\\/www.iaavim.gob.ar\\\/wp-content\\\/uploads\\\/2023\\\/11\\\/NEW-portada-sitio-1200x480-18-1.png\",\"contentUrl\":\"https:\\\/\\\/www.iaavim.gob.ar\\\/wp-content\\\/uploads\\\/2023\\\/11\\\/NEW-portada-sitio-1200x480-18-1.png\",\"width\":1200,\"height\":480},{\"@type\":\"BreadcrumbList\",\"@id\":\"https:\\\/\\\/www.iaavim.gob.ar\\\/?p=13398#breadcrumb\",\"itemListElement\":[{\"@type\":\"ListItem\",\"position\":1,\"name\":\"Inicio\",\"item\":\"https:\\\/\\\/www.iaavim.gob.ar\\\/\"},{\"@type\":\"ListItem\",\"position\":2,\"name\":\"Se film\u00f3 en Posadas el cortometraje \u201cUna rama que siempre so\u00f1\u00f3 ser p\u00e1jaro\u201d\"}]},{\"@type\":\"WebSite\",\"@id\":\"\\\/#website\",\"url\":\"\\\/\",\"name\":\"\",\"description\":\"Sitio oficial del IAAviM\",\"publisher\":{\"@id\":\"\\\/#organization\"},\"potentialAction\":[{\"@type\":\"SearchAction\",\"target\":{\"@type\":\"EntryPoint\",\"urlTemplate\":\"\\\/?s={search_term_string}\"},\"query-input\":{\"@type\":\"PropertyValueSpecification\",\"valueRequired\":true,\"valueName\":\"search_term_string\"}}],\"inLanguage\":\"es-AR\"},{\"@type\":\"Organization\",\"@id\":\"\\\/#organization\",\"name\":\"Instituto de Artes Audiovisuales de Misiones\",\"url\":\"\\\/\",\"logo\":{\"@type\":\"ImageObject\",\"inLanguage\":\"es-AR\",\"@id\":\"\\\/#\\\/schema\\\/logo\\\/image\\\/\",\"url\":\"https:\\\/\\\/iaavim.misiones.gob.ar\\\/wp-content\\\/uploads\\\/2021\\\/07\\\/logo-iaavim-preview.png.jpg\",\"contentUrl\":\"https:\\\/\\\/iaavim.misiones.gob.ar\\\/wp-content\\\/uploads\\\/2021\\\/07\\\/logo-iaavim-preview.png.jpg\",\"width\":1200,\"height\":675,\"caption\":\"Instituto de Artes Audiovisuales de Misiones\"},\"image\":{\"@id\":\"\\\/#\\\/schema\\\/logo\\\/image\\\/\"}},{\"@type\":\"Person\",\"@id\":\"\\\/#\\\/schema\\\/person\\\/567fbb427319d0dae3bc6b33aba48a62\",\"name\":\"IAAviM\",\"image\":{\"@type\":\"ImageObject\",\"inLanguage\":\"es-AR\",\"@id\":\"https:\\\/\\\/secure.gravatar.com\\\/avatar\\\/9802bb83cd8afc8d9eae1a570850fcaf194494ca73cbac30d506afe269460348?s=96&d=blank&r=g\",\"url\":\"https:\\\/\\\/secure.gravatar.com\\\/avatar\\\/9802bb83cd8afc8d9eae1a570850fcaf194494ca73cbac30d506afe269460348?s=96&d=blank&r=g\",\"contentUrl\":\"https:\\\/\\\/secure.gravatar.com\\\/avatar\\\/9802bb83cd8afc8d9eae1a570850fcaf194494ca73cbac30d506afe269460348?s=96&d=blank&r=g\",\"caption\":\"IAAviM\"},\"url\":\"https:\\\/\\\/www.iaavim.gob.ar\\\/?author=1\"}]}<\/script>\n<!-- \/ Yoast SEO plugin. -->","yoast_head_json":{"title":"Se film\u00f3 en Posadas el cortometraje \u201cUna rama que siempre so\u00f1\u00f3 ser p\u00e1jaro\u201d - IAAviM","robots":{"index":"index","follow":"follow","max-snippet":"max-snippet:-1","max-image-preview":"max-image-preview:large","max-video-preview":"max-video-preview:-1"},"canonical":"https:\/\/www.iaavim.gob.ar\/?p=13398","og_locale":"es_ES","og_type":"article","og_title":"Se film\u00f3 en Posadas el cortometraje \u201cUna rama que siempre so\u00f1\u00f3 ser p\u00e1jaro\u201d - IAAviM","og_description":"La obra de la artista misionera Alejandra Rodr\u00edguez, fue una de las nueve seleccionadas en la categor\u00eda de formatos cortos de la Convocatoria 2022\/2023 del Instituto de Artes Audiovisuales de Misiones -IAAviM-, l\u00ednea que impulsa proyectos de nuevos realizadores. Rodr\u00edguez, que previamente hab\u00eda indagado en formatos expresivos como la instalaci\u00f3n y fotoperformance, coment\u00f3 que haber &hellip;","og_url":"https:\/\/www.iaavim.gob.ar\/?p=13398","article_published_time":"2023-11-23T17:01:27+00:00","article_modified_time":"2023-11-23T17:01:29+00:00","og_image":[{"width":1200,"height":480,"url":"https:\/\/www.iaavim.gob.ar\/wp-content\/uploads\/2023\/11\/NEW-portada-sitio-1200x480-18-1.png","type":"image\/png"}],"author":"IAAviM","twitter_card":"summary_large_image","twitter_misc":{"Escrito por":"IAAviM","Tiempo de lectura":"5 minutos"},"schema":{"@context":"https:\/\/schema.org","@graph":[{"@type":"Article","@id":"https:\/\/www.iaavim.gob.ar\/?p=13398#article","isPartOf":{"@id":"https:\/\/www.iaavim.gob.ar\/?p=13398"},"author":{"name":"IAAviM","@id":"\/#\/schema\/person\/567fbb427319d0dae3bc6b33aba48a62"},"headline":"Se film\u00f3 en Posadas el cortometraje \u201cUna rama que siempre so\u00f1\u00f3 ser p\u00e1jaro\u201d","datePublished":"2023-11-23T17:01:27+00:00","dateModified":"2023-11-23T17:01:29+00:00","mainEntityOfPage":{"@id":"https:\/\/www.iaavim.gob.ar\/?p=13398"},"wordCount":749,"publisher":{"@id":"\/#organization"},"image":{"@id":"https:\/\/www.iaavim.gob.ar\/?p=13398#primaryimage"},"thumbnailUrl":"https:\/\/www.iaavim.gob.ar\/wp-content\/uploads\/2023\/11\/NEW-portada-sitio-1200x480-18-1.png","keywords":["Alejandra Rodr\u00edguez","convocatoria","convocatoria IAAviM","cortometraje","formatos cortos","rodaje","Una rama que siempre so\u00f1\u00f3 ser p\u00e1jaro"],"articleSection":["Noticias del IAAviM"],"inLanguage":"es-AR"},{"@type":"WebPage","@id":"https:\/\/www.iaavim.gob.ar\/?p=13398","url":"https:\/\/www.iaavim.gob.ar\/?p=13398","name":"Se film\u00f3 en Posadas el cortometraje \u201cUna rama que siempre so\u00f1\u00f3 ser p\u00e1jaro\u201d - IAAviM","isPartOf":{"@id":"\/#website"},"primaryImageOfPage":{"@id":"https:\/\/www.iaavim.gob.ar\/?p=13398#primaryimage"},"image":{"@id":"https:\/\/www.iaavim.gob.ar\/?p=13398#primaryimage"},"thumbnailUrl":"https:\/\/www.iaavim.gob.ar\/wp-content\/uploads\/2023\/11\/NEW-portada-sitio-1200x480-18-1.png","datePublished":"2023-11-23T17:01:27+00:00","dateModified":"2023-11-23T17:01:29+00:00","breadcrumb":{"@id":"https:\/\/www.iaavim.gob.ar\/?p=13398#breadcrumb"},"inLanguage":"es-AR","potentialAction":[{"@type":"ReadAction","target":["https:\/\/www.iaavim.gob.ar\/?p=13398"]}]},{"@type":"ImageObject","inLanguage":"es-AR","@id":"https:\/\/www.iaavim.gob.ar\/?p=13398#primaryimage","url":"https:\/\/www.iaavim.gob.ar\/wp-content\/uploads\/2023\/11\/NEW-portada-sitio-1200x480-18-1.png","contentUrl":"https:\/\/www.iaavim.gob.ar\/wp-content\/uploads\/2023\/11\/NEW-portada-sitio-1200x480-18-1.png","width":1200,"height":480},{"@type":"BreadcrumbList","@id":"https:\/\/www.iaavim.gob.ar\/?p=13398#breadcrumb","itemListElement":[{"@type":"ListItem","position":1,"name":"Inicio","item":"https:\/\/www.iaavim.gob.ar\/"},{"@type":"ListItem","position":2,"name":"Se film\u00f3 en Posadas el cortometraje \u201cUna rama que siempre so\u00f1\u00f3 ser p\u00e1jaro\u201d"}]},{"@type":"WebSite","@id":"\/#website","url":"\/","name":"","description":"Sitio oficial del IAAviM","publisher":{"@id":"\/#organization"},"potentialAction":[{"@type":"SearchAction","target":{"@type":"EntryPoint","urlTemplate":"\/?s={search_term_string}"},"query-input":{"@type":"PropertyValueSpecification","valueRequired":true,"valueName":"search_term_string"}}],"inLanguage":"es-AR"},{"@type":"Organization","@id":"\/#organization","name":"Instituto de Artes Audiovisuales de Misiones","url":"\/","logo":{"@type":"ImageObject","inLanguage":"es-AR","@id":"\/#\/schema\/logo\/image\/","url":"https:\/\/iaavim.misiones.gob.ar\/wp-content\/uploads\/2021\/07\/logo-iaavim-preview.png.jpg","contentUrl":"https:\/\/iaavim.misiones.gob.ar\/wp-content\/uploads\/2021\/07\/logo-iaavim-preview.png.jpg","width":1200,"height":675,"caption":"Instituto de Artes Audiovisuales de Misiones"},"image":{"@id":"\/#\/schema\/logo\/image\/"}},{"@type":"Person","@id":"\/#\/schema\/person\/567fbb427319d0dae3bc6b33aba48a62","name":"IAAviM","image":{"@type":"ImageObject","inLanguage":"es-AR","@id":"https:\/\/secure.gravatar.com\/avatar\/9802bb83cd8afc8d9eae1a570850fcaf194494ca73cbac30d506afe269460348?s=96&d=blank&r=g","url":"https:\/\/secure.gravatar.com\/avatar\/9802bb83cd8afc8d9eae1a570850fcaf194494ca73cbac30d506afe269460348?s=96&d=blank&r=g","contentUrl":"https:\/\/secure.gravatar.com\/avatar\/9802bb83cd8afc8d9eae1a570850fcaf194494ca73cbac30d506afe269460348?s=96&d=blank&r=g","caption":"IAAviM"},"url":"https:\/\/www.iaavim.gob.ar\/?author=1"}]}},"amp_enabled":true,"_links":{"self":[{"href":"https:\/\/www.iaavim.gob.ar\/index.php?rest_route=\/wp\/v2\/posts\/13398","targetHints":{"allow":["GET"]}}],"collection":[{"href":"https:\/\/www.iaavim.gob.ar\/index.php?rest_route=\/wp\/v2\/posts"}],"about":[{"href":"https:\/\/www.iaavim.gob.ar\/index.php?rest_route=\/wp\/v2\/types\/post"}],"author":[{"embeddable":true,"href":"https:\/\/www.iaavim.gob.ar\/index.php?rest_route=\/wp\/v2\/users\/1"}],"replies":[{"embeddable":true,"href":"https:\/\/www.iaavim.gob.ar\/index.php?rest_route=%2Fwp%2Fv2%2Fcomments&post=13398"}],"version-history":[{"count":1,"href":"https:\/\/www.iaavim.gob.ar\/index.php?rest_route=\/wp\/v2\/posts\/13398\/revisions"}],"predecessor-version":[{"id":13407,"href":"https:\/\/www.iaavim.gob.ar\/index.php?rest_route=\/wp\/v2\/posts\/13398\/revisions\/13407"}],"wp:featuredmedia":[{"embeddable":true,"href":"https:\/\/www.iaavim.gob.ar\/index.php?rest_route=\/wp\/v2\/media\/13399"}],"wp:attachment":[{"href":"https:\/\/www.iaavim.gob.ar\/index.php?rest_route=%2Fwp%2Fv2%2Fmedia&parent=13398"}],"wp:term":[{"taxonomy":"category","embeddable":true,"href":"https:\/\/www.iaavim.gob.ar\/index.php?rest_route=%2Fwp%2Fv2%2Fcategories&post=13398"},{"taxonomy":"post_tag","embeddable":true,"href":"https:\/\/www.iaavim.gob.ar\/index.php?rest_route=%2Fwp%2Fv2%2Ftags&post=13398"}],"curies":[{"name":"wp","href":"https:\/\/api.w.org\/{rel}","templated":true}]}}