{"id":13388,"date":"2023-11-23T13:11:25","date_gmt":"2023-11-23T16:11:25","guid":{"rendered":"https:\/\/www.iaavim.gob.ar\/?p=13388"},"modified":"2025-10-28T12:16:55","modified_gmt":"2025-10-28T15:16:55","slug":"informacion-e-inscripcion-al-foro-consultivo-2023","status":"publish","type":"post","link":"https:\/\/www.iaavim.gob.ar\/?p=13388","title":{"rendered":"Foro 2023"},"content":{"rendered":"\n<div style=\"height:75px\" aria-hidden=\"true\" class=\"wp-block-spacer\"><\/div>\n\n\n\n<div class=\"wp-block-buttons is-content-justification-center is-layout-flex wp-container-core-buttons-is-layout-16018d1d wp-block-buttons-is-layout-flex\">\n<div class=\"wp-block-button is-style-outline is-style-outline--1\"><a class=\"wp-block-button__link has-black-color has-white-background-color has-text-color has-background has-link-color wp-element-button\" href=\"https:\/\/drive.google.com\/drive\/folders\/17Qb3B247JDbX_IKBkdIhhz4pYybYgSHP?usp=sharing\" style=\"border-radius:16px\" target=\"_blank\" rel=\"noreferrer noopener\"><strong>ACTAS FORO 2023<\/strong><\/a><\/div>\n<\/div>\n\n\n\n<div style=\"height:70px\" aria-hidden=\"true\" class=\"wp-block-spacer\"><\/div>\n\n\n\n<h3 class=\"wp-block-heading\"><strong>VIII Foro Consultivo de Pol\u00edticas P\u00fablicas Audiovisuales de Misiones<\/strong><\/h3>\n\n\n\n<p>Desde la sanci\u00f3n de la Ley VI 171 de Promoci\u00f3n Audiovisual, el Instituto de Artes Audiovisuales de Misiones -IAAviM- contin\u00faa con la promoci\u00f3n del principal espacio de encuentro y construcci\u00f3n colectiva que tiene m\u00e1s de una d\u00e9cada. El objetivo fundamental del Foro Consultivo es promover la participaci\u00f3n sectorial y la formulaci\u00f3n de recomendaciones para la implementaci\u00f3n de pol\u00edticas p\u00fablicas audiovisuales en la provincia con vista a los pr\u00f3ximos dos a\u00f1os. Adem\u00e1s, busca establecer consensos, orientar criterios y definir desaf\u00edos claves que guiar\u00e1n la planificaci\u00f3n estrat\u00e9gica del IAAviM.<\/p>\n\n\n\n<p>Pueden participar todas las personas y organizaciones inscriptas en el Registro Provincial del Audiovisual (RePA), integrantes de instituciones gubernamentales, no gubernamentales, sindicales y de organizaciones de la regi\u00f3n que se vinculan con el sector audiovisual de la provincia.<\/p>\n\n\n\n<ul class=\"wp-block-list\">\n<li>La asistencia a las distintas instancias del Foro requiere de <strong>inscripci\u00f3n previa<\/strong> <\/li>\n<\/ul>\n\n\n\n<div style=\"height:20px\" aria-hidden=\"true\" class=\"wp-block-spacer\"><\/div>\n\n\n\n<h3 class=\"wp-block-heading has-white-color has-vivid-purple-background-color has-text-color has-background\" style=\"text-transform:uppercase\"><strong>Cronograma<\/strong><\/h3>\n\n\n\n<div style=\"height:5px\" aria-hidden=\"true\" class=\"wp-block-spacer\"><\/div>\n\n\n\n<p><strong>Mesas de trabajo virtuales<\/strong><\/p>\n\n\n\n<ul class=\"wp-block-list\">\n<li><strong>Martes 12 de diciembre \/ 16 a 19 hs \/ Plataforma Meet<\/strong><br><em>Mesa de Trabajo Eje 1: \u201cOrganizaci\u00f3n sectorial e institucional\u201d<\/em><\/li>\n<\/ul>\n\n\n\n<ul class=\"wp-block-list\">\n<li><strong>Mi\u00e9rcoles 13 de diciembre \/ 16 a 19 hs \/ Plataforma Meet<\/strong><br><em>Mesa de Trabajo Eje 2: \u201cPerspectiva de g\u00e9nero en las pol\u00edticas p\u00fablicas audiovisuales\u201d<\/em><\/li>\n<\/ul>\n\n\n\n<p><strong>Encuentro Presencial&nbsp;<\/strong><\/p>\n\n\n\n<ul class=\"wp-block-list\">\n<li><strong>S\u00e1bado 16 de diciembre&nbsp; \/ de 9 a 19 hs \/ Facultad de Humanidades y Ciencias Sociales<\/strong><br>(SUM del Edificio Juan Figueredo &#8211; ingreso por Tucum\u00e1n 1946, Posadas)<\/li>\n<\/ul>\n\n\n\n<div style=\"height:15px\" aria-hidden=\"true\" class=\"wp-block-spacer\"><\/div>\n\n\n\n<h3 class=\"wp-block-heading has-white-color has-vivid-purple-background-color has-text-color has-background\" style=\"text-transform:uppercase\"><strong>Programa del d\u00eda<\/strong><\/h3>\n\n\n\n<div style=\"height:5px\" aria-hidden=\"true\" class=\"wp-block-spacer\"><\/div>\n\n\n\n<ul class=\"wp-block-list\">\n<li><strong>9 hs: Acreditaciones<\/strong><\/li>\n<\/ul>\n\n\n\n<ul class=\"wp-block-list\">\n<li><strong>9:30 a 10:30 hs: Bloque 1<br><\/strong>Modalidad: Exposici\u00f3n<br><em>\u201cAn\u00e1lisis de la gesti\u00f3n Institucional del IAAviM 2022\/2023 y la escena nacional de la actividad audiovisual\u201d<\/em>&nbsp;<br>Expone: Presidencia del IAAviM<br><\/li>\n<\/ul>\n\n\n\n<ul class=\"wp-block-list\">\n<li><strong>10:30 a 12:00 hs: Bloque 2&nbsp;<\/strong><br>Modalidad: Conversatorio&nbsp;<br>\u201c<em>El por qu\u00e9 y para qu\u00e9 de un Plan Integral de Fomento: estrategias para su implementaci\u00f3n\u201d<\/em><br>Exponen: Andrea Becerra (responsable de Fomento del IAAviM), Santiago Carabante (productor) y M\u00f3nica Amarilla (productora).<\/li>\n<\/ul>\n\n\n\n<ul class=\"wp-block-list\">\n<li><strong>12:00 a 13:00 hs: Almuerzo<\/strong><br><\/li>\n<\/ul>\n\n\n\n<ul class=\"wp-block-list\">\n<li><strong>13:00 a 16:00 hs: Bloque 3&nbsp;<\/strong><br>Modalidad: Mesa de trabajo con la puesta en com\u00fan y cierre de documentos trabajados en las instancias virtuales.<\/li>\n<\/ul>\n\n\n\n<p><strong><em>        Eje 1: Organizaci\u00f3n sectorial e institucional<\/em><\/strong> (90 minutos)<br>        Temas a tratar: Fortalecimiento de la participaci\u00f3n sectorial a trav\u00e9s de la conformaci\u00f3n de<br>        organizaciones \/ asociaciones. Funciones de los consejeros: alcances y l\u00edmites.&nbsp;<br><br>        <strong><em>Eje 2: Perspectiva de g\u00e9nero en las pol\u00edticas p\u00fablicas audiovisuales<\/em><\/strong> (90 minutos)<br>        Temas a tratar: Promoci\u00f3n de la igualdad de g\u00e9nero en el fomento de la actividad audiovisual.<br>        Equidad de g\u00e9nero en la conformaci\u00f3n del Consejo Directivo. Protocolo de actuaci\u00f3n ante violencia<br>        de g\u00e9nero en rodajes<\/p>\n\n\n\n<p><\/p>\n\n\n\n<ul class=\"wp-block-list\">\n<li><strong>16:00 a 17 hs:<\/strong> Receso y preparaci\u00f3n del documento final<br><\/li>\n<\/ul>\n\n\n\n<ul class=\"wp-block-list\">\n<li><strong>17:00 a 18:00 hs:<\/strong> <strong>Bloque 4<\/strong><br>Modalidad: Plenario<br>Consensos finales<\/li>\n<\/ul>\n\n\n\n<ul class=\"wp-block-list\">\n<li><strong>18:00 a 19:00 hs: Brindis de cierre&nbsp;<\/strong><\/li>\n<\/ul>\n\n\n\n<div style=\"height:15px\" aria-hidden=\"true\" class=\"wp-block-spacer\"><\/div>\n\n\n\n<h3 class=\"wp-block-heading has-white-color has-vivid-purple-background-color has-text-color has-background\" style=\"text-transform:uppercase\"><strong>Acerca del Foro<\/strong><\/h3>\n\n\n\n<div style=\"height:5px\" aria-hidden=\"true\" class=\"wp-block-spacer\"><\/div>\n\n\n\n<h4 class=\"wp-block-heading\"><strong>\u201cAn\u00e1lisis de la gesti\u00f3n Institucional del IAAviM 2022\/2023 y la escena nacional de la actividad audiovisual\u201d&nbsp;<\/strong><\/h4>\n\n\n\n<p>Se propone un recorrido con sentido anal\u00edtico por las principales acciones institucionales de los \u00faltimos dos a\u00f1os de gesti\u00f3n en el cual se expondr\u00e1n los logros alcanzados, alianzas estrat\u00e9gicas y b\u00fasquedas en el plano institucional; adem\u00e1s, se hablar\u00e1 de los objetivos que a\u00fan permanecen pendientes.<\/p>\n\n\n\n<p>Tambi\u00e9n se abordar\u00e1 la coyuntura nacional en lo que respecta a la pol\u00edtica p\u00fablica cinematogr\u00e1fica y audiovisual, poniendo especial atenci\u00f3n a la situaci\u00f3n actual del INCAA y dem\u00e1s organismos relacionados; as\u00ed como el estado de avance de los dos proyectos de ley vinculados a la actualizaci\u00f3n del fondo de fomento nacional; y la participaci\u00f3n pol\u00edtica de nuestra comunidad en torno a estos aspectos.<br>Este enfoque, necesario para comprender el contexto amplio en el que se inserta el sector audiovisual misionero, servir\u00e1 como marco contextual para la discusi\u00f3n de los ejes propuestos.<\/p>\n\n\n\n<p><\/p>\n\n\n\n<h4 class=\"wp-block-heading\"><strong>\u201cEl por qu\u00e9 y para qu\u00e9 de un Plan Integral de Fomento: estrategias para su implementaci\u00f3n\u201d<\/strong><\/h4>\n\n\n\n<p>En esta secci\u00f3n del Foro se propone un conversatorio, a partir de la presentaci\u00f3n del nuevo Plan Integral de Fomento, aprobado por el Consejo Directivo del IAAviM, que se constituye en una herramienta fundamental y un punto de partida para la proyecci\u00f3n del sector en un contexto econ\u00f3mico de incertidumbre.<\/p>\n\n\n\n<p>Inicialmente se describir\u00e1 el trabajo realizado por el equipo mixto conformado entre trabajadores del IAAviM y referentes de la producci\u00f3n, que se enriqueci\u00f3 a partir del recorrido territorial y de los numerosos espacios de trabajo que sirvieron para recopilar todas las demandas, propuestas e inquietudes de la comunidad audiovisual misionera.<\/p>\n\n\n\n<p>Durante la presentaci\u00f3n se detallar\u00e1n algunas de las caracter\u00edsticas que hacen que este plan sea inclusivo, diverso y plural, al integrar l\u00edneas de fomento dirigidas tanto al segmento de personas que se inician en la actividad como a quienes producen a nivel industrial.<\/p>\n\n\n\n<p>En el conversatorio se propondr\u00e1 un ida y vuelta que invite a pensar sobre la importancia de contar con un plan de fomento, los desaf\u00edos para su implementaci\u00f3n en un contexto de crisis, la necesidad del apoyo de la comunidad audiovisual para su sostenimiento, entre otros temas.<\/p>\n\n\n\n<p><\/p>\n\n\n\n<h4 class=\"wp-block-heading\"><strong>La construcci\u00f3n colectiva de propuestas a partir de las mesas de trabajo<\/strong><\/h4>\n\n\n\n<p><strong><em>Eje 1: La Organizaci\u00f3n sectorial e institucional<\/em><\/strong><\/p>\n\n\n\n<p>Uno de los ejes del Foro Consultivo es la organizaci\u00f3n sectorial e institucional con la intenci\u00f3n de repensar la importancia de que les trabajadores audiovisuales de la provincia generen espacios de discusi\u00f3n y trabajo propios, por fuera de las reuniones de distritos. En este sentido, la experiencia de las asociaciones de realizadores que se conformaron durante los a\u00f1os de encuentro, debate y militancia para la sanci\u00f3n de la Ley de Promoci\u00f3n Audiovisual de Misiones tuvieron un rol central.<\/p>\n\n\n\n<p>A casi 10 a\u00f1os de este logro, se evidencia un crecimiento significativo de la actividad en la provincia, sin embargo a\u00fan el sector se caracteriza por ser heterog\u00e9neo y con demandas muy diversas, por lo cual toma mayor relevancia la necesidad de organizarse en base a necesidades e intereses para trabajar en propuestas espec\u00edficas y que den mejores herramientas a la representaci\u00f3n de les trabajadores.<\/p>\n\n\n\n<p>En este sentido, la figura de las asociaciones, c\u00e1maras u otras formas de personer\u00eda jur\u00eddica podr\u00edan fortalecer al sector al momento de la construcci\u00f3n conjunta de pol\u00edticas p\u00fablicas. Adem\u00e1s, esta situaci\u00f3n podr\u00eda robustecer la representaci\u00f3n pol\u00edtica del sector, que hoy se determina casi exclusivamente desde un criterio territorial.&nbsp;<\/p>\n\n\n\n<p>Otro aspecto que se abordar\u00e1 en este bloque del Foro tiene que ver con las funciones de los seis consejeros, sus alcances y l\u00edmites. De esta forma, se buscar\u00e1 propiciar una discusi\u00f3n amplia, franca y respetuosa sobre las funciones, mecanismos y el prop\u00f3sito de la participaci\u00f3n y sus representaciones.<\/p>\n\n\n\n<p><\/p>\n\n\n\n<p><strong><em>Eje 2: Perspectiva de g\u00e9nero en las pol\u00edticas p\u00fablicas audiovisuales<\/em><\/strong><\/p>\n\n\n\n<p>Incluir este eje transversal refleja el compromiso del sector y del IAAviM para trabajar articuladamente con la promoci\u00f3n del cupo y la paridad de g\u00e9nero en la actividad audiovisual de nuestra provincia a lo largo de su vida institucional. Tras el Foro Consultivo de 2019, este compromiso se tradujo en acciones tangibles, como la constituci\u00f3n equitativa de comit\u00e9s de evaluaci\u00f3n, la mayor valoraci\u00f3n de proyectos con equipos t\u00e9cnicos y elencos que incluyen el 50% o m\u00e1s de integrantes mujeres o disidentes, y la b\u00fasqueda de paridad en los cupos de las convocatorias. Tambi\u00e9n se implementaron charlas t\u00e9cnicas y seminarios para fortalecer el desempe\u00f1o en roles hist\u00f3ricamente masculinizados, como el reciente Taller de Direcci\u00f3n de Fotograf\u00eda y C\u00e1mara, organizado en colaboraci\u00f3n con la colectiva MUTAR.&nbsp;<\/p>\n\n\n\n<p>Sin embargo, estas medidas han evidenciado que la problem\u00e1tica de la inequidad de g\u00e9nero responde a factores m\u00e1s complejos y arraigados. Modificar esta situaci\u00f3n requiere, ante todo, una reflexi\u00f3n profunda surgida de una discusi\u00f3n amplia y madura, respaldada por el consenso de la comunidad. Por ende, es imperativo otorgar centralidad a este tema, reemplazando el enfoque basado hasta ahora en aspectos reglamentarios y\/o de conveniencia por una transformaci\u00f3n surgida de la toma de conciencia sobre la importancia y urgencia de abordar esta cuesti\u00f3n fundamental<strong>.<\/strong><\/p>\n\n\n\n<p><\/p>\n\n\n\n<p><strong>Plenario y puesta en com\u00fan<\/strong><br>El VIII Foro Consultivo de Pol\u00edticas P\u00fablicas Audiovisuales de Misiones concluir\u00e1 con la celebraci\u00f3n de un plenario en el cual se llevar\u00e1 a cabo la lectura de las conclusiones, tanto de las mesas de trabajo como de las consideraciones del conversatorio. Este proceso conducir\u00e1 a la formulaci\u00f3n de los consensos definitivos que ser\u00e1n plasmados en el documento final. Dicho documento servir\u00e1 como gu\u00eda en la elaboraci\u00f3n de las pol\u00edticas p\u00fablicas del IAAviM durante los pr\u00f3ximos dos a\u00f1os.<\/p>\n\n\n\n<div style=\"height:100px\" aria-hidden=\"true\" class=\"wp-block-spacer\"><\/div>\n","protected":false},"excerpt":{"rendered":"<p>ACTAS FORO 2023 VIII Foro Consultivo de Pol\u00edticas P\u00fablicas Audiovisuales de Misiones Desde la sanci\u00f3n de la Ley VI 171 de Promoci\u00f3n Audiovisual, el Instituto de Artes Audiovisuales de Misiones -IAAviM- contin\u00faa con la promoci\u00f3n del principal espacio de encuentro y construcci\u00f3n colectiva que tiene m\u00e1s de una d\u00e9cada. El objetivo fundamental del Foro Consultivo &hellip;<\/p>\n","protected":false},"author":2,"featured_media":13389,"comment_status":"closed","ping_status":"open","sticky":false,"template":"","format":"standard","meta":{"_acf_changed":false,"footnotes":""},"categories":[27],"tags":[219,218,199],"class_list":["post-13388","post","type-post","status-publish","format-standard","has-post-thumbnail","hentry","category-repa","tag-foro","tag-foro-de-politicas-publicas-audiovisuales-de-misiones","tag-foros"],"acf":[],"yoast_head":"<!-- This site is optimized with the Yoast SEO plugin v27.4 - https:\/\/yoast.com\/product\/yoast-seo-wordpress\/ -->\n<title>Foro 2023 -<\/title>\n<meta name=\"robots\" content=\"index, follow, max-snippet:-1, max-image-preview:large, max-video-preview:-1\" \/>\n<link rel=\"canonical\" href=\"https:\/\/www.iaavim.gob.ar\/?p=13388\" \/>\n<meta property=\"og:locale\" content=\"es_ES\" \/>\n<meta property=\"og:type\" content=\"article\" \/>\n<meta property=\"og:title\" content=\"Foro 2023 -\" \/>\n<meta property=\"og:description\" content=\"ACTAS FORO 2023 VIII Foro Consultivo de Pol\u00edticas P\u00fablicas Audiovisuales de Misiones Desde la sanci\u00f3n de la Ley VI 171 de Promoci\u00f3n Audiovisual, el Instituto de Artes Audiovisuales de Misiones -IAAviM- contin\u00faa con la promoci\u00f3n del principal espacio de encuentro y construcci\u00f3n colectiva que tiene m\u00e1s de una d\u00e9cada. El objetivo fundamental del Foro Consultivo &hellip;\" \/>\n<meta property=\"og:url\" content=\"https:\/\/www.iaavim.gob.ar\/?p=13388\" \/>\n<meta property=\"article:published_time\" content=\"2023-11-23T16:11:25+00:00\" \/>\n<meta property=\"article:modified_time\" content=\"2025-10-28T15:16:55+00:00\" \/>\n<meta property=\"og:image\" content=\"https:\/\/www.iaavim.gob.ar\/wp-content\/uploads\/2023\/11\/foro-05.png\" \/>\n\t<meta property=\"og:image:width\" content=\"2501\" \/>\n\t<meta property=\"og:image:height\" content=\"1408\" \/>\n\t<meta property=\"og:image:type\" content=\"image\/png\" \/>\n<meta name=\"author\" content=\"IAAviM\" \/>\n<meta name=\"twitter:card\" content=\"summary_large_image\" \/>\n<meta name=\"twitter:label1\" content=\"Escrito por\" \/>\n\t<meta name=\"twitter:data1\" content=\"IAAviM\" \/>\n\t<meta name=\"twitter:label2\" content=\"Tiempo de lectura\" \/>\n\t<meta name=\"twitter:data2\" content=\"7 minutos\" \/>\n<script type=\"application\/ld+json\" class=\"yoast-schema-graph\">{\"@context\":\"https:\\\/\\\/schema.org\",\"@graph\":[{\"@type\":\"Article\",\"@id\":\"https:\\\/\\\/www.iaavim.gob.ar\\\/?p=13388#article\",\"isPartOf\":{\"@id\":\"https:\\\/\\\/www.iaavim.gob.ar\\\/?p=13388\"},\"author\":{\"name\":\"IAAviM\",\"@id\":\"\\\/#\\\/schema\\\/person\\\/affb351a86bbbb5cdff3011db06ccf85\"},\"headline\":\"Foro 2023\",\"datePublished\":\"2023-11-23T16:11:25+00:00\",\"dateModified\":\"2025-10-28T15:16:55+00:00\",\"mainEntityOfPage\":{\"@id\":\"https:\\\/\\\/www.iaavim.gob.ar\\\/?p=13388\"},\"wordCount\":1472,\"publisher\":{\"@id\":\"\\\/#organization\"},\"image\":{\"@id\":\"https:\\\/\\\/www.iaavim.gob.ar\\\/?p=13388#primaryimage\"},\"thumbnailUrl\":\"https:\\\/\\\/www.iaavim.gob.ar\\\/wp-content\\\/uploads\\\/2023\\\/11\\\/foro-05.png\",\"keywords\":[\"Foro\",\"Foro de Pol\u00edticas P\u00fablicas Audiovisuales de Misiones\",\"Foros\"],\"articleSection\":[\"RePA\"],\"inLanguage\":\"es-AR\"},{\"@type\":\"WebPage\",\"@id\":\"https:\\\/\\\/www.iaavim.gob.ar\\\/?p=13388\",\"url\":\"https:\\\/\\\/www.iaavim.gob.ar\\\/?p=13388\",\"name\":\"Foro 2023 -\",\"isPartOf\":{\"@id\":\"\\\/#website\"},\"primaryImageOfPage\":{\"@id\":\"https:\\\/\\\/www.iaavim.gob.ar\\\/?p=13388#primaryimage\"},\"image\":{\"@id\":\"https:\\\/\\\/www.iaavim.gob.ar\\\/?p=13388#primaryimage\"},\"thumbnailUrl\":\"https:\\\/\\\/www.iaavim.gob.ar\\\/wp-content\\\/uploads\\\/2023\\\/11\\\/foro-05.png\",\"datePublished\":\"2023-11-23T16:11:25+00:00\",\"dateModified\":\"2025-10-28T15:16:55+00:00\",\"breadcrumb\":{\"@id\":\"https:\\\/\\\/www.iaavim.gob.ar\\\/?p=13388#breadcrumb\"},\"inLanguage\":\"es-AR\",\"potentialAction\":[{\"@type\":\"ReadAction\",\"target\":[\"https:\\\/\\\/www.iaavim.gob.ar\\\/?p=13388\"]}]},{\"@type\":\"ImageObject\",\"inLanguage\":\"es-AR\",\"@id\":\"https:\\\/\\\/www.iaavim.gob.ar\\\/?p=13388#primaryimage\",\"url\":\"https:\\\/\\\/www.iaavim.gob.ar\\\/wp-content\\\/uploads\\\/2023\\\/11\\\/foro-05.png\",\"contentUrl\":\"https:\\\/\\\/www.iaavim.gob.ar\\\/wp-content\\\/uploads\\\/2023\\\/11\\\/foro-05.png\",\"width\":2501,\"height\":1408},{\"@type\":\"BreadcrumbList\",\"@id\":\"https:\\\/\\\/www.iaavim.gob.ar\\\/?p=13388#breadcrumb\",\"itemListElement\":[{\"@type\":\"ListItem\",\"position\":1,\"name\":\"Inicio\",\"item\":\"https:\\\/\\\/www.iaavim.gob.ar\\\/\"},{\"@type\":\"ListItem\",\"position\":2,\"name\":\"Foro 2023\"}]},{\"@type\":\"WebSite\",\"@id\":\"\\\/#website\",\"url\":\"\\\/\",\"name\":\"\",\"description\":\"Sitio oficial del IAAviM\",\"publisher\":{\"@id\":\"\\\/#organization\"},\"potentialAction\":[{\"@type\":\"SearchAction\",\"target\":{\"@type\":\"EntryPoint\",\"urlTemplate\":\"\\\/?s={search_term_string}\"},\"query-input\":{\"@type\":\"PropertyValueSpecification\",\"valueRequired\":true,\"valueName\":\"search_term_string\"}}],\"inLanguage\":\"es-AR\"},{\"@type\":\"Organization\",\"@id\":\"\\\/#organization\",\"name\":\"Instituto de Artes Audiovisuales de Misiones\",\"url\":\"\\\/\",\"logo\":{\"@type\":\"ImageObject\",\"inLanguage\":\"es-AR\",\"@id\":\"\\\/#\\\/schema\\\/logo\\\/image\\\/\",\"url\":\"https:\\\/\\\/iaavim.misiones.gob.ar\\\/wp-content\\\/uploads\\\/2021\\\/07\\\/logo-iaavim-preview.png.jpg\",\"contentUrl\":\"https:\\\/\\\/iaavim.misiones.gob.ar\\\/wp-content\\\/uploads\\\/2021\\\/07\\\/logo-iaavim-preview.png.jpg\",\"width\":1200,\"height\":675,\"caption\":\"Instituto de Artes Audiovisuales de Misiones\"},\"image\":{\"@id\":\"\\\/#\\\/schema\\\/logo\\\/image\\\/\"}},{\"@type\":\"Person\",\"@id\":\"\\\/#\\\/schema\\\/person\\\/affb351a86bbbb5cdff3011db06ccf85\",\"name\":\"IAAviM\",\"image\":{\"@type\":\"ImageObject\",\"inLanguage\":\"es-AR\",\"@id\":\"https:\\\/\\\/secure.gravatar.com\\\/avatar\\\/6a023e5ff426a571199af5d6ff7996bd89e8be946af83dc1c2624ad66151ed39?s=96&d=blank&r=g\",\"url\":\"https:\\\/\\\/secure.gravatar.com\\\/avatar\\\/6a023e5ff426a571199af5d6ff7996bd89e8be946af83dc1c2624ad66151ed39?s=96&d=blank&r=g\",\"contentUrl\":\"https:\\\/\\\/secure.gravatar.com\\\/avatar\\\/6a023e5ff426a571199af5d6ff7996bd89e8be946af83dc1c2624ad66151ed39?s=96&d=blank&r=g\",\"caption\":\"IAAviM\"},\"url\":\"https:\\\/\\\/www.iaavim.gob.ar\\\/?author=2\"}]}<\/script>\n<!-- \/ Yoast SEO plugin. -->","yoast_head_json":{"title":"Foro 2023 -","robots":{"index":"index","follow":"follow","max-snippet":"max-snippet:-1","max-image-preview":"max-image-preview:large","max-video-preview":"max-video-preview:-1"},"canonical":"https:\/\/www.iaavim.gob.ar\/?p=13388","og_locale":"es_ES","og_type":"article","og_title":"Foro 2023 -","og_description":"ACTAS FORO 2023 VIII Foro Consultivo de Pol\u00edticas P\u00fablicas Audiovisuales de Misiones Desde la sanci\u00f3n de la Ley VI 171 de Promoci\u00f3n Audiovisual, el Instituto de Artes Audiovisuales de Misiones -IAAviM- contin\u00faa con la promoci\u00f3n del principal espacio de encuentro y construcci\u00f3n colectiva que tiene m\u00e1s de una d\u00e9cada. El objetivo fundamental del Foro Consultivo &hellip;","og_url":"https:\/\/www.iaavim.gob.ar\/?p=13388","article_published_time":"2023-11-23T16:11:25+00:00","article_modified_time":"2025-10-28T15:16:55+00:00","og_image":[{"width":2501,"height":1408,"url":"https:\/\/www.iaavim.gob.ar\/wp-content\/uploads\/2023\/11\/foro-05.png","type":"image\/png"}],"author":"IAAviM","twitter_card":"summary_large_image","twitter_misc":{"Escrito por":"IAAviM","Tiempo de lectura":"7 minutos"},"schema":{"@context":"https:\/\/schema.org","@graph":[{"@type":"Article","@id":"https:\/\/www.iaavim.gob.ar\/?p=13388#article","isPartOf":{"@id":"https:\/\/www.iaavim.gob.ar\/?p=13388"},"author":{"name":"IAAviM","@id":"\/#\/schema\/person\/affb351a86bbbb5cdff3011db06ccf85"},"headline":"Foro 2023","datePublished":"2023-11-23T16:11:25+00:00","dateModified":"2025-10-28T15:16:55+00:00","mainEntityOfPage":{"@id":"https:\/\/www.iaavim.gob.ar\/?p=13388"},"wordCount":1472,"publisher":{"@id":"\/#organization"},"image":{"@id":"https:\/\/www.iaavim.gob.ar\/?p=13388#primaryimage"},"thumbnailUrl":"https:\/\/www.iaavim.gob.ar\/wp-content\/uploads\/2023\/11\/foro-05.png","keywords":["Foro","Foro de Pol\u00edticas P\u00fablicas Audiovisuales de Misiones","Foros"],"articleSection":["RePA"],"inLanguage":"es-AR"},{"@type":"WebPage","@id":"https:\/\/www.iaavim.gob.ar\/?p=13388","url":"https:\/\/www.iaavim.gob.ar\/?p=13388","name":"Foro 2023 -","isPartOf":{"@id":"\/#website"},"primaryImageOfPage":{"@id":"https:\/\/www.iaavim.gob.ar\/?p=13388#primaryimage"},"image":{"@id":"https:\/\/www.iaavim.gob.ar\/?p=13388#primaryimage"},"thumbnailUrl":"https:\/\/www.iaavim.gob.ar\/wp-content\/uploads\/2023\/11\/foro-05.png","datePublished":"2023-11-23T16:11:25+00:00","dateModified":"2025-10-28T15:16:55+00:00","breadcrumb":{"@id":"https:\/\/www.iaavim.gob.ar\/?p=13388#breadcrumb"},"inLanguage":"es-AR","potentialAction":[{"@type":"ReadAction","target":["https:\/\/www.iaavim.gob.ar\/?p=13388"]}]},{"@type":"ImageObject","inLanguage":"es-AR","@id":"https:\/\/www.iaavim.gob.ar\/?p=13388#primaryimage","url":"https:\/\/www.iaavim.gob.ar\/wp-content\/uploads\/2023\/11\/foro-05.png","contentUrl":"https:\/\/www.iaavim.gob.ar\/wp-content\/uploads\/2023\/11\/foro-05.png","width":2501,"height":1408},{"@type":"BreadcrumbList","@id":"https:\/\/www.iaavim.gob.ar\/?p=13388#breadcrumb","itemListElement":[{"@type":"ListItem","position":1,"name":"Inicio","item":"https:\/\/www.iaavim.gob.ar\/"},{"@type":"ListItem","position":2,"name":"Foro 2023"}]},{"@type":"WebSite","@id":"\/#website","url":"\/","name":"","description":"Sitio oficial del IAAviM","publisher":{"@id":"\/#organization"},"potentialAction":[{"@type":"SearchAction","target":{"@type":"EntryPoint","urlTemplate":"\/?s={search_term_string}"},"query-input":{"@type":"PropertyValueSpecification","valueRequired":true,"valueName":"search_term_string"}}],"inLanguage":"es-AR"},{"@type":"Organization","@id":"\/#organization","name":"Instituto de Artes Audiovisuales de Misiones","url":"\/","logo":{"@type":"ImageObject","inLanguage":"es-AR","@id":"\/#\/schema\/logo\/image\/","url":"https:\/\/iaavim.misiones.gob.ar\/wp-content\/uploads\/2021\/07\/logo-iaavim-preview.png.jpg","contentUrl":"https:\/\/iaavim.misiones.gob.ar\/wp-content\/uploads\/2021\/07\/logo-iaavim-preview.png.jpg","width":1200,"height":675,"caption":"Instituto de Artes Audiovisuales de Misiones"},"image":{"@id":"\/#\/schema\/logo\/image\/"}},{"@type":"Person","@id":"\/#\/schema\/person\/affb351a86bbbb5cdff3011db06ccf85","name":"IAAviM","image":{"@type":"ImageObject","inLanguage":"es-AR","@id":"https:\/\/secure.gravatar.com\/avatar\/6a023e5ff426a571199af5d6ff7996bd89e8be946af83dc1c2624ad66151ed39?s=96&d=blank&r=g","url":"https:\/\/secure.gravatar.com\/avatar\/6a023e5ff426a571199af5d6ff7996bd89e8be946af83dc1c2624ad66151ed39?s=96&d=blank&r=g","contentUrl":"https:\/\/secure.gravatar.com\/avatar\/6a023e5ff426a571199af5d6ff7996bd89e8be946af83dc1c2624ad66151ed39?s=96&d=blank&r=g","caption":"IAAviM"},"url":"https:\/\/www.iaavim.gob.ar\/?author=2"}]}},"amp_enabled":true,"_links":{"self":[{"href":"https:\/\/www.iaavim.gob.ar\/index.php?rest_route=\/wp\/v2\/posts\/13388","targetHints":{"allow":["GET"]}}],"collection":[{"href":"https:\/\/www.iaavim.gob.ar\/index.php?rest_route=\/wp\/v2\/posts"}],"about":[{"href":"https:\/\/www.iaavim.gob.ar\/index.php?rest_route=\/wp\/v2\/types\/post"}],"author":[{"embeddable":true,"href":"https:\/\/www.iaavim.gob.ar\/index.php?rest_route=\/wp\/v2\/users\/2"}],"replies":[{"embeddable":true,"href":"https:\/\/www.iaavim.gob.ar\/index.php?rest_route=%2Fwp%2Fv2%2Fcomments&post=13388"}],"version-history":[{"count":10,"href":"https:\/\/www.iaavim.gob.ar\/index.php?rest_route=\/wp\/v2\/posts\/13388\/revisions"}],"predecessor-version":[{"id":15584,"href":"https:\/\/www.iaavim.gob.ar\/index.php?rest_route=\/wp\/v2\/posts\/13388\/revisions\/15584"}],"wp:featuredmedia":[{"embeddable":true,"href":"https:\/\/www.iaavim.gob.ar\/index.php?rest_route=\/wp\/v2\/media\/13389"}],"wp:attachment":[{"href":"https:\/\/www.iaavim.gob.ar\/index.php?rest_route=%2Fwp%2Fv2%2Fmedia&parent=13388"}],"wp:term":[{"taxonomy":"category","embeddable":true,"href":"https:\/\/www.iaavim.gob.ar\/index.php?rest_route=%2Fwp%2Fv2%2Fcategories&post=13388"},{"taxonomy":"post_tag","embeddable":true,"href":"https:\/\/www.iaavim.gob.ar\/index.php?rest_route=%2Fwp%2Fv2%2Ftags&post=13388"}],"curies":[{"name":"wp","href":"https:\/\/api.w.org\/{rel}","templated":true}]}}