{"id":13048,"date":"2023-07-05T14:05:25","date_gmt":"2023-07-05T17:05:25","guid":{"rendered":"https:\/\/www.iaavim.gob.ar\/?p=13048"},"modified":"2023-07-05T14:05:30","modified_gmt":"2023-07-05T17:05:30","slug":"gleyzer-se-realizaron-en-posadas-las-tutorias-del-nea","status":"publish","type":"post","link":"https:\/\/www.iaavim.gob.ar\/?p=13048","title":{"rendered":"Gleyzer: se realizaron en Posadas las tutor\u00edas del NEA"},"content":{"rendered":"\n<p>Se desarroll\u00f3 en Posadas la instancia de tutor\u00edas para los <strong>proyectos preseleccionados de la Regi\u00f3n NEA<\/strong> de la 13a edici\u00f3n del <strong>Concurso Federal de Desarrollo de Proyectos de Largometraje Raymundo Gleyzer<\/strong>, reconocido certamen del Instituto Nacional de Cine y Artes Audiovisuales (<strong>INCAA<\/strong>) que cuenta con un laboratorio de capacitaciones y tutor\u00edas especializadas, con el objetivo de fomentar la formaci\u00f3n de profesionales de cine en las \u00e1reas de direcci\u00f3n, producci\u00f3n y gui\u00f3n, y otorga recursos para la realizaci\u00f3n de proyectos de diferentes regiones del pa\u00eds.<\/p>\n\n\n\n<p>A trav\u00e9s de la gesti\u00f3n del Instituto de Artes Audiovisuales de Misiones (IAAviM), las dos jornadas de trabajo se desarrollaron en el Silicon Misiones, en donde cinco equipos preseleccionados recibieron la asesor\u00eda de Ezequiel Raduzky (CABA), Santiago Podest\u00e1 (CABA), Franca Gonz\u00e1lez (CABA), Lara Decuzzi (Neuqu\u00e9n), Romina Tamburello (Rosario), y Alejandro Gallo (Salta); tutores asignados a la regi\u00f3n NEA.<\/p>\n\n\n\n<p>\u201cEstos proyectos vienen trabajando desde marzo, tuvimos dos instancias anteriores de una semana de capacitaci\u00f3n virtual de cada uno de ellos, con un corte de cuatro semanas para la escritura, y ac\u00e1 estamos en el cierre\u201d, coment\u00f3 <strong>Celina Defranco<\/strong>, coordinadora del Concurso, quien celebr\u00f3 el retorno a la presencialidad tras la pandemia. \u201cA partir de esta capacitaci\u00f3n que est\u00e1n trabajando los proyectos de documental y los proyectos de ficci\u00f3n con docentes especializados en los g\u00e9neros, van a tener una nueva etapa de reescritura\u2026 donde van a tener que presentar una carpeta, un dossier finalizado, que va a ser evaluado por un nuevo jurado que vamos a nombrar, que tiene paridad federal, tiene paridad de g\u00e9nero, es un jurado conformado por seis personas, que van a evaluar no solo los proyectos, sino tambi\u00e9n el trabajo realizado durante el a\u00f1o\u201d, agreg\u00f3.<\/p>\n\n\n\n<p>De Misiones participaron Aimar\u00e1 Schwieters, Germ\u00e1n Lorenzo Robert, Federico Thomas del proyecto de ficci\u00f3n <strong>&#8220;Araka\u00f1y = El fin del mundo&#8221;<\/strong>; Victoria Gonz\u00e1lez, Ar\u00f3n L\u00e9rtora y Nahuel Coutinho con <strong>&#8220;Francesca &amp; Paolo&#8221;<\/strong> (ficci\u00f3n); y Marcia Majcher, Camila Acosta y Mar\u00eda Laura Tresols del proyecto documental <strong>\u201cKaty Solem\u201d<\/strong>. De Entre R\u00edos, participaron los equipos de los proyectos preseleccionados \u201cAmazonas\u201d, &#8220;Paloma y Dora&#8221; y &#8220;Crucecitas&#8221;.<\/p>\n\n\n\n<p>Las y los profesionales que llevan adelante las tutor\u00edas tienen una amplia y reconocida trayectoria en el \u00e1mbito audiovisual, y han sido a su vez ganadores y participantes del certamen. \u201cEstar del otro lado del mostrador en el Gleyzer es un gran desaf\u00edo y un gran honor\u201d, resalt\u00f3 el director y guionista salte\u00f1o <strong>Alejandro Gallo<\/strong>, tutor de guion para los proyectos del g\u00e9nero documental, quien fue ganador del Concurso por la regi\u00f3n NOA con su largometraje \u201cEncandilan luces, viaje psicotr\u00f3pico con los Ps\u00edquicos Litorale\u00f1os\u201d, que realiz\u00f3 en 2019.&nbsp;<\/p>\n\n\n\n<p><strong>Romina Tamburello<\/strong>, quien tambi\u00e9n gan\u00f3 el Gleyzer en el 2016 con el proyecto \u201cVera y el placer de los otros\u201d y que est\u00e1 pr\u00f3xima a estrenarse, se refiri\u00f3 tambi\u00e9n a esta nueva experiencia: \u201cEstar ac\u00e1 es, en parte, un viaje al pasado y por otro lado, descubriendo cosas m\u00edas como tutora que no conoc\u00eda porque no lo hab\u00eda hecho nunca\u201d. Valor\u00f3 adem\u00e1s el proceso colectivo de revisi\u00f3n y fortalecimiento de los proyectos de manera pormenorizada. \u201cEl Gleyzer tiene un acompa\u00f1amiento de tutores que es algo que uno pagar\u00eda y que el Estado te lo provee, y que a la vez son tutores trabajando en equipo, que forman parte del equipo con los realizadores, y que hacen que cada pel\u00edcula pueda crecer\u201d.<\/p>\n\n\n\n<p><strong>Mar\u00eda Laura Tresols<\/strong>, guionista del proyecto \u201cKaty Solem\u201d, manifest\u00f3 que \u201cviene siendo un trabajo muy provechoso de avance del proyecto, tenemos miradas muy ricas para sumarle; as\u00ed que muy contentas de estar participando\u201d. A la vez, <strong>Germ\u00e1n Lorenzo Robert<\/strong>, guionista de &#8220;Araka\u00f1y&#8221; agreg\u00f3: \u201ccreo que hay una diferencia entre que uno estudia y se prepara para ser cineasta y el quehacer en s\u00ed mismo; poder tener tutores que vengan de la industria es sumamente importante. Y tambi\u00e9n, obviamente, con la posibilidad de poder ganar un dinero para poder desarrollar la pel\u00edcula que es a lo que venimos. Y m\u00e1s all\u00e1 de que las pelis ganen o no, el proceso y el crecimiento que tiene uno profesionalmente por haber formado parte es como un antes y un despu\u00e9s\u201d.<\/p>\n\n\n\n<p>En este sentido, la coordinadora del INCAA resalt\u00f3 que, dada la envergadura e importancia del Gleyzer, \u201cabre muchas puertas a nivel nacional, da un curr\u00edculum, una trayectoria, da confianza para posibles coproducciones\u2026\u201d. Asimismo, por la din\u00e1mica de trabajo y la participaci\u00f3n federal, es una posibilidad concreta para generar v\u00ednculos y construir redes para futuros proyectos.<br><strong>Mario Gim\u00e9nez<\/strong>, quien comparti\u00f3 una de las jornadas junto a la gerenta de Capacitaci\u00f3n del IAAviM, <strong>Mariana Lombardini<\/strong>, y la coordinadora de la arteria del Conocimiento de Silicon Misiones, <strong>Evelin Escalada<\/strong>, afirm\u00f3: <strong><em>\u201clarga vida al Gleyzer, porque es larga vida al cine federal, es larga vida a las historias que acontecen a diario a lo largo y a lo ancho de nuestro pa\u00eds y que merecen ser contadas\u201d<\/em><\/strong>. El titular del IAAviM agradeci\u00f3 a Celina Defranco por el magn\u00edfico trabajo y la oportunidad de poder ser Misiones sede de las tutor\u00edas del NEA. Y finaliz\u00f3 remarcando que si bien resta discutir la redistribuci\u00f3n del fondo de fomento del INCAA, y c\u00f3mo encarar un proyecto nacional con distintos polos de desarrollo, el Concurso Federal Raymundo Gleyzer es uno de los ejemplos a seguir.<\/p>\n\n\n\n<div style=\"height:19px\" aria-hidden=\"true\" class=\"wp-block-spacer\"><\/div>\n\n\n\n<figure class=\"wp-block-embed is-type-video is-provider-youtube wp-block-embed-youtube wp-embed-aspect-16-9 wp-has-aspect-ratio\"><div class=\"wp-block-embed__wrapper\">\n<iframe loading=\"lazy\"  id=\"_ytid_64702\"  width=\"480\" height=\"270\"  data-origwidth=\"480\" data-origheight=\"270\" src=\"https:\/\/www.youtube.com\/embed\/oyUWjM2KR_s?enablejsapi=1&#038;autoplay=0&#038;cc_load_policy=0&#038;cc_lang_pref=&#038;iv_load_policy=1&#038;loop=0&#038;rel=0&#038;fs=1&#038;playsinline=0&#038;autohide=2&#038;hl=es_AR&#038;theme=dark&#038;color=red&#038;controls=1&#038;disablekb=0&#038;\" class=\"__youtube_prefs__  epyt-is-override  no-lazyload\" title=\"YouTube player\"  allow=\"fullscreen; accelerometer; autoplay; clipboard-write; encrypted-media; gyroscope; picture-in-picture; web-share\" referrerpolicy=\"strict-origin-when-cross-origin\" allowfullscreen data-no-lazy=\"1\" data-skipgform_ajax_framebjll=\"\"><\/iframe>\n<\/div><\/figure>\n\n\n\n<div style=\"height:100px\" aria-hidden=\"true\" class=\"wp-block-spacer\"><\/div>\n","protected":false},"excerpt":{"rendered":"<p>Se desarroll\u00f3 en Posadas la instancia de tutor\u00edas para los proyectos preseleccionados de la Regi\u00f3n NEA de la 13a edici\u00f3n del Concurso Federal de Desarrollo de Proyectos de Largometraje Raymundo Gleyzer, reconocido certamen del Instituto Nacional de Cine y Artes Audiovisuales (INCAA) que cuenta con un laboratorio de capacitaciones y tutor\u00edas especializadas, con el objetivo &hellip;<\/p>\n","protected":false},"author":2,"featured_media":13050,"comment_status":"closed","ping_status":"open","sticky":false,"template":"","format":"standard","meta":{"_acf_changed":false,"footnotes":""},"categories":[39],"tags":[595,593,1133,110,335,646,148],"class_list":["post-13048","post","type-post","status-publish","format-standard","has-post-thumbnail","hentry","category-noticias-del-iaavim","tag-celina-defranco","tag-concurso-federal-de-desarrollo-de-largometrajes-raymundo-gleyzer","tag-gleyzer","tag-incaa","tag-largometraje","tag-mario-gimenez","tag-proyectos-en-desarrollo"],"acf":[],"yoast_head":"<!-- This site is optimized with the Yoast SEO plugin v27.4 - https:\/\/yoast.com\/product\/yoast-seo-wordpress\/ -->\n<title>Gleyzer: se realizaron en Posadas las tutor\u00edas del NEA - IAAviM<\/title>\n<meta name=\"description\" content=\"Posadas fue sede de las tutor\u00edas de proyectos del NEA del prestigioso Concurso Federal del INCAA &quot;Raymundo Gleyzer&quot;\" \/>\n<meta name=\"robots\" content=\"index, follow, max-snippet:-1, max-image-preview:large, max-video-preview:-1\" \/>\n<link rel=\"canonical\" href=\"https:\/\/www.iaavim.gob.ar\/?p=13048\" \/>\n<meta property=\"og:locale\" content=\"es_ES\" \/>\n<meta property=\"og:type\" content=\"article\" \/>\n<meta property=\"og:title\" content=\"Gleyzer: se realizaron en Posadas las tutor\u00edas del NEA - IAAviM\" \/>\n<meta property=\"og:description\" content=\"Posadas fue sede de las tutor\u00edas de proyectos del NEA del prestigioso Concurso Federal del INCAA &quot;Raymundo Gleyzer&quot;\" \/>\n<meta property=\"og:url\" content=\"https:\/\/www.iaavim.gob.ar\/?p=13048\" \/>\n<meta property=\"article:published_time\" content=\"2023-07-05T17:05:25+00:00\" \/>\n<meta property=\"article:modified_time\" content=\"2023-07-05T17:05:30+00:00\" \/>\n<meta property=\"og:image\" content=\"https:\/\/www.iaavim.gob.ar\/wp-content\/uploads\/2023\/07\/NEW-portada-sitio-1200x480-8.png\" \/>\n\t<meta property=\"og:image:width\" content=\"1200\" \/>\n\t<meta property=\"og:image:height\" content=\"480\" \/>\n\t<meta property=\"og:image:type\" content=\"image\/png\" \/>\n<meta name=\"author\" content=\"IAAviM\" \/>\n<meta name=\"twitter:card\" content=\"summary_large_image\" \/>\n<meta name=\"twitter:label1\" content=\"Escrito por\" \/>\n\t<meta name=\"twitter:data1\" content=\"IAAviM\" \/>\n\t<meta name=\"twitter:label2\" content=\"Tiempo de lectura\" \/>\n\t<meta name=\"twitter:data2\" content=\"4 minutos\" \/>\n<script type=\"application\/ld+json\" class=\"yoast-schema-graph\">{\"@context\":\"https:\\\/\\\/schema.org\",\"@graph\":[{\"@type\":\"Article\",\"@id\":\"https:\\\/\\\/www.iaavim.gob.ar\\\/?p=13048#article\",\"isPartOf\":{\"@id\":\"https:\\\/\\\/www.iaavim.gob.ar\\\/?p=13048\"},\"author\":{\"name\":\"IAAviM\",\"@id\":\"\\\/#\\\/schema\\\/person\\\/affb351a86bbbb5cdff3011db06ccf85\"},\"headline\":\"Gleyzer: se realizaron en Posadas las tutor\u00edas del NEA\",\"datePublished\":\"2023-07-05T17:05:25+00:00\",\"dateModified\":\"2023-07-05T17:05:30+00:00\",\"mainEntityOfPage\":{\"@id\":\"https:\\\/\\\/www.iaavim.gob.ar\\\/?p=13048\"},\"wordCount\":953,\"publisher\":{\"@id\":\"\\\/#organization\"},\"image\":{\"@id\":\"https:\\\/\\\/www.iaavim.gob.ar\\\/?p=13048#primaryimage\"},\"thumbnailUrl\":\"https:\\\/\\\/www.iaavim.gob.ar\\\/wp-content\\\/uploads\\\/2023\\\/07\\\/NEW-portada-sitio-1200x480-8.png\",\"keywords\":[\"Celina Defranco\",\"Concurso Federal de Desarrollo de Largometrajes Raymundo Gleyzer\",\"Gleyzer\",\"incaa\",\"largometraje\",\"Mario Gim\u00e9nez\",\"proyectos en desarrollo\"],\"articleSection\":[\"Noticias del IAAviM\"],\"inLanguage\":\"es-AR\"},{\"@type\":\"WebPage\",\"@id\":\"https:\\\/\\\/www.iaavim.gob.ar\\\/?p=13048\",\"url\":\"https:\\\/\\\/www.iaavim.gob.ar\\\/?p=13048\",\"name\":\"Gleyzer: se realizaron en Posadas las tutor\u00edas del NEA - IAAviM\",\"isPartOf\":{\"@id\":\"\\\/#website\"},\"primaryImageOfPage\":{\"@id\":\"https:\\\/\\\/www.iaavim.gob.ar\\\/?p=13048#primaryimage\"},\"image\":{\"@id\":\"https:\\\/\\\/www.iaavim.gob.ar\\\/?p=13048#primaryimage\"},\"thumbnailUrl\":\"https:\\\/\\\/www.iaavim.gob.ar\\\/wp-content\\\/uploads\\\/2023\\\/07\\\/NEW-portada-sitio-1200x480-8.png\",\"datePublished\":\"2023-07-05T17:05:25+00:00\",\"dateModified\":\"2023-07-05T17:05:30+00:00\",\"description\":\"Posadas fue sede de las tutor\u00edas de proyectos del NEA del prestigioso Concurso Federal del INCAA \\\"Raymundo Gleyzer\\\"\",\"breadcrumb\":{\"@id\":\"https:\\\/\\\/www.iaavim.gob.ar\\\/?p=13048#breadcrumb\"},\"inLanguage\":\"es-AR\",\"potentialAction\":[{\"@type\":\"ReadAction\",\"target\":[\"https:\\\/\\\/www.iaavim.gob.ar\\\/?p=13048\"]}]},{\"@type\":\"ImageObject\",\"inLanguage\":\"es-AR\",\"@id\":\"https:\\\/\\\/www.iaavim.gob.ar\\\/?p=13048#primaryimage\",\"url\":\"https:\\\/\\\/www.iaavim.gob.ar\\\/wp-content\\\/uploads\\\/2023\\\/07\\\/NEW-portada-sitio-1200x480-8.png\",\"contentUrl\":\"https:\\\/\\\/www.iaavim.gob.ar\\\/wp-content\\\/uploads\\\/2023\\\/07\\\/NEW-portada-sitio-1200x480-8.png\",\"width\":1200,\"height\":480},{\"@type\":\"BreadcrumbList\",\"@id\":\"https:\\\/\\\/www.iaavim.gob.ar\\\/?p=13048#breadcrumb\",\"itemListElement\":[{\"@type\":\"ListItem\",\"position\":1,\"name\":\"Inicio\",\"item\":\"https:\\\/\\\/www.iaavim.gob.ar\\\/\"},{\"@type\":\"ListItem\",\"position\":2,\"name\":\"Gleyzer: se realizaron en Posadas las tutor\u00edas del NEA\"}]},{\"@type\":\"WebSite\",\"@id\":\"\\\/#website\",\"url\":\"\\\/\",\"name\":\"\",\"description\":\"Sitio oficial del IAAviM\",\"publisher\":{\"@id\":\"\\\/#organization\"},\"potentialAction\":[{\"@type\":\"SearchAction\",\"target\":{\"@type\":\"EntryPoint\",\"urlTemplate\":\"\\\/?s={search_term_string}\"},\"query-input\":{\"@type\":\"PropertyValueSpecification\",\"valueRequired\":true,\"valueName\":\"search_term_string\"}}],\"inLanguage\":\"es-AR\"},{\"@type\":\"Organization\",\"@id\":\"\\\/#organization\",\"name\":\"Instituto de Artes Audiovisuales de Misiones\",\"url\":\"\\\/\",\"logo\":{\"@type\":\"ImageObject\",\"inLanguage\":\"es-AR\",\"@id\":\"\\\/#\\\/schema\\\/logo\\\/image\\\/\",\"url\":\"https:\\\/\\\/iaavim.misiones.gob.ar\\\/wp-content\\\/uploads\\\/2021\\\/07\\\/logo-iaavim-preview.png.jpg\",\"contentUrl\":\"https:\\\/\\\/iaavim.misiones.gob.ar\\\/wp-content\\\/uploads\\\/2021\\\/07\\\/logo-iaavim-preview.png.jpg\",\"width\":1200,\"height\":675,\"caption\":\"Instituto de Artes Audiovisuales de Misiones\"},\"image\":{\"@id\":\"\\\/#\\\/schema\\\/logo\\\/image\\\/\"}},{\"@type\":\"Person\",\"@id\":\"\\\/#\\\/schema\\\/person\\\/affb351a86bbbb5cdff3011db06ccf85\",\"name\":\"IAAviM\",\"image\":{\"@type\":\"ImageObject\",\"inLanguage\":\"es-AR\",\"@id\":\"https:\\\/\\\/secure.gravatar.com\\\/avatar\\\/6a023e5ff426a571199af5d6ff7996bd89e8be946af83dc1c2624ad66151ed39?s=96&d=blank&r=g\",\"url\":\"https:\\\/\\\/secure.gravatar.com\\\/avatar\\\/6a023e5ff426a571199af5d6ff7996bd89e8be946af83dc1c2624ad66151ed39?s=96&d=blank&r=g\",\"contentUrl\":\"https:\\\/\\\/secure.gravatar.com\\\/avatar\\\/6a023e5ff426a571199af5d6ff7996bd89e8be946af83dc1c2624ad66151ed39?s=96&d=blank&r=g\",\"caption\":\"IAAviM\"},\"url\":\"https:\\\/\\\/www.iaavim.gob.ar\\\/?author=2\"}]}<\/script>\n<!-- \/ Yoast SEO plugin. -->","yoast_head_json":{"title":"Gleyzer: se realizaron en Posadas las tutor\u00edas del NEA - IAAviM","description":"Posadas fue sede de las tutor\u00edas de proyectos del NEA del prestigioso Concurso Federal del INCAA \"Raymundo Gleyzer\"","robots":{"index":"index","follow":"follow","max-snippet":"max-snippet:-1","max-image-preview":"max-image-preview:large","max-video-preview":"max-video-preview:-1"},"canonical":"https:\/\/www.iaavim.gob.ar\/?p=13048","og_locale":"es_ES","og_type":"article","og_title":"Gleyzer: se realizaron en Posadas las tutor\u00edas del NEA - IAAviM","og_description":"Posadas fue sede de las tutor\u00edas de proyectos del NEA del prestigioso Concurso Federal del INCAA \"Raymundo Gleyzer\"","og_url":"https:\/\/www.iaavim.gob.ar\/?p=13048","article_published_time":"2023-07-05T17:05:25+00:00","article_modified_time":"2023-07-05T17:05:30+00:00","og_image":[{"width":1200,"height":480,"url":"https:\/\/www.iaavim.gob.ar\/wp-content\/uploads\/2023\/07\/NEW-portada-sitio-1200x480-8.png","type":"image\/png"}],"author":"IAAviM","twitter_card":"summary_large_image","twitter_misc":{"Escrito por":"IAAviM","Tiempo de lectura":"4 minutos"},"schema":{"@context":"https:\/\/schema.org","@graph":[{"@type":"Article","@id":"https:\/\/www.iaavim.gob.ar\/?p=13048#article","isPartOf":{"@id":"https:\/\/www.iaavim.gob.ar\/?p=13048"},"author":{"name":"IAAviM","@id":"\/#\/schema\/person\/affb351a86bbbb5cdff3011db06ccf85"},"headline":"Gleyzer: se realizaron en Posadas las tutor\u00edas del NEA","datePublished":"2023-07-05T17:05:25+00:00","dateModified":"2023-07-05T17:05:30+00:00","mainEntityOfPage":{"@id":"https:\/\/www.iaavim.gob.ar\/?p=13048"},"wordCount":953,"publisher":{"@id":"\/#organization"},"image":{"@id":"https:\/\/www.iaavim.gob.ar\/?p=13048#primaryimage"},"thumbnailUrl":"https:\/\/www.iaavim.gob.ar\/wp-content\/uploads\/2023\/07\/NEW-portada-sitio-1200x480-8.png","keywords":["Celina Defranco","Concurso Federal de Desarrollo de Largometrajes Raymundo Gleyzer","Gleyzer","incaa","largometraje","Mario Gim\u00e9nez","proyectos en desarrollo"],"articleSection":["Noticias del IAAviM"],"inLanguage":"es-AR"},{"@type":"WebPage","@id":"https:\/\/www.iaavim.gob.ar\/?p=13048","url":"https:\/\/www.iaavim.gob.ar\/?p=13048","name":"Gleyzer: se realizaron en Posadas las tutor\u00edas del NEA - IAAviM","isPartOf":{"@id":"\/#website"},"primaryImageOfPage":{"@id":"https:\/\/www.iaavim.gob.ar\/?p=13048#primaryimage"},"image":{"@id":"https:\/\/www.iaavim.gob.ar\/?p=13048#primaryimage"},"thumbnailUrl":"https:\/\/www.iaavim.gob.ar\/wp-content\/uploads\/2023\/07\/NEW-portada-sitio-1200x480-8.png","datePublished":"2023-07-05T17:05:25+00:00","dateModified":"2023-07-05T17:05:30+00:00","description":"Posadas fue sede de las tutor\u00edas de proyectos del NEA del prestigioso Concurso Federal del INCAA \"Raymundo Gleyzer\"","breadcrumb":{"@id":"https:\/\/www.iaavim.gob.ar\/?p=13048#breadcrumb"},"inLanguage":"es-AR","potentialAction":[{"@type":"ReadAction","target":["https:\/\/www.iaavim.gob.ar\/?p=13048"]}]},{"@type":"ImageObject","inLanguage":"es-AR","@id":"https:\/\/www.iaavim.gob.ar\/?p=13048#primaryimage","url":"https:\/\/www.iaavim.gob.ar\/wp-content\/uploads\/2023\/07\/NEW-portada-sitio-1200x480-8.png","contentUrl":"https:\/\/www.iaavim.gob.ar\/wp-content\/uploads\/2023\/07\/NEW-portada-sitio-1200x480-8.png","width":1200,"height":480},{"@type":"BreadcrumbList","@id":"https:\/\/www.iaavim.gob.ar\/?p=13048#breadcrumb","itemListElement":[{"@type":"ListItem","position":1,"name":"Inicio","item":"https:\/\/www.iaavim.gob.ar\/"},{"@type":"ListItem","position":2,"name":"Gleyzer: se realizaron en Posadas las tutor\u00edas del NEA"}]},{"@type":"WebSite","@id":"\/#website","url":"\/","name":"","description":"Sitio oficial del IAAviM","publisher":{"@id":"\/#organization"},"potentialAction":[{"@type":"SearchAction","target":{"@type":"EntryPoint","urlTemplate":"\/?s={search_term_string}"},"query-input":{"@type":"PropertyValueSpecification","valueRequired":true,"valueName":"search_term_string"}}],"inLanguage":"es-AR"},{"@type":"Organization","@id":"\/#organization","name":"Instituto de Artes Audiovisuales de Misiones","url":"\/","logo":{"@type":"ImageObject","inLanguage":"es-AR","@id":"\/#\/schema\/logo\/image\/","url":"https:\/\/iaavim.misiones.gob.ar\/wp-content\/uploads\/2021\/07\/logo-iaavim-preview.png.jpg","contentUrl":"https:\/\/iaavim.misiones.gob.ar\/wp-content\/uploads\/2021\/07\/logo-iaavim-preview.png.jpg","width":1200,"height":675,"caption":"Instituto de Artes Audiovisuales de Misiones"},"image":{"@id":"\/#\/schema\/logo\/image\/"}},{"@type":"Person","@id":"\/#\/schema\/person\/affb351a86bbbb5cdff3011db06ccf85","name":"IAAviM","image":{"@type":"ImageObject","inLanguage":"es-AR","@id":"https:\/\/secure.gravatar.com\/avatar\/6a023e5ff426a571199af5d6ff7996bd89e8be946af83dc1c2624ad66151ed39?s=96&d=blank&r=g","url":"https:\/\/secure.gravatar.com\/avatar\/6a023e5ff426a571199af5d6ff7996bd89e8be946af83dc1c2624ad66151ed39?s=96&d=blank&r=g","contentUrl":"https:\/\/secure.gravatar.com\/avatar\/6a023e5ff426a571199af5d6ff7996bd89e8be946af83dc1c2624ad66151ed39?s=96&d=blank&r=g","caption":"IAAviM"},"url":"https:\/\/www.iaavim.gob.ar\/?author=2"}]}},"amp_enabled":true,"_links":{"self":[{"href":"https:\/\/www.iaavim.gob.ar\/index.php?rest_route=\/wp\/v2\/posts\/13048","targetHints":{"allow":["GET"]}}],"collection":[{"href":"https:\/\/www.iaavim.gob.ar\/index.php?rest_route=\/wp\/v2\/posts"}],"about":[{"href":"https:\/\/www.iaavim.gob.ar\/index.php?rest_route=\/wp\/v2\/types\/post"}],"author":[{"embeddable":true,"href":"https:\/\/www.iaavim.gob.ar\/index.php?rest_route=\/wp\/v2\/users\/2"}],"replies":[{"embeddable":true,"href":"https:\/\/www.iaavim.gob.ar\/index.php?rest_route=%2Fwp%2Fv2%2Fcomments&post=13048"}],"version-history":[{"count":1,"href":"https:\/\/www.iaavim.gob.ar\/index.php?rest_route=\/wp\/v2\/posts\/13048\/revisions"}],"predecessor-version":[{"id":13051,"href":"https:\/\/www.iaavim.gob.ar\/index.php?rest_route=\/wp\/v2\/posts\/13048\/revisions\/13051"}],"wp:featuredmedia":[{"embeddable":true,"href":"https:\/\/www.iaavim.gob.ar\/index.php?rest_route=\/wp\/v2\/media\/13050"}],"wp:attachment":[{"href":"https:\/\/www.iaavim.gob.ar\/index.php?rest_route=%2Fwp%2Fv2%2Fmedia&parent=13048"}],"wp:term":[{"taxonomy":"category","embeddable":true,"href":"https:\/\/www.iaavim.gob.ar\/index.php?rest_route=%2Fwp%2Fv2%2Fcategories&post=13048"},{"taxonomy":"post_tag","embeddable":true,"href":"https:\/\/www.iaavim.gob.ar\/index.php?rest_route=%2Fwp%2Fv2%2Ftags&post=13048"}],"curies":[{"name":"wp","href":"https:\/\/api.w.org\/{rel}","templated":true}]}}