{"id":13034,"date":"2023-06-23T13:26:44","date_gmt":"2023-06-23T16:26:44","guid":{"rendered":"https:\/\/www.iaavim.gob.ar\/?p=13034"},"modified":"2023-07-19T11:43:13","modified_gmt":"2023-07-19T14:43:13","slug":"formulario-de-inscripcion","status":"publish","type":"post","link":"https:\/\/www.iaavim.gob.ar\/?p=13034","title":{"rendered":"Formulario de inscripci\u00f3n"},"content":{"rendered":"\n<p>La Gerencia de Capacitaci\u00f3n e Investigaci\u00f3n del Instituto de Artes Audiovisuales de Misiones, con apoyo t\u00e9cnico y financiero del Consejo Federal de Inversiones (CFI), presentan una nueva edici\u00f3n del programa de profesionalizaci\u00f3n <strong>&#8220;IAAviM Lab&#8221;<\/strong>.<\/p>\n\n\n\n<p>Este a\u00f1o, iniciamos con la apertura de la convocatoria a participar del <strong>Laboratorio de Guion para Cortometrajes de Ficci\u00f3n<\/strong>, la cual estar\u00e1 abierta <strong>hasta el lunes 3 de julio<\/strong> (inclusive).<\/p>\n\n\n\n<p>Se seleccionar\u00e1n seis proyectos de guiones de personas inscriptas en el Registro Provincial del Audiovisual (RePA), quienes recibir\u00e1n una beca completa para la formaci\u00f3n y trabajo personalizado con tutores que asesorar\u00e1n en la escritura, revisi\u00f3n y correcci\u00f3n de las propuestas de modo que puedan alcanzar potencial para su realizaci\u00f3n.&nbsp;<\/p>\n\n\n\n<p>Las tutor\u00edas estar\u00e1n a cargo de Luciana Porchietto de Buenos Aires, y los misioneros Sergio Acosta y Fernando Pacheco, reconocidos guionistas de amplia trayectoria y formaci\u00f3n, quienes a lo largo de los tres meses de duraci\u00f3n del laboratorio acompa\u00f1ar\u00e1n a lxs participantes.<\/p>\n\n\n\n<p>Uno de los objetivos de esta acci\u00f3n es fortalecer guiones que puedan llegar mejor preparados para concursos como el de Historias Breves del INCAA; as\u00ed como tambi\u00e9n incentivar la participaci\u00f3n y formaci\u00f3n de guionistas mujeres a trav\u00e9s de establecer cupo de g\u00e9nero como criterio de selecci\u00f3n de los proyectos que participar\u00e1n del Laboratorio.<\/p>\n\n\n\n<p>Cabe destacar que, al finalizar el laboratorio, los 6 guiones participantes competir\u00e1n por un premio monetario. Para ello se conformar\u00e1 un jurado integrado por destacados realizadores de nuestro pa\u00eds quienes, adem\u00e1s, ofrecer\u00e1n charlas espec\u00edficas abiertas a la comunidad audiovisual en el marco del 20\u00b0 Festival Internacional de Cortometrajes \u201cOber\u00e1 en Cortos\u201d, y har\u00e1n entrega del premio.<\/p>\n\n\n\n<div style=\"height:39px\" aria-hidden=\"true\" class=\"wp-block-spacer\"><\/div>\n\n\n\n<div class=\"wp-block-buttons is-content-justification-center is-layout-flex wp-container-core-buttons-is-layout-16018d1d wp-block-buttons-is-layout-flex\">\n<div class=\"wp-block-button is-style-outline is-style-outline--1\"><a class=\"wp-block-button__link has-text-align-center wp-element-button\" href=\"https:\/\/docs.google.com\/forms\/d\/e\/1FAIpQLSdTo5Lc83He6vkqI3PHc_ZORQK3qzdDfLqNdQvEMHmS2CIjiQ\/viewform\" style=\"border-radius:12px\">COMPLETAR FORMULARIO<\/a><\/div>\n<\/div>\n\n\n\n<div style=\"height:100px\" aria-hidden=\"true\" class=\"wp-block-spacer\"><\/div>\n","protected":false},"excerpt":{"rendered":"<p>La Gerencia de Capacitaci\u00f3n e Investigaci\u00f3n del Instituto de Artes Audiovisuales de Misiones, con apoyo t\u00e9cnico y financiero del Consejo Federal de Inversiones (CFI), presentan una nueva edici\u00f3n del programa de profesionalizaci\u00f3n &#8220;IAAviM Lab&#8221;. Este a\u00f1o, iniciamos con la apertura de la convocatoria a participar del Laboratorio de Guion para Cortometrajes de Ficci\u00f3n, la cual &hellip;<\/p>\n","protected":false},"author":2,"featured_media":13035,"comment_status":"closed","ping_status":"open","sticky":false,"template":"","format":"standard","meta":{"_acf_changed":false,"footnotes":""},"categories":[34],"tags":[53,359,336,73,933,723,311,1129,133,200],"class_list":["post-13034","post","type-post","status-publish","format-standard","has-post-thumbnail","hentry","category-capacitacion","tag-capacitacion","tag-capacitacion-profesional","tag-cfi","tag-convocatoria","tag-fernando-pacheco","tag-gerencia-de-capacitacion-e-investigacion","tag-iaavim-lab","tag-luciana-porchietto","tag-obera-en-cortos","tag-sergio-acosta"],"acf":[],"yoast_head":"<!-- This site is optimized with the Yoast SEO plugin v27.4 - https:\/\/yoast.com\/product\/yoast-seo-wordpress\/ -->\n<title>Formulario de inscripci\u00f3n -<\/title>\n<meta name=\"robots\" content=\"index, follow, max-snippet:-1, max-image-preview:large, max-video-preview:-1\" \/>\n<link rel=\"canonical\" href=\"https:\/\/www.iaavim.gob.ar\/?p=13034\" \/>\n<meta property=\"og:locale\" content=\"es_ES\" \/>\n<meta property=\"og:type\" content=\"article\" \/>\n<meta property=\"og:title\" content=\"Formulario de inscripci\u00f3n -\" \/>\n<meta property=\"og:description\" content=\"La Gerencia de Capacitaci\u00f3n e Investigaci\u00f3n del Instituto de Artes Audiovisuales de Misiones, con apoyo t\u00e9cnico y financiero del Consejo Federal de Inversiones (CFI), presentan una nueva edici\u00f3n del programa de profesionalizaci\u00f3n &#8220;IAAviM Lab&#8221;. Este a\u00f1o, iniciamos con la apertura de la convocatoria a participar del Laboratorio de Guion para Cortometrajes de Ficci\u00f3n, la cual &hellip;\" \/>\n<meta property=\"og:url\" content=\"https:\/\/www.iaavim.gob.ar\/?p=13034\" \/>\n<meta property=\"article:published_time\" content=\"2023-06-23T16:26:44+00:00\" \/>\n<meta property=\"article:modified_time\" content=\"2023-07-19T14:43:13+00:00\" \/>\n<meta property=\"og:image\" content=\"https:\/\/www.iaavim.gob.ar\/wp-content\/uploads\/2023\/06\/BANNER-LAB-1-1024x577.png\" \/>\n\t<meta property=\"og:image:width\" content=\"1024\" \/>\n\t<meta property=\"og:image:height\" content=\"577\" \/>\n\t<meta property=\"og:image:type\" content=\"image\/png\" \/>\n<meta name=\"author\" content=\"IAAviM\" \/>\n<meta name=\"twitter:card\" content=\"summary_large_image\" \/>\n<meta name=\"twitter:label1\" content=\"Escrito por\" \/>\n\t<meta name=\"twitter:data1\" content=\"IAAviM\" \/>\n\t<meta name=\"twitter:label2\" content=\"Tiempo de lectura\" \/>\n\t<meta name=\"twitter:data2\" content=\"2 minutos\" \/>\n<script type=\"application\/ld+json\" class=\"yoast-schema-graph\">{\"@context\":\"https:\\\/\\\/schema.org\",\"@graph\":[{\"@type\":\"Article\",\"@id\":\"https:\\\/\\\/www.iaavim.gob.ar\\\/?p=13034#article\",\"isPartOf\":{\"@id\":\"https:\\\/\\\/www.iaavim.gob.ar\\\/?p=13034\"},\"author\":{\"name\":\"IAAviM\",\"@id\":\"\\\/#\\\/schema\\\/person\\\/affb351a86bbbb5cdff3011db06ccf85\"},\"headline\":\"Formulario de inscripci\u00f3n\",\"datePublished\":\"2023-06-23T16:26:44+00:00\",\"dateModified\":\"2023-07-19T14:43:13+00:00\",\"mainEntityOfPage\":{\"@id\":\"https:\\\/\\\/www.iaavim.gob.ar\\\/?p=13034\"},\"wordCount\":302,\"publisher\":{\"@id\":\"\\\/#organization\"},\"image\":{\"@id\":\"https:\\\/\\\/www.iaavim.gob.ar\\\/?p=13034#primaryimage\"},\"thumbnailUrl\":\"https:\\\/\\\/www.iaavim.gob.ar\\\/wp-content\\\/uploads\\\/2023\\\/06\\\/BANNER-LAB-1.png\",\"keywords\":[\"capacitaci\u00f3n\",\"capacitaci\u00f3n profesional\",\"CFI\",\"convocatoria\",\"Fernando Pacheco\",\"Gerencia de Capacitaci\u00f3n e Investigaci\u00f3n\",\"IAAviM Lab\",\"Luciana Porchietto\",\"Ober\u00e1 en Cortos\",\"Sergio Acosta\"],\"articleSection\":[\"Capacitaci\u00f3n\"],\"inLanguage\":\"es-AR\"},{\"@type\":\"WebPage\",\"@id\":\"https:\\\/\\\/www.iaavim.gob.ar\\\/?p=13034\",\"url\":\"https:\\\/\\\/www.iaavim.gob.ar\\\/?p=13034\",\"name\":\"Formulario de inscripci\u00f3n -\",\"isPartOf\":{\"@id\":\"\\\/#website\"},\"primaryImageOfPage\":{\"@id\":\"https:\\\/\\\/www.iaavim.gob.ar\\\/?p=13034#primaryimage\"},\"image\":{\"@id\":\"https:\\\/\\\/www.iaavim.gob.ar\\\/?p=13034#primaryimage\"},\"thumbnailUrl\":\"https:\\\/\\\/www.iaavim.gob.ar\\\/wp-content\\\/uploads\\\/2023\\\/06\\\/BANNER-LAB-1.png\",\"datePublished\":\"2023-06-23T16:26:44+00:00\",\"dateModified\":\"2023-07-19T14:43:13+00:00\",\"breadcrumb\":{\"@id\":\"https:\\\/\\\/www.iaavim.gob.ar\\\/?p=13034#breadcrumb\"},\"inLanguage\":\"es-AR\",\"potentialAction\":[{\"@type\":\"ReadAction\",\"target\":[\"https:\\\/\\\/www.iaavim.gob.ar\\\/?p=13034\"]}]},{\"@type\":\"ImageObject\",\"inLanguage\":\"es-AR\",\"@id\":\"https:\\\/\\\/www.iaavim.gob.ar\\\/?p=13034#primaryimage\",\"url\":\"https:\\\/\\\/www.iaavim.gob.ar\\\/wp-content\\\/uploads\\\/2023\\\/06\\\/BANNER-LAB-1.png\",\"contentUrl\":\"https:\\\/\\\/www.iaavim.gob.ar\\\/wp-content\\\/uploads\\\/2023\\\/06\\\/BANNER-LAB-1.png\",\"width\":2500,\"height\":1408},{\"@type\":\"BreadcrumbList\",\"@id\":\"https:\\\/\\\/www.iaavim.gob.ar\\\/?p=13034#breadcrumb\",\"itemListElement\":[{\"@type\":\"ListItem\",\"position\":1,\"name\":\"Inicio\",\"item\":\"https:\\\/\\\/www.iaavim.gob.ar\\\/\"},{\"@type\":\"ListItem\",\"position\":2,\"name\":\"Formulario de inscripci\u00f3n\"}]},{\"@type\":\"WebSite\",\"@id\":\"\\\/#website\",\"url\":\"\\\/\",\"name\":\"\",\"description\":\"Sitio oficial del IAAviM\",\"publisher\":{\"@id\":\"\\\/#organization\"},\"potentialAction\":[{\"@type\":\"SearchAction\",\"target\":{\"@type\":\"EntryPoint\",\"urlTemplate\":\"\\\/?s={search_term_string}\"},\"query-input\":{\"@type\":\"PropertyValueSpecification\",\"valueRequired\":true,\"valueName\":\"search_term_string\"}}],\"inLanguage\":\"es-AR\"},{\"@type\":\"Organization\",\"@id\":\"\\\/#organization\",\"name\":\"Instituto de Artes Audiovisuales de Misiones\",\"url\":\"\\\/\",\"logo\":{\"@type\":\"ImageObject\",\"inLanguage\":\"es-AR\",\"@id\":\"\\\/#\\\/schema\\\/logo\\\/image\\\/\",\"url\":\"https:\\\/\\\/iaavim.misiones.gob.ar\\\/wp-content\\\/uploads\\\/2021\\\/07\\\/logo-iaavim-preview.png.jpg\",\"contentUrl\":\"https:\\\/\\\/iaavim.misiones.gob.ar\\\/wp-content\\\/uploads\\\/2021\\\/07\\\/logo-iaavim-preview.png.jpg\",\"width\":1200,\"height\":675,\"caption\":\"Instituto de Artes Audiovisuales de Misiones\"},\"image\":{\"@id\":\"\\\/#\\\/schema\\\/logo\\\/image\\\/\"}},{\"@type\":\"Person\",\"@id\":\"\\\/#\\\/schema\\\/person\\\/affb351a86bbbb5cdff3011db06ccf85\",\"name\":\"IAAviM\",\"image\":{\"@type\":\"ImageObject\",\"inLanguage\":\"es-AR\",\"@id\":\"https:\\\/\\\/secure.gravatar.com\\\/avatar\\\/6a023e5ff426a571199af5d6ff7996bd89e8be946af83dc1c2624ad66151ed39?s=96&d=blank&r=g\",\"url\":\"https:\\\/\\\/secure.gravatar.com\\\/avatar\\\/6a023e5ff426a571199af5d6ff7996bd89e8be946af83dc1c2624ad66151ed39?s=96&d=blank&r=g\",\"contentUrl\":\"https:\\\/\\\/secure.gravatar.com\\\/avatar\\\/6a023e5ff426a571199af5d6ff7996bd89e8be946af83dc1c2624ad66151ed39?s=96&d=blank&r=g\",\"caption\":\"IAAviM\"},\"url\":\"https:\\\/\\\/www.iaavim.gob.ar\\\/?author=2\"}]}<\/script>\n<!-- \/ Yoast SEO plugin. -->","yoast_head_json":{"title":"Formulario de inscripci\u00f3n -","robots":{"index":"index","follow":"follow","max-snippet":"max-snippet:-1","max-image-preview":"max-image-preview:large","max-video-preview":"max-video-preview:-1"},"canonical":"https:\/\/www.iaavim.gob.ar\/?p=13034","og_locale":"es_ES","og_type":"article","og_title":"Formulario de inscripci\u00f3n -","og_description":"La Gerencia de Capacitaci\u00f3n e Investigaci\u00f3n del Instituto de Artes Audiovisuales de Misiones, con apoyo t\u00e9cnico y financiero del Consejo Federal de Inversiones (CFI), presentan una nueva edici\u00f3n del programa de profesionalizaci\u00f3n &#8220;IAAviM Lab&#8221;. Este a\u00f1o, iniciamos con la apertura de la convocatoria a participar del Laboratorio de Guion para Cortometrajes de Ficci\u00f3n, la cual &hellip;","og_url":"https:\/\/www.iaavim.gob.ar\/?p=13034","article_published_time":"2023-06-23T16:26:44+00:00","article_modified_time":"2023-07-19T14:43:13+00:00","og_image":[{"width":1024,"height":577,"url":"https:\/\/www.iaavim.gob.ar\/wp-content\/uploads\/2023\/06\/BANNER-LAB-1-1024x577.png","type":"image\/png"}],"author":"IAAviM","twitter_card":"summary_large_image","twitter_misc":{"Escrito por":"IAAviM","Tiempo de lectura":"2 minutos"},"schema":{"@context":"https:\/\/schema.org","@graph":[{"@type":"Article","@id":"https:\/\/www.iaavim.gob.ar\/?p=13034#article","isPartOf":{"@id":"https:\/\/www.iaavim.gob.ar\/?p=13034"},"author":{"name":"IAAviM","@id":"\/#\/schema\/person\/affb351a86bbbb5cdff3011db06ccf85"},"headline":"Formulario de inscripci\u00f3n","datePublished":"2023-06-23T16:26:44+00:00","dateModified":"2023-07-19T14:43:13+00:00","mainEntityOfPage":{"@id":"https:\/\/www.iaavim.gob.ar\/?p=13034"},"wordCount":302,"publisher":{"@id":"\/#organization"},"image":{"@id":"https:\/\/www.iaavim.gob.ar\/?p=13034#primaryimage"},"thumbnailUrl":"https:\/\/www.iaavim.gob.ar\/wp-content\/uploads\/2023\/06\/BANNER-LAB-1.png","keywords":["capacitaci\u00f3n","capacitaci\u00f3n profesional","CFI","convocatoria","Fernando Pacheco","Gerencia de Capacitaci\u00f3n e Investigaci\u00f3n","IAAviM Lab","Luciana Porchietto","Ober\u00e1 en Cortos","Sergio Acosta"],"articleSection":["Capacitaci\u00f3n"],"inLanguage":"es-AR"},{"@type":"WebPage","@id":"https:\/\/www.iaavim.gob.ar\/?p=13034","url":"https:\/\/www.iaavim.gob.ar\/?p=13034","name":"Formulario de inscripci\u00f3n -","isPartOf":{"@id":"\/#website"},"primaryImageOfPage":{"@id":"https:\/\/www.iaavim.gob.ar\/?p=13034#primaryimage"},"image":{"@id":"https:\/\/www.iaavim.gob.ar\/?p=13034#primaryimage"},"thumbnailUrl":"https:\/\/www.iaavim.gob.ar\/wp-content\/uploads\/2023\/06\/BANNER-LAB-1.png","datePublished":"2023-06-23T16:26:44+00:00","dateModified":"2023-07-19T14:43:13+00:00","breadcrumb":{"@id":"https:\/\/www.iaavim.gob.ar\/?p=13034#breadcrumb"},"inLanguage":"es-AR","potentialAction":[{"@type":"ReadAction","target":["https:\/\/www.iaavim.gob.ar\/?p=13034"]}]},{"@type":"ImageObject","inLanguage":"es-AR","@id":"https:\/\/www.iaavim.gob.ar\/?p=13034#primaryimage","url":"https:\/\/www.iaavim.gob.ar\/wp-content\/uploads\/2023\/06\/BANNER-LAB-1.png","contentUrl":"https:\/\/www.iaavim.gob.ar\/wp-content\/uploads\/2023\/06\/BANNER-LAB-1.png","width":2500,"height":1408},{"@type":"BreadcrumbList","@id":"https:\/\/www.iaavim.gob.ar\/?p=13034#breadcrumb","itemListElement":[{"@type":"ListItem","position":1,"name":"Inicio","item":"https:\/\/www.iaavim.gob.ar\/"},{"@type":"ListItem","position":2,"name":"Formulario de inscripci\u00f3n"}]},{"@type":"WebSite","@id":"\/#website","url":"\/","name":"","description":"Sitio oficial del IAAviM","publisher":{"@id":"\/#organization"},"potentialAction":[{"@type":"SearchAction","target":{"@type":"EntryPoint","urlTemplate":"\/?s={search_term_string}"},"query-input":{"@type":"PropertyValueSpecification","valueRequired":true,"valueName":"search_term_string"}}],"inLanguage":"es-AR"},{"@type":"Organization","@id":"\/#organization","name":"Instituto de Artes Audiovisuales de Misiones","url":"\/","logo":{"@type":"ImageObject","inLanguage":"es-AR","@id":"\/#\/schema\/logo\/image\/","url":"https:\/\/iaavim.misiones.gob.ar\/wp-content\/uploads\/2021\/07\/logo-iaavim-preview.png.jpg","contentUrl":"https:\/\/iaavim.misiones.gob.ar\/wp-content\/uploads\/2021\/07\/logo-iaavim-preview.png.jpg","width":1200,"height":675,"caption":"Instituto de Artes Audiovisuales de Misiones"},"image":{"@id":"\/#\/schema\/logo\/image\/"}},{"@type":"Person","@id":"\/#\/schema\/person\/affb351a86bbbb5cdff3011db06ccf85","name":"IAAviM","image":{"@type":"ImageObject","inLanguage":"es-AR","@id":"https:\/\/secure.gravatar.com\/avatar\/6a023e5ff426a571199af5d6ff7996bd89e8be946af83dc1c2624ad66151ed39?s=96&d=blank&r=g","url":"https:\/\/secure.gravatar.com\/avatar\/6a023e5ff426a571199af5d6ff7996bd89e8be946af83dc1c2624ad66151ed39?s=96&d=blank&r=g","contentUrl":"https:\/\/secure.gravatar.com\/avatar\/6a023e5ff426a571199af5d6ff7996bd89e8be946af83dc1c2624ad66151ed39?s=96&d=blank&r=g","caption":"IAAviM"},"url":"https:\/\/www.iaavim.gob.ar\/?author=2"}]}},"amp_enabled":true,"_links":{"self":[{"href":"https:\/\/www.iaavim.gob.ar\/index.php?rest_route=\/wp\/v2\/posts\/13034","targetHints":{"allow":["GET"]}}],"collection":[{"href":"https:\/\/www.iaavim.gob.ar\/index.php?rest_route=\/wp\/v2\/posts"}],"about":[{"href":"https:\/\/www.iaavim.gob.ar\/index.php?rest_route=\/wp\/v2\/types\/post"}],"author":[{"embeddable":true,"href":"https:\/\/www.iaavim.gob.ar\/index.php?rest_route=\/wp\/v2\/users\/2"}],"replies":[{"embeddable":true,"href":"https:\/\/www.iaavim.gob.ar\/index.php?rest_route=%2Fwp%2Fv2%2Fcomments&post=13034"}],"version-history":[{"count":3,"href":"https:\/\/www.iaavim.gob.ar\/index.php?rest_route=\/wp\/v2\/posts\/13034\/revisions"}],"predecessor-version":[{"id":13039,"href":"https:\/\/www.iaavim.gob.ar\/index.php?rest_route=\/wp\/v2\/posts\/13034\/revisions\/13039"}],"wp:featuredmedia":[{"embeddable":true,"href":"https:\/\/www.iaavim.gob.ar\/index.php?rest_route=\/wp\/v2\/media\/13035"}],"wp:attachment":[{"href":"https:\/\/www.iaavim.gob.ar\/index.php?rest_route=%2Fwp%2Fv2%2Fmedia&parent=13034"}],"wp:term":[{"taxonomy":"category","embeddable":true,"href":"https:\/\/www.iaavim.gob.ar\/index.php?rest_route=%2Fwp%2Fv2%2Fcategories&post=13034"},{"taxonomy":"post_tag","embeddable":true,"href":"https:\/\/www.iaavim.gob.ar\/index.php?rest_route=%2Fwp%2Fv2%2Ftags&post=13034"}],"curies":[{"name":"wp","href":"https:\/\/api.w.org\/{rel}","templated":true}]}}