{"id":12845,"date":"2023-04-11T12:45:30","date_gmt":"2023-04-11T15:45:30","guid":{"rendered":"https:\/\/www.iaavim.gob.ar\/?p=12845"},"modified":"2023-04-11T12:45:32","modified_gmt":"2023-04-11T15:45:32","slug":"cortometrajes-misioneros-del-cine-joven-comunitario-se-exhibieron-en-el-gaumont","status":"publish","type":"post","link":"https:\/\/www.iaavim.gob.ar\/?p=12845","title":{"rendered":"<strong>Cortometrajes misioneros del Cine Joven Comunitario se exhibieron en el Gaumont<\/strong>"},"content":{"rendered":"\n<p>Cortometrajes realizados en los talleres del <strong>Cine Joven Comunitario<\/strong>, programa del Instituto de Artes Audiovisuales de Misiones -IAAviM- se presentaron este lunes en el cine Gaumont de CABA, como parte de la <strong>primera muestra organizada por la Red Argentina de Cine Comunitario -RACC-<\/strong>. En ese marco se realiz\u00f3 tambi\u00e9n el lanzamiento del <strong>Programa \u201cFernando Birri\u201d para el fortalecimiento del cine comunitario del INCAA<\/strong>, a cargo de Nicol\u00e1s Batlle, presidente del Instituto nacional y del ministro de Cultura de la Naci\u00f3n, Trist\u00e1n Bauer.<\/p>\n\n\n\n<p>La muestra estuvo conformada por 17 cortometrajes de todo el pa\u00eds, entre ellos tres misioneros: <strong>\u201cUna crisis anunciada\u201d<\/strong> realizado por integrantes del taller de Arist\u00f3bulo del Valle en 2021, que busca promover el cuidado del ambiente mostrando a su vez las consecuencias de haber descuidado al planeta; <strong>\u201cEl jardinero de la loma encantada\u201d<\/strong>, filmado en 2018 en El Soberbio, que relata la vida de Irineo, un hombre humilde y generoso que es amante de las plantas y de la naturaleza; y<strong> \u201cEscarbando en la tierra\u201d<\/strong>, rodado en Puerto Iguaz\u00fa en 2021, que habla sobre los problemas sociales que son causa de la deserci\u00f3n educativa en j\u00f3venes.\u00a0<\/p>\n\n\n\n<p>Esta exhibici\u00f3n fue el cierre del <strong>Primer Encuentro Plurinacional de Cine Comunitario Argentino<\/strong> que se desarroll\u00f3 desde el s\u00e1bado 8 en la localidad bonaerense de Claypole, en el que tambi\u00e9n participaron representantes de C\u00f3rdoba, La Rioja, Rio Negro, Buenos Aires, Jujuy, CABA y Santa Fe. \u201cSe realizaron charlas sobre metodolog\u00eda y estrategias, sobre todas las formas de exhibir como ser cine clubes, salas, en los barrios, escuelas, etc., tambi\u00e9n sobre est\u00e9ticas, gram\u00e1ticas y m\u00e9todos de los cines comunitarios\u201d, manifest\u00f3<strong> Ver\u00f3nica Fulquet<\/strong>, jefa del Departamento de Producci\u00f3n Comunitaria del IAAviM e integrante de la RACC. \u201cEn general, en la din\u00e1mica de las charlas hubo debate, reflexi\u00f3n y construcci\u00f3n en grupo; es decir, puestas en com\u00fan de lo discutido colectivamente\u201d.<\/p>\n\n\n\n<p><strong>Kevin Ruppel<\/strong>, tallerista del programa de CJC de Arist\u00f3bulo del Valle, particip\u00f3 del encuentro y de la primera muestra de cine comunitario. \u201cPara m\u00ed es un orgullo muy grande poder presentar nuestras obras en una sala con tanto prestigio como la sala Leonardo Favio del Cine Gaumont\u201d, afirm\u00f3 al tiempo que se mostr\u00f3 orgulloso por representar a Misiones en una jornada hist\u00f3rica para el sector. Tambi\u00e9n participaron por la provincia, <strong>Dar\u00edo Su\u00e1rez<\/strong> y <strong>Jorge Avellaneda<\/strong> del taller de CJC de Ap\u00f3stoles.<\/p>\n\n\n\n<p>La realizaci\u00f3n del primer encuentro, sumado a la presentaci\u00f3n del programa Fernando Birri, son indicadores de la relevancia que ha tomado el cine comunitario dentro de las organizaciones que promueven la actividad audiovisual. En este contexto, el impulso dado por la RACC fue esencial para la concreci\u00f3n de nuevas pol\u00edticas p\u00fablicas.&nbsp;<\/p>\n\n\n\n<p>\u201cSiento felicidad por el reconocimiento del Instituto Nacional de Cine hacia el sector comunitario. Implica saber que se puede trabajar en conjunto, que cada una de las provincias y que cada uno de los colectivos que vienen trabajando hace mucho tiempo en el cine comunitario pueden dar sus voces y plantear l\u00edneas de fomento para que se generen pol\u00edticas p\u00fablicas y el Estado trabaje en conjunto con el territorio y no creando programas que sean de dif\u00edcil accesibilidad. Esto es importante en especial para un sector que trabaja con el territorio puntualmente y con cada una de las problem\u00e1ticas y vicisitudes que tiene cada comunidad. Eso es lo que estamos hoy celebrando: el comienzo de algo que esperamos sea por muchos a\u00f1os\u201d, concluy\u00f3 Fulquet.<\/p>\n\n\n\n<p>En este sentido, el INCAA comunic\u00f3 que \u201cla creaci\u00f3n del Programa Fernando Birri para el fortalecimiento del cine comunitario surge en concordancia con el notable crecimiento de expresiones audiovisuales comunitarias\u201d. A trav\u00e9s del programa, se implementar\u00e1 una bater\u00eda de acciones destinadas a fortalecer las relaciones del INCAA con la comunidad y la industria audiovisual en todo el territorio nacional, y buscar\u00e1 mejorar las pol\u00edticas ya existentes dirigidas a la producci\u00f3n audiovisual comunitaria. El mismo incluye el fomento a la producci\u00f3n, distribuci\u00f3n, exhibici\u00f3n y puesta en valor de las expresiones audiovisuales.<\/p>\n\n\n\n<div style=\"height:32px\" aria-hidden=\"true\" class=\"wp-block-spacer\"><\/div>\n\n\n\n<figure class=\"wp-block-gallery has-nested-images columns-default is-cropped wp-block-gallery-1 is-layout-flex wp-block-gallery-is-layout-flex\">\n<figure class=\"wp-block-image size-large\"><img loading=\"lazy\" decoding=\"async\" width=\"1024\" height=\"683\" data-id=\"12854\" src=\"https:\/\/www.iaavim.gob.ar\/wp-content\/uploads\/2023\/04\/cine-comunitario_52808457234_o-1024x683.jpg\" alt=\"\" class=\"wp-image-12854\" srcset=\"https:\/\/www.iaavim.gob.ar\/wp-content\/uploads\/2023\/04\/cine-comunitario_52808457234_o-1024x683.jpg 1024w, https:\/\/www.iaavim.gob.ar\/wp-content\/uploads\/2023\/04\/cine-comunitario_52808457234_o-300x200.jpg 300w, https:\/\/www.iaavim.gob.ar\/wp-content\/uploads\/2023\/04\/cine-comunitario_52808457234_o-768x512.jpg 768w, https:\/\/www.iaavim.gob.ar\/wp-content\/uploads\/2023\/04\/cine-comunitario_52808457234_o-1536x1025.jpg 1536w, https:\/\/www.iaavim.gob.ar\/wp-content\/uploads\/2023\/04\/cine-comunitario_52808457234_o.jpg 1920w\" sizes=\"auto, (max-width: 1024px) 100vw, 1024px\" \/><\/figure>\n\n\n\n<figure class=\"wp-block-image size-large\"><img loading=\"lazy\" decoding=\"async\" width=\"1024\" height=\"683\" data-id=\"12852\" src=\"https:\/\/www.iaavim.gob.ar\/wp-content\/uploads\/2023\/04\/cine-comunitario_52808704698_o-1024x683.jpg\" alt=\"\" class=\"wp-image-12852\" srcset=\"https:\/\/www.iaavim.gob.ar\/wp-content\/uploads\/2023\/04\/cine-comunitario_52808704698_o-1024x683.jpg 1024w, https:\/\/www.iaavim.gob.ar\/wp-content\/uploads\/2023\/04\/cine-comunitario_52808704698_o-300x200.jpg 300w, https:\/\/www.iaavim.gob.ar\/wp-content\/uploads\/2023\/04\/cine-comunitario_52808704698_o-768x512.jpg 768w, https:\/\/www.iaavim.gob.ar\/wp-content\/uploads\/2023\/04\/cine-comunitario_52808704698_o-1536x1025.jpg 1536w, https:\/\/www.iaavim.gob.ar\/wp-content\/uploads\/2023\/04\/cine-comunitario_52808704698_o.jpg 1920w\" sizes=\"auto, (max-width: 1024px) 100vw, 1024px\" \/><\/figure>\n\n\n\n<figure class=\"wp-block-image size-large\"><img loading=\"lazy\" decoding=\"async\" width=\"1024\" height=\"683\" data-id=\"12849\" src=\"https:\/\/www.iaavim.gob.ar\/wp-content\/uploads\/2023\/04\/cine-comunitario_52808660400_o-1024x683.jpg\" alt=\"\" class=\"wp-image-12849\" srcset=\"https:\/\/www.iaavim.gob.ar\/wp-content\/uploads\/2023\/04\/cine-comunitario_52808660400_o-1024x683.jpg 1024w, https:\/\/www.iaavim.gob.ar\/wp-content\/uploads\/2023\/04\/cine-comunitario_52808660400_o-300x200.jpg 300w, https:\/\/www.iaavim.gob.ar\/wp-content\/uploads\/2023\/04\/cine-comunitario_52808660400_o-768x512.jpg 768w, https:\/\/www.iaavim.gob.ar\/wp-content\/uploads\/2023\/04\/cine-comunitario_52808660400_o-1536x1025.jpg 1536w, https:\/\/www.iaavim.gob.ar\/wp-content\/uploads\/2023\/04\/cine-comunitario_52808660400_o.jpg 1920w\" sizes=\"auto, (max-width: 1024px) 100vw, 1024px\" \/><\/figure>\n\n\n\n<figure class=\"wp-block-image size-large\"><img loading=\"lazy\" decoding=\"async\" width=\"1024\" height=\"683\" data-id=\"12850\" src=\"https:\/\/www.iaavim.gob.ar\/wp-content\/uploads\/2023\/04\/cine-comunitario_52808456894_o-1024x683.jpg\" alt=\"\" class=\"wp-image-12850\" srcset=\"https:\/\/www.iaavim.gob.ar\/wp-content\/uploads\/2023\/04\/cine-comunitario_52808456894_o-1024x683.jpg 1024w, https:\/\/www.iaavim.gob.ar\/wp-content\/uploads\/2023\/04\/cine-comunitario_52808456894_o-300x200.jpg 300w, https:\/\/www.iaavim.gob.ar\/wp-content\/uploads\/2023\/04\/cine-comunitario_52808456894_o-768x512.jpg 768w, https:\/\/www.iaavim.gob.ar\/wp-content\/uploads\/2023\/04\/cine-comunitario_52808456894_o-1536x1025.jpg 1536w, https:\/\/www.iaavim.gob.ar\/wp-content\/uploads\/2023\/04\/cine-comunitario_52808456894_o.jpg 1920w\" sizes=\"auto, (max-width: 1024px) 100vw, 1024px\" \/><\/figure>\n\n\n\n<figure class=\"wp-block-image size-large\"><img loading=\"lazy\" decoding=\"async\" width=\"1024\" height=\"683\" data-id=\"12848\" src=\"https:\/\/www.iaavim.gob.ar\/wp-content\/uploads\/2023\/04\/cine-comunitario_52808254066_o-1024x683.jpg\" alt=\"\" class=\"wp-image-12848\" srcset=\"https:\/\/www.iaavim.gob.ar\/wp-content\/uploads\/2023\/04\/cine-comunitario_52808254066_o-1024x683.jpg 1024w, https:\/\/www.iaavim.gob.ar\/wp-content\/uploads\/2023\/04\/cine-comunitario_52808254066_o-300x200.jpg 300w, https:\/\/www.iaavim.gob.ar\/wp-content\/uploads\/2023\/04\/cine-comunitario_52808254066_o-768x512.jpg 768w, https:\/\/www.iaavim.gob.ar\/wp-content\/uploads\/2023\/04\/cine-comunitario_52808254066_o-1536x1025.jpg 1536w, https:\/\/www.iaavim.gob.ar\/wp-content\/uploads\/2023\/04\/cine-comunitario_52808254066_o.jpg 1920w\" sizes=\"auto, (max-width: 1024px) 100vw, 1024px\" \/><\/figure>\n\n\n\n<figure class=\"wp-block-image size-large\"><img loading=\"lazy\" decoding=\"async\" width=\"1024\" height=\"683\" data-id=\"12853\" src=\"https:\/\/www.iaavim.gob.ar\/wp-content\/uploads\/2023\/04\/cine-comunitario_52808253791_o-1024x683.jpg\" alt=\"\" class=\"wp-image-12853\" srcset=\"https:\/\/www.iaavim.gob.ar\/wp-content\/uploads\/2023\/04\/cine-comunitario_52808253791_o-1024x683.jpg 1024w, https:\/\/www.iaavim.gob.ar\/wp-content\/uploads\/2023\/04\/cine-comunitario_52808253791_o-300x200.jpg 300w, https:\/\/www.iaavim.gob.ar\/wp-content\/uploads\/2023\/04\/cine-comunitario_52808253791_o-768x512.jpg 768w, https:\/\/www.iaavim.gob.ar\/wp-content\/uploads\/2023\/04\/cine-comunitario_52808253791_o-1536x1025.jpg 1536w, https:\/\/www.iaavim.gob.ar\/wp-content\/uploads\/2023\/04\/cine-comunitario_52808253791_o.jpg 1920w\" sizes=\"auto, (max-width: 1024px) 100vw, 1024px\" \/><\/figure>\n\n\n\n<figure class=\"wp-block-image size-large\"><img loading=\"lazy\" decoding=\"async\" width=\"1024\" height=\"683\" data-id=\"12851\" src=\"https:\/\/www.iaavim.gob.ar\/wp-content\/uploads\/2023\/04\/cine-comunitario_52807696182_o-1024x683.jpg\" alt=\"\" class=\"wp-image-12851\" srcset=\"https:\/\/www.iaavim.gob.ar\/wp-content\/uploads\/2023\/04\/cine-comunitario_52807696182_o-1024x683.jpg 1024w, https:\/\/www.iaavim.gob.ar\/wp-content\/uploads\/2023\/04\/cine-comunitario_52807696182_o-300x200.jpg 300w, https:\/\/www.iaavim.gob.ar\/wp-content\/uploads\/2023\/04\/cine-comunitario_52807696182_o-768x512.jpg 768w, https:\/\/www.iaavim.gob.ar\/wp-content\/uploads\/2023\/04\/cine-comunitario_52807696182_o-1536x1025.jpg 1536w, https:\/\/www.iaavim.gob.ar\/wp-content\/uploads\/2023\/04\/cine-comunitario_52807696182_o.jpg 1920w\" sizes=\"auto, (max-width: 1024px) 100vw, 1024px\" \/><\/figure>\n<\/figure>\n\n\n\n<p><\/p>\n","protected":false},"excerpt":{"rendered":"<p>Cortometrajes realizados en los talleres del Cine Joven Comunitario, programa del Instituto de Artes Audiovisuales de Misiones -IAAviM- se presentaron este lunes en el cine Gaumont de CABA, como parte de la primera muestra organizada por la Red Argentina de Cine Comunitario -RACC-. En ese marco se realiz\u00f3 tambi\u00e9n el lanzamiento del Programa \u201cFernando Birri\u201d &hellip;<\/p>\n","protected":false},"author":2,"featured_media":12846,"comment_status":"closed","ping_status":"open","sticky":false,"template":"","format":"standard","meta":{"_acf_changed":false,"footnotes":""},"categories":[39],"tags":[811,1085,62,1088,110,1087,1086,744],"class_list":["post-12845","post","type-post","status-publish","format-standard","has-post-thumbnail","hentry","category-noticias-del-iaavim","tag-cine-comunitario","tag-cine-gaumont","tag-cine-joven-comunitario-iaavim","tag-dario-suarez","tag-incaa","tag-kevin-ruppel","tag-programa-fernando-birri","tag-veronica-fulquet"],"acf":[],"yoast_head":"<!-- This site is optimized with the Yoast SEO plugin v27.4 - https:\/\/yoast.com\/product\/yoast-seo-wordpress\/ -->\n<title>Cortometrajes misioneros del Cine Joven Comunitario se exhibieron en el Gaumont -<\/title>\n<meta name=\"robots\" content=\"index, follow, max-snippet:-1, max-image-preview:large, max-video-preview:-1\" \/>\n<link rel=\"canonical\" href=\"https:\/\/www.iaavim.gob.ar\/?p=12845\" \/>\n<meta property=\"og:locale\" content=\"es_ES\" \/>\n<meta property=\"og:type\" content=\"article\" \/>\n<meta property=\"og:title\" content=\"Cortometrajes misioneros del Cine Joven Comunitario se exhibieron en el Gaumont -\" \/>\n<meta property=\"og:description\" content=\"Cortometrajes realizados en los talleres del Cine Joven Comunitario, programa del Instituto de Artes Audiovisuales de Misiones -IAAviM- se presentaron este lunes en el cine Gaumont de CABA, como parte de la primera muestra organizada por la Red Argentina de Cine Comunitario -RACC-. En ese marco se realiz\u00f3 tambi\u00e9n el lanzamiento del Programa \u201cFernando Birri\u201d &hellip;\" \/>\n<meta property=\"og:url\" content=\"https:\/\/www.iaavim.gob.ar\/?p=12845\" \/>\n<meta property=\"article:published_time\" content=\"2023-04-11T15:45:30+00:00\" \/>\n<meta property=\"article:modified_time\" content=\"2023-04-11T15:45:32+00:00\" \/>\n<meta property=\"og:image\" content=\"https:\/\/www.iaavim.gob.ar\/wp-content\/uploads\/2023\/04\/NEW-portada-sitio-1200x480-12.png\" \/>\n\t<meta property=\"og:image:width\" content=\"1200\" \/>\n\t<meta property=\"og:image:height\" content=\"480\" \/>\n\t<meta property=\"og:image:type\" content=\"image\/png\" \/>\n<meta name=\"author\" content=\"IAAviM\" \/>\n<meta name=\"twitter:card\" content=\"summary_large_image\" \/>\n<meta name=\"twitter:label1\" content=\"Escrito por\" \/>\n\t<meta name=\"twitter:data1\" content=\"IAAviM\" \/>\n\t<meta name=\"twitter:label2\" content=\"Tiempo de lectura\" \/>\n\t<meta name=\"twitter:data2\" content=\"5 minutos\" \/>\n<script type=\"application\/ld+json\" class=\"yoast-schema-graph\">{\"@context\":\"https:\\\/\\\/schema.org\",\"@graph\":[{\"@type\":\"Article\",\"@id\":\"https:\\\/\\\/www.iaavim.gob.ar\\\/?p=12845#article\",\"isPartOf\":{\"@id\":\"https:\\\/\\\/www.iaavim.gob.ar\\\/?p=12845\"},\"author\":{\"name\":\"IAAviM\",\"@id\":\"\\\/#\\\/schema\\\/person\\\/affb351a86bbbb5cdff3011db06ccf85\"},\"headline\":\"Cortometrajes misioneros del Cine Joven Comunitario se exhibieron en el Gaumont\",\"datePublished\":\"2023-04-11T15:45:30+00:00\",\"dateModified\":\"2023-04-11T15:45:32+00:00\",\"mainEntityOfPage\":{\"@id\":\"https:\\\/\\\/www.iaavim.gob.ar\\\/?p=12845\"},\"wordCount\":707,\"publisher\":{\"@id\":\"\\\/#organization\"},\"image\":{\"@id\":\"https:\\\/\\\/www.iaavim.gob.ar\\\/?p=12845#primaryimage\"},\"thumbnailUrl\":\"https:\\\/\\\/www.iaavim.gob.ar\\\/wp-content\\\/uploads\\\/2023\\\/04\\\/NEW-portada-sitio-1200x480-12.png\",\"keywords\":[\"Cine Comunitario\",\"Cine Gaumont\",\"Cine Joven Comunitario - IAAviM\",\"Dar\u00edo Su\u00e1rez\",\"incaa\",\"Kevin Ruppel\",\"Programa Fernando Birri\",\"Ver\u00f3nica Fulquet\"],\"articleSection\":[\"Noticias del IAAviM\"],\"inLanguage\":\"es-AR\"},{\"@type\":\"WebPage\",\"@id\":\"https:\\\/\\\/www.iaavim.gob.ar\\\/?p=12845\",\"url\":\"https:\\\/\\\/www.iaavim.gob.ar\\\/?p=12845\",\"name\":\"Cortometrajes misioneros del Cine Joven Comunitario se exhibieron en el Gaumont -\",\"isPartOf\":{\"@id\":\"\\\/#website\"},\"primaryImageOfPage\":{\"@id\":\"https:\\\/\\\/www.iaavim.gob.ar\\\/?p=12845#primaryimage\"},\"image\":{\"@id\":\"https:\\\/\\\/www.iaavim.gob.ar\\\/?p=12845#primaryimage\"},\"thumbnailUrl\":\"https:\\\/\\\/www.iaavim.gob.ar\\\/wp-content\\\/uploads\\\/2023\\\/04\\\/NEW-portada-sitio-1200x480-12.png\",\"datePublished\":\"2023-04-11T15:45:30+00:00\",\"dateModified\":\"2023-04-11T15:45:32+00:00\",\"breadcrumb\":{\"@id\":\"https:\\\/\\\/www.iaavim.gob.ar\\\/?p=12845#breadcrumb\"},\"inLanguage\":\"es-AR\",\"potentialAction\":[{\"@type\":\"ReadAction\",\"target\":[\"https:\\\/\\\/www.iaavim.gob.ar\\\/?p=12845\"]}]},{\"@type\":\"ImageObject\",\"inLanguage\":\"es-AR\",\"@id\":\"https:\\\/\\\/www.iaavim.gob.ar\\\/?p=12845#primaryimage\",\"url\":\"https:\\\/\\\/www.iaavim.gob.ar\\\/wp-content\\\/uploads\\\/2023\\\/04\\\/NEW-portada-sitio-1200x480-12.png\",\"contentUrl\":\"https:\\\/\\\/www.iaavim.gob.ar\\\/wp-content\\\/uploads\\\/2023\\\/04\\\/NEW-portada-sitio-1200x480-12.png\",\"width\":1200,\"height\":480},{\"@type\":\"BreadcrumbList\",\"@id\":\"https:\\\/\\\/www.iaavim.gob.ar\\\/?p=12845#breadcrumb\",\"itemListElement\":[{\"@type\":\"ListItem\",\"position\":1,\"name\":\"Inicio\",\"item\":\"https:\\\/\\\/www.iaavim.gob.ar\\\/\"},{\"@type\":\"ListItem\",\"position\":2,\"name\":\"Cortometrajes misioneros del Cine Joven Comunitario se exhibieron en el Gaumont\"}]},{\"@type\":\"WebSite\",\"@id\":\"\\\/#website\",\"url\":\"\\\/\",\"name\":\"\",\"description\":\"Sitio oficial del IAAviM\",\"publisher\":{\"@id\":\"\\\/#organization\"},\"potentialAction\":[{\"@type\":\"SearchAction\",\"target\":{\"@type\":\"EntryPoint\",\"urlTemplate\":\"\\\/?s={search_term_string}\"},\"query-input\":{\"@type\":\"PropertyValueSpecification\",\"valueRequired\":true,\"valueName\":\"search_term_string\"}}],\"inLanguage\":\"es-AR\"},{\"@type\":\"Organization\",\"@id\":\"\\\/#organization\",\"name\":\"Instituto de Artes Audiovisuales de Misiones\",\"url\":\"\\\/\",\"logo\":{\"@type\":\"ImageObject\",\"inLanguage\":\"es-AR\",\"@id\":\"\\\/#\\\/schema\\\/logo\\\/image\\\/\",\"url\":\"https:\\\/\\\/iaavim.misiones.gob.ar\\\/wp-content\\\/uploads\\\/2021\\\/07\\\/logo-iaavim-preview.png.jpg\",\"contentUrl\":\"https:\\\/\\\/iaavim.misiones.gob.ar\\\/wp-content\\\/uploads\\\/2021\\\/07\\\/logo-iaavim-preview.png.jpg\",\"width\":1200,\"height\":675,\"caption\":\"Instituto de Artes Audiovisuales de Misiones\"},\"image\":{\"@id\":\"\\\/#\\\/schema\\\/logo\\\/image\\\/\"}},{\"@type\":\"Person\",\"@id\":\"\\\/#\\\/schema\\\/person\\\/affb351a86bbbb5cdff3011db06ccf85\",\"name\":\"IAAviM\",\"image\":{\"@type\":\"ImageObject\",\"inLanguage\":\"es-AR\",\"@id\":\"https:\\\/\\\/secure.gravatar.com\\\/avatar\\\/6a023e5ff426a571199af5d6ff7996bd89e8be946af83dc1c2624ad66151ed39?s=96&d=blank&r=g\",\"url\":\"https:\\\/\\\/secure.gravatar.com\\\/avatar\\\/6a023e5ff426a571199af5d6ff7996bd89e8be946af83dc1c2624ad66151ed39?s=96&d=blank&r=g\",\"contentUrl\":\"https:\\\/\\\/secure.gravatar.com\\\/avatar\\\/6a023e5ff426a571199af5d6ff7996bd89e8be946af83dc1c2624ad66151ed39?s=96&d=blank&r=g\",\"caption\":\"IAAviM\"},\"url\":\"https:\\\/\\\/www.iaavim.gob.ar\\\/?author=2\"}]}<\/script>\n<!-- \/ Yoast SEO plugin. -->","yoast_head_json":{"title":"Cortometrajes misioneros del Cine Joven Comunitario se exhibieron en el Gaumont -","robots":{"index":"index","follow":"follow","max-snippet":"max-snippet:-1","max-image-preview":"max-image-preview:large","max-video-preview":"max-video-preview:-1"},"canonical":"https:\/\/www.iaavim.gob.ar\/?p=12845","og_locale":"es_ES","og_type":"article","og_title":"Cortometrajes misioneros del Cine Joven Comunitario se exhibieron en el Gaumont -","og_description":"Cortometrajes realizados en los talleres del Cine Joven Comunitario, programa del Instituto de Artes Audiovisuales de Misiones -IAAviM- se presentaron este lunes en el cine Gaumont de CABA, como parte de la primera muestra organizada por la Red Argentina de Cine Comunitario -RACC-. En ese marco se realiz\u00f3 tambi\u00e9n el lanzamiento del Programa \u201cFernando Birri\u201d &hellip;","og_url":"https:\/\/www.iaavim.gob.ar\/?p=12845","article_published_time":"2023-04-11T15:45:30+00:00","article_modified_time":"2023-04-11T15:45:32+00:00","og_image":[{"width":1200,"height":480,"url":"https:\/\/www.iaavim.gob.ar\/wp-content\/uploads\/2023\/04\/NEW-portada-sitio-1200x480-12.png","type":"image\/png"}],"author":"IAAviM","twitter_card":"summary_large_image","twitter_misc":{"Escrito por":"IAAviM","Tiempo de lectura":"5 minutos"},"schema":{"@context":"https:\/\/schema.org","@graph":[{"@type":"Article","@id":"https:\/\/www.iaavim.gob.ar\/?p=12845#article","isPartOf":{"@id":"https:\/\/www.iaavim.gob.ar\/?p=12845"},"author":{"name":"IAAviM","@id":"\/#\/schema\/person\/affb351a86bbbb5cdff3011db06ccf85"},"headline":"Cortometrajes misioneros del Cine Joven Comunitario se exhibieron en el Gaumont","datePublished":"2023-04-11T15:45:30+00:00","dateModified":"2023-04-11T15:45:32+00:00","mainEntityOfPage":{"@id":"https:\/\/www.iaavim.gob.ar\/?p=12845"},"wordCount":707,"publisher":{"@id":"\/#organization"},"image":{"@id":"https:\/\/www.iaavim.gob.ar\/?p=12845#primaryimage"},"thumbnailUrl":"https:\/\/www.iaavim.gob.ar\/wp-content\/uploads\/2023\/04\/NEW-portada-sitio-1200x480-12.png","keywords":["Cine Comunitario","Cine Gaumont","Cine Joven Comunitario - IAAviM","Dar\u00edo Su\u00e1rez","incaa","Kevin Ruppel","Programa Fernando Birri","Ver\u00f3nica Fulquet"],"articleSection":["Noticias del IAAviM"],"inLanguage":"es-AR"},{"@type":"WebPage","@id":"https:\/\/www.iaavim.gob.ar\/?p=12845","url":"https:\/\/www.iaavim.gob.ar\/?p=12845","name":"Cortometrajes misioneros del Cine Joven Comunitario se exhibieron en el Gaumont -","isPartOf":{"@id":"\/#website"},"primaryImageOfPage":{"@id":"https:\/\/www.iaavim.gob.ar\/?p=12845#primaryimage"},"image":{"@id":"https:\/\/www.iaavim.gob.ar\/?p=12845#primaryimage"},"thumbnailUrl":"https:\/\/www.iaavim.gob.ar\/wp-content\/uploads\/2023\/04\/NEW-portada-sitio-1200x480-12.png","datePublished":"2023-04-11T15:45:30+00:00","dateModified":"2023-04-11T15:45:32+00:00","breadcrumb":{"@id":"https:\/\/www.iaavim.gob.ar\/?p=12845#breadcrumb"},"inLanguage":"es-AR","potentialAction":[{"@type":"ReadAction","target":["https:\/\/www.iaavim.gob.ar\/?p=12845"]}]},{"@type":"ImageObject","inLanguage":"es-AR","@id":"https:\/\/www.iaavim.gob.ar\/?p=12845#primaryimage","url":"https:\/\/www.iaavim.gob.ar\/wp-content\/uploads\/2023\/04\/NEW-portada-sitio-1200x480-12.png","contentUrl":"https:\/\/www.iaavim.gob.ar\/wp-content\/uploads\/2023\/04\/NEW-portada-sitio-1200x480-12.png","width":1200,"height":480},{"@type":"BreadcrumbList","@id":"https:\/\/www.iaavim.gob.ar\/?p=12845#breadcrumb","itemListElement":[{"@type":"ListItem","position":1,"name":"Inicio","item":"https:\/\/www.iaavim.gob.ar\/"},{"@type":"ListItem","position":2,"name":"Cortometrajes misioneros del Cine Joven Comunitario se exhibieron en el Gaumont"}]},{"@type":"WebSite","@id":"\/#website","url":"\/","name":"","description":"Sitio oficial del IAAviM","publisher":{"@id":"\/#organization"},"potentialAction":[{"@type":"SearchAction","target":{"@type":"EntryPoint","urlTemplate":"\/?s={search_term_string}"},"query-input":{"@type":"PropertyValueSpecification","valueRequired":true,"valueName":"search_term_string"}}],"inLanguage":"es-AR"},{"@type":"Organization","@id":"\/#organization","name":"Instituto de Artes Audiovisuales de Misiones","url":"\/","logo":{"@type":"ImageObject","inLanguage":"es-AR","@id":"\/#\/schema\/logo\/image\/","url":"https:\/\/iaavim.misiones.gob.ar\/wp-content\/uploads\/2021\/07\/logo-iaavim-preview.png.jpg","contentUrl":"https:\/\/iaavim.misiones.gob.ar\/wp-content\/uploads\/2021\/07\/logo-iaavim-preview.png.jpg","width":1200,"height":675,"caption":"Instituto de Artes Audiovisuales de Misiones"},"image":{"@id":"\/#\/schema\/logo\/image\/"}},{"@type":"Person","@id":"\/#\/schema\/person\/affb351a86bbbb5cdff3011db06ccf85","name":"IAAviM","image":{"@type":"ImageObject","inLanguage":"es-AR","@id":"https:\/\/secure.gravatar.com\/avatar\/6a023e5ff426a571199af5d6ff7996bd89e8be946af83dc1c2624ad66151ed39?s=96&d=blank&r=g","url":"https:\/\/secure.gravatar.com\/avatar\/6a023e5ff426a571199af5d6ff7996bd89e8be946af83dc1c2624ad66151ed39?s=96&d=blank&r=g","contentUrl":"https:\/\/secure.gravatar.com\/avatar\/6a023e5ff426a571199af5d6ff7996bd89e8be946af83dc1c2624ad66151ed39?s=96&d=blank&r=g","caption":"IAAviM"},"url":"https:\/\/www.iaavim.gob.ar\/?author=2"}]}},"amp_enabled":true,"_links":{"self":[{"href":"https:\/\/www.iaavim.gob.ar\/index.php?rest_route=\/wp\/v2\/posts\/12845","targetHints":{"allow":["GET"]}}],"collection":[{"href":"https:\/\/www.iaavim.gob.ar\/index.php?rest_route=\/wp\/v2\/posts"}],"about":[{"href":"https:\/\/www.iaavim.gob.ar\/index.php?rest_route=\/wp\/v2\/types\/post"}],"author":[{"embeddable":true,"href":"https:\/\/www.iaavim.gob.ar\/index.php?rest_route=\/wp\/v2\/users\/2"}],"replies":[{"embeddable":true,"href":"https:\/\/www.iaavim.gob.ar\/index.php?rest_route=%2Fwp%2Fv2%2Fcomments&post=12845"}],"version-history":[{"count":1,"href":"https:\/\/www.iaavim.gob.ar\/index.php?rest_route=\/wp\/v2\/posts\/12845\/revisions"}],"predecessor-version":[{"id":12855,"href":"https:\/\/www.iaavim.gob.ar\/index.php?rest_route=\/wp\/v2\/posts\/12845\/revisions\/12855"}],"wp:featuredmedia":[{"embeddable":true,"href":"https:\/\/www.iaavim.gob.ar\/index.php?rest_route=\/wp\/v2\/media\/12846"}],"wp:attachment":[{"href":"https:\/\/www.iaavim.gob.ar\/index.php?rest_route=%2Fwp%2Fv2%2Fmedia&parent=12845"}],"wp:term":[{"taxonomy":"category","embeddable":true,"href":"https:\/\/www.iaavim.gob.ar\/index.php?rest_route=%2Fwp%2Fv2%2Fcategories&post=12845"},{"taxonomy":"post_tag","embeddable":true,"href":"https:\/\/www.iaavim.gob.ar\/index.php?rest_route=%2Fwp%2Fv2%2Ftags&post=12845"}],"curies":[{"name":"wp","href":"https:\/\/api.w.org\/{rel}","templated":true}]}}