{"id":12549,"date":"2022-11-22T16:33:00","date_gmt":"2022-11-22T19:33:00","guid":{"rendered":"https:\/\/iaavim.com\/?p=12501"},"modified":"2022-11-22T16:33:00","modified_gmt":"2022-11-22T19:33:00","slug":"avant-premiere-misionera-de-el-hombre-inconcluso","status":"publish","type":"post","link":"https:\/\/www.iaavim.gob.ar\/?p=12549","title":{"rendered":"Avant Premi\u00e8re misionera de &#8220;El hombre inconcluso&#8221;"},"content":{"rendered":"\n<p>Previo a su estreno nacional, <strong>\u201cEl hombre inconcluso\u201d<\/strong> tendr\u00e1 su <strong>avant premi\u00e8re misionera<\/strong> el <strong>mi\u00e9rcoles a las 20 hs<\/strong>, en el <strong>IMAX del Conocimiento<\/strong>, y como pel\u00edcula de cierre del ciclo <strong>\u201cMandioca, cine hecho ac\u00e1\u201d<\/strong>.<\/p>\n\n\n\n<p>Dirigida por <strong>Mat\u00edas Bertilotti<\/strong>, el largometraje fue <strong>filmado en Puerto Esperanza (Misiones)<\/strong> a finales de 2021 de la mano del experimentado productor Luis Sartor (Zarlek Producciones) en asociaci\u00f3n con la Productora de la Tierra, Valcine S.A. y Diego Turdera; y con el apoyo del Instituto de Artes Audiovisuales de Misiones.<\/p>\n\n\n\n<p>La pel\u00edcula relata la historia de un joven inspector que es llamado a resolver un delito en su peque\u00f1o pueblo natal, al cual nunca ha vuelto despu\u00e9s de su nacimiento, para esclarecer el crimen de uno de sus m\u00e1s queridos y viejos habitantes. En la investigaci\u00f3n descubre que el principal sospechoso tiene su mismo nombre: Juli\u00e1n Gianoglio. Para el inspector, entonces, resolver este crimen significar\u00e1 resolver el enigma de su propia identidad duplicada.<\/p>\n\n\n\n<p>En esta historia, el reconocido actor argentino <strong>Carlos Santamar\u00eda<\/strong> interpreta al comisario Ignacio Rodr\u00edguez, un polic\u00eda de ciudad relegado a un destacamento en medio de la nada. Lo que alguna vez fue un castigo ahora es su forma de vida. Intenta defender la tranquilidad de un lugar alterado por un asesinato feroz. En tanto, <strong>Gast\u00f3n Ricaud<\/strong> hace del oficial Gianoglio, quien encuentra en un llamado entrecortado, la necesidad de regresar a su pueblo natal desde donde piden su captura. La menci\u00f3n de su nombre pone en jaque todas las certezas que tiene sobre s\u00ed mismo. <strong>Nicol\u00e1s Pauls<\/strong>, interpreta a Juli\u00e1n, un j\u00f3ven fot\u00f3grafo que llega una semana antes del asesinato. Como todos, cree que lo que viene a buscar es simple y que su regreso a casa ser\u00e1 r\u00e1pido y sin desaf\u00edos. <strong>Paula Sartor<\/strong> es Luc\u00eda, una joven perdida en un pueblo peque\u00f1o, que huy\u00f3 con su madre escapando de un padre. La llegada de Juli\u00e1n le da la oportunidad del amor y de huir una vez m\u00e1s. En el papel de \u201cEl alem\u00e1n\u201d, el hombre m\u00e1s bueno del pueblo, trabaja <strong>Ernesto Claudio<\/strong>; y <strong>V\u00edctor Laplace<\/strong> personifica a Reinaldo, quien vive a la sombra del Alem\u00e1n, su \u00fanico amigo. Recientemente abuelo, esta circunstancia y la aparici\u00f3n de Juli\u00e1n lo pone sensible frente a algunos recuerdos.<\/p>\n\n\n\n<p>Completan el destacado elenco, <strong>Gabriela Licht<\/strong> y los actores y actrices de Misiones: <strong>Tiziano Acosta, Mariano Bernachea, Karin Scholler y Alejandro Scholler<\/strong>.<\/p>\n\n\n\n<p>La avant premi\u00e8re en el IMAX es con entrada gratuita, por orden de llegada, hasta completar la capacidad de la sala. Contar\u00e1 con la presencia de gran parte del equipo t\u00e9cnico y art\u00edstico misionero, y del productor ejecutivo Juan Ferreira (Productora de la Tierra).<\/p>\n\n\n\n<figure class=\"wp-block-gallery has-nested-images columns-default is-cropped wp-block-gallery-1 is-layout-flex wp-block-gallery-is-layout-flex\">\n<figure class=\"wp-block-image size-large\"><img decoding=\"async\" data-id=\"12503\" src=\"https:\/\/iaavim.misiones.gob.ar\/wp-content\/uploads\/2022\/11\/Mati\u0301as-Bertilotti-Carlos-Santamari\u0301a-y-Gasto\u0301n-Ricaud-1024x594.jpg\" alt=\"\" class=\"wp-image-12503\" \/><\/figure>\n\n\n\n<figure class=\"wp-block-image size-large\"><img decoding=\"async\" data-id=\"12504\" src=\"https:\/\/iaavim.misiones.gob.ar\/wp-content\/uploads\/2022\/11\/Santamari\u0301a-y-Ricaud-1024x1019.jpg\" alt=\"\" class=\"wp-image-12504\" \/><\/figure>\n\n\n\n<figure class=\"wp-block-image size-large\"><img decoding=\"async\" data-id=\"12502\" src=\"https:\/\/iaavim.misiones.gob.ar\/wp-content\/uploads\/2022\/11\/Carlos-Santamari\u0301a.jpg\" alt=\"\" class=\"wp-image-12502\" \/><\/figure>\n<\/figure>\n\n\n\n<p><\/p>\n\n\n\n<p>Con esta funci\u00f3n, concluye la propuesta de \u201cMandioca, cine hecho ac\u00e1\u201d, un ciclo organizado por el Parque del Conocimiento, el Cine IMAX y el Instituto de Artes Audiovisuales de Misiones que busc\u00f3 dar pantalla a producciones misioneras, en el cual se proyectaron \u201cSelva\u201d de I\u00f1aki Echeberria, \u201cCetrero Nocturno\u201d de Eli\u00e1n Guerin, y \u201cLas fronteras del tiempo\u201d de Sergio Acosta.<\/p>\n\n\n\n<p>Cabe destacar que \u201cEl hombre inconcluso\u201d se estrena a nivel nacional el jueves 24 de noviembre, con funciones comerciales en Misiones y todo el pa\u00eds.<\/p>\n\n\n\n<div style=\"height:20px\" aria-hidden=\"true\" class=\"wp-block-spacer\"><\/div>\n\n\n\n<figure class=\"wp-block-embed is-type-video is-provider-youtube wp-block-embed-youtube wp-embed-aspect-16-9 wp-has-aspect-ratio\"><div class=\"wp-block-embed__wrapper\">\n<iframe loading=\"lazy\"  id=\"_ytid_55109\"  width=\"480\" height=\"270\"  data-origwidth=\"480\" data-origheight=\"270\" src=\"https:\/\/www.youtube.com\/embed\/hU4WQZyg_Pg?enablejsapi=1&#038;autoplay=0&#038;cc_load_policy=0&#038;cc_lang_pref=&#038;iv_load_policy=1&#038;loop=0&#038;rel=0&#038;fs=1&#038;playsinline=0&#038;autohide=2&#038;hl=es_AR&#038;theme=dark&#038;color=red&#038;controls=1&#038;disablekb=0&#038;\" class=\"__youtube_prefs__  epyt-is-override  no-lazyload\" title=\"YouTube player\"  allow=\"fullscreen; accelerometer; autoplay; clipboard-write; encrypted-media; gyroscope; picture-in-picture; web-share\" referrerpolicy=\"strict-origin-when-cross-origin\" allowfullscreen data-no-lazy=\"1\" data-skipgform_ajax_framebjll=\"\"><\/iframe>\n<\/div><\/figure>\n\n\n\n<div style=\"height:100px\" aria-hidden=\"true\" class=\"wp-block-spacer\"><\/div>\n","protected":false},"excerpt":{"rendered":"<p>Previo a su estreno nacional, \u201cEl hombre inconcluso\u201d tendr\u00e1 su avant premi\u00e8re misionera el mi\u00e9rcoles a las 20 hs, en el IMAX del Conocimiento, y como pel\u00edcula de cierre del ciclo \u201cMandioca, cine hecho ac\u00e1\u201d. Dirigida por Mat\u00edas Bertilotti, el largometraje fue filmado en Puerto Esperanza (Misiones) a finales de 2021 de la mano del &hellip;<\/p>\n","protected":false},"author":3,"featured_media":12512,"comment_status":"closed","ping_status":"open","sticky":false,"template":"","format":"standard","meta":{"_acf_changed":false,"footnotes":""},"categories":[39],"tags":[1037,833,1038,835,1039,1040,520,1041,1042],"class_list":["post-12549","post","type-post","status-publish","format-standard","has-post-thumbnail","hentry","category-noticias-del-iaavim","tag-carlos-santamaria","tag-el-hombre-inconcluso","tag-gaston-ricuad","tag-luis-sartor","tag-nicolas-pauls","tag-paula-sartor","tag-productora-de-la-tierra","tag-victor-laplace-2","tag-zarlek-producciones"],"acf":[],"yoast_head":"<!-- This site is optimized with the Yoast SEO plugin v27.4 - https:\/\/yoast.com\/product\/yoast-seo-wordpress\/ -->\n<title>Avant Premi\u00e8re misionera de &quot;El hombre inconcluso&quot; - IAAviM<\/title>\n<meta name=\"description\" content=\"Previo a su estreno nacional, \u201cEl hombre inconcluso\u201d tendr\u00e1 su avant premi\u00e8re misionera el mi\u00e9rcoles a las 20 hs, en el IMAX del Conocimiento\" \/>\n<meta name=\"robots\" content=\"index, follow, max-snippet:-1, max-image-preview:large, max-video-preview:-1\" \/>\n<link rel=\"canonical\" href=\"https:\/\/www.iaavim.gob.ar\/?p=12549\" \/>\n<meta property=\"og:locale\" content=\"es_ES\" \/>\n<meta property=\"og:type\" content=\"article\" \/>\n<meta property=\"og:title\" content=\"Avant Premi\u00e8re misionera de &quot;El hombre inconcluso&quot; - IAAviM\" \/>\n<meta property=\"og:description\" content=\"Previo a su estreno nacional, \u201cEl hombre inconcluso\u201d tendr\u00e1 su avant premi\u00e8re misionera el mi\u00e9rcoles a las 20 hs, en el IMAX del Conocimiento\" \/>\n<meta property=\"og:url\" content=\"https:\/\/www.iaavim.gob.ar\/?p=12549\" \/>\n<meta property=\"article:published_time\" content=\"2022-11-22T19:33:00+00:00\" \/>\n<meta property=\"og:image\" content=\"https:\/\/www.iaavim.gob.ar\/wp-content\/uploads\/2022\/11\/NEW-portada-sitio-1200x480-1-1.png\" \/>\n\t<meta property=\"og:image:width\" content=\"1200\" \/>\n\t<meta property=\"og:image:height\" content=\"480\" \/>\n\t<meta property=\"og:image:type\" content=\"image\/png\" \/>\n<meta name=\"author\" content=\"Maga\" \/>\n<meta name=\"twitter:card\" content=\"summary_large_image\" \/>\n<meta name=\"twitter:label1\" content=\"Escrito por\" \/>\n\t<meta name=\"twitter:data1\" content=\"Maga\" \/>\n\t<meta name=\"twitter:label2\" content=\"Tiempo de lectura\" \/>\n\t<meta name=\"twitter:data2\" content=\"4 minutos\" \/>\n<script type=\"application\/ld+json\" class=\"yoast-schema-graph\">{\"@context\":\"https:\\\/\\\/schema.org\",\"@graph\":[{\"@type\":\"Article\",\"@id\":\"https:\\\/\\\/www.iaavim.gob.ar\\\/?p=12549#article\",\"isPartOf\":{\"@id\":\"https:\\\/\\\/www.iaavim.gob.ar\\\/?p=12549\"},\"author\":{\"name\":\"Maga\",\"@id\":\"\\\/#\\\/schema\\\/person\\\/48e7f0650fb6416697b2e7b3a5fff900\"},\"headline\":\"Avant Premi\u00e8re misionera de &#8220;El hombre inconcluso&#8221;\",\"datePublished\":\"2022-11-22T19:33:00+00:00\",\"mainEntityOfPage\":{\"@id\":\"https:\\\/\\\/www.iaavim.gob.ar\\\/?p=12549\"},\"wordCount\":577,\"publisher\":{\"@id\":\"\\\/#organization\"},\"image\":{\"@id\":\"https:\\\/\\\/www.iaavim.gob.ar\\\/?p=12549#primaryimage\"},\"thumbnailUrl\":\"https:\\\/\\\/www.iaavim.gob.ar\\\/wp-content\\\/uploads\\\/2022\\\/11\\\/NEW-portada-sitio-1200x480-1-1.png\",\"keywords\":[\"Carlos Santamar\u00eda\",\"El hombre inconcluso\",\"Gast\u00f3n Ricuad\",\"Luis Sartor\",\"Nicol\u00e1s Pauls\",\"Paula Sartor\",\"Productora de la Tierra\",\"V\u00edctor Laplace\",\"Zarlek Producciones\"],\"articleSection\":[\"Noticias del IAAviM\"],\"inLanguage\":\"es-AR\"},{\"@type\":\"WebPage\",\"@id\":\"https:\\\/\\\/www.iaavim.gob.ar\\\/?p=12549\",\"url\":\"https:\\\/\\\/www.iaavim.gob.ar\\\/?p=12549\",\"name\":\"Avant Premi\u00e8re misionera de \\\"El hombre inconcluso\\\" - IAAviM\",\"isPartOf\":{\"@id\":\"\\\/#website\"},\"primaryImageOfPage\":{\"@id\":\"https:\\\/\\\/www.iaavim.gob.ar\\\/?p=12549#primaryimage\"},\"image\":{\"@id\":\"https:\\\/\\\/www.iaavim.gob.ar\\\/?p=12549#primaryimage\"},\"thumbnailUrl\":\"https:\\\/\\\/www.iaavim.gob.ar\\\/wp-content\\\/uploads\\\/2022\\\/11\\\/NEW-portada-sitio-1200x480-1-1.png\",\"datePublished\":\"2022-11-22T19:33:00+00:00\",\"description\":\"Previo a su estreno nacional, \u201cEl hombre inconcluso\u201d tendr\u00e1 su avant premi\u00e8re misionera el mi\u00e9rcoles a las 20 hs, en el IMAX del Conocimiento\",\"breadcrumb\":{\"@id\":\"https:\\\/\\\/www.iaavim.gob.ar\\\/?p=12549#breadcrumb\"},\"inLanguage\":\"es-AR\",\"potentialAction\":[{\"@type\":\"ReadAction\",\"target\":[\"https:\\\/\\\/www.iaavim.gob.ar\\\/?p=12549\"]}]},{\"@type\":\"ImageObject\",\"inLanguage\":\"es-AR\",\"@id\":\"https:\\\/\\\/www.iaavim.gob.ar\\\/?p=12549#primaryimage\",\"url\":\"https:\\\/\\\/www.iaavim.gob.ar\\\/wp-content\\\/uploads\\\/2022\\\/11\\\/NEW-portada-sitio-1200x480-1-1.png\",\"contentUrl\":\"https:\\\/\\\/www.iaavim.gob.ar\\\/wp-content\\\/uploads\\\/2022\\\/11\\\/NEW-portada-sitio-1200x480-1-1.png\",\"width\":1200,\"height\":480},{\"@type\":\"BreadcrumbList\",\"@id\":\"https:\\\/\\\/www.iaavim.gob.ar\\\/?p=12549#breadcrumb\",\"itemListElement\":[{\"@type\":\"ListItem\",\"position\":1,\"name\":\"Inicio\",\"item\":\"https:\\\/\\\/www.iaavim.gob.ar\\\/\"},{\"@type\":\"ListItem\",\"position\":2,\"name\":\"Avant Premi\u00e8re misionera de &#8220;El hombre inconcluso&#8221;\"}]},{\"@type\":\"WebSite\",\"@id\":\"\\\/#website\",\"url\":\"\\\/\",\"name\":\"\",\"description\":\"Sitio oficial del IAAviM\",\"publisher\":{\"@id\":\"\\\/#organization\"},\"potentialAction\":[{\"@type\":\"SearchAction\",\"target\":{\"@type\":\"EntryPoint\",\"urlTemplate\":\"\\\/?s={search_term_string}\"},\"query-input\":{\"@type\":\"PropertyValueSpecification\",\"valueRequired\":true,\"valueName\":\"search_term_string\"}}],\"inLanguage\":\"es-AR\"},{\"@type\":\"Organization\",\"@id\":\"\\\/#organization\",\"name\":\"Instituto de Artes Audiovisuales de Misiones\",\"url\":\"\\\/\",\"logo\":{\"@type\":\"ImageObject\",\"inLanguage\":\"es-AR\",\"@id\":\"\\\/#\\\/schema\\\/logo\\\/image\\\/\",\"url\":\"https:\\\/\\\/iaavim.misiones.gob.ar\\\/wp-content\\\/uploads\\\/2021\\\/07\\\/logo-iaavim-preview.png.jpg\",\"contentUrl\":\"https:\\\/\\\/iaavim.misiones.gob.ar\\\/wp-content\\\/uploads\\\/2021\\\/07\\\/logo-iaavim-preview.png.jpg\",\"width\":1200,\"height\":675,\"caption\":\"Instituto de Artes Audiovisuales de Misiones\"},\"image\":{\"@id\":\"\\\/#\\\/schema\\\/logo\\\/image\\\/\"}},{\"@type\":\"Person\",\"@id\":\"\\\/#\\\/schema\\\/person\\\/48e7f0650fb6416697b2e7b3a5fff900\",\"name\":\"Maga\",\"image\":{\"@type\":\"ImageObject\",\"inLanguage\":\"es-AR\",\"@id\":\"https:\\\/\\\/secure.gravatar.com\\\/avatar\\\/43e753bc845719140a5e2681ae6307c64e515fc1e93b753d9dc0d7cd4c48f55d?s=96&d=blank&r=g\",\"url\":\"https:\\\/\\\/secure.gravatar.com\\\/avatar\\\/43e753bc845719140a5e2681ae6307c64e515fc1e93b753d9dc0d7cd4c48f55d?s=96&d=blank&r=g\",\"contentUrl\":\"https:\\\/\\\/secure.gravatar.com\\\/avatar\\\/43e753bc845719140a5e2681ae6307c64e515fc1e93b753d9dc0d7cd4c48f55d?s=96&d=blank&r=g\",\"caption\":\"Maga\"},\"url\":\"https:\\\/\\\/www.iaavim.gob.ar\\\/?author=3\"}]}<\/script>\n<!-- \/ Yoast SEO plugin. -->","yoast_head_json":{"title":"Avant Premi\u00e8re misionera de \"El hombre inconcluso\" - IAAviM","description":"Previo a su estreno nacional, \u201cEl hombre inconcluso\u201d tendr\u00e1 su avant premi\u00e8re misionera el mi\u00e9rcoles a las 20 hs, en el IMAX del Conocimiento","robots":{"index":"index","follow":"follow","max-snippet":"max-snippet:-1","max-image-preview":"max-image-preview:large","max-video-preview":"max-video-preview:-1"},"canonical":"https:\/\/www.iaavim.gob.ar\/?p=12549","og_locale":"es_ES","og_type":"article","og_title":"Avant Premi\u00e8re misionera de \"El hombre inconcluso\" - IAAviM","og_description":"Previo a su estreno nacional, \u201cEl hombre inconcluso\u201d tendr\u00e1 su avant premi\u00e8re misionera el mi\u00e9rcoles a las 20 hs, en el IMAX del Conocimiento","og_url":"https:\/\/www.iaavim.gob.ar\/?p=12549","article_published_time":"2022-11-22T19:33:00+00:00","og_image":[{"width":1200,"height":480,"url":"https:\/\/www.iaavim.gob.ar\/wp-content\/uploads\/2022\/11\/NEW-portada-sitio-1200x480-1-1.png","type":"image\/png"}],"author":"Maga","twitter_card":"summary_large_image","twitter_misc":{"Escrito por":"Maga","Tiempo de lectura":"4 minutos"},"schema":{"@context":"https:\/\/schema.org","@graph":[{"@type":"Article","@id":"https:\/\/www.iaavim.gob.ar\/?p=12549#article","isPartOf":{"@id":"https:\/\/www.iaavim.gob.ar\/?p=12549"},"author":{"name":"Maga","@id":"\/#\/schema\/person\/48e7f0650fb6416697b2e7b3a5fff900"},"headline":"Avant Premi\u00e8re misionera de &#8220;El hombre inconcluso&#8221;","datePublished":"2022-11-22T19:33:00+00:00","mainEntityOfPage":{"@id":"https:\/\/www.iaavim.gob.ar\/?p=12549"},"wordCount":577,"publisher":{"@id":"\/#organization"},"image":{"@id":"https:\/\/www.iaavim.gob.ar\/?p=12549#primaryimage"},"thumbnailUrl":"https:\/\/www.iaavim.gob.ar\/wp-content\/uploads\/2022\/11\/NEW-portada-sitio-1200x480-1-1.png","keywords":["Carlos Santamar\u00eda","El hombre inconcluso","Gast\u00f3n Ricuad","Luis Sartor","Nicol\u00e1s Pauls","Paula Sartor","Productora de la Tierra","V\u00edctor Laplace","Zarlek Producciones"],"articleSection":["Noticias del IAAviM"],"inLanguage":"es-AR"},{"@type":"WebPage","@id":"https:\/\/www.iaavim.gob.ar\/?p=12549","url":"https:\/\/www.iaavim.gob.ar\/?p=12549","name":"Avant Premi\u00e8re misionera de \"El hombre inconcluso\" - IAAviM","isPartOf":{"@id":"\/#website"},"primaryImageOfPage":{"@id":"https:\/\/www.iaavim.gob.ar\/?p=12549#primaryimage"},"image":{"@id":"https:\/\/www.iaavim.gob.ar\/?p=12549#primaryimage"},"thumbnailUrl":"https:\/\/www.iaavim.gob.ar\/wp-content\/uploads\/2022\/11\/NEW-portada-sitio-1200x480-1-1.png","datePublished":"2022-11-22T19:33:00+00:00","description":"Previo a su estreno nacional, \u201cEl hombre inconcluso\u201d tendr\u00e1 su avant premi\u00e8re misionera el mi\u00e9rcoles a las 20 hs, en el IMAX del Conocimiento","breadcrumb":{"@id":"https:\/\/www.iaavim.gob.ar\/?p=12549#breadcrumb"},"inLanguage":"es-AR","potentialAction":[{"@type":"ReadAction","target":["https:\/\/www.iaavim.gob.ar\/?p=12549"]}]},{"@type":"ImageObject","inLanguage":"es-AR","@id":"https:\/\/www.iaavim.gob.ar\/?p=12549#primaryimage","url":"https:\/\/www.iaavim.gob.ar\/wp-content\/uploads\/2022\/11\/NEW-portada-sitio-1200x480-1-1.png","contentUrl":"https:\/\/www.iaavim.gob.ar\/wp-content\/uploads\/2022\/11\/NEW-portada-sitio-1200x480-1-1.png","width":1200,"height":480},{"@type":"BreadcrumbList","@id":"https:\/\/www.iaavim.gob.ar\/?p=12549#breadcrumb","itemListElement":[{"@type":"ListItem","position":1,"name":"Inicio","item":"https:\/\/www.iaavim.gob.ar\/"},{"@type":"ListItem","position":2,"name":"Avant Premi\u00e8re misionera de &#8220;El hombre inconcluso&#8221;"}]},{"@type":"WebSite","@id":"\/#website","url":"\/","name":"","description":"Sitio oficial del IAAviM","publisher":{"@id":"\/#organization"},"potentialAction":[{"@type":"SearchAction","target":{"@type":"EntryPoint","urlTemplate":"\/?s={search_term_string}"},"query-input":{"@type":"PropertyValueSpecification","valueRequired":true,"valueName":"search_term_string"}}],"inLanguage":"es-AR"},{"@type":"Organization","@id":"\/#organization","name":"Instituto de Artes Audiovisuales de Misiones","url":"\/","logo":{"@type":"ImageObject","inLanguage":"es-AR","@id":"\/#\/schema\/logo\/image\/","url":"https:\/\/iaavim.misiones.gob.ar\/wp-content\/uploads\/2021\/07\/logo-iaavim-preview.png.jpg","contentUrl":"https:\/\/iaavim.misiones.gob.ar\/wp-content\/uploads\/2021\/07\/logo-iaavim-preview.png.jpg","width":1200,"height":675,"caption":"Instituto de Artes Audiovisuales de Misiones"},"image":{"@id":"\/#\/schema\/logo\/image\/"}},{"@type":"Person","@id":"\/#\/schema\/person\/48e7f0650fb6416697b2e7b3a5fff900","name":"Maga","image":{"@type":"ImageObject","inLanguage":"es-AR","@id":"https:\/\/secure.gravatar.com\/avatar\/43e753bc845719140a5e2681ae6307c64e515fc1e93b753d9dc0d7cd4c48f55d?s=96&d=blank&r=g","url":"https:\/\/secure.gravatar.com\/avatar\/43e753bc845719140a5e2681ae6307c64e515fc1e93b753d9dc0d7cd4c48f55d?s=96&d=blank&r=g","contentUrl":"https:\/\/secure.gravatar.com\/avatar\/43e753bc845719140a5e2681ae6307c64e515fc1e93b753d9dc0d7cd4c48f55d?s=96&d=blank&r=g","caption":"Maga"},"url":"https:\/\/www.iaavim.gob.ar\/?author=3"}]}},"amp_enabled":true,"_links":{"self":[{"href":"https:\/\/www.iaavim.gob.ar\/index.php?rest_route=\/wp\/v2\/posts\/12549","targetHints":{"allow":["GET"]}}],"collection":[{"href":"https:\/\/www.iaavim.gob.ar\/index.php?rest_route=\/wp\/v2\/posts"}],"about":[{"href":"https:\/\/www.iaavim.gob.ar\/index.php?rest_route=\/wp\/v2\/types\/post"}],"author":[{"embeddable":true,"href":"https:\/\/www.iaavim.gob.ar\/index.php?rest_route=\/wp\/v2\/users\/3"}],"replies":[{"embeddable":true,"href":"https:\/\/www.iaavim.gob.ar\/index.php?rest_route=%2Fwp%2Fv2%2Fcomments&post=12549"}],"version-history":[{"count":0,"href":"https:\/\/www.iaavim.gob.ar\/index.php?rest_route=\/wp\/v2\/posts\/12549\/revisions"}],"wp:featuredmedia":[{"embeddable":true,"href":"https:\/\/www.iaavim.gob.ar\/index.php?rest_route=\/wp\/v2\/media\/12512"}],"wp:attachment":[{"href":"https:\/\/www.iaavim.gob.ar\/index.php?rest_route=%2Fwp%2Fv2%2Fmedia&parent=12549"}],"wp:term":[{"taxonomy":"category","embeddable":true,"href":"https:\/\/www.iaavim.gob.ar\/index.php?rest_route=%2Fwp%2Fv2%2Fcategories&post=12549"},{"taxonomy":"post_tag","embeddable":true,"href":"https:\/\/www.iaavim.gob.ar\/index.php?rest_route=%2Fwp%2Fv2%2Ftags&post=12549"}],"curies":[{"name":"wp","href":"https:\/\/api.w.org\/{rel}","templated":true}]}}