{"id":12548,"date":"2022-11-21T13:34:43","date_gmt":"2022-11-21T16:34:43","guid":{"rendered":"https:\/\/iaavim.com\/?p=12491"},"modified":"2023-12-18T10:41:44","modified_gmt":"2023-12-18T13:41:44","slug":"bases-convocatoria-largometrajes-y-series","status":"publish","type":"post","link":"https:\/\/www.iaavim.gob.ar\/?p=12548","title":{"rendered":"Bases convocatoria largometrajes y series"},"content":{"rendered":"\n<div style=\"height:25px\" aria-hidden=\"true\" class=\"wp-block-spacer\"><\/div>\n\n\n\n<h2 class=\"wp-block-heading has-text-align-center\">CONVOCATORIA 2023 <\/h2>\n\n\n\n<h2 class=\"wp-block-heading has-text-align-center\">PROYECTOS DE LARGOMETRAJES O SERIES DE FICCI\u00d3N, DOCUMENTAL O ANIMACI\u00d3N<\/h2>\n\n\n\n<div style=\"height:35px\" aria-hidden=\"true\" class=\"wp-block-spacer\"><\/div>\n\n\n\n<p><\/p>\n\n\n\n<p class=\"has-text-align-center\"><strong>CAP\u00cdTULO 1. OBJETO <\/strong><\/p>\n\n\n\n<p>ART\u00cdCULO 1: El Instituto de Artes Audiovisuales de Misiones (IAAviM) contin\u00faa con el Programa de Captaci\u00f3n de Inversiones y Fortalecimiento del Sector Audiovisual Profesional, abriendo el llamado a la \u201cConvocatoria para largometrajes o series de ficci\u00f3n, documental o animaci\u00f3n 2023\u201d.<\/p>\n\n\n\n<p>ART\u00cdCULO 2: Podr\u00e1n participar productores\/as misioneros\/as inscriptos\/as en el Registro Provincial del Audiovisual (RePA) cuyos proyectos cuenten con la mayor parte del presupuesto asegurado v\u00eda INCAA u otra fuente de financiaci\u00f3n debidamente comprobable y que acrediten una inversi\u00f3n fehaciente en la provincia que supere el monto solicitado al IAAviM. Se entiende por \u201cmayor parte del presupuesto\u201d a un monto que represente el 70% del costo del proyecto excluyendo los aportes solicitados al IAAviM y en el caso de productores\/as misioneros\/as, el monto garantizado externo deber\u00e1 ser del 60%. Los aportes en especie podr\u00e1n representar \u00fanicamente hasta un 20% del costo total del proyecto, siempre con el debido respaldo de la documentaci\u00f3n correspondiente. <\/p>\n\n\n\n<p><\/p>\n\n\n\n<p class=\"has-text-align-center\"><strong>CAP\u00cdTULO 2. CONVOCATORIA<\/strong> <\/p>\n\n\n\n<p>ART\u00cdCULO 3: El plazo de presentaci\u00f3n de proyectos se extiende desde el lunes 21 de noviembre de 2022 hasta el domingo 15 de enero de 2023 inclusive. Los proyectos seleccionados deber\u00e1n ser ejecutados en 2023. <\/p>\n\n\n\n<p>ART\u00cdCULO 4: Las <strong>presentaciones<\/strong> tanto de la <strong>carpeta como de los anexos correspondientes<\/strong>  que se encuentran en las bases se realizar\u00e1n a trav\u00e9s del correo electr\u00f3nico <strong><em>mesadeentrada@iaavim.misiones.gob.ar<\/em><\/strong> detallando en el asunto: Referencia: Convocatoria 2023 Proyectos de Largometrajes o Series de ficci\u00f3n, documental o animaci\u00f3n. <\/p>\n\n\n\n<p>ART\u00cdCULO 5: Cada productor\/a inscripto\/a en el RePA podr\u00e1 presentar un (1) proyecto audiovisual que ser\u00e1 puesto a consideraci\u00f3n del Consejo Directivo del IAAviM. Cuando la presentaci\u00f3n sea realizada por una persona jur\u00eddica, se podr\u00e1n presentar dos (2) proyectos. Cabe destacar que la limitaci\u00f3n incluye a las presentaciones que sus integrantes pudieran realizar de forma individual. <\/p>\n\n\n\n<p><\/p>\n\n\n\n<p class=\"has-text-align-center\"><strong>CAP\u00cdTULO 3. ASIGNACI\u00d3N DE RECURSOS<\/strong><\/p>\n\n\n\n<p>ART\u00cdCULO 6: El\/la productor\/a presentante podr\u00e1 solicitar aportes financieros al IAAviM tomando como referencia las categor\u00edas previstas en la Resoluci\u00f3n N\u00b0 16\/22: <\/p>\n\n\n\n<ul class=\"wp-block-list\">\n<li>a. Productor\/a asociado\/a: hasta un 10% de aportes dinerarios y\/o servicios sobre el presupuesto total aprobado por INCAA u otro organismo (p\u00fablico o privado).<br><\/li>\n\n\n\n<li>b. Co-productor\/a: hasta un 15% de aportes dinerarios y\/o servicios, sobre el presupuesto total aprobado por INCAA u otro organismo (p\u00fablico o privado).<br><\/li>\n\n\n\n<li>c. Productor\/a misionero\/a: hasta un 40% de aportes dinerarios y\/o servicios, sobre el presupuesto total aprobado por el INCAA u otro organismo (p\u00fablico o privado). <\/li>\n<\/ul>\n\n\n\n<p><\/p>\n\n\n\n<p>ART\u00cdCULO 7: Sin perjuicio de los recursos solicitados por la persona presentante, el Consejo Directivo evaluar\u00e1 en cada proyecto, los aportes a otorgar, sujetos siempre a la disponibilidad financiera del IAAviM.<\/p>\n\n\n\n<p>ART\u00cdCULO 8: Los proyectos deber\u00e1n incluir la documentaci\u00f3n enumerada en la Resoluci\u00f3n 16\/22, adem\u00e1s de la carpeta del proyecto con: sinopsis, storyline, tratamiento y\/o guion, propuesta est\u00e9tica y material para visualizaci\u00f3n (teaser, demo, adelanto, programa, im\u00e1genes de referencia, etc.). El presentante podr\u00e1 adjuntar documentaci\u00f3n que considere pertinente (avales, cartas de intenci\u00f3n, declaratorias de inter\u00e9s, premios, etc.) a\u00fan cuando est\u00e9 fuera de los requisitos. En el caso de presentar declaraci\u00f3n de aportes en especie, deber\u00e1 acompa\u00f1ar el detalle y documentaci\u00f3n que acredite los mismos (Modelo C2 anexo). <\/p>\n\n\n\n<p><\/p>\n\n\n\n<p class=\"has-text-align-center\"><strong>CAP\u00cdTULO 4. CRITERIOS DE VALORACI\u00d3N<\/strong><\/p>\n\n\n\n<p>ART\u00cdCULO 9: Tendr\u00e1n mayor valoraci\u00f3n aquellos proyectos audiovisuales que: <\/p>\n\n\n\n<ul class=\"wp-block-list\">\n<li>a. Tengan un porcentaje m\u00e1s elevado de recursos humanos inscriptos en el RePA, incluidos los roles principales;<\/li>\n\n\n\n<li>b. Se realicen en mayor medida en el territorio provincial; <\/li>\n\n\n\n<li>c. Tengan mayores aportes financieros garantizados, de servicios y\/o recursos materiales de terceros que impliquen inversiones en la provincia de Misiones; <\/li>\n\n\n\n<li>d. Contengan una proyecci\u00f3n de sustentabilidad econ\u00f3mica para la obtenci\u00f3n de recursos del proyecto reflejada en el presupuesto y en el plan financiero;<\/li>\n\n\n\n<li>e. Cuenten con avales, premios o similares;<\/li>\n\n\n\n<li>f. Demuestren compromiso con la perspectiva de g\u00e9nero en la conformaci\u00f3n de los roles t\u00e9cnicos y art\u00edsticos;<\/li>\n\n\n\n<li>g. Promocionen paisajes y el patrimonio hist\u00f3rico o cultural de la provincia; <\/li>\n\n\n\n<li>h. Promuevan contenidos relacionados con el cuidado del ambiente, la sociedad y\/o el cambio clim\u00e1tico; <\/li>\n<\/ul>\n\n\n\n<p><\/p>\n\n\n\n<p class=\"has-text-align-center\"><strong>CAP\u00cdTULO 5. PROCESO DE SELECCI\u00d3N<\/strong><\/p>\n\n\n\n<p>ART\u00cdCULO 10: Concluida la etapa de presentaci\u00f3n de proyectos audiovisuales las \u00e1reas t\u00e9cnicas del Instituto realizar\u00e1n el an\u00e1lisis de la documentaci\u00f3n ingresada, quedando facultadas a solicitar, por \u00fanica vez, una rectificaci\u00f3n que deber\u00e1 ser contestada en el t\u00e9rmino de 5 (cinco) d\u00edas h\u00e1biles, prorrogable por igual t\u00e9rmino a solicitud de el\/la presentante. Vencido el plazo otorgado o no cumplimentado lo solicitado, se desestimar\u00e1 el proyecto. Concluida la etapa de an\u00e1lisis t\u00e9cnico, que no podr\u00e1 exceder de 20 d\u00edas h\u00e1biles, los proyectos que cumplan con los requisitos establecidos en la presente ser\u00e1n remitidos al Consejo Directivo, quien seleccionar\u00e1 los proyectos y aprobar\u00e1 los aportes financieros en un plazo que no exceder\u00e1 de 30 d\u00edas h\u00e1biles.  <\/p>\n\n\n\n<p><\/p>\n\n\n\n<p class=\"has-text-align-center\"><strong>CAP\u00cdTULO 6. LIBERACI\u00d3N DE RECURSOS FINANCIEROS Y RENDICIONES <\/strong><\/p>\n\n\n\n<p>ART\u00cdCULO 11: Para la percepci\u00f3n de los aportes financieros que fueran aprobados por el Consejo Directivo, el\/la responsable del proyecto deber\u00e1 adjuntar la documentaci\u00f3n detallada en la Resoluci\u00f3n 16\/2022. <\/p>\n\n\n\n<p>ART\u00cdCULO 12: Forma de pago. El 100% del aporte financiero autorizado se efectiviza conforme los lineamientos previstos en la Resoluci\u00f3n 16\/2022. <\/p>\n\n\n\n<p>ART\u00cdCULO 13: Rendici\u00f3n de cuentas. En todos los casos, el\/la responsable de la rendici\u00f3n ante el Tribunal de Cuentas de la Provincia es el\/la productor\/a presentante. El Instituto de Artes Audiovisuales de Misiones podr\u00e1 brindar una funci\u00f3n de colaboraci\u00f3n, sin que ello implique responsabilidad alguna ante el\/la presentante o el organismo de contralor. <\/p>\n\n\n\n<p>ART\u00cdCULO 14: No ser\u00e1n reconocidos los gastos y\/o pagos que efect\u00fae el\/la productor\/a presentante en forma previa a la firma del convenio con el IAAviM. <\/p>\n\n\n\n<p><\/p>\n\n\n\n<p class=\"has-text-align-center\"><strong>CAP\u00cdTULO 7. CONTRAPRESTACIONES DE LA PERSONA BENEFICIARIA <\/strong><\/p>\n\n\n\n<p>ART\u00cdCULO 15: Archivo General Audiovisual de Misiones (AGAM). La persona beneficiaria deber\u00e1 entregar una copia de la producci\u00f3n audiovisual en alta calidad, con el debido soporte, destinada al AGAM a los fines previstos en el Decreto N\u00b0 2118\/2016. <\/p>\n\n\n\n<p>ART\u00cdCULO 16: Capacitaci\u00f3n. La persona beneficiaria deber\u00e1 coordinar con las gerencias de Fomento y Capacitaci\u00f3n e Investigaci\u00f3n del IAAviM, las acciones de contraprestaci\u00f3n de acuerdo a las caracter\u00edsticas del proyecto. <\/p>\n\n\n\n<p>ART\u00cdCULO 17: Estreno. La persona beneficiaria deber\u00e1 coordinar con la Gerencia de Exhibici\u00f3n, Distribuci\u00f3n y Comercializaci\u00f3n del IAAviM la fecha de avant premi\u00e8re o estreno en Misiones dentro de los diez d\u00edas (estimados) contados a partir de su estreno comercial o desde la autorizaci\u00f3n de la casa productora y\/o distribuidora en el caso de avant premi\u00e8re.  <\/p>\n\n\n\n<p>ART\u00cdCULO 18: La sola presentaci\u00f3n del proyecto implica la aceptaci\u00f3n de las presentes Bases y Condiciones y la obligaci\u00f3n del cumplimiento de las mismas. <\/p>\n\n\n\n<p>ART\u00cdCULO 19: Cambios. La persona beneficiaria deber\u00e1 informar por correo electr\u00f3nico a la gerencia de Fomento (fomento@iaavim.misiones.gob.ar), cualquier cambio de inter\u00e9s para el IAAviM (conformaci\u00f3n del equipo, t\u00edtulo de la obra, etc). El incumplimiento de este requisito, generar\u00e1 un antecedente negativo en el legajo de la persona beneficiaria.<\/p>\n\n\n\n<div style=\"height:18px\" aria-hidden=\"true\" class=\"wp-block-spacer\"><\/div>\n\n\n\n<h3 class=\"wp-block-heading\">Anexos<\/h3>\n\n\n\n<p>Modelos de Declaraciones Juradas<\/p>\n\n\n\n<p><a href=\"http:\/\/www.iaavim.gob.ar\/wp-content\/uploads\/2023\/01\/MODELO-A-\u2013-DDJJ-Nomina-de-Equipo-Tecnico-y-Artistico.docx\">MODELO A \u2013 DDJJ No\u0301mina de Equipo Te\u0301cnico y Artistico<\/a><br><a href=\"http:\/\/www.iaavim.gob.ar\/wp-content\/uploads\/2023\/01\/MODELO-G-\u2013-Rendicion-cuota-3-\u2013-DDJJ-Gastos-realizados-en-Misiones-identificando-origen-de-aporte.xlsx\">MODELO C1 \u2013 Declaracio\u0301n Jurada de Aportes<\/a><br><a href=\"http:\/\/www.iaavim.gob.ar\/wp-content\/uploads\/2023\/01\/MODELO-C2-\u2013-Declaracion-Jurada-de-Aportes-en-Especies.docx\">MODELO C2 \u2013 Declaracio\u0301n Jurada de Aportes en Especies<\/a><br><a href=\"http:\/\/www.iaavim.gob.ar\/wp-content\/uploads\/2023\/01\/MODELO-G-\u2013-Rendicion-cuota-3-\u2013-DDJJ-Gastos-realizados-en-Misiones-identificando-origen-de-aporte.xlsx\" target=\"_blank\" rel=\"noreferrer noopener\">MODELO G \u2013 Rendicio\u0301n cuota 3 \u2013 DDJJ Gastos realizados en Misiones identificando origen de aporte<\/a><br><\/p>\n\n\n\n<p>Modelos de Planillas solicitadas<br><a href=\"http:\/\/www.iaavim.gob.ar\/wp-content\/uploads\/2023\/01\/Planilla-unificada-con-modelos.xlsx\">Planilla unificada con modelos<\/a><\/p>\n\n\n\n<p><\/p>\n\n\n\n<p>**<strong>Inscripci\u00f3n por correo electr\u00f3nico:<\/strong> <em>mesadeentrada@iaavim.misiones.gob.ar <\/em><\/p>\n\n\n\n<div style=\"height:20px\" aria-hidden=\"true\" class=\"wp-block-spacer\"><\/div>\n\n\n\n<div style=\"height:100px\" aria-hidden=\"true\" class=\"wp-block-spacer\"><\/div>\n\n\n\n<p><\/p>\n","protected":false},"excerpt":{"rendered":"<p>CONVOCATORIA 2023 PROYECTOS DE LARGOMETRAJES O SERIES DE FICCI\u00d3N, DOCUMENTAL O ANIMACI\u00d3N CAP\u00cdTULO 1. OBJETO ART\u00cdCULO 1: El Instituto de Artes Audiovisuales de Misiones (IAAviM) contin\u00faa con el Programa de Captaci\u00f3n de Inversiones y Fortalecimiento del Sector Audiovisual Profesional, abriendo el llamado a la \u201cConvocatoria para largometrajes o series de ficci\u00f3n, documental o animaci\u00f3n 2023\u201d. &hellip;<\/p>\n","protected":false},"author":2,"featured_media":12503,"comment_status":"closed","ping_status":"open","sticky":false,"template":"","format":"standard","meta":{"_acf_changed":false,"footnotes":""},"categories":[9],"tags":[45,849,551,623,782,103,335,565,1036],"class_list":["post-12548","post","type-post","status-publish","format-standard","has-post-thumbnail","hentry","category-convocatorias","tag-animacion","tag-convocatoria-iaavim","tag-convocatorias","tag-documental","tag-ficcion","tag-fomento","tag-largometraje","tag-portada","tag-series-2"],"acf":[],"yoast_head":"<!-- This site is optimized with the Yoast SEO plugin v27.4 - https:\/\/yoast.com\/product\/yoast-seo-wordpress\/ -->\n<title>Bases convocatoria largometrajes y series -<\/title>\n<meta name=\"robots\" content=\"index, follow, max-snippet:-1, max-image-preview:large, max-video-preview:-1\" \/>\n<link rel=\"canonical\" href=\"https:\/\/www.iaavim.gob.ar\/?p=12548\" \/>\n<meta property=\"og:locale\" content=\"es_ES\" \/>\n<meta property=\"og:type\" content=\"article\" \/>\n<meta property=\"og:title\" content=\"Bases convocatoria largometrajes y series -\" \/>\n<meta property=\"og:description\" content=\"CONVOCATORIA 2023 PROYECTOS DE LARGOMETRAJES O SERIES DE FICCI\u00d3N, DOCUMENTAL O ANIMACI\u00d3N CAP\u00cdTULO 1. OBJETO ART\u00cdCULO 1: El Instituto de Artes Audiovisuales de Misiones (IAAviM) contin\u00faa con el Programa de Captaci\u00f3n de Inversiones y Fortalecimiento del Sector Audiovisual Profesional, abriendo el llamado a la \u201cConvocatoria para largometrajes o series de ficci\u00f3n, documental o animaci\u00f3n 2023\u201d. &hellip;\" \/>\n<meta property=\"og:url\" content=\"https:\/\/www.iaavim.gob.ar\/?p=12548\" \/>\n<meta property=\"article:published_time\" content=\"2022-11-21T16:34:43+00:00\" \/>\n<meta property=\"article:modified_time\" content=\"2023-12-18T13:41:44+00:00\" \/>\n<meta property=\"og:image\" content=\"https:\/\/www.iaavim.gob.ar\/wp-content\/uploads\/2022\/11\/convocatoria-sitio-.jpg\" \/>\n\t<meta property=\"og:image:width\" content=\"1200\" \/>\n\t<meta property=\"og:image:height\" content=\"676\" \/>\n\t<meta property=\"og:image:type\" content=\"image\/jpeg\" \/>\n<meta name=\"author\" content=\"IAAviM\" \/>\n<meta name=\"twitter:card\" content=\"summary_large_image\" \/>\n<meta name=\"twitter:label1\" content=\"Escrito por\" \/>\n\t<meta name=\"twitter:data1\" content=\"IAAviM\" \/>\n\t<meta name=\"twitter:label2\" content=\"Tiempo de lectura\" \/>\n\t<meta name=\"twitter:data2\" content=\"6 minutos\" \/>\n<script type=\"application\/ld+json\" class=\"yoast-schema-graph\">{\"@context\":\"https:\\\/\\\/schema.org\",\"@graph\":[{\"@type\":\"Article\",\"@id\":\"https:\\\/\\\/www.iaavim.gob.ar\\\/?p=12548#article\",\"isPartOf\":{\"@id\":\"https:\\\/\\\/www.iaavim.gob.ar\\\/?p=12548\"},\"author\":{\"name\":\"IAAviM\",\"@id\":\"\\\/#\\\/schema\\\/person\\\/affb351a86bbbb5cdff3011db06ccf85\"},\"headline\":\"Bases convocatoria largometrajes y series\",\"datePublished\":\"2022-11-21T16:34:43+00:00\",\"dateModified\":\"2023-12-18T13:41:44+00:00\",\"mainEntityOfPage\":{\"@id\":\"https:\\\/\\\/www.iaavim.gob.ar\\\/?p=12548\"},\"wordCount\":1304,\"publisher\":{\"@id\":\"\\\/#organization\"},\"image\":{\"@id\":\"https:\\\/\\\/www.iaavim.gob.ar\\\/?p=12548#primaryimage\"},\"thumbnailUrl\":\"https:\\\/\\\/www.iaavim.gob.ar\\\/wp-content\\\/uploads\\\/2022\\\/11\\\/convocatoria-sitio-.jpg\",\"keywords\":[\"animaci\u00f3n\",\"convocatoria IAAviM\",\"convocatorias\",\"documental\",\"ficci\u00f3n\",\"fomento\",\"largometraje\",\"portada\",\"series\"],\"articleSection\":[\"Convocatorias\"],\"inLanguage\":\"es-AR\"},{\"@type\":\"WebPage\",\"@id\":\"https:\\\/\\\/www.iaavim.gob.ar\\\/?p=12548\",\"url\":\"https:\\\/\\\/www.iaavim.gob.ar\\\/?p=12548\",\"name\":\"Bases convocatoria largometrajes y series -\",\"isPartOf\":{\"@id\":\"\\\/#website\"},\"primaryImageOfPage\":{\"@id\":\"https:\\\/\\\/www.iaavim.gob.ar\\\/?p=12548#primaryimage\"},\"image\":{\"@id\":\"https:\\\/\\\/www.iaavim.gob.ar\\\/?p=12548#primaryimage\"},\"thumbnailUrl\":\"https:\\\/\\\/www.iaavim.gob.ar\\\/wp-content\\\/uploads\\\/2022\\\/11\\\/convocatoria-sitio-.jpg\",\"datePublished\":\"2022-11-21T16:34:43+00:00\",\"dateModified\":\"2023-12-18T13:41:44+00:00\",\"breadcrumb\":{\"@id\":\"https:\\\/\\\/www.iaavim.gob.ar\\\/?p=12548#breadcrumb\"},\"inLanguage\":\"es-AR\",\"potentialAction\":[{\"@type\":\"ReadAction\",\"target\":[\"https:\\\/\\\/www.iaavim.gob.ar\\\/?p=12548\"]}]},{\"@type\":\"ImageObject\",\"inLanguage\":\"es-AR\",\"@id\":\"https:\\\/\\\/www.iaavim.gob.ar\\\/?p=12548#primaryimage\",\"url\":\"https:\\\/\\\/www.iaavim.gob.ar\\\/wp-content\\\/uploads\\\/2022\\\/11\\\/convocatoria-sitio-.jpg\",\"contentUrl\":\"https:\\\/\\\/www.iaavim.gob.ar\\\/wp-content\\\/uploads\\\/2022\\\/11\\\/convocatoria-sitio-.jpg\",\"width\":1200,\"height\":676},{\"@type\":\"BreadcrumbList\",\"@id\":\"https:\\\/\\\/www.iaavim.gob.ar\\\/?p=12548#breadcrumb\",\"itemListElement\":[{\"@type\":\"ListItem\",\"position\":1,\"name\":\"Inicio\",\"item\":\"https:\\\/\\\/www.iaavim.gob.ar\\\/\"},{\"@type\":\"ListItem\",\"position\":2,\"name\":\"Bases convocatoria largometrajes y series\"}]},{\"@type\":\"WebSite\",\"@id\":\"\\\/#website\",\"url\":\"\\\/\",\"name\":\"\",\"description\":\"Sitio oficial del IAAviM\",\"publisher\":{\"@id\":\"\\\/#organization\"},\"potentialAction\":[{\"@type\":\"SearchAction\",\"target\":{\"@type\":\"EntryPoint\",\"urlTemplate\":\"\\\/?s={search_term_string}\"},\"query-input\":{\"@type\":\"PropertyValueSpecification\",\"valueRequired\":true,\"valueName\":\"search_term_string\"}}],\"inLanguage\":\"es-AR\"},{\"@type\":\"Organization\",\"@id\":\"\\\/#organization\",\"name\":\"Instituto de Artes Audiovisuales de Misiones\",\"url\":\"\\\/\",\"logo\":{\"@type\":\"ImageObject\",\"inLanguage\":\"es-AR\",\"@id\":\"\\\/#\\\/schema\\\/logo\\\/image\\\/\",\"url\":\"https:\\\/\\\/iaavim.misiones.gob.ar\\\/wp-content\\\/uploads\\\/2021\\\/07\\\/logo-iaavim-preview.png.jpg\",\"contentUrl\":\"https:\\\/\\\/iaavim.misiones.gob.ar\\\/wp-content\\\/uploads\\\/2021\\\/07\\\/logo-iaavim-preview.png.jpg\",\"width\":1200,\"height\":675,\"caption\":\"Instituto de Artes Audiovisuales de Misiones\"},\"image\":{\"@id\":\"\\\/#\\\/schema\\\/logo\\\/image\\\/\"}},{\"@type\":\"Person\",\"@id\":\"\\\/#\\\/schema\\\/person\\\/affb351a86bbbb5cdff3011db06ccf85\",\"name\":\"IAAviM\",\"image\":{\"@type\":\"ImageObject\",\"inLanguage\":\"es-AR\",\"@id\":\"https:\\\/\\\/secure.gravatar.com\\\/avatar\\\/6a023e5ff426a571199af5d6ff7996bd89e8be946af83dc1c2624ad66151ed39?s=96&d=blank&r=g\",\"url\":\"https:\\\/\\\/secure.gravatar.com\\\/avatar\\\/6a023e5ff426a571199af5d6ff7996bd89e8be946af83dc1c2624ad66151ed39?s=96&d=blank&r=g\",\"contentUrl\":\"https:\\\/\\\/secure.gravatar.com\\\/avatar\\\/6a023e5ff426a571199af5d6ff7996bd89e8be946af83dc1c2624ad66151ed39?s=96&d=blank&r=g\",\"caption\":\"IAAviM\"},\"url\":\"https:\\\/\\\/www.iaavim.gob.ar\\\/?author=2\"}]}<\/script>\n<!-- \/ Yoast SEO plugin. -->","yoast_head_json":{"title":"Bases convocatoria largometrajes y series -","robots":{"index":"index","follow":"follow","max-snippet":"max-snippet:-1","max-image-preview":"max-image-preview:large","max-video-preview":"max-video-preview:-1"},"canonical":"https:\/\/www.iaavim.gob.ar\/?p=12548","og_locale":"es_ES","og_type":"article","og_title":"Bases convocatoria largometrajes y series -","og_description":"CONVOCATORIA 2023 PROYECTOS DE LARGOMETRAJES O SERIES DE FICCI\u00d3N, DOCUMENTAL O ANIMACI\u00d3N CAP\u00cdTULO 1. OBJETO ART\u00cdCULO 1: El Instituto de Artes Audiovisuales de Misiones (IAAviM) contin\u00faa con el Programa de Captaci\u00f3n de Inversiones y Fortalecimiento del Sector Audiovisual Profesional, abriendo el llamado a la \u201cConvocatoria para largometrajes o series de ficci\u00f3n, documental o animaci\u00f3n 2023\u201d. &hellip;","og_url":"https:\/\/www.iaavim.gob.ar\/?p=12548","article_published_time":"2022-11-21T16:34:43+00:00","article_modified_time":"2023-12-18T13:41:44+00:00","og_image":[{"width":1200,"height":676,"url":"https:\/\/www.iaavim.gob.ar\/wp-content\/uploads\/2022\/11\/convocatoria-sitio-.jpg","type":"image\/jpeg"}],"author":"IAAviM","twitter_card":"summary_large_image","twitter_misc":{"Escrito por":"IAAviM","Tiempo de lectura":"6 minutos"},"schema":{"@context":"https:\/\/schema.org","@graph":[{"@type":"Article","@id":"https:\/\/www.iaavim.gob.ar\/?p=12548#article","isPartOf":{"@id":"https:\/\/www.iaavim.gob.ar\/?p=12548"},"author":{"name":"IAAviM","@id":"\/#\/schema\/person\/affb351a86bbbb5cdff3011db06ccf85"},"headline":"Bases convocatoria largometrajes y series","datePublished":"2022-11-21T16:34:43+00:00","dateModified":"2023-12-18T13:41:44+00:00","mainEntityOfPage":{"@id":"https:\/\/www.iaavim.gob.ar\/?p=12548"},"wordCount":1304,"publisher":{"@id":"\/#organization"},"image":{"@id":"https:\/\/www.iaavim.gob.ar\/?p=12548#primaryimage"},"thumbnailUrl":"https:\/\/www.iaavim.gob.ar\/wp-content\/uploads\/2022\/11\/convocatoria-sitio-.jpg","keywords":["animaci\u00f3n","convocatoria IAAviM","convocatorias","documental","ficci\u00f3n","fomento","largometraje","portada","series"],"articleSection":["Convocatorias"],"inLanguage":"es-AR"},{"@type":"WebPage","@id":"https:\/\/www.iaavim.gob.ar\/?p=12548","url":"https:\/\/www.iaavim.gob.ar\/?p=12548","name":"Bases convocatoria largometrajes y series -","isPartOf":{"@id":"\/#website"},"primaryImageOfPage":{"@id":"https:\/\/www.iaavim.gob.ar\/?p=12548#primaryimage"},"image":{"@id":"https:\/\/www.iaavim.gob.ar\/?p=12548#primaryimage"},"thumbnailUrl":"https:\/\/www.iaavim.gob.ar\/wp-content\/uploads\/2022\/11\/convocatoria-sitio-.jpg","datePublished":"2022-11-21T16:34:43+00:00","dateModified":"2023-12-18T13:41:44+00:00","breadcrumb":{"@id":"https:\/\/www.iaavim.gob.ar\/?p=12548#breadcrumb"},"inLanguage":"es-AR","potentialAction":[{"@type":"ReadAction","target":["https:\/\/www.iaavim.gob.ar\/?p=12548"]}]},{"@type":"ImageObject","inLanguage":"es-AR","@id":"https:\/\/www.iaavim.gob.ar\/?p=12548#primaryimage","url":"https:\/\/www.iaavim.gob.ar\/wp-content\/uploads\/2022\/11\/convocatoria-sitio-.jpg","contentUrl":"https:\/\/www.iaavim.gob.ar\/wp-content\/uploads\/2022\/11\/convocatoria-sitio-.jpg","width":1200,"height":676},{"@type":"BreadcrumbList","@id":"https:\/\/www.iaavim.gob.ar\/?p=12548#breadcrumb","itemListElement":[{"@type":"ListItem","position":1,"name":"Inicio","item":"https:\/\/www.iaavim.gob.ar\/"},{"@type":"ListItem","position":2,"name":"Bases convocatoria largometrajes y series"}]},{"@type":"WebSite","@id":"\/#website","url":"\/","name":"","description":"Sitio oficial del IAAviM","publisher":{"@id":"\/#organization"},"potentialAction":[{"@type":"SearchAction","target":{"@type":"EntryPoint","urlTemplate":"\/?s={search_term_string}"},"query-input":{"@type":"PropertyValueSpecification","valueRequired":true,"valueName":"search_term_string"}}],"inLanguage":"es-AR"},{"@type":"Organization","@id":"\/#organization","name":"Instituto de Artes Audiovisuales de Misiones","url":"\/","logo":{"@type":"ImageObject","inLanguage":"es-AR","@id":"\/#\/schema\/logo\/image\/","url":"https:\/\/iaavim.misiones.gob.ar\/wp-content\/uploads\/2021\/07\/logo-iaavim-preview.png.jpg","contentUrl":"https:\/\/iaavim.misiones.gob.ar\/wp-content\/uploads\/2021\/07\/logo-iaavim-preview.png.jpg","width":1200,"height":675,"caption":"Instituto de Artes Audiovisuales de Misiones"},"image":{"@id":"\/#\/schema\/logo\/image\/"}},{"@type":"Person","@id":"\/#\/schema\/person\/affb351a86bbbb5cdff3011db06ccf85","name":"IAAviM","image":{"@type":"ImageObject","inLanguage":"es-AR","@id":"https:\/\/secure.gravatar.com\/avatar\/6a023e5ff426a571199af5d6ff7996bd89e8be946af83dc1c2624ad66151ed39?s=96&d=blank&r=g","url":"https:\/\/secure.gravatar.com\/avatar\/6a023e5ff426a571199af5d6ff7996bd89e8be946af83dc1c2624ad66151ed39?s=96&d=blank&r=g","contentUrl":"https:\/\/secure.gravatar.com\/avatar\/6a023e5ff426a571199af5d6ff7996bd89e8be946af83dc1c2624ad66151ed39?s=96&d=blank&r=g","caption":"IAAviM"},"url":"https:\/\/www.iaavim.gob.ar\/?author=2"}]}},"amp_enabled":true,"_links":{"self":[{"href":"https:\/\/www.iaavim.gob.ar\/index.php?rest_route=\/wp\/v2\/posts\/12548","targetHints":{"allow":["GET"]}}],"collection":[{"href":"https:\/\/www.iaavim.gob.ar\/index.php?rest_route=\/wp\/v2\/posts"}],"about":[{"href":"https:\/\/www.iaavim.gob.ar\/index.php?rest_route=\/wp\/v2\/types\/post"}],"author":[{"embeddable":true,"href":"https:\/\/www.iaavim.gob.ar\/index.php?rest_route=\/wp\/v2\/users\/2"}],"replies":[{"embeddable":true,"href":"https:\/\/www.iaavim.gob.ar\/index.php?rest_route=%2Fwp%2Fv2%2Fcomments&post=12548"}],"version-history":[{"count":3,"href":"https:\/\/www.iaavim.gob.ar\/index.php?rest_route=\/wp\/v2\/posts\/12548\/revisions"}],"predecessor-version":[{"id":13477,"href":"https:\/\/www.iaavim.gob.ar\/index.php?rest_route=\/wp\/v2\/posts\/12548\/revisions\/13477"}],"wp:featuredmedia":[{"embeddable":true,"href":"https:\/\/www.iaavim.gob.ar\/index.php?rest_route=\/wp\/v2\/media\/12503"}],"wp:attachment":[{"href":"https:\/\/www.iaavim.gob.ar\/index.php?rest_route=%2Fwp%2Fv2%2Fmedia&parent=12548"}],"wp:term":[{"taxonomy":"category","embeddable":true,"href":"https:\/\/www.iaavim.gob.ar\/index.php?rest_route=%2Fwp%2Fv2%2Fcategories&post=12548"},{"taxonomy":"post_tag","embeddable":true,"href":"https:\/\/www.iaavim.gob.ar\/index.php?rest_route=%2Fwp%2Fv2%2Ftags&post=12548"}],"curies":[{"name":"wp","href":"https:\/\/api.w.org\/{rel}","templated":true}]}}