{"id":12251,"date":"2022-09-14T12:48:50","date_gmt":"2022-09-14T15:48:50","guid":{"rendered":"https:\/\/iaavim.com\/?p=12251"},"modified":"2022-12-16T10:15:42","modified_gmt":"2022-12-16T13:15:42","slug":"cronograma-e-inscripciones","status":"publish","type":"post","link":"https:\/\/www.iaavim.gob.ar\/?p=12251","title":{"rendered":"Cronograma e inscripciones"},"content":{"rendered":"\n<p>El Instituto de Artes Audiovisuales de Misiones, a trav\u00e9s de la Gerencia de Capacitaci\u00f3n e Investigaci\u00f3n, invita a participar del ciclo de charlas abiertas en el marco del programa IAAviM Lab 2022<\/p>\n\n\n\n<p>Por medio de esta l\u00ednea de trabajo, que cuenta con el apoyo t\u00e9cnico y financiero del Consejo Federal de Inversiones (CFI), se ofrece de manera gratuita al sector audiovisual de Misiones y de la regi\u00f3n, talleres, cursos, charlas, seminarios y laboratorios de desarrollo, para especializarse, actualizar conocimientos, adquirir experiencia y herramientas en beneficio de su desarrollo y afianzamiento profesional.&nbsp;<\/p>\n\n\n\n<div style=\"height:40px\" aria-hidden=\"true\" class=\"wp-block-spacer\"><\/div>\n\n\n\n<h2 class=\"wp-block-heading\">\u2606 Cronograma y formularios de inscripci\u00f3n<\/h2>\n\n\n\n<p><\/p>\n\n\n\n<ul class=\"wp-block-list\">\n<li><strong>18 de noviembre, de 16 a 20 hs, y 19 de noviembre, de 9 a 18 hs<\/strong> \/\/ <strong>presencial Posadas<\/strong><\/li>\n<\/ul>\n\n\n\n<p><strong><em>\u201cLa pr\u00e1ctica del sonido en el medio audiovisual\u201d, por Cecilia Assalini<\/em><\/strong><\/p>\n\n\n\n<p class=\"has-text-align-left\">La exploraci\u00f3n y el an\u00e1lisis del sonido a partir de una serie de conocimientos t\u00e9cnicos y conceptuales, nos posibilitar\u00e1 un acercamiento creativo y nos permitir\u00e1 abordar el aprendizaje del dise\u00f1o y la elaboraci\u00f3n de la banda sonora. Esto generar\u00e1 en el alumnado un descubrimiento progresivo de las relaciones que existen entre im\u00e1genes y sonidos tomados de la realidad, o creados artificialmente, porque esta actitud de b\u00fasqueda, de permanente replanteo, posibilitar\u00e1 la aparici\u00f3n de situaciones favorables a la investigaci\u00f3n y a la evoluci\u00f3n del lenguaje. Se trata de encontrar un concepto integrador que capacite a las y los alumnos a seguir desarroll\u00e1ndose en el campo de las artes audiovisuales con ideas innovadoras, con una formaci\u00f3n conceptual y t\u00e9cnica suficiente, con un alto nivel de creatividad, a la realizaci\u00f3n del dise\u00f1o sonoro audiovisual.<\/p>\n\n\n\n<p><\/p>\n\n\n\n<div class=\"wp-block-buttons is-content-justification-center is-layout-flex wp-container-core-buttons-is-layout-64b26803 wp-block-buttons-is-layout-flex\">\n<div class=\"wp-block-button aligncenter has-custom-width wp-block-button__width-50\"><a class=\"wp-block-button__link has-white-color has-vivid-purple-background-color has-text-color has-background wp-element-button\" href=\"https:\/\/docs.google.com\/forms\/d\/e\/1FAIpQLScKGZfUeIIPSH5t1ciCeh5Ts_ikRISEMRPfxSd_IfAzcIdRgQ\/viewform\" style=\"border-radius:13px\">Inscripci\u00f3n taller de Sonido <br>por Cecilia Assalini<\/a><\/div>\n<\/div>\n\n\n\n<div style=\"height:55px\" aria-hidden=\"true\" class=\"wp-block-spacer\"><\/div>\n\n\n\n<ul class=\"wp-block-list\">\n<li><strong>19 de noviembre, de 9 a 12 hs &#8211; virtual <\/strong><\/li>\n<\/ul>\n\n\n\n<p><strong><em>\u201cDise\u00f1o y Presupuesto de un Proyecto de Animaci\u00f3n\u201d, por&nbsp; Romina Savary&nbsp;<\/em><\/strong><\/p>\n\n\n\n<p>Clase te\u00f3rica y pr\u00e1ctica sobre realizaci\u00f3n de cronogramas de trabajo y presupuestos, con el objetivo de desarrollar un primer borrador de presupuesto completo o presupuesto de desarrollo de un proyecto audiovisual, m\u00e1s espec\u00edficamente, de animaci\u00f3n.&nbsp;<\/p>\n\n\n\n<p>Entre los objetivos de esta propuesta de capacitaci\u00f3n, destacan: aprender una metodolog\u00eda de trabajo que permita abordar con \u00e9xito la concreci\u00f3n de un proyecto de animaci\u00f3n, aprender a implementar herramientas de planificaci\u00f3n; y entender el mercado audiovisual y las fuentes de financiaci\u00f3n del sector audiovisual.<\/p>\n\n\n\n<p>El encuentro ser\u00e1 virtual (plataforma Zoom), de 3 horas de duraci\u00f3n, destinado a personas que tengan un proyecto de animaci\u00f3n en etapa de desarrollo o que deseen profundizar los conocimientos en esta \u00e1rea espec\u00edfica.&nbsp;<\/p>\n\n\n\n<p><strong>Romina Savary<\/strong>&nbsp;<\/p>\n\n\n\n<p>T\u00e9cnica Productora en Medios Audiovisuales, egresada del departamento de Cine y TV de la Universidad Nacional de C\u00f3rdoba. Se desempe\u00f1a como productora general con amplia experiencia en el desarrollo y producci\u00f3n de contenidos audiovisuales especialmente documental y animaci\u00f3n.&nbsp;<\/p>\n\n\n\n<p>Es presidenta de APA, Asociaci\u00f3n de Productores de Animaci\u00f3n y miembro Fundadora de RAMA (Red Argentina de Mujeres de la Animaci\u00f3n) y coordinadora de APA LAB, Laboratorio Latinoamericano para el desarrollo de proyectos de animaci\u00f3n.&nbsp;<\/p>\n\n\n\n<p>Entre sus trabajos m\u00e1s destacados se encuentran: producci\u00f3n ejecutiva de la serie de animaci\u00f3n \u201c\u00d3peras para So\u00f1ar\u201d (Paka Paka 2020), producci\u00f3n ejecutiva de la serie de animaci\u00f3n \u201cAnt\u00f3n y el Mundo Raro\u201d (en desarrollo); producci\u00f3n general de la serie \u201cBugstin\u201d.<\/p>\n\n\n\n<p>Tambi\u00e9n la producci\u00f3n general de los largometrajes documentales \u201cPrimera Luz\u201d de Juan Dar\u00edo Almagro y &#8220;El Pintor y su Doble&#8221; de Santiago Sein. \u201cLa invenci\u00f3n de Castagno\u201d de Pablo Mart\u00edn Chechi, producci\u00f3n ejecutiva de \u201cLa Comarca de Juli\u00e1n\u201d, serie de animaci\u00f3n de 13 cap\u00edtulos para el Canal Paka Paka. Productora ejecutiva de la serie \u201cMicros Ciencia: Biolog\u00eda\u201d (13 cap x 5 min) Canal Encuentro, producida por El Birque Animaciones, producci\u00f3n general de las series documentales para televisi\u00f3n: \u201cNuestro Cl\u00e1sico\u201d (Acua Federal).<\/p>\n\n\n\n<p><\/p>\n\n\n\n<div class=\"wp-block-buttons is-layout-flex wp-block-buttons-is-layout-flex\">\n<div class=\"wp-block-button aligncenter\"><a class=\"wp-block-button__link has-white-color has-vivid-purple-background-color has-text-color has-background wp-element-button\" href=\"https:\/\/docs.google.com\/forms\/d\/e\/1FAIpQLSfD0rUqQHdwKlN2I_hBoyLv2mUpfnE3hZP1yqj_h4UgUCFlGA\/viewform\" style=\"border-radius:7px\" target=\"_blank\" rel=\"noreferrer noopener\">Inscripci\u00f3n capacitaci\u00f3n Romina Savary<\/a><\/div>\n<\/div>\n\n\n\n<div style=\"height:100px\" aria-hidden=\"true\" class=\"wp-block-spacer\"><\/div>\n\n\n\n<hr class=\"wp-block-separator has-alpha-channel-opacity is-style-default\"\/>\n\n\n\n<p class=\"has-text-align-center\">CAPACITACIONES REALIZADAS<\/p>\n\n\n\n<p><\/p>\n\n\n\n<ul class=\"wp-block-list\">\n<li><strong>21 y 22 de octubre &#8211; virtual \/\/ 28 y 29 de octubre &#8211; presencial Puerto Esperanza<\/strong><\/li>\n<\/ul>\n\n\n\n<p><strong><em>&#8220;Taller de Direcci\u00f3n de Fotograf\u00eda y C\u00e1mara&#8221;<\/em><\/strong><em>, <strong>por Sandra Grossi y Carolina Rolandi<\/strong><\/em><\/p>\n\n\n\n<p>Este taller est\u00e1 destinado a profesionales del sector, inscriptxs en REPA. Consta de dos encuentros virtuales y dos presenciales, donde las capacitadoras propiciar\u00e1n un espacio de confianza y an\u00e1lisis con todas aquellas personas que deseen ingresar al mundo de la iluminaci\u00f3n audiovisual.<\/p>\n\n\n\n<p>La propuesta del taller te\u00f3rico-pr\u00e1ctico tiene por objetivo brindar seguridad y conocimiento t\u00e9cnico para que quienes participen puedan despejar sus dudas y los miedos en rodaje, entender los roles t\u00e9cnicos de todas las \u00e1reas vinculadas al trabajo con la luz: C\u00e1mara, Directxr de Fotograf\u00eda, Gaffer, Jefx de electricxs, Grips, Operadorxs de generador, camarografxs, foquistas, segundxs, etc.<\/p>\n\n\n\n<div class=\"wp-block-buttons is-layout-flex wp-block-buttons-is-layout-flex\">\n<div class=\"wp-block-button aligncenter\"><a class=\"wp-block-button__link has-white-color has-vivid-purple-background-color has-text-color has-background wp-element-button\" style=\"border-radius:20px\">Inscripci\u00f3n taller Grossi &#8211; Rolandi<br>CUPOS COMPLETOS<\/a><\/div>\n<\/div>\n\n\n\n<p><\/p>\n\n\n\n<ul class=\"wp-block-list\">\n<li><strong>22 de septiembre &#8211; 17 hs &#8211; plataforma Zoom<\/strong><\/li>\n<\/ul>\n\n\n\n<p><strong><em>\u201cDise\u00f1o vs Personaje\u201d, por Gabriel Fermanelli<\/em><\/strong><br>Durante la jornada se analizar\u00e1, a trav\u00e9s de diferentes proyectos, c\u00f3mo pensar el dise\u00f1o de personajes de acuerdo al formato, necesidades y b\u00fasquedas. Tambi\u00e9n c\u00f3mo administrar recursos, crear sistemas y darle vida a los personajes.<\/p>\n\n\n\n<p><\/p>\n\n\n\n<div class=\"wp-block-buttons is-content-justification-center is-layout-flex wp-container-core-buttons-is-layout-16018d1d wp-block-buttons-is-layout-flex\">\n<div class=\"wp-block-button\"><a class=\"wp-block-button__link has-vivid-purple-background-color has-background wp-element-button\" href=\"https:\/\/docs.google.com\/forms\/d\/e\/1FAIpQLSeAf-oJEnAHxBlkkGR5n6t30Z25l7jjc4TeQ4bOQRbsHKFMPg\/viewform\" style=\"border-radius:20px\" target=\"_blank\" rel=\"noreferrer noopener\">Inscripci\u00f3n charla Fermanelli<\/a><\/div>\n<\/div>\n\n\n\n<div style=\"height:50px\" aria-hidden=\"true\" class=\"wp-block-spacer\"><\/div>\n\n\n\n<ul class=\"wp-block-list\">\n<li><strong>24 de septiembre &#8211; 10 a 12 hs &#8211; virtual<\/strong><\/li>\n<\/ul>\n\n\n\n<p><em><strong>\u201cGuiones posibles de una danza imposible\u201d, por Mariana Jaroslavsky<\/strong><\/em><br>En esta charla se trabajar\u00e1 a partir de varios ejemplos de guiones, de las obras que se generaron en base a estos, y se analizar\u00e1n posibles metodolog\u00edas y procesos de creaci\u00f3n, para la construcci\u00f3n de un gui\u00f3n de videodanza, desde la idea inicial hasta la concepci\u00f3n de las diferentes escenas, teniendo en cuenta que en la edici\u00f3n audiovisual se abren m\u00faltiples posibilidades que pueden dar lugar a otros tantos posibles guiones.<\/p>\n\n\n\n<p><\/p>\n\n\n\n<div class=\"wp-block-buttons is-layout-flex wp-block-buttons-is-layout-flex\">\n<div class=\"wp-block-button aligncenter\"><a class=\"wp-block-button__link has-vivid-purple-background-color has-background wp-element-button\" href=\"https:\/\/docs.google.com\/forms\/d\/e\/1FAIpQLSeetENtfrc9x-di6N9XgvtcHT91UD0c2MuzaYYVKAEoPJM30Q\/viewform\" style=\"border-radius:20px\">Inscripci\u00f3n charla Jaroslavsky<\/a><\/div>\n<\/div>\n\n\n\n<div style=\"height:50px\" aria-hidden=\"true\" class=\"wp-block-spacer\"><\/div>\n\n\n\n<ul class=\"wp-block-list\">\n<li><strong>1 de octubre &#8211;&nbsp; 9 hs &#8211; virtual<\/strong><\/li>\n<\/ul>\n\n\n\n<p><strong><em>\u201cEl guion en la animaci\u00f3n&#8221;, por Luz Marquez<\/em><\/strong><br>Una introducci\u00f3n al gui\u00f3n para producciones animadas. El lugar del\/la guionista. Historias y universos en animaci\u00f3n. Distintivos del medio animado. \u00bfQu\u00e9 podemos&nbsp;contar con animaci\u00f3n? Caracter\u00edsticas del relato audiovisual. La escritura de guion, las diferencias con la literatura. Los distintos formatos.<\/p>\n\n\n\n<p><\/p>\n\n\n\n<div class=\"wp-block-buttons is-layout-flex wp-block-buttons-is-layout-flex\">\n<div class=\"wp-block-button aligncenter\"><a class=\"wp-block-button__link has-vivid-purple-background-color has-background wp-element-button\" href=\"https:\/\/docs.google.com\/forms\/d\/e\/1FAIpQLSe_JxFRNDNXc6V2yYQy6LXJAr5CPqo1qX3r8Sfs-w2h7zH3XQ\/viewform\" style=\"border-radius:20px\" target=\"_blank\" rel=\"noreferrer noopener\">Inscripci\u00f3n charla Marquez<\/a><\/div>\n<\/div>\n\n\n\n<div style=\"height:100px\" aria-hidden=\"true\" class=\"wp-block-spacer\"><\/div>\n","protected":false},"excerpt":{"rendered":"<p>El Instituto de Artes Audiovisuales de Misiones, a trav\u00e9s de la Gerencia de Capacitaci\u00f3n e Investigaci\u00f3n, invita a participar del ciclo de charlas abiertas en el marco del programa IAAviM Lab 2022 Por medio de esta l\u00ednea de trabajo, que cuenta con el apoyo t\u00e9cnico y financiero del Consejo Federal de Inversiones (CFI), se ofrece &hellip;<\/p>\n","protected":false},"author":2,"featured_media":12252,"comment_status":"closed","ping_status":"open","sticky":false,"template":"","format":"standard","meta":{"_acf_changed":false,"footnotes":""},"categories":[34],"tags":[53,311],"class_list":["post-12251","post","type-post","status-publish","format-standard","has-post-thumbnail","hentry","category-capacitacion","tag-capacitacion","tag-iaavim-lab"],"acf":[],"yoast_head":"<!-- This site is optimized with the Yoast SEO plugin v27.4 - https:\/\/yoast.com\/product\/yoast-seo-wordpress\/ -->\n<title>Cronograma e inscripciones -<\/title>\n<meta name=\"description\" content=\"El programa de capacitaci\u00f3n profesional IAAviM Lab ofrecer\u00e1 un ciclo de charlas t\u00e9cnica en el marco de su tercera edici\u00f3n.\" \/>\n<meta name=\"robots\" content=\"index, follow, max-snippet:-1, max-image-preview:large, max-video-preview:-1\" \/>\n<link rel=\"canonical\" href=\"https:\/\/www.iaavim.gob.ar\/?p=12251\" \/>\n<meta property=\"og:locale\" content=\"es_ES\" \/>\n<meta property=\"og:type\" content=\"article\" \/>\n<meta property=\"og:title\" content=\"Cronograma e inscripciones -\" \/>\n<meta property=\"og:description\" content=\"El programa de capacitaci\u00f3n profesional IAAviM Lab ofrecer\u00e1 un ciclo de charlas t\u00e9cnica en el marco de su tercera edici\u00f3n.\" \/>\n<meta property=\"og:url\" content=\"https:\/\/www.iaavim.gob.ar\/?p=12251\" \/>\n<meta property=\"article:published_time\" content=\"2022-09-14T15:48:50+00:00\" \/>\n<meta property=\"article:modified_time\" content=\"2022-12-16T13:15:42+00:00\" \/>\n<meta property=\"og:image\" content=\"https:\/\/www.iaavim.gob.ar\/wp-content\/uploads\/2022\/09\/lab-web_Mesa-de-trabajo-1.png\" \/>\n\t<meta property=\"og:image:width\" content=\"1200\" \/>\n\t<meta property=\"og:image:height\" content=\"676\" \/>\n\t<meta property=\"og:image:type\" content=\"image\/png\" \/>\n<meta name=\"author\" content=\"IAAviM\" \/>\n<meta name=\"twitter:card\" content=\"summary_large_image\" \/>\n<meta name=\"twitter:label1\" content=\"Escrito por\" \/>\n\t<meta name=\"twitter:data1\" content=\"IAAviM\" \/>\n\t<meta name=\"twitter:label2\" content=\"Tiempo de lectura\" \/>\n\t<meta name=\"twitter:data2\" content=\"5 minutos\" \/>\n<script type=\"application\/ld+json\" class=\"yoast-schema-graph\">{\"@context\":\"https:\\\/\\\/schema.org\",\"@graph\":[{\"@type\":\"Article\",\"@id\":\"https:\\\/\\\/www.iaavim.gob.ar\\\/?p=12251#article\",\"isPartOf\":{\"@id\":\"https:\\\/\\\/www.iaavim.gob.ar\\\/?p=12251\"},\"author\":{\"name\":\"IAAviM\",\"@id\":\"\\\/#\\\/schema\\\/person\\\/affb351a86bbbb5cdff3011db06ccf85\"},\"headline\":\"Cronograma e inscripciones\",\"datePublished\":\"2022-09-14T15:48:50+00:00\",\"dateModified\":\"2022-12-16T13:15:42+00:00\",\"mainEntityOfPage\":{\"@id\":\"https:\\\/\\\/www.iaavim.gob.ar\\\/?p=12251\"},\"wordCount\":1038,\"publisher\":{\"@id\":\"\\\/#organization\"},\"image\":{\"@id\":\"https:\\\/\\\/www.iaavim.gob.ar\\\/?p=12251#primaryimage\"},\"thumbnailUrl\":\"https:\\\/\\\/www.iaavim.gob.ar\\\/wp-content\\\/uploads\\\/2022\\\/09\\\/lab-web_Mesa-de-trabajo-1.png\",\"keywords\":[\"capacitaci\u00f3n\",\"IAAviM Lab\"],\"articleSection\":[\"Capacitaci\u00f3n\"],\"inLanguage\":\"es-AR\"},{\"@type\":\"WebPage\",\"@id\":\"https:\\\/\\\/www.iaavim.gob.ar\\\/?p=12251\",\"url\":\"https:\\\/\\\/www.iaavim.gob.ar\\\/?p=12251\",\"name\":\"Cronograma e inscripciones -\",\"isPartOf\":{\"@id\":\"\\\/#website\"},\"primaryImageOfPage\":{\"@id\":\"https:\\\/\\\/www.iaavim.gob.ar\\\/?p=12251#primaryimage\"},\"image\":{\"@id\":\"https:\\\/\\\/www.iaavim.gob.ar\\\/?p=12251#primaryimage\"},\"thumbnailUrl\":\"https:\\\/\\\/www.iaavim.gob.ar\\\/wp-content\\\/uploads\\\/2022\\\/09\\\/lab-web_Mesa-de-trabajo-1.png\",\"datePublished\":\"2022-09-14T15:48:50+00:00\",\"dateModified\":\"2022-12-16T13:15:42+00:00\",\"description\":\"El programa de capacitaci\u00f3n profesional IAAviM Lab ofrecer\u00e1 un ciclo de charlas t\u00e9cnica en el marco de su tercera edici\u00f3n.\",\"breadcrumb\":{\"@id\":\"https:\\\/\\\/www.iaavim.gob.ar\\\/?p=12251#breadcrumb\"},\"inLanguage\":\"es-AR\",\"potentialAction\":[{\"@type\":\"ReadAction\",\"target\":[\"https:\\\/\\\/www.iaavim.gob.ar\\\/?p=12251\"]}]},{\"@type\":\"ImageObject\",\"inLanguage\":\"es-AR\",\"@id\":\"https:\\\/\\\/www.iaavim.gob.ar\\\/?p=12251#primaryimage\",\"url\":\"https:\\\/\\\/www.iaavim.gob.ar\\\/wp-content\\\/uploads\\\/2022\\\/09\\\/lab-web_Mesa-de-trabajo-1.png\",\"contentUrl\":\"https:\\\/\\\/www.iaavim.gob.ar\\\/wp-content\\\/uploads\\\/2022\\\/09\\\/lab-web_Mesa-de-trabajo-1.png\",\"width\":1200,\"height\":676},{\"@type\":\"BreadcrumbList\",\"@id\":\"https:\\\/\\\/www.iaavim.gob.ar\\\/?p=12251#breadcrumb\",\"itemListElement\":[{\"@type\":\"ListItem\",\"position\":1,\"name\":\"Inicio\",\"item\":\"https:\\\/\\\/www.iaavim.gob.ar\\\/\"},{\"@type\":\"ListItem\",\"position\":2,\"name\":\"Cronograma e inscripciones\"}]},{\"@type\":\"WebSite\",\"@id\":\"\\\/#website\",\"url\":\"\\\/\",\"name\":\"\",\"description\":\"Sitio oficial del IAAviM\",\"publisher\":{\"@id\":\"\\\/#organization\"},\"potentialAction\":[{\"@type\":\"SearchAction\",\"target\":{\"@type\":\"EntryPoint\",\"urlTemplate\":\"\\\/?s={search_term_string}\"},\"query-input\":{\"@type\":\"PropertyValueSpecification\",\"valueRequired\":true,\"valueName\":\"search_term_string\"}}],\"inLanguage\":\"es-AR\"},{\"@type\":\"Organization\",\"@id\":\"\\\/#organization\",\"name\":\"Instituto de Artes Audiovisuales de Misiones\",\"url\":\"\\\/\",\"logo\":{\"@type\":\"ImageObject\",\"inLanguage\":\"es-AR\",\"@id\":\"\\\/#\\\/schema\\\/logo\\\/image\\\/\",\"url\":\"https:\\\/\\\/iaavim.misiones.gob.ar\\\/wp-content\\\/uploads\\\/2021\\\/07\\\/logo-iaavim-preview.png.jpg\",\"contentUrl\":\"https:\\\/\\\/iaavim.misiones.gob.ar\\\/wp-content\\\/uploads\\\/2021\\\/07\\\/logo-iaavim-preview.png.jpg\",\"width\":1200,\"height\":675,\"caption\":\"Instituto de Artes Audiovisuales de Misiones\"},\"image\":{\"@id\":\"\\\/#\\\/schema\\\/logo\\\/image\\\/\"}},{\"@type\":\"Person\",\"@id\":\"\\\/#\\\/schema\\\/person\\\/affb351a86bbbb5cdff3011db06ccf85\",\"name\":\"IAAviM\",\"image\":{\"@type\":\"ImageObject\",\"inLanguage\":\"es-AR\",\"@id\":\"https:\\\/\\\/secure.gravatar.com\\\/avatar\\\/6a023e5ff426a571199af5d6ff7996bd89e8be946af83dc1c2624ad66151ed39?s=96&d=blank&r=g\",\"url\":\"https:\\\/\\\/secure.gravatar.com\\\/avatar\\\/6a023e5ff426a571199af5d6ff7996bd89e8be946af83dc1c2624ad66151ed39?s=96&d=blank&r=g\",\"contentUrl\":\"https:\\\/\\\/secure.gravatar.com\\\/avatar\\\/6a023e5ff426a571199af5d6ff7996bd89e8be946af83dc1c2624ad66151ed39?s=96&d=blank&r=g\",\"caption\":\"IAAviM\"},\"url\":\"https:\\\/\\\/www.iaavim.gob.ar\\\/?author=2\"}]}<\/script>\n<!-- \/ Yoast SEO plugin. -->","yoast_head_json":{"title":"Cronograma e inscripciones -","description":"El programa de capacitaci\u00f3n profesional IAAviM Lab ofrecer\u00e1 un ciclo de charlas t\u00e9cnica en el marco de su tercera edici\u00f3n.","robots":{"index":"index","follow":"follow","max-snippet":"max-snippet:-1","max-image-preview":"max-image-preview:large","max-video-preview":"max-video-preview:-1"},"canonical":"https:\/\/www.iaavim.gob.ar\/?p=12251","og_locale":"es_ES","og_type":"article","og_title":"Cronograma e inscripciones -","og_description":"El programa de capacitaci\u00f3n profesional IAAviM Lab ofrecer\u00e1 un ciclo de charlas t\u00e9cnica en el marco de su tercera edici\u00f3n.","og_url":"https:\/\/www.iaavim.gob.ar\/?p=12251","article_published_time":"2022-09-14T15:48:50+00:00","article_modified_time":"2022-12-16T13:15:42+00:00","og_image":[{"width":1200,"height":676,"url":"https:\/\/www.iaavim.gob.ar\/wp-content\/uploads\/2022\/09\/lab-web_Mesa-de-trabajo-1.png","type":"image\/png"}],"author":"IAAviM","twitter_card":"summary_large_image","twitter_misc":{"Escrito por":"IAAviM","Tiempo de lectura":"5 minutos"},"schema":{"@context":"https:\/\/schema.org","@graph":[{"@type":"Article","@id":"https:\/\/www.iaavim.gob.ar\/?p=12251#article","isPartOf":{"@id":"https:\/\/www.iaavim.gob.ar\/?p=12251"},"author":{"name":"IAAviM","@id":"\/#\/schema\/person\/affb351a86bbbb5cdff3011db06ccf85"},"headline":"Cronograma e inscripciones","datePublished":"2022-09-14T15:48:50+00:00","dateModified":"2022-12-16T13:15:42+00:00","mainEntityOfPage":{"@id":"https:\/\/www.iaavim.gob.ar\/?p=12251"},"wordCount":1038,"publisher":{"@id":"\/#organization"},"image":{"@id":"https:\/\/www.iaavim.gob.ar\/?p=12251#primaryimage"},"thumbnailUrl":"https:\/\/www.iaavim.gob.ar\/wp-content\/uploads\/2022\/09\/lab-web_Mesa-de-trabajo-1.png","keywords":["capacitaci\u00f3n","IAAviM Lab"],"articleSection":["Capacitaci\u00f3n"],"inLanguage":"es-AR"},{"@type":"WebPage","@id":"https:\/\/www.iaavim.gob.ar\/?p=12251","url":"https:\/\/www.iaavim.gob.ar\/?p=12251","name":"Cronograma e inscripciones -","isPartOf":{"@id":"\/#website"},"primaryImageOfPage":{"@id":"https:\/\/www.iaavim.gob.ar\/?p=12251#primaryimage"},"image":{"@id":"https:\/\/www.iaavim.gob.ar\/?p=12251#primaryimage"},"thumbnailUrl":"https:\/\/www.iaavim.gob.ar\/wp-content\/uploads\/2022\/09\/lab-web_Mesa-de-trabajo-1.png","datePublished":"2022-09-14T15:48:50+00:00","dateModified":"2022-12-16T13:15:42+00:00","description":"El programa de capacitaci\u00f3n profesional IAAviM Lab ofrecer\u00e1 un ciclo de charlas t\u00e9cnica en el marco de su tercera edici\u00f3n.","breadcrumb":{"@id":"https:\/\/www.iaavim.gob.ar\/?p=12251#breadcrumb"},"inLanguage":"es-AR","potentialAction":[{"@type":"ReadAction","target":["https:\/\/www.iaavim.gob.ar\/?p=12251"]}]},{"@type":"ImageObject","inLanguage":"es-AR","@id":"https:\/\/www.iaavim.gob.ar\/?p=12251#primaryimage","url":"https:\/\/www.iaavim.gob.ar\/wp-content\/uploads\/2022\/09\/lab-web_Mesa-de-trabajo-1.png","contentUrl":"https:\/\/www.iaavim.gob.ar\/wp-content\/uploads\/2022\/09\/lab-web_Mesa-de-trabajo-1.png","width":1200,"height":676},{"@type":"BreadcrumbList","@id":"https:\/\/www.iaavim.gob.ar\/?p=12251#breadcrumb","itemListElement":[{"@type":"ListItem","position":1,"name":"Inicio","item":"https:\/\/www.iaavim.gob.ar\/"},{"@type":"ListItem","position":2,"name":"Cronograma e inscripciones"}]},{"@type":"WebSite","@id":"\/#website","url":"\/","name":"","description":"Sitio oficial del IAAviM","publisher":{"@id":"\/#organization"},"potentialAction":[{"@type":"SearchAction","target":{"@type":"EntryPoint","urlTemplate":"\/?s={search_term_string}"},"query-input":{"@type":"PropertyValueSpecification","valueRequired":true,"valueName":"search_term_string"}}],"inLanguage":"es-AR"},{"@type":"Organization","@id":"\/#organization","name":"Instituto de Artes Audiovisuales de Misiones","url":"\/","logo":{"@type":"ImageObject","inLanguage":"es-AR","@id":"\/#\/schema\/logo\/image\/","url":"https:\/\/iaavim.misiones.gob.ar\/wp-content\/uploads\/2021\/07\/logo-iaavim-preview.png.jpg","contentUrl":"https:\/\/iaavim.misiones.gob.ar\/wp-content\/uploads\/2021\/07\/logo-iaavim-preview.png.jpg","width":1200,"height":675,"caption":"Instituto de Artes Audiovisuales de Misiones"},"image":{"@id":"\/#\/schema\/logo\/image\/"}},{"@type":"Person","@id":"\/#\/schema\/person\/affb351a86bbbb5cdff3011db06ccf85","name":"IAAviM","image":{"@type":"ImageObject","inLanguage":"es-AR","@id":"https:\/\/secure.gravatar.com\/avatar\/6a023e5ff426a571199af5d6ff7996bd89e8be946af83dc1c2624ad66151ed39?s=96&d=blank&r=g","url":"https:\/\/secure.gravatar.com\/avatar\/6a023e5ff426a571199af5d6ff7996bd89e8be946af83dc1c2624ad66151ed39?s=96&d=blank&r=g","contentUrl":"https:\/\/secure.gravatar.com\/avatar\/6a023e5ff426a571199af5d6ff7996bd89e8be946af83dc1c2624ad66151ed39?s=96&d=blank&r=g","caption":"IAAviM"},"url":"https:\/\/www.iaavim.gob.ar\/?author=2"}]}},"amp_enabled":true,"_links":{"self":[{"href":"https:\/\/www.iaavim.gob.ar\/index.php?rest_route=\/wp\/v2\/posts\/12251","targetHints":{"allow":["GET"]}}],"collection":[{"href":"https:\/\/www.iaavim.gob.ar\/index.php?rest_route=\/wp\/v2\/posts"}],"about":[{"href":"https:\/\/www.iaavim.gob.ar\/index.php?rest_route=\/wp\/v2\/types\/post"}],"author":[{"embeddable":true,"href":"https:\/\/www.iaavim.gob.ar\/index.php?rest_route=\/wp\/v2\/users\/2"}],"replies":[{"embeddable":true,"href":"https:\/\/www.iaavim.gob.ar\/index.php?rest_route=%2Fwp%2Fv2%2Fcomments&post=12251"}],"version-history":[{"count":12,"href":"https:\/\/www.iaavim.gob.ar\/index.php?rest_route=\/wp\/v2\/posts\/12251\/revisions"}],"predecessor-version":[{"id":12568,"href":"https:\/\/www.iaavim.gob.ar\/index.php?rest_route=\/wp\/v2\/posts\/12251\/revisions\/12568"}],"wp:featuredmedia":[{"embeddable":true,"href":"https:\/\/www.iaavim.gob.ar\/index.php?rest_route=\/wp\/v2\/media\/12252"}],"wp:attachment":[{"href":"https:\/\/www.iaavim.gob.ar\/index.php?rest_route=%2Fwp%2Fv2%2Fmedia&parent=12251"}],"wp:term":[{"taxonomy":"category","embeddable":true,"href":"https:\/\/www.iaavim.gob.ar\/index.php?rest_route=%2Fwp%2Fv2%2Fcategories&post=12251"},{"taxonomy":"post_tag","embeddable":true,"href":"https:\/\/www.iaavim.gob.ar\/index.php?rest_route=%2Fwp%2Fv2%2Ftags&post=12251"}],"curies":[{"name":"wp","href":"https:\/\/api.w.org\/{rel}","templated":true}]}}