{"id":11851,"date":"2022-05-10T16:17:55","date_gmt":"2022-05-10T19:17:55","guid":{"rendered":"https:\/\/iaavim.com\/?p=11851"},"modified":"2022-05-31T13:14:49","modified_gmt":"2022-05-31T16:14:49","slug":"convocatoria-vivamos-cultura","status":"publish","type":"post","link":"https:\/\/www.iaavim.gob.ar\/?p=11851","title":{"rendered":"Convocatoria Vivamos Cultura"},"content":{"rendered":"\n<p>El Instituto de Artes Audiovisuales de Misiones convoca a realizadores y realizadoras de la provincia a ser parte del ciclo de cine misionero que ser\u00e1 parte de la nueva edici\u00f3n de &#8220;Gira Audiovisual&#8221; en la plataforma \u201cVivamos Cultura\u201d, el portal de contenidos audiovisuales del Ministerio de Cultura de la Ciudad Aut\u00f3noma de Buenos Aires.&nbsp;<\/p>\n\n\n\n<p>Hasta el <strong>16 de mayo<\/strong> se podr\u00e1n <strong>postular largometrajes y cortometrajes<\/strong> de ficci\u00f3n, documental o animaci\u00f3n, que re\u00fanan los siguientes requisitos t\u00e9cnicos: resoluci\u00f3n de 1280\u00d7720, c\u00f3dec H264, bitrate 2048 kbps y frame rate 23,9; 24; 25 o 29,97 fps. Adem\u00e1s, se deber\u00e1 adjuntar sinopsis, ficha t\u00e9cnica, im\u00e1genes fijas en alta resoluci\u00f3n (300 dpi) y la autorizaci\u00f3n para la exhibici\u00f3n en el portal Vivamos Cultura.&nbsp;<\/p>\n\n\n\n<p>Las y los interesados en participar tendr\u00e1n que enviar sus obras y archivos solicitados al correo <strong>mesadeentrada@iaavim.misiones.gob.ar<\/strong>, ya sea por wetransfer u otro medio de transferencia digital.<\/p>\n\n\n\n<p>El programa Gira Audiovisual es una iniciativa que recorre virtualmente la Argentina presentando ciclos de cine, programas de TV; obras y proyectos audiovisuales para acercar el talento regional de nuestro pa\u00eds. La programaci\u00f3n que se puede disfrutar a trav\u00e9s de la plataforma Vivamos Cultura, se ir\u00e1 renovando mes a mes, donde cada provincia ofrecer\u00e1 sus contenidos. La participaci\u00f3n de Misiones es coorganizada por la Gerencia de Exhibici\u00f3n, Distribuci\u00f3n y Comercializaci\u00f3n del IAAviM.<\/p>\n\n\n\n<p><\/p>\n","protected":false},"excerpt":{"rendered":"<p>El Instituto de Artes Audiovisuales de Misiones convoca a realizadores y realizadoras de la provincia a ser parte del ciclo de cine misionero que ser\u00e1 parte de la nueva edici\u00f3n de &#8220;Gira Audiovisual&#8221; en la plataforma \u201cVivamos Cultura\u201d, el portal de contenidos audiovisuales del Ministerio de Cultura de la Ciudad Aut\u00f3noma de Buenos Aires.&nbsp; Hasta &hellip;<\/p>\n","protected":false},"author":2,"featured_media":11852,"comment_status":"closed","ping_status":"open","sticky":false,"template":"","format":"standard","meta":{"_acf_changed":false,"footnotes":""},"categories":[9],"tags":[73,927,725,917,724],"class_list":["post-11851","post","type-post","status-publish","format-standard","has-post-thumbnail","hentry","category-convocatorias","tag-convocatoria","tag-edc-2","tag-ministerio-de-cultura-de-caba","tag-muestra-virtual","tag-vivamos-cultura"],"acf":[],"yoast_head":"<!-- This site is optimized with the Yoast SEO plugin v27.4 - https:\/\/yoast.com\/product\/yoast-seo-wordpress\/ -->\n<title>Convocatoria Vivamos Cultura -<\/title>\n<meta name=\"robots\" content=\"index, follow, max-snippet:-1, max-image-preview:large, max-video-preview:-1\" \/>\n<link rel=\"canonical\" href=\"https:\/\/www.iaavim.gob.ar\/?p=11851\" \/>\n<meta property=\"og:locale\" content=\"es_ES\" \/>\n<meta property=\"og:type\" content=\"article\" \/>\n<meta property=\"og:title\" content=\"Convocatoria Vivamos Cultura -\" \/>\n<meta property=\"og:description\" content=\"El Instituto de Artes Audiovisuales de Misiones convoca a realizadores y realizadoras de la provincia a ser parte del ciclo de cine misionero que ser\u00e1 parte de la nueva edici\u00f3n de &#8220;Gira Audiovisual&#8221; en la plataforma \u201cVivamos Cultura\u201d, el portal de contenidos audiovisuales del Ministerio de Cultura de la Ciudad Aut\u00f3noma de Buenos Aires.&nbsp; Hasta &hellip;\" \/>\n<meta property=\"og:url\" content=\"https:\/\/www.iaavim.gob.ar\/?p=11851\" \/>\n<meta property=\"article:published_time\" content=\"2022-05-10T19:17:55+00:00\" \/>\n<meta property=\"article:modified_time\" content=\"2022-05-31T16:14:49+00:00\" \/>\n<meta property=\"og:image\" content=\"https:\/\/www.iaavim.gob.ar\/wp-content\/uploads\/2022\/05\/Acceso-directo-web-1200x675-1.png\" \/>\n\t<meta property=\"og:image:width\" content=\"1200\" \/>\n\t<meta property=\"og:image:height\" content=\"675\" \/>\n\t<meta property=\"og:image:type\" content=\"image\/png\" \/>\n<meta name=\"author\" content=\"IAAviM\" \/>\n<meta name=\"twitter:card\" content=\"summary_large_image\" \/>\n<meta name=\"twitter:label1\" content=\"Escrito por\" \/>\n\t<meta name=\"twitter:data1\" content=\"IAAviM\" \/>\n\t<meta name=\"twitter:label2\" content=\"Tiempo de lectura\" \/>\n\t<meta name=\"twitter:data2\" content=\"1 minuto\" \/>\n<script type=\"application\/ld+json\" class=\"yoast-schema-graph\">{\"@context\":\"https:\\\/\\\/schema.org\",\"@graph\":[{\"@type\":\"Article\",\"@id\":\"https:\\\/\\\/www.iaavim.gob.ar\\\/?p=11851#article\",\"isPartOf\":{\"@id\":\"https:\\\/\\\/www.iaavim.gob.ar\\\/?p=11851\"},\"author\":{\"name\":\"IAAviM\",\"@id\":\"\\\/#\\\/schema\\\/person\\\/affb351a86bbbb5cdff3011db06ccf85\"},\"headline\":\"Convocatoria Vivamos Cultura\",\"datePublished\":\"2022-05-10T19:17:55+00:00\",\"dateModified\":\"2022-05-31T16:14:49+00:00\",\"mainEntityOfPage\":{\"@id\":\"https:\\\/\\\/www.iaavim.gob.ar\\\/?p=11851\"},\"wordCount\":241,\"publisher\":{\"@id\":\"\\\/#organization\"},\"image\":{\"@id\":\"https:\\\/\\\/www.iaavim.gob.ar\\\/?p=11851#primaryimage\"},\"thumbnailUrl\":\"https:\\\/\\\/www.iaavim.gob.ar\\\/wp-content\\\/uploads\\\/2022\\\/05\\\/Acceso-directo-web-1200x675-1.png\",\"keywords\":[\"convocatoria\",\"ED&amp;C\",\"Ministerio de Cultura de CABA\",\"muestra virtual\",\"Vivamos Cultura\"],\"articleSection\":[\"Convocatorias\"],\"inLanguage\":\"es-AR\"},{\"@type\":\"WebPage\",\"@id\":\"https:\\\/\\\/www.iaavim.gob.ar\\\/?p=11851\",\"url\":\"https:\\\/\\\/www.iaavim.gob.ar\\\/?p=11851\",\"name\":\"Convocatoria Vivamos Cultura -\",\"isPartOf\":{\"@id\":\"\\\/#website\"},\"primaryImageOfPage\":{\"@id\":\"https:\\\/\\\/www.iaavim.gob.ar\\\/?p=11851#primaryimage\"},\"image\":{\"@id\":\"https:\\\/\\\/www.iaavim.gob.ar\\\/?p=11851#primaryimage\"},\"thumbnailUrl\":\"https:\\\/\\\/www.iaavim.gob.ar\\\/wp-content\\\/uploads\\\/2022\\\/05\\\/Acceso-directo-web-1200x675-1.png\",\"datePublished\":\"2022-05-10T19:17:55+00:00\",\"dateModified\":\"2022-05-31T16:14:49+00:00\",\"breadcrumb\":{\"@id\":\"https:\\\/\\\/www.iaavim.gob.ar\\\/?p=11851#breadcrumb\"},\"inLanguage\":\"es-AR\",\"potentialAction\":[{\"@type\":\"ReadAction\",\"target\":[\"https:\\\/\\\/www.iaavim.gob.ar\\\/?p=11851\"]}]},{\"@type\":\"ImageObject\",\"inLanguage\":\"es-AR\",\"@id\":\"https:\\\/\\\/www.iaavim.gob.ar\\\/?p=11851#primaryimage\",\"url\":\"https:\\\/\\\/www.iaavim.gob.ar\\\/wp-content\\\/uploads\\\/2022\\\/05\\\/Acceso-directo-web-1200x675-1.png\",\"contentUrl\":\"https:\\\/\\\/www.iaavim.gob.ar\\\/wp-content\\\/uploads\\\/2022\\\/05\\\/Acceso-directo-web-1200x675-1.png\",\"width\":1200,\"height\":675},{\"@type\":\"BreadcrumbList\",\"@id\":\"https:\\\/\\\/www.iaavim.gob.ar\\\/?p=11851#breadcrumb\",\"itemListElement\":[{\"@type\":\"ListItem\",\"position\":1,\"name\":\"Inicio\",\"item\":\"https:\\\/\\\/www.iaavim.gob.ar\\\/\"},{\"@type\":\"ListItem\",\"position\":2,\"name\":\"Convocatoria Vivamos Cultura\"}]},{\"@type\":\"WebSite\",\"@id\":\"\\\/#website\",\"url\":\"\\\/\",\"name\":\"\",\"description\":\"Sitio oficial del IAAviM\",\"publisher\":{\"@id\":\"\\\/#organization\"},\"potentialAction\":[{\"@type\":\"SearchAction\",\"target\":{\"@type\":\"EntryPoint\",\"urlTemplate\":\"\\\/?s={search_term_string}\"},\"query-input\":{\"@type\":\"PropertyValueSpecification\",\"valueRequired\":true,\"valueName\":\"search_term_string\"}}],\"inLanguage\":\"es-AR\"},{\"@type\":\"Organization\",\"@id\":\"\\\/#organization\",\"name\":\"Instituto de Artes Audiovisuales de Misiones\",\"url\":\"\\\/\",\"logo\":{\"@type\":\"ImageObject\",\"inLanguage\":\"es-AR\",\"@id\":\"\\\/#\\\/schema\\\/logo\\\/image\\\/\",\"url\":\"https:\\\/\\\/iaavim.misiones.gob.ar\\\/wp-content\\\/uploads\\\/2021\\\/07\\\/logo-iaavim-preview.png.jpg\",\"contentUrl\":\"https:\\\/\\\/iaavim.misiones.gob.ar\\\/wp-content\\\/uploads\\\/2021\\\/07\\\/logo-iaavim-preview.png.jpg\",\"width\":1200,\"height\":675,\"caption\":\"Instituto de Artes Audiovisuales de Misiones\"},\"image\":{\"@id\":\"\\\/#\\\/schema\\\/logo\\\/image\\\/\"}},{\"@type\":\"Person\",\"@id\":\"\\\/#\\\/schema\\\/person\\\/affb351a86bbbb5cdff3011db06ccf85\",\"name\":\"IAAviM\",\"image\":{\"@type\":\"ImageObject\",\"inLanguage\":\"es-AR\",\"@id\":\"https:\\\/\\\/secure.gravatar.com\\\/avatar\\\/6a023e5ff426a571199af5d6ff7996bd89e8be946af83dc1c2624ad66151ed39?s=96&d=blank&r=g\",\"url\":\"https:\\\/\\\/secure.gravatar.com\\\/avatar\\\/6a023e5ff426a571199af5d6ff7996bd89e8be946af83dc1c2624ad66151ed39?s=96&d=blank&r=g\",\"contentUrl\":\"https:\\\/\\\/secure.gravatar.com\\\/avatar\\\/6a023e5ff426a571199af5d6ff7996bd89e8be946af83dc1c2624ad66151ed39?s=96&d=blank&r=g\",\"caption\":\"IAAviM\"},\"url\":\"https:\\\/\\\/www.iaavim.gob.ar\\\/?author=2\"}]}<\/script>\n<!-- \/ Yoast SEO plugin. -->","yoast_head_json":{"title":"Convocatoria Vivamos Cultura -","robots":{"index":"index","follow":"follow","max-snippet":"max-snippet:-1","max-image-preview":"max-image-preview:large","max-video-preview":"max-video-preview:-1"},"canonical":"https:\/\/www.iaavim.gob.ar\/?p=11851","og_locale":"es_ES","og_type":"article","og_title":"Convocatoria Vivamos Cultura -","og_description":"El Instituto de Artes Audiovisuales de Misiones convoca a realizadores y realizadoras de la provincia a ser parte del ciclo de cine misionero que ser\u00e1 parte de la nueva edici\u00f3n de &#8220;Gira Audiovisual&#8221; en la plataforma \u201cVivamos Cultura\u201d, el portal de contenidos audiovisuales del Ministerio de Cultura de la Ciudad Aut\u00f3noma de Buenos Aires.&nbsp; Hasta &hellip;","og_url":"https:\/\/www.iaavim.gob.ar\/?p=11851","article_published_time":"2022-05-10T19:17:55+00:00","article_modified_time":"2022-05-31T16:14:49+00:00","og_image":[{"width":1200,"height":675,"url":"https:\/\/www.iaavim.gob.ar\/wp-content\/uploads\/2022\/05\/Acceso-directo-web-1200x675-1.png","type":"image\/png"}],"author":"IAAviM","twitter_card":"summary_large_image","twitter_misc":{"Escrito por":"IAAviM","Tiempo de lectura":"1 minuto"},"schema":{"@context":"https:\/\/schema.org","@graph":[{"@type":"Article","@id":"https:\/\/www.iaavim.gob.ar\/?p=11851#article","isPartOf":{"@id":"https:\/\/www.iaavim.gob.ar\/?p=11851"},"author":{"name":"IAAviM","@id":"\/#\/schema\/person\/affb351a86bbbb5cdff3011db06ccf85"},"headline":"Convocatoria Vivamos Cultura","datePublished":"2022-05-10T19:17:55+00:00","dateModified":"2022-05-31T16:14:49+00:00","mainEntityOfPage":{"@id":"https:\/\/www.iaavim.gob.ar\/?p=11851"},"wordCount":241,"publisher":{"@id":"\/#organization"},"image":{"@id":"https:\/\/www.iaavim.gob.ar\/?p=11851#primaryimage"},"thumbnailUrl":"https:\/\/www.iaavim.gob.ar\/wp-content\/uploads\/2022\/05\/Acceso-directo-web-1200x675-1.png","keywords":["convocatoria","ED&amp;C","Ministerio de Cultura de CABA","muestra virtual","Vivamos Cultura"],"articleSection":["Convocatorias"],"inLanguage":"es-AR"},{"@type":"WebPage","@id":"https:\/\/www.iaavim.gob.ar\/?p=11851","url":"https:\/\/www.iaavim.gob.ar\/?p=11851","name":"Convocatoria Vivamos Cultura -","isPartOf":{"@id":"\/#website"},"primaryImageOfPage":{"@id":"https:\/\/www.iaavim.gob.ar\/?p=11851#primaryimage"},"image":{"@id":"https:\/\/www.iaavim.gob.ar\/?p=11851#primaryimage"},"thumbnailUrl":"https:\/\/www.iaavim.gob.ar\/wp-content\/uploads\/2022\/05\/Acceso-directo-web-1200x675-1.png","datePublished":"2022-05-10T19:17:55+00:00","dateModified":"2022-05-31T16:14:49+00:00","breadcrumb":{"@id":"https:\/\/www.iaavim.gob.ar\/?p=11851#breadcrumb"},"inLanguage":"es-AR","potentialAction":[{"@type":"ReadAction","target":["https:\/\/www.iaavim.gob.ar\/?p=11851"]}]},{"@type":"ImageObject","inLanguage":"es-AR","@id":"https:\/\/www.iaavim.gob.ar\/?p=11851#primaryimage","url":"https:\/\/www.iaavim.gob.ar\/wp-content\/uploads\/2022\/05\/Acceso-directo-web-1200x675-1.png","contentUrl":"https:\/\/www.iaavim.gob.ar\/wp-content\/uploads\/2022\/05\/Acceso-directo-web-1200x675-1.png","width":1200,"height":675},{"@type":"BreadcrumbList","@id":"https:\/\/www.iaavim.gob.ar\/?p=11851#breadcrumb","itemListElement":[{"@type":"ListItem","position":1,"name":"Inicio","item":"https:\/\/www.iaavim.gob.ar\/"},{"@type":"ListItem","position":2,"name":"Convocatoria Vivamos Cultura"}]},{"@type":"WebSite","@id":"\/#website","url":"\/","name":"","description":"Sitio oficial del IAAviM","publisher":{"@id":"\/#organization"},"potentialAction":[{"@type":"SearchAction","target":{"@type":"EntryPoint","urlTemplate":"\/?s={search_term_string}"},"query-input":{"@type":"PropertyValueSpecification","valueRequired":true,"valueName":"search_term_string"}}],"inLanguage":"es-AR"},{"@type":"Organization","@id":"\/#organization","name":"Instituto de Artes Audiovisuales de Misiones","url":"\/","logo":{"@type":"ImageObject","inLanguage":"es-AR","@id":"\/#\/schema\/logo\/image\/","url":"https:\/\/iaavim.misiones.gob.ar\/wp-content\/uploads\/2021\/07\/logo-iaavim-preview.png.jpg","contentUrl":"https:\/\/iaavim.misiones.gob.ar\/wp-content\/uploads\/2021\/07\/logo-iaavim-preview.png.jpg","width":1200,"height":675,"caption":"Instituto de Artes Audiovisuales de Misiones"},"image":{"@id":"\/#\/schema\/logo\/image\/"}},{"@type":"Person","@id":"\/#\/schema\/person\/affb351a86bbbb5cdff3011db06ccf85","name":"IAAviM","image":{"@type":"ImageObject","inLanguage":"es-AR","@id":"https:\/\/secure.gravatar.com\/avatar\/6a023e5ff426a571199af5d6ff7996bd89e8be946af83dc1c2624ad66151ed39?s=96&d=blank&r=g","url":"https:\/\/secure.gravatar.com\/avatar\/6a023e5ff426a571199af5d6ff7996bd89e8be946af83dc1c2624ad66151ed39?s=96&d=blank&r=g","contentUrl":"https:\/\/secure.gravatar.com\/avatar\/6a023e5ff426a571199af5d6ff7996bd89e8be946af83dc1c2624ad66151ed39?s=96&d=blank&r=g","caption":"IAAviM"},"url":"https:\/\/www.iaavim.gob.ar\/?author=2"}]}},"amp_enabled":true,"_links":{"self":[{"href":"https:\/\/www.iaavim.gob.ar\/index.php?rest_route=\/wp\/v2\/posts\/11851","targetHints":{"allow":["GET"]}}],"collection":[{"href":"https:\/\/www.iaavim.gob.ar\/index.php?rest_route=\/wp\/v2\/posts"}],"about":[{"href":"https:\/\/www.iaavim.gob.ar\/index.php?rest_route=\/wp\/v2\/types\/post"}],"author":[{"embeddable":true,"href":"https:\/\/www.iaavim.gob.ar\/index.php?rest_route=\/wp\/v2\/users\/2"}],"replies":[{"embeddable":true,"href":"https:\/\/www.iaavim.gob.ar\/index.php?rest_route=%2Fwp%2Fv2%2Fcomments&post=11851"}],"version-history":[{"count":2,"href":"https:\/\/www.iaavim.gob.ar\/index.php?rest_route=\/wp\/v2\/posts\/11851\/revisions"}],"predecessor-version":[{"id":11896,"href":"https:\/\/www.iaavim.gob.ar\/index.php?rest_route=\/wp\/v2\/posts\/11851\/revisions\/11896"}],"wp:featuredmedia":[{"embeddable":true,"href":"https:\/\/www.iaavim.gob.ar\/index.php?rest_route=\/wp\/v2\/media\/11852"}],"wp:attachment":[{"href":"https:\/\/www.iaavim.gob.ar\/index.php?rest_route=%2Fwp%2Fv2%2Fmedia&parent=11851"}],"wp:term":[{"taxonomy":"category","embeddable":true,"href":"https:\/\/www.iaavim.gob.ar\/index.php?rest_route=%2Fwp%2Fv2%2Fcategories&post=11851"},{"taxonomy":"post_tag","embeddable":true,"href":"https:\/\/www.iaavim.gob.ar\/index.php?rest_route=%2Fwp%2Fv2%2Ftags&post=11851"}],"curies":[{"name":"wp","href":"https:\/\/api.w.org\/{rel}","templated":true}]}}