{"id":11784,"date":"2022-04-20T11:42:11","date_gmt":"2022-04-20T14:42:11","guid":{"rendered":"https:\/\/iaavim.com\/?p=11784"},"modified":"2022-05-10T16:19:20","modified_gmt":"2022-05-10T19:19:20","slug":"muestra-virtual-semana-de-los-pueblos-indigenas","status":"publish","type":"post","link":"https:\/\/www.iaavim.gob.ar\/?p=11784","title":{"rendered":"Muestra virtual: Semana de los Pueblos Ind\u00edgenas"},"content":{"rendered":"\n<p>El \u00e1rea de <strong>Producci\u00f3n Comunitaria<\/strong> del <strong>Instituto de Artes Audiovisuales de Misiones<\/strong> presenta una muestra virtual de Cine Mbya Guaran\u00ed, en el marco de las acciones de visibilizaci\u00f3n por la Semana de los Pueblos Ind\u00edgenas.<\/p>\n\n\n\n<p>Esta conmemoraci\u00f3n tiene su origen en el Primer Congreso Indigenista Interamericano de 1940, en el cual se instituye el 19 de abril como el D\u00eda del Ind\u00edgena Americano.<\/p>\n\n\n\n<p>La muestra se distingue por presentar <strong>cortometrajes realizados por las y los propios integrantes de comunidades mbya de Argentina, Brasil y Paraguay<\/strong>, en el marco de talleres de producci\u00f3n y capacitaci\u00f3n audiovisual impulsados por diferentes colectivos e instituciones de la regi\u00f3n: Plan Paraguay; Colectivo de Cine Mbya Ara Pyau, Cooperativa de Producci\u00f3n Audiovisual La Rastrojera TV y el Programa Aldeias de la Secretar\u00eda Municipal de Cultura de San Pablo.<\/p>\n\n\n\n<div class=\"wp-block-buttons is-layout-flex wp-block-buttons-is-layout-flex\">\n<div class=\"wp-block-button\"><a class=\"wp-block-button__link has-vivid-cyan-blue-to-vivid-purple-gradient-background has-background\" href=\"https:\/\/iaavim.misiones.gob.ar\/muestra\/\" style=\"border-radius:11px\" target=\"_blank\" rel=\"noreferrer noopener\"><strong>VER<\/strong> MUESTRA CINE MBYA GUARAN\u00cd<\/a><\/div>\n<\/div>\n\n\n\n<div style=\"height:15px\" aria-hidden=\"true\" class=\"wp-block-spacer\"><\/div>\n\n\n\n<p>\u2606 Detalle de las obras que integran la muestra:&nbsp;<\/p>\n\n\n\n<h3 class=\"wp-block-heading\">*Argentina<\/h3>\n\n\n\n<ul class=\"wp-block-list\"><li>\u201c<strong>Avarag\u00fc\u00e9\u201d<\/strong>, que aborda la mitolog\u00eda guaran\u00ed, realizado por j\u00f3venes de la comunidad de Chap\u00ed, San Ignacio junto a La Rastrojera Tv. <\/li><li><strong>\u201cKerechu Mir\u00ef\u201d<\/strong>, realizado por el Colectivo de Cine Mbya Ara Pyau durante un taller de videocelular organizado por el IAAviM; <\/li><li><strong>\u201cYvy regua meme&#8217;i&#8221; (Somos de la tierra)<\/strong> del Colectivo de cine Mbya Ara Pyau realizado en el Tekoa Tamandu\u00e1, es una reflexi\u00f3n sobre la problem\u00e1tica del poder sobre el territorio; <\/li><li><strong>\u201cDesmonte en la aldea Yzyry\u201d<\/strong>; la comunidad de la aldea Ysysry, ubicada en Colonia Mado, Eldorado (Misiones) lleva a\u00f1os resistiendo el avance de las empresas madereras que causan el desmonte de su comunidad, \u00fanica fuente de reserva de selva, plantas aut\u00f3ctonas y medicinales.<\/li><\/ul>\n\n\n\n<p><\/p>\n\n\n\n<h3 class=\"wp-block-heading\"><strong>*Paraguay<\/strong><\/h3>\n\n\n\n<ul class=\"wp-block-list\"><li><strong>\u201cMit\u00e3 \u00d1emongakuaa<\/strong>&#8221; (Saberes sobre las crianza de los ni\u00f1os) (2014)<\/li><li><strong>&#8220;\u00d1ane rembi&#8217;u Tekoha Tahekyi&#8221; <\/strong>(Nuestros alimentos) (2014)<\/li><li><strong>&#8220;Guyrapa mir\u0129 poty\u00e1ra<\/strong>&#8221; (Manojo de flechas sagradas), realizado en la comunidad de \u00d1uapu\u00b4a del departamento de San Pedro. Manojo de flechas sagradas donde descansan todas las almas de la comunidad dentro del opy, templo sagrado, resguardando lo espiritual de cada ser, conect\u00e1ndose as\u00ed con la sanaci\u00f3n, desde la medicina de las plantas a los bailes sagrados.<\/li><\/ul>\n\n\n\n<p>Las tres producciones fueron realizadas en talleres organizados por Plan Paraguay.<\/p>\n\n\n\n<p><\/p>\n\n\n\n<h3 class=\"wp-block-heading\"><strong>*Brasil<\/strong><\/h3>\n\n\n\n<ul class=\"wp-block-list\"><li>&#8220;Nhamombaraete nhande ropy&#8217;i&#8221; (Fortalecimiento de nuestra casa de oraci\u00f3n), realizaci\u00f3n en el marco del Programa Aldeas por el Grupo Audiovisual Tenonde Por\u00e3 en 2015.<\/li><\/ul>\n\n\n\n<p><\/p>\n\n\n\n<p>La propuesta de Producci\u00f3n Comunitaria del IAAviM tiene como finalidad la circulaci\u00f3n y visibilizaci\u00f3n del cine ind\u00edgena realizado por sus propios integrantes, reflejando su mirada en la narrativa audiovisual. De este modo, se busca propiciar el debate sobre la actualidad de los pueblos originarios de nuestra regi\u00f3n, <meta charset=\"utf-8\">como una sola Naci\u00f3n Guaran\u00ed,&nbsp;problematizando el derecho a la tierra, a la libre expresi\u00f3n, y la necesidad de preservar y difundir la cultura, entre otros temas centrales.<\/p>\n\n\n\n<div style=\"height:100px\" aria-hidden=\"true\" class=\"wp-block-spacer\"><\/div>\n","protected":false},"excerpt":{"rendered":"<p>El \u00e1rea de Producci\u00f3n Comunitaria del Instituto de Artes Audiovisuales de Misiones presenta una muestra virtual de Cine Mbya Guaran\u00ed, en el marco de las acciones de visibilizaci\u00f3n por la Semana de los Pueblos Ind\u00edgenas. Esta conmemoraci\u00f3n tiene su origen en el Primer Congreso Indigenista Interamericano de 1940, en el cual se instituye el 19 &hellip;<\/p>\n","protected":false},"author":2,"featured_media":11785,"comment_status":"closed","ping_status":"open","sticky":false,"template":"","format":"standard","meta":{"_acf_changed":false,"footnotes":""},"categories":[7],"tags":[811,857,753,917,354],"class_list":["post-11784","post","type-post","status-publish","format-standard","has-post-thumbnail","hentry","category-comunitario","tag-cine-comunitario","tag-cine-mbya-guarani","tag-colectivo-de-cine-ara-pyau","tag-muestra-virtual","tag-produccion-comunitaria"],"acf":[],"yoast_head":"<!-- This site is optimized with the Yoast SEO plugin v27.4 - https:\/\/yoast.com\/product\/yoast-seo-wordpress\/ -->\n<title>Muestra virtual: Semana de los Pueblos Ind\u00edgenas - IAAviM<\/title>\n<meta name=\"description\" content=\"Una muestra virtual que acerca cortometrajes producidos por integrantes de comunidades mbya guaran\u00ed de Argentina, Brasil y Paraguay.\" \/>\n<meta name=\"robots\" content=\"index, follow, max-snippet:-1, max-image-preview:large, max-video-preview:-1\" \/>\n<link rel=\"canonical\" href=\"https:\/\/www.iaavim.gob.ar\/?p=11784\" \/>\n<meta property=\"og:locale\" content=\"es_ES\" \/>\n<meta property=\"og:type\" content=\"article\" \/>\n<meta property=\"og:title\" content=\"Muestra virtual: Semana de los Pueblos Ind\u00edgenas - IAAviM\" \/>\n<meta property=\"og:description\" content=\"Una muestra virtual que acerca cortometrajes producidos por integrantes de comunidades mbya guaran\u00ed de Argentina, Brasil y Paraguay.\" \/>\n<meta property=\"og:url\" content=\"https:\/\/www.iaavim.gob.ar\/?p=11784\" \/>\n<meta property=\"article:published_time\" content=\"2022-04-20T14:42:11+00:00\" \/>\n<meta property=\"article:modified_time\" content=\"2022-05-10T19:19:20+00:00\" \/>\n<meta property=\"og:image\" content=\"https:\/\/www.iaavim.gob.ar\/wp-content\/uploads\/2022\/04\/semana-pueblos-03.png\" \/>\n\t<meta property=\"og:image:width\" content=\"1200\" \/>\n\t<meta property=\"og:image:height\" content=\"676\" \/>\n\t<meta property=\"og:image:type\" content=\"image\/png\" \/>\n<meta name=\"author\" content=\"IAAviM\" \/>\n<meta name=\"twitter:card\" content=\"summary_large_image\" \/>\n<meta name=\"twitter:label1\" content=\"Escrito por\" \/>\n\t<meta name=\"twitter:data1\" content=\"IAAviM\" \/>\n\t<meta name=\"twitter:label2\" content=\"Tiempo de lectura\" \/>\n\t<meta name=\"twitter:data2\" content=\"3 minutos\" \/>\n<script type=\"application\/ld+json\" class=\"yoast-schema-graph\">{\"@context\":\"https:\\\/\\\/schema.org\",\"@graph\":[{\"@type\":\"Article\",\"@id\":\"https:\\\/\\\/www.iaavim.gob.ar\\\/?p=11784#article\",\"isPartOf\":{\"@id\":\"https:\\\/\\\/www.iaavim.gob.ar\\\/?p=11784\"},\"author\":{\"name\":\"IAAviM\",\"@id\":\"\\\/#\\\/schema\\\/person\\\/affb351a86bbbb5cdff3011db06ccf85\"},\"headline\":\"Muestra virtual: Semana de los Pueblos Ind\u00edgenas\",\"datePublished\":\"2022-04-20T14:42:11+00:00\",\"dateModified\":\"2022-05-10T19:19:20+00:00\",\"mainEntityOfPage\":{\"@id\":\"https:\\\/\\\/www.iaavim.gob.ar\\\/?p=11784\"},\"wordCount\":484,\"publisher\":{\"@id\":\"\\\/#organization\"},\"image\":{\"@id\":\"https:\\\/\\\/www.iaavim.gob.ar\\\/?p=11784#primaryimage\"},\"thumbnailUrl\":\"https:\\\/\\\/www.iaavim.gob.ar\\\/wp-content\\\/uploads\\\/2022\\\/04\\\/semana-pueblos-03.png\",\"keywords\":[\"Cine Comunitario\",\"Cine Mbya Guaran\u00ed\",\"Colectivo de Cine Ara Pyau\",\"muestra virtual\",\"Producci\u00f3n Comunitaria\"],\"articleSection\":[\"Comunitario\"],\"inLanguage\":\"es-AR\"},{\"@type\":\"WebPage\",\"@id\":\"https:\\\/\\\/www.iaavim.gob.ar\\\/?p=11784\",\"url\":\"https:\\\/\\\/www.iaavim.gob.ar\\\/?p=11784\",\"name\":\"Muestra virtual: Semana de los Pueblos Ind\u00edgenas - IAAviM\",\"isPartOf\":{\"@id\":\"\\\/#website\"},\"primaryImageOfPage\":{\"@id\":\"https:\\\/\\\/www.iaavim.gob.ar\\\/?p=11784#primaryimage\"},\"image\":{\"@id\":\"https:\\\/\\\/www.iaavim.gob.ar\\\/?p=11784#primaryimage\"},\"thumbnailUrl\":\"https:\\\/\\\/www.iaavim.gob.ar\\\/wp-content\\\/uploads\\\/2022\\\/04\\\/semana-pueblos-03.png\",\"datePublished\":\"2022-04-20T14:42:11+00:00\",\"dateModified\":\"2022-05-10T19:19:20+00:00\",\"description\":\"Una muestra virtual que acerca cortometrajes producidos por integrantes de comunidades mbya guaran\u00ed de Argentina, Brasil y Paraguay.\",\"breadcrumb\":{\"@id\":\"https:\\\/\\\/www.iaavim.gob.ar\\\/?p=11784#breadcrumb\"},\"inLanguage\":\"es-AR\",\"potentialAction\":[{\"@type\":\"ReadAction\",\"target\":[\"https:\\\/\\\/www.iaavim.gob.ar\\\/?p=11784\"]}]},{\"@type\":\"ImageObject\",\"inLanguage\":\"es-AR\",\"@id\":\"https:\\\/\\\/www.iaavim.gob.ar\\\/?p=11784#primaryimage\",\"url\":\"https:\\\/\\\/www.iaavim.gob.ar\\\/wp-content\\\/uploads\\\/2022\\\/04\\\/semana-pueblos-03.png\",\"contentUrl\":\"https:\\\/\\\/www.iaavim.gob.ar\\\/wp-content\\\/uploads\\\/2022\\\/04\\\/semana-pueblos-03.png\",\"width\":1200,\"height\":676},{\"@type\":\"BreadcrumbList\",\"@id\":\"https:\\\/\\\/www.iaavim.gob.ar\\\/?p=11784#breadcrumb\",\"itemListElement\":[{\"@type\":\"ListItem\",\"position\":1,\"name\":\"Inicio\",\"item\":\"https:\\\/\\\/www.iaavim.gob.ar\\\/\"},{\"@type\":\"ListItem\",\"position\":2,\"name\":\"Muestra virtual: Semana de los Pueblos Ind\u00edgenas\"}]},{\"@type\":\"WebSite\",\"@id\":\"\\\/#website\",\"url\":\"\\\/\",\"name\":\"\",\"description\":\"Sitio oficial del IAAviM\",\"publisher\":{\"@id\":\"\\\/#organization\"},\"potentialAction\":[{\"@type\":\"SearchAction\",\"target\":{\"@type\":\"EntryPoint\",\"urlTemplate\":\"\\\/?s={search_term_string}\"},\"query-input\":{\"@type\":\"PropertyValueSpecification\",\"valueRequired\":true,\"valueName\":\"search_term_string\"}}],\"inLanguage\":\"es-AR\"},{\"@type\":\"Organization\",\"@id\":\"\\\/#organization\",\"name\":\"Instituto de Artes Audiovisuales de Misiones\",\"url\":\"\\\/\",\"logo\":{\"@type\":\"ImageObject\",\"inLanguage\":\"es-AR\",\"@id\":\"\\\/#\\\/schema\\\/logo\\\/image\\\/\",\"url\":\"https:\\\/\\\/iaavim.misiones.gob.ar\\\/wp-content\\\/uploads\\\/2021\\\/07\\\/logo-iaavim-preview.png.jpg\",\"contentUrl\":\"https:\\\/\\\/iaavim.misiones.gob.ar\\\/wp-content\\\/uploads\\\/2021\\\/07\\\/logo-iaavim-preview.png.jpg\",\"width\":1200,\"height\":675,\"caption\":\"Instituto de Artes Audiovisuales de Misiones\"},\"image\":{\"@id\":\"\\\/#\\\/schema\\\/logo\\\/image\\\/\"}},{\"@type\":\"Person\",\"@id\":\"\\\/#\\\/schema\\\/person\\\/affb351a86bbbb5cdff3011db06ccf85\",\"name\":\"IAAviM\",\"image\":{\"@type\":\"ImageObject\",\"inLanguage\":\"es-AR\",\"@id\":\"https:\\\/\\\/secure.gravatar.com\\\/avatar\\\/6a023e5ff426a571199af5d6ff7996bd89e8be946af83dc1c2624ad66151ed39?s=96&d=blank&r=g\",\"url\":\"https:\\\/\\\/secure.gravatar.com\\\/avatar\\\/6a023e5ff426a571199af5d6ff7996bd89e8be946af83dc1c2624ad66151ed39?s=96&d=blank&r=g\",\"contentUrl\":\"https:\\\/\\\/secure.gravatar.com\\\/avatar\\\/6a023e5ff426a571199af5d6ff7996bd89e8be946af83dc1c2624ad66151ed39?s=96&d=blank&r=g\",\"caption\":\"IAAviM\"},\"url\":\"https:\\\/\\\/www.iaavim.gob.ar\\\/?author=2\"}]}<\/script>\n<!-- \/ Yoast SEO plugin. -->","yoast_head_json":{"title":"Muestra virtual: Semana de los Pueblos Ind\u00edgenas - IAAviM","description":"Una muestra virtual que acerca cortometrajes producidos por integrantes de comunidades mbya guaran\u00ed de Argentina, Brasil y Paraguay.","robots":{"index":"index","follow":"follow","max-snippet":"max-snippet:-1","max-image-preview":"max-image-preview:large","max-video-preview":"max-video-preview:-1"},"canonical":"https:\/\/www.iaavim.gob.ar\/?p=11784","og_locale":"es_ES","og_type":"article","og_title":"Muestra virtual: Semana de los Pueblos Ind\u00edgenas - IAAviM","og_description":"Una muestra virtual que acerca cortometrajes producidos por integrantes de comunidades mbya guaran\u00ed de Argentina, Brasil y Paraguay.","og_url":"https:\/\/www.iaavim.gob.ar\/?p=11784","article_published_time":"2022-04-20T14:42:11+00:00","article_modified_time":"2022-05-10T19:19:20+00:00","og_image":[{"width":1200,"height":676,"url":"https:\/\/www.iaavim.gob.ar\/wp-content\/uploads\/2022\/04\/semana-pueblos-03.png","type":"image\/png"}],"author":"IAAviM","twitter_card":"summary_large_image","twitter_misc":{"Escrito por":"IAAviM","Tiempo de lectura":"3 minutos"},"schema":{"@context":"https:\/\/schema.org","@graph":[{"@type":"Article","@id":"https:\/\/www.iaavim.gob.ar\/?p=11784#article","isPartOf":{"@id":"https:\/\/www.iaavim.gob.ar\/?p=11784"},"author":{"name":"IAAviM","@id":"\/#\/schema\/person\/affb351a86bbbb5cdff3011db06ccf85"},"headline":"Muestra virtual: Semana de los Pueblos Ind\u00edgenas","datePublished":"2022-04-20T14:42:11+00:00","dateModified":"2022-05-10T19:19:20+00:00","mainEntityOfPage":{"@id":"https:\/\/www.iaavim.gob.ar\/?p=11784"},"wordCount":484,"publisher":{"@id":"\/#organization"},"image":{"@id":"https:\/\/www.iaavim.gob.ar\/?p=11784#primaryimage"},"thumbnailUrl":"https:\/\/www.iaavim.gob.ar\/wp-content\/uploads\/2022\/04\/semana-pueblos-03.png","keywords":["Cine Comunitario","Cine Mbya Guaran\u00ed","Colectivo de Cine Ara Pyau","muestra virtual","Producci\u00f3n Comunitaria"],"articleSection":["Comunitario"],"inLanguage":"es-AR"},{"@type":"WebPage","@id":"https:\/\/www.iaavim.gob.ar\/?p=11784","url":"https:\/\/www.iaavim.gob.ar\/?p=11784","name":"Muestra virtual: Semana de los Pueblos Ind\u00edgenas - IAAviM","isPartOf":{"@id":"\/#website"},"primaryImageOfPage":{"@id":"https:\/\/www.iaavim.gob.ar\/?p=11784#primaryimage"},"image":{"@id":"https:\/\/www.iaavim.gob.ar\/?p=11784#primaryimage"},"thumbnailUrl":"https:\/\/www.iaavim.gob.ar\/wp-content\/uploads\/2022\/04\/semana-pueblos-03.png","datePublished":"2022-04-20T14:42:11+00:00","dateModified":"2022-05-10T19:19:20+00:00","description":"Una muestra virtual que acerca cortometrajes producidos por integrantes de comunidades mbya guaran\u00ed de Argentina, Brasil y Paraguay.","breadcrumb":{"@id":"https:\/\/www.iaavim.gob.ar\/?p=11784#breadcrumb"},"inLanguage":"es-AR","potentialAction":[{"@type":"ReadAction","target":["https:\/\/www.iaavim.gob.ar\/?p=11784"]}]},{"@type":"ImageObject","inLanguage":"es-AR","@id":"https:\/\/www.iaavim.gob.ar\/?p=11784#primaryimage","url":"https:\/\/www.iaavim.gob.ar\/wp-content\/uploads\/2022\/04\/semana-pueblos-03.png","contentUrl":"https:\/\/www.iaavim.gob.ar\/wp-content\/uploads\/2022\/04\/semana-pueblos-03.png","width":1200,"height":676},{"@type":"BreadcrumbList","@id":"https:\/\/www.iaavim.gob.ar\/?p=11784#breadcrumb","itemListElement":[{"@type":"ListItem","position":1,"name":"Inicio","item":"https:\/\/www.iaavim.gob.ar\/"},{"@type":"ListItem","position":2,"name":"Muestra virtual: Semana de los Pueblos Ind\u00edgenas"}]},{"@type":"WebSite","@id":"\/#website","url":"\/","name":"","description":"Sitio oficial del IAAviM","publisher":{"@id":"\/#organization"},"potentialAction":[{"@type":"SearchAction","target":{"@type":"EntryPoint","urlTemplate":"\/?s={search_term_string}"},"query-input":{"@type":"PropertyValueSpecification","valueRequired":true,"valueName":"search_term_string"}}],"inLanguage":"es-AR"},{"@type":"Organization","@id":"\/#organization","name":"Instituto de Artes Audiovisuales de Misiones","url":"\/","logo":{"@type":"ImageObject","inLanguage":"es-AR","@id":"\/#\/schema\/logo\/image\/","url":"https:\/\/iaavim.misiones.gob.ar\/wp-content\/uploads\/2021\/07\/logo-iaavim-preview.png.jpg","contentUrl":"https:\/\/iaavim.misiones.gob.ar\/wp-content\/uploads\/2021\/07\/logo-iaavim-preview.png.jpg","width":1200,"height":675,"caption":"Instituto de Artes Audiovisuales de Misiones"},"image":{"@id":"\/#\/schema\/logo\/image\/"}},{"@type":"Person","@id":"\/#\/schema\/person\/affb351a86bbbb5cdff3011db06ccf85","name":"IAAviM","image":{"@type":"ImageObject","inLanguage":"es-AR","@id":"https:\/\/secure.gravatar.com\/avatar\/6a023e5ff426a571199af5d6ff7996bd89e8be946af83dc1c2624ad66151ed39?s=96&d=blank&r=g","url":"https:\/\/secure.gravatar.com\/avatar\/6a023e5ff426a571199af5d6ff7996bd89e8be946af83dc1c2624ad66151ed39?s=96&d=blank&r=g","contentUrl":"https:\/\/secure.gravatar.com\/avatar\/6a023e5ff426a571199af5d6ff7996bd89e8be946af83dc1c2624ad66151ed39?s=96&d=blank&r=g","caption":"IAAviM"},"url":"https:\/\/www.iaavim.gob.ar\/?author=2"}]}},"amp_enabled":true,"_links":{"self":[{"href":"https:\/\/www.iaavim.gob.ar\/index.php?rest_route=\/wp\/v2\/posts\/11784","targetHints":{"allow":["GET"]}}],"collection":[{"href":"https:\/\/www.iaavim.gob.ar\/index.php?rest_route=\/wp\/v2\/posts"}],"about":[{"href":"https:\/\/www.iaavim.gob.ar\/index.php?rest_route=\/wp\/v2\/types\/post"}],"author":[{"embeddable":true,"href":"https:\/\/www.iaavim.gob.ar\/index.php?rest_route=\/wp\/v2\/users\/2"}],"replies":[{"embeddable":true,"href":"https:\/\/www.iaavim.gob.ar\/index.php?rest_route=%2Fwp%2Fv2%2Fcomments&post=11784"}],"version-history":[{"count":6,"href":"https:\/\/www.iaavim.gob.ar\/index.php?rest_route=\/wp\/v2\/posts\/11784\/revisions"}],"predecessor-version":[{"id":11854,"href":"https:\/\/www.iaavim.gob.ar\/index.php?rest_route=\/wp\/v2\/posts\/11784\/revisions\/11854"}],"wp:featuredmedia":[{"embeddable":true,"href":"https:\/\/www.iaavim.gob.ar\/index.php?rest_route=\/wp\/v2\/media\/11785"}],"wp:attachment":[{"href":"https:\/\/www.iaavim.gob.ar\/index.php?rest_route=%2Fwp%2Fv2%2Fmedia&parent=11784"}],"wp:term":[{"taxonomy":"category","embeddable":true,"href":"https:\/\/www.iaavim.gob.ar\/index.php?rest_route=%2Fwp%2Fv2%2Fcategories&post=11784"},{"taxonomy":"post_tag","embeddable":true,"href":"https:\/\/www.iaavim.gob.ar\/index.php?rest_route=%2Fwp%2Fv2%2Ftags&post=11784"}],"curies":[{"name":"wp","href":"https:\/\/api.w.org\/{rel}","templated":true}]}}