{"id":11472,"date":"2021-11-18T09:57:03","date_gmt":"2021-11-18T12:57:03","guid":{"rendered":"https:\/\/iaavim.com\/?p=11472"},"modified":"2021-11-24T10:31:39","modified_gmt":"2021-11-24T13:31:39","slug":"se-realiza-el-vii-foro-consultivo-de-politicas-publicas-audiovisuales-de-misiones","status":"publish","type":"post","link":"https:\/\/www.iaavim.gob.ar\/?p=11472","title":{"rendered":"El sector audiovisual misionero se reunir\u00e1 en el pr\u00f3ximo Foro Consultivo de Pol\u00edticas P\u00fablicas"},"content":{"rendered":"\n<p>El <strong>26 de noviembre<\/strong> se realizar\u00e1 en <strong>Posadas<\/strong> el <strong>VII Foro Consultivo de Pol\u00edticas P\u00fablicas Audiovisuales de Misiones<\/strong>, espacio de encuentro y trabajo del sector audiovisual de la provincia. La jornada se desarrollar\u00e1 a partir de las <strong>9 hs<\/strong> en el <strong>Museo Provincial Juan Yapar\u00ed<\/strong>, contar\u00e1 con exposiciones y mesas de trabajo, y reunir\u00e1 a las personas y organizaciones inscriptas en el RePA e instituciones afines a la actividad audiovisual, en todas sus \u00e1reas y dimensiones contempladas en la ley.<\/p>\n\n\n\n<p>El Foro se celebra cada dos a\u00f1os y en esta oportunidad, el trabajo de an\u00e1lisis y generaci\u00f3n de propuestas, inici\u00f3 en septiembre con la realizaci\u00f3n de los<strong> Pre-Foros<\/strong> en modalidad virtual, en cada uno de los cuatro Distritos Audiovisuales, espacios de apertura e intercambio para la construcci\u00f3n colectiva.<\/p>\n\n\n\n<p>Con la jornada de cierre del 26, se consensuar\u00e1n criterios con el sector a fin de establecer desaf\u00edos y recomendaciones para la planificaci\u00f3n estrat\u00e9gica de los pr\u00f3ximos dos a\u00f1os del Instituto de Artes Audiovisuales de Misiones -IAAviM-.<\/p>\n\n\n\n<p>El Foro abrir\u00e1 con la <strong>presentaci\u00f3n del balance, diagn\u00f3stico y an\u00e1lisis estrat\u00e9gico de la escena audiovisual<\/strong>, a cargo del presidente del IAAviM, Mario Gim\u00e9nez, y los y las consejeras distritales: Carmen Dieminger (Paran\u00e1), Macarena Rodr\u00edguez (Sur), Mario Machado (Uruguay) y Adri\u00e1n Uhlmann (Norte). Las autoridades del Consejo Directivo informar\u00e1n sobre la ejecuci\u00f3n del presupuesto y las acciones realizadas por el IAAviM en los \u00faltimos dos a\u00f1os.<\/p>\n\n\n\n<p>\u201cM\u00e1s all\u00e1 de las cuestiones organizativas, una de las discusiones que como sector nos debemos es la distribuci\u00f3n de recursos a la hora de implementar pol\u00edticas audiovisuales de manera descentralizada, no s\u00f3lo territorialmente sino tambi\u00e9n en funci\u00f3n al desarrollo de las casas productoras y de los lenguajes audiovisuales empleados, buscando evitar concentraci\u00f3n y centralizaci\u00f3n de cualquier naturaleza\u201d, declar\u00f3 <strong>Mario Machado<\/strong>. Y agreg\u00f3, \u201centendemos como representantes del sector, que el audiovisual va m\u00e1s all\u00e1 del cine y que el Instituto debe dar cuenta tambi\u00e9n de las nuevas pantallas y lenguajes, sin dejar de lado las tradicionales\u201d. El consejero del Distrito Uruguay tambi\u00e9n se\u00f1al\u00f3 que otro tema a tratar es el de la identidad del audiovisual misionero, en la b\u00fasqueda de encontrar sinergias que permitan el desarrollo del sector sin resignar las historias y narrativas propias de Misiones.<\/p>\n\n\n\n<p>Luego de la presentaci\u00f3n inicial, se dar\u00e1 paso a las <strong>mesas de trabajo<\/strong>, en las cuales se retomar\u00e1n los dos ejes de an\u00e1lisis propuestos en los pre-foros: el primero, relacionado a la planificaci\u00f3n estrat\u00e9gica sectorial, abordar\u00e1 en dos mesas temas que refieren al crecimiento sostenido a mediano plazo y a los modelos de producci\u00f3n y desarrollo sectorial, desde la mirada de la capacitaci\u00f3n, el fomento a la producci\u00f3n y al desarrollo, y la exhibici\u00f3n, distribuci\u00f3n y la comercializaci\u00f3n. As\u00ed, incentivos a primeras obras, la identificaci\u00f3n de modelos productivos en la provincia -industrial, comercial, comunitario, art\u00edstico-experimental-, y la importancia de la circulaci\u00f3n simb\u00f3lica y comercial de las obras, ser\u00e1n algunas de las cuestiones que se debatir\u00e1n. Tambi\u00e9n habr\u00e1 una tercera mesa en la que se trabajar\u00e1 en el marco del proyecto de investigaci\u00f3n \u201cDiagn\u00f3stico situacional para el redise\u00f1o conceptual e instrumental del Registro Provincial del Audiovisual RePA\u201d que est\u00e1 llevando adelante esta \u00e1rea. Se analizar\u00e1n de forma participativa los resultados del primer y segundo informe de investigaci\u00f3n, y se gestionar\u00e1 de forma colectiva en la sugerencia de aportes al proyecto, y a la vigencia y formas de vinculaci\u00f3n de las personas inscritas. Esta instancia estar\u00e1 coordinada por los investigadores responsables del proyecto.<\/p>\n\n\n\n<p>El segundo eje abarcar\u00e1 en una mesa de trabajo el funcionamiento institucional, con el objetivo de generar recomendaciones sobre los protocolos existentes y por crearse que rigen la marcha y operatividad del IAAviM, revisar las din\u00e1micas de participaci\u00f3n del sector en la planificaci\u00f3n asociada, las reuniones de distritos, la funci\u00f3n de los representantes distritales y la interacci\u00f3n con el equipo t\u00e9cnico.&nbsp;<\/p>\n\n\n\n<p>Cabe destacar que la mirada en relaci\u00f3n a la <strong>perspectiva de g\u00e9nero<\/strong> ser\u00e1 transversal en todas las mesas de trabajo.<\/p>\n\n\n\n<p>Cada distrito audiovisual enviar\u00e1 delegados para asegurar la representatividad en cada una de las cuatro mesas y se abrir\u00e1 la participaci\u00f3n a todas las personas inscriptas en el Registro Provincial del Audiovisual (Re.P.A.), a quienes&nbsp;se les solicita <strong>inscribirse<\/strong> debido exclusivamente a motivos vinculados con la organizaci\u00f3n y log\u00edstica del encuentro.<br><\/p>\n\n\n\n<h3 class=\"wp-block-heading\"><strong>VII Foro Consultivo de Pol\u00edticas P\u00fablicas Audiovisuales de Misiones<\/strong><\/h3>\n\n\n\n<p><strong>Fecha:<\/strong> 26 de noviembre a partir de las 9 hs<\/p>\n\n\n\n<p><strong>Lugar:<\/strong> Museo Provincial Juan Yapar\u00ed, Sarmiento 319 -Posadas-<\/p>\n\n\n\n<p><strong>Formulario de inscripci\u00f3n:<\/strong> <a href=\"https:\/\/iaavim.misiones.gob.ar\/inscripcion-al-foro-2021\/\">https:\/\/iaavim.misiones.gob.ar\/inscripcion-al-foro-2021\/<\/a><\/p>\n","protected":false},"excerpt":{"rendered":"<p>El 26 de noviembre se realizar\u00e1 en Posadas el VII Foro Consultivo de Pol\u00edticas P\u00fablicas Audiovisuales de Misiones, espacio de encuentro y trabajo del sector audiovisual de la provincia. La jornada se desarrollar\u00e1 a partir de las 9 hs en el Museo Provincial Juan Yapar\u00ed, contar\u00e1 con exposiciones y mesas de trabajo, y reunir\u00e1 a &hellip;<\/p>\n","protected":false},"author":1,"featured_media":11473,"comment_status":"closed","ping_status":"open","sticky":false,"template":"","format":"standard","meta":{"_acf_changed":false,"footnotes":""},"categories":[39],"tags":[88,218,844,154],"class_list":["post-11472","post","type-post","status-publish","format-standard","has-post-thumbnail","hentry","category-noticias-del-iaavim","tag-distritos-audiovisuales","tag-foro-de-politicas-publicas-audiovisuales-de-misiones","tag-politicas-audiovisuales","tag-repa"],"acf":[],"yoast_head":"<!-- This site is optimized with the Yoast SEO plugin v27.4 - https:\/\/yoast.com\/product\/yoast-seo-wordpress\/ -->\n<title>El sector audiovisual misionero se reunir\u00e1 en el pr\u00f3ximo Foro Consultivo de Pol\u00edticas P\u00fablicas - IAAviM<\/title>\n<meta name=\"description\" content=\"El VII Foro Consultivo de Pol\u00edticas P\u00fablicas Audiovisuales de Misiones se realiza en Posadas, el 26 de noviembre.\" \/>\n<meta name=\"robots\" content=\"index, follow, max-snippet:-1, max-image-preview:large, max-video-preview:-1\" \/>\n<link rel=\"canonical\" href=\"https:\/\/www.iaavim.gob.ar\/?p=11472\" \/>\n<meta property=\"og:locale\" content=\"es_ES\" \/>\n<meta property=\"og:type\" content=\"article\" \/>\n<meta property=\"og:title\" content=\"El sector audiovisual misionero se reunir\u00e1 en el pr\u00f3ximo Foro Consultivo de Pol\u00edticas P\u00fablicas - IAAviM\" \/>\n<meta property=\"og:description\" content=\"El VII Foro Consultivo de Pol\u00edticas P\u00fablicas Audiovisuales de Misiones se realiza en Posadas, el 26 de noviembre.\" \/>\n<meta property=\"og:url\" content=\"https:\/\/www.iaavim.gob.ar\/?p=11472\" \/>\n<meta property=\"article:published_time\" content=\"2021-11-18T12:57:03+00:00\" \/>\n<meta property=\"article:modified_time\" content=\"2021-11-24T13:31:39+00:00\" \/>\n<meta property=\"og:image\" content=\"https:\/\/www.iaavim.gob.ar\/wp-content\/uploads\/2021\/11\/NEW-portada-sitio-1200x480-11.png\" \/>\n\t<meta property=\"og:image:width\" content=\"1200\" \/>\n\t<meta property=\"og:image:height\" content=\"480\" \/>\n\t<meta property=\"og:image:type\" content=\"image\/png\" \/>\n<meta name=\"author\" content=\"IAAviM\" \/>\n<meta name=\"twitter:card\" content=\"summary_large_image\" \/>\n<meta name=\"twitter:label1\" content=\"Escrito por\" \/>\n\t<meta name=\"twitter:data1\" content=\"IAAviM\" \/>\n\t<meta name=\"twitter:label2\" content=\"Tiempo de lectura\" \/>\n\t<meta name=\"twitter:data2\" content=\"4 minutos\" \/>\n<script type=\"application\/ld+json\" class=\"yoast-schema-graph\">{\"@context\":\"https:\\\/\\\/schema.org\",\"@graph\":[{\"@type\":\"Article\",\"@id\":\"https:\\\/\\\/www.iaavim.gob.ar\\\/?p=11472#article\",\"isPartOf\":{\"@id\":\"https:\\\/\\\/www.iaavim.gob.ar\\\/?p=11472\"},\"author\":{\"name\":\"IAAviM\",\"@id\":\"\\\/#\\\/schema\\\/person\\\/567fbb427319d0dae3bc6b33aba48a62\"},\"headline\":\"El sector audiovisual misionero se reunir\u00e1 en el pr\u00f3ximo Foro Consultivo de Pol\u00edticas P\u00fablicas\",\"datePublished\":\"2021-11-18T12:57:03+00:00\",\"dateModified\":\"2021-11-24T13:31:39+00:00\",\"mainEntityOfPage\":{\"@id\":\"https:\\\/\\\/www.iaavim.gob.ar\\\/?p=11472\"},\"wordCount\":825,\"publisher\":{\"@id\":\"\\\/#organization\"},\"image\":{\"@id\":\"https:\\\/\\\/www.iaavim.gob.ar\\\/?p=11472#primaryimage\"},\"thumbnailUrl\":\"https:\\\/\\\/www.iaavim.gob.ar\\\/wp-content\\\/uploads\\\/2021\\\/11\\\/NEW-portada-sitio-1200x480-11.png\",\"keywords\":[\"distritos audiovisuales\",\"Foro de Pol\u00edticas P\u00fablicas Audiovisuales de Misiones\",\"pol\u00edticas audiovisuales\",\"repa\"],\"articleSection\":[\"Noticias del IAAviM\"],\"inLanguage\":\"es-AR\"},{\"@type\":\"WebPage\",\"@id\":\"https:\\\/\\\/www.iaavim.gob.ar\\\/?p=11472\",\"url\":\"https:\\\/\\\/www.iaavim.gob.ar\\\/?p=11472\",\"name\":\"El sector audiovisual misionero se reunir\u00e1 en el pr\u00f3ximo Foro Consultivo de Pol\u00edticas P\u00fablicas - IAAviM\",\"isPartOf\":{\"@id\":\"\\\/#website\"},\"primaryImageOfPage\":{\"@id\":\"https:\\\/\\\/www.iaavim.gob.ar\\\/?p=11472#primaryimage\"},\"image\":{\"@id\":\"https:\\\/\\\/www.iaavim.gob.ar\\\/?p=11472#primaryimage\"},\"thumbnailUrl\":\"https:\\\/\\\/www.iaavim.gob.ar\\\/wp-content\\\/uploads\\\/2021\\\/11\\\/NEW-portada-sitio-1200x480-11.png\",\"datePublished\":\"2021-11-18T12:57:03+00:00\",\"dateModified\":\"2021-11-24T13:31:39+00:00\",\"description\":\"El VII Foro Consultivo de Pol\u00edticas P\u00fablicas Audiovisuales de Misiones se realiza en Posadas, el 26 de noviembre.\",\"breadcrumb\":{\"@id\":\"https:\\\/\\\/www.iaavim.gob.ar\\\/?p=11472#breadcrumb\"},\"inLanguage\":\"es-AR\",\"potentialAction\":[{\"@type\":\"ReadAction\",\"target\":[\"https:\\\/\\\/www.iaavim.gob.ar\\\/?p=11472\"]}]},{\"@type\":\"ImageObject\",\"inLanguage\":\"es-AR\",\"@id\":\"https:\\\/\\\/www.iaavim.gob.ar\\\/?p=11472#primaryimage\",\"url\":\"https:\\\/\\\/www.iaavim.gob.ar\\\/wp-content\\\/uploads\\\/2021\\\/11\\\/NEW-portada-sitio-1200x480-11.png\",\"contentUrl\":\"https:\\\/\\\/www.iaavim.gob.ar\\\/wp-content\\\/uploads\\\/2021\\\/11\\\/NEW-portada-sitio-1200x480-11.png\",\"width\":1200,\"height\":480},{\"@type\":\"BreadcrumbList\",\"@id\":\"https:\\\/\\\/www.iaavim.gob.ar\\\/?p=11472#breadcrumb\",\"itemListElement\":[{\"@type\":\"ListItem\",\"position\":1,\"name\":\"Inicio\",\"item\":\"https:\\\/\\\/www.iaavim.gob.ar\\\/\"},{\"@type\":\"ListItem\",\"position\":2,\"name\":\"El sector audiovisual misionero se reunir\u00e1 en el pr\u00f3ximo Foro Consultivo de Pol\u00edticas P\u00fablicas\"}]},{\"@type\":\"WebSite\",\"@id\":\"\\\/#website\",\"url\":\"\\\/\",\"name\":\"\",\"description\":\"Sitio oficial del IAAviM\",\"publisher\":{\"@id\":\"\\\/#organization\"},\"potentialAction\":[{\"@type\":\"SearchAction\",\"target\":{\"@type\":\"EntryPoint\",\"urlTemplate\":\"\\\/?s={search_term_string}\"},\"query-input\":{\"@type\":\"PropertyValueSpecification\",\"valueRequired\":true,\"valueName\":\"search_term_string\"}}],\"inLanguage\":\"es-AR\"},{\"@type\":\"Organization\",\"@id\":\"\\\/#organization\",\"name\":\"Instituto de Artes Audiovisuales de Misiones\",\"url\":\"\\\/\",\"logo\":{\"@type\":\"ImageObject\",\"inLanguage\":\"es-AR\",\"@id\":\"\\\/#\\\/schema\\\/logo\\\/image\\\/\",\"url\":\"https:\\\/\\\/iaavim.misiones.gob.ar\\\/wp-content\\\/uploads\\\/2021\\\/07\\\/logo-iaavim-preview.png.jpg\",\"contentUrl\":\"https:\\\/\\\/iaavim.misiones.gob.ar\\\/wp-content\\\/uploads\\\/2021\\\/07\\\/logo-iaavim-preview.png.jpg\",\"width\":1200,\"height\":675,\"caption\":\"Instituto de Artes Audiovisuales de Misiones\"},\"image\":{\"@id\":\"\\\/#\\\/schema\\\/logo\\\/image\\\/\"}},{\"@type\":\"Person\",\"@id\":\"\\\/#\\\/schema\\\/person\\\/567fbb427319d0dae3bc6b33aba48a62\",\"name\":\"IAAviM\",\"image\":{\"@type\":\"ImageObject\",\"inLanguage\":\"es-AR\",\"@id\":\"https:\\\/\\\/secure.gravatar.com\\\/avatar\\\/9802bb83cd8afc8d9eae1a570850fcaf194494ca73cbac30d506afe269460348?s=96&d=blank&r=g\",\"url\":\"https:\\\/\\\/secure.gravatar.com\\\/avatar\\\/9802bb83cd8afc8d9eae1a570850fcaf194494ca73cbac30d506afe269460348?s=96&d=blank&r=g\",\"contentUrl\":\"https:\\\/\\\/secure.gravatar.com\\\/avatar\\\/9802bb83cd8afc8d9eae1a570850fcaf194494ca73cbac30d506afe269460348?s=96&d=blank&r=g\",\"caption\":\"IAAviM\"},\"url\":\"https:\\\/\\\/www.iaavim.gob.ar\\\/?author=1\"}]}<\/script>\n<!-- \/ Yoast SEO plugin. -->","yoast_head_json":{"title":"El sector audiovisual misionero se reunir\u00e1 en el pr\u00f3ximo Foro Consultivo de Pol\u00edticas P\u00fablicas - IAAviM","description":"El VII Foro Consultivo de Pol\u00edticas P\u00fablicas Audiovisuales de Misiones se realiza en Posadas, el 26 de noviembre.","robots":{"index":"index","follow":"follow","max-snippet":"max-snippet:-1","max-image-preview":"max-image-preview:large","max-video-preview":"max-video-preview:-1"},"canonical":"https:\/\/www.iaavim.gob.ar\/?p=11472","og_locale":"es_ES","og_type":"article","og_title":"El sector audiovisual misionero se reunir\u00e1 en el pr\u00f3ximo Foro Consultivo de Pol\u00edticas P\u00fablicas - IAAviM","og_description":"El VII Foro Consultivo de Pol\u00edticas P\u00fablicas Audiovisuales de Misiones se realiza en Posadas, el 26 de noviembre.","og_url":"https:\/\/www.iaavim.gob.ar\/?p=11472","article_published_time":"2021-11-18T12:57:03+00:00","article_modified_time":"2021-11-24T13:31:39+00:00","og_image":[{"width":1200,"height":480,"url":"https:\/\/www.iaavim.gob.ar\/wp-content\/uploads\/2021\/11\/NEW-portada-sitio-1200x480-11.png","type":"image\/png"}],"author":"IAAviM","twitter_card":"summary_large_image","twitter_misc":{"Escrito por":"IAAviM","Tiempo de lectura":"4 minutos"},"schema":{"@context":"https:\/\/schema.org","@graph":[{"@type":"Article","@id":"https:\/\/www.iaavim.gob.ar\/?p=11472#article","isPartOf":{"@id":"https:\/\/www.iaavim.gob.ar\/?p=11472"},"author":{"name":"IAAviM","@id":"\/#\/schema\/person\/567fbb427319d0dae3bc6b33aba48a62"},"headline":"El sector audiovisual misionero se reunir\u00e1 en el pr\u00f3ximo Foro Consultivo de Pol\u00edticas P\u00fablicas","datePublished":"2021-11-18T12:57:03+00:00","dateModified":"2021-11-24T13:31:39+00:00","mainEntityOfPage":{"@id":"https:\/\/www.iaavim.gob.ar\/?p=11472"},"wordCount":825,"publisher":{"@id":"\/#organization"},"image":{"@id":"https:\/\/www.iaavim.gob.ar\/?p=11472#primaryimage"},"thumbnailUrl":"https:\/\/www.iaavim.gob.ar\/wp-content\/uploads\/2021\/11\/NEW-portada-sitio-1200x480-11.png","keywords":["distritos audiovisuales","Foro de Pol\u00edticas P\u00fablicas Audiovisuales de Misiones","pol\u00edticas audiovisuales","repa"],"articleSection":["Noticias del IAAviM"],"inLanguage":"es-AR"},{"@type":"WebPage","@id":"https:\/\/www.iaavim.gob.ar\/?p=11472","url":"https:\/\/www.iaavim.gob.ar\/?p=11472","name":"El sector audiovisual misionero se reunir\u00e1 en el pr\u00f3ximo Foro Consultivo de Pol\u00edticas P\u00fablicas - IAAviM","isPartOf":{"@id":"\/#website"},"primaryImageOfPage":{"@id":"https:\/\/www.iaavim.gob.ar\/?p=11472#primaryimage"},"image":{"@id":"https:\/\/www.iaavim.gob.ar\/?p=11472#primaryimage"},"thumbnailUrl":"https:\/\/www.iaavim.gob.ar\/wp-content\/uploads\/2021\/11\/NEW-portada-sitio-1200x480-11.png","datePublished":"2021-11-18T12:57:03+00:00","dateModified":"2021-11-24T13:31:39+00:00","description":"El VII Foro Consultivo de Pol\u00edticas P\u00fablicas Audiovisuales de Misiones se realiza en Posadas, el 26 de noviembre.","breadcrumb":{"@id":"https:\/\/www.iaavim.gob.ar\/?p=11472#breadcrumb"},"inLanguage":"es-AR","potentialAction":[{"@type":"ReadAction","target":["https:\/\/www.iaavim.gob.ar\/?p=11472"]}]},{"@type":"ImageObject","inLanguage":"es-AR","@id":"https:\/\/www.iaavim.gob.ar\/?p=11472#primaryimage","url":"https:\/\/www.iaavim.gob.ar\/wp-content\/uploads\/2021\/11\/NEW-portada-sitio-1200x480-11.png","contentUrl":"https:\/\/www.iaavim.gob.ar\/wp-content\/uploads\/2021\/11\/NEW-portada-sitio-1200x480-11.png","width":1200,"height":480},{"@type":"BreadcrumbList","@id":"https:\/\/www.iaavim.gob.ar\/?p=11472#breadcrumb","itemListElement":[{"@type":"ListItem","position":1,"name":"Inicio","item":"https:\/\/www.iaavim.gob.ar\/"},{"@type":"ListItem","position":2,"name":"El sector audiovisual misionero se reunir\u00e1 en el pr\u00f3ximo Foro Consultivo de Pol\u00edticas P\u00fablicas"}]},{"@type":"WebSite","@id":"\/#website","url":"\/","name":"","description":"Sitio oficial del IAAviM","publisher":{"@id":"\/#organization"},"potentialAction":[{"@type":"SearchAction","target":{"@type":"EntryPoint","urlTemplate":"\/?s={search_term_string}"},"query-input":{"@type":"PropertyValueSpecification","valueRequired":true,"valueName":"search_term_string"}}],"inLanguage":"es-AR"},{"@type":"Organization","@id":"\/#organization","name":"Instituto de Artes Audiovisuales de Misiones","url":"\/","logo":{"@type":"ImageObject","inLanguage":"es-AR","@id":"\/#\/schema\/logo\/image\/","url":"https:\/\/iaavim.misiones.gob.ar\/wp-content\/uploads\/2021\/07\/logo-iaavim-preview.png.jpg","contentUrl":"https:\/\/iaavim.misiones.gob.ar\/wp-content\/uploads\/2021\/07\/logo-iaavim-preview.png.jpg","width":1200,"height":675,"caption":"Instituto de Artes Audiovisuales de Misiones"},"image":{"@id":"\/#\/schema\/logo\/image\/"}},{"@type":"Person","@id":"\/#\/schema\/person\/567fbb427319d0dae3bc6b33aba48a62","name":"IAAviM","image":{"@type":"ImageObject","inLanguage":"es-AR","@id":"https:\/\/secure.gravatar.com\/avatar\/9802bb83cd8afc8d9eae1a570850fcaf194494ca73cbac30d506afe269460348?s=96&d=blank&r=g","url":"https:\/\/secure.gravatar.com\/avatar\/9802bb83cd8afc8d9eae1a570850fcaf194494ca73cbac30d506afe269460348?s=96&d=blank&r=g","contentUrl":"https:\/\/secure.gravatar.com\/avatar\/9802bb83cd8afc8d9eae1a570850fcaf194494ca73cbac30d506afe269460348?s=96&d=blank&r=g","caption":"IAAviM"},"url":"https:\/\/www.iaavim.gob.ar\/?author=1"}]}},"amp_enabled":true,"_links":{"self":[{"href":"https:\/\/www.iaavim.gob.ar\/index.php?rest_route=\/wp\/v2\/posts\/11472","targetHints":{"allow":["GET"]}}],"collection":[{"href":"https:\/\/www.iaavim.gob.ar\/index.php?rest_route=\/wp\/v2\/posts"}],"about":[{"href":"https:\/\/www.iaavim.gob.ar\/index.php?rest_route=\/wp\/v2\/types\/post"}],"author":[{"embeddable":true,"href":"https:\/\/www.iaavim.gob.ar\/index.php?rest_route=\/wp\/v2\/users\/1"}],"replies":[{"embeddable":true,"href":"https:\/\/www.iaavim.gob.ar\/index.php?rest_route=%2Fwp%2Fv2%2Fcomments&post=11472"}],"version-history":[{"count":3,"href":"https:\/\/www.iaavim.gob.ar\/index.php?rest_route=\/wp\/v2\/posts\/11472\/revisions"}],"predecessor-version":[{"id":11513,"href":"https:\/\/www.iaavim.gob.ar\/index.php?rest_route=\/wp\/v2\/posts\/11472\/revisions\/11513"}],"wp:featuredmedia":[{"embeddable":true,"href":"https:\/\/www.iaavim.gob.ar\/index.php?rest_route=\/wp\/v2\/media\/11473"}],"wp:attachment":[{"href":"https:\/\/www.iaavim.gob.ar\/index.php?rest_route=%2Fwp%2Fv2%2Fmedia&parent=11472"}],"wp:term":[{"taxonomy":"category","embeddable":true,"href":"https:\/\/www.iaavim.gob.ar\/index.php?rest_route=%2Fwp%2Fv2%2Fcategories&post=11472"},{"taxonomy":"post_tag","embeddable":true,"href":"https:\/\/www.iaavim.gob.ar\/index.php?rest_route=%2Fwp%2Fv2%2Ftags&post=11472"}],"curies":[{"name":"wp","href":"https:\/\/api.w.org\/{rel}","templated":true}]}}