{"id":11423,"date":"2021-11-10T12:35:32","date_gmt":"2021-11-10T15:35:32","guid":{"rendered":"https:\/\/iaavim.com\/?p=11423"},"modified":"2021-12-13T10:08:18","modified_gmt":"2021-12-13T13:08:18","slug":"inscripcion-al-foro-2021","status":"publish","type":"post","link":"https:\/\/www.iaavim.gob.ar\/?p=11423","title":{"rendered":"Inscripci\u00f3n al Foro 2021"},"content":{"rendered":"\n<p>Invitamos a todes les integrantes del sector audiovisual y organizaciones vinculadas a la actividad a participar del VII Foro de Pol\u00edticas P\u00fablicas Audiovisuales que tendr\u00e1 lugar el viernes 26 de noviembre, desde las 9:30 hs, en las instalaciones del Museo Provincial Juan Yapar\u00ed de Posadas (Sarmiento 1885).<\/p>\n\n\n\n<p>La participaci\u00f3n es abierta y la solicitud de la inscripci\u00f3n se debe exclusivamente a motivos vinculados con la organizaci\u00f3n y log\u00edstica del encuentro.<\/p>\n\n\n\n<div class=\"wp-block-buttons is-content-justification-center is-layout-flex wp-block-buttons-is-layout-flex\">\n<div class=\"wp-block-button has-custom-width wp-block-button__width-75\"><a class=\"wp-block-button__link has-vivid-purple-background-color has-background\" href=\"https:\/\/docs.google.com\/forms\/d\/17HRTBSp9G_vljfV9WUFuWG5dNJKG7cvBmF7PW4HOMJA\/viewform?edit_requested=true\" style=\"border-radius:3px\">FORMULARIO INSCRIPCI\u00d3N AL FORO 2021<\/a><\/div>\n<\/div>\n\n\n\n<div style=\"height:44px\" aria-hidden=\"true\" class=\"wp-block-spacer\"><\/div>\n\n\n\n<p><strong>Foro de Pol\u00edticas P\u00fablicas Audiovisuales de Misiones<\/strong><\/p>\n\n\n\n<p>El Foro Consultivo es un espacio de participaci\u00f3n sectorial que se propone analizar y proponer lineamientos para la implementaci\u00f3n de pol\u00edticas p\u00fablicas audiovisuales, en vistas a los dos pr\u00f3ximos a\u00f1os. Durante una jornada, las personas y organizaciones inscriptas en el RePA e instituciones afines a la actividad audiovisual, en todas sus \u00e1reas y dimensiones contempladas en la ley, se re\u00fanen para buscar consensos y as\u00ed orientar criterios, establecer desaf\u00edos y generar recomendaciones para la planificaci\u00f3n estrat\u00e9gica del IAAviM.<\/p>\n\n\n\n<p>As\u00ed lo dispone la Ley VI 171 de Promoci\u00f3n Audiovisual en el Art. 2: \u201cEl IAAVIM llama cada dos (2) a\u00f1os a la realizaci\u00f3n de un foro consultivo de pol\u00edticas audiovisuales. El mismo est\u00e1 conformado por los integrantes del Registro Provincial del Audiovisual (RePA), as\u00ed como entidades gubernamentales, no gubernamentales, sindicales, regionales e internacionales con las que est\u00e1 vinculado\u201d.&nbsp;<\/p>\n\n\n\n<p><strong>Objetivos:<\/strong><\/p>\n\n\n\n<ol class=\"wp-block-list\"><li>Analizar la situaci\u00f3n actual de la actividad audiovisual en la provincia y la regi\u00f3n.<\/li><li>Generar recomendaciones en vistas a lo realizado en los dos \u00faltimos a\u00f1os.<\/li><li>Identificar desaf\u00edos que sugieran los ejes de trabajo sobre los que se basar\u00e1n las acciones del Instituto de Artes Audiovisuales de Misiones.<\/li><li>Fortalecer la planificaci\u00f3n participativa para el dise\u00f1o de pol\u00edticas p\u00fablicas.<\/li><\/ol>\n\n\n\n<div style=\"height:100px\" aria-hidden=\"true\" class=\"wp-block-spacer\"><\/div>\n","protected":false},"excerpt":{"rendered":"<p>Invitamos a todes les integrantes del sector audiovisual y organizaciones vinculadas a la actividad a participar del VII Foro de Pol\u00edticas P\u00fablicas Audiovisuales que tendr\u00e1 lugar el viernes 26 de noviembre, desde las 9:30 hs, en las instalaciones del Museo Provincial Juan Yapar\u00ed de Posadas (Sarmiento 1885). La participaci\u00f3n es abierta y la solicitud de &hellip;<\/p>\n","protected":false},"author":1,"featured_media":11424,"comment_status":"closed","ping_status":"open","sticky":false,"template":"","format":"standard","meta":{"_acf_changed":false,"footnotes":""},"categories":[27],"tags":[218,199,134,844,154],"class_list":["post-11423","post","type-post","status-publish","format-standard","has-post-thumbnail","hentry","category-repa","tag-foro-de-politicas-publicas-audiovisuales-de-misiones","tag-foros","tag-objetivos","tag-politicas-audiovisuales","tag-repa"],"acf":[],"yoast_head":"<!-- This site is optimized with the Yoast SEO plugin v27.4 - https:\/\/yoast.com\/product\/yoast-seo-wordpress\/ -->\n<title>Inscripci\u00f3n al Foro 2021 -<\/title>\n<meta name=\"description\" content=\"Inscripci\u00f3n al VII Foro de Pol\u00edticas P\u00fablicas Audiovisuales de Misiones, a realizarse el 26 de noviembre, en Posadas.\" \/>\n<meta name=\"robots\" content=\"index, follow, max-snippet:-1, max-image-preview:large, max-video-preview:-1\" \/>\n<link rel=\"canonical\" href=\"https:\/\/www.iaavim.gob.ar\/?p=11423\" \/>\n<meta property=\"og:locale\" content=\"es_ES\" \/>\n<meta property=\"og:type\" content=\"article\" \/>\n<meta property=\"og:title\" content=\"Inscripci\u00f3n al Foro 2021 -\" \/>\n<meta property=\"og:description\" content=\"Inscripci\u00f3n al VII Foro de Pol\u00edticas P\u00fablicas Audiovisuales de Misiones, a realizarse el 26 de noviembre, en Posadas.\" \/>\n<meta property=\"og:url\" content=\"https:\/\/www.iaavim.gob.ar\/?p=11423\" \/>\n<meta property=\"article:published_time\" content=\"2021-11-10T15:35:32+00:00\" \/>\n<meta property=\"article:modified_time\" content=\"2021-12-13T13:08:18+00:00\" \/>\n<meta property=\"og:image\" content=\"https:\/\/www.iaavim.gob.ar\/wp-content\/uploads\/2021\/11\/banner-foro-noviembre_Mesa-de-trabajo-1.png\" \/>\n\t<meta property=\"og:image:width\" content=\"1200\" \/>\n\t<meta property=\"og:image:height\" content=\"676\" \/>\n\t<meta property=\"og:image:type\" content=\"image\/png\" \/>\n<meta name=\"author\" content=\"IAAviM\" \/>\n<meta name=\"twitter:card\" content=\"summary_large_image\" \/>\n<meta name=\"twitter:label1\" content=\"Escrito por\" \/>\n\t<meta name=\"twitter:data1\" content=\"IAAviM\" \/>\n\t<meta name=\"twitter:label2\" content=\"Tiempo de lectura\" \/>\n\t<meta name=\"twitter:data2\" content=\"2 minutos\" \/>\n<script type=\"application\/ld+json\" class=\"yoast-schema-graph\">{\"@context\":\"https:\\\/\\\/schema.org\",\"@graph\":[{\"@type\":\"Article\",\"@id\":\"https:\\\/\\\/www.iaavim.gob.ar\\\/?p=11423#article\",\"isPartOf\":{\"@id\":\"https:\\\/\\\/www.iaavim.gob.ar\\\/?p=11423\"},\"author\":{\"name\":\"IAAviM\",\"@id\":\"\\\/#\\\/schema\\\/person\\\/567fbb427319d0dae3bc6b33aba48a62\"},\"headline\":\"Inscripci\u00f3n al Foro 2021\",\"datePublished\":\"2021-11-10T15:35:32+00:00\",\"dateModified\":\"2021-12-13T13:08:18+00:00\",\"mainEntityOfPage\":{\"@id\":\"https:\\\/\\\/www.iaavim.gob.ar\\\/?p=11423\"},\"wordCount\":308,\"publisher\":{\"@id\":\"\\\/#organization\"},\"image\":{\"@id\":\"https:\\\/\\\/www.iaavim.gob.ar\\\/?p=11423#primaryimage\"},\"thumbnailUrl\":\"https:\\\/\\\/www.iaavim.gob.ar\\\/wp-content\\\/uploads\\\/2021\\\/11\\\/banner-foro-noviembre_Mesa-de-trabajo-1.png\",\"keywords\":[\"Foro de Pol\u00edticas P\u00fablicas Audiovisuales de Misiones\",\"Foros\",\"objetivos\",\"pol\u00edticas audiovisuales\",\"repa\"],\"articleSection\":[\"RePA\"],\"inLanguage\":\"es-AR\"},{\"@type\":\"WebPage\",\"@id\":\"https:\\\/\\\/www.iaavim.gob.ar\\\/?p=11423\",\"url\":\"https:\\\/\\\/www.iaavim.gob.ar\\\/?p=11423\",\"name\":\"Inscripci\u00f3n al Foro 2021 -\",\"isPartOf\":{\"@id\":\"\\\/#website\"},\"primaryImageOfPage\":{\"@id\":\"https:\\\/\\\/www.iaavim.gob.ar\\\/?p=11423#primaryimage\"},\"image\":{\"@id\":\"https:\\\/\\\/www.iaavim.gob.ar\\\/?p=11423#primaryimage\"},\"thumbnailUrl\":\"https:\\\/\\\/www.iaavim.gob.ar\\\/wp-content\\\/uploads\\\/2021\\\/11\\\/banner-foro-noviembre_Mesa-de-trabajo-1.png\",\"datePublished\":\"2021-11-10T15:35:32+00:00\",\"dateModified\":\"2021-12-13T13:08:18+00:00\",\"description\":\"Inscripci\u00f3n al VII Foro de Pol\u00edticas P\u00fablicas Audiovisuales de Misiones, a realizarse el 26 de noviembre, en Posadas.\",\"breadcrumb\":{\"@id\":\"https:\\\/\\\/www.iaavim.gob.ar\\\/?p=11423#breadcrumb\"},\"inLanguage\":\"es-AR\",\"potentialAction\":[{\"@type\":\"ReadAction\",\"target\":[\"https:\\\/\\\/www.iaavim.gob.ar\\\/?p=11423\"]}]},{\"@type\":\"ImageObject\",\"inLanguage\":\"es-AR\",\"@id\":\"https:\\\/\\\/www.iaavim.gob.ar\\\/?p=11423#primaryimage\",\"url\":\"https:\\\/\\\/www.iaavim.gob.ar\\\/wp-content\\\/uploads\\\/2021\\\/11\\\/banner-foro-noviembre_Mesa-de-trabajo-1.png\",\"contentUrl\":\"https:\\\/\\\/www.iaavim.gob.ar\\\/wp-content\\\/uploads\\\/2021\\\/11\\\/banner-foro-noviembre_Mesa-de-trabajo-1.png\",\"width\":1200,\"height\":676},{\"@type\":\"BreadcrumbList\",\"@id\":\"https:\\\/\\\/www.iaavim.gob.ar\\\/?p=11423#breadcrumb\",\"itemListElement\":[{\"@type\":\"ListItem\",\"position\":1,\"name\":\"Inicio\",\"item\":\"https:\\\/\\\/www.iaavim.gob.ar\\\/\"},{\"@type\":\"ListItem\",\"position\":2,\"name\":\"Inscripci\u00f3n al Foro 2021\"}]},{\"@type\":\"WebSite\",\"@id\":\"\\\/#website\",\"url\":\"\\\/\",\"name\":\"\",\"description\":\"Sitio oficial del IAAviM\",\"publisher\":{\"@id\":\"\\\/#organization\"},\"potentialAction\":[{\"@type\":\"SearchAction\",\"target\":{\"@type\":\"EntryPoint\",\"urlTemplate\":\"\\\/?s={search_term_string}\"},\"query-input\":{\"@type\":\"PropertyValueSpecification\",\"valueRequired\":true,\"valueName\":\"search_term_string\"}}],\"inLanguage\":\"es-AR\"},{\"@type\":\"Organization\",\"@id\":\"\\\/#organization\",\"name\":\"Instituto de Artes Audiovisuales de Misiones\",\"url\":\"\\\/\",\"logo\":{\"@type\":\"ImageObject\",\"inLanguage\":\"es-AR\",\"@id\":\"\\\/#\\\/schema\\\/logo\\\/image\\\/\",\"url\":\"https:\\\/\\\/iaavim.misiones.gob.ar\\\/wp-content\\\/uploads\\\/2021\\\/07\\\/logo-iaavim-preview.png.jpg\",\"contentUrl\":\"https:\\\/\\\/iaavim.misiones.gob.ar\\\/wp-content\\\/uploads\\\/2021\\\/07\\\/logo-iaavim-preview.png.jpg\",\"width\":1200,\"height\":675,\"caption\":\"Instituto de Artes Audiovisuales de Misiones\"},\"image\":{\"@id\":\"\\\/#\\\/schema\\\/logo\\\/image\\\/\"}},{\"@type\":\"Person\",\"@id\":\"\\\/#\\\/schema\\\/person\\\/567fbb427319d0dae3bc6b33aba48a62\",\"name\":\"IAAviM\",\"image\":{\"@type\":\"ImageObject\",\"inLanguage\":\"es-AR\",\"@id\":\"https:\\\/\\\/secure.gravatar.com\\\/avatar\\\/9802bb83cd8afc8d9eae1a570850fcaf194494ca73cbac30d506afe269460348?s=96&d=blank&r=g\",\"url\":\"https:\\\/\\\/secure.gravatar.com\\\/avatar\\\/9802bb83cd8afc8d9eae1a570850fcaf194494ca73cbac30d506afe269460348?s=96&d=blank&r=g\",\"contentUrl\":\"https:\\\/\\\/secure.gravatar.com\\\/avatar\\\/9802bb83cd8afc8d9eae1a570850fcaf194494ca73cbac30d506afe269460348?s=96&d=blank&r=g\",\"caption\":\"IAAviM\"},\"url\":\"https:\\\/\\\/www.iaavim.gob.ar\\\/?author=1\"}]}<\/script>\n<!-- \/ Yoast SEO plugin. -->","yoast_head_json":{"title":"Inscripci\u00f3n al Foro 2021 -","description":"Inscripci\u00f3n al VII Foro de Pol\u00edticas P\u00fablicas Audiovisuales de Misiones, a realizarse el 26 de noviembre, en Posadas.","robots":{"index":"index","follow":"follow","max-snippet":"max-snippet:-1","max-image-preview":"max-image-preview:large","max-video-preview":"max-video-preview:-1"},"canonical":"https:\/\/www.iaavim.gob.ar\/?p=11423","og_locale":"es_ES","og_type":"article","og_title":"Inscripci\u00f3n al Foro 2021 -","og_description":"Inscripci\u00f3n al VII Foro de Pol\u00edticas P\u00fablicas Audiovisuales de Misiones, a realizarse el 26 de noviembre, en Posadas.","og_url":"https:\/\/www.iaavim.gob.ar\/?p=11423","article_published_time":"2021-11-10T15:35:32+00:00","article_modified_time":"2021-12-13T13:08:18+00:00","og_image":[{"width":1200,"height":676,"url":"https:\/\/www.iaavim.gob.ar\/wp-content\/uploads\/2021\/11\/banner-foro-noviembre_Mesa-de-trabajo-1.png","type":"image\/png"}],"author":"IAAviM","twitter_card":"summary_large_image","twitter_misc":{"Escrito por":"IAAviM","Tiempo de lectura":"2 minutos"},"schema":{"@context":"https:\/\/schema.org","@graph":[{"@type":"Article","@id":"https:\/\/www.iaavim.gob.ar\/?p=11423#article","isPartOf":{"@id":"https:\/\/www.iaavim.gob.ar\/?p=11423"},"author":{"name":"IAAviM","@id":"\/#\/schema\/person\/567fbb427319d0dae3bc6b33aba48a62"},"headline":"Inscripci\u00f3n al Foro 2021","datePublished":"2021-11-10T15:35:32+00:00","dateModified":"2021-12-13T13:08:18+00:00","mainEntityOfPage":{"@id":"https:\/\/www.iaavim.gob.ar\/?p=11423"},"wordCount":308,"publisher":{"@id":"\/#organization"},"image":{"@id":"https:\/\/www.iaavim.gob.ar\/?p=11423#primaryimage"},"thumbnailUrl":"https:\/\/www.iaavim.gob.ar\/wp-content\/uploads\/2021\/11\/banner-foro-noviembre_Mesa-de-trabajo-1.png","keywords":["Foro de Pol\u00edticas P\u00fablicas Audiovisuales de Misiones","Foros","objetivos","pol\u00edticas audiovisuales","repa"],"articleSection":["RePA"],"inLanguage":"es-AR"},{"@type":"WebPage","@id":"https:\/\/www.iaavim.gob.ar\/?p=11423","url":"https:\/\/www.iaavim.gob.ar\/?p=11423","name":"Inscripci\u00f3n al Foro 2021 -","isPartOf":{"@id":"\/#website"},"primaryImageOfPage":{"@id":"https:\/\/www.iaavim.gob.ar\/?p=11423#primaryimage"},"image":{"@id":"https:\/\/www.iaavim.gob.ar\/?p=11423#primaryimage"},"thumbnailUrl":"https:\/\/www.iaavim.gob.ar\/wp-content\/uploads\/2021\/11\/banner-foro-noviembre_Mesa-de-trabajo-1.png","datePublished":"2021-11-10T15:35:32+00:00","dateModified":"2021-12-13T13:08:18+00:00","description":"Inscripci\u00f3n al VII Foro de Pol\u00edticas P\u00fablicas Audiovisuales de Misiones, a realizarse el 26 de noviembre, en Posadas.","breadcrumb":{"@id":"https:\/\/www.iaavim.gob.ar\/?p=11423#breadcrumb"},"inLanguage":"es-AR","potentialAction":[{"@type":"ReadAction","target":["https:\/\/www.iaavim.gob.ar\/?p=11423"]}]},{"@type":"ImageObject","inLanguage":"es-AR","@id":"https:\/\/www.iaavim.gob.ar\/?p=11423#primaryimage","url":"https:\/\/www.iaavim.gob.ar\/wp-content\/uploads\/2021\/11\/banner-foro-noviembre_Mesa-de-trabajo-1.png","contentUrl":"https:\/\/www.iaavim.gob.ar\/wp-content\/uploads\/2021\/11\/banner-foro-noviembre_Mesa-de-trabajo-1.png","width":1200,"height":676},{"@type":"BreadcrumbList","@id":"https:\/\/www.iaavim.gob.ar\/?p=11423#breadcrumb","itemListElement":[{"@type":"ListItem","position":1,"name":"Inicio","item":"https:\/\/www.iaavim.gob.ar\/"},{"@type":"ListItem","position":2,"name":"Inscripci\u00f3n al Foro 2021"}]},{"@type":"WebSite","@id":"\/#website","url":"\/","name":"","description":"Sitio oficial del IAAviM","publisher":{"@id":"\/#organization"},"potentialAction":[{"@type":"SearchAction","target":{"@type":"EntryPoint","urlTemplate":"\/?s={search_term_string}"},"query-input":{"@type":"PropertyValueSpecification","valueRequired":true,"valueName":"search_term_string"}}],"inLanguage":"es-AR"},{"@type":"Organization","@id":"\/#organization","name":"Instituto de Artes Audiovisuales de Misiones","url":"\/","logo":{"@type":"ImageObject","inLanguage":"es-AR","@id":"\/#\/schema\/logo\/image\/","url":"https:\/\/iaavim.misiones.gob.ar\/wp-content\/uploads\/2021\/07\/logo-iaavim-preview.png.jpg","contentUrl":"https:\/\/iaavim.misiones.gob.ar\/wp-content\/uploads\/2021\/07\/logo-iaavim-preview.png.jpg","width":1200,"height":675,"caption":"Instituto de Artes Audiovisuales de Misiones"},"image":{"@id":"\/#\/schema\/logo\/image\/"}},{"@type":"Person","@id":"\/#\/schema\/person\/567fbb427319d0dae3bc6b33aba48a62","name":"IAAviM","image":{"@type":"ImageObject","inLanguage":"es-AR","@id":"https:\/\/secure.gravatar.com\/avatar\/9802bb83cd8afc8d9eae1a570850fcaf194494ca73cbac30d506afe269460348?s=96&d=blank&r=g","url":"https:\/\/secure.gravatar.com\/avatar\/9802bb83cd8afc8d9eae1a570850fcaf194494ca73cbac30d506afe269460348?s=96&d=blank&r=g","contentUrl":"https:\/\/secure.gravatar.com\/avatar\/9802bb83cd8afc8d9eae1a570850fcaf194494ca73cbac30d506afe269460348?s=96&d=blank&r=g","caption":"IAAviM"},"url":"https:\/\/www.iaavim.gob.ar\/?author=1"}]}},"amp_enabled":true,"_links":{"self":[{"href":"https:\/\/www.iaavim.gob.ar\/index.php?rest_route=\/wp\/v2\/posts\/11423","targetHints":{"allow":["GET"]}}],"collection":[{"href":"https:\/\/www.iaavim.gob.ar\/index.php?rest_route=\/wp\/v2\/posts"}],"about":[{"href":"https:\/\/www.iaavim.gob.ar\/index.php?rest_route=\/wp\/v2\/types\/post"}],"author":[{"embeddable":true,"href":"https:\/\/www.iaavim.gob.ar\/index.php?rest_route=\/wp\/v2\/users\/1"}],"replies":[{"embeddable":true,"href":"https:\/\/www.iaavim.gob.ar\/index.php?rest_route=%2Fwp%2Fv2%2Fcomments&post=11423"}],"version-history":[{"count":2,"href":"https:\/\/www.iaavim.gob.ar\/index.php?rest_route=\/wp\/v2\/posts\/11423\/revisions"}],"predecessor-version":[{"id":11426,"href":"https:\/\/www.iaavim.gob.ar\/index.php?rest_route=\/wp\/v2\/posts\/11423\/revisions\/11426"}],"wp:featuredmedia":[{"embeddable":true,"href":"https:\/\/www.iaavim.gob.ar\/index.php?rest_route=\/wp\/v2\/media\/11424"}],"wp:attachment":[{"href":"https:\/\/www.iaavim.gob.ar\/index.php?rest_route=%2Fwp%2Fv2%2Fmedia&parent=11423"}],"wp:term":[{"taxonomy":"category","embeddable":true,"href":"https:\/\/www.iaavim.gob.ar\/index.php?rest_route=%2Fwp%2Fv2%2Fcategories&post=11423"},{"taxonomy":"post_tag","embeddable":true,"href":"https:\/\/www.iaavim.gob.ar\/index.php?rest_route=%2Fwp%2Fv2%2Ftags&post=11423"}],"curies":[{"name":"wp","href":"https:\/\/api.w.org\/{rel}","templated":true}]}}