{"id":11304,"date":"2021-10-09T19:45:45","date_gmt":"2021-10-09T22:45:45","guid":{"rendered":"https:\/\/iaavim.com\/?p=11304"},"modified":"2021-10-10T13:33:58","modified_gmt":"2021-10-10T16:33:58","slug":"obera-en-cortos-destacada-agenda-de-cine-comunitario","status":"publish","type":"post","link":"https:\/\/www.iaavim.gob.ar\/?p=11304","title":{"rendered":"Ober\u00e1 en Cortos: Destacada agenda de Cine Comunitario"},"content":{"rendered":"\n<p>La agenda de charlas y proyecciones de cine comunitario se incrementa a\u00f1o tras a\u00f1o en el <strong>Festival Internacional de Cortometrajes \u201cOber\u00e1 en Cortos\u201d<\/strong>. Ver producciones realizadas por colectivos y la oportunidad de escuchar a referentes del cine comunitario, destacan en la agenda del emblem\u00e1tico festival obere\u00f1o que este a\u00f1o se realiza <strong>del 11 al 15 de octubre<\/strong>, en modalidad <strong>presencial y virtual<\/strong>.<\/p>\n\n\n\n<p>Abriendo las actividades del Festival, el <strong>lunes de 10 a 12 hs<\/strong>, se desarrollar\u00e1 el <strong>conversatorio \u201cCine Comunitario realizado por J\u00f3venes\u201d<\/strong>, a cargo de ocho chicas y chicos que participan de talleres de producci\u00f3n audiovisual de car\u00e1cter comunitario en <strong>C\u00f3rdoba, La Rioja y Misiones<\/strong>. La moderadora ser\u00e1 Ainara Rolandi, joven estudiante de ENERC NEA, ex participante del programa Cine Joven Comunitario del Instituto de Artes Audiovisuales de Misiones -IAAviM- y actualmente productora y conductora del programa televisivo \u201cHablemos de Cine\u201d.<\/p>\n\n\n\n<p>Durante la charla, los y las j\u00f3venes protagonistas intercambiar\u00e1n sus miradas acerca de lo que significa el cine comunitario, hablar\u00e1n sobre las experiencias e historias compartidas en los talleres de Cine Joven Comunitario (Misiones), en el Taller de Cine del Centro Cultural Villa El Libertador (C\u00f3rdoba) y en el Taller de Cine de la Direcci\u00f3n de Cultura de Villa Castelli (La Rioja); as\u00ed como tambi\u00e9n dialogar\u00e1n acerca de las representaciones de las juventudes y la importancia del lenguaje audiovisual para expresarse.<\/p>\n\n\n\n<figure class=\"wp-block-gallery columns-2 is-cropped wp-block-gallery-1 is-layout-flex wp-block-gallery-is-layout-flex\"><ul class=\"blocks-gallery-grid\"><li class=\"blocks-gallery-item\"><figure><a href=\"https:\/\/iaavim.misiones.gob.ar\/wp-content\/uploads\/2021\/10\/1-Participantes-Cine-Comunitario-realizado-por-Jo\u0301venes.jpg\"><img loading=\"lazy\" decoding=\"async\" width=\"1200\" height=\"1200\" src=\"https:\/\/iaavim.misiones.gob.ar\/wp-content\/uploads\/2021\/10\/1-Participantes-Cine-Comunitario-realizado-por-Jo\u0301venes.jpg\" alt=\"\" data-id=\"11305\" data-full-url=\"https:\/\/iaavim.misiones.gob.ar\/wp-content\/uploads\/2021\/10\/1-Participantes-Cine-Comunitario-realizado-por-Jo\u0301venes.jpg\" data-link=\"https:\/\/iaavim.misiones.gob.ar\/?attachment_id=11305\" class=\"wp-image-11305\" srcset=\"https:\/\/www.iaavim.gob.ar\/wp-content\/uploads\/2021\/10\/1-Participantes-Cine-Comunitario-realizado-por-Jo\u0301venes.jpg 1200w, https:\/\/www.iaavim.gob.ar\/wp-content\/uploads\/2021\/10\/1-Participantes-Cine-Comunitario-realizado-por-Jo\u0301venes-300x300.jpg 300w, https:\/\/www.iaavim.gob.ar\/wp-content\/uploads\/2021\/10\/1-Participantes-Cine-Comunitario-realizado-por-Jo\u0301venes-1024x1024.jpg 1024w, https:\/\/www.iaavim.gob.ar\/wp-content\/uploads\/2021\/10\/1-Participantes-Cine-Comunitario-realizado-por-Jo\u0301venes-150x150.jpg 150w, https:\/\/www.iaavim.gob.ar\/wp-content\/uploads\/2021\/10\/1-Participantes-Cine-Comunitario-realizado-por-Jo\u0301venes-768x768.jpg 768w\" sizes=\"auto, (max-width: 1200px) 100vw, 1200px\" \/><\/a><\/figure><\/li><li class=\"blocks-gallery-item\"><figure><a href=\"https:\/\/iaavim.misiones.gob.ar\/wp-content\/uploads\/2021\/10\/2-Participantes-Cine-Comunitario-realizado-por-Jo\u0301venes.jpg\"><img loading=\"lazy\" decoding=\"async\" width=\"1200\" height=\"1200\" src=\"https:\/\/iaavim.misiones.gob.ar\/wp-content\/uploads\/2021\/10\/2-Participantes-Cine-Comunitario-realizado-por-Jo\u0301venes.jpg\" alt=\"\" data-id=\"11306\" data-full-url=\"https:\/\/iaavim.misiones.gob.ar\/wp-content\/uploads\/2021\/10\/2-Participantes-Cine-Comunitario-realizado-por-Jo\u0301venes.jpg\" data-link=\"https:\/\/iaavim.misiones.gob.ar\/?attachment_id=11306\" class=\"wp-image-11306\" srcset=\"https:\/\/www.iaavim.gob.ar\/wp-content\/uploads\/2021\/10\/2-Participantes-Cine-Comunitario-realizado-por-Jo\u0301venes.jpg 1200w, https:\/\/www.iaavim.gob.ar\/wp-content\/uploads\/2021\/10\/2-Participantes-Cine-Comunitario-realizado-por-Jo\u0301venes-300x300.jpg 300w, https:\/\/www.iaavim.gob.ar\/wp-content\/uploads\/2021\/10\/2-Participantes-Cine-Comunitario-realizado-por-Jo\u0301venes-1024x1024.jpg 1024w, https:\/\/www.iaavim.gob.ar\/wp-content\/uploads\/2021\/10\/2-Participantes-Cine-Comunitario-realizado-por-Jo\u0301venes-150x150.jpg 150w, https:\/\/www.iaavim.gob.ar\/wp-content\/uploads\/2021\/10\/2-Participantes-Cine-Comunitario-realizado-por-Jo\u0301venes-768x768.jpg 768w\" sizes=\"auto, (max-width: 1200px) 100vw, 1200px\" \/><\/a><\/figure><\/li><\/ul><\/figure>\n\n\n\n<p>El <strong>mi\u00e9rcoles 13 de octubre<\/strong>, de<strong> 17 a 18.30 hs<\/strong>, se realizar\u00e1 el <strong>conversatorio \u201cHablemos de Cine Comunitario; desde la investigaci\u00f3n, formaci\u00f3n, exhibici\u00f3n y fomento\u201d<\/strong>. Ser\u00e1n parte de la mesa las y los integrantes de la Red Argentina de Cine Comunitario (RACC): <strong>Andrea Molfetta<\/strong>, escritora e investigadora del CONICET, fundadora de la Asociaci\u00f3n Argentina de Estudios de Cine y Audiovisual e investigadora de la Secci\u00f3n de Antropolog\u00eda Social de la Universidad de Buenos Aires. Actualmente coordina el Grupo de Investigaci\u00f3n DocSa\/Est\u00e9ticas y Pol\u00edticas del Cine Sudamericano y es profesora del Programa de Posgrado \u201cCines de Am\u00e9rica del Sur\u201d, de la Universidad Nacional de las Artes; <strong>Marcos Canella Tsuji<\/strong>, es Lic. en Audiovisi\u00f3n y docente en la Universidad Nacional de Lan\u00fas y en la Universidad Nacional Arturo Jauretche; y <strong>Lucia Rinero<\/strong>, es Lic. en Cine y Televisi\u00f3n por la Facultad de Artes UNC. Se desempe\u00f1a como docente y es coordinadora del Taller de Cine en el Centro Cultural Villa El Libertador.<\/p>\n\n\n\n<p>El conversatorio ser\u00e1 <strong>moderado por Ver\u00f3nica Fulquet<\/strong>, jefa del Departamento de Producci\u00f3n Comunitaria del Instituto de Artes Audiovisuales de Misiones, coordinadora del programa provincial \u201cCine Joven Comunitario\u201d, e integrante de la RACC.<\/p>\n\n\n\n<p>\u201cHablemos de Cine Comunitario\u201d es una invitaci\u00f3n para todas aquellas personas que trabajan en colectivos y organizaciones sociales, como as\u00ed tambi\u00e9n para realizadores y realizadoras que est\u00e1n interesados en producir desde una perspectiva comunitaria. En este sentido, los integrantes de la RACC compartir\u00e1n sus miradas sobre el hacer cine comunitario, la necesidad de visibilizar y legitimar esta \u00e1rea de producci\u00f3n en el campo federal. Ser\u00e1 tambi\u00e9n la oportunidad para conocer experiencias de producci\u00f3n horizontal y colectiva de la que participa cada panelista, la situaci\u00f3n actual del cine comunitario y las discusiones para incorporar l\u00edneas de fomento p\u00fablicas espec\u00edficas para esta \u00e1rea de producci\u00f3n audiovisual.<\/p>\n\n\n\n<p><strong>Ober\u00e1 en Cortos <\/strong>tambi\u00e9n contar\u00e1 con el <strong>segmento \u201cPantallas Comunitarias\u201d<\/strong> que proyectar\u00e1 de manera exclusiva contenidos que revalorizan la producci\u00f3n de distintos grupos. <strong>Desde el martes 12 al viernes 15, desde las 16 hs<\/strong>, tanto en la emblem\u00e1tica <strong>sala del Cine Teatro Ober\u00e1<\/strong> como por la <strong>plataforma<\/strong> del festival, se podr\u00e1 disfrutar diariamente de muestras de la Red Argentina de Cine Comunitario, de Cine Ind\u00edgena, de j\u00f3venes de la agricultura familiar y cortometrajes producidos durante el 2020 en los distintos talleres del programa Cine Joven Comunitario IAAviM.<\/p>\n\n\n\n<p>Esta secci\u00f3n del festival invita a descubrir el trabajo de diversos grupos que utilizan el lenguaje audiovisual para visibilizar sus realidades y expresar sus anhelos, valorando en este proceso las identidades locales. Algunos de los t\u00edtulos que se podr\u00e1n ver son: <strong>\u201cReconstruyendo sue\u00f1os\u201d<\/strong>, del taller de Cine y Memoria, realizado en el Centro Cultural Villa Libertador (RACC), <strong>\u201cNuestra belleza\u201d, \u201cEstado de alerta\u201d y \u201cLa culpa la tiene nini\u201d<\/strong>, cortos producidos por protagonistas de los talleres de Cine Joven Comunitario, <strong>\u201cTodo se vuelve fiesta cuando ellas juegan\u201d<\/strong>, realizado en el marco del programa de Invicines, en la Biblioteca Popular Nelly Llorens, C\u00f3rdoba (RACC); <strong>\u201cMujeres que siembran y preservan lo rural\u201d<\/strong> (Misiones); <strong>\u201cSaber Guaran\u00ed\u201d<\/strong>, cine ind\u00edgena Mbya Arandu, Santa Mar\u00eda, Brasil; <strong>\u201cYvy regua meme&#8217;i\u201d<\/strong> (Somos de la tierra), del <strong>Colectivo de Cine Mbya Ara Pyau<\/strong>, realizado en el tekoa Tamandu\u00e1; entre otros.&nbsp;<\/p>\n\n\n\n<p>Para conocer la <strong>programaci\u00f3n<\/strong> completa ingresar al sitio <a href=\"http:\/\/oberaencortos.com\/\" target=\"_blank\" rel=\"noreferrer noopener\">oberaencortos.com<\/a>&nbsp;<\/p>\n","protected":false},"excerpt":{"rendered":"<p>La agenda de charlas y proyecciones de cine comunitario se incrementa a\u00f1o tras a\u00f1o en el Festival Internacional de Cortometrajes \u201cOber\u00e1 en Cortos\u201d. Ver producciones realizadas por colectivos y la oportunidad de escuchar a referentes del cine comunitario, destacan en la agenda del emblem\u00e1tico festival obere\u00f1o que este a\u00f1o se realiza del 11 al 15 &hellip;<\/p>\n","protected":false},"author":1,"featured_media":11307,"comment_status":"closed","ping_status":"open","sticky":false,"template":"","format":"standard","meta":{"_acf_changed":false,"footnotes":""},"categories":[39],"tags":[811,813,62,753,133,812],"class_list":["post-11304","post","type-post","status-publish","format-standard","has-post-thumbnail","hentry","category-noticias-del-iaavim","tag-cine-comunitario","tag-cine-indigena","tag-cine-joven-comunitario-iaavim","tag-colectivo-de-cine-ara-pyau","tag-obera-en-cortos","tag-racc-red-argentina-de-cine-comunitario"],"acf":[],"yoast_head":"<!-- This site is optimized with the Yoast SEO plugin v27.4 - https:\/\/yoast.com\/product\/yoast-seo-wordpress\/ -->\n<title>Ober\u00e1 en Cortos: Destacada agenda de Cine Comunitario - IAAviM<\/title>\n<meta name=\"description\" content=\"Conversatorios y proyecciones diarias dedicadas al Cine Comunitario en el marco del Festival Internacional de Cortometrajes Ober\u00e1 en Cortos.\" \/>\n<meta name=\"robots\" content=\"index, follow, max-snippet:-1, max-image-preview:large, max-video-preview:-1\" \/>\n<link rel=\"canonical\" href=\"https:\/\/www.iaavim.gob.ar\/?p=11304\" \/>\n<meta property=\"og:locale\" content=\"es_ES\" \/>\n<meta property=\"og:type\" content=\"article\" \/>\n<meta property=\"og:title\" content=\"Ober\u00e1 en Cortos: Destacada agenda de Cine Comunitario - IAAviM\" \/>\n<meta property=\"og:description\" content=\"Conversatorios y proyecciones diarias dedicadas al Cine Comunitario en el marco del Festival Internacional de Cortometrajes Ober\u00e1 en Cortos.\" \/>\n<meta property=\"og:url\" content=\"https:\/\/www.iaavim.gob.ar\/?p=11304\" \/>\n<meta property=\"article:published_time\" content=\"2021-10-09T22:45:45+00:00\" \/>\n<meta property=\"article:modified_time\" content=\"2021-10-10T16:33:58+00:00\" \/>\n<meta property=\"og:image\" content=\"https:\/\/www.iaavim.gob.ar\/wp-content\/uploads\/2021\/10\/Charla-RACC-Hablemos-de-Cine-Comunitario.png\" \/>\n\t<meta property=\"og:image:width\" content=\"1200\" \/>\n\t<meta property=\"og:image:height\" content=\"480\" \/>\n\t<meta property=\"og:image:type\" content=\"image\/png\" \/>\n<meta name=\"author\" content=\"IAAviM\" \/>\n<meta name=\"twitter:card\" content=\"summary_large_image\" \/>\n<meta name=\"twitter:label1\" content=\"Escrito por\" \/>\n\t<meta name=\"twitter:data1\" content=\"IAAviM\" \/>\n\t<meta name=\"twitter:label2\" content=\"Tiempo de lectura\" \/>\n\t<meta name=\"twitter:data2\" content=\"4 minutos\" \/>\n<script type=\"application\/ld+json\" class=\"yoast-schema-graph\">{\"@context\":\"https:\\\/\\\/schema.org\",\"@graph\":[{\"@type\":\"Article\",\"@id\":\"https:\\\/\\\/www.iaavim.gob.ar\\\/?p=11304#article\",\"isPartOf\":{\"@id\":\"https:\\\/\\\/www.iaavim.gob.ar\\\/?p=11304\"},\"author\":{\"name\":\"IAAviM\",\"@id\":\"\\\/#\\\/schema\\\/person\\\/567fbb427319d0dae3bc6b33aba48a62\"},\"headline\":\"Ober\u00e1 en Cortos: Destacada agenda de Cine Comunitario\",\"datePublished\":\"2021-10-09T22:45:45+00:00\",\"dateModified\":\"2021-10-10T16:33:58+00:00\",\"mainEntityOfPage\":{\"@id\":\"https:\\\/\\\/www.iaavim.gob.ar\\\/?p=11304\"},\"wordCount\":816,\"publisher\":{\"@id\":\"\\\/#organization\"},\"image\":{\"@id\":\"https:\\\/\\\/www.iaavim.gob.ar\\\/?p=11304#primaryimage\"},\"thumbnailUrl\":\"https:\\\/\\\/www.iaavim.gob.ar\\\/wp-content\\\/uploads\\\/2021\\\/10\\\/Charla-RACC-Hablemos-de-Cine-Comunitario.png\",\"keywords\":[\"Cine Comunitario\",\"cine ind\u00edgena\",\"Cine Joven Comunitario - IAAviM\",\"Colectivo de Cine Ara Pyau\",\"Ober\u00e1 en Cortos\",\"RACC Red Argentina de Cine Comunitario\"],\"articleSection\":[\"Noticias del IAAviM\"],\"inLanguage\":\"es-AR\"},{\"@type\":\"WebPage\",\"@id\":\"https:\\\/\\\/www.iaavim.gob.ar\\\/?p=11304\",\"url\":\"https:\\\/\\\/www.iaavim.gob.ar\\\/?p=11304\",\"name\":\"Ober\u00e1 en Cortos: Destacada agenda de Cine Comunitario - IAAviM\",\"isPartOf\":{\"@id\":\"\\\/#website\"},\"primaryImageOfPage\":{\"@id\":\"https:\\\/\\\/www.iaavim.gob.ar\\\/?p=11304#primaryimage\"},\"image\":{\"@id\":\"https:\\\/\\\/www.iaavim.gob.ar\\\/?p=11304#primaryimage\"},\"thumbnailUrl\":\"https:\\\/\\\/www.iaavim.gob.ar\\\/wp-content\\\/uploads\\\/2021\\\/10\\\/Charla-RACC-Hablemos-de-Cine-Comunitario.png\",\"datePublished\":\"2021-10-09T22:45:45+00:00\",\"dateModified\":\"2021-10-10T16:33:58+00:00\",\"description\":\"Conversatorios y proyecciones diarias dedicadas al Cine Comunitario en el marco del Festival Internacional de Cortometrajes Ober\u00e1 en Cortos.\",\"breadcrumb\":{\"@id\":\"https:\\\/\\\/www.iaavim.gob.ar\\\/?p=11304#breadcrumb\"},\"inLanguage\":\"es-AR\",\"potentialAction\":[{\"@type\":\"ReadAction\",\"target\":[\"https:\\\/\\\/www.iaavim.gob.ar\\\/?p=11304\"]}]},{\"@type\":\"ImageObject\",\"inLanguage\":\"es-AR\",\"@id\":\"https:\\\/\\\/www.iaavim.gob.ar\\\/?p=11304#primaryimage\",\"url\":\"https:\\\/\\\/www.iaavim.gob.ar\\\/wp-content\\\/uploads\\\/2021\\\/10\\\/Charla-RACC-Hablemos-de-Cine-Comunitario.png\",\"contentUrl\":\"https:\\\/\\\/www.iaavim.gob.ar\\\/wp-content\\\/uploads\\\/2021\\\/10\\\/Charla-RACC-Hablemos-de-Cine-Comunitario.png\",\"width\":1200,\"height\":480},{\"@type\":\"BreadcrumbList\",\"@id\":\"https:\\\/\\\/www.iaavim.gob.ar\\\/?p=11304#breadcrumb\",\"itemListElement\":[{\"@type\":\"ListItem\",\"position\":1,\"name\":\"Inicio\",\"item\":\"https:\\\/\\\/www.iaavim.gob.ar\\\/\"},{\"@type\":\"ListItem\",\"position\":2,\"name\":\"Ober\u00e1 en Cortos: Destacada agenda de Cine Comunitario\"}]},{\"@type\":\"WebSite\",\"@id\":\"\\\/#website\",\"url\":\"\\\/\",\"name\":\"\",\"description\":\"Sitio oficial del IAAviM\",\"publisher\":{\"@id\":\"\\\/#organization\"},\"potentialAction\":[{\"@type\":\"SearchAction\",\"target\":{\"@type\":\"EntryPoint\",\"urlTemplate\":\"\\\/?s={search_term_string}\"},\"query-input\":{\"@type\":\"PropertyValueSpecification\",\"valueRequired\":true,\"valueName\":\"search_term_string\"}}],\"inLanguage\":\"es-AR\"},{\"@type\":\"Organization\",\"@id\":\"\\\/#organization\",\"name\":\"Instituto de Artes Audiovisuales de Misiones\",\"url\":\"\\\/\",\"logo\":{\"@type\":\"ImageObject\",\"inLanguage\":\"es-AR\",\"@id\":\"\\\/#\\\/schema\\\/logo\\\/image\\\/\",\"url\":\"https:\\\/\\\/iaavim.misiones.gob.ar\\\/wp-content\\\/uploads\\\/2021\\\/07\\\/logo-iaavim-preview.png.jpg\",\"contentUrl\":\"https:\\\/\\\/iaavim.misiones.gob.ar\\\/wp-content\\\/uploads\\\/2021\\\/07\\\/logo-iaavim-preview.png.jpg\",\"width\":1200,\"height\":675,\"caption\":\"Instituto de Artes Audiovisuales de Misiones\"},\"image\":{\"@id\":\"\\\/#\\\/schema\\\/logo\\\/image\\\/\"}},{\"@type\":\"Person\",\"@id\":\"\\\/#\\\/schema\\\/person\\\/567fbb427319d0dae3bc6b33aba48a62\",\"name\":\"IAAviM\",\"image\":{\"@type\":\"ImageObject\",\"inLanguage\":\"es-AR\",\"@id\":\"https:\\\/\\\/secure.gravatar.com\\\/avatar\\\/9802bb83cd8afc8d9eae1a570850fcaf194494ca73cbac30d506afe269460348?s=96&d=blank&r=g\",\"url\":\"https:\\\/\\\/secure.gravatar.com\\\/avatar\\\/9802bb83cd8afc8d9eae1a570850fcaf194494ca73cbac30d506afe269460348?s=96&d=blank&r=g\",\"contentUrl\":\"https:\\\/\\\/secure.gravatar.com\\\/avatar\\\/9802bb83cd8afc8d9eae1a570850fcaf194494ca73cbac30d506afe269460348?s=96&d=blank&r=g\",\"caption\":\"IAAviM\"},\"url\":\"https:\\\/\\\/www.iaavim.gob.ar\\\/?author=1\"}]}<\/script>\n<!-- \/ Yoast SEO plugin. -->","yoast_head_json":{"title":"Ober\u00e1 en Cortos: Destacada agenda de Cine Comunitario - IAAviM","description":"Conversatorios y proyecciones diarias dedicadas al Cine Comunitario en el marco del Festival Internacional de Cortometrajes Ober\u00e1 en Cortos.","robots":{"index":"index","follow":"follow","max-snippet":"max-snippet:-1","max-image-preview":"max-image-preview:large","max-video-preview":"max-video-preview:-1"},"canonical":"https:\/\/www.iaavim.gob.ar\/?p=11304","og_locale":"es_ES","og_type":"article","og_title":"Ober\u00e1 en Cortos: Destacada agenda de Cine Comunitario - IAAviM","og_description":"Conversatorios y proyecciones diarias dedicadas al Cine Comunitario en el marco del Festival Internacional de Cortometrajes Ober\u00e1 en Cortos.","og_url":"https:\/\/www.iaavim.gob.ar\/?p=11304","article_published_time":"2021-10-09T22:45:45+00:00","article_modified_time":"2021-10-10T16:33:58+00:00","og_image":[{"width":1200,"height":480,"url":"https:\/\/www.iaavim.gob.ar\/wp-content\/uploads\/2021\/10\/Charla-RACC-Hablemos-de-Cine-Comunitario.png","type":"image\/png"}],"author":"IAAviM","twitter_card":"summary_large_image","twitter_misc":{"Escrito por":"IAAviM","Tiempo de lectura":"4 minutos"},"schema":{"@context":"https:\/\/schema.org","@graph":[{"@type":"Article","@id":"https:\/\/www.iaavim.gob.ar\/?p=11304#article","isPartOf":{"@id":"https:\/\/www.iaavim.gob.ar\/?p=11304"},"author":{"name":"IAAviM","@id":"\/#\/schema\/person\/567fbb427319d0dae3bc6b33aba48a62"},"headline":"Ober\u00e1 en Cortos: Destacada agenda de Cine Comunitario","datePublished":"2021-10-09T22:45:45+00:00","dateModified":"2021-10-10T16:33:58+00:00","mainEntityOfPage":{"@id":"https:\/\/www.iaavim.gob.ar\/?p=11304"},"wordCount":816,"publisher":{"@id":"\/#organization"},"image":{"@id":"https:\/\/www.iaavim.gob.ar\/?p=11304#primaryimage"},"thumbnailUrl":"https:\/\/www.iaavim.gob.ar\/wp-content\/uploads\/2021\/10\/Charla-RACC-Hablemos-de-Cine-Comunitario.png","keywords":["Cine Comunitario","cine ind\u00edgena","Cine Joven Comunitario - IAAviM","Colectivo de Cine Ara Pyau","Ober\u00e1 en Cortos","RACC Red Argentina de Cine Comunitario"],"articleSection":["Noticias del IAAviM"],"inLanguage":"es-AR"},{"@type":"WebPage","@id":"https:\/\/www.iaavim.gob.ar\/?p=11304","url":"https:\/\/www.iaavim.gob.ar\/?p=11304","name":"Ober\u00e1 en Cortos: Destacada agenda de Cine Comunitario - IAAviM","isPartOf":{"@id":"\/#website"},"primaryImageOfPage":{"@id":"https:\/\/www.iaavim.gob.ar\/?p=11304#primaryimage"},"image":{"@id":"https:\/\/www.iaavim.gob.ar\/?p=11304#primaryimage"},"thumbnailUrl":"https:\/\/www.iaavim.gob.ar\/wp-content\/uploads\/2021\/10\/Charla-RACC-Hablemos-de-Cine-Comunitario.png","datePublished":"2021-10-09T22:45:45+00:00","dateModified":"2021-10-10T16:33:58+00:00","description":"Conversatorios y proyecciones diarias dedicadas al Cine Comunitario en el marco del Festival Internacional de Cortometrajes Ober\u00e1 en Cortos.","breadcrumb":{"@id":"https:\/\/www.iaavim.gob.ar\/?p=11304#breadcrumb"},"inLanguage":"es-AR","potentialAction":[{"@type":"ReadAction","target":["https:\/\/www.iaavim.gob.ar\/?p=11304"]}]},{"@type":"ImageObject","inLanguage":"es-AR","@id":"https:\/\/www.iaavim.gob.ar\/?p=11304#primaryimage","url":"https:\/\/www.iaavim.gob.ar\/wp-content\/uploads\/2021\/10\/Charla-RACC-Hablemos-de-Cine-Comunitario.png","contentUrl":"https:\/\/www.iaavim.gob.ar\/wp-content\/uploads\/2021\/10\/Charla-RACC-Hablemos-de-Cine-Comunitario.png","width":1200,"height":480},{"@type":"BreadcrumbList","@id":"https:\/\/www.iaavim.gob.ar\/?p=11304#breadcrumb","itemListElement":[{"@type":"ListItem","position":1,"name":"Inicio","item":"https:\/\/www.iaavim.gob.ar\/"},{"@type":"ListItem","position":2,"name":"Ober\u00e1 en Cortos: Destacada agenda de Cine Comunitario"}]},{"@type":"WebSite","@id":"\/#website","url":"\/","name":"","description":"Sitio oficial del IAAviM","publisher":{"@id":"\/#organization"},"potentialAction":[{"@type":"SearchAction","target":{"@type":"EntryPoint","urlTemplate":"\/?s={search_term_string}"},"query-input":{"@type":"PropertyValueSpecification","valueRequired":true,"valueName":"search_term_string"}}],"inLanguage":"es-AR"},{"@type":"Organization","@id":"\/#organization","name":"Instituto de Artes Audiovisuales de Misiones","url":"\/","logo":{"@type":"ImageObject","inLanguage":"es-AR","@id":"\/#\/schema\/logo\/image\/","url":"https:\/\/iaavim.misiones.gob.ar\/wp-content\/uploads\/2021\/07\/logo-iaavim-preview.png.jpg","contentUrl":"https:\/\/iaavim.misiones.gob.ar\/wp-content\/uploads\/2021\/07\/logo-iaavim-preview.png.jpg","width":1200,"height":675,"caption":"Instituto de Artes Audiovisuales de Misiones"},"image":{"@id":"\/#\/schema\/logo\/image\/"}},{"@type":"Person","@id":"\/#\/schema\/person\/567fbb427319d0dae3bc6b33aba48a62","name":"IAAviM","image":{"@type":"ImageObject","inLanguage":"es-AR","@id":"https:\/\/secure.gravatar.com\/avatar\/9802bb83cd8afc8d9eae1a570850fcaf194494ca73cbac30d506afe269460348?s=96&d=blank&r=g","url":"https:\/\/secure.gravatar.com\/avatar\/9802bb83cd8afc8d9eae1a570850fcaf194494ca73cbac30d506afe269460348?s=96&d=blank&r=g","contentUrl":"https:\/\/secure.gravatar.com\/avatar\/9802bb83cd8afc8d9eae1a570850fcaf194494ca73cbac30d506afe269460348?s=96&d=blank&r=g","caption":"IAAviM"},"url":"https:\/\/www.iaavim.gob.ar\/?author=1"}]}},"amp_enabled":true,"_links":{"self":[{"href":"https:\/\/www.iaavim.gob.ar\/index.php?rest_route=\/wp\/v2\/posts\/11304","targetHints":{"allow":["GET"]}}],"collection":[{"href":"https:\/\/www.iaavim.gob.ar\/index.php?rest_route=\/wp\/v2\/posts"}],"about":[{"href":"https:\/\/www.iaavim.gob.ar\/index.php?rest_route=\/wp\/v2\/types\/post"}],"author":[{"embeddable":true,"href":"https:\/\/www.iaavim.gob.ar\/index.php?rest_route=\/wp\/v2\/users\/1"}],"replies":[{"embeddable":true,"href":"https:\/\/www.iaavim.gob.ar\/index.php?rest_route=%2Fwp%2Fv2%2Fcomments&post=11304"}],"version-history":[{"count":2,"href":"https:\/\/www.iaavim.gob.ar\/index.php?rest_route=\/wp\/v2\/posts\/11304\/revisions"}],"predecessor-version":[{"id":11309,"href":"https:\/\/www.iaavim.gob.ar\/index.php?rest_route=\/wp\/v2\/posts\/11304\/revisions\/11309"}],"wp:featuredmedia":[{"embeddable":true,"href":"https:\/\/www.iaavim.gob.ar\/index.php?rest_route=\/wp\/v2\/media\/11307"}],"wp:attachment":[{"href":"https:\/\/www.iaavim.gob.ar\/index.php?rest_route=%2Fwp%2Fv2%2Fmedia&parent=11304"}],"wp:term":[{"taxonomy":"category","embeddable":true,"href":"https:\/\/www.iaavim.gob.ar\/index.php?rest_route=%2Fwp%2Fv2%2Fcategories&post=11304"},{"taxonomy":"post_tag","embeddable":true,"href":"https:\/\/www.iaavim.gob.ar\/index.php?rest_route=%2Fwp%2Fv2%2Ftags&post=11304"}],"curies":[{"name":"wp","href":"https:\/\/api.w.org\/{rel}","templated":true}]}}